{"id":75334,"date":"2013-05-09T19:30:23","date_gmt":"2013-05-09T17:30:23","guid":{"rendered":"https:\/\/sandzakpress.net\/arhiva\/?p=75334"},"modified":"2013-05-09T19:31:49","modified_gmt":"2013-05-09T17:31:49","slug":"reisu-l-ulema-primio-ministra-davutoglua","status":"publish","type":"post","link":"https:\/\/sandzakpress.net\/arhiva\/reisu-l-ulema-primio-ministra-davutoglua\/","title":{"rendered":"Reisu-l-ulema primio ministra Davutoglua"},"content":{"rendered":"<p><strong><a href=\"https:\/\/sandzakpress.net\/arhiva\/wp-content\/uploads\/2013\/05\/400_Reis_Kavazovic_Davutoglu_08.05.13.e1.jpg\"><img loading=\"lazy\" decoding=\"async\" class=\"alignleft size-medium wp-image-75338\" title=\"400_Reis_Kavazovic_Davutoglu,_08.05.13.e\" src=\"https:\/\/sandzakpress.net\/arhiva\/wp-content\/uploads\/2013\/05\/400_Reis_Kavazovic_Davutoglu_08.05.13.e1-300x208.jpg\" alt=\"\" width=\"300\" height=\"208\" \/><\/a>BIH, Turska &#8211; Danas je ministar vanjskih poslova Republike Turske Ahmet Davutoglu posjetio je reisu-l-ulemu Husein ef. Kavazovi\u0107a u njegovom uredu. U srda\u010dnom i bratskom razgovoru ministar Davutoglu govorio je afirmativno o Bosni i Bo\u0161njacima i ulozi IZ-e u unapre\u0111enju sveukupnih prilika u dr\u017eavi. U tom smislu ministar Davutoglu je obe\u0107ao svaku pomo\u0107 Republike Turske IZ-i u BiH.<br \/>\n<\/strong><br \/>\nReisu-l-ulema Husein ef. Kavazovi\u0107 istakao je da Islamska zajednica prolazi kroz izazove zbog \u010dinjenice da se prostire na \u010detiri balkanske dr\u017eave ali da to istovremeno predstavlja priliku za ja\u010danje veza sa nemuslimanskim zajednicama na tlu Evrope.<\/p>\n<p>Dvojica sagovornika su se slo\u017eili da je od izuzetnog zna\u010daja mir i jedinstvo Islamske zajednice u BiH kao i dovr\u0161etak obnove infrastrukture Islamske zajednice na cijelom njenom podru\u010dju. U tom smislu, reisu-l-ulema Kavazovi\u0107 je obavijestio ministra Davutoglua da je Rijaset IZ u BiH ovu, 2013. godinu, proglasio\u00a0<em>Godinom Alad\u017ee d\u017eemije.<\/em> Ministar Davutoglu, izraziv\u0161i veliku radost za ovu vijest, obe\u0107ao je svaki vid podr\u0161ke za obnovu Alad\u017ea d\u017eamije i cjelokupnog njezinog naslije\u0111a.<\/p>\n<p>Reisu-l-ulema i Ministar su se dotakli stanja IZ-e u Sand\u017eaku. Iskazana je zajedni\u010dka briga i spremnost da se procesi u ovom dijelu IZ-e u BiH intenzivno prate te da \u0107e procese u stabiliziranju stanja voditi isklju\u010divo Rijaset IZ-e u BiH. Ministar Davutoglu je posebno podvukao da \u0107e Republika Turska i u ovom procesu pru\u017eiti svoju pomo\u0107.<\/p>\n<p>(Bosnjaci)<\/p>\n","protected":false},"excerpt":{"rendered":"<p>BIH, Turska &#8211; Danas je ministar vanjskih poslova Republike Turske Ahmet Davutoglu posjetio je reisu-l-ulemu Husein ef. Kavazovi\u0107a u njegovom uredu. U srda\u010dnom i bratskom razgovoru ministar Davutoglu govorio je afirmativno o Bosni i Bo\u0161njacima i ulozi IZ-e u unapre\u0111enju sveukupnih prilika u dr\u017eavi. U tom smislu ministar Davutoglu je obe\u0107ao svaku pomo\u0107 Republike Turske [&hellip;]<\/p>\n","protected":false},"author":16,"featured_media":75338,"comment_status":"open","ping_status":"open","sticky":false,"template":"","format":"standard","meta":{"footnotes":""},"categories":[2860,802,2692],"tags":[],"class_list":{"0":"post-75334","1":"post","2":"type-post","3":"status-publish","4":"format-standard","5":"has-post-thumbnail","7":"category-bosna-i-hercegovina-gradovi","8":"category-islamska_zajednica","9":"category-turska-gradovi"},"yoast_head":"<!-- This site is optimized with the Yoast SEO Premium plugin v23.1 (Yoast SEO v24.9) - https:\/\/yoast.com\/wordpress\/plugins\/seo\/ -->\n<title>Reisu-l-ulema primio ministra Davutoglua<\/title>\n<meta name=\"robots\" content=\"index, follow, max-snippet:-1, max-image-preview:large, max-video-preview:-1\" \/>\n<link rel=\"canonical\" href=\"https:\/\/sandzakpress.net\/arhiva\/reisu-l-ulema-primio-ministra-davutoglua\/\" \/>\n<meta property=\"og:locale\" content=\"bs_BA\" \/>\n<meta property=\"og:type\" content=\"article\" \/>\n<meta property=\"og:title\" content=\"Reisu-l-ulema primio ministra Davutoglua\" \/>\n<meta property=\"og:description\" content=\"BIH, Turska &#8211; Danas je ministar vanjskih poslova Republike Turske Ahmet Davutoglu posjetio je reisu-l-ulemu Husein ef. Kavazovi\u0107a u njegovom uredu. U srda\u010dnom i bratskom razgovoru ministar Davutoglu govorio je afirmativno o Bosni i Bo\u0161njacima i ulozi IZ-e u unapre\u0111enju sveukupnih prilika u dr\u017eavi. U tom smislu ministar Davutoglu je obe\u0107ao svaku pomo\u0107 Republike Turske [&hellip;]\" \/>\n<meta property=\"og:url\" content=\"https:\/\/sandzakpress.net\/arhiva\/reisu-l-ulema-primio-ministra-davutoglua\/\" \/>\n<meta property=\"og:site_name\" content=\"Sand\u017eak PRESS\" \/>\n<meta property=\"article:published_time\" content=\"2013-05-09T17:30:23+00:00\" \/>\n<meta property=\"article:modified_time\" content=\"2013-05-09T17:31:49+00:00\" \/>\n<meta property=\"og:image\" content=\"https:\/\/sandzakpress.net\/arhiva\/wp-content\/uploads\/2013\/05\/400_Reis_Kavazovic_Davutoglu_08.05.13.e1.jpg\" \/>\n\t<meta property=\"og:image:width\" content=\"400\" \/>\n\t<meta property=\"og:image:height\" content=\"278\" \/>\n\t<meta property=\"og:image:type\" content=\"image\/jpeg\" \/>\n<meta name=\"twitter:card\" content=\"summary_large_image\" \/>\n<meta name=\"twitter:label1\" content=\"Written by\" \/>\n\t<meta name=\"twitter:data1\" content=\"\" \/>\n\t<meta name=\"twitter:label2\" content=\"Est. reading time\" \/>\n\t<meta name=\"twitter:data2\" content=\"1 minuta\" \/>\n<script type=\"application\/ld+json\" class=\"yoast-schema-graph\">{\"@context\":\"https:\/\/schema.org\",\"@graph\":[{\"@type\":\"Article\",\"@id\":\"https:\/\/sandzakpress.net\/arhiva\/reisu-l-ulema-primio-ministra-davutoglua\/#article\",\"isPartOf\":{\"@id\":\"https:\/\/sandzakpress.net\/arhiva\/reisu-l-ulema-primio-ministra-davutoglua\/\"},\"author\":{\"name\":\"\",\"@id\":\"\"},\"headline\":\"Reisu-l-ulema primio ministra Davutoglua\",\"datePublished\":\"2013-05-09T17:30:23+00:00\",\"dateModified\":\"2013-05-09T17:31:49+00:00\",\"mainEntityOfPage\":{\"@id\":\"https:\/\/sandzakpress.net\/arhiva\/reisu-l-ulema-primio-ministra-davutoglua\/\"},\"wordCount\":249,\"commentCount\":2,\"publisher\":{\"@id\":\"https:\/\/sandzakpress.net\/arhiva\/#\/schema\/person\/6e72b67d6e51910a1117b3b483ba20bd\"},\"image\":{\"@id\":\"https:\/\/sandzakpress.net\/arhiva\/reisu-l-ulema-primio-ministra-davutoglua\/#primaryimage\"},\"thumbnailUrl\":\"https:\/\/sandzakpress.net\/arhiva\/wp-content\/uploads\/2013\/05\/400_Reis_Kavazovic_Davutoglu_08.05.13.e1.jpg\",\"articleSection\":[\"Bosna i Hercegovina\",\"Islamska zajednica\",\"Turska\"],\"inLanguage\":\"bs-BA\",\"potentialAction\":[{\"@type\":\"CommentAction\",\"name\":\"Comment\",\"target\":[\"https:\/\/sandzakpress.net\/arhiva\/reisu-l-ulema-primio-ministra-davutoglua\/#respond\"]}]},{\"@type\":\"WebPage\",\"@id\":\"https:\/\/sandzakpress.net\/arhiva\/reisu-l-ulema-primio-ministra-davutoglua\/\",\"url\":\"https:\/\/sandzakpress.net\/arhiva\/reisu-l-ulema-primio-ministra-davutoglua\/\",\"name\":\"Reisu-l-ulema primio ministra Davutoglua\",\"isPartOf\":{\"@id\":\"https:\/\/sandzakpress.net\/arhiva\/#website\"},\"primaryImageOfPage\":{\"@id\":\"https:\/\/sandzakpress.net\/arhiva\/reisu-l-ulema-primio-ministra-davutoglua\/#primaryimage\"},\"image\":{\"@id\":\"https:\/\/sandzakpress.net\/arhiva\/reisu-l-ulema-primio-ministra-davutoglua\/#primaryimage\"},\"thumbnailUrl\":\"https:\/\/sandzakpress.net\/arhiva\/wp-content\/uploads\/2013\/05\/400_Reis_Kavazovic_Davutoglu_08.05.13.e1.jpg\",\"datePublished\":\"2013-05-09T17:30:23+00:00\",\"dateModified\":\"2013-05-09T17:31:49+00:00\",\"breadcrumb\":{\"@id\":\"https:\/\/sandzakpress.net\/arhiva\/reisu-l-ulema-primio-ministra-davutoglua\/#breadcrumb\"},\"inLanguage\":\"bs-BA\",\"potentialAction\":[{\"@type\":\"ReadAction\",\"target\":[\"https:\/\/sandzakpress.net\/arhiva\/reisu-l-ulema-primio-ministra-davutoglua\/\"]}]},{\"@type\":\"ImageObject\",\"inLanguage\":\"bs-BA\",\"@id\":\"https:\/\/sandzakpress.net\/arhiva\/reisu-l-ulema-primio-ministra-davutoglua\/#primaryimage\",\"url\":\"https:\/\/sandzakpress.net\/arhiva\/wp-content\/uploads\/2013\/05\/400_Reis_Kavazovic_Davutoglu_08.05.13.e1.jpg\",\"contentUrl\":\"https:\/\/sandzakpress.net\/arhiva\/wp-content\/uploads\/2013\/05\/400_Reis_Kavazovic_Davutoglu_08.05.13.e1.jpg\",\"width\":400,\"height\":278},{\"@type\":\"BreadcrumbList\",\"@id\":\"https:\/\/sandzakpress.net\/arhiva\/reisu-l-ulema-primio-ministra-davutoglua\/#breadcrumb\",\"itemListElement\":[{\"@type\":\"ListItem\",\"position\":1,\"name\":\"Home\",\"item\":\"https:\/\/sandzakpress.net\/arhiva\/\"},{\"@type\":\"ListItem\",\"position\":2,\"name\":\"Reisu-l-ulema primio ministra Davutoglua\"}]},{\"@type\":\"WebSite\",\"@id\":\"https:\/\/sandzakpress.net\/arhiva\/#website\",\"url\":\"https:\/\/sandzakpress.net\/arhiva\/\",\"name\":\"Sand\u017eak PRESS\",\"description\":\"Prve elektronske novine u Sand\u017eaku\",\"publisher\":{\"@id\":\"https:\/\/sandzakpress.net\/arhiva\/#\/schema\/person\/6e72b67d6e51910a1117b3b483ba20bd\"},\"potentialAction\":[{\"@type\":\"SearchAction\",\"target\":{\"@type\":\"EntryPoint\",\"urlTemplate\":\"https:\/\/sandzakpress.net\/arhiva\/?s={search_term_string}\"},\"query-input\":{\"@type\":\"PropertyValueSpecification\",\"valueRequired\":true,\"valueName\":\"search_term_string\"}}],\"inLanguage\":\"bs-BA\"},{\"@type\":[\"Person\",\"Organization\"],\"@id\":\"https:\/\/sandzakpress.net\/arhiva\/#\/schema\/person\/6e72b67d6e51910a1117b3b483ba20bd\",\"name\":\"Kul\",\"image\":{\"@type\":\"ImageObject\",\"inLanguage\":\"bs-BA\",\"@id\":\"https:\/\/sandzakpress.net\/arhiva\/#\/schema\/person\/image\/\",\"url\":\"https:\/\/secure.gravatar.com\/avatar\/42263f39aa27ac04c43cab85c280eb2e?s=96&d=mm&r=pg\",\"contentUrl\":\"https:\/\/secure.gravatar.com\/avatar\/42263f39aa27ac04c43cab85c280eb2e?s=96&d=mm&r=pg\",\"caption\":\"Kul\"},\"logo\":{\"@id\":\"https:\/\/sandzakpress.net\/arhiva\/#\/schema\/person\/image\/\"}},{\"@type\":\"Person\",\"@id\":\"\",\"url\":\"https:\/\/sandzakpress.net\/arhiva\/author\/\"}]}<\/script>\n<!-- \/ Yoast SEO Premium plugin. -->","yoast_head_json":{"title":"Reisu-l-ulema primio ministra Davutoglua","robots":{"index":"index","follow":"follow","max-snippet":"max-snippet:-1","max-image-preview":"max-image-preview:large","max-video-preview":"max-video-preview:-1"},"canonical":"https:\/\/sandzakpress.net\/arhiva\/reisu-l-ulema-primio-ministra-davutoglua\/","og_locale":"bs_BA","og_type":"article","og_title":"Reisu-l-ulema primio ministra Davutoglua","og_description":"BIH, Turska &#8211; Danas je ministar vanjskih poslova Republike Turske Ahmet Davutoglu posjetio je reisu-l-ulemu Husein ef. Kavazovi\u0107a u njegovom uredu. U srda\u010dnom i bratskom razgovoru ministar Davutoglu govorio je afirmativno o Bosni i Bo\u0161njacima i ulozi IZ-e u unapre\u0111enju sveukupnih prilika u dr\u017eavi. U tom smislu ministar Davutoglu je obe\u0107ao svaku pomo\u0107 Republike Turske [&hellip;]","og_url":"https:\/\/sandzakpress.net\/arhiva\/reisu-l-ulema-primio-ministra-davutoglua\/","og_site_name":"Sand\u017eak PRESS","article_published_time":"2013-05-09T17:30:23+00:00","article_modified_time":"2013-05-09T17:31:49+00:00","og_image":[{"width":400,"height":278,"url":"https:\/\/sandzakpress.net\/arhiva\/wp-content\/uploads\/2013\/05\/400_Reis_Kavazovic_Davutoglu_08.05.13.e1.jpg","type":"image\/jpeg"}],"twitter_card":"summary_large_image","twitter_misc":{"Written by":"","Est. reading time":"1 minuta"},"schema":{"@context":"https:\/\/schema.org","@graph":[{"@type":"Article","@id":"https:\/\/sandzakpress.net\/arhiva\/reisu-l-ulema-primio-ministra-davutoglua\/#article","isPartOf":{"@id":"https:\/\/sandzakpress.net\/arhiva\/reisu-l-ulema-primio-ministra-davutoglua\/"},"author":{"name":"","@id":""},"headline":"Reisu-l-ulema primio ministra Davutoglua","datePublished":"2013-05-09T17:30:23+00:00","dateModified":"2013-05-09T17:31:49+00:00","mainEntityOfPage":{"@id":"https:\/\/sandzakpress.net\/arhiva\/reisu-l-ulema-primio-ministra-davutoglua\/"},"wordCount":249,"commentCount":2,"publisher":{"@id":"https:\/\/sandzakpress.net\/arhiva\/#\/schema\/person\/6e72b67d6e51910a1117b3b483ba20bd"},"image":{"@id":"https:\/\/sandzakpress.net\/arhiva\/reisu-l-ulema-primio-ministra-davutoglua\/#primaryimage"},"thumbnailUrl":"https:\/\/sandzakpress.net\/arhiva\/wp-content\/uploads\/2013\/05\/400_Reis_Kavazovic_Davutoglu_08.05.13.e1.jpg","articleSection":["Bosna i Hercegovina","Islamska zajednica","Turska"],"inLanguage":"bs-BA","potentialAction":[{"@type":"CommentAction","name":"Comment","target":["https:\/\/sandzakpress.net\/arhiva\/reisu-l-ulema-primio-ministra-davutoglua\/#respond"]}]},{"@type":"WebPage","@id":"https:\/\/sandzakpress.net\/arhiva\/reisu-l-ulema-primio-ministra-davutoglua\/","url":"https:\/\/sandzakpress.net\/arhiva\/reisu-l-ulema-primio-ministra-davutoglua\/","name":"Reisu-l-ulema primio ministra Davutoglua","isPartOf":{"@id":"https:\/\/sandzakpress.net\/arhiva\/#website"},"primaryImageOfPage":{"@id":"https:\/\/sandzakpress.net\/arhiva\/reisu-l-ulema-primio-ministra-davutoglua\/#primaryimage"},"image":{"@id":"https:\/\/sandzakpress.net\/arhiva\/reisu-l-ulema-primio-ministra-davutoglua\/#primaryimage"},"thumbnailUrl":"https:\/\/sandzakpress.net\/arhiva\/wp-content\/uploads\/2013\/05\/400_Reis_Kavazovic_Davutoglu_08.05.13.e1.jpg","datePublished":"2013-05-09T17:30:23+00:00","dateModified":"2013-05-09T17:31:49+00:00","breadcrumb":{"@id":"https:\/\/sandzakpress.net\/arhiva\/reisu-l-ulema-primio-ministra-davutoglua\/#breadcrumb"},"inLanguage":"bs-BA","potentialAction":[{"@type":"ReadAction","target":["https:\/\/sandzakpress.net\/arhiva\/reisu-l-ulema-primio-ministra-davutoglua\/"]}]},{"@type":"ImageObject","inLanguage":"bs-BA","@id":"https:\/\/sandzakpress.net\/arhiva\/reisu-l-ulema-primio-ministra-davutoglua\/#primaryimage","url":"https:\/\/sandzakpress.net\/arhiva\/wp-content\/uploads\/2013\/05\/400_Reis_Kavazovic_Davutoglu_08.05.13.e1.jpg","contentUrl":"https:\/\/sandzakpress.net\/arhiva\/wp-content\/uploads\/2013\/05\/400_Reis_Kavazovic_Davutoglu_08.05.13.e1.jpg","width":400,"height":278},{"@type":"BreadcrumbList","@id":"https:\/\/sandzakpress.net\/arhiva\/reisu-l-ulema-primio-ministra-davutoglua\/#breadcrumb","itemListElement":[{"@type":"ListItem","position":1,"name":"Home","item":"https:\/\/sandzakpress.net\/arhiva\/"},{"@type":"ListItem","position":2,"name":"Reisu-l-ulema primio ministra Davutoglua"}]},{"@type":"WebSite","@id":"https:\/\/sandzakpress.net\/arhiva\/#website","url":"https:\/\/sandzakpress.net\/arhiva\/","name":"Sand\u017eak PRESS","description":"Prve elektronske novine u Sand\u017eaku","publisher":{"@id":"https:\/\/sandzakpress.net\/arhiva\/#\/schema\/person\/6e72b67d6e51910a1117b3b483ba20bd"},"potentialAction":[{"@type":"SearchAction","target":{"@type":"EntryPoint","urlTemplate":"https:\/\/sandzakpress.net\/arhiva\/?s={search_term_string}"},"query-input":{"@type":"PropertyValueSpecification","valueRequired":true,"valueName":"search_term_string"}}],"inLanguage":"bs-BA"},{"@type":["Person","Organization"],"@id":"https:\/\/sandzakpress.net\/arhiva\/#\/schema\/person\/6e72b67d6e51910a1117b3b483ba20bd","name":"Kul","image":{"@type":"ImageObject","inLanguage":"bs-BA","@id":"https:\/\/sandzakpress.net\/arhiva\/#\/schema\/person\/image\/","url":"https:\/\/secure.gravatar.com\/avatar\/42263f39aa27ac04c43cab85c280eb2e?s=96&d=mm&r=pg","contentUrl":"https:\/\/secure.gravatar.com\/avatar\/42263f39aa27ac04c43cab85c280eb2e?s=96&d=mm&r=pg","caption":"Kul"},"logo":{"@id":"https:\/\/sandzakpress.net\/arhiva\/#\/schema\/person\/image\/"}},{"@type":"Person","@id":"","url":"https:\/\/sandzakpress.net\/arhiva\/author\/"}]}},"_links":{"self":[{"href":"https:\/\/sandzakpress.net\/arhiva\/wp-json\/wp\/v2\/posts\/75334"}],"collection":[{"href":"https:\/\/sandzakpress.net\/arhiva\/wp-json\/wp\/v2\/posts"}],"about":[{"href":"https:\/\/sandzakpress.net\/arhiva\/wp-json\/wp\/v2\/types\/post"}],"author":[{"embeddable":true,"href":"https:\/\/sandzakpress.net\/arhiva\/wp-json\/wp\/v2\/users\/16"}],"replies":[{"embeddable":true,"href":"https:\/\/sandzakpress.net\/arhiva\/wp-json\/wp\/v2\/comments?post=75334"}],"version-history":[{"count":0,"href":"https:\/\/sandzakpress.net\/arhiva\/wp-json\/wp\/v2\/posts\/75334\/revisions"}],"wp:featuredmedia":[{"embeddable":true,"href":"https:\/\/sandzakpress.net\/arhiva\/wp-json\/wp\/v2\/media\/75338"}],"wp:attachment":[{"href":"https:\/\/sandzakpress.net\/arhiva\/wp-json\/wp\/v2\/media?parent=75334"}],"wp:term":[{"taxonomy":"category","embeddable":true,"href":"https:\/\/sandzakpress.net\/arhiva\/wp-json\/wp\/v2\/categories?post=75334"},{"taxonomy":"post_tag","embeddable":true,"href":"https:\/\/sandzakpress.net\/arhiva\/wp-json\/wp\/v2\/tags?post=75334"}],"curies":[{"name":"wp","href":"https:\/\/api.w.org\/{rel}","templated":true}]}}