{"id":75319,"date":"2013-05-09T19:21:58","date_gmt":"2013-05-09T17:21:58","guid":{"rendered":"https:\/\/sandzakpress.net\/arhiva\/?p=75319"},"modified":"2013-05-09T19:21:58","modified_gmt":"2013-05-09T17:21:58","slug":"opstina-petnjica-%e2%80%93-stanje-i-perspektive-razvoja","status":"publish","type":"post","link":"https:\/\/sandzakpress.net\/arhiva\/opstina-petnjica-%e2%80%93-stanje-i-perspektive-razvoja\/","title":{"rendered":"Op\u0161tina Petnjica \u2013 stanje i perspektive razvoja"},"content":{"rendered":"<div>\n<div>\n<div>\n<div>\n<p><strong><a href=\"https:\/\/sandzakpress.net\/arhiva\/wp-content\/uploads\/2013\/05\/petnica-panorama_sa_minare.jpg\"><img loading=\"lazy\" decoding=\"async\" class=\"alignleft size-medium wp-image-75320\" title=\"petnica-panorama_sa_minare\" src=\"https:\/\/sandzakpress.net\/arhiva\/wp-content\/uploads\/2013\/05\/petnica-panorama_sa_minare-300x223.jpg\" alt=\"\" width=\"300\" height=\"223\" \/><\/a>Plav, Berane &#8211; Centar \u00a0za seoski razvoj &#8211; Petnjica, u saradnji sa Forumom Bo\u0161njaka Crne Gore i Odborom za vra\u0107anje statusa op\u0161tine Podru\u010dju Petnjice kod Berana, povodom \u00a0zavr\u0161nih aktivnosti na vra\u0107anju statusa op\u0161tine ovom podru\u010dju, organizuje raspravu na temu: \u201eOp\u0161tina Petnjica \u2013 stanje i perspektive razvoja\u201c.<\/strong><\/p>\n<\/div>\n<\/div>\n<\/div>\n<\/div>\n<div>\n<div id=\"quicktabs-clanak_komentari_multimedija_tab\">\n<div id=\"quicktabs-container-clanak_komentari_multimedija_tab\">\n<div id=\"quicktabs-tabpage-clanak_komentari_multimedija_tab-0\">\n<div>\n<p>Skup \u0107e se odr\u017eati u petak, 10. maja 2013.godine u Petnjici u sali mjesnog Doma kulture sa po\u010detkom u 10 \u010dasova.<\/p>\n<p>Cilj rasprave je \u00a0definisanje strate\u0161kih pravaca razvoja ovog podru\u010dja na bazi raspolo\u017eivih resursa.<\/p>\n<p>U\u010desnici rasprave, kako je predvi\u0111eno, bi\u0107e eminentni stru\u010dnjaci iz oblasti planiranja razvoja, \u00a0biznismeni i javni poslenici porijeklom sa ovog podru\u010dja, kao i predstavnici odgovaraju\u0107ih dr\u017eavnih organa i institucija.<\/p>\n<p>(CDM)<\/p>\n<\/div>\n<\/div>\n<\/div>\n<\/div>\n<\/div>\n","protected":false},"excerpt":{"rendered":"<p>Plav, Berane &#8211; Centar \u00a0za seoski razvoj &#8211; Petnjica, u saradnji sa Forumom Bo\u0161njaka Crne Gore i Odborom za vra\u0107anje statusa op\u0161tine Podru\u010dju Petnjice kod Berana, povodom \u00a0zavr\u0161nih aktivnosti na vra\u0107anju statusa op\u0161tine ovom podru\u010dju, organizuje raspravu na temu: \u201eOp\u0161tina Petnjica \u2013 stanje i perspektive razvoja\u201c. Skup \u0107e se odr\u017eati u petak, 10. maja 2013.godine [&hellip;]<\/p>\n","protected":false},"author":16,"featured_media":75320,"comment_status":"open","ping_status":"open","sticky":false,"template":"","format":"standard","meta":{"footnotes":""},"categories":[397,3,399],"tags":[],"class_list":{"0":"post-75319","1":"post","2":"type-post","3":"status-publish","4":"format-standard","5":"has-post-thumbnail","7":"category-berane","8":"category-privreda","9":"category-plav_"},"yoast_head":"<!-- This site is optimized with the Yoast SEO Premium plugin v23.1 (Yoast SEO v24.9) - https:\/\/yoast.com\/wordpress\/plugins\/seo\/ -->\n<title>Op\u0161tina Petnjica \u2013 stanje i perspektive razvoja<\/title>\n<meta name=\"robots\" content=\"index, follow, max-snippet:-1, max-image-preview:large, max-video-preview:-1\" \/>\n<link rel=\"canonical\" href=\"https:\/\/sandzakpress.net\/arhiva\/opstina-petnjica-\u2013-stanje-i-perspektive-razvoja\/\" \/>\n<meta property=\"og:locale\" content=\"bs_BA\" \/>\n<meta property=\"og:type\" content=\"article\" \/>\n<meta property=\"og:title\" content=\"Op\u0161tina Petnjica \u2013 stanje i perspektive razvoja\" \/>\n<meta property=\"og:description\" content=\"Plav, Berane &#8211; Centar \u00a0za seoski razvoj &#8211; Petnjica, u saradnji sa Forumom Bo\u0161njaka Crne Gore i Odborom za vra\u0107anje statusa op\u0161tine Podru\u010dju Petnjice kod Berana, povodom \u00a0zavr\u0161nih aktivnosti na vra\u0107anju statusa op\u0161tine ovom podru\u010dju, organizuje raspravu na temu: \u201eOp\u0161tina Petnjica \u2013 stanje i perspektive razvoja\u201c. Skup \u0107e se odr\u017eati u petak, 10. maja 2013.godine [&hellip;]\" \/>\n<meta property=\"og:url\" content=\"https:\/\/sandzakpress.net\/arhiva\/opstina-petnjica-\u2013-stanje-i-perspektive-razvoja\/\" \/>\n<meta property=\"og:site_name\" content=\"Sand\u017eak PRESS\" \/>\n<meta property=\"article:published_time\" content=\"2013-05-09T17:21:58+00:00\" \/>\n<meta property=\"og:image\" content=\"https:\/\/sandzakpress.net\/arhiva\/wp-content\/uploads\/2013\/05\/petnica-panorama_sa_minare.jpg\" \/>\n\t<meta property=\"og:image:width\" content=\"362\" \/>\n\t<meta property=\"og:image:height\" content=\"270\" \/>\n\t<meta property=\"og:image:type\" content=\"image\/jpeg\" \/>\n<meta name=\"twitter:card\" content=\"summary_large_image\" \/>\n<meta name=\"twitter:label1\" content=\"Written by\" \/>\n\t<meta name=\"twitter:data1\" content=\"\" \/>\n\t<meta name=\"twitter:label2\" content=\"Est. reading time\" \/>\n\t<meta name=\"twitter:data2\" content=\"1 minuta\" \/>\n<script type=\"application\/ld+json\" class=\"yoast-schema-graph\">{\"@context\":\"https:\/\/schema.org\",\"@graph\":[{\"@type\":\"Article\",\"@id\":\"https:\/\/sandzakpress.net\/arhiva\/opstina-petnjica-%e2%80%93-stanje-i-perspektive-razvoja\/#article\",\"isPartOf\":{\"@id\":\"https:\/\/sandzakpress.net\/arhiva\/opstina-petnjica-%e2%80%93-stanje-i-perspektive-razvoja\/\"},\"author\":{\"name\":\"\",\"@id\":\"\"},\"headline\":\"Op\u0161tina Petnjica \u2013 stanje i perspektive razvoja\",\"datePublished\":\"2013-05-09T17:21:58+00:00\",\"mainEntityOfPage\":{\"@id\":\"https:\/\/sandzakpress.net\/arhiva\/opstina-petnjica-%e2%80%93-stanje-i-perspektive-razvoja\/\"},\"wordCount\":134,\"commentCount\":1,\"publisher\":{\"@id\":\"https:\/\/sandzakpress.net\/arhiva\/#\/schema\/person\/6e72b67d6e51910a1117b3b483ba20bd\"},\"image\":{\"@id\":\"https:\/\/sandzakpress.net\/arhiva\/opstina-petnjica-%e2%80%93-stanje-i-perspektive-razvoja\/#primaryimage\"},\"thumbnailUrl\":\"https:\/\/sandzakpress.net\/arhiva\/wp-content\/uploads\/2013\/05\/petnica-panorama_sa_minare.jpg\",\"articleSection\":[\"Berane\",\"Privreda\",\"Plav\"],\"inLanguage\":\"bs-BA\",\"potentialAction\":[{\"@type\":\"CommentAction\",\"name\":\"Comment\",\"target\":[\"https:\/\/sandzakpress.net\/arhiva\/opstina-petnjica-%e2%80%93-stanje-i-perspektive-razvoja\/#respond\"]}]},{\"@type\":\"WebPage\",\"@id\":\"https:\/\/sandzakpress.net\/arhiva\/opstina-petnjica-%e2%80%93-stanje-i-perspektive-razvoja\/\",\"url\":\"https:\/\/sandzakpress.net\/arhiva\/opstina-petnjica-%e2%80%93-stanje-i-perspektive-razvoja\/\",\"name\":\"Op\u0161tina Petnjica \u2013 stanje i perspektive razvoja\",\"isPartOf\":{\"@id\":\"https:\/\/sandzakpress.net\/arhiva\/#website\"},\"primaryImageOfPage\":{\"@id\":\"https:\/\/sandzakpress.net\/arhiva\/opstina-petnjica-%e2%80%93-stanje-i-perspektive-razvoja\/#primaryimage\"},\"image\":{\"@id\":\"https:\/\/sandzakpress.net\/arhiva\/opstina-petnjica-%e2%80%93-stanje-i-perspektive-razvoja\/#primaryimage\"},\"thumbnailUrl\":\"https:\/\/sandzakpress.net\/arhiva\/wp-content\/uploads\/2013\/05\/petnica-panorama_sa_minare.jpg\",\"datePublished\":\"2013-05-09T17:21:58+00:00\",\"breadcrumb\":{\"@id\":\"https:\/\/sandzakpress.net\/arhiva\/opstina-petnjica-%e2%80%93-stanje-i-perspektive-razvoja\/#breadcrumb\"},\"inLanguage\":\"bs-BA\",\"potentialAction\":[{\"@type\":\"ReadAction\",\"target\":[\"https:\/\/sandzakpress.net\/arhiva\/opstina-petnjica-%e2%80%93-stanje-i-perspektive-razvoja\/\"]}]},{\"@type\":\"ImageObject\",\"inLanguage\":\"bs-BA\",\"@id\":\"https:\/\/sandzakpress.net\/arhiva\/opstina-petnjica-%e2%80%93-stanje-i-perspektive-razvoja\/#primaryimage\",\"url\":\"https:\/\/sandzakpress.net\/arhiva\/wp-content\/uploads\/2013\/05\/petnica-panorama_sa_minare.jpg\",\"contentUrl\":\"https:\/\/sandzakpress.net\/arhiva\/wp-content\/uploads\/2013\/05\/petnica-panorama_sa_minare.jpg\",\"width\":362,\"height\":270},{\"@type\":\"BreadcrumbList\",\"@id\":\"https:\/\/sandzakpress.net\/arhiva\/opstina-petnjica-%e2%80%93-stanje-i-perspektive-razvoja\/#breadcrumb\",\"itemListElement\":[{\"@type\":\"ListItem\",\"position\":1,\"name\":\"Home\",\"item\":\"https:\/\/sandzakpress.net\/arhiva\/\"},{\"@type\":\"ListItem\",\"position\":2,\"name\":\"Op\u0161tina Petnjica \u2013 stanje i perspektive razvoja\"}]},{\"@type\":\"WebSite\",\"@id\":\"https:\/\/sandzakpress.net\/arhiva\/#website\",\"url\":\"https:\/\/sandzakpress.net\/arhiva\/\",\"name\":\"Sand\u017eak PRESS\",\"description\":\"Prve elektronske novine u Sand\u017eaku\",\"publisher\":{\"@id\":\"https:\/\/sandzakpress.net\/arhiva\/#\/schema\/person\/6e72b67d6e51910a1117b3b483ba20bd\"},\"potentialAction\":[{\"@type\":\"SearchAction\",\"target\":{\"@type\":\"EntryPoint\",\"urlTemplate\":\"https:\/\/sandzakpress.net\/arhiva\/?s={search_term_string}\"},\"query-input\":{\"@type\":\"PropertyValueSpecification\",\"valueRequired\":true,\"valueName\":\"search_term_string\"}}],\"inLanguage\":\"bs-BA\"},{\"@type\":[\"Person\",\"Organization\"],\"@id\":\"https:\/\/sandzakpress.net\/arhiva\/#\/schema\/person\/6e72b67d6e51910a1117b3b483ba20bd\",\"name\":\"Kul\",\"image\":{\"@type\":\"ImageObject\",\"inLanguage\":\"bs-BA\",\"@id\":\"https:\/\/sandzakpress.net\/arhiva\/#\/schema\/person\/image\/\",\"url\":\"https:\/\/secure.gravatar.com\/avatar\/42263f39aa27ac04c43cab85c280eb2e?s=96&d=mm&r=pg\",\"contentUrl\":\"https:\/\/secure.gravatar.com\/avatar\/42263f39aa27ac04c43cab85c280eb2e?s=96&d=mm&r=pg\",\"caption\":\"Kul\"},\"logo\":{\"@id\":\"https:\/\/sandzakpress.net\/arhiva\/#\/schema\/person\/image\/\"}},{\"@type\":\"Person\",\"@id\":\"\",\"url\":\"https:\/\/sandzakpress.net\/arhiva\/author\/\"}]}<\/script>\n<!-- \/ Yoast SEO Premium plugin. -->","yoast_head_json":{"title":"Op\u0161tina Petnjica \u2013 stanje i perspektive razvoja","robots":{"index":"index","follow":"follow","max-snippet":"max-snippet:-1","max-image-preview":"max-image-preview:large","max-video-preview":"max-video-preview:-1"},"canonical":"https:\/\/sandzakpress.net\/arhiva\/opstina-petnjica-\u2013-stanje-i-perspektive-razvoja\/","og_locale":"bs_BA","og_type":"article","og_title":"Op\u0161tina Petnjica \u2013 stanje i perspektive razvoja","og_description":"Plav, Berane &#8211; Centar \u00a0za seoski razvoj &#8211; Petnjica, u saradnji sa Forumom Bo\u0161njaka Crne Gore i Odborom za vra\u0107anje statusa op\u0161tine Podru\u010dju Petnjice kod Berana, povodom \u00a0zavr\u0161nih aktivnosti na vra\u0107anju statusa op\u0161tine ovom podru\u010dju, organizuje raspravu na temu: \u201eOp\u0161tina Petnjica \u2013 stanje i perspektive razvoja\u201c. Skup \u0107e se odr\u017eati u petak, 10. maja 2013.godine [&hellip;]","og_url":"https:\/\/sandzakpress.net\/arhiva\/opstina-petnjica-\u2013-stanje-i-perspektive-razvoja\/","og_site_name":"Sand\u017eak PRESS","article_published_time":"2013-05-09T17:21:58+00:00","og_image":[{"width":362,"height":270,"url":"https:\/\/sandzakpress.net\/arhiva\/wp-content\/uploads\/2013\/05\/petnica-panorama_sa_minare.jpg","type":"image\/jpeg"}],"twitter_card":"summary_large_image","twitter_misc":{"Written by":"","Est. reading time":"1 minuta"},"schema":{"@context":"https:\/\/schema.org","@graph":[{"@type":"Article","@id":"https:\/\/sandzakpress.net\/arhiva\/opstina-petnjica-%e2%80%93-stanje-i-perspektive-razvoja\/#article","isPartOf":{"@id":"https:\/\/sandzakpress.net\/arhiva\/opstina-petnjica-%e2%80%93-stanje-i-perspektive-razvoja\/"},"author":{"name":"","@id":""},"headline":"Op\u0161tina Petnjica \u2013 stanje i perspektive razvoja","datePublished":"2013-05-09T17:21:58+00:00","mainEntityOfPage":{"@id":"https:\/\/sandzakpress.net\/arhiva\/opstina-petnjica-%e2%80%93-stanje-i-perspektive-razvoja\/"},"wordCount":134,"commentCount":1,"publisher":{"@id":"https:\/\/sandzakpress.net\/arhiva\/#\/schema\/person\/6e72b67d6e51910a1117b3b483ba20bd"},"image":{"@id":"https:\/\/sandzakpress.net\/arhiva\/opstina-petnjica-%e2%80%93-stanje-i-perspektive-razvoja\/#primaryimage"},"thumbnailUrl":"https:\/\/sandzakpress.net\/arhiva\/wp-content\/uploads\/2013\/05\/petnica-panorama_sa_minare.jpg","articleSection":["Berane","Privreda","Plav"],"inLanguage":"bs-BA","potentialAction":[{"@type":"CommentAction","name":"Comment","target":["https:\/\/sandzakpress.net\/arhiva\/opstina-petnjica-%e2%80%93-stanje-i-perspektive-razvoja\/#respond"]}]},{"@type":"WebPage","@id":"https:\/\/sandzakpress.net\/arhiva\/opstina-petnjica-%e2%80%93-stanje-i-perspektive-razvoja\/","url":"https:\/\/sandzakpress.net\/arhiva\/opstina-petnjica-%e2%80%93-stanje-i-perspektive-razvoja\/","name":"Op\u0161tina Petnjica \u2013 stanje i perspektive razvoja","isPartOf":{"@id":"https:\/\/sandzakpress.net\/arhiva\/#website"},"primaryImageOfPage":{"@id":"https:\/\/sandzakpress.net\/arhiva\/opstina-petnjica-%e2%80%93-stanje-i-perspektive-razvoja\/#primaryimage"},"image":{"@id":"https:\/\/sandzakpress.net\/arhiva\/opstina-petnjica-%e2%80%93-stanje-i-perspektive-razvoja\/#primaryimage"},"thumbnailUrl":"https:\/\/sandzakpress.net\/arhiva\/wp-content\/uploads\/2013\/05\/petnica-panorama_sa_minare.jpg","datePublished":"2013-05-09T17:21:58+00:00","breadcrumb":{"@id":"https:\/\/sandzakpress.net\/arhiva\/opstina-petnjica-%e2%80%93-stanje-i-perspektive-razvoja\/#breadcrumb"},"inLanguage":"bs-BA","potentialAction":[{"@type":"ReadAction","target":["https:\/\/sandzakpress.net\/arhiva\/opstina-petnjica-%e2%80%93-stanje-i-perspektive-razvoja\/"]}]},{"@type":"ImageObject","inLanguage":"bs-BA","@id":"https:\/\/sandzakpress.net\/arhiva\/opstina-petnjica-%e2%80%93-stanje-i-perspektive-razvoja\/#primaryimage","url":"https:\/\/sandzakpress.net\/arhiva\/wp-content\/uploads\/2013\/05\/petnica-panorama_sa_minare.jpg","contentUrl":"https:\/\/sandzakpress.net\/arhiva\/wp-content\/uploads\/2013\/05\/petnica-panorama_sa_minare.jpg","width":362,"height":270},{"@type":"BreadcrumbList","@id":"https:\/\/sandzakpress.net\/arhiva\/opstina-petnjica-%e2%80%93-stanje-i-perspektive-razvoja\/#breadcrumb","itemListElement":[{"@type":"ListItem","position":1,"name":"Home","item":"https:\/\/sandzakpress.net\/arhiva\/"},{"@type":"ListItem","position":2,"name":"Op\u0161tina Petnjica \u2013 stanje i perspektive razvoja"}]},{"@type":"WebSite","@id":"https:\/\/sandzakpress.net\/arhiva\/#website","url":"https:\/\/sandzakpress.net\/arhiva\/","name":"Sand\u017eak PRESS","description":"Prve elektronske novine u Sand\u017eaku","publisher":{"@id":"https:\/\/sandzakpress.net\/arhiva\/#\/schema\/person\/6e72b67d6e51910a1117b3b483ba20bd"},"potentialAction":[{"@type":"SearchAction","target":{"@type":"EntryPoint","urlTemplate":"https:\/\/sandzakpress.net\/arhiva\/?s={search_term_string}"},"query-input":{"@type":"PropertyValueSpecification","valueRequired":true,"valueName":"search_term_string"}}],"inLanguage":"bs-BA"},{"@type":["Person","Organization"],"@id":"https:\/\/sandzakpress.net\/arhiva\/#\/schema\/person\/6e72b67d6e51910a1117b3b483ba20bd","name":"Kul","image":{"@type":"ImageObject","inLanguage":"bs-BA","@id":"https:\/\/sandzakpress.net\/arhiva\/#\/schema\/person\/image\/","url":"https:\/\/secure.gravatar.com\/avatar\/42263f39aa27ac04c43cab85c280eb2e?s=96&d=mm&r=pg","contentUrl":"https:\/\/secure.gravatar.com\/avatar\/42263f39aa27ac04c43cab85c280eb2e?s=96&d=mm&r=pg","caption":"Kul"},"logo":{"@id":"https:\/\/sandzakpress.net\/arhiva\/#\/schema\/person\/image\/"}},{"@type":"Person","@id":"","url":"https:\/\/sandzakpress.net\/arhiva\/author\/"}]}},"_links":{"self":[{"href":"https:\/\/sandzakpress.net\/arhiva\/wp-json\/wp\/v2\/posts\/75319"}],"collection":[{"href":"https:\/\/sandzakpress.net\/arhiva\/wp-json\/wp\/v2\/posts"}],"about":[{"href":"https:\/\/sandzakpress.net\/arhiva\/wp-json\/wp\/v2\/types\/post"}],"author":[{"embeddable":true,"href":"https:\/\/sandzakpress.net\/arhiva\/wp-json\/wp\/v2\/users\/16"}],"replies":[{"embeddable":true,"href":"https:\/\/sandzakpress.net\/arhiva\/wp-json\/wp\/v2\/comments?post=75319"}],"version-history":[{"count":0,"href":"https:\/\/sandzakpress.net\/arhiva\/wp-json\/wp\/v2\/posts\/75319\/revisions"}],"wp:featuredmedia":[{"embeddable":true,"href":"https:\/\/sandzakpress.net\/arhiva\/wp-json\/wp\/v2\/media\/75320"}],"wp:attachment":[{"href":"https:\/\/sandzakpress.net\/arhiva\/wp-json\/wp\/v2\/media?parent=75319"}],"wp:term":[{"taxonomy":"category","embeddable":true,"href":"https:\/\/sandzakpress.net\/arhiva\/wp-json\/wp\/v2\/categories?post=75319"},{"taxonomy":"post_tag","embeddable":true,"href":"https:\/\/sandzakpress.net\/arhiva\/wp-json\/wp\/v2\/tags?post=75319"}],"curies":[{"name":"wp","href":"https:\/\/api.w.org\/{rel}","templated":true}]}}