{"id":7524,"date":"2010-09-04T07:33:02","date_gmt":"2010-09-04T07:33:02","guid":{"rendered":"https:\/\/sandzakpress.net\/arhiva\/?p=7524"},"modified":"2010-09-04T07:33:02","modified_gmt":"2010-09-04T07:33:02","slug":"zalagat-cemo-se-da-budemo-ravnoprvni-gradani-ove-zemlje","status":"publish","type":"post","link":"https:\/\/sandzakpress.net\/arhiva\/zalagat-cemo-se-da-budemo-ravnoprvni-gradani-ove-zemlje\/","title":{"rendered":"Zalagat \u0107emo se da budemo ravnoprvni gra\u0111ani ove zemlje"},"content":{"rendered":"<figure id=\"attachment_7525\" aria-describedby=\"caption-attachment-7525\" style=\"width: 300px\" class=\"wp-caption alignleft\"><a href=\"https:\/\/sandzakpress.net\/arhiva\/wp-content\/uploads\/2010\/09\/news_43045.jpg\"><img loading=\"lazy\" decoding=\"async\" class=\"size-medium wp-image-7525\" title=\"news_43045\" src=\"https:\/\/sandzakpress.net\/arhiva\/wp-content\/uploads\/2010\/09\/news_43045-300x225.jpg\" alt=\"\" width=\"300\" height=\"225\" \/><\/a><figcaption id=\"caption-attachment-7525\" class=\"wp-caption-text\">Emir Elfi\u0107, osniva\u010d tre\u0107a politi\u010dke opcije u Sand\u017eaku<\/figcaption><\/figure>\n<p><strong>Posle  Socijaldemokratske patrije Srbije Rasima Ljaji\u0107a i Stranke demokratske  akcije San\u017eaka Sulejmana Ugljanina, Bo\u0161njaci \u0107e dobiti jo\u0161 jednu  stranku.<\/strong><\/p>\n<p>U ekskluzivnom intervjuu za S media portal Emir Elfi\u0107 koji je prije dva dana dao neopozivu ostavku na mjesto pomo\u0107nika gradona\u010delnika Novog Pazara, izjavio je da \u0107e svu energiju usmjeriti na formiranje partije koja \u0107e raditi u interesu Bo\u0161njaka.<\/p>\n<p><strong>\u0160ta je podsticaj za formiranje niove partije?<\/strong><\/p>\n<p>\u0160to se ti\u010de potrebe formiranja nove stranke, jake tre\u0107e opcije, najbolje su pokazali izbori za Bo\u0161nja\u010dki nacionalni savjet, kada su se Bo\u0161njaci u potpunosti odredili da ne \u017eele da stanu iza politike gospodina\u00a0Sulejmana Ugljanina\u00a0i\u00a0Rasima Ljaji\u0107a. To pokazuje da su te dvije stranke postale sli\u010dne i zato\u00a0Bo\u0161njaci \u017eele svoju autenti\u010dnu bo\u0161nja\u010dku politiku\u00a0i svoje predstavnike koji \u0107e ih dostojanstveno predstavljati u Beogradu i u svijetu.<\/p>\n<p><strong>Glavni muftija Islamske zajednice u Srbiji Muamer Zukorli\u0107 je izjavio da \u0107e podr\u017eati stranke koje se bore za\u00a0interese Bo\u0161njaka. Koliko \u0107e vam njegova podr\u0161ka zna\u010diti? <\/strong><\/p>\n<p>&#8211; Svakako \u0107e nam\u00a0podr\u0161ka muftije Zukorli\u0107a\u00a0puno zna\u010diti jer se on istakao kao najuticajnija li\u010dnost u Sand\u017eaku. \u0160to se ti\u010de podr\u0161ke mi \u0107emo se svakako zalagati za sve subjekte koji imaju uticaj na javno mnijenje i uop\u0161te na bira\u010dko tijelo u\u00a0Sand\u017eaku. Ja sam ve\u0107 krenuo sa aktivnostima i one su u ovom trenutku usmjerene u komunikaciji sa ljudima, animiranjem potencijalnih ljudi koji bi trebali da u\u010destvuju u Inicijativnom odboru i u osnivanju organa same stranke. Odziv je odli\u010dan, komentari su pozitivni i sve ide u pozitivnom smjeru. Nacrt programa stranke je u izradi, kao i statut. Jo\u0161 vam ne mogu re\u0107i kako \u0107e se stranka zvati, jer je nekoliko imena u opticaju. \u0160to se ti\u010de daljih aktivnosti, samog inicijativnog odbora, i svih koraka koji se trebaju desiti zakonskim putem za osnivanje partije, obavijestit \u0107emo javnost na vrijeme.<br \/>\n<span style=\"text-decoration: underline;\"><br \/>\n<\/span><strong> Ako na sljede\u0107im izborima postanete parlamentarna stranka, \u0161ta je prvo \u0161to \u0107ete uraditi? <\/strong><\/p>\n<p>Zalagat \u0107emo se za interese Bo\u0161njaka. Ono \u0161to je u programskim na\u010delima na\u0161e stranke, je da \u017eelimo da budemo ravnopravni gra\u0111ani Srbije, i da se borimo protiv svih oblika diskriminacije vjerske, nacionalne i politi\u010dke.<\/p>\n<p>Izvor: <strong>SMedia.rs<\/strong><\/p>\n","protected":false},"excerpt":{"rendered":"<p>Posle Socijaldemokratske patrije Srbije Rasima Ljaji\u0107a i Stranke demokratske akcije San\u017eaka Sulejmana Ugljanina, Bo\u0161njaci \u0107e dobiti jo\u0161 jednu stranku. U ekskluzivnom intervjuu za S media portal Emir Elfi\u0107 koji je prije dva dana dao neopozivu ostavku na mjesto pomo\u0107nika gradona\u010delnika Novog Pazara, izjavio je da \u0107e svu energiju usmjeriti na formiranje partije koja \u0107e raditi [&hellip;]<\/p>\n","protected":false},"author":83,"featured_media":7525,"comment_status":"open","ping_status":"open","sticky":false,"template":"","format":"standard","meta":{"footnotes":""},"categories":[72,52,327,392,393,394],"tags":[],"class_list":{"0":"post-7524","1":"post","2":"type-post","3":"status-publish","4":"format-standard","5":"has-post-thumbnail","7":"category-novi-pazar","8":"category-sjenica","9":"category-tutin","10":"category-prijepolje_","11":"category-priboj","12":"category-nova-varos"},"yoast_head":"<!-- This site is optimized with the Yoast SEO Premium plugin v23.1 (Yoast SEO v24.9) - https:\/\/yoast.com\/wordpress\/plugins\/seo\/ -->\n<title>Zalagat \u0107emo se da budemo ravnoprvni gra\u0111ani ove zemlje<\/title>\n<meta name=\"robots\" content=\"index, follow, max-snippet:-1, max-image-preview:large, max-video-preview:-1\" \/>\n<link rel=\"canonical\" href=\"https:\/\/sandzakpress.net\/arhiva\/zalagat-cemo-se-da-budemo-ravnoprvni-gradani-ove-zemlje\/\" \/>\n<meta property=\"og:locale\" content=\"bs_BA\" \/>\n<meta property=\"og:type\" content=\"article\" \/>\n<meta property=\"og:title\" content=\"Zalagat \u0107emo se da budemo ravnoprvni gra\u0111ani ove zemlje\" \/>\n<meta property=\"og:description\" content=\"Posle Socijaldemokratske patrije Srbije Rasima Ljaji\u0107a i Stranke demokratske akcije San\u017eaka Sulejmana Ugljanina, Bo\u0161njaci \u0107e dobiti jo\u0161 jednu stranku. U ekskluzivnom intervjuu za S media portal Emir Elfi\u0107 koji je prije dva dana dao neopozivu ostavku na mjesto pomo\u0107nika gradona\u010delnika Novog Pazara, izjavio je da \u0107e svu energiju usmjeriti na formiranje partije koja \u0107e raditi [&hellip;]\" \/>\n<meta property=\"og:url\" content=\"https:\/\/sandzakpress.net\/arhiva\/zalagat-cemo-se-da-budemo-ravnoprvni-gradani-ove-zemlje\/\" \/>\n<meta property=\"og:site_name\" content=\"Sand\u017eak PRESS\" \/>\n<meta property=\"article:published_time\" content=\"2010-09-04T07:33:02+00:00\" \/>\n<meta property=\"og:image\" content=\"https:\/\/sandzakpress.net\/arhiva\/wp-content\/uploads\/2010\/09\/news_43045.jpg\" \/>\n\t<meta property=\"og:image:width\" content=\"400\" \/>\n\t<meta property=\"og:image:height\" content=\"300\" \/>\n\t<meta property=\"og:image:type\" content=\"image\/jpeg\" \/>\n<meta name=\"author\" content=\"bosniak\" \/>\n<meta name=\"twitter:card\" content=\"summary_large_image\" \/>\n<meta name=\"twitter:label1\" content=\"Written by\" \/>\n\t<meta name=\"twitter:data1\" content=\"bosniak\" \/>\n\t<meta name=\"twitter:label2\" content=\"Est. reading time\" \/>\n\t<meta name=\"twitter:data2\" content=\"2 minute\" \/>\n<script type=\"application\/ld+json\" class=\"yoast-schema-graph\">{\"@context\":\"https:\/\/schema.org\",\"@graph\":[{\"@type\":\"Article\",\"@id\":\"https:\/\/sandzakpress.net\/arhiva\/zalagat-cemo-se-da-budemo-ravnoprvni-gradani-ove-zemlje\/#article\",\"isPartOf\":{\"@id\":\"https:\/\/sandzakpress.net\/arhiva\/zalagat-cemo-se-da-budemo-ravnoprvni-gradani-ove-zemlje\/\"},\"author\":{\"name\":\"bosniak\",\"@id\":\"https:\/\/sandzakpress.net\/arhiva\/#\/schema\/person\/c8baee722073534b583ea7bdb2e36c02\"},\"headline\":\"Zalagat \u0107emo se da budemo ravnoprvni gra\u0111ani ove zemlje\",\"datePublished\":\"2010-09-04T07:33:02+00:00\",\"mainEntityOfPage\":{\"@id\":\"https:\/\/sandzakpress.net\/arhiva\/zalagat-cemo-se-da-budemo-ravnoprvni-gradani-ove-zemlje\/\"},\"wordCount\":418,\"commentCount\":3,\"publisher\":{\"@id\":\"https:\/\/sandzakpress.net\/arhiva\/#\/schema\/person\/6e72b67d6e51910a1117b3b483ba20bd\"},\"image\":{\"@id\":\"https:\/\/sandzakpress.net\/arhiva\/zalagat-cemo-se-da-budemo-ravnoprvni-gradani-ove-zemlje\/#primaryimage\"},\"thumbnailUrl\":\"https:\/\/sandzakpress.net\/arhiva\/wp-content\/uploads\/2010\/09\/news_43045.jpg\",\"articleSection\":[\"Novi Pazar\",\"Sjenica\",\"Tutin\",\"Prijepolje\",\"Priboj\",\"Nova Varo\u0161\"],\"inLanguage\":\"bs-BA\",\"potentialAction\":[{\"@type\":\"CommentAction\",\"name\":\"Comment\",\"target\":[\"https:\/\/sandzakpress.net\/arhiva\/zalagat-cemo-se-da-budemo-ravnoprvni-gradani-ove-zemlje\/#respond\"]}]},{\"@type\":\"WebPage\",\"@id\":\"https:\/\/sandzakpress.net\/arhiva\/zalagat-cemo-se-da-budemo-ravnoprvni-gradani-ove-zemlje\/\",\"url\":\"https:\/\/sandzakpress.net\/arhiva\/zalagat-cemo-se-da-budemo-ravnoprvni-gradani-ove-zemlje\/\",\"name\":\"Zalagat \u0107emo se da budemo ravnoprvni gra\u0111ani ove zemlje\",\"isPartOf\":{\"@id\":\"https:\/\/sandzakpress.net\/arhiva\/#website\"},\"primaryImageOfPage\":{\"@id\":\"https:\/\/sandzakpress.net\/arhiva\/zalagat-cemo-se-da-budemo-ravnoprvni-gradani-ove-zemlje\/#primaryimage\"},\"image\":{\"@id\":\"https:\/\/sandzakpress.net\/arhiva\/zalagat-cemo-se-da-budemo-ravnoprvni-gradani-ove-zemlje\/#primaryimage\"},\"thumbnailUrl\":\"https:\/\/sandzakpress.net\/arhiva\/wp-content\/uploads\/2010\/09\/news_43045.jpg\",\"datePublished\":\"2010-09-04T07:33:02+00:00\",\"breadcrumb\":{\"@id\":\"https:\/\/sandzakpress.net\/arhiva\/zalagat-cemo-se-da-budemo-ravnoprvni-gradani-ove-zemlje\/#breadcrumb\"},\"inLanguage\":\"bs-BA\",\"potentialAction\":[{\"@type\":\"ReadAction\",\"target\":[\"https:\/\/sandzakpress.net\/arhiva\/zalagat-cemo-se-da-budemo-ravnoprvni-gradani-ove-zemlje\/\"]}]},{\"@type\":\"ImageObject\",\"inLanguage\":\"bs-BA\",\"@id\":\"https:\/\/sandzakpress.net\/arhiva\/zalagat-cemo-se-da-budemo-ravnoprvni-gradani-ove-zemlje\/#primaryimage\",\"url\":\"https:\/\/sandzakpress.net\/arhiva\/wp-content\/uploads\/2010\/09\/news_43045.jpg\",\"contentUrl\":\"https:\/\/sandzakpress.net\/arhiva\/wp-content\/uploads\/2010\/09\/news_43045.jpg\",\"width\":400,\"height\":300},{\"@type\":\"BreadcrumbList\",\"@id\":\"https:\/\/sandzakpress.net\/arhiva\/zalagat-cemo-se-da-budemo-ravnoprvni-gradani-ove-zemlje\/#breadcrumb\",\"itemListElement\":[{\"@type\":\"ListItem\",\"position\":1,\"name\":\"Home\",\"item\":\"https:\/\/sandzakpress.net\/arhiva\/\"},{\"@type\":\"ListItem\",\"position\":2,\"name\":\"Zalagat \u0107emo se da budemo ravnoprvni gra\u0111ani ove zemlje\"}]},{\"@type\":\"WebSite\",\"@id\":\"https:\/\/sandzakpress.net\/arhiva\/#website\",\"url\":\"https:\/\/sandzakpress.net\/arhiva\/\",\"name\":\"Sand\u017eak PRESS\",\"description\":\"Prve elektronske novine u Sand\u017eaku\",\"publisher\":{\"@id\":\"https:\/\/sandzakpress.net\/arhiva\/#\/schema\/person\/6e72b67d6e51910a1117b3b483ba20bd\"},\"potentialAction\":[{\"@type\":\"SearchAction\",\"target\":{\"@type\":\"EntryPoint\",\"urlTemplate\":\"https:\/\/sandzakpress.net\/arhiva\/?s={search_term_string}\"},\"query-input\":{\"@type\":\"PropertyValueSpecification\",\"valueRequired\":true,\"valueName\":\"search_term_string\"}}],\"inLanguage\":\"bs-BA\"},{\"@type\":[\"Person\",\"Organization\"],\"@id\":\"https:\/\/sandzakpress.net\/arhiva\/#\/schema\/person\/6e72b67d6e51910a1117b3b483ba20bd\",\"name\":\"Kul\",\"image\":{\"@type\":\"ImageObject\",\"inLanguage\":\"bs-BA\",\"@id\":\"https:\/\/sandzakpress.net\/arhiva\/#\/schema\/person\/image\/\",\"url\":\"https:\/\/secure.gravatar.com\/avatar\/42263f39aa27ac04c43cab85c280eb2e?s=96&d=mm&r=pg\",\"contentUrl\":\"https:\/\/secure.gravatar.com\/avatar\/42263f39aa27ac04c43cab85c280eb2e?s=96&d=mm&r=pg\",\"caption\":\"Kul\"},\"logo\":{\"@id\":\"https:\/\/sandzakpress.net\/arhiva\/#\/schema\/person\/image\/\"}},{\"@type\":\"Person\",\"@id\":\"https:\/\/sandzakpress.net\/arhiva\/#\/schema\/person\/c8baee722073534b583ea7bdb2e36c02\",\"name\":\"bosniak\",\"image\":{\"@type\":\"ImageObject\",\"inLanguage\":\"bs-BA\",\"@id\":\"https:\/\/sandzakpress.net\/arhiva\/#\/schema\/person\/image\/\",\"url\":\"https:\/\/secure.gravatar.com\/avatar\/a04fd330bfe3a36a72a0ad4a6d89fca7?s=96&d=mm&r=pg\",\"contentUrl\":\"https:\/\/secure.gravatar.com\/avatar\/a04fd330bfe3a36a72a0ad4a6d89fca7?s=96&d=mm&r=pg\",\"caption\":\"bosniak\"},\"url\":\"https:\/\/sandzakpress.net\/arhiva\/author\/bosniak\/\"}]}<\/script>\n<!-- \/ Yoast SEO Premium plugin. -->","yoast_head_json":{"title":"Zalagat \u0107emo se da budemo ravnoprvni gra\u0111ani ove zemlje","robots":{"index":"index","follow":"follow","max-snippet":"max-snippet:-1","max-image-preview":"max-image-preview:large","max-video-preview":"max-video-preview:-1"},"canonical":"https:\/\/sandzakpress.net\/arhiva\/zalagat-cemo-se-da-budemo-ravnoprvni-gradani-ove-zemlje\/","og_locale":"bs_BA","og_type":"article","og_title":"Zalagat \u0107emo se da budemo ravnoprvni gra\u0111ani ove zemlje","og_description":"Posle Socijaldemokratske patrije Srbije Rasima Ljaji\u0107a i Stranke demokratske akcije San\u017eaka Sulejmana Ugljanina, Bo\u0161njaci \u0107e dobiti jo\u0161 jednu stranku. U ekskluzivnom intervjuu za S media portal Emir Elfi\u0107 koji je prije dva dana dao neopozivu ostavku na mjesto pomo\u0107nika gradona\u010delnika Novog Pazara, izjavio je da \u0107e svu energiju usmjeriti na formiranje partije koja \u0107e raditi [&hellip;]","og_url":"https:\/\/sandzakpress.net\/arhiva\/zalagat-cemo-se-da-budemo-ravnoprvni-gradani-ove-zemlje\/","og_site_name":"Sand\u017eak PRESS","article_published_time":"2010-09-04T07:33:02+00:00","og_image":[{"width":400,"height":300,"url":"https:\/\/sandzakpress.net\/arhiva\/wp-content\/uploads\/2010\/09\/news_43045.jpg","type":"image\/jpeg"}],"author":"bosniak","twitter_card":"summary_large_image","twitter_misc":{"Written by":"bosniak","Est. reading time":"2 minute"},"schema":{"@context":"https:\/\/schema.org","@graph":[{"@type":"Article","@id":"https:\/\/sandzakpress.net\/arhiva\/zalagat-cemo-se-da-budemo-ravnoprvni-gradani-ove-zemlje\/#article","isPartOf":{"@id":"https:\/\/sandzakpress.net\/arhiva\/zalagat-cemo-se-da-budemo-ravnoprvni-gradani-ove-zemlje\/"},"author":{"name":"bosniak","@id":"https:\/\/sandzakpress.net\/arhiva\/#\/schema\/person\/c8baee722073534b583ea7bdb2e36c02"},"headline":"Zalagat \u0107emo se da budemo ravnoprvni gra\u0111ani ove zemlje","datePublished":"2010-09-04T07:33:02+00:00","mainEntityOfPage":{"@id":"https:\/\/sandzakpress.net\/arhiva\/zalagat-cemo-se-da-budemo-ravnoprvni-gradani-ove-zemlje\/"},"wordCount":418,"commentCount":3,"publisher":{"@id":"https:\/\/sandzakpress.net\/arhiva\/#\/schema\/person\/6e72b67d6e51910a1117b3b483ba20bd"},"image":{"@id":"https:\/\/sandzakpress.net\/arhiva\/zalagat-cemo-se-da-budemo-ravnoprvni-gradani-ove-zemlje\/#primaryimage"},"thumbnailUrl":"https:\/\/sandzakpress.net\/arhiva\/wp-content\/uploads\/2010\/09\/news_43045.jpg","articleSection":["Novi Pazar","Sjenica","Tutin","Prijepolje","Priboj","Nova Varo\u0161"],"inLanguage":"bs-BA","potentialAction":[{"@type":"CommentAction","name":"Comment","target":["https:\/\/sandzakpress.net\/arhiva\/zalagat-cemo-se-da-budemo-ravnoprvni-gradani-ove-zemlje\/#respond"]}]},{"@type":"WebPage","@id":"https:\/\/sandzakpress.net\/arhiva\/zalagat-cemo-se-da-budemo-ravnoprvni-gradani-ove-zemlje\/","url":"https:\/\/sandzakpress.net\/arhiva\/zalagat-cemo-se-da-budemo-ravnoprvni-gradani-ove-zemlje\/","name":"Zalagat \u0107emo se da budemo ravnoprvni gra\u0111ani ove zemlje","isPartOf":{"@id":"https:\/\/sandzakpress.net\/arhiva\/#website"},"primaryImageOfPage":{"@id":"https:\/\/sandzakpress.net\/arhiva\/zalagat-cemo-se-da-budemo-ravnoprvni-gradani-ove-zemlje\/#primaryimage"},"image":{"@id":"https:\/\/sandzakpress.net\/arhiva\/zalagat-cemo-se-da-budemo-ravnoprvni-gradani-ove-zemlje\/#primaryimage"},"thumbnailUrl":"https:\/\/sandzakpress.net\/arhiva\/wp-content\/uploads\/2010\/09\/news_43045.jpg","datePublished":"2010-09-04T07:33:02+00:00","breadcrumb":{"@id":"https:\/\/sandzakpress.net\/arhiva\/zalagat-cemo-se-da-budemo-ravnoprvni-gradani-ove-zemlje\/#breadcrumb"},"inLanguage":"bs-BA","potentialAction":[{"@type":"ReadAction","target":["https:\/\/sandzakpress.net\/arhiva\/zalagat-cemo-se-da-budemo-ravnoprvni-gradani-ove-zemlje\/"]}]},{"@type":"ImageObject","inLanguage":"bs-BA","@id":"https:\/\/sandzakpress.net\/arhiva\/zalagat-cemo-se-da-budemo-ravnoprvni-gradani-ove-zemlje\/#primaryimage","url":"https:\/\/sandzakpress.net\/arhiva\/wp-content\/uploads\/2010\/09\/news_43045.jpg","contentUrl":"https:\/\/sandzakpress.net\/arhiva\/wp-content\/uploads\/2010\/09\/news_43045.jpg","width":400,"height":300},{"@type":"BreadcrumbList","@id":"https:\/\/sandzakpress.net\/arhiva\/zalagat-cemo-se-da-budemo-ravnoprvni-gradani-ove-zemlje\/#breadcrumb","itemListElement":[{"@type":"ListItem","position":1,"name":"Home","item":"https:\/\/sandzakpress.net\/arhiva\/"},{"@type":"ListItem","position":2,"name":"Zalagat \u0107emo se da budemo ravnoprvni gra\u0111ani ove zemlje"}]},{"@type":"WebSite","@id":"https:\/\/sandzakpress.net\/arhiva\/#website","url":"https:\/\/sandzakpress.net\/arhiva\/","name":"Sand\u017eak PRESS","description":"Prve elektronske novine u Sand\u017eaku","publisher":{"@id":"https:\/\/sandzakpress.net\/arhiva\/#\/schema\/person\/6e72b67d6e51910a1117b3b483ba20bd"},"potentialAction":[{"@type":"SearchAction","target":{"@type":"EntryPoint","urlTemplate":"https:\/\/sandzakpress.net\/arhiva\/?s={search_term_string}"},"query-input":{"@type":"PropertyValueSpecification","valueRequired":true,"valueName":"search_term_string"}}],"inLanguage":"bs-BA"},{"@type":["Person","Organization"],"@id":"https:\/\/sandzakpress.net\/arhiva\/#\/schema\/person\/6e72b67d6e51910a1117b3b483ba20bd","name":"Kul","image":{"@type":"ImageObject","inLanguage":"bs-BA","@id":"https:\/\/sandzakpress.net\/arhiva\/#\/schema\/person\/image\/","url":"https:\/\/secure.gravatar.com\/avatar\/42263f39aa27ac04c43cab85c280eb2e?s=96&d=mm&r=pg","contentUrl":"https:\/\/secure.gravatar.com\/avatar\/42263f39aa27ac04c43cab85c280eb2e?s=96&d=mm&r=pg","caption":"Kul"},"logo":{"@id":"https:\/\/sandzakpress.net\/arhiva\/#\/schema\/person\/image\/"}},{"@type":"Person","@id":"https:\/\/sandzakpress.net\/arhiva\/#\/schema\/person\/c8baee722073534b583ea7bdb2e36c02","name":"bosniak","image":{"@type":"ImageObject","inLanguage":"bs-BA","@id":"https:\/\/sandzakpress.net\/arhiva\/#\/schema\/person\/image\/","url":"https:\/\/secure.gravatar.com\/avatar\/a04fd330bfe3a36a72a0ad4a6d89fca7?s=96&d=mm&r=pg","contentUrl":"https:\/\/secure.gravatar.com\/avatar\/a04fd330bfe3a36a72a0ad4a6d89fca7?s=96&d=mm&r=pg","caption":"bosniak"},"url":"https:\/\/sandzakpress.net\/arhiva\/author\/bosniak\/"}]}},"_links":{"self":[{"href":"https:\/\/sandzakpress.net\/arhiva\/wp-json\/wp\/v2\/posts\/7524"}],"collection":[{"href":"https:\/\/sandzakpress.net\/arhiva\/wp-json\/wp\/v2\/posts"}],"about":[{"href":"https:\/\/sandzakpress.net\/arhiva\/wp-json\/wp\/v2\/types\/post"}],"author":[{"embeddable":true,"href":"https:\/\/sandzakpress.net\/arhiva\/wp-json\/wp\/v2\/users\/83"}],"replies":[{"embeddable":true,"href":"https:\/\/sandzakpress.net\/arhiva\/wp-json\/wp\/v2\/comments?post=7524"}],"version-history":[{"count":0,"href":"https:\/\/sandzakpress.net\/arhiva\/wp-json\/wp\/v2\/posts\/7524\/revisions"}],"wp:featuredmedia":[{"embeddable":true,"href":"https:\/\/sandzakpress.net\/arhiva\/wp-json\/wp\/v2\/media\/7525"}],"wp:attachment":[{"href":"https:\/\/sandzakpress.net\/arhiva\/wp-json\/wp\/v2\/media?parent=7524"}],"wp:term":[{"taxonomy":"category","embeddable":true,"href":"https:\/\/sandzakpress.net\/arhiva\/wp-json\/wp\/v2\/categories?post=7524"},{"taxonomy":"post_tag","embeddable":true,"href":"https:\/\/sandzakpress.net\/arhiva\/wp-json\/wp\/v2\/tags?post=7524"}],"curies":[{"name":"wp","href":"https:\/\/api.w.org\/{rel}","templated":true}]}}