{"id":75120,"date":"2013-05-07T18:31:01","date_gmt":"2013-05-07T16:31:01","guid":{"rendered":"https:\/\/sandzakpress.net\/arhiva\/?p=75120"},"modified":"2013-05-07T18:31:01","modified_gmt":"2013-05-07T16:31:01","slug":"francuska-u-porastu-napadi-na-muslimane","status":"publish","type":"post","link":"https:\/\/sandzakpress.net\/arhiva\/francuska-u-porastu-napadi-na-muslimane\/","title":{"rendered":"Francuska: U porastu napadi na muslimane"},"content":{"rendered":"<p><strong><a href=\"https:\/\/sandzakpress.net\/arhiva\/wp-content\/uploads\/2013\/05\/47883_pariz-dzamija-0101-afp-patrick-kovarik_f.jpg\"><img loading=\"lazy\" decoding=\"async\" class=\"alignleft size-medium wp-image-75121\" title=\"47883_pariz-dzamija-0101-afp-patrick-kovarik_f\" src=\"https:\/\/sandzakpress.net\/arhiva\/wp-content\/uploads\/2013\/05\/47883_pariz-dzamija-0101-afp-patrick-kovarik_f-300x172.jpg\" alt=\"\" width=\"300\" height=\"172\" \/><\/a>Francuska &#8211; U prva tri mjeseca ove godine registrovano je 50 napada na muslimane \u0161to je za deset vi\u0161e nego u istom periodu pro\u0161le godine.<\/strong><\/p>\n<p>Islamsko vije\u0107e u Francuskoj upozorilo je da su napadi na muslimane u toj zemlji u porastu, javlja dopisnik agencije Anadolija (AA).<\/p>\n<p>Vije\u0107e je saop\u0107ilo da je, prema policijskim podacima, u prva tri mjeseca ove godine izvedeno 50 napada na muslimane. U pisanom saop\u0107enju, Vije\u0107e je navelo da je u istom periodu pro\u0161le godine izvedeno 40 napada na muslimane.<\/p>\n<p>U 2011. godini zabilje\u017eeno je 155 napada na muslimane. Na internetu, portalima i sli\u010dnim web stranicama, napadi i prijetnje prema muslimanima tako\u0111er su u porastu.<\/p>\n<p>U Francuskoj \u017eivi oko 6.000.000 muslimana, koji uglavnom poti\u010du iz Sjeverne Afrike.<\/p>\n<p>(trtbosanski)<\/p>\n","protected":false},"excerpt":{"rendered":"<p>Francuska &#8211; U prva tri mjeseca ove godine registrovano je 50 napada na muslimane \u0161to je za deset vi\u0161e nego u istom periodu pro\u0161le godine. Islamsko vije\u0107e u Francuskoj upozorilo je da su napadi na muslimane u toj zemlji u porastu, javlja dopisnik agencije Anadolija (AA). Vije\u0107e je saop\u0107ilo da je, prema policijskim podacima, u [&hellip;]<\/p>\n","protected":false},"author":16,"featured_media":75121,"comment_status":"open","ping_status":"open","sticky":false,"template":"","format":"standard","meta":{"footnotes":""},"categories":[9550,9],"tags":[],"class_list":{"0":"post-75120","1":"post","2":"type-post","3":"status-publish","4":"format-standard","5":"has-post-thumbnail","7":"category-francuska-dijaspora-gradovi-vase-vijesti","8":"category-svijet"},"yoast_head":"<!-- This site is optimized with the Yoast SEO Premium plugin v23.1 (Yoast SEO v24.9) - https:\/\/yoast.com\/wordpress\/plugins\/seo\/ -->\n<title>Francuska: U porastu napadi na muslimane<\/title>\n<meta name=\"robots\" content=\"index, follow, max-snippet:-1, max-image-preview:large, max-video-preview:-1\" \/>\n<link rel=\"canonical\" href=\"https:\/\/sandzakpress.net\/arhiva\/francuska-u-porastu-napadi-na-muslimane\/\" \/>\n<meta property=\"og:locale\" content=\"bs_BA\" \/>\n<meta property=\"og:type\" content=\"article\" \/>\n<meta property=\"og:title\" content=\"Francuska: U porastu napadi na muslimane\" \/>\n<meta property=\"og:description\" content=\"Francuska &#8211; U prva tri mjeseca ove godine registrovano je 50 napada na muslimane \u0161to je za deset vi\u0161e nego u istom periodu pro\u0161le godine. Islamsko vije\u0107e u Francuskoj upozorilo je da su napadi na muslimane u toj zemlji u porastu, javlja dopisnik agencije Anadolija (AA). Vije\u0107e je saop\u0107ilo da je, prema policijskim podacima, u [&hellip;]\" \/>\n<meta property=\"og:url\" content=\"https:\/\/sandzakpress.net\/arhiva\/francuska-u-porastu-napadi-na-muslimane\/\" \/>\n<meta property=\"og:site_name\" content=\"Sand\u017eak PRESS\" \/>\n<meta property=\"article:published_time\" content=\"2013-05-07T16:31:01+00:00\" \/>\n<meta property=\"og:image\" content=\"https:\/\/sandzakpress.net\/arhiva\/wp-content\/uploads\/2013\/05\/47883_pariz-dzamija-0101-afp-patrick-kovarik_f.jpg\" \/>\n\t<meta property=\"og:image:width\" content=\"470\" \/>\n\t<meta property=\"og:image:height\" content=\"270\" \/>\n\t<meta property=\"og:image:type\" content=\"image\/jpeg\" \/>\n<meta name=\"twitter:card\" content=\"summary_large_image\" \/>\n<meta name=\"twitter:label1\" content=\"Written by\" \/>\n\t<meta name=\"twitter:data1\" content=\"\" \/>\n\t<meta name=\"twitter:label2\" content=\"Est. reading time\" \/>\n\t<meta name=\"twitter:data2\" content=\"1 minuta\" \/>\n<script type=\"application\/ld+json\" class=\"yoast-schema-graph\">{\"@context\":\"https:\/\/schema.org\",\"@graph\":[{\"@type\":\"Article\",\"@id\":\"https:\/\/sandzakpress.net\/arhiva\/francuska-u-porastu-napadi-na-muslimane\/#article\",\"isPartOf\":{\"@id\":\"https:\/\/sandzakpress.net\/arhiva\/francuska-u-porastu-napadi-na-muslimane\/\"},\"author\":{\"name\":\"\",\"@id\":\"\"},\"headline\":\"Francuska: U porastu napadi na muslimane\",\"datePublished\":\"2013-05-07T16:31:01+00:00\",\"mainEntityOfPage\":{\"@id\":\"https:\/\/sandzakpress.net\/arhiva\/francuska-u-porastu-napadi-na-muslimane\/\"},\"wordCount\":133,\"commentCount\":0,\"publisher\":{\"@id\":\"https:\/\/sandzakpress.net\/arhiva\/#\/schema\/person\/6e72b67d6e51910a1117b3b483ba20bd\"},\"image\":{\"@id\":\"https:\/\/sandzakpress.net\/arhiva\/francuska-u-porastu-napadi-na-muslimane\/#primaryimage\"},\"thumbnailUrl\":\"https:\/\/sandzakpress.net\/arhiva\/wp-content\/uploads\/2013\/05\/47883_pariz-dzamija-0101-afp-patrick-kovarik_f.jpg\",\"articleSection\":[\"Francuska\",\"Svijet\"],\"inLanguage\":\"bs-BA\",\"potentialAction\":[{\"@type\":\"CommentAction\",\"name\":\"Comment\",\"target\":[\"https:\/\/sandzakpress.net\/arhiva\/francuska-u-porastu-napadi-na-muslimane\/#respond\"]}]},{\"@type\":\"WebPage\",\"@id\":\"https:\/\/sandzakpress.net\/arhiva\/francuska-u-porastu-napadi-na-muslimane\/\",\"url\":\"https:\/\/sandzakpress.net\/arhiva\/francuska-u-porastu-napadi-na-muslimane\/\",\"name\":\"Francuska: U porastu napadi na muslimane\",\"isPartOf\":{\"@id\":\"https:\/\/sandzakpress.net\/arhiva\/#website\"},\"primaryImageOfPage\":{\"@id\":\"https:\/\/sandzakpress.net\/arhiva\/francuska-u-porastu-napadi-na-muslimane\/#primaryimage\"},\"image\":{\"@id\":\"https:\/\/sandzakpress.net\/arhiva\/francuska-u-porastu-napadi-na-muslimane\/#primaryimage\"},\"thumbnailUrl\":\"https:\/\/sandzakpress.net\/arhiva\/wp-content\/uploads\/2013\/05\/47883_pariz-dzamija-0101-afp-patrick-kovarik_f.jpg\",\"datePublished\":\"2013-05-07T16:31:01+00:00\",\"breadcrumb\":{\"@id\":\"https:\/\/sandzakpress.net\/arhiva\/francuska-u-porastu-napadi-na-muslimane\/#breadcrumb\"},\"inLanguage\":\"bs-BA\",\"potentialAction\":[{\"@type\":\"ReadAction\",\"target\":[\"https:\/\/sandzakpress.net\/arhiva\/francuska-u-porastu-napadi-na-muslimane\/\"]}]},{\"@type\":\"ImageObject\",\"inLanguage\":\"bs-BA\",\"@id\":\"https:\/\/sandzakpress.net\/arhiva\/francuska-u-porastu-napadi-na-muslimane\/#primaryimage\",\"url\":\"https:\/\/sandzakpress.net\/arhiva\/wp-content\/uploads\/2013\/05\/47883_pariz-dzamija-0101-afp-patrick-kovarik_f.jpg\",\"contentUrl\":\"https:\/\/sandzakpress.net\/arhiva\/wp-content\/uploads\/2013\/05\/47883_pariz-dzamija-0101-afp-patrick-kovarik_f.jpg\",\"width\":470,\"height\":270},{\"@type\":\"BreadcrumbList\",\"@id\":\"https:\/\/sandzakpress.net\/arhiva\/francuska-u-porastu-napadi-na-muslimane\/#breadcrumb\",\"itemListElement\":[{\"@type\":\"ListItem\",\"position\":1,\"name\":\"Home\",\"item\":\"https:\/\/sandzakpress.net\/arhiva\/\"},{\"@type\":\"ListItem\",\"position\":2,\"name\":\"Francuska: U porastu napadi na muslimane\"}]},{\"@type\":\"WebSite\",\"@id\":\"https:\/\/sandzakpress.net\/arhiva\/#website\",\"url\":\"https:\/\/sandzakpress.net\/arhiva\/\",\"name\":\"Sand\u017eak PRESS\",\"description\":\"Prve elektronske novine u Sand\u017eaku\",\"publisher\":{\"@id\":\"https:\/\/sandzakpress.net\/arhiva\/#\/schema\/person\/6e72b67d6e51910a1117b3b483ba20bd\"},\"potentialAction\":[{\"@type\":\"SearchAction\",\"target\":{\"@type\":\"EntryPoint\",\"urlTemplate\":\"https:\/\/sandzakpress.net\/arhiva\/?s={search_term_string}\"},\"query-input\":{\"@type\":\"PropertyValueSpecification\",\"valueRequired\":true,\"valueName\":\"search_term_string\"}}],\"inLanguage\":\"bs-BA\"},{\"@type\":[\"Person\",\"Organization\"],\"@id\":\"https:\/\/sandzakpress.net\/arhiva\/#\/schema\/person\/6e72b67d6e51910a1117b3b483ba20bd\",\"name\":\"Kul\",\"image\":{\"@type\":\"ImageObject\",\"inLanguage\":\"bs-BA\",\"@id\":\"https:\/\/sandzakpress.net\/arhiva\/#\/schema\/person\/image\/\",\"url\":\"https:\/\/secure.gravatar.com\/avatar\/42263f39aa27ac04c43cab85c280eb2e?s=96&d=mm&r=pg\",\"contentUrl\":\"https:\/\/secure.gravatar.com\/avatar\/42263f39aa27ac04c43cab85c280eb2e?s=96&d=mm&r=pg\",\"caption\":\"Kul\"},\"logo\":{\"@id\":\"https:\/\/sandzakpress.net\/arhiva\/#\/schema\/person\/image\/\"}},{\"@type\":\"Person\",\"@id\":\"\",\"url\":\"https:\/\/sandzakpress.net\/arhiva\/author\/\"}]}<\/script>\n<!-- \/ Yoast SEO Premium plugin. -->","yoast_head_json":{"title":"Francuska: U porastu napadi na muslimane","robots":{"index":"index","follow":"follow","max-snippet":"max-snippet:-1","max-image-preview":"max-image-preview:large","max-video-preview":"max-video-preview:-1"},"canonical":"https:\/\/sandzakpress.net\/arhiva\/francuska-u-porastu-napadi-na-muslimane\/","og_locale":"bs_BA","og_type":"article","og_title":"Francuska: U porastu napadi na muslimane","og_description":"Francuska &#8211; U prva tri mjeseca ove godine registrovano je 50 napada na muslimane \u0161to je za deset vi\u0161e nego u istom periodu pro\u0161le godine. Islamsko vije\u0107e u Francuskoj upozorilo je da su napadi na muslimane u toj zemlji u porastu, javlja dopisnik agencije Anadolija (AA). Vije\u0107e je saop\u0107ilo da je, prema policijskim podacima, u [&hellip;]","og_url":"https:\/\/sandzakpress.net\/arhiva\/francuska-u-porastu-napadi-na-muslimane\/","og_site_name":"Sand\u017eak PRESS","article_published_time":"2013-05-07T16:31:01+00:00","og_image":[{"width":470,"height":270,"url":"https:\/\/sandzakpress.net\/arhiva\/wp-content\/uploads\/2013\/05\/47883_pariz-dzamija-0101-afp-patrick-kovarik_f.jpg","type":"image\/jpeg"}],"twitter_card":"summary_large_image","twitter_misc":{"Written by":"","Est. reading time":"1 minuta"},"schema":{"@context":"https:\/\/schema.org","@graph":[{"@type":"Article","@id":"https:\/\/sandzakpress.net\/arhiva\/francuska-u-porastu-napadi-na-muslimane\/#article","isPartOf":{"@id":"https:\/\/sandzakpress.net\/arhiva\/francuska-u-porastu-napadi-na-muslimane\/"},"author":{"name":"","@id":""},"headline":"Francuska: U porastu napadi na muslimane","datePublished":"2013-05-07T16:31:01+00:00","mainEntityOfPage":{"@id":"https:\/\/sandzakpress.net\/arhiva\/francuska-u-porastu-napadi-na-muslimane\/"},"wordCount":133,"commentCount":0,"publisher":{"@id":"https:\/\/sandzakpress.net\/arhiva\/#\/schema\/person\/6e72b67d6e51910a1117b3b483ba20bd"},"image":{"@id":"https:\/\/sandzakpress.net\/arhiva\/francuska-u-porastu-napadi-na-muslimane\/#primaryimage"},"thumbnailUrl":"https:\/\/sandzakpress.net\/arhiva\/wp-content\/uploads\/2013\/05\/47883_pariz-dzamija-0101-afp-patrick-kovarik_f.jpg","articleSection":["Francuska","Svijet"],"inLanguage":"bs-BA","potentialAction":[{"@type":"CommentAction","name":"Comment","target":["https:\/\/sandzakpress.net\/arhiva\/francuska-u-porastu-napadi-na-muslimane\/#respond"]}]},{"@type":"WebPage","@id":"https:\/\/sandzakpress.net\/arhiva\/francuska-u-porastu-napadi-na-muslimane\/","url":"https:\/\/sandzakpress.net\/arhiva\/francuska-u-porastu-napadi-na-muslimane\/","name":"Francuska: U porastu napadi na muslimane","isPartOf":{"@id":"https:\/\/sandzakpress.net\/arhiva\/#website"},"primaryImageOfPage":{"@id":"https:\/\/sandzakpress.net\/arhiva\/francuska-u-porastu-napadi-na-muslimane\/#primaryimage"},"image":{"@id":"https:\/\/sandzakpress.net\/arhiva\/francuska-u-porastu-napadi-na-muslimane\/#primaryimage"},"thumbnailUrl":"https:\/\/sandzakpress.net\/arhiva\/wp-content\/uploads\/2013\/05\/47883_pariz-dzamija-0101-afp-patrick-kovarik_f.jpg","datePublished":"2013-05-07T16:31:01+00:00","breadcrumb":{"@id":"https:\/\/sandzakpress.net\/arhiva\/francuska-u-porastu-napadi-na-muslimane\/#breadcrumb"},"inLanguage":"bs-BA","potentialAction":[{"@type":"ReadAction","target":["https:\/\/sandzakpress.net\/arhiva\/francuska-u-porastu-napadi-na-muslimane\/"]}]},{"@type":"ImageObject","inLanguage":"bs-BA","@id":"https:\/\/sandzakpress.net\/arhiva\/francuska-u-porastu-napadi-na-muslimane\/#primaryimage","url":"https:\/\/sandzakpress.net\/arhiva\/wp-content\/uploads\/2013\/05\/47883_pariz-dzamija-0101-afp-patrick-kovarik_f.jpg","contentUrl":"https:\/\/sandzakpress.net\/arhiva\/wp-content\/uploads\/2013\/05\/47883_pariz-dzamija-0101-afp-patrick-kovarik_f.jpg","width":470,"height":270},{"@type":"BreadcrumbList","@id":"https:\/\/sandzakpress.net\/arhiva\/francuska-u-porastu-napadi-na-muslimane\/#breadcrumb","itemListElement":[{"@type":"ListItem","position":1,"name":"Home","item":"https:\/\/sandzakpress.net\/arhiva\/"},{"@type":"ListItem","position":2,"name":"Francuska: U porastu napadi na muslimane"}]},{"@type":"WebSite","@id":"https:\/\/sandzakpress.net\/arhiva\/#website","url":"https:\/\/sandzakpress.net\/arhiva\/","name":"Sand\u017eak PRESS","description":"Prve elektronske novine u Sand\u017eaku","publisher":{"@id":"https:\/\/sandzakpress.net\/arhiva\/#\/schema\/person\/6e72b67d6e51910a1117b3b483ba20bd"},"potentialAction":[{"@type":"SearchAction","target":{"@type":"EntryPoint","urlTemplate":"https:\/\/sandzakpress.net\/arhiva\/?s={search_term_string}"},"query-input":{"@type":"PropertyValueSpecification","valueRequired":true,"valueName":"search_term_string"}}],"inLanguage":"bs-BA"},{"@type":["Person","Organization"],"@id":"https:\/\/sandzakpress.net\/arhiva\/#\/schema\/person\/6e72b67d6e51910a1117b3b483ba20bd","name":"Kul","image":{"@type":"ImageObject","inLanguage":"bs-BA","@id":"https:\/\/sandzakpress.net\/arhiva\/#\/schema\/person\/image\/","url":"https:\/\/secure.gravatar.com\/avatar\/42263f39aa27ac04c43cab85c280eb2e?s=96&d=mm&r=pg","contentUrl":"https:\/\/secure.gravatar.com\/avatar\/42263f39aa27ac04c43cab85c280eb2e?s=96&d=mm&r=pg","caption":"Kul"},"logo":{"@id":"https:\/\/sandzakpress.net\/arhiva\/#\/schema\/person\/image\/"}},{"@type":"Person","@id":"","url":"https:\/\/sandzakpress.net\/arhiva\/author\/"}]}},"_links":{"self":[{"href":"https:\/\/sandzakpress.net\/arhiva\/wp-json\/wp\/v2\/posts\/75120"}],"collection":[{"href":"https:\/\/sandzakpress.net\/arhiva\/wp-json\/wp\/v2\/posts"}],"about":[{"href":"https:\/\/sandzakpress.net\/arhiva\/wp-json\/wp\/v2\/types\/post"}],"author":[{"embeddable":true,"href":"https:\/\/sandzakpress.net\/arhiva\/wp-json\/wp\/v2\/users\/16"}],"replies":[{"embeddable":true,"href":"https:\/\/sandzakpress.net\/arhiva\/wp-json\/wp\/v2\/comments?post=75120"}],"version-history":[{"count":0,"href":"https:\/\/sandzakpress.net\/arhiva\/wp-json\/wp\/v2\/posts\/75120\/revisions"}],"wp:featuredmedia":[{"embeddable":true,"href":"https:\/\/sandzakpress.net\/arhiva\/wp-json\/wp\/v2\/media\/75121"}],"wp:attachment":[{"href":"https:\/\/sandzakpress.net\/arhiva\/wp-json\/wp\/v2\/media?parent=75120"}],"wp:term":[{"taxonomy":"category","embeddable":true,"href":"https:\/\/sandzakpress.net\/arhiva\/wp-json\/wp\/v2\/categories?post=75120"},{"taxonomy":"post_tag","embeddable":true,"href":"https:\/\/sandzakpress.net\/arhiva\/wp-json\/wp\/v2\/tags?post=75120"}],"curies":[{"name":"wp","href":"https:\/\/api.w.org\/{rel}","templated":true}]}}