{"id":75004,"date":"2013-05-06T22:01:33","date_gmt":"2013-05-06T20:01:33","guid":{"rendered":"https:\/\/sandzakpress.net\/arhiva\/?p=75004"},"modified":"2013-05-06T23:43:45","modified_gmt":"2013-05-06T21:43:45","slug":"kemal-mustafic-kao-sto-su-nekada-od-alije-okretali-glavu","status":"publish","type":"post","link":"https:\/\/sandzakpress.net\/arhiva\/kemal-mustafic-kao-sto-su-nekada-od-alije-okretali-glavu\/","title":{"rendered":"Kemal Mustafi\u0107 &#8211; Kao \u0161to su nekada od Alije okretali glavu &#8230;"},"content":{"rendered":"<p><a href=\"https:\/\/sandzakpress.net\/arhiva\/wp-content\/uploads\/2013\/05\/400_BKZ_Belgije_Muftija_Zukorlic1.jpg\"><img loading=\"lazy\" decoding=\"async\" class=\"alignleft size-medium wp-image-75005\" title=\"400_BKZ_Belgije_Muftija_Zukorlic1\" src=\"https:\/\/sandzakpress.net\/arhiva\/wp-content\/uploads\/2013\/05\/400_BKZ_Belgije_Muftija_Zukorlic1-300x208.jpg\" alt=\"\" width=\"300\" height=\"208\" \/><\/a>Ne zna se ta\u010dno ko je ovaj V. Ba\u010danovi\u0107, koji u posljednjem broju notornog sarajevskog tjednika<em> Dani<\/em>, pi\u0161e o muftiji Muameru Zukorli\u0107u i, naravno, o neizostavnoj temi za sve islamofobe, reisu-l-ulmi emeritusu dr. Mustafi Ceri\u0107u. Nije nepoznato da tjednik<em>Dani <\/em>godinama truje mr\u017enjom prema svemu \u0161to se u islamu, u muslimana i u Bo\u0161njaka otrovati mo\u017ee. Zato nije ni va\u017eno ko u\u00a0<em>Danima<\/em> potpisuje tekstove, jer va\u017eno je da se uvijek \u0161alje jedna te ista poruka iz broja u broj, a to je: \u201eMi vas mrzimo iz dna du\u0161e, jer ne znamo kako da vam oduzmemo slobodu. Sve smo probali, ali ne polazi nam za rukom. Ostalo nam je da i ovo probamo:<em>Srpska vladaju\u0107a elita vje\u0161to koristi Zukorli\u0107a<\/em>\u201d.<\/p>\n<p>\u010cestitam drugu V. Ba\u010danovi\u0107u, pardon\u00a0<em>Danima<\/em> (bez ijednog pravog novinara) na ovoj orginalnoj i genijalnoj ideji, odnosno na dosljednom dou\u0161ni\u0161tvu i KOS-ovskom podani\u0161tvu na kojem bi vam pozavidio i sam Paul Joseph Goebbels. Siguran sam da \u0107e srpska vladaju\u0107a elita biti jako impresionirana kad \u010duje, odnosno, pro\u010dita kakve genijalce Sarajevo ima, koji su ustanju da se u svojoj mr\u017enji prema muftiji Zukorli\u0107u dosjete \u010dak i onoga \u0161to njima samima nikad ne bi na pamet palo, jer znaju da bi im se u Beogradu svi smijali.<\/p>\n<p>Ali, ovo \u0161to V. Ba\u010danovi\u0107, pardon njegovi politi\u010dko-udba\u0161ki nalogodavci pri\u010daju u\u00a0<em>Danima<\/em> i nije namjenjeno beogradskoj publici, ve\u0107 sarajevskoj, odnosno slijepoj bo\u0161nja\u010dkoj dokolici, tj., dokolnicima, koji vide svijet od Ba\u0161\u010dar\u0161ije do Marin Dvora. Njima smeta muftija Zukorli\u0107, koji ih budi iz njihove medvjedovske loge, koju oni prave za sebe i svoje jarane, koji ne bi da ih se uznemirava sa bilo \u010dim \u0161to nije od dohvata njihovog stomaka. Taj Zukorli\u0107 i taj Ceri\u0107 njih iritira, iako od tog \u0161to oni rade nema ni\u0161ta, ali, ko zna, mo\u017eda i bude ne\u0161ta \u0161to je van dohvata njihove vlasti i masti.<\/p>\n<p>Nisu li napadali i rahmetli Aliju Izetbegovi\u0107a niza\u0161to drugo ve\u0107 zato \u0161to se usudio da brani slobodu i \u010dast islama te da stane ispred Bo\u0161njaka naspram d\u017eelata, koji je govorio da \u0107e Alija &#8221;odvesti muslimane u nestanak, jer muslimani ne mogu da se obrane ako bude rat ovdje&#8221;. Tako isto sad govore sarajevske kukavice i beogradski du\u0161mani da \u0107e muftija Zukorli\u0107 \u201eodvesti Bo\u0161njake u nestanak, jer Bo\u0161njaci ne mogu da se odbrane ako Beograd, uz pre\u0107utnu suglasnost Sarajeva, odlu\u010de da Bo\u0161njake pokrsti ili protjera iz Sand\u017eaka\u201c.<\/p>\n<table border=\"0\" cellspacing=\"0\" cellpadding=\"5\" width=\"380\" align=\"right\" bgcolor=\"Gainsboro\">\n<tbody>\n<tr>\n<td align=\"left\"><span style=\"color: black;\">Naravno, za savjesne i odgovorne Bo\u0161njake V. Ba\u010danovi\u0107, pardon \u201eslobodoumni\u201c islamofob, je inspiracija da jo\u0161 vi\u0161e i jo\u0161 ja\u010de vole, po\u0161tuju i podr\u017eavaju muftiju Zukorli\u0107a, koji svojim radom i djelovanjem kvari ra\u010dune podobnim i podani\u0107kim likovima, koji ni\u0161ta drugo ne znaju raditi do biti sluge, odnosno robovi svojim gospodarima, koji ih pla\u010daju da im slu\u017ee i robuju.<\/span><\/td>\n<\/tr>\n<\/tbody>\n<\/table>\n<p>Za tu nemo\u0107 Bo\u0161njaka najvi\u0161e su krivi bijeli d\u017eipovi. Jer da muftija Zukorli\u0107 ne vozi bijele d\u017eipove pokorni Bo\u0161njaci bi bili mirni ne samo u Sand\u017eaku, ve\u0107 i u Sarajevu. Problem je i muftijino osiguranje, jer da nema osiguranja, onda, vjerovatno, ne bi bilo ni muftije Zukorli\u0107a, pa bi se podobni Bo\u0161njaci razrahatili. Problem je i muftijina slobodna i uvjerljiva pri\u010da, jer ona udara na savjest (ne)savjesnih Bo\u0161njaka i prkosi bo\u0161nja\u010dkim du\u0161manima. Zato bi bilo bolje da Muftija \u0161uti kao \u0161to \u0161ute sarajevski podanici i klimaju glavom Beogradu kao u najbolji vakat beogradske dominacije u Sarajevu.<\/p>\n<p>I kao \u0161to su nekad od Alije okretali glavu i kovali zavjeru protiv njega, tako isto danas okre\u0107u glavu i kuju zavjeru protiv muftije Zukorli\u0107a oni \u0161to su neostvareni u sebi i u svojoj okolini, pa im je jedino ostalo da prate \u0161ta radi muftija Zukorli\u0107 i da okolo \u0161ire depresiju tipa: \u201enema ni\u0161ta od nas\u201c, \u201ena\u0161i su najgori\u201c, \u201eMuftija pretjeruje\u201c, \u201eMuftju treba neko da zaustavi\u201c, \u201eMuftija je problem\u201c. Naravno, kao \u0161to je i rahmetli Alija bio problem za sve bo\u0161nja\u010dke malodu\u0161nike i sve bosanske du\u0161mane. Za tu vrstu ljudi, koje ujedinjuje kukavi\u010dluk i du\u0161malnuk prema Bo\u0161njacima, svako je problem ko stane u odbranu islama, muslimana i Bo\u0161njaka. Neka se niko ne zanosi da postoji na\u010din da se njih zadovolji ako i truna ima islamskog morala, muslimanskog dostojanstva, bo\u0161nja\u010dkog ponosa i bosanskog duha. Zapamtite, Bo\u0161njaci, onaj koga V. Ba\u010danovi\u0107, pardon zdru\u017eena beogradsko-sarajevska antibo\u0161nja\u010dka udba, napada zaslu\u017euje na\u0161e po\u0161tovanje i podr\u0161ku, jer je sigurno na pravom putu. To je tako bilo oduvijek i to \u0107e zako biti zauvijek. Zato ako ni\u0161ta ne mo\u017ee\u0161 uraditi da pomogne\u0161 muftiji Zukorli\u0107u, a ti makar ne dozvoli da ti V. Ba\u010danovi\u0107, pardon du\u0161mani, pljunu u du\u0161u.<\/p>\n<table border=\"0\" cellspacing=\"0\" cellpadding=\"5\" width=\"380\" align=\"left\" bgcolor=\"Gainsboro\">\n<tbody>\n<tr>\n<td align=\"left\"><span style=\"color: black;\"><img decoding=\"async\" src=\"http:\/\/www.bosnjaci.net\/foto\/380_Alija_Izetbegovic_Mustafa_Ceric_Bajram1_u_Sarajevu.jpg\" border=\"0\" alt=\"\" width=\"380\" \/>Koliko god su udbovski &#8220;Dana&#8221; \u0161irili mr\u017enju prema bo\u0161nja\u010dkim liderima narod im je ukazoivao na jo\u0161 ve\u0107e po\u0161tovanje i podr\u0161ku<\/span><\/td>\n<\/tr>\n<\/tbody>\n<\/table>\n<p>Naravno, za savjesne i odgovorne Bo\u0161njake V. Ba\u010danovi\u0107, pardon \u201eslobodoumni\u201c islamofob, je inspiracija da jo\u0161 vi\u0161e i jo\u0161 ja\u010de vole, po\u0161tuju i podr\u017eavaju muftiju Zukorli\u0107a, koji svojim radom i djelovanjem kvari ra\u010dune podobnim i podani\u0107kim likovima, koji ni\u0161ta drugo ne znaju raditi do biti sluge, odnosno robovi svojim gospodarima, koji ih pla\u010daju da im slu\u017ee i robuju.<\/p>\n<p>Hvala Allahu Uzvi\u0161enom pa smo svjesni Njegove veli\u010dine i mo\u0107i i zato se ne bojimo ni onih u Sarajevu i onih u Beogradu koji danono\u0107no zavjere kuju da nas udalje od Gospodara, koji nas nije ni ostavio ni omrznuo.<\/p>\n<p>Zato V. Ba\u010danovi\u0107u, pardon Dananovi\u0107u, nastavi dalje istra\u017eivati. Mo\u017eda ti se i posre\u0107i da otkrije\u0161 jo\u0161 koju udaba\u0161ku tajnu o muftiji Zukorli\u0107u. I mo\u017eda ti se posre\u0107i da dobije\u0161 i neku nagradu za tvoja otkri\u0107a, jer muftija Zukorli\u0107 je mnogo zagonetna osoba i dugo odolijeva svim napadima i naletima, svim va\u0161im Gebelsovskim \u201eotkri\u0107ima\u201c i udba\u0161kim poli\u0107ima.<\/p>\n<p>A \u0161to se nas ti\u010de, treba da znate da \u0161to ga vi\u0161e napadate nam je sve bli\u017ei i dra\u017ei. Neka ga Allah Uzvi\u0161eni \u010duva od vas i od va\u0161ih udba\u0161kih la\u017ei! Amin!<\/p>\n<p>Autor: Kemal Mustafi\u0107<\/p>\n<div><span style=\"font-family: 'Times New Roman', serif; font-size: 14px; line-height: 20px;\"><br \/>\n<\/span><\/div>\n","protected":false},"excerpt":{"rendered":"<p>Ne zna se ta\u010dno ko je ovaj V. Ba\u010danovi\u0107, koji u posljednjem broju notornog sarajevskog tjednika Dani, pi\u0161e o muftiji Muameru Zukorli\u0107u i, naravno, o neizostavnoj temi za sve islamofobe, reisu-l-ulmi emeritusu dr. Mustafi Ceri\u0107u. Nije nepoznato da tjednikDani godinama truje mr\u017enjom prema svemu \u0161to se u islamu, u muslimana i u Bo\u0161njaka otrovati mo\u017ee. [&hellip;]<\/p>\n","protected":false},"author":83,"featured_media":75005,"comment_status":"open","ping_status":"open","sticky":false,"template":"","format":"standard","meta":{"footnotes":""},"categories":[2860,72,8957],"tags":[],"class_list":{"0":"post-75004","1":"post","2":"type-post","3":"status-publish","4":"format-standard","5":"has-post-thumbnail","7":"category-bosna-i-hercegovina-gradovi","8":"category-novi-pazar","9":"category-vijesti-dana"},"yoast_head":"<!-- This site is optimized with the Yoast SEO Premium plugin v23.1 (Yoast SEO v24.9) - https:\/\/yoast.com\/wordpress\/plugins\/seo\/ -->\n<title>Kemal Mustafi\u0107 - Kao \u0161to su nekada od Alije okretali glavu ...<\/title>\n<meta name=\"robots\" content=\"index, follow, max-snippet:-1, max-image-preview:large, max-video-preview:-1\" \/>\n<link rel=\"canonical\" href=\"https:\/\/sandzakpress.net\/arhiva\/kemal-mustafic-kao-sto-su-nekada-od-alije-okretali-glavu\/\" \/>\n<meta property=\"og:locale\" content=\"bs_BA\" \/>\n<meta property=\"og:type\" content=\"article\" \/>\n<meta property=\"og:title\" content=\"Kemal Mustafi\u0107 - Kao \u0161to su nekada od Alije okretali glavu ...\" \/>\n<meta property=\"og:description\" content=\"Ne zna se ta\u010dno ko je ovaj V. Ba\u010danovi\u0107, koji u posljednjem broju notornog sarajevskog tjednika Dani, pi\u0161e o muftiji Muameru Zukorli\u0107u i, naravno, o neizostavnoj temi za sve islamofobe, reisu-l-ulmi emeritusu dr. Mustafi Ceri\u0107u. Nije nepoznato da tjednikDani godinama truje mr\u017enjom prema svemu \u0161to se u islamu, u muslimana i u Bo\u0161njaka otrovati mo\u017ee. [&hellip;]\" \/>\n<meta property=\"og:url\" content=\"https:\/\/sandzakpress.net\/arhiva\/kemal-mustafic-kao-sto-su-nekada-od-alije-okretali-glavu\/\" \/>\n<meta property=\"og:site_name\" content=\"Sand\u017eak PRESS\" \/>\n<meta property=\"article:published_time\" content=\"2013-05-06T20:01:33+00:00\" \/>\n<meta property=\"article:modified_time\" content=\"2013-05-06T21:43:45+00:00\" \/>\n<meta property=\"og:image\" content=\"https:\/\/sandzakpress.net\/arhiva\/wp-content\/uploads\/2013\/05\/400_BKZ_Belgije_Muftija_Zukorlic1.jpg\" \/>\n\t<meta property=\"og:image:width\" content=\"400\" \/>\n\t<meta property=\"og:image:height\" content=\"278\" \/>\n\t<meta property=\"og:image:type\" content=\"image\/jpeg\" \/>\n<meta name=\"author\" content=\"bosniak\" \/>\n<meta name=\"twitter:card\" content=\"summary_large_image\" \/>\n<meta name=\"twitter:label1\" content=\"Written by\" \/>\n\t<meta name=\"twitter:data1\" content=\"bosniak\" \/>\n\t<meta name=\"twitter:label2\" content=\"Est. reading time\" \/>\n\t<meta name=\"twitter:data2\" content=\"5 minuta\" \/>\n<script type=\"application\/ld+json\" class=\"yoast-schema-graph\">{\"@context\":\"https:\/\/schema.org\",\"@graph\":[{\"@type\":\"Article\",\"@id\":\"https:\/\/sandzakpress.net\/arhiva\/kemal-mustafic-kao-sto-su-nekada-od-alije-okretali-glavu\/#article\",\"isPartOf\":{\"@id\":\"https:\/\/sandzakpress.net\/arhiva\/kemal-mustafic-kao-sto-su-nekada-od-alije-okretali-glavu\/\"},\"author\":{\"name\":\"bosniak\",\"@id\":\"https:\/\/sandzakpress.net\/arhiva\/#\/schema\/person\/c8baee722073534b583ea7bdb2e36c02\"},\"headline\":\"Kemal Mustafi\u0107 &#8211; Kao \u0161to su nekada od Alije okretali glavu &#8230;\",\"datePublished\":\"2013-05-06T20:01:33+00:00\",\"dateModified\":\"2013-05-06T21:43:45+00:00\",\"mainEntityOfPage\":{\"@id\":\"https:\/\/sandzakpress.net\/arhiva\/kemal-mustafic-kao-sto-su-nekada-od-alije-okretali-glavu\/\"},\"wordCount\":1095,\"commentCount\":4,\"publisher\":{\"@id\":\"https:\/\/sandzakpress.net\/arhiva\/#\/schema\/person\/6e72b67d6e51910a1117b3b483ba20bd\"},\"image\":{\"@id\":\"https:\/\/sandzakpress.net\/arhiva\/kemal-mustafic-kao-sto-su-nekada-od-alije-okretali-glavu\/#primaryimage\"},\"thumbnailUrl\":\"https:\/\/sandzakpress.net\/arhiva\/wp-content\/uploads\/2013\/05\/400_BKZ_Belgije_Muftija_Zukorlic1.jpg\",\"articleSection\":[\"Bosna i Hercegovina\",\"Novi Pazar\",\"VIJESTI DANA\"],\"inLanguage\":\"bs-BA\",\"potentialAction\":[{\"@type\":\"CommentAction\",\"name\":\"Comment\",\"target\":[\"https:\/\/sandzakpress.net\/arhiva\/kemal-mustafic-kao-sto-su-nekada-od-alije-okretali-glavu\/#respond\"]}]},{\"@type\":\"WebPage\",\"@id\":\"https:\/\/sandzakpress.net\/arhiva\/kemal-mustafic-kao-sto-su-nekada-od-alije-okretali-glavu\/\",\"url\":\"https:\/\/sandzakpress.net\/arhiva\/kemal-mustafic-kao-sto-su-nekada-od-alije-okretali-glavu\/\",\"name\":\"Kemal Mustafi\u0107 - Kao \u0161to su nekada od Alije okretali glavu ...\",\"isPartOf\":{\"@id\":\"https:\/\/sandzakpress.net\/arhiva\/#website\"},\"primaryImageOfPage\":{\"@id\":\"https:\/\/sandzakpress.net\/arhiva\/kemal-mustafic-kao-sto-su-nekada-od-alije-okretali-glavu\/#primaryimage\"},\"image\":{\"@id\":\"https:\/\/sandzakpress.net\/arhiva\/kemal-mustafic-kao-sto-su-nekada-od-alije-okretali-glavu\/#primaryimage\"},\"thumbnailUrl\":\"https:\/\/sandzakpress.net\/arhiva\/wp-content\/uploads\/2013\/05\/400_BKZ_Belgije_Muftija_Zukorlic1.jpg\",\"datePublished\":\"2013-05-06T20:01:33+00:00\",\"dateModified\":\"2013-05-06T21:43:45+00:00\",\"breadcrumb\":{\"@id\":\"https:\/\/sandzakpress.net\/arhiva\/kemal-mustafic-kao-sto-su-nekada-od-alije-okretali-glavu\/#breadcrumb\"},\"inLanguage\":\"bs-BA\",\"potentialAction\":[{\"@type\":\"ReadAction\",\"target\":[\"https:\/\/sandzakpress.net\/arhiva\/kemal-mustafic-kao-sto-su-nekada-od-alije-okretali-glavu\/\"]}]},{\"@type\":\"ImageObject\",\"inLanguage\":\"bs-BA\",\"@id\":\"https:\/\/sandzakpress.net\/arhiva\/kemal-mustafic-kao-sto-su-nekada-od-alije-okretali-glavu\/#primaryimage\",\"url\":\"https:\/\/sandzakpress.net\/arhiva\/wp-content\/uploads\/2013\/05\/400_BKZ_Belgije_Muftija_Zukorlic1.jpg\",\"contentUrl\":\"https:\/\/sandzakpress.net\/arhiva\/wp-content\/uploads\/2013\/05\/400_BKZ_Belgije_Muftija_Zukorlic1.jpg\",\"width\":400,\"height\":278},{\"@type\":\"BreadcrumbList\",\"@id\":\"https:\/\/sandzakpress.net\/arhiva\/kemal-mustafic-kao-sto-su-nekada-od-alije-okretali-glavu\/#breadcrumb\",\"itemListElement\":[{\"@type\":\"ListItem\",\"position\":1,\"name\":\"Home\",\"item\":\"https:\/\/sandzakpress.net\/arhiva\/\"},{\"@type\":\"ListItem\",\"position\":2,\"name\":\"Kemal Mustafi\u0107 &#8211; Kao \u0161to su nekada od Alije okretali glavu &#8230;\"}]},{\"@type\":\"WebSite\",\"@id\":\"https:\/\/sandzakpress.net\/arhiva\/#website\",\"url\":\"https:\/\/sandzakpress.net\/arhiva\/\",\"name\":\"Sand\u017eak PRESS\",\"description\":\"Prve elektronske novine u Sand\u017eaku\",\"publisher\":{\"@id\":\"https:\/\/sandzakpress.net\/arhiva\/#\/schema\/person\/6e72b67d6e51910a1117b3b483ba20bd\"},\"potentialAction\":[{\"@type\":\"SearchAction\",\"target\":{\"@type\":\"EntryPoint\",\"urlTemplate\":\"https:\/\/sandzakpress.net\/arhiva\/?s={search_term_string}\"},\"query-input\":{\"@type\":\"PropertyValueSpecification\",\"valueRequired\":true,\"valueName\":\"search_term_string\"}}],\"inLanguage\":\"bs-BA\"},{\"@type\":[\"Person\",\"Organization\"],\"@id\":\"https:\/\/sandzakpress.net\/arhiva\/#\/schema\/person\/6e72b67d6e51910a1117b3b483ba20bd\",\"name\":\"Kul\",\"image\":{\"@type\":\"ImageObject\",\"inLanguage\":\"bs-BA\",\"@id\":\"https:\/\/sandzakpress.net\/arhiva\/#\/schema\/person\/image\/\",\"url\":\"https:\/\/secure.gravatar.com\/avatar\/42263f39aa27ac04c43cab85c280eb2e?s=96&d=mm&r=pg\",\"contentUrl\":\"https:\/\/secure.gravatar.com\/avatar\/42263f39aa27ac04c43cab85c280eb2e?s=96&d=mm&r=pg\",\"caption\":\"Kul\"},\"logo\":{\"@id\":\"https:\/\/sandzakpress.net\/arhiva\/#\/schema\/person\/image\/\"}},{\"@type\":\"Person\",\"@id\":\"https:\/\/sandzakpress.net\/arhiva\/#\/schema\/person\/c8baee722073534b583ea7bdb2e36c02\",\"name\":\"bosniak\",\"image\":{\"@type\":\"ImageObject\",\"inLanguage\":\"bs-BA\",\"@id\":\"https:\/\/sandzakpress.net\/arhiva\/#\/schema\/person\/image\/\",\"url\":\"https:\/\/secure.gravatar.com\/avatar\/a04fd330bfe3a36a72a0ad4a6d89fca7?s=96&d=mm&r=pg\",\"contentUrl\":\"https:\/\/secure.gravatar.com\/avatar\/a04fd330bfe3a36a72a0ad4a6d89fca7?s=96&d=mm&r=pg\",\"caption\":\"bosniak\"},\"url\":\"https:\/\/sandzakpress.net\/arhiva\/author\/bosniak\/\"}]}<\/script>\n<!-- \/ Yoast SEO Premium plugin. -->","yoast_head_json":{"title":"Kemal Mustafi\u0107 - Kao \u0161to su nekada od Alije okretali glavu ...","robots":{"index":"index","follow":"follow","max-snippet":"max-snippet:-1","max-image-preview":"max-image-preview:large","max-video-preview":"max-video-preview:-1"},"canonical":"https:\/\/sandzakpress.net\/arhiva\/kemal-mustafic-kao-sto-su-nekada-od-alije-okretali-glavu\/","og_locale":"bs_BA","og_type":"article","og_title":"Kemal Mustafi\u0107 - Kao \u0161to su nekada od Alije okretali glavu ...","og_description":"Ne zna se ta\u010dno ko je ovaj V. Ba\u010danovi\u0107, koji u posljednjem broju notornog sarajevskog tjednika Dani, pi\u0161e o muftiji Muameru Zukorli\u0107u i, naravno, o neizostavnoj temi za sve islamofobe, reisu-l-ulmi emeritusu dr. Mustafi Ceri\u0107u. Nije nepoznato da tjednikDani godinama truje mr\u017enjom prema svemu \u0161to se u islamu, u muslimana i u Bo\u0161njaka otrovati mo\u017ee. [&hellip;]","og_url":"https:\/\/sandzakpress.net\/arhiva\/kemal-mustafic-kao-sto-su-nekada-od-alije-okretali-glavu\/","og_site_name":"Sand\u017eak PRESS","article_published_time":"2013-05-06T20:01:33+00:00","article_modified_time":"2013-05-06T21:43:45+00:00","og_image":[{"width":400,"height":278,"url":"https:\/\/sandzakpress.net\/arhiva\/wp-content\/uploads\/2013\/05\/400_BKZ_Belgije_Muftija_Zukorlic1.jpg","type":"image\/jpeg"}],"author":"bosniak","twitter_card":"summary_large_image","twitter_misc":{"Written by":"bosniak","Est. reading time":"5 minuta"},"schema":{"@context":"https:\/\/schema.org","@graph":[{"@type":"Article","@id":"https:\/\/sandzakpress.net\/arhiva\/kemal-mustafic-kao-sto-su-nekada-od-alije-okretali-glavu\/#article","isPartOf":{"@id":"https:\/\/sandzakpress.net\/arhiva\/kemal-mustafic-kao-sto-su-nekada-od-alije-okretali-glavu\/"},"author":{"name":"bosniak","@id":"https:\/\/sandzakpress.net\/arhiva\/#\/schema\/person\/c8baee722073534b583ea7bdb2e36c02"},"headline":"Kemal Mustafi\u0107 &#8211; Kao \u0161to su nekada od Alije okretali glavu &#8230;","datePublished":"2013-05-06T20:01:33+00:00","dateModified":"2013-05-06T21:43:45+00:00","mainEntityOfPage":{"@id":"https:\/\/sandzakpress.net\/arhiva\/kemal-mustafic-kao-sto-su-nekada-od-alije-okretali-glavu\/"},"wordCount":1095,"commentCount":4,"publisher":{"@id":"https:\/\/sandzakpress.net\/arhiva\/#\/schema\/person\/6e72b67d6e51910a1117b3b483ba20bd"},"image":{"@id":"https:\/\/sandzakpress.net\/arhiva\/kemal-mustafic-kao-sto-su-nekada-od-alije-okretali-glavu\/#primaryimage"},"thumbnailUrl":"https:\/\/sandzakpress.net\/arhiva\/wp-content\/uploads\/2013\/05\/400_BKZ_Belgije_Muftija_Zukorlic1.jpg","articleSection":["Bosna i Hercegovina","Novi Pazar","VIJESTI DANA"],"inLanguage":"bs-BA","potentialAction":[{"@type":"CommentAction","name":"Comment","target":["https:\/\/sandzakpress.net\/arhiva\/kemal-mustafic-kao-sto-su-nekada-od-alije-okretali-glavu\/#respond"]}]},{"@type":"WebPage","@id":"https:\/\/sandzakpress.net\/arhiva\/kemal-mustafic-kao-sto-su-nekada-od-alije-okretali-glavu\/","url":"https:\/\/sandzakpress.net\/arhiva\/kemal-mustafic-kao-sto-su-nekada-od-alije-okretali-glavu\/","name":"Kemal Mustafi\u0107 - Kao \u0161to su nekada od Alije okretali glavu ...","isPartOf":{"@id":"https:\/\/sandzakpress.net\/arhiva\/#website"},"primaryImageOfPage":{"@id":"https:\/\/sandzakpress.net\/arhiva\/kemal-mustafic-kao-sto-su-nekada-od-alije-okretali-glavu\/#primaryimage"},"image":{"@id":"https:\/\/sandzakpress.net\/arhiva\/kemal-mustafic-kao-sto-su-nekada-od-alije-okretali-glavu\/#primaryimage"},"thumbnailUrl":"https:\/\/sandzakpress.net\/arhiva\/wp-content\/uploads\/2013\/05\/400_BKZ_Belgije_Muftija_Zukorlic1.jpg","datePublished":"2013-05-06T20:01:33+00:00","dateModified":"2013-05-06T21:43:45+00:00","breadcrumb":{"@id":"https:\/\/sandzakpress.net\/arhiva\/kemal-mustafic-kao-sto-su-nekada-od-alije-okretali-glavu\/#breadcrumb"},"inLanguage":"bs-BA","potentialAction":[{"@type":"ReadAction","target":["https:\/\/sandzakpress.net\/arhiva\/kemal-mustafic-kao-sto-su-nekada-od-alije-okretali-glavu\/"]}]},{"@type":"ImageObject","inLanguage":"bs-BA","@id":"https:\/\/sandzakpress.net\/arhiva\/kemal-mustafic-kao-sto-su-nekada-od-alije-okretali-glavu\/#primaryimage","url":"https:\/\/sandzakpress.net\/arhiva\/wp-content\/uploads\/2013\/05\/400_BKZ_Belgije_Muftija_Zukorlic1.jpg","contentUrl":"https:\/\/sandzakpress.net\/arhiva\/wp-content\/uploads\/2013\/05\/400_BKZ_Belgije_Muftija_Zukorlic1.jpg","width":400,"height":278},{"@type":"BreadcrumbList","@id":"https:\/\/sandzakpress.net\/arhiva\/kemal-mustafic-kao-sto-su-nekada-od-alije-okretali-glavu\/#breadcrumb","itemListElement":[{"@type":"ListItem","position":1,"name":"Home","item":"https:\/\/sandzakpress.net\/arhiva\/"},{"@type":"ListItem","position":2,"name":"Kemal Mustafi\u0107 &#8211; Kao \u0161to su nekada od Alije okretali glavu &#8230;"}]},{"@type":"WebSite","@id":"https:\/\/sandzakpress.net\/arhiva\/#website","url":"https:\/\/sandzakpress.net\/arhiva\/","name":"Sand\u017eak PRESS","description":"Prve elektronske novine u Sand\u017eaku","publisher":{"@id":"https:\/\/sandzakpress.net\/arhiva\/#\/schema\/person\/6e72b67d6e51910a1117b3b483ba20bd"},"potentialAction":[{"@type":"SearchAction","target":{"@type":"EntryPoint","urlTemplate":"https:\/\/sandzakpress.net\/arhiva\/?s={search_term_string}"},"query-input":{"@type":"PropertyValueSpecification","valueRequired":true,"valueName":"search_term_string"}}],"inLanguage":"bs-BA"},{"@type":["Person","Organization"],"@id":"https:\/\/sandzakpress.net\/arhiva\/#\/schema\/person\/6e72b67d6e51910a1117b3b483ba20bd","name":"Kul","image":{"@type":"ImageObject","inLanguage":"bs-BA","@id":"https:\/\/sandzakpress.net\/arhiva\/#\/schema\/person\/image\/","url":"https:\/\/secure.gravatar.com\/avatar\/42263f39aa27ac04c43cab85c280eb2e?s=96&d=mm&r=pg","contentUrl":"https:\/\/secure.gravatar.com\/avatar\/42263f39aa27ac04c43cab85c280eb2e?s=96&d=mm&r=pg","caption":"Kul"},"logo":{"@id":"https:\/\/sandzakpress.net\/arhiva\/#\/schema\/person\/image\/"}},{"@type":"Person","@id":"https:\/\/sandzakpress.net\/arhiva\/#\/schema\/person\/c8baee722073534b583ea7bdb2e36c02","name":"bosniak","image":{"@type":"ImageObject","inLanguage":"bs-BA","@id":"https:\/\/sandzakpress.net\/arhiva\/#\/schema\/person\/image\/","url":"https:\/\/secure.gravatar.com\/avatar\/a04fd330bfe3a36a72a0ad4a6d89fca7?s=96&d=mm&r=pg","contentUrl":"https:\/\/secure.gravatar.com\/avatar\/a04fd330bfe3a36a72a0ad4a6d89fca7?s=96&d=mm&r=pg","caption":"bosniak"},"url":"https:\/\/sandzakpress.net\/arhiva\/author\/bosniak\/"}]}},"_links":{"self":[{"href":"https:\/\/sandzakpress.net\/arhiva\/wp-json\/wp\/v2\/posts\/75004"}],"collection":[{"href":"https:\/\/sandzakpress.net\/arhiva\/wp-json\/wp\/v2\/posts"}],"about":[{"href":"https:\/\/sandzakpress.net\/arhiva\/wp-json\/wp\/v2\/types\/post"}],"author":[{"embeddable":true,"href":"https:\/\/sandzakpress.net\/arhiva\/wp-json\/wp\/v2\/users\/83"}],"replies":[{"embeddable":true,"href":"https:\/\/sandzakpress.net\/arhiva\/wp-json\/wp\/v2\/comments?post=75004"}],"version-history":[{"count":0,"href":"https:\/\/sandzakpress.net\/arhiva\/wp-json\/wp\/v2\/posts\/75004\/revisions"}],"wp:featuredmedia":[{"embeddable":true,"href":"https:\/\/sandzakpress.net\/arhiva\/wp-json\/wp\/v2\/media\/75005"}],"wp:attachment":[{"href":"https:\/\/sandzakpress.net\/arhiva\/wp-json\/wp\/v2\/media?parent=75004"}],"wp:term":[{"taxonomy":"category","embeddable":true,"href":"https:\/\/sandzakpress.net\/arhiva\/wp-json\/wp\/v2\/categories?post=75004"},{"taxonomy":"post_tag","embeddable":true,"href":"https:\/\/sandzakpress.net\/arhiva\/wp-json\/wp\/v2\/tags?post=75004"}],"curies":[{"name":"wp","href":"https:\/\/api.w.org\/{rel}","templated":true}]}}