{"id":74936,"date":"2013-05-06T16:49:30","date_gmt":"2013-05-06T14:49:30","guid":{"rendered":"https:\/\/sandzakpress.net\/arhiva\/?p=74936"},"modified":"2013-05-06T16:49:30","modified_gmt":"2013-05-06T14:49:30","slug":"7-maj-dan-dzamija","status":"publish","type":"post","link":"https:\/\/sandzakpress.net\/arhiva\/7-maj-dan-dzamija\/","title":{"rendered":"7. maj &#8211; Dan d\u017eamija"},"content":{"rendered":"<p><strong><a href=\"https:\/\/sandzakpress.net\/arhiva\/wp-content\/uploads\/2013\/05\/Gazi_Husrev-Begova_Dzamija-Begova_Dzamija.jpg\"><img loading=\"lazy\" decoding=\"async\" class=\"alignleft size-medium wp-image-74937\" title=\"Gazi_Husrev-Begova_Dzamija-Begova_Dzamija\" src=\"https:\/\/sandzakpress.net\/arhiva\/wp-content\/uploads\/2013\/05\/Gazi_Husrev-Begova_Dzamija-Begova_Dzamija-300x225.jpg\" alt=\"\" width=\"300\" height=\"225\" \/><\/a>BIH &#8211; Svakog 7. maja od zavr\u0161etka posljednje agresije na Bosnu i Hercegovinu, Islamska zajednica i Bo\u0161njaci obilje\u017eavaju Dan d\u017eamija.<\/strong><\/p>\n<p>U no\u0107i 7. maja 1993. godine, mu\u010dki i kukavi\u010dki minirana je jedna od najzna\u010dajnijih \u00a0d\u017eamija u Bosni i Hercegovini, po svojoj ljepoti \u010duvena Banjalu\u010dka Ferhadija, monumentalna zadu\u017ebina plemenitog Ferhat-pa\u0161e Sokolovi\u0107a.<\/p>\n<p>Dan d\u017eamija &#8211; 7. maja simboli\u010dki obilje\u017eava stradanje i ru\u0161enje jo\u0161 oko 1000 bosansko-hercegova\u010dkih d\u017eamija, zlo\u010dina\u010dki ubijanih i uni\u0161tavanih tokom posljednje agresije na BiH.<\/p>\n<p>Dan d\u017eamija treba da podsjeti Bo\u0161njake koliko su sudbina i uni\u0161tavanje bosanskih d\u017eamija imanentni sudbini i \u017ertvama samih Bo\u0161njaka u njihovim tragi\u010dnim stradanjima tokom posljednjih 100 godina.<\/p>\n<p><strong>Sergija za Alad\u017eu d\u017eamiju<\/strong><\/p>\n<p>Povodom Dana d\u017eamija Rijaset Islamske zajednice u Bosni i Hercegovini svake godine organizira sergiju za obnovu jedne od poru\u0161enih d\u017eamija.<\/p>\n<p>Ove godine sergija je obavljena u petak nakon d\u017euma-namaza, 03. maja 2013. godine, odnosno 23. d\u017eumade-l-uhra 1434. h.g., za obnovu Alad\u017ea d\u017eamije u Fo\u010di.<\/p>\n<p><strong>O Alad\u017ei d\u017eamiji<\/strong><\/p>\n<p>Alad\u017ea d\u017eamija (\u0160arena d\u017eamija, d\u017eamija Hasana Nazira) je izgra\u0111ena 1550. godine u Fo\u010di, a velikosrpski zlo\u010dinci su je 2. augusta 1992. godine minirali i tako uni\u0161tili jedan od najvrijednijih objekata islamske kulture na Balkanu. Ista sudbina stigla je i svih 12 drugih d\u017eamija u Fo\u010di koje su tako\u0111er bile mala remek-djela orijentalne umjetnosti i prije velikosrpske agresije bile su pod posebnom za\u0161titom dr\u017eave.<\/p>\n<p>Dobrotvor, investitor d\u017eamije bio je Hasan Nazir, nadzornik carskih prihoda u Bosni, a arhitekt i graditelj bio je bliski saradnik \u010duvenog Mimara Sinana, neimar Ramadan. Alad\u017ea d\u017eamija bila je uvr\u0161tena u kulturnu ba\u0161tinu Bosne i Hercegovine i na listu spomenika svjetske ba\u0161tine pri UNESCO-u. Alad\u017ea d\u017eamija, prije njenog ru\u0161enja, predstavljala je jedno od najzna\u010dajnijih graditeljskih ostvarenja i bila je jedan od najbolje proporcioniranih objekata, koji je imao izvorno sa\u010duvane unutarnje dekoracije. Arhitektonska cjelina je bila izuzetno vrijedna, bili su sa\u010duvani \u0161adrvan, dio ogradnog zida i kasnije sagra\u0111ena \u010desma u avlijskom zidu.<\/p>\n<p>(Rijaset)<\/p>\n","protected":false},"excerpt":{"rendered":"<p>BIH &#8211; Svakog 7. maja od zavr\u0161etka posljednje agresije na Bosnu i Hercegovinu, Islamska zajednica i Bo\u0161njaci obilje\u017eavaju Dan d\u017eamija. U no\u0107i 7. maja 1993. godine, mu\u010dki i kukavi\u010dki minirana je jedna od najzna\u010dajnijih \u00a0d\u017eamija u Bosni i Hercegovini, po svojoj ljepoti \u010duvena Banjalu\u010dka Ferhadija, monumentalna zadu\u017ebina plemenitog Ferhat-pa\u0161e Sokolovi\u0107a. Dan d\u017eamija &#8211; 7. maja [&hellip;]<\/p>\n","protected":false},"author":16,"featured_media":74937,"comment_status":"open","ping_status":"open","sticky":false,"template":"","format":"standard","meta":{"footnotes":""},"categories":[2860,802],"tags":[],"class_list":{"0":"post-74936","1":"post","2":"type-post","3":"status-publish","4":"format-standard","5":"has-post-thumbnail","7":"category-bosna-i-hercegovina-gradovi","8":"category-islamska_zajednica"},"yoast_head":"<!-- This site is optimized with the Yoast SEO Premium plugin v23.1 (Yoast SEO v24.9) - https:\/\/yoast.com\/wordpress\/plugins\/seo\/ -->\n<title>7. maj - Dan d\u017eamija<\/title>\n<meta name=\"robots\" content=\"index, follow, max-snippet:-1, max-image-preview:large, max-video-preview:-1\" \/>\n<link rel=\"canonical\" href=\"https:\/\/sandzakpress.net\/arhiva\/7-maj-dan-dzamija\/\" \/>\n<meta property=\"og:locale\" content=\"bs_BA\" \/>\n<meta property=\"og:type\" content=\"article\" \/>\n<meta property=\"og:title\" content=\"7. maj - Dan d\u017eamija\" \/>\n<meta property=\"og:description\" content=\"BIH &#8211; Svakog 7. maja od zavr\u0161etka posljednje agresije na Bosnu i Hercegovinu, Islamska zajednica i Bo\u0161njaci obilje\u017eavaju Dan d\u017eamija. U no\u0107i 7. maja 1993. godine, mu\u010dki i kukavi\u010dki minirana je jedna od najzna\u010dajnijih \u00a0d\u017eamija u Bosni i Hercegovini, po svojoj ljepoti \u010duvena Banjalu\u010dka Ferhadija, monumentalna zadu\u017ebina plemenitog Ferhat-pa\u0161e Sokolovi\u0107a. Dan d\u017eamija &#8211; 7. maja [&hellip;]\" \/>\n<meta property=\"og:url\" content=\"https:\/\/sandzakpress.net\/arhiva\/7-maj-dan-dzamija\/\" \/>\n<meta property=\"og:site_name\" content=\"Sand\u017eak PRESS\" \/>\n<meta property=\"article:published_time\" content=\"2013-05-06T14:49:30+00:00\" \/>\n<meta property=\"og:image\" content=\"https:\/\/sandzakpress.net\/arhiva\/wp-content\/uploads\/2013\/05\/Gazi_Husrev-Begova_Dzamija-Begova_Dzamija.jpg\" \/>\n\t<meta property=\"og:image:width\" content=\"600\" \/>\n\t<meta property=\"og:image:height\" content=\"450\" \/>\n\t<meta property=\"og:image:type\" content=\"image\/jpeg\" \/>\n<meta name=\"twitter:card\" content=\"summary_large_image\" \/>\n<meta name=\"twitter:label1\" content=\"Written by\" \/>\n\t<meta name=\"twitter:data1\" content=\"\" \/>\n\t<meta name=\"twitter:label2\" content=\"Est. reading time\" \/>\n\t<meta name=\"twitter:data2\" content=\"2 minute\" \/>\n<script type=\"application\/ld+json\" class=\"yoast-schema-graph\">{\"@context\":\"https:\/\/schema.org\",\"@graph\":[{\"@type\":\"Article\",\"@id\":\"https:\/\/sandzakpress.net\/arhiva\/7-maj-dan-dzamija\/#article\",\"isPartOf\":{\"@id\":\"https:\/\/sandzakpress.net\/arhiva\/7-maj-dan-dzamija\/\"},\"author\":{\"name\":\"\",\"@id\":\"\"},\"headline\":\"7. maj &#8211; Dan d\u017eamija\",\"datePublished\":\"2013-05-06T14:49:30+00:00\",\"mainEntityOfPage\":{\"@id\":\"https:\/\/sandzakpress.net\/arhiva\/7-maj-dan-dzamija\/\"},\"wordCount\":365,\"commentCount\":0,\"publisher\":{\"@id\":\"https:\/\/sandzakpress.net\/arhiva\/#\/schema\/person\/6e72b67d6e51910a1117b3b483ba20bd\"},\"image\":{\"@id\":\"https:\/\/sandzakpress.net\/arhiva\/7-maj-dan-dzamija\/#primaryimage\"},\"thumbnailUrl\":\"https:\/\/sandzakpress.net\/arhiva\/wp-content\/uploads\/2013\/05\/Gazi_Husrev-Begova_Dzamija-Begova_Dzamija.jpg\",\"articleSection\":[\"Bosna i Hercegovina\",\"Islamska zajednica\"],\"inLanguage\":\"bs-BA\",\"potentialAction\":[{\"@type\":\"CommentAction\",\"name\":\"Comment\",\"target\":[\"https:\/\/sandzakpress.net\/arhiva\/7-maj-dan-dzamija\/#respond\"]}]},{\"@type\":\"WebPage\",\"@id\":\"https:\/\/sandzakpress.net\/arhiva\/7-maj-dan-dzamija\/\",\"url\":\"https:\/\/sandzakpress.net\/arhiva\/7-maj-dan-dzamija\/\",\"name\":\"7. maj - Dan d\u017eamija\",\"isPartOf\":{\"@id\":\"https:\/\/sandzakpress.net\/arhiva\/#website\"},\"primaryImageOfPage\":{\"@id\":\"https:\/\/sandzakpress.net\/arhiva\/7-maj-dan-dzamija\/#primaryimage\"},\"image\":{\"@id\":\"https:\/\/sandzakpress.net\/arhiva\/7-maj-dan-dzamija\/#primaryimage\"},\"thumbnailUrl\":\"https:\/\/sandzakpress.net\/arhiva\/wp-content\/uploads\/2013\/05\/Gazi_Husrev-Begova_Dzamija-Begova_Dzamija.jpg\",\"datePublished\":\"2013-05-06T14:49:30+00:00\",\"breadcrumb\":{\"@id\":\"https:\/\/sandzakpress.net\/arhiva\/7-maj-dan-dzamija\/#breadcrumb\"},\"inLanguage\":\"bs-BA\",\"potentialAction\":[{\"@type\":\"ReadAction\",\"target\":[\"https:\/\/sandzakpress.net\/arhiva\/7-maj-dan-dzamija\/\"]}]},{\"@type\":\"ImageObject\",\"inLanguage\":\"bs-BA\",\"@id\":\"https:\/\/sandzakpress.net\/arhiva\/7-maj-dan-dzamija\/#primaryimage\",\"url\":\"https:\/\/sandzakpress.net\/arhiva\/wp-content\/uploads\/2013\/05\/Gazi_Husrev-Begova_Dzamija-Begova_Dzamija.jpg\",\"contentUrl\":\"https:\/\/sandzakpress.net\/arhiva\/wp-content\/uploads\/2013\/05\/Gazi_Husrev-Begova_Dzamija-Begova_Dzamija.jpg\",\"width\":600,\"height\":450},{\"@type\":\"BreadcrumbList\",\"@id\":\"https:\/\/sandzakpress.net\/arhiva\/7-maj-dan-dzamija\/#breadcrumb\",\"itemListElement\":[{\"@type\":\"ListItem\",\"position\":1,\"name\":\"Home\",\"item\":\"https:\/\/sandzakpress.net\/arhiva\/\"},{\"@type\":\"ListItem\",\"position\":2,\"name\":\"7. maj &#8211; Dan d\u017eamija\"}]},{\"@type\":\"WebSite\",\"@id\":\"https:\/\/sandzakpress.net\/arhiva\/#website\",\"url\":\"https:\/\/sandzakpress.net\/arhiva\/\",\"name\":\"Sand\u017eak PRESS\",\"description\":\"Prve elektronske novine u Sand\u017eaku\",\"publisher\":{\"@id\":\"https:\/\/sandzakpress.net\/arhiva\/#\/schema\/person\/6e72b67d6e51910a1117b3b483ba20bd\"},\"potentialAction\":[{\"@type\":\"SearchAction\",\"target\":{\"@type\":\"EntryPoint\",\"urlTemplate\":\"https:\/\/sandzakpress.net\/arhiva\/?s={search_term_string}\"},\"query-input\":{\"@type\":\"PropertyValueSpecification\",\"valueRequired\":true,\"valueName\":\"search_term_string\"}}],\"inLanguage\":\"bs-BA\"},{\"@type\":[\"Person\",\"Organization\"],\"@id\":\"https:\/\/sandzakpress.net\/arhiva\/#\/schema\/person\/6e72b67d6e51910a1117b3b483ba20bd\",\"name\":\"Kul\",\"image\":{\"@type\":\"ImageObject\",\"inLanguage\":\"bs-BA\",\"@id\":\"https:\/\/sandzakpress.net\/arhiva\/#\/schema\/person\/image\/\",\"url\":\"https:\/\/secure.gravatar.com\/avatar\/42263f39aa27ac04c43cab85c280eb2e?s=96&d=mm&r=pg\",\"contentUrl\":\"https:\/\/secure.gravatar.com\/avatar\/42263f39aa27ac04c43cab85c280eb2e?s=96&d=mm&r=pg\",\"caption\":\"Kul\"},\"logo\":{\"@id\":\"https:\/\/sandzakpress.net\/arhiva\/#\/schema\/person\/image\/\"}},{\"@type\":\"Person\",\"@id\":\"\",\"url\":\"https:\/\/sandzakpress.net\/arhiva\/author\/\"}]}<\/script>\n<!-- \/ Yoast SEO Premium plugin. -->","yoast_head_json":{"title":"7. maj - Dan d\u017eamija","robots":{"index":"index","follow":"follow","max-snippet":"max-snippet:-1","max-image-preview":"max-image-preview:large","max-video-preview":"max-video-preview:-1"},"canonical":"https:\/\/sandzakpress.net\/arhiva\/7-maj-dan-dzamija\/","og_locale":"bs_BA","og_type":"article","og_title":"7. maj - Dan d\u017eamija","og_description":"BIH &#8211; Svakog 7. maja od zavr\u0161etka posljednje agresije na Bosnu i Hercegovinu, Islamska zajednica i Bo\u0161njaci obilje\u017eavaju Dan d\u017eamija. U no\u0107i 7. maja 1993. godine, mu\u010dki i kukavi\u010dki minirana je jedna od najzna\u010dajnijih \u00a0d\u017eamija u Bosni i Hercegovini, po svojoj ljepoti \u010duvena Banjalu\u010dka Ferhadija, monumentalna zadu\u017ebina plemenitog Ferhat-pa\u0161e Sokolovi\u0107a. Dan d\u017eamija &#8211; 7. maja [&hellip;]","og_url":"https:\/\/sandzakpress.net\/arhiva\/7-maj-dan-dzamija\/","og_site_name":"Sand\u017eak PRESS","article_published_time":"2013-05-06T14:49:30+00:00","og_image":[{"width":600,"height":450,"url":"https:\/\/sandzakpress.net\/arhiva\/wp-content\/uploads\/2013\/05\/Gazi_Husrev-Begova_Dzamija-Begova_Dzamija.jpg","type":"image\/jpeg"}],"twitter_card":"summary_large_image","twitter_misc":{"Written by":"","Est. reading time":"2 minute"},"schema":{"@context":"https:\/\/schema.org","@graph":[{"@type":"Article","@id":"https:\/\/sandzakpress.net\/arhiva\/7-maj-dan-dzamija\/#article","isPartOf":{"@id":"https:\/\/sandzakpress.net\/arhiva\/7-maj-dan-dzamija\/"},"author":{"name":"","@id":""},"headline":"7. maj &#8211; Dan d\u017eamija","datePublished":"2013-05-06T14:49:30+00:00","mainEntityOfPage":{"@id":"https:\/\/sandzakpress.net\/arhiva\/7-maj-dan-dzamija\/"},"wordCount":365,"commentCount":0,"publisher":{"@id":"https:\/\/sandzakpress.net\/arhiva\/#\/schema\/person\/6e72b67d6e51910a1117b3b483ba20bd"},"image":{"@id":"https:\/\/sandzakpress.net\/arhiva\/7-maj-dan-dzamija\/#primaryimage"},"thumbnailUrl":"https:\/\/sandzakpress.net\/arhiva\/wp-content\/uploads\/2013\/05\/Gazi_Husrev-Begova_Dzamija-Begova_Dzamija.jpg","articleSection":["Bosna i Hercegovina","Islamska zajednica"],"inLanguage":"bs-BA","potentialAction":[{"@type":"CommentAction","name":"Comment","target":["https:\/\/sandzakpress.net\/arhiva\/7-maj-dan-dzamija\/#respond"]}]},{"@type":"WebPage","@id":"https:\/\/sandzakpress.net\/arhiva\/7-maj-dan-dzamija\/","url":"https:\/\/sandzakpress.net\/arhiva\/7-maj-dan-dzamija\/","name":"7. maj - Dan d\u017eamija","isPartOf":{"@id":"https:\/\/sandzakpress.net\/arhiva\/#website"},"primaryImageOfPage":{"@id":"https:\/\/sandzakpress.net\/arhiva\/7-maj-dan-dzamija\/#primaryimage"},"image":{"@id":"https:\/\/sandzakpress.net\/arhiva\/7-maj-dan-dzamija\/#primaryimage"},"thumbnailUrl":"https:\/\/sandzakpress.net\/arhiva\/wp-content\/uploads\/2013\/05\/Gazi_Husrev-Begova_Dzamija-Begova_Dzamija.jpg","datePublished":"2013-05-06T14:49:30+00:00","breadcrumb":{"@id":"https:\/\/sandzakpress.net\/arhiva\/7-maj-dan-dzamija\/#breadcrumb"},"inLanguage":"bs-BA","potentialAction":[{"@type":"ReadAction","target":["https:\/\/sandzakpress.net\/arhiva\/7-maj-dan-dzamija\/"]}]},{"@type":"ImageObject","inLanguage":"bs-BA","@id":"https:\/\/sandzakpress.net\/arhiva\/7-maj-dan-dzamija\/#primaryimage","url":"https:\/\/sandzakpress.net\/arhiva\/wp-content\/uploads\/2013\/05\/Gazi_Husrev-Begova_Dzamija-Begova_Dzamija.jpg","contentUrl":"https:\/\/sandzakpress.net\/arhiva\/wp-content\/uploads\/2013\/05\/Gazi_Husrev-Begova_Dzamija-Begova_Dzamija.jpg","width":600,"height":450},{"@type":"BreadcrumbList","@id":"https:\/\/sandzakpress.net\/arhiva\/7-maj-dan-dzamija\/#breadcrumb","itemListElement":[{"@type":"ListItem","position":1,"name":"Home","item":"https:\/\/sandzakpress.net\/arhiva\/"},{"@type":"ListItem","position":2,"name":"7. maj &#8211; Dan d\u017eamija"}]},{"@type":"WebSite","@id":"https:\/\/sandzakpress.net\/arhiva\/#website","url":"https:\/\/sandzakpress.net\/arhiva\/","name":"Sand\u017eak PRESS","description":"Prve elektronske novine u Sand\u017eaku","publisher":{"@id":"https:\/\/sandzakpress.net\/arhiva\/#\/schema\/person\/6e72b67d6e51910a1117b3b483ba20bd"},"potentialAction":[{"@type":"SearchAction","target":{"@type":"EntryPoint","urlTemplate":"https:\/\/sandzakpress.net\/arhiva\/?s={search_term_string}"},"query-input":{"@type":"PropertyValueSpecification","valueRequired":true,"valueName":"search_term_string"}}],"inLanguage":"bs-BA"},{"@type":["Person","Organization"],"@id":"https:\/\/sandzakpress.net\/arhiva\/#\/schema\/person\/6e72b67d6e51910a1117b3b483ba20bd","name":"Kul","image":{"@type":"ImageObject","inLanguage":"bs-BA","@id":"https:\/\/sandzakpress.net\/arhiva\/#\/schema\/person\/image\/","url":"https:\/\/secure.gravatar.com\/avatar\/42263f39aa27ac04c43cab85c280eb2e?s=96&d=mm&r=pg","contentUrl":"https:\/\/secure.gravatar.com\/avatar\/42263f39aa27ac04c43cab85c280eb2e?s=96&d=mm&r=pg","caption":"Kul"},"logo":{"@id":"https:\/\/sandzakpress.net\/arhiva\/#\/schema\/person\/image\/"}},{"@type":"Person","@id":"","url":"https:\/\/sandzakpress.net\/arhiva\/author\/"}]}},"_links":{"self":[{"href":"https:\/\/sandzakpress.net\/arhiva\/wp-json\/wp\/v2\/posts\/74936"}],"collection":[{"href":"https:\/\/sandzakpress.net\/arhiva\/wp-json\/wp\/v2\/posts"}],"about":[{"href":"https:\/\/sandzakpress.net\/arhiva\/wp-json\/wp\/v2\/types\/post"}],"author":[{"embeddable":true,"href":"https:\/\/sandzakpress.net\/arhiva\/wp-json\/wp\/v2\/users\/16"}],"replies":[{"embeddable":true,"href":"https:\/\/sandzakpress.net\/arhiva\/wp-json\/wp\/v2\/comments?post=74936"}],"version-history":[{"count":0,"href":"https:\/\/sandzakpress.net\/arhiva\/wp-json\/wp\/v2\/posts\/74936\/revisions"}],"wp:featuredmedia":[{"embeddable":true,"href":"https:\/\/sandzakpress.net\/arhiva\/wp-json\/wp\/v2\/media\/74937"}],"wp:attachment":[{"href":"https:\/\/sandzakpress.net\/arhiva\/wp-json\/wp\/v2\/media?parent=74936"}],"wp:term":[{"taxonomy":"category","embeddable":true,"href":"https:\/\/sandzakpress.net\/arhiva\/wp-json\/wp\/v2\/categories?post=74936"},{"taxonomy":"post_tag","embeddable":true,"href":"https:\/\/sandzakpress.net\/arhiva\/wp-json\/wp\/v2\/tags?post=74936"}],"curies":[{"name":"wp","href":"https:\/\/api.w.org\/{rel}","templated":true}]}}