{"id":74917,"date":"2013-05-06T16:35:08","date_gmt":"2013-05-06T14:35:08","guid":{"rendered":"https:\/\/sandzakpress.net\/arhiva\/?p=74917"},"modified":"2013-05-06T16:35:08","modified_gmt":"2013-05-06T14:35:08","slug":"rastoder-stekli-se-uslovi-da-petnjica-bude-opstina","status":"publish","type":"post","link":"https:\/\/sandzakpress.net\/arhiva\/rastoder-stekli-se-uslovi-da-petnjica-bude-opstina\/","title":{"rendered":"Rastoder: Stekli se uslovi da Petnjica bude op\u0161tina"},"content":{"rendered":"<p><strong><a href=\"https:\/\/sandzakpress.net\/arhiva\/wp-content\/uploads\/2013\/05\/SCG_3287.jpg\"><img loading=\"lazy\" decoding=\"async\" class=\"alignleft size-medium wp-image-74918\" title=\"SCG_3287\" src=\"https:\/\/sandzakpress.net\/arhiva\/wp-content\/uploads\/2013\/05\/SCG_3287-300x199.jpg\" alt=\"\" width=\"300\" height=\"199\" \/><\/a>Berane, Ro\u017eaje, Plav &#8211; Poslanik SDP-a Rifat Rastoder ocijenio je da su se stekli se svi uslovi za pozitivnu odluku o zahtjevu gra\u0111ana Petnjice za vra\u0107anje statusa op\u0161tine tom podru\u010dju. Rastoder, koji je i jedan od predlaga\u010da, kazao je da je prijedlog zakona bio uvr\u0161ten kao \u0161esta ta\u010dka Predloga dnevnog reda tre\u0107e sjednice Skup\u0161tine, koja je trebala zapo\u010deti 10. aprila, ali je zbog predsjedni\u010dkih izbora odgo\u0111ena i po\u010dela 30. aprila.<\/strong><\/p>\n<p>Rastoder je ocijenio da je Prijedlog zakona pro\u0161ao cjelokupnu, komplikovanu i dugu proceduru, navode\u0107i da nije motivisan \u201enikakvim uskopoliti\u010dkim, odnosno uskostrana\u010dkim, uskonacionalnim ili bilo kojim drugim iracionalnim ralozima\u201c.<\/p>\n<p>\u201eIsklju\u010divi motiv predlaga\u010da je osje\u0107aj \u017eelje i obaveze da se iza\u0111e u susret vi\u0161edecenijskom zahtjevu gra\u0111ana da im se dozvoli da se lokalnom samoupravom, poku\u0161aju izboriti za o\u010duvanje \u017eivota ljudi na ovom podru\u010dj\u201c, rekao je Rastoder agenciji Mina.<\/p>\n<p>On je ukazao da je Petnjica geografski, ekonomski i kulturolo\u0161ki kompaktna cjelina, jer obuhvata povr\u0161inu od 173 kvadratnih kilometara sa 28 naselja u kojima, prema popisu iz 2011. godine, bez radnika na privremenom radu u raznim evropskim i drugim dr\u017eavama, \u017eivi 6.713 stanovnika.<\/p>\n<p>\u201eUdaljenost pojedinih naselja od mjesnog centra Petnjica kre\u0107e se i do 20, a od Berana i do 40 kilometara. Tako da su \u017eitelji ovih sela primorani da i za najmanju potvrdu pre\u0111u, \u010desto i uzalud, ukupno 80 kilometara u jednom i drugom pravcu\u201c, kazao je Rastoder.<\/p>\n<p>Prema njegovim rije\u010dima, u 13 ustanova zaposleno je 185 osoba, dok u privrednom sektoru radi njih 190. Poljoprivredom, kao osnovnom djelatno\u0161\u0107u, dodao je, bavi se 1.137 doma\u0107instava.<\/p>\n<p>Zna\u010dajan resurs Petnjice, rekao je, jesu pitka voda i hidropotencijal.<\/p>\n<p>\u201eUpravo iz velikog broja izvora, uglavnom pitke vode visokog kvaliteta, podru\u010djem te\u010de desetak rijeka i rje\u010dica, koje se sve, u donjem toku, slivaju u jedan tok, odnosno rijeku Lje\u0161nicu, zna\u010dajnog hidropotencijala\u201c, kazao je Rastoder.<\/p>\n<p>Kako je naveo, sliv je ukupno veoma pogodan za izgradnju malih i srednjih hidroelektrana.<\/p>\n<p>\u201eO tome mo\u017eda i dovoljno govori \u010dinjenica da je svojevremno na slivu funkcionisalo 137 vodjenica za mljevenje \u017eita. Istra\u017eivanjima i projektima iz 1979. godine, Elektroprivreda je, umnogome va\u0107 izanaliziral hidropotencijal ovog podru\u010dja, ali ni\u0161ta nije u\u010dijeno na njegovoj valorizaciji\u201c, naveo je Rastoder.<\/p>\n<p>On je kazao i da je podru\u010dje Petnjice, tako\u0111e, prirodno najuslovnija i najkra\u0107a veza Crne Gore sa sredi\u0161njom Srbijom, \u201eali je najvjerovatnije zbog tipi\u010dno iracionalnih razloga ostala neiskori\u0161\u0107ena, a podru\u010dje decenijama ve\u0107 ostavljeno bez ikakve komunikacija sa okolnim centrima\u201c.<\/p>\n<p>Rastoder je kazao da, uprkos o\u010diglednoj razvojnoj zapu\u0161tenosti, analize postoje\u0107eg fiskalnog kapaciteta Op\u0161tine Berane i podru\u010dja Petnjice, govore o finansjskoj samoodr\u017eivosti budu\u0107e op\u0161tine.<\/p>\n<p>\u201eAnalize su pokazale da procijenjeni fiskalni kapacitet podru\u010dja Petnjice po stanovniku, nije manji od sli\u010dnog kapaciteta Op\u0161tine Berane iz koje se podru\u010dje izdvaja. Prevashodni motiv predlaga\u010da i samog Predloga je bolja organizacija radi bolje valorizacije raspolo\u017eivih resursa\u201c, ukazao je Rastoder.<\/p>\n<p>Da li \u0107e tako i biti, dodao je, zavisi\u0107e od gra\u0111ana i njihovih politi\u010dkih i drugih predstavnika, odnosno od umje\u0107a da izborenu \u0161ansu i iskoriste.<\/p>\n<p>U protivnom, smatra on, sami sebi \u0107e po\u010diniti najve\u0107u \u0161tetu.<\/p>\n<p>\u201eMi smo \u010dvrsto uvjereni, a i Vlada je, na osnovu veoma temeljite analize, ocijenila da su ispunjeni uslovi za predlo\u017eenu teritorijalnu promjenu da podru\u010dje Petnjice, odnosno Gornjeg Bihora, kod Berana, ponovo dobije status op\u0161tine, koje je poslije vjekovnog u\u017eivanja, izgubilo 1957. godine\u201c, kazao je Rastoder.<\/p>\n<p>Kako je rekao, nakon o\u010dekivane odluke Skup\u0161tine, shodno odgovaraju\u0107oj odredbi, Zakonu o teritorijalnoj organizaciji Crne Gore, predsjednik dr\u017eave je du\u017ean, najkasnije u roku od tri mjeseca, raspisati lokalne parlamentarne izbore u novokonstituisanoj kao i op\u0161tini iz koje se ista izdvaja.<\/p>\n<p>Na osnovu tih izbora, dodao je, slijedi konstituisanje odgovaraju\u0107i organa i institucija.<\/p>\n<p>Od ukupno upisanih 6.266 bira\u010da sa podru\u010dja Petnjice, odnosno Gornjeg Bihora, njih 4.673 ili 74,57 odsto glasalo je na pro\u0161logodi\u0161njem konsultativnom referendumu o opravdanosti formiranja op\u0161tine.<\/p>\n<p>Za je glasalo njih 4.641 ili 99,81 odsto a protiv njih devet.<\/p>\n<p>Na nivou Op\u0161tine Berane, od ukupno upisanih 29.943 bira\u010da, glasalo je njih 7.458 ili 25,24 odsto.<\/p>\n<p>Za je glasalo 6.998 ili 23,37 odsto a protiv je bilo njih 418. Neva\u017ee\u0107ih listi\u0107a bilo je ukupno 42.<\/p>\n<p>(RTCG)<\/p>\n","protected":false},"excerpt":{"rendered":"<p>Berane, Ro\u017eaje, Plav &#8211; Poslanik SDP-a Rifat Rastoder ocijenio je da su se stekli se svi uslovi za pozitivnu odluku o zahtjevu gra\u0111ana Petnjice za vra\u0107anje statusa op\u0161tine tom podru\u010dju. Rastoder, koji je i jedan od predlaga\u010da, kazao je da je prijedlog zakona bio uvr\u0161ten kao \u0161esta ta\u010dka Predloga dnevnog reda tre\u0107e sjednice Skup\u0161tine, koja [&hellip;]<\/p>\n","protected":false},"author":16,"featured_media":74918,"comment_status":"open","ping_status":"open","sticky":false,"template":"","format":"standard","meta":{"footnotes":""},"categories":[398,1,397,399],"tags":[],"class_list":{"0":"post-74917","1":"post","2":"type-post","3":"status-publish","4":"format-standard","5":"has-post-thumbnail","7":"category-rozaje","8":"category-politika","9":"category-berane","10":"category-plav_"},"yoast_head":"<!-- This site is optimized with the Yoast SEO Premium plugin v23.1 (Yoast SEO v24.9) - https:\/\/yoast.com\/wordpress\/plugins\/seo\/ -->\n<title>Rastoder: Stekli se uslovi da Petnjica bude op\u0161tina<\/title>\n<meta name=\"robots\" content=\"index, follow, max-snippet:-1, max-image-preview:large, max-video-preview:-1\" \/>\n<link rel=\"canonical\" href=\"https:\/\/sandzakpress.net\/arhiva\/rastoder-stekli-se-uslovi-da-petnjica-bude-opstina\/\" \/>\n<meta property=\"og:locale\" content=\"bs_BA\" \/>\n<meta property=\"og:type\" content=\"article\" \/>\n<meta property=\"og:title\" content=\"Rastoder: Stekli se uslovi da Petnjica bude op\u0161tina\" \/>\n<meta property=\"og:description\" content=\"Berane, Ro\u017eaje, Plav &#8211; Poslanik SDP-a Rifat Rastoder ocijenio je da su se stekli se svi uslovi za pozitivnu odluku o zahtjevu gra\u0111ana Petnjice za vra\u0107anje statusa op\u0161tine tom podru\u010dju. Rastoder, koji je i jedan od predlaga\u010da, kazao je da je prijedlog zakona bio uvr\u0161ten kao \u0161esta ta\u010dka Predloga dnevnog reda tre\u0107e sjednice Skup\u0161tine, koja [&hellip;]\" \/>\n<meta property=\"og:url\" content=\"https:\/\/sandzakpress.net\/arhiva\/rastoder-stekli-se-uslovi-da-petnjica-bude-opstina\/\" \/>\n<meta property=\"og:site_name\" content=\"Sand\u017eak PRESS\" \/>\n<meta property=\"article:published_time\" content=\"2013-05-06T14:35:08+00:00\" \/>\n<meta property=\"og:image\" content=\"https:\/\/sandzakpress.net\/arhiva\/wp-content\/uploads\/2013\/05\/SCG_3287.jpg\" \/>\n\t<meta property=\"og:image:width\" content=\"616\" \/>\n\t<meta property=\"og:image:height\" content=\"409\" \/>\n\t<meta property=\"og:image:type\" content=\"image\/jpeg\" \/>\n<meta name=\"twitter:card\" content=\"summary_large_image\" \/>\n<meta name=\"twitter:label1\" content=\"Written by\" \/>\n\t<meta name=\"twitter:data1\" content=\"\" \/>\n\t<meta name=\"twitter:label2\" content=\"Est. reading time\" \/>\n\t<meta name=\"twitter:data2\" content=\"4 minute\" \/>\n<script type=\"application\/ld+json\" class=\"yoast-schema-graph\">{\"@context\":\"https:\/\/schema.org\",\"@graph\":[{\"@type\":\"Article\",\"@id\":\"https:\/\/sandzakpress.net\/arhiva\/rastoder-stekli-se-uslovi-da-petnjica-bude-opstina\/#article\",\"isPartOf\":{\"@id\":\"https:\/\/sandzakpress.net\/arhiva\/rastoder-stekli-se-uslovi-da-petnjica-bude-opstina\/\"},\"author\":{\"name\":\"\",\"@id\":\"\"},\"headline\":\"Rastoder: Stekli se uslovi da Petnjica bude op\u0161tina\",\"datePublished\":\"2013-05-06T14:35:08+00:00\",\"mainEntityOfPage\":{\"@id\":\"https:\/\/sandzakpress.net\/arhiva\/rastoder-stekli-se-uslovi-da-petnjica-bude-opstina\/\"},\"wordCount\":735,\"commentCount\":1,\"publisher\":{\"@id\":\"https:\/\/sandzakpress.net\/arhiva\/#\/schema\/person\/6e72b67d6e51910a1117b3b483ba20bd\"},\"image\":{\"@id\":\"https:\/\/sandzakpress.net\/arhiva\/rastoder-stekli-se-uslovi-da-petnjica-bude-opstina\/#primaryimage\"},\"thumbnailUrl\":\"https:\/\/sandzakpress.net\/arhiva\/wp-content\/uploads\/2013\/05\/SCG_3287.jpg\",\"articleSection\":[\"Ro\u017eaje\",\"Politika\",\"Berane\",\"Plav\"],\"inLanguage\":\"bs-BA\",\"potentialAction\":[{\"@type\":\"CommentAction\",\"name\":\"Comment\",\"target\":[\"https:\/\/sandzakpress.net\/arhiva\/rastoder-stekli-se-uslovi-da-petnjica-bude-opstina\/#respond\"]}]},{\"@type\":\"WebPage\",\"@id\":\"https:\/\/sandzakpress.net\/arhiva\/rastoder-stekli-se-uslovi-da-petnjica-bude-opstina\/\",\"url\":\"https:\/\/sandzakpress.net\/arhiva\/rastoder-stekli-se-uslovi-da-petnjica-bude-opstina\/\",\"name\":\"Rastoder: Stekli se uslovi da Petnjica bude op\u0161tina\",\"isPartOf\":{\"@id\":\"https:\/\/sandzakpress.net\/arhiva\/#website\"},\"primaryImageOfPage\":{\"@id\":\"https:\/\/sandzakpress.net\/arhiva\/rastoder-stekli-se-uslovi-da-petnjica-bude-opstina\/#primaryimage\"},\"image\":{\"@id\":\"https:\/\/sandzakpress.net\/arhiva\/rastoder-stekli-se-uslovi-da-petnjica-bude-opstina\/#primaryimage\"},\"thumbnailUrl\":\"https:\/\/sandzakpress.net\/arhiva\/wp-content\/uploads\/2013\/05\/SCG_3287.jpg\",\"datePublished\":\"2013-05-06T14:35:08+00:00\",\"breadcrumb\":{\"@id\":\"https:\/\/sandzakpress.net\/arhiva\/rastoder-stekli-se-uslovi-da-petnjica-bude-opstina\/#breadcrumb\"},\"inLanguage\":\"bs-BA\",\"potentialAction\":[{\"@type\":\"ReadAction\",\"target\":[\"https:\/\/sandzakpress.net\/arhiva\/rastoder-stekli-se-uslovi-da-petnjica-bude-opstina\/\"]}]},{\"@type\":\"ImageObject\",\"inLanguage\":\"bs-BA\",\"@id\":\"https:\/\/sandzakpress.net\/arhiva\/rastoder-stekli-se-uslovi-da-petnjica-bude-opstina\/#primaryimage\",\"url\":\"https:\/\/sandzakpress.net\/arhiva\/wp-content\/uploads\/2013\/05\/SCG_3287.jpg\",\"contentUrl\":\"https:\/\/sandzakpress.net\/arhiva\/wp-content\/uploads\/2013\/05\/SCG_3287.jpg\",\"width\":616,\"height\":409},{\"@type\":\"BreadcrumbList\",\"@id\":\"https:\/\/sandzakpress.net\/arhiva\/rastoder-stekli-se-uslovi-da-petnjica-bude-opstina\/#breadcrumb\",\"itemListElement\":[{\"@type\":\"ListItem\",\"position\":1,\"name\":\"Home\",\"item\":\"https:\/\/sandzakpress.net\/arhiva\/\"},{\"@type\":\"ListItem\",\"position\":2,\"name\":\"Rastoder: Stekli se uslovi da Petnjica bude op\u0161tina\"}]},{\"@type\":\"WebSite\",\"@id\":\"https:\/\/sandzakpress.net\/arhiva\/#website\",\"url\":\"https:\/\/sandzakpress.net\/arhiva\/\",\"name\":\"Sand\u017eak PRESS\",\"description\":\"Prve elektronske novine u Sand\u017eaku\",\"publisher\":{\"@id\":\"https:\/\/sandzakpress.net\/arhiva\/#\/schema\/person\/6e72b67d6e51910a1117b3b483ba20bd\"},\"potentialAction\":[{\"@type\":\"SearchAction\",\"target\":{\"@type\":\"EntryPoint\",\"urlTemplate\":\"https:\/\/sandzakpress.net\/arhiva\/?s={search_term_string}\"},\"query-input\":{\"@type\":\"PropertyValueSpecification\",\"valueRequired\":true,\"valueName\":\"search_term_string\"}}],\"inLanguage\":\"bs-BA\"},{\"@type\":[\"Person\",\"Organization\"],\"@id\":\"https:\/\/sandzakpress.net\/arhiva\/#\/schema\/person\/6e72b67d6e51910a1117b3b483ba20bd\",\"name\":\"Kul\",\"image\":{\"@type\":\"ImageObject\",\"inLanguage\":\"bs-BA\",\"@id\":\"https:\/\/sandzakpress.net\/arhiva\/#\/schema\/person\/image\/\",\"url\":\"https:\/\/secure.gravatar.com\/avatar\/42263f39aa27ac04c43cab85c280eb2e?s=96&d=mm&r=pg\",\"contentUrl\":\"https:\/\/secure.gravatar.com\/avatar\/42263f39aa27ac04c43cab85c280eb2e?s=96&d=mm&r=pg\",\"caption\":\"Kul\"},\"logo\":{\"@id\":\"https:\/\/sandzakpress.net\/arhiva\/#\/schema\/person\/image\/\"}},{\"@type\":\"Person\",\"@id\":\"\",\"url\":\"https:\/\/sandzakpress.net\/arhiva\/author\/\"}]}<\/script>\n<!-- \/ Yoast SEO Premium plugin. -->","yoast_head_json":{"title":"Rastoder: Stekli se uslovi da Petnjica bude op\u0161tina","robots":{"index":"index","follow":"follow","max-snippet":"max-snippet:-1","max-image-preview":"max-image-preview:large","max-video-preview":"max-video-preview:-1"},"canonical":"https:\/\/sandzakpress.net\/arhiva\/rastoder-stekli-se-uslovi-da-petnjica-bude-opstina\/","og_locale":"bs_BA","og_type":"article","og_title":"Rastoder: Stekli se uslovi da Petnjica bude op\u0161tina","og_description":"Berane, Ro\u017eaje, Plav &#8211; Poslanik SDP-a Rifat Rastoder ocijenio je da su se stekli se svi uslovi za pozitivnu odluku o zahtjevu gra\u0111ana Petnjice za vra\u0107anje statusa op\u0161tine tom podru\u010dju. Rastoder, koji je i jedan od predlaga\u010da, kazao je da je prijedlog zakona bio uvr\u0161ten kao \u0161esta ta\u010dka Predloga dnevnog reda tre\u0107e sjednice Skup\u0161tine, koja [&hellip;]","og_url":"https:\/\/sandzakpress.net\/arhiva\/rastoder-stekli-se-uslovi-da-petnjica-bude-opstina\/","og_site_name":"Sand\u017eak PRESS","article_published_time":"2013-05-06T14:35:08+00:00","og_image":[{"width":616,"height":409,"url":"https:\/\/sandzakpress.net\/arhiva\/wp-content\/uploads\/2013\/05\/SCG_3287.jpg","type":"image\/jpeg"}],"twitter_card":"summary_large_image","twitter_misc":{"Written by":"","Est. reading time":"4 minute"},"schema":{"@context":"https:\/\/schema.org","@graph":[{"@type":"Article","@id":"https:\/\/sandzakpress.net\/arhiva\/rastoder-stekli-se-uslovi-da-petnjica-bude-opstina\/#article","isPartOf":{"@id":"https:\/\/sandzakpress.net\/arhiva\/rastoder-stekli-se-uslovi-da-petnjica-bude-opstina\/"},"author":{"name":"","@id":""},"headline":"Rastoder: Stekli se uslovi da Petnjica bude op\u0161tina","datePublished":"2013-05-06T14:35:08+00:00","mainEntityOfPage":{"@id":"https:\/\/sandzakpress.net\/arhiva\/rastoder-stekli-se-uslovi-da-petnjica-bude-opstina\/"},"wordCount":735,"commentCount":1,"publisher":{"@id":"https:\/\/sandzakpress.net\/arhiva\/#\/schema\/person\/6e72b67d6e51910a1117b3b483ba20bd"},"image":{"@id":"https:\/\/sandzakpress.net\/arhiva\/rastoder-stekli-se-uslovi-da-petnjica-bude-opstina\/#primaryimage"},"thumbnailUrl":"https:\/\/sandzakpress.net\/arhiva\/wp-content\/uploads\/2013\/05\/SCG_3287.jpg","articleSection":["Ro\u017eaje","Politika","Berane","Plav"],"inLanguage":"bs-BA","potentialAction":[{"@type":"CommentAction","name":"Comment","target":["https:\/\/sandzakpress.net\/arhiva\/rastoder-stekli-se-uslovi-da-petnjica-bude-opstina\/#respond"]}]},{"@type":"WebPage","@id":"https:\/\/sandzakpress.net\/arhiva\/rastoder-stekli-se-uslovi-da-petnjica-bude-opstina\/","url":"https:\/\/sandzakpress.net\/arhiva\/rastoder-stekli-se-uslovi-da-petnjica-bude-opstina\/","name":"Rastoder: Stekli se uslovi da Petnjica bude op\u0161tina","isPartOf":{"@id":"https:\/\/sandzakpress.net\/arhiva\/#website"},"primaryImageOfPage":{"@id":"https:\/\/sandzakpress.net\/arhiva\/rastoder-stekli-se-uslovi-da-petnjica-bude-opstina\/#primaryimage"},"image":{"@id":"https:\/\/sandzakpress.net\/arhiva\/rastoder-stekli-se-uslovi-da-petnjica-bude-opstina\/#primaryimage"},"thumbnailUrl":"https:\/\/sandzakpress.net\/arhiva\/wp-content\/uploads\/2013\/05\/SCG_3287.jpg","datePublished":"2013-05-06T14:35:08+00:00","breadcrumb":{"@id":"https:\/\/sandzakpress.net\/arhiva\/rastoder-stekli-se-uslovi-da-petnjica-bude-opstina\/#breadcrumb"},"inLanguage":"bs-BA","potentialAction":[{"@type":"ReadAction","target":["https:\/\/sandzakpress.net\/arhiva\/rastoder-stekli-se-uslovi-da-petnjica-bude-opstina\/"]}]},{"@type":"ImageObject","inLanguage":"bs-BA","@id":"https:\/\/sandzakpress.net\/arhiva\/rastoder-stekli-se-uslovi-da-petnjica-bude-opstina\/#primaryimage","url":"https:\/\/sandzakpress.net\/arhiva\/wp-content\/uploads\/2013\/05\/SCG_3287.jpg","contentUrl":"https:\/\/sandzakpress.net\/arhiva\/wp-content\/uploads\/2013\/05\/SCG_3287.jpg","width":616,"height":409},{"@type":"BreadcrumbList","@id":"https:\/\/sandzakpress.net\/arhiva\/rastoder-stekli-se-uslovi-da-petnjica-bude-opstina\/#breadcrumb","itemListElement":[{"@type":"ListItem","position":1,"name":"Home","item":"https:\/\/sandzakpress.net\/arhiva\/"},{"@type":"ListItem","position":2,"name":"Rastoder: Stekli se uslovi da Petnjica bude op\u0161tina"}]},{"@type":"WebSite","@id":"https:\/\/sandzakpress.net\/arhiva\/#website","url":"https:\/\/sandzakpress.net\/arhiva\/","name":"Sand\u017eak PRESS","description":"Prve elektronske novine u Sand\u017eaku","publisher":{"@id":"https:\/\/sandzakpress.net\/arhiva\/#\/schema\/person\/6e72b67d6e51910a1117b3b483ba20bd"},"potentialAction":[{"@type":"SearchAction","target":{"@type":"EntryPoint","urlTemplate":"https:\/\/sandzakpress.net\/arhiva\/?s={search_term_string}"},"query-input":{"@type":"PropertyValueSpecification","valueRequired":true,"valueName":"search_term_string"}}],"inLanguage":"bs-BA"},{"@type":["Person","Organization"],"@id":"https:\/\/sandzakpress.net\/arhiva\/#\/schema\/person\/6e72b67d6e51910a1117b3b483ba20bd","name":"Kul","image":{"@type":"ImageObject","inLanguage":"bs-BA","@id":"https:\/\/sandzakpress.net\/arhiva\/#\/schema\/person\/image\/","url":"https:\/\/secure.gravatar.com\/avatar\/42263f39aa27ac04c43cab85c280eb2e?s=96&d=mm&r=pg","contentUrl":"https:\/\/secure.gravatar.com\/avatar\/42263f39aa27ac04c43cab85c280eb2e?s=96&d=mm&r=pg","caption":"Kul"},"logo":{"@id":"https:\/\/sandzakpress.net\/arhiva\/#\/schema\/person\/image\/"}},{"@type":"Person","@id":"","url":"https:\/\/sandzakpress.net\/arhiva\/author\/"}]}},"_links":{"self":[{"href":"https:\/\/sandzakpress.net\/arhiva\/wp-json\/wp\/v2\/posts\/74917"}],"collection":[{"href":"https:\/\/sandzakpress.net\/arhiva\/wp-json\/wp\/v2\/posts"}],"about":[{"href":"https:\/\/sandzakpress.net\/arhiva\/wp-json\/wp\/v2\/types\/post"}],"author":[{"embeddable":true,"href":"https:\/\/sandzakpress.net\/arhiva\/wp-json\/wp\/v2\/users\/16"}],"replies":[{"embeddable":true,"href":"https:\/\/sandzakpress.net\/arhiva\/wp-json\/wp\/v2\/comments?post=74917"}],"version-history":[{"count":0,"href":"https:\/\/sandzakpress.net\/arhiva\/wp-json\/wp\/v2\/posts\/74917\/revisions"}],"wp:featuredmedia":[{"embeddable":true,"href":"https:\/\/sandzakpress.net\/arhiva\/wp-json\/wp\/v2\/media\/74918"}],"wp:attachment":[{"href":"https:\/\/sandzakpress.net\/arhiva\/wp-json\/wp\/v2\/media?parent=74917"}],"wp:term":[{"taxonomy":"category","embeddable":true,"href":"https:\/\/sandzakpress.net\/arhiva\/wp-json\/wp\/v2\/categories?post=74917"},{"taxonomy":"post_tag","embeddable":true,"href":"https:\/\/sandzakpress.net\/arhiva\/wp-json\/wp\/v2\/tags?post=74917"}],"curies":[{"name":"wp","href":"https:\/\/api.w.org\/{rel}","templated":true}]}}