{"id":74787,"date":"2013-05-02T16:43:24","date_gmt":"2013-05-02T14:43:24","guid":{"rendered":"https:\/\/sandzakpress.net\/arhiva\/?p=74787"},"modified":"2013-05-02T18:03:37","modified_gmt":"2013-05-02T16:03:37","slug":"prije-ce-sandzak-i-vojvodina-iz-srbije-nego-rs-iz-bih","status":"publish","type":"post","link":"https:\/\/sandzakpress.net\/arhiva\/prije-ce-sandzak-i-vojvodina-iz-srbije-nego-rs-iz-bih\/","title":{"rendered":"Prije \u0107e Sand\u017eak i Vojvodina iz Srbije nego RS iz BIH"},"content":{"rendered":"<p style=\"margin: 0px 0px 10px; padding: 0px; color: #000000; font-family: arial; font-size: 12px; font-style: normal; font-variant: normal; font-weight: normal; letter-spacing: normal; line-height: 18px; orphans: auto; text-indent: 0px; text-transform: none; white-space: normal; widows: auto; word-spacing: 0px; -webkit-text-size-adjust: auto; -webkit-text-stroke-width: 0px; background-color: #ffffff; text-align: justify;\"><strong><a href=\"https:\/\/sandzakpress.net\/arhiva\/wp-content\/uploads\/2013\/05\/halilovic-u-studiju.jpg\"><img loading=\"lazy\" decoding=\"async\" class=\"alignleft size-medium wp-image-74788\" title=\"halilovic-u-studiju\" src=\"https:\/\/sandzakpress.net\/arhiva\/wp-content\/uploads\/2013\/05\/halilovic-u-studiju-300x225.jpg\" alt=\"\" width=\"256\" height=\"192\" \/><\/a>BIH, Sjeverni Sand\u017eak &#8211; Nakon izjava predsjednika RS Milorada Dodika, da Federacija BiH ko\u0161ta Republiku Srpsku, ko\u010di RS, te da ko\u010di evropski put RS-a, oglasila se i Bh. patriotska stranka Sefer Halilovi\u0107 koja je Dodiku poru\u010dila da \u0107e &#8220;prije Sand\u017eak iz Srbije nego RS iz BiH&#8221;<\/strong>.<\/p>\n<p style=\"margin: 0px 0px 10px; padding: 0px; color: #000000; font-family: arial; font-size: 12px; font-style: normal; font-variant: normal; font-weight: normal; letter-spacing: normal; line-height: 18px; orphans: auto; text-indent: 0px; text-transform: none; white-space: normal; widows: auto; word-spacing: 0px; -webkit-text-size-adjust: auto; -webkit-text-stroke-width: 0px; background-color: #ffffff; text-align: justify;\">Iz BPS-a poru\u010duju &#8220;da su secesionisti\u010dke izjave Milorada Dodika tek njegov blijedi poku\u0161aj da mobili\u0161e svoje glasa\u010dko tijelo koje je uvidjelo da je Dodikova vlast obilje\u017eena stra\u0161nim korupcijskim skandalima radi kojih gra\u0111ani BiH \u017eive drasti\u010dno lo\u0161ije.&#8221;<\/p>\n<p style=\"margin: 0px 0px 10px; padding: 0px; color: #000000; font-family: arial; font-size: 12px; font-style: normal; font-variant: normal; font-weight: normal; letter-spacing: normal; line-height: 18px; orphans: auto; text-indent: 0px; text-transform: none; white-space: normal; widows: auto; word-spacing: 0px; -webkit-text-size-adjust: auto; -webkit-text-stroke-width: 0px; background-color: #ffffff; text-align: justify;\">&#8220;Dodikovo prizivanje dr\u017eavnosti entiteta RS jeste potez o\u010dajnika koji je svjestan da je \u0106osi\u0107evsko &#8211; Milo\u0161evi\u0107evska politika u BiH do\u017eivjela vojni i politi\u010dki fijasko pa danas Dodik poku\u0161ava, ometanjem rada dr\u017eavnih institucija, da BiH predstavi kao nefunkcionalnu dr\u017eavu u \u010demu mu, svojim pona\u0161anjem, itekako poma\u017eu njegovi federalni koalicioni partneri&#8221;, navodi se u saop\u0107enju.<\/p>\n<p style=\"margin: 0px 0px 10px; padding: 0px; color: #000000; font-family: arial; font-size: 12px; font-style: normal; font-variant: normal; font-weight: normal; letter-spacing: normal; line-height: 18px; orphans: auto; text-indent: 0px; text-transform: none; white-space: normal; widows: auto; word-spacing: 0px; -webkit-text-size-adjust: auto; -webkit-text-stroke-width: 0px; background-color: #ffffff; text-align: justify;\">Iz BPS nagla\u0161avaju da su otcjepljenja Sand\u017eaka i Vojvodine iz sastava Srbije daleko realnija mogu\u0107nost, politi\u010dki izvodiva.<\/p>\n<p style=\"margin: 0px 0px 10px; padding: 0px; color: #000000; font-family: arial; font-size: 12px; font-style: normal; font-variant: normal; font-weight: normal; letter-spacing: normal; line-height: 18px; orphans: auto; text-indent: 0px; text-transform: none; white-space: normal; widows: auto; word-spacing: 0px; -webkit-text-size-adjust: auto; -webkit-text-stroke-width: 0px; background-color: #ffffff; text-align: justify;\">&#8220;Otcjepljenje entiteta RS od BiH je obi\u010dna predizborna fraza za \u010diju realizaciju Dodiku trebaju nekada\u0161nja JNA, hiljade dobrovoljaca iz Srbije te stotine miliona maraka vojne pomo\u0107i sa jedne, te mu treba da iz BiH iseli 2,5 miliona ljudi koji ne daju svoju dr\u017eavu i ve\u0107 ovo je dovoljno da se razazna da su Dodikove izjave potezi gubitnika&#8221;, poru\u010dili su iz BPS-a.<\/p>\n<p style=\"margin: 0px 0px 10px; padding: 0px; color: #000000; font-family: arial; font-size: 12px; font-style: normal; font-variant: normal; font-weight: normal; letter-spacing: normal; line-height: 18px; orphans: auto; text-indent: 0px; text-transform: none; white-space: normal; widows: auto; word-spacing: 0px; -webkit-text-size-adjust: auto; -webkit-text-stroke-width: 0px; background-color: #ffffff; text-align: justify;\">(Vakat.ba)<\/p>\n","protected":false},"excerpt":{"rendered":"<p>BIH, Sjeverni Sand\u017eak &#8211; Nakon izjava predsjednika RS Milorada Dodika, da Federacija BiH ko\u0161ta Republiku Srpsku, ko\u010di RS, te da ko\u010di evropski put RS-a, oglasila se i Bh. patriotska stranka Sefer Halilovi\u0107 koja je Dodiku poru\u010dila da \u0107e &#8220;prije Sand\u017eak iz Srbije nego RS iz BiH&#8221;. Iz BPS-a poru\u010duju &#8220;da su secesionisti\u010dke izjave Milorada Dodika [&hellip;]<\/p>\n","protected":false},"author":33,"featured_media":74788,"comment_status":"open","ping_status":"open","sticky":false,"template":"","format":"standard","meta":{"footnotes":""},"categories":[72,2860,52,1,327,392,393,394,8957],"tags":[],"class_list":{"0":"post-74787","1":"post","2":"type-post","3":"status-publish","4":"format-standard","5":"has-post-thumbnail","7":"category-novi-pazar","8":"category-bosna-i-hercegovina-gradovi","9":"category-sjenica","10":"category-politika","11":"category-tutin","12":"category-prijepolje_","13":"category-priboj","14":"category-nova-varos","15":"category-vijesti-dana"},"yoast_head":"<!-- This site is optimized with the Yoast SEO Premium plugin v23.1 (Yoast SEO v24.9) - https:\/\/yoast.com\/wordpress\/plugins\/seo\/ -->\n<title>Prije \u0107e Sand\u017eak i Vojvodina iz Srbije nego RS iz BIH<\/title>\n<meta name=\"robots\" content=\"index, follow, max-snippet:-1, max-image-preview:large, max-video-preview:-1\" \/>\n<link rel=\"canonical\" href=\"https:\/\/sandzakpress.net\/arhiva\/prije-ce-sandzak-i-vojvodina-iz-srbije-nego-rs-iz-bih\/\" \/>\n<meta property=\"og:locale\" content=\"bs_BA\" \/>\n<meta property=\"og:type\" content=\"article\" \/>\n<meta property=\"og:title\" content=\"Prije \u0107e Sand\u017eak i Vojvodina iz Srbije nego RS iz BIH\" \/>\n<meta property=\"og:description\" content=\"BIH, Sjeverni Sand\u017eak &#8211; Nakon izjava predsjednika RS Milorada Dodika, da Federacija BiH ko\u0161ta Republiku Srpsku, ko\u010di RS, te da ko\u010di evropski put RS-a, oglasila se i Bh. patriotska stranka Sefer Halilovi\u0107 koja je Dodiku poru\u010dila da \u0107e &#8220;prije Sand\u017eak iz Srbije nego RS iz BiH&#8221;. Iz BPS-a poru\u010duju &#8220;da su secesionisti\u010dke izjave Milorada Dodika [&hellip;]\" \/>\n<meta property=\"og:url\" content=\"https:\/\/sandzakpress.net\/arhiva\/prije-ce-sandzak-i-vojvodina-iz-srbije-nego-rs-iz-bih\/\" \/>\n<meta property=\"og:site_name\" content=\"Sand\u017eak PRESS\" \/>\n<meta property=\"article:published_time\" content=\"2013-05-02T14:43:24+00:00\" \/>\n<meta property=\"article:modified_time\" content=\"2013-05-02T16:03:37+00:00\" \/>\n<meta property=\"og:image\" content=\"https:\/\/sandzakpress.net\/arhiva\/wp-content\/uploads\/2013\/05\/halilovic-u-studiju.jpg\" \/>\n\t<meta property=\"og:image:width\" content=\"320\" \/>\n\t<meta property=\"og:image:height\" content=\"240\" \/>\n\t<meta property=\"og:image:type\" content=\"image\/jpeg\" \/>\n<meta name=\"twitter:card\" content=\"summary_large_image\" \/>\n<meta name=\"twitter:label1\" content=\"Written by\" \/>\n\t<meta name=\"twitter:data1\" content=\"\" \/>\n\t<meta name=\"twitter:label2\" content=\"Est. reading time\" \/>\n\t<meta name=\"twitter:data2\" content=\"1 minuta\" \/>\n<script type=\"application\/ld+json\" class=\"yoast-schema-graph\">{\"@context\":\"https:\/\/schema.org\",\"@graph\":[{\"@type\":\"Article\",\"@id\":\"https:\/\/sandzakpress.net\/arhiva\/prije-ce-sandzak-i-vojvodina-iz-srbije-nego-rs-iz-bih\/#article\",\"isPartOf\":{\"@id\":\"https:\/\/sandzakpress.net\/arhiva\/prije-ce-sandzak-i-vojvodina-iz-srbije-nego-rs-iz-bih\/\"},\"author\":{\"name\":\"\",\"@id\":\"\"},\"headline\":\"Prije \u0107e Sand\u017eak i Vojvodina iz Srbije nego RS iz BIH\",\"datePublished\":\"2013-05-02T14:43:24+00:00\",\"dateModified\":\"2013-05-02T16:03:37+00:00\",\"mainEntityOfPage\":{\"@id\":\"https:\/\/sandzakpress.net\/arhiva\/prije-ce-sandzak-i-vojvodina-iz-srbije-nego-rs-iz-bih\/\"},\"wordCount\":264,\"commentCount\":33,\"publisher\":{\"@id\":\"https:\/\/sandzakpress.net\/arhiva\/#\/schema\/person\/6e72b67d6e51910a1117b3b483ba20bd\"},\"image\":{\"@id\":\"https:\/\/sandzakpress.net\/arhiva\/prije-ce-sandzak-i-vojvodina-iz-srbije-nego-rs-iz-bih\/#primaryimage\"},\"thumbnailUrl\":\"https:\/\/sandzakpress.net\/arhiva\/wp-content\/uploads\/2013\/05\/halilovic-u-studiju.jpg\",\"articleSection\":[\"Novi Pazar\",\"Bosna i Hercegovina\",\"Sjenica\",\"Politika\",\"Tutin\",\"Prijepolje\",\"Priboj\",\"Nova Varo\u0161\",\"VIJESTI DANA\"],\"inLanguage\":\"bs-BA\",\"potentialAction\":[{\"@type\":\"CommentAction\",\"name\":\"Comment\",\"target\":[\"https:\/\/sandzakpress.net\/arhiva\/prije-ce-sandzak-i-vojvodina-iz-srbije-nego-rs-iz-bih\/#respond\"]}]},{\"@type\":\"WebPage\",\"@id\":\"https:\/\/sandzakpress.net\/arhiva\/prije-ce-sandzak-i-vojvodina-iz-srbije-nego-rs-iz-bih\/\",\"url\":\"https:\/\/sandzakpress.net\/arhiva\/prije-ce-sandzak-i-vojvodina-iz-srbije-nego-rs-iz-bih\/\",\"name\":\"Prije \u0107e Sand\u017eak i Vojvodina iz Srbije nego RS iz BIH\",\"isPartOf\":{\"@id\":\"https:\/\/sandzakpress.net\/arhiva\/#website\"},\"primaryImageOfPage\":{\"@id\":\"https:\/\/sandzakpress.net\/arhiva\/prije-ce-sandzak-i-vojvodina-iz-srbije-nego-rs-iz-bih\/#primaryimage\"},\"image\":{\"@id\":\"https:\/\/sandzakpress.net\/arhiva\/prije-ce-sandzak-i-vojvodina-iz-srbije-nego-rs-iz-bih\/#primaryimage\"},\"thumbnailUrl\":\"https:\/\/sandzakpress.net\/arhiva\/wp-content\/uploads\/2013\/05\/halilovic-u-studiju.jpg\",\"datePublished\":\"2013-05-02T14:43:24+00:00\",\"dateModified\":\"2013-05-02T16:03:37+00:00\",\"breadcrumb\":{\"@id\":\"https:\/\/sandzakpress.net\/arhiva\/prije-ce-sandzak-i-vojvodina-iz-srbije-nego-rs-iz-bih\/#breadcrumb\"},\"inLanguage\":\"bs-BA\",\"potentialAction\":[{\"@type\":\"ReadAction\",\"target\":[\"https:\/\/sandzakpress.net\/arhiva\/prije-ce-sandzak-i-vojvodina-iz-srbije-nego-rs-iz-bih\/\"]}]},{\"@type\":\"ImageObject\",\"inLanguage\":\"bs-BA\",\"@id\":\"https:\/\/sandzakpress.net\/arhiva\/prije-ce-sandzak-i-vojvodina-iz-srbije-nego-rs-iz-bih\/#primaryimage\",\"url\":\"https:\/\/sandzakpress.net\/arhiva\/wp-content\/uploads\/2013\/05\/halilovic-u-studiju.jpg\",\"contentUrl\":\"https:\/\/sandzakpress.net\/arhiva\/wp-content\/uploads\/2013\/05\/halilovic-u-studiju.jpg\",\"width\":320,\"height\":240},{\"@type\":\"BreadcrumbList\",\"@id\":\"https:\/\/sandzakpress.net\/arhiva\/prije-ce-sandzak-i-vojvodina-iz-srbije-nego-rs-iz-bih\/#breadcrumb\",\"itemListElement\":[{\"@type\":\"ListItem\",\"position\":1,\"name\":\"Home\",\"item\":\"https:\/\/sandzakpress.net\/arhiva\/\"},{\"@type\":\"ListItem\",\"position\":2,\"name\":\"Prije \u0107e Sand\u017eak i Vojvodina iz Srbije nego RS iz BIH\"}]},{\"@type\":\"WebSite\",\"@id\":\"https:\/\/sandzakpress.net\/arhiva\/#website\",\"url\":\"https:\/\/sandzakpress.net\/arhiva\/\",\"name\":\"Sand\u017eak PRESS\",\"description\":\"Prve elektronske novine u Sand\u017eaku\",\"publisher\":{\"@id\":\"https:\/\/sandzakpress.net\/arhiva\/#\/schema\/person\/6e72b67d6e51910a1117b3b483ba20bd\"},\"potentialAction\":[{\"@type\":\"SearchAction\",\"target\":{\"@type\":\"EntryPoint\",\"urlTemplate\":\"https:\/\/sandzakpress.net\/arhiva\/?s={search_term_string}\"},\"query-input\":{\"@type\":\"PropertyValueSpecification\",\"valueRequired\":true,\"valueName\":\"search_term_string\"}}],\"inLanguage\":\"bs-BA\"},{\"@type\":[\"Person\",\"Organization\"],\"@id\":\"https:\/\/sandzakpress.net\/arhiva\/#\/schema\/person\/6e72b67d6e51910a1117b3b483ba20bd\",\"name\":\"Kul\",\"image\":{\"@type\":\"ImageObject\",\"inLanguage\":\"bs-BA\",\"@id\":\"https:\/\/sandzakpress.net\/arhiva\/#\/schema\/person\/image\/\",\"url\":\"https:\/\/secure.gravatar.com\/avatar\/42263f39aa27ac04c43cab85c280eb2e?s=96&d=mm&r=pg\",\"contentUrl\":\"https:\/\/secure.gravatar.com\/avatar\/42263f39aa27ac04c43cab85c280eb2e?s=96&d=mm&r=pg\",\"caption\":\"Kul\"},\"logo\":{\"@id\":\"https:\/\/sandzakpress.net\/arhiva\/#\/schema\/person\/image\/\"}},{\"@type\":\"Person\",\"@id\":\"\",\"url\":\"https:\/\/sandzakpress.net\/arhiva\/author\/\"}]}<\/script>\n<!-- \/ Yoast SEO Premium plugin. -->","yoast_head_json":{"title":"Prije \u0107e Sand\u017eak i Vojvodina iz Srbije nego RS iz BIH","robots":{"index":"index","follow":"follow","max-snippet":"max-snippet:-1","max-image-preview":"max-image-preview:large","max-video-preview":"max-video-preview:-1"},"canonical":"https:\/\/sandzakpress.net\/arhiva\/prije-ce-sandzak-i-vojvodina-iz-srbije-nego-rs-iz-bih\/","og_locale":"bs_BA","og_type":"article","og_title":"Prije \u0107e Sand\u017eak i Vojvodina iz Srbije nego RS iz BIH","og_description":"BIH, Sjeverni Sand\u017eak &#8211; Nakon izjava predsjednika RS Milorada Dodika, da Federacija BiH ko\u0161ta Republiku Srpsku, ko\u010di RS, te da ko\u010di evropski put RS-a, oglasila se i Bh. patriotska stranka Sefer Halilovi\u0107 koja je Dodiku poru\u010dila da \u0107e &#8220;prije Sand\u017eak iz Srbije nego RS iz BiH&#8221;. Iz BPS-a poru\u010duju &#8220;da su secesionisti\u010dke izjave Milorada Dodika [&hellip;]","og_url":"https:\/\/sandzakpress.net\/arhiva\/prije-ce-sandzak-i-vojvodina-iz-srbije-nego-rs-iz-bih\/","og_site_name":"Sand\u017eak PRESS","article_published_time":"2013-05-02T14:43:24+00:00","article_modified_time":"2013-05-02T16:03:37+00:00","og_image":[{"width":320,"height":240,"url":"https:\/\/sandzakpress.net\/arhiva\/wp-content\/uploads\/2013\/05\/halilovic-u-studiju.jpg","type":"image\/jpeg"}],"twitter_card":"summary_large_image","twitter_misc":{"Written by":"","Est. reading time":"1 minuta"},"schema":{"@context":"https:\/\/schema.org","@graph":[{"@type":"Article","@id":"https:\/\/sandzakpress.net\/arhiva\/prije-ce-sandzak-i-vojvodina-iz-srbije-nego-rs-iz-bih\/#article","isPartOf":{"@id":"https:\/\/sandzakpress.net\/arhiva\/prije-ce-sandzak-i-vojvodina-iz-srbije-nego-rs-iz-bih\/"},"author":{"name":"","@id":""},"headline":"Prije \u0107e Sand\u017eak i Vojvodina iz Srbije nego RS iz BIH","datePublished":"2013-05-02T14:43:24+00:00","dateModified":"2013-05-02T16:03:37+00:00","mainEntityOfPage":{"@id":"https:\/\/sandzakpress.net\/arhiva\/prije-ce-sandzak-i-vojvodina-iz-srbije-nego-rs-iz-bih\/"},"wordCount":264,"commentCount":33,"publisher":{"@id":"https:\/\/sandzakpress.net\/arhiva\/#\/schema\/person\/6e72b67d6e51910a1117b3b483ba20bd"},"image":{"@id":"https:\/\/sandzakpress.net\/arhiva\/prije-ce-sandzak-i-vojvodina-iz-srbije-nego-rs-iz-bih\/#primaryimage"},"thumbnailUrl":"https:\/\/sandzakpress.net\/arhiva\/wp-content\/uploads\/2013\/05\/halilovic-u-studiju.jpg","articleSection":["Novi Pazar","Bosna i Hercegovina","Sjenica","Politika","Tutin","Prijepolje","Priboj","Nova Varo\u0161","VIJESTI DANA"],"inLanguage":"bs-BA","potentialAction":[{"@type":"CommentAction","name":"Comment","target":["https:\/\/sandzakpress.net\/arhiva\/prije-ce-sandzak-i-vojvodina-iz-srbije-nego-rs-iz-bih\/#respond"]}]},{"@type":"WebPage","@id":"https:\/\/sandzakpress.net\/arhiva\/prije-ce-sandzak-i-vojvodina-iz-srbije-nego-rs-iz-bih\/","url":"https:\/\/sandzakpress.net\/arhiva\/prije-ce-sandzak-i-vojvodina-iz-srbije-nego-rs-iz-bih\/","name":"Prije \u0107e Sand\u017eak i Vojvodina iz Srbije nego RS iz BIH","isPartOf":{"@id":"https:\/\/sandzakpress.net\/arhiva\/#website"},"primaryImageOfPage":{"@id":"https:\/\/sandzakpress.net\/arhiva\/prije-ce-sandzak-i-vojvodina-iz-srbije-nego-rs-iz-bih\/#primaryimage"},"image":{"@id":"https:\/\/sandzakpress.net\/arhiva\/prije-ce-sandzak-i-vojvodina-iz-srbije-nego-rs-iz-bih\/#primaryimage"},"thumbnailUrl":"https:\/\/sandzakpress.net\/arhiva\/wp-content\/uploads\/2013\/05\/halilovic-u-studiju.jpg","datePublished":"2013-05-02T14:43:24+00:00","dateModified":"2013-05-02T16:03:37+00:00","breadcrumb":{"@id":"https:\/\/sandzakpress.net\/arhiva\/prije-ce-sandzak-i-vojvodina-iz-srbije-nego-rs-iz-bih\/#breadcrumb"},"inLanguage":"bs-BA","potentialAction":[{"@type":"ReadAction","target":["https:\/\/sandzakpress.net\/arhiva\/prije-ce-sandzak-i-vojvodina-iz-srbije-nego-rs-iz-bih\/"]}]},{"@type":"ImageObject","inLanguage":"bs-BA","@id":"https:\/\/sandzakpress.net\/arhiva\/prije-ce-sandzak-i-vojvodina-iz-srbije-nego-rs-iz-bih\/#primaryimage","url":"https:\/\/sandzakpress.net\/arhiva\/wp-content\/uploads\/2013\/05\/halilovic-u-studiju.jpg","contentUrl":"https:\/\/sandzakpress.net\/arhiva\/wp-content\/uploads\/2013\/05\/halilovic-u-studiju.jpg","width":320,"height":240},{"@type":"BreadcrumbList","@id":"https:\/\/sandzakpress.net\/arhiva\/prije-ce-sandzak-i-vojvodina-iz-srbije-nego-rs-iz-bih\/#breadcrumb","itemListElement":[{"@type":"ListItem","position":1,"name":"Home","item":"https:\/\/sandzakpress.net\/arhiva\/"},{"@type":"ListItem","position":2,"name":"Prije \u0107e Sand\u017eak i Vojvodina iz Srbije nego RS iz BIH"}]},{"@type":"WebSite","@id":"https:\/\/sandzakpress.net\/arhiva\/#website","url":"https:\/\/sandzakpress.net\/arhiva\/","name":"Sand\u017eak PRESS","description":"Prve elektronske novine u Sand\u017eaku","publisher":{"@id":"https:\/\/sandzakpress.net\/arhiva\/#\/schema\/person\/6e72b67d6e51910a1117b3b483ba20bd"},"potentialAction":[{"@type":"SearchAction","target":{"@type":"EntryPoint","urlTemplate":"https:\/\/sandzakpress.net\/arhiva\/?s={search_term_string}"},"query-input":{"@type":"PropertyValueSpecification","valueRequired":true,"valueName":"search_term_string"}}],"inLanguage":"bs-BA"},{"@type":["Person","Organization"],"@id":"https:\/\/sandzakpress.net\/arhiva\/#\/schema\/person\/6e72b67d6e51910a1117b3b483ba20bd","name":"Kul","image":{"@type":"ImageObject","inLanguage":"bs-BA","@id":"https:\/\/sandzakpress.net\/arhiva\/#\/schema\/person\/image\/","url":"https:\/\/secure.gravatar.com\/avatar\/42263f39aa27ac04c43cab85c280eb2e?s=96&d=mm&r=pg","contentUrl":"https:\/\/secure.gravatar.com\/avatar\/42263f39aa27ac04c43cab85c280eb2e?s=96&d=mm&r=pg","caption":"Kul"},"logo":{"@id":"https:\/\/sandzakpress.net\/arhiva\/#\/schema\/person\/image\/"}},{"@type":"Person","@id":"","url":"https:\/\/sandzakpress.net\/arhiva\/author\/"}]}},"_links":{"self":[{"href":"https:\/\/sandzakpress.net\/arhiva\/wp-json\/wp\/v2\/posts\/74787"}],"collection":[{"href":"https:\/\/sandzakpress.net\/arhiva\/wp-json\/wp\/v2\/posts"}],"about":[{"href":"https:\/\/sandzakpress.net\/arhiva\/wp-json\/wp\/v2\/types\/post"}],"author":[{"embeddable":true,"href":"https:\/\/sandzakpress.net\/arhiva\/wp-json\/wp\/v2\/users\/33"}],"replies":[{"embeddable":true,"href":"https:\/\/sandzakpress.net\/arhiva\/wp-json\/wp\/v2\/comments?post=74787"}],"version-history":[{"count":0,"href":"https:\/\/sandzakpress.net\/arhiva\/wp-json\/wp\/v2\/posts\/74787\/revisions"}],"wp:featuredmedia":[{"embeddable":true,"href":"https:\/\/sandzakpress.net\/arhiva\/wp-json\/wp\/v2\/media\/74788"}],"wp:attachment":[{"href":"https:\/\/sandzakpress.net\/arhiva\/wp-json\/wp\/v2\/media?parent=74787"}],"wp:term":[{"taxonomy":"category","embeddable":true,"href":"https:\/\/sandzakpress.net\/arhiva\/wp-json\/wp\/v2\/categories?post=74787"},{"taxonomy":"post_tag","embeddable":true,"href":"https:\/\/sandzakpress.net\/arhiva\/wp-json\/wp\/v2\/tags?post=74787"}],"curies":[{"name":"wp","href":"https:\/\/api.w.org\/{rel}","templated":true}]}}