{"id":74464,"date":"2013-04-29T20:18:20","date_gmt":"2013-04-29T18:18:20","guid":{"rendered":"https:\/\/sandzakpress.net\/arhiva\/?p=74464"},"modified":"2013-04-29T20:18:20","modified_gmt":"2013-04-29T18:18:20","slug":"pozar-na-porodicnoj-zgradi-u-centru-gusinja","status":"publish","type":"post","link":"https:\/\/sandzakpress.net\/arhiva\/pozar-na-porodicnoj-zgradi-u-centru-gusinja\/","title":{"rendered":"Po\u017ear na porodi\u010dnoj zgradi u centru Gusinja"},"content":{"rendered":"<p><strong><a href=\"https:\/\/sandzakpress.net\/arhiva\/wp-content\/uploads\/2013\/04\/gusinje-pozar.jpg\"><img loading=\"lazy\" decoding=\"async\" class=\"alignleft size-medium wp-image-74465\" title=\"gusinje-pozar\" src=\"https:\/\/sandzakpress.net\/arhiva\/wp-content\/uploads\/2013\/04\/gusinje-pozar-300x168.jpg\" alt=\"\" width=\"300\" height=\"168\" \/><\/a>Plav &#8211; U samom centru Gusinja u Ivangradskoj ulici, na porodi\u010dnom objektu D\u017eevdeta Lali\u010di\u0107a, negdje oko podne primije\u0107en je po\u017ear na krovnoj konstrukciji objekta. Odmah potom, alarmirana je policija, plavska vatrogasna jedinica i elektri\u010dari .<\/strong><\/p>\n<p>Vatrogasna jedinica sa svojim vozilima stigli su u rekordnom roku i po\u010deli gasiti po\u017ear na krovnoj konstrukciji ovog objekta. Pored velikog broja vatrogasaca u ga\u0161enju po\u017eara je pomogao veliki broj gra\u0111ana posebno omladine, koji su iznosili ku\u0107ne stvari i sve drugo \u0161to se moglo spasiti.<\/p>\n<p>Zbog limenog krova vatrogascima je bilo veoma te\u0161ko u\u0107i ispod krova, jer je plamen zahvatio veliki dio krovne konstrukcije kao i ulo\u0161ke od ter-papira koji su se nalazili ispod limenih tabli. Ipak se uspjelo da se po\u017ear lokalizuje, iako je ve\u0107 sada vidljivo da je \u0161teta od po\u017eara posebno na krovnoj konstrukciji vema velika.<\/p>\n<p>Vlasnik objekta D\u017eevdet Lali\u010di\u0107 je kazao da je po svemu sude\u0107i jedini uzrok struja.<\/p>\n<p>&#8211; Siguran sam da je samonosivi kabal koji je na gornjem spratu uvu\u010den na nekoj od greda krovne konstrukcije izlizan ili oguljen i da je do\u0161lo do spoja sa drvenom konstrukcijom . Sre\u0107a je \u0161to je do po\u017eara do\u0161lo usred bijela dana, mnogo bi te\u017ee bilo da se to desilo u no\u0107nim satima. Hvala gra\u0111anima Gusinja, posebno omladini, pripadnicima vatrogasne jedinice iz Plava , elektri\u010darima i svima koji su nam pomogli da se po\u017ear lokalizuje, i pored toga \u0161to je \u0161teta na objektu veoma velika \u2013 kazao je Lali\u010di\u0107.<\/p>\n<p>(Rozajac)<\/p>\n","protected":false},"excerpt":{"rendered":"<p>Plav &#8211; U samom centru Gusinja u Ivangradskoj ulici, na porodi\u010dnom objektu D\u017eevdeta Lali\u010di\u0107a, negdje oko podne primije\u0107en je po\u017ear na krovnoj konstrukciji objekta. Odmah potom, alarmirana je policija, plavska vatrogasna jedinica i elektri\u010dari . Vatrogasna jedinica sa svojim vozilima stigli su u rekordnom roku i po\u010deli gasiti po\u017ear na krovnoj konstrukciji ovog objekta. Pored [&hellip;]<\/p>\n","protected":false},"author":16,"featured_media":74465,"comment_status":"open","ping_status":"open","sticky":false,"template":"","format":"standard","meta":{"footnotes":""},"categories":[399,801],"tags":[],"class_list":{"0":"post-74464","1":"post","2":"type-post","3":"status-publish","4":"format-standard","5":"has-post-thumbnail","7":"category-plav_","8":"category-crna_hronika"},"yoast_head":"<!-- This site is optimized with the Yoast SEO Premium plugin v23.1 (Yoast SEO v24.9) - https:\/\/yoast.com\/wordpress\/plugins\/seo\/ -->\n<title>Po\u017ear na porodi\u010dnoj zgradi u centru Gusinja<\/title>\n<meta name=\"robots\" content=\"index, follow, max-snippet:-1, max-image-preview:large, max-video-preview:-1\" \/>\n<link rel=\"canonical\" href=\"https:\/\/sandzakpress.net\/arhiva\/pozar-na-porodicnoj-zgradi-u-centru-gusinja\/\" \/>\n<meta property=\"og:locale\" content=\"bs_BA\" \/>\n<meta property=\"og:type\" content=\"article\" \/>\n<meta property=\"og:title\" content=\"Po\u017ear na porodi\u010dnoj zgradi u centru Gusinja\" \/>\n<meta property=\"og:description\" content=\"Plav &#8211; U samom centru Gusinja u Ivangradskoj ulici, na porodi\u010dnom objektu D\u017eevdeta Lali\u010di\u0107a, negdje oko podne primije\u0107en je po\u017ear na krovnoj konstrukciji objekta. Odmah potom, alarmirana je policija, plavska vatrogasna jedinica i elektri\u010dari . Vatrogasna jedinica sa svojim vozilima stigli su u rekordnom roku i po\u010deli gasiti po\u017ear na krovnoj konstrukciji ovog objekta. Pored [&hellip;]\" \/>\n<meta property=\"og:url\" content=\"https:\/\/sandzakpress.net\/arhiva\/pozar-na-porodicnoj-zgradi-u-centru-gusinja\/\" \/>\n<meta property=\"og:site_name\" content=\"Sand\u017eak PRESS\" \/>\n<meta property=\"article:published_time\" content=\"2013-04-29T18:18:20+00:00\" \/>\n<meta property=\"og:image\" content=\"https:\/\/sandzakpress.net\/arhiva\/wp-content\/uploads\/2013\/04\/gusinje-pozar.jpg\" \/>\n\t<meta property=\"og:image:width\" content=\"616\" \/>\n\t<meta property=\"og:image:height\" content=\"346\" \/>\n\t<meta property=\"og:image:type\" content=\"image\/jpeg\" \/>\n<meta name=\"twitter:card\" content=\"summary_large_image\" \/>\n<meta name=\"twitter:label1\" content=\"Written by\" \/>\n\t<meta name=\"twitter:data1\" content=\"\" \/>\n\t<meta name=\"twitter:label2\" content=\"Est. reading time\" \/>\n\t<meta name=\"twitter:data2\" content=\"1 minuta\" \/>\n<script type=\"application\/ld+json\" class=\"yoast-schema-graph\">{\"@context\":\"https:\/\/schema.org\",\"@graph\":[{\"@type\":\"Article\",\"@id\":\"https:\/\/sandzakpress.net\/arhiva\/pozar-na-porodicnoj-zgradi-u-centru-gusinja\/#article\",\"isPartOf\":{\"@id\":\"https:\/\/sandzakpress.net\/arhiva\/pozar-na-porodicnoj-zgradi-u-centru-gusinja\/\"},\"author\":{\"name\":\"\",\"@id\":\"\"},\"headline\":\"Po\u017ear na porodi\u010dnoj zgradi u centru Gusinja\",\"datePublished\":\"2013-04-29T18:18:20+00:00\",\"mainEntityOfPage\":{\"@id\":\"https:\/\/sandzakpress.net\/arhiva\/pozar-na-porodicnoj-zgradi-u-centru-gusinja\/\"},\"wordCount\":275,\"commentCount\":0,\"publisher\":{\"@id\":\"https:\/\/sandzakpress.net\/arhiva\/#\/schema\/person\/6e72b67d6e51910a1117b3b483ba20bd\"},\"image\":{\"@id\":\"https:\/\/sandzakpress.net\/arhiva\/pozar-na-porodicnoj-zgradi-u-centru-gusinja\/#primaryimage\"},\"thumbnailUrl\":\"https:\/\/sandzakpress.net\/arhiva\/wp-content\/uploads\/2013\/04\/gusinje-pozar.jpg\",\"articleSection\":[\"Plav\",\"Hronika\"],\"inLanguage\":\"bs-BA\",\"potentialAction\":[{\"@type\":\"CommentAction\",\"name\":\"Comment\",\"target\":[\"https:\/\/sandzakpress.net\/arhiva\/pozar-na-porodicnoj-zgradi-u-centru-gusinja\/#respond\"]}]},{\"@type\":\"WebPage\",\"@id\":\"https:\/\/sandzakpress.net\/arhiva\/pozar-na-porodicnoj-zgradi-u-centru-gusinja\/\",\"url\":\"https:\/\/sandzakpress.net\/arhiva\/pozar-na-porodicnoj-zgradi-u-centru-gusinja\/\",\"name\":\"Po\u017ear na porodi\u010dnoj zgradi u centru Gusinja\",\"isPartOf\":{\"@id\":\"https:\/\/sandzakpress.net\/arhiva\/#website\"},\"primaryImageOfPage\":{\"@id\":\"https:\/\/sandzakpress.net\/arhiva\/pozar-na-porodicnoj-zgradi-u-centru-gusinja\/#primaryimage\"},\"image\":{\"@id\":\"https:\/\/sandzakpress.net\/arhiva\/pozar-na-porodicnoj-zgradi-u-centru-gusinja\/#primaryimage\"},\"thumbnailUrl\":\"https:\/\/sandzakpress.net\/arhiva\/wp-content\/uploads\/2013\/04\/gusinje-pozar.jpg\",\"datePublished\":\"2013-04-29T18:18:20+00:00\",\"breadcrumb\":{\"@id\":\"https:\/\/sandzakpress.net\/arhiva\/pozar-na-porodicnoj-zgradi-u-centru-gusinja\/#breadcrumb\"},\"inLanguage\":\"bs-BA\",\"potentialAction\":[{\"@type\":\"ReadAction\",\"target\":[\"https:\/\/sandzakpress.net\/arhiva\/pozar-na-porodicnoj-zgradi-u-centru-gusinja\/\"]}]},{\"@type\":\"ImageObject\",\"inLanguage\":\"bs-BA\",\"@id\":\"https:\/\/sandzakpress.net\/arhiva\/pozar-na-porodicnoj-zgradi-u-centru-gusinja\/#primaryimage\",\"url\":\"https:\/\/sandzakpress.net\/arhiva\/wp-content\/uploads\/2013\/04\/gusinje-pozar.jpg\",\"contentUrl\":\"https:\/\/sandzakpress.net\/arhiva\/wp-content\/uploads\/2013\/04\/gusinje-pozar.jpg\",\"width\":616,\"height\":346},{\"@type\":\"BreadcrumbList\",\"@id\":\"https:\/\/sandzakpress.net\/arhiva\/pozar-na-porodicnoj-zgradi-u-centru-gusinja\/#breadcrumb\",\"itemListElement\":[{\"@type\":\"ListItem\",\"position\":1,\"name\":\"Home\",\"item\":\"https:\/\/sandzakpress.net\/arhiva\/\"},{\"@type\":\"ListItem\",\"position\":2,\"name\":\"Po\u017ear na porodi\u010dnoj zgradi u centru Gusinja\"}]},{\"@type\":\"WebSite\",\"@id\":\"https:\/\/sandzakpress.net\/arhiva\/#website\",\"url\":\"https:\/\/sandzakpress.net\/arhiva\/\",\"name\":\"Sand\u017eak PRESS\",\"description\":\"Prve elektronske novine u Sand\u017eaku\",\"publisher\":{\"@id\":\"https:\/\/sandzakpress.net\/arhiva\/#\/schema\/person\/6e72b67d6e51910a1117b3b483ba20bd\"},\"potentialAction\":[{\"@type\":\"SearchAction\",\"target\":{\"@type\":\"EntryPoint\",\"urlTemplate\":\"https:\/\/sandzakpress.net\/arhiva\/?s={search_term_string}\"},\"query-input\":{\"@type\":\"PropertyValueSpecification\",\"valueRequired\":true,\"valueName\":\"search_term_string\"}}],\"inLanguage\":\"bs-BA\"},{\"@type\":[\"Person\",\"Organization\"],\"@id\":\"https:\/\/sandzakpress.net\/arhiva\/#\/schema\/person\/6e72b67d6e51910a1117b3b483ba20bd\",\"name\":\"Kul\",\"image\":{\"@type\":\"ImageObject\",\"inLanguage\":\"bs-BA\",\"@id\":\"https:\/\/sandzakpress.net\/arhiva\/#\/schema\/person\/image\/\",\"url\":\"https:\/\/secure.gravatar.com\/avatar\/42263f39aa27ac04c43cab85c280eb2e?s=96&d=mm&r=pg\",\"contentUrl\":\"https:\/\/secure.gravatar.com\/avatar\/42263f39aa27ac04c43cab85c280eb2e?s=96&d=mm&r=pg\",\"caption\":\"Kul\"},\"logo\":{\"@id\":\"https:\/\/sandzakpress.net\/arhiva\/#\/schema\/person\/image\/\"}},{\"@type\":\"Person\",\"@id\":\"\",\"url\":\"https:\/\/sandzakpress.net\/arhiva\/author\/\"}]}<\/script>\n<!-- \/ Yoast SEO Premium plugin. -->","yoast_head_json":{"title":"Po\u017ear na porodi\u010dnoj zgradi u centru Gusinja","robots":{"index":"index","follow":"follow","max-snippet":"max-snippet:-1","max-image-preview":"max-image-preview:large","max-video-preview":"max-video-preview:-1"},"canonical":"https:\/\/sandzakpress.net\/arhiva\/pozar-na-porodicnoj-zgradi-u-centru-gusinja\/","og_locale":"bs_BA","og_type":"article","og_title":"Po\u017ear na porodi\u010dnoj zgradi u centru Gusinja","og_description":"Plav &#8211; U samom centru Gusinja u Ivangradskoj ulici, na porodi\u010dnom objektu D\u017eevdeta Lali\u010di\u0107a, negdje oko podne primije\u0107en je po\u017ear na krovnoj konstrukciji objekta. Odmah potom, alarmirana je policija, plavska vatrogasna jedinica i elektri\u010dari . Vatrogasna jedinica sa svojim vozilima stigli su u rekordnom roku i po\u010deli gasiti po\u017ear na krovnoj konstrukciji ovog objekta. Pored [&hellip;]","og_url":"https:\/\/sandzakpress.net\/arhiva\/pozar-na-porodicnoj-zgradi-u-centru-gusinja\/","og_site_name":"Sand\u017eak PRESS","article_published_time":"2013-04-29T18:18:20+00:00","og_image":[{"width":616,"height":346,"url":"https:\/\/sandzakpress.net\/arhiva\/wp-content\/uploads\/2013\/04\/gusinje-pozar.jpg","type":"image\/jpeg"}],"twitter_card":"summary_large_image","twitter_misc":{"Written by":"","Est. reading time":"1 minuta"},"schema":{"@context":"https:\/\/schema.org","@graph":[{"@type":"Article","@id":"https:\/\/sandzakpress.net\/arhiva\/pozar-na-porodicnoj-zgradi-u-centru-gusinja\/#article","isPartOf":{"@id":"https:\/\/sandzakpress.net\/arhiva\/pozar-na-porodicnoj-zgradi-u-centru-gusinja\/"},"author":{"name":"","@id":""},"headline":"Po\u017ear na porodi\u010dnoj zgradi u centru Gusinja","datePublished":"2013-04-29T18:18:20+00:00","mainEntityOfPage":{"@id":"https:\/\/sandzakpress.net\/arhiva\/pozar-na-porodicnoj-zgradi-u-centru-gusinja\/"},"wordCount":275,"commentCount":0,"publisher":{"@id":"https:\/\/sandzakpress.net\/arhiva\/#\/schema\/person\/6e72b67d6e51910a1117b3b483ba20bd"},"image":{"@id":"https:\/\/sandzakpress.net\/arhiva\/pozar-na-porodicnoj-zgradi-u-centru-gusinja\/#primaryimage"},"thumbnailUrl":"https:\/\/sandzakpress.net\/arhiva\/wp-content\/uploads\/2013\/04\/gusinje-pozar.jpg","articleSection":["Plav","Hronika"],"inLanguage":"bs-BA","potentialAction":[{"@type":"CommentAction","name":"Comment","target":["https:\/\/sandzakpress.net\/arhiva\/pozar-na-porodicnoj-zgradi-u-centru-gusinja\/#respond"]}]},{"@type":"WebPage","@id":"https:\/\/sandzakpress.net\/arhiva\/pozar-na-porodicnoj-zgradi-u-centru-gusinja\/","url":"https:\/\/sandzakpress.net\/arhiva\/pozar-na-porodicnoj-zgradi-u-centru-gusinja\/","name":"Po\u017ear na porodi\u010dnoj zgradi u centru Gusinja","isPartOf":{"@id":"https:\/\/sandzakpress.net\/arhiva\/#website"},"primaryImageOfPage":{"@id":"https:\/\/sandzakpress.net\/arhiva\/pozar-na-porodicnoj-zgradi-u-centru-gusinja\/#primaryimage"},"image":{"@id":"https:\/\/sandzakpress.net\/arhiva\/pozar-na-porodicnoj-zgradi-u-centru-gusinja\/#primaryimage"},"thumbnailUrl":"https:\/\/sandzakpress.net\/arhiva\/wp-content\/uploads\/2013\/04\/gusinje-pozar.jpg","datePublished":"2013-04-29T18:18:20+00:00","breadcrumb":{"@id":"https:\/\/sandzakpress.net\/arhiva\/pozar-na-porodicnoj-zgradi-u-centru-gusinja\/#breadcrumb"},"inLanguage":"bs-BA","potentialAction":[{"@type":"ReadAction","target":["https:\/\/sandzakpress.net\/arhiva\/pozar-na-porodicnoj-zgradi-u-centru-gusinja\/"]}]},{"@type":"ImageObject","inLanguage":"bs-BA","@id":"https:\/\/sandzakpress.net\/arhiva\/pozar-na-porodicnoj-zgradi-u-centru-gusinja\/#primaryimage","url":"https:\/\/sandzakpress.net\/arhiva\/wp-content\/uploads\/2013\/04\/gusinje-pozar.jpg","contentUrl":"https:\/\/sandzakpress.net\/arhiva\/wp-content\/uploads\/2013\/04\/gusinje-pozar.jpg","width":616,"height":346},{"@type":"BreadcrumbList","@id":"https:\/\/sandzakpress.net\/arhiva\/pozar-na-porodicnoj-zgradi-u-centru-gusinja\/#breadcrumb","itemListElement":[{"@type":"ListItem","position":1,"name":"Home","item":"https:\/\/sandzakpress.net\/arhiva\/"},{"@type":"ListItem","position":2,"name":"Po\u017ear na porodi\u010dnoj zgradi u centru Gusinja"}]},{"@type":"WebSite","@id":"https:\/\/sandzakpress.net\/arhiva\/#website","url":"https:\/\/sandzakpress.net\/arhiva\/","name":"Sand\u017eak PRESS","description":"Prve elektronske novine u Sand\u017eaku","publisher":{"@id":"https:\/\/sandzakpress.net\/arhiva\/#\/schema\/person\/6e72b67d6e51910a1117b3b483ba20bd"},"potentialAction":[{"@type":"SearchAction","target":{"@type":"EntryPoint","urlTemplate":"https:\/\/sandzakpress.net\/arhiva\/?s={search_term_string}"},"query-input":{"@type":"PropertyValueSpecification","valueRequired":true,"valueName":"search_term_string"}}],"inLanguage":"bs-BA"},{"@type":["Person","Organization"],"@id":"https:\/\/sandzakpress.net\/arhiva\/#\/schema\/person\/6e72b67d6e51910a1117b3b483ba20bd","name":"Kul","image":{"@type":"ImageObject","inLanguage":"bs-BA","@id":"https:\/\/sandzakpress.net\/arhiva\/#\/schema\/person\/image\/","url":"https:\/\/secure.gravatar.com\/avatar\/42263f39aa27ac04c43cab85c280eb2e?s=96&d=mm&r=pg","contentUrl":"https:\/\/secure.gravatar.com\/avatar\/42263f39aa27ac04c43cab85c280eb2e?s=96&d=mm&r=pg","caption":"Kul"},"logo":{"@id":"https:\/\/sandzakpress.net\/arhiva\/#\/schema\/person\/image\/"}},{"@type":"Person","@id":"","url":"https:\/\/sandzakpress.net\/arhiva\/author\/"}]}},"_links":{"self":[{"href":"https:\/\/sandzakpress.net\/arhiva\/wp-json\/wp\/v2\/posts\/74464"}],"collection":[{"href":"https:\/\/sandzakpress.net\/arhiva\/wp-json\/wp\/v2\/posts"}],"about":[{"href":"https:\/\/sandzakpress.net\/arhiva\/wp-json\/wp\/v2\/types\/post"}],"author":[{"embeddable":true,"href":"https:\/\/sandzakpress.net\/arhiva\/wp-json\/wp\/v2\/users\/16"}],"replies":[{"embeddable":true,"href":"https:\/\/sandzakpress.net\/arhiva\/wp-json\/wp\/v2\/comments?post=74464"}],"version-history":[{"count":0,"href":"https:\/\/sandzakpress.net\/arhiva\/wp-json\/wp\/v2\/posts\/74464\/revisions"}],"wp:featuredmedia":[{"embeddable":true,"href":"https:\/\/sandzakpress.net\/arhiva\/wp-json\/wp\/v2\/media\/74465"}],"wp:attachment":[{"href":"https:\/\/sandzakpress.net\/arhiva\/wp-json\/wp\/v2\/media?parent=74464"}],"wp:term":[{"taxonomy":"category","embeddable":true,"href":"https:\/\/sandzakpress.net\/arhiva\/wp-json\/wp\/v2\/categories?post=74464"},{"taxonomy":"post_tag","embeddable":true,"href":"https:\/\/sandzakpress.net\/arhiva\/wp-json\/wp\/v2\/tags?post=74464"}],"curies":[{"name":"wp","href":"https:\/\/api.w.org\/{rel}","templated":true}]}}