{"id":74421,"date":"2013-04-29T19:44:45","date_gmt":"2013-04-29T17:44:45","guid":{"rendered":"https:\/\/sandzakpress.net\/arhiva\/?p=74421"},"modified":"2013-04-29T19:44:45","modified_gmt":"2013-04-29T17:44:45","slug":"majke-srebrenice-pozdravljaju-zakon-o-pravima-povratnika","status":"publish","type":"post","link":"https:\/\/sandzakpress.net\/arhiva\/majke-srebrenice-pozdravljaju-zakon-o-pravima-povratnika\/","title":{"rendered":"Majke Srebrenice pozdravljaju Zakon o pravima povratnika"},"content":{"rendered":"<p><strong><a href=\"https:\/\/sandzakpress.net\/arhiva\/wp-content\/uploads\/2013\/04\/380_Srebrenica_Prognanici_431.jpg\"><img loading=\"lazy\" decoding=\"async\" class=\"alignleft size-medium wp-image-74422\" title=\"380_Srebrenica_Prognanici_431\" src=\"https:\/\/sandzakpress.net\/arhiva\/wp-content\/uploads\/2013\/04\/380_Srebrenica_Prognanici_431-300x223.jpg\" alt=\"\" width=\"300\" height=\"223\" \/><\/a>BIH &#8211; Srebreni\u010dke majke pozdravile su danas dono\u0161enje Zakona o pravima osoba koja se iz Kantona Sarajevo vra\u0107aju u mjesta prijeratnog prebivali\u0161ta, izvje\u0161tava novinar agencije Anadolija (AA).<br \/>\n<\/strong><br \/>\nNaime, zastupnici Skup\u0161tine Kantona Sarajevo su na dana\u0161njoj sjednici po hitnom postupku jednoglasno usvojili Zakon o pravima osoba koja se iz Kantona Sarajevo vra\u0107aju u mjesta prijeratnog prebivali\u0161ta, a u cilju efikasnijeg provo\u0111enja Aneksa VII.<\/p>\n<p>&#8221;To je izuzetno pozitivno i sigurno \u0107e pomo\u0107i masovnijem povratku Bo\u0161njaka u RS. Mnogi se nisu mogli vratiti u Republiku Srpsku (RS) jer su tamo gra\u0111ani drugog reda i nemaju nikakva prava. Neprihvatljivo je bilo da gube prava koja su stekli u Federaciji BiH, uklju\u010duju\u0107i i, primjerice, adekvatnu zdravstvenu za\u0161titu, \u0161to je posebice va\u017eno starijima. Ovo \u0107e sigurno pomo\u0107i povratku. Pogotovo ako i drugi kantoni i Federacija BiH usvoje sli\u010dne zakone&#8221;, kazala je za agenciju Anadolija Kada Hoti\u0107, potpredsjednica Udru\u017eenja &#8221;Pokret Majke enklava Srebrenica i \u017depa&#8221;.<\/p>\n<p>Usvajanje ovog zakonskog rje\u0161enja pozdravila je i Koalicija &#8221;Prvi mart&#8221;.<\/p>\n<p>&#8221;Posebno va\u017enim \u017eelimo ista\u0107i da su integralni dio izrade i zagovaranja Zakona bili aktivisti gra\u0111anske koalicije \u201ePrvi mart\u201c u saradnji sa Ministarstvom za rad, socijalnu politiku, raseljena lica i izbjeglice, te Vladom Kantona Sarajevo. Ovaj Zakon sadr\u017ei jasne upute i procedure primjene, te u sebi sadr\u017ei ranije odredbe privremenih odluka Skup\u0161tine Kantona Sarajevo, \u010dime je zapravo utvrdio prava povratnika kao trajno za\u0161ti\u0107enu kategoriju. Gra\u0111anska koalicija \u201ePrvi mart\u201c \u0107e izvr\u0161iti i prilagodbu usvojenog Zakona, te isti dostaviti drugim zainteresiranim kantonima, kako bi se ovim propisima obuhvatili svi povratnici u RS&#8221;, saop\u0107eno je iz Koalicije &#8221;Prvi mart&#8221;.<\/p>\n<p>Pozvali su i ostale kantonalne i federalne vlasti da krenu putem ka efikasnijem provo\u0111enju Aneksa VII Daytonskog mirovnog sporazuma kojim je krenula Vlada Kantona Sarajevo, te rije\u0161e prava povratnika u \u0161to skorijem periodu.<\/p>\n<p>&#8221;Ovom prilikom najavljujemo da \u0107emo nastaviti sa zagovaranjem novih zakonskih rje\u0161enja, prvo u Zeni\u010dko-dobojskom i Tuzlanskom kantonu, a potom u ostalim kantonima te na razini entiteta Federacije BiH. Koalicija \u0107e nastaviti raditi na osiguranju za\u0161tite ljudskih prava, te stvaranju uslova za olak\u0161anu registraciju povratnika i prognanih sa prostora entiteta RS, borbi protiv diskriminacije povratnika, te ostvarivanju gra\u0111anskih i politi\u010dkih sloboda za povratni\u010dku zajednicu u RS-u&#8221;, istaknuto je.<\/p>\n<p>Usvojenim Zakonom regulirano je da osobe koje su imale status raseljenih osoba u Kantonu Sarajevo po povratku u mjesto prijeratnog prebivali\u0161ta u Republiku Srpsku i Br\u010dko Distrikt mogu ostvariti odre\u0111ena prava po osnovu socijalne za\u0161tite, za\u0161tite porodice s djecom, bora\u010dko-invalidske za\u0161tite i zdravstvene za\u0161tite u onom kapacitetu u kojem su ih ostvarivali u KS-u, \u0161to u osnovi ima za posljedicu \u0161tetne dru\u0161tvene interese.<\/p>\n<p>Kako je re\u010deno danas, radi se o elementarnim, egzistencijalnim pitanjima, \u010dije rje\u0161avanje ima karakter neodlo\u017ene potrebe rje\u0161avanja tih problema, a \u0161to \u0107e s aspekta dru\u0161tvenog interesa zna\u010dajno unaprijediti odr\u017eivost procesa povratka, ocijenjeno je potrebnim da se predmetni zakon donese po hitnom postupku.<\/p>\n<p>(Bosnjaci)<\/p>\n","protected":false},"excerpt":{"rendered":"<p>BIH &#8211; Srebreni\u010dke majke pozdravile su danas dono\u0161enje Zakona o pravima osoba koja se iz Kantona Sarajevo vra\u0107aju u mjesta prijeratnog prebivali\u0161ta, izvje\u0161tava novinar agencije Anadolija (AA). Naime, zastupnici Skup\u0161tine Kantona Sarajevo su na dana\u0161njoj sjednici po hitnom postupku jednoglasno usvojili Zakon o pravima osoba koja se iz Kantona Sarajevo vra\u0107aju u mjesta prijeratnog prebivali\u0161ta, [&hellip;]<\/p>\n","protected":false},"author":16,"featured_media":74422,"comment_status":"open","ping_status":"open","sticky":false,"template":"","format":"standard","meta":{"footnotes":""},"categories":[800,2860],"tags":[],"class_list":{"0":"post-74421","1":"post","2":"type-post","3":"status-publish","4":"format-standard","5":"has-post-thumbnail","7":"category-nacija","8":"category-bosna-i-hercegovina-gradovi"},"yoast_head":"<!-- This site is optimized with the Yoast SEO Premium plugin v23.1 (Yoast SEO v24.9) - https:\/\/yoast.com\/wordpress\/plugins\/seo\/ -->\n<title>Majke Srebrenice pozdravljaju Zakon o pravima povratnika<\/title>\n<meta name=\"robots\" content=\"index, follow, max-snippet:-1, max-image-preview:large, max-video-preview:-1\" \/>\n<link rel=\"canonical\" href=\"https:\/\/sandzakpress.net\/arhiva\/majke-srebrenice-pozdravljaju-zakon-o-pravima-povratnika\/\" \/>\n<meta property=\"og:locale\" content=\"bs_BA\" \/>\n<meta property=\"og:type\" content=\"article\" \/>\n<meta property=\"og:title\" content=\"Majke Srebrenice pozdravljaju Zakon o pravima povratnika\" \/>\n<meta property=\"og:description\" content=\"BIH &#8211; Srebreni\u010dke majke pozdravile su danas dono\u0161enje Zakona o pravima osoba koja se iz Kantona Sarajevo vra\u0107aju u mjesta prijeratnog prebivali\u0161ta, izvje\u0161tava novinar agencije Anadolija (AA). Naime, zastupnici Skup\u0161tine Kantona Sarajevo su na dana\u0161njoj sjednici po hitnom postupku jednoglasno usvojili Zakon o pravima osoba koja se iz Kantona Sarajevo vra\u0107aju u mjesta prijeratnog prebivali\u0161ta, [&hellip;]\" \/>\n<meta property=\"og:url\" content=\"https:\/\/sandzakpress.net\/arhiva\/majke-srebrenice-pozdravljaju-zakon-o-pravima-povratnika\/\" \/>\n<meta property=\"og:site_name\" content=\"Sand\u017eak PRESS\" \/>\n<meta property=\"article:published_time\" content=\"2013-04-29T17:44:45+00:00\" \/>\n<meta property=\"og:image\" content=\"https:\/\/sandzakpress.net\/arhiva\/wp-content\/uploads\/2013\/04\/380_Srebrenica_Prognanici_431.jpg\" \/>\n\t<meta property=\"og:image:width\" content=\"380\" \/>\n\t<meta property=\"og:image:height\" content=\"283\" \/>\n\t<meta property=\"og:image:type\" content=\"image\/jpeg\" \/>\n<meta name=\"twitter:card\" content=\"summary_large_image\" \/>\n<meta name=\"twitter:label1\" content=\"Written by\" \/>\n\t<meta name=\"twitter:data1\" content=\"\" \/>\n\t<meta name=\"twitter:label2\" content=\"Est. reading time\" \/>\n\t<meta name=\"twitter:data2\" content=\"3 minute\" \/>\n<script type=\"application\/ld+json\" class=\"yoast-schema-graph\">{\"@context\":\"https:\/\/schema.org\",\"@graph\":[{\"@type\":\"Article\",\"@id\":\"https:\/\/sandzakpress.net\/arhiva\/majke-srebrenice-pozdravljaju-zakon-o-pravima-povratnika\/#article\",\"isPartOf\":{\"@id\":\"https:\/\/sandzakpress.net\/arhiva\/majke-srebrenice-pozdravljaju-zakon-o-pravima-povratnika\/\"},\"author\":{\"name\":\"\",\"@id\":\"\"},\"headline\":\"Majke Srebrenice pozdravljaju Zakon o pravima povratnika\",\"datePublished\":\"2013-04-29T17:44:45+00:00\",\"mainEntityOfPage\":{\"@id\":\"https:\/\/sandzakpress.net\/arhiva\/majke-srebrenice-pozdravljaju-zakon-o-pravima-povratnika\/\"},\"wordCount\":523,\"commentCount\":0,\"publisher\":{\"@id\":\"https:\/\/sandzakpress.net\/arhiva\/#\/schema\/person\/6e72b67d6e51910a1117b3b483ba20bd\"},\"image\":{\"@id\":\"https:\/\/sandzakpress.net\/arhiva\/majke-srebrenice-pozdravljaju-zakon-o-pravima-povratnika\/#primaryimage\"},\"thumbnailUrl\":\"https:\/\/sandzakpress.net\/arhiva\/wp-content\/uploads\/2013\/04\/380_Srebrenica_Prognanici_431.jpg\",\"articleSection\":[\"Nacija\",\"Bosna i Hercegovina\"],\"inLanguage\":\"bs-BA\",\"potentialAction\":[{\"@type\":\"CommentAction\",\"name\":\"Comment\",\"target\":[\"https:\/\/sandzakpress.net\/arhiva\/majke-srebrenice-pozdravljaju-zakon-o-pravima-povratnika\/#respond\"]}]},{\"@type\":\"WebPage\",\"@id\":\"https:\/\/sandzakpress.net\/arhiva\/majke-srebrenice-pozdravljaju-zakon-o-pravima-povratnika\/\",\"url\":\"https:\/\/sandzakpress.net\/arhiva\/majke-srebrenice-pozdravljaju-zakon-o-pravima-povratnika\/\",\"name\":\"Majke Srebrenice pozdravljaju Zakon o pravima povratnika\",\"isPartOf\":{\"@id\":\"https:\/\/sandzakpress.net\/arhiva\/#website\"},\"primaryImageOfPage\":{\"@id\":\"https:\/\/sandzakpress.net\/arhiva\/majke-srebrenice-pozdravljaju-zakon-o-pravima-povratnika\/#primaryimage\"},\"image\":{\"@id\":\"https:\/\/sandzakpress.net\/arhiva\/majke-srebrenice-pozdravljaju-zakon-o-pravima-povratnika\/#primaryimage\"},\"thumbnailUrl\":\"https:\/\/sandzakpress.net\/arhiva\/wp-content\/uploads\/2013\/04\/380_Srebrenica_Prognanici_431.jpg\",\"datePublished\":\"2013-04-29T17:44:45+00:00\",\"breadcrumb\":{\"@id\":\"https:\/\/sandzakpress.net\/arhiva\/majke-srebrenice-pozdravljaju-zakon-o-pravima-povratnika\/#breadcrumb\"},\"inLanguage\":\"bs-BA\",\"potentialAction\":[{\"@type\":\"ReadAction\",\"target\":[\"https:\/\/sandzakpress.net\/arhiva\/majke-srebrenice-pozdravljaju-zakon-o-pravima-povratnika\/\"]}]},{\"@type\":\"ImageObject\",\"inLanguage\":\"bs-BA\",\"@id\":\"https:\/\/sandzakpress.net\/arhiva\/majke-srebrenice-pozdravljaju-zakon-o-pravima-povratnika\/#primaryimage\",\"url\":\"https:\/\/sandzakpress.net\/arhiva\/wp-content\/uploads\/2013\/04\/380_Srebrenica_Prognanici_431.jpg\",\"contentUrl\":\"https:\/\/sandzakpress.net\/arhiva\/wp-content\/uploads\/2013\/04\/380_Srebrenica_Prognanici_431.jpg\",\"width\":380,\"height\":283},{\"@type\":\"BreadcrumbList\",\"@id\":\"https:\/\/sandzakpress.net\/arhiva\/majke-srebrenice-pozdravljaju-zakon-o-pravima-povratnika\/#breadcrumb\",\"itemListElement\":[{\"@type\":\"ListItem\",\"position\":1,\"name\":\"Home\",\"item\":\"https:\/\/sandzakpress.net\/arhiva\/\"},{\"@type\":\"ListItem\",\"position\":2,\"name\":\"Majke Srebrenice pozdravljaju Zakon o pravima povratnika\"}]},{\"@type\":\"WebSite\",\"@id\":\"https:\/\/sandzakpress.net\/arhiva\/#website\",\"url\":\"https:\/\/sandzakpress.net\/arhiva\/\",\"name\":\"Sand\u017eak PRESS\",\"description\":\"Prve elektronske novine u Sand\u017eaku\",\"publisher\":{\"@id\":\"https:\/\/sandzakpress.net\/arhiva\/#\/schema\/person\/6e72b67d6e51910a1117b3b483ba20bd\"},\"potentialAction\":[{\"@type\":\"SearchAction\",\"target\":{\"@type\":\"EntryPoint\",\"urlTemplate\":\"https:\/\/sandzakpress.net\/arhiva\/?s={search_term_string}\"},\"query-input\":{\"@type\":\"PropertyValueSpecification\",\"valueRequired\":true,\"valueName\":\"search_term_string\"}}],\"inLanguage\":\"bs-BA\"},{\"@type\":[\"Person\",\"Organization\"],\"@id\":\"https:\/\/sandzakpress.net\/arhiva\/#\/schema\/person\/6e72b67d6e51910a1117b3b483ba20bd\",\"name\":\"Kul\",\"image\":{\"@type\":\"ImageObject\",\"inLanguage\":\"bs-BA\",\"@id\":\"https:\/\/sandzakpress.net\/arhiva\/#\/schema\/person\/image\/\",\"url\":\"https:\/\/secure.gravatar.com\/avatar\/42263f39aa27ac04c43cab85c280eb2e?s=96&d=mm&r=pg\",\"contentUrl\":\"https:\/\/secure.gravatar.com\/avatar\/42263f39aa27ac04c43cab85c280eb2e?s=96&d=mm&r=pg\",\"caption\":\"Kul\"},\"logo\":{\"@id\":\"https:\/\/sandzakpress.net\/arhiva\/#\/schema\/person\/image\/\"}},{\"@type\":\"Person\",\"@id\":\"\",\"url\":\"https:\/\/sandzakpress.net\/arhiva\/author\/\"}]}<\/script>\n<!-- \/ Yoast SEO Premium plugin. -->","yoast_head_json":{"title":"Majke Srebrenice pozdravljaju Zakon o pravima povratnika","robots":{"index":"index","follow":"follow","max-snippet":"max-snippet:-1","max-image-preview":"max-image-preview:large","max-video-preview":"max-video-preview:-1"},"canonical":"https:\/\/sandzakpress.net\/arhiva\/majke-srebrenice-pozdravljaju-zakon-o-pravima-povratnika\/","og_locale":"bs_BA","og_type":"article","og_title":"Majke Srebrenice pozdravljaju Zakon o pravima povratnika","og_description":"BIH &#8211; Srebreni\u010dke majke pozdravile su danas dono\u0161enje Zakona o pravima osoba koja se iz Kantona Sarajevo vra\u0107aju u mjesta prijeratnog prebivali\u0161ta, izvje\u0161tava novinar agencije Anadolija (AA). Naime, zastupnici Skup\u0161tine Kantona Sarajevo su na dana\u0161njoj sjednici po hitnom postupku jednoglasno usvojili Zakon o pravima osoba koja se iz Kantona Sarajevo vra\u0107aju u mjesta prijeratnog prebivali\u0161ta, [&hellip;]","og_url":"https:\/\/sandzakpress.net\/arhiva\/majke-srebrenice-pozdravljaju-zakon-o-pravima-povratnika\/","og_site_name":"Sand\u017eak PRESS","article_published_time":"2013-04-29T17:44:45+00:00","og_image":[{"width":380,"height":283,"url":"https:\/\/sandzakpress.net\/arhiva\/wp-content\/uploads\/2013\/04\/380_Srebrenica_Prognanici_431.jpg","type":"image\/jpeg"}],"twitter_card":"summary_large_image","twitter_misc":{"Written by":"","Est. reading time":"3 minute"},"schema":{"@context":"https:\/\/schema.org","@graph":[{"@type":"Article","@id":"https:\/\/sandzakpress.net\/arhiva\/majke-srebrenice-pozdravljaju-zakon-o-pravima-povratnika\/#article","isPartOf":{"@id":"https:\/\/sandzakpress.net\/arhiva\/majke-srebrenice-pozdravljaju-zakon-o-pravima-povratnika\/"},"author":{"name":"","@id":""},"headline":"Majke Srebrenice pozdravljaju Zakon o pravima povratnika","datePublished":"2013-04-29T17:44:45+00:00","mainEntityOfPage":{"@id":"https:\/\/sandzakpress.net\/arhiva\/majke-srebrenice-pozdravljaju-zakon-o-pravima-povratnika\/"},"wordCount":523,"commentCount":0,"publisher":{"@id":"https:\/\/sandzakpress.net\/arhiva\/#\/schema\/person\/6e72b67d6e51910a1117b3b483ba20bd"},"image":{"@id":"https:\/\/sandzakpress.net\/arhiva\/majke-srebrenice-pozdravljaju-zakon-o-pravima-povratnika\/#primaryimage"},"thumbnailUrl":"https:\/\/sandzakpress.net\/arhiva\/wp-content\/uploads\/2013\/04\/380_Srebrenica_Prognanici_431.jpg","articleSection":["Nacija","Bosna i Hercegovina"],"inLanguage":"bs-BA","potentialAction":[{"@type":"CommentAction","name":"Comment","target":["https:\/\/sandzakpress.net\/arhiva\/majke-srebrenice-pozdravljaju-zakon-o-pravima-povratnika\/#respond"]}]},{"@type":"WebPage","@id":"https:\/\/sandzakpress.net\/arhiva\/majke-srebrenice-pozdravljaju-zakon-o-pravima-povratnika\/","url":"https:\/\/sandzakpress.net\/arhiva\/majke-srebrenice-pozdravljaju-zakon-o-pravima-povratnika\/","name":"Majke Srebrenice pozdravljaju Zakon o pravima povratnika","isPartOf":{"@id":"https:\/\/sandzakpress.net\/arhiva\/#website"},"primaryImageOfPage":{"@id":"https:\/\/sandzakpress.net\/arhiva\/majke-srebrenice-pozdravljaju-zakon-o-pravima-povratnika\/#primaryimage"},"image":{"@id":"https:\/\/sandzakpress.net\/arhiva\/majke-srebrenice-pozdravljaju-zakon-o-pravima-povratnika\/#primaryimage"},"thumbnailUrl":"https:\/\/sandzakpress.net\/arhiva\/wp-content\/uploads\/2013\/04\/380_Srebrenica_Prognanici_431.jpg","datePublished":"2013-04-29T17:44:45+00:00","breadcrumb":{"@id":"https:\/\/sandzakpress.net\/arhiva\/majke-srebrenice-pozdravljaju-zakon-o-pravima-povratnika\/#breadcrumb"},"inLanguage":"bs-BA","potentialAction":[{"@type":"ReadAction","target":["https:\/\/sandzakpress.net\/arhiva\/majke-srebrenice-pozdravljaju-zakon-o-pravima-povratnika\/"]}]},{"@type":"ImageObject","inLanguage":"bs-BA","@id":"https:\/\/sandzakpress.net\/arhiva\/majke-srebrenice-pozdravljaju-zakon-o-pravima-povratnika\/#primaryimage","url":"https:\/\/sandzakpress.net\/arhiva\/wp-content\/uploads\/2013\/04\/380_Srebrenica_Prognanici_431.jpg","contentUrl":"https:\/\/sandzakpress.net\/arhiva\/wp-content\/uploads\/2013\/04\/380_Srebrenica_Prognanici_431.jpg","width":380,"height":283},{"@type":"BreadcrumbList","@id":"https:\/\/sandzakpress.net\/arhiva\/majke-srebrenice-pozdravljaju-zakon-o-pravima-povratnika\/#breadcrumb","itemListElement":[{"@type":"ListItem","position":1,"name":"Home","item":"https:\/\/sandzakpress.net\/arhiva\/"},{"@type":"ListItem","position":2,"name":"Majke Srebrenice pozdravljaju Zakon o pravima povratnika"}]},{"@type":"WebSite","@id":"https:\/\/sandzakpress.net\/arhiva\/#website","url":"https:\/\/sandzakpress.net\/arhiva\/","name":"Sand\u017eak PRESS","description":"Prve elektronske novine u Sand\u017eaku","publisher":{"@id":"https:\/\/sandzakpress.net\/arhiva\/#\/schema\/person\/6e72b67d6e51910a1117b3b483ba20bd"},"potentialAction":[{"@type":"SearchAction","target":{"@type":"EntryPoint","urlTemplate":"https:\/\/sandzakpress.net\/arhiva\/?s={search_term_string}"},"query-input":{"@type":"PropertyValueSpecification","valueRequired":true,"valueName":"search_term_string"}}],"inLanguage":"bs-BA"},{"@type":["Person","Organization"],"@id":"https:\/\/sandzakpress.net\/arhiva\/#\/schema\/person\/6e72b67d6e51910a1117b3b483ba20bd","name":"Kul","image":{"@type":"ImageObject","inLanguage":"bs-BA","@id":"https:\/\/sandzakpress.net\/arhiva\/#\/schema\/person\/image\/","url":"https:\/\/secure.gravatar.com\/avatar\/42263f39aa27ac04c43cab85c280eb2e?s=96&d=mm&r=pg","contentUrl":"https:\/\/secure.gravatar.com\/avatar\/42263f39aa27ac04c43cab85c280eb2e?s=96&d=mm&r=pg","caption":"Kul"},"logo":{"@id":"https:\/\/sandzakpress.net\/arhiva\/#\/schema\/person\/image\/"}},{"@type":"Person","@id":"","url":"https:\/\/sandzakpress.net\/arhiva\/author\/"}]}},"_links":{"self":[{"href":"https:\/\/sandzakpress.net\/arhiva\/wp-json\/wp\/v2\/posts\/74421"}],"collection":[{"href":"https:\/\/sandzakpress.net\/arhiva\/wp-json\/wp\/v2\/posts"}],"about":[{"href":"https:\/\/sandzakpress.net\/arhiva\/wp-json\/wp\/v2\/types\/post"}],"author":[{"embeddable":true,"href":"https:\/\/sandzakpress.net\/arhiva\/wp-json\/wp\/v2\/users\/16"}],"replies":[{"embeddable":true,"href":"https:\/\/sandzakpress.net\/arhiva\/wp-json\/wp\/v2\/comments?post=74421"}],"version-history":[{"count":0,"href":"https:\/\/sandzakpress.net\/arhiva\/wp-json\/wp\/v2\/posts\/74421\/revisions"}],"wp:featuredmedia":[{"embeddable":true,"href":"https:\/\/sandzakpress.net\/arhiva\/wp-json\/wp\/v2\/media\/74422"}],"wp:attachment":[{"href":"https:\/\/sandzakpress.net\/arhiva\/wp-json\/wp\/v2\/media?parent=74421"}],"wp:term":[{"taxonomy":"category","embeddable":true,"href":"https:\/\/sandzakpress.net\/arhiva\/wp-json\/wp\/v2\/categories?post=74421"},{"taxonomy":"post_tag","embeddable":true,"href":"https:\/\/sandzakpress.net\/arhiva\/wp-json\/wp\/v2\/tags?post=74421"}],"curies":[{"name":"wp","href":"https:\/\/api.w.org\/{rel}","templated":true}]}}