{"id":74169,"date":"2013-04-26T14:58:31","date_gmt":"2013-04-26T12:58:31","guid":{"rendered":"https:\/\/sandzakpress.net\/arhiva\/?p=74169"},"modified":"2013-08-10T00:50:46","modified_gmt":"2013-08-09T22:50:46","slug":"bekir-makic-dao-dvije-kontra-izjave-i-dokazao-svoju-laz-video","status":"publish","type":"post","link":"https:\/\/sandzakpress.net\/arhiva\/bekir-makic-dao-dvije-kontra-izjave-i-dokazao-svoju-laz-video\/","title":{"rendered":"Bekir Maki\u0107 dao dvije kontradiktorne izjave i dokazao svoju la\u017e (Video)"},"content":{"rendered":"<p><a href=\"https:\/\/sandzakpress.net\/arhiva\/wp-content\/uploads\/2013\/04\/aljezira.jpg\"><img loading=\"lazy\" decoding=\"async\" class=\"aligncenter size-full wp-image-74207\" title=\"aljezira\" alt=\"\" src=\"https:\/\/sandzakpress.net\/arhiva\/wp-content\/uploads\/2013\/04\/aljezira.jpg\" width=\"616\" height=\"398\" \/><\/a><\/p>\n<p><strong>Novi Pazar &#8211; Bekir Maki\u0107, biv\u0161i funkcioner u Islamskoj zajednici u Srbiji, je povodom vijesti koje su objavili probeogradski mediji o navodnom prebijanju i o\u0161te\u0107enju ki\u010dme dao dvije opre\u010dne izjave.<\/strong><\/p>\n<p><strong><span style=\"text-decoration: underline;\">U prvoj izjavi koju je dao u svojoj ku\u0107i, a objavljena na facebook-u 24. aprila 2013., istog dana kada je i plasirana la\u017ena vijest je kazao:<\/span><\/strong><\/p>\n<div>\n<blockquote>\n<div><strong><span style=\"color: #000000;\">&#8220;I kako je on i\u0161ao prema meni, ja sam se mo\u017eda par put &#8230; ja jo\u0161 nisam bio ustao iz stolice, ja sam &#8230; par koraka i onda sam pao &#8230; pao sam svom du\u017einom. Pao sam na desnu ruku, a onda je u gornjem dijelu, od tog trzaja &#8230; <span style=\"color: #ff0000;\">ALI JA TO NI\u0160TA NISAM OSJETIO<\/span>. To &#8230; Posle toga ja ustajem. <\/span><\/strong><\/div>\n<div><span style=\"color: #000000;\">.<\/span><\/div>\n<div><span style=\"color: #000000;\"><strong>U to oni su zvali valjda odozdo obezbe\u0111enja. Otud desno uza stepenice ide brat mu, a lijevo odavut uz ove druge stepenice Ned\u017ead \u0160a\u010dirovi\u0107. <\/strong><strong>Do\u0161ao je Ned\u017eo samo: &#8220;Bekire \u0161ta je bilo, ne\u0161to si se promijenio, \u0161ta je bilo?&#8221; Reko: &#8220;NI\u0160TA NIJE BILO!&#8221;<\/strong><\/span><\/div>\n<div><span style=\"color: #000000;\"><strong>Ja sam polako oti\u0161o ka autu, uzo auto. Po\u0161to sam trebo ku\u0107i &#8230; , do\u0161o da uzmem terpiju. <\/strong><strong><span style=\"color: #ff0000;\">MENI NIJE U TOM MOMENTU, <\/span><\/strong><strong><span style=\"color: #ff0000;\">al ve\u0107 kad sam ono uzo terapiju ve\u0107 nekih pola sata osje\u0107am po\u010de da me OVAJ &#8230;<\/span>&#8220;<\/strong><\/span><\/div>\n<\/blockquote>\n<\/div>\n<div>\n<div><strong><span style=\"text-decoration: underline;\">U drugoj izjavi koju je dao u svojoj ku\u0107i, a objavljena na Regionalnoj TV bliskoj R. Ljaji\u0107u, 25. aprila 2013., dan poslije plasiranja la\u017ene vijesti je kazao:<\/span><\/strong><\/div>\n<div><strong>.<\/strong><\/div>\n<div>\n<div>\n<blockquote>\n<div><span style=\"color: #000000;\"><strong>I onda svom tom silinom me je pal\u010devima udario ovde u ovom dijelu i stego me za vrat i u ovom dijelu imam OTOK sa lijeve strane i O\u0160TE\u010cENJA i tom silinom me bacio na patos, na pod i ja sam u tom padu &#8230; verovatno klimnuo &#8230; kako je glavom klimnuo <span style=\"color: #ff0000;\">OSJETIO SAM BOL &#8230; OVDJE SAM &#8230;<\/span> ustao brzo &#8230;.<\/strong><\/span><\/div>\n<\/blockquote>\n<\/div>\n<\/div>\n<p><iframe loading=\"lazy\" src=\"http:\/\/www.youtube.com\/embed\/HUh-pjB6bRY\" height=\"350\" width=\"616\" allowfullscreen=\"\" frameborder=\"0\"><\/iframe><\/p>\n<div>Postavlja se logi\u010dno pitanje, ako ga je Muftija Muamer ef. Zukorli\u0107 &#8220;stvarno udario&#8221; kako je mogu\u0107e nakon toga da iska\u017ee dvije kontradiktorne izjave, gdje u jednoj tvrdi da pri novodnom padu &#8216;nije ni\u0161ta osjetio&#8217; a u drugoj da ga je Muftija &#8216;davio i onda odgurnuo&#8217; gdje je navodno osjetio jak bol i o\u0161tetio ki\u010dmu?<\/div>\n<\/div>\n<div>\n<div>.<\/div>\n<div>(Sand\u017eak PRESS)<\/div>\n<\/div>\n","protected":false},"excerpt":{"rendered":"<p>Novi Pazar &#8211; Bekir Maki\u0107, biv\u0161i funkcioner u Islamskoj zajednici u Srbiji, je povodom vijesti koje su objavili probeogradski mediji o navodnom prebijanju i o\u0161te\u0107enju ki\u010dme dao dvije opre\u010dne izjave. U prvoj izjavi koju je dao u svojoj ku\u0107i, a objavljena na facebook-u 24. aprila 2013., istog dana kada je i plasirana la\u017ena vijest je [&hellip;]<\/p>\n","protected":false},"author":83,"featured_media":74207,"comment_status":"open","ping_status":"open","sticky":false,"template":"","format":"standard","meta":{"footnotes":""},"categories":[72,1,8957],"tags":[10299],"class_list":{"0":"post-74169","1":"post","2":"type-post","3":"status-publish","4":"format-standard","5":"has-post-thumbnail","7":"category-novi-pazar","8":"category-politika","9":"category-vijesti-dana","10":"tag-bekir-makic"},"yoast_head":"<!-- This site is optimized with the Yoast SEO Premium plugin v23.1 (Yoast SEO v24.9) - https:\/\/yoast.com\/wordpress\/plugins\/seo\/ -->\n<title>Bekir Maki\u0107 dao dvije kontradiktorne izjave i dokazao svoju la\u017e (Video)<\/title>\n<meta name=\"robots\" content=\"index, follow, max-snippet:-1, max-image-preview:large, max-video-preview:-1\" \/>\n<link rel=\"canonical\" href=\"https:\/\/sandzakpress.net\/arhiva\/bekir-makic-dao-dvije-kontra-izjave-i-dokazao-svoju-laz-video\/\" \/>\n<meta property=\"og:locale\" content=\"bs_BA\" \/>\n<meta property=\"og:type\" content=\"article\" \/>\n<meta property=\"og:title\" content=\"Bekir Maki\u0107 dao dvije kontradiktorne izjave i dokazao svoju la\u017e (Video)\" \/>\n<meta property=\"og:description\" content=\"Novi Pazar &#8211; Bekir Maki\u0107, biv\u0161i funkcioner u Islamskoj zajednici u Srbiji, je povodom vijesti koje su objavili probeogradski mediji o navodnom prebijanju i o\u0161te\u0107enju ki\u010dme dao dvije opre\u010dne izjave. U prvoj izjavi koju je dao u svojoj ku\u0107i, a objavljena na facebook-u 24. aprila 2013., istog dana kada je i plasirana la\u017ena vijest je [&hellip;]\" \/>\n<meta property=\"og:url\" content=\"https:\/\/sandzakpress.net\/arhiva\/bekir-makic-dao-dvije-kontra-izjave-i-dokazao-svoju-laz-video\/\" \/>\n<meta property=\"og:site_name\" content=\"Sand\u017eak PRESS\" \/>\n<meta property=\"article:published_time\" content=\"2013-04-26T12:58:31+00:00\" \/>\n<meta property=\"article:modified_time\" content=\"2013-08-09T22:50:46+00:00\" \/>\n<meta property=\"og:image\" content=\"https:\/\/sandzakpress.net\/arhiva\/wp-content\/uploads\/2013\/04\/aljezira.jpg\" \/>\n\t<meta property=\"og:image:width\" content=\"616\" \/>\n\t<meta property=\"og:image:height\" content=\"398\" \/>\n\t<meta property=\"og:image:type\" content=\"image\/jpeg\" \/>\n<meta name=\"author\" content=\"bosniak\" \/>\n<meta name=\"twitter:card\" content=\"summary_large_image\" \/>\n<meta name=\"twitter:label1\" content=\"Written by\" \/>\n\t<meta name=\"twitter:data1\" content=\"bosniak\" \/>\n\t<meta name=\"twitter:label2\" content=\"Est. reading time\" \/>\n\t<meta name=\"twitter:data2\" content=\"2 minute\" \/>\n<script type=\"application\/ld+json\" class=\"yoast-schema-graph\">{\"@context\":\"https:\/\/schema.org\",\"@graph\":[{\"@type\":\"Article\",\"@id\":\"https:\/\/sandzakpress.net\/arhiva\/bekir-makic-dao-dvije-kontra-izjave-i-dokazao-svoju-laz-video\/#article\",\"isPartOf\":{\"@id\":\"https:\/\/sandzakpress.net\/arhiva\/bekir-makic-dao-dvije-kontra-izjave-i-dokazao-svoju-laz-video\/\"},\"author\":{\"name\":\"bosniak\",\"@id\":\"https:\/\/sandzakpress.net\/arhiva\/#\/schema\/person\/c8baee722073534b583ea7bdb2e36c02\"},\"headline\":\"Bekir Maki\u0107 dao dvije kontradiktorne izjave i dokazao svoju la\u017e (Video)\",\"datePublished\":\"2013-04-26T12:58:31+00:00\",\"dateModified\":\"2013-08-09T22:50:46+00:00\",\"mainEntityOfPage\":{\"@id\":\"https:\/\/sandzakpress.net\/arhiva\/bekir-makic-dao-dvije-kontra-izjave-i-dokazao-svoju-laz-video\/\"},\"wordCount\":377,\"commentCount\":10,\"publisher\":{\"@id\":\"https:\/\/sandzakpress.net\/arhiva\/#\/schema\/person\/6e72b67d6e51910a1117b3b483ba20bd\"},\"image\":{\"@id\":\"https:\/\/sandzakpress.net\/arhiva\/bekir-makic-dao-dvije-kontra-izjave-i-dokazao-svoju-laz-video\/#primaryimage\"},\"thumbnailUrl\":\"https:\/\/sandzakpress.net\/arhiva\/wp-content\/uploads\/2013\/04\/aljezira.jpg\",\"keywords\":[\"Bekir Maki\u0107\"],\"articleSection\":[\"Novi Pazar\",\"Politika\",\"VIJESTI DANA\"],\"inLanguage\":\"bs-BA\",\"potentialAction\":[{\"@type\":\"CommentAction\",\"name\":\"Comment\",\"target\":[\"https:\/\/sandzakpress.net\/arhiva\/bekir-makic-dao-dvije-kontra-izjave-i-dokazao-svoju-laz-video\/#respond\"]}]},{\"@type\":\"WebPage\",\"@id\":\"https:\/\/sandzakpress.net\/arhiva\/bekir-makic-dao-dvije-kontra-izjave-i-dokazao-svoju-laz-video\/\",\"url\":\"https:\/\/sandzakpress.net\/arhiva\/bekir-makic-dao-dvije-kontra-izjave-i-dokazao-svoju-laz-video\/\",\"name\":\"Bekir Maki\u0107 dao dvije kontradiktorne izjave i dokazao svoju la\u017e (Video)\",\"isPartOf\":{\"@id\":\"https:\/\/sandzakpress.net\/arhiva\/#website\"},\"primaryImageOfPage\":{\"@id\":\"https:\/\/sandzakpress.net\/arhiva\/bekir-makic-dao-dvije-kontra-izjave-i-dokazao-svoju-laz-video\/#primaryimage\"},\"image\":{\"@id\":\"https:\/\/sandzakpress.net\/arhiva\/bekir-makic-dao-dvije-kontra-izjave-i-dokazao-svoju-laz-video\/#primaryimage\"},\"thumbnailUrl\":\"https:\/\/sandzakpress.net\/arhiva\/wp-content\/uploads\/2013\/04\/aljezira.jpg\",\"datePublished\":\"2013-04-26T12:58:31+00:00\",\"dateModified\":\"2013-08-09T22:50:46+00:00\",\"breadcrumb\":{\"@id\":\"https:\/\/sandzakpress.net\/arhiva\/bekir-makic-dao-dvije-kontra-izjave-i-dokazao-svoju-laz-video\/#breadcrumb\"},\"inLanguage\":\"bs-BA\",\"potentialAction\":[{\"@type\":\"ReadAction\",\"target\":[\"https:\/\/sandzakpress.net\/arhiva\/bekir-makic-dao-dvije-kontra-izjave-i-dokazao-svoju-laz-video\/\"]}]},{\"@type\":\"ImageObject\",\"inLanguage\":\"bs-BA\",\"@id\":\"https:\/\/sandzakpress.net\/arhiva\/bekir-makic-dao-dvije-kontra-izjave-i-dokazao-svoju-laz-video\/#primaryimage\",\"url\":\"https:\/\/sandzakpress.net\/arhiva\/wp-content\/uploads\/2013\/04\/aljezira.jpg\",\"contentUrl\":\"https:\/\/sandzakpress.net\/arhiva\/wp-content\/uploads\/2013\/04\/aljezira.jpg\",\"width\":616,\"height\":398},{\"@type\":\"BreadcrumbList\",\"@id\":\"https:\/\/sandzakpress.net\/arhiva\/bekir-makic-dao-dvije-kontra-izjave-i-dokazao-svoju-laz-video\/#breadcrumb\",\"itemListElement\":[{\"@type\":\"ListItem\",\"position\":1,\"name\":\"Home\",\"item\":\"https:\/\/sandzakpress.net\/arhiva\/\"},{\"@type\":\"ListItem\",\"position\":2,\"name\":\"Bekir Maki\u0107 dao dvije kontradiktorne izjave i dokazao svoju la\u017e (Video)\"}]},{\"@type\":\"WebSite\",\"@id\":\"https:\/\/sandzakpress.net\/arhiva\/#website\",\"url\":\"https:\/\/sandzakpress.net\/arhiva\/\",\"name\":\"Sand\u017eak PRESS\",\"description\":\"Prve elektronske novine u Sand\u017eaku\",\"publisher\":{\"@id\":\"https:\/\/sandzakpress.net\/arhiva\/#\/schema\/person\/6e72b67d6e51910a1117b3b483ba20bd\"},\"potentialAction\":[{\"@type\":\"SearchAction\",\"target\":{\"@type\":\"EntryPoint\",\"urlTemplate\":\"https:\/\/sandzakpress.net\/arhiva\/?s={search_term_string}\"},\"query-input\":{\"@type\":\"PropertyValueSpecification\",\"valueRequired\":true,\"valueName\":\"search_term_string\"}}],\"inLanguage\":\"bs-BA\"},{\"@type\":[\"Person\",\"Organization\"],\"@id\":\"https:\/\/sandzakpress.net\/arhiva\/#\/schema\/person\/6e72b67d6e51910a1117b3b483ba20bd\",\"name\":\"Kul\",\"image\":{\"@type\":\"ImageObject\",\"inLanguage\":\"bs-BA\",\"@id\":\"https:\/\/sandzakpress.net\/arhiva\/#\/schema\/person\/image\/\",\"url\":\"https:\/\/secure.gravatar.com\/avatar\/42263f39aa27ac04c43cab85c280eb2e?s=96&d=mm&r=pg\",\"contentUrl\":\"https:\/\/secure.gravatar.com\/avatar\/42263f39aa27ac04c43cab85c280eb2e?s=96&d=mm&r=pg\",\"caption\":\"Kul\"},\"logo\":{\"@id\":\"https:\/\/sandzakpress.net\/arhiva\/#\/schema\/person\/image\/\"}},{\"@type\":\"Person\",\"@id\":\"https:\/\/sandzakpress.net\/arhiva\/#\/schema\/person\/c8baee722073534b583ea7bdb2e36c02\",\"name\":\"bosniak\",\"image\":{\"@type\":\"ImageObject\",\"inLanguage\":\"bs-BA\",\"@id\":\"https:\/\/sandzakpress.net\/arhiva\/#\/schema\/person\/image\/\",\"url\":\"https:\/\/secure.gravatar.com\/avatar\/a04fd330bfe3a36a72a0ad4a6d89fca7?s=96&d=mm&r=pg\",\"contentUrl\":\"https:\/\/secure.gravatar.com\/avatar\/a04fd330bfe3a36a72a0ad4a6d89fca7?s=96&d=mm&r=pg\",\"caption\":\"bosniak\"},\"url\":\"https:\/\/sandzakpress.net\/arhiva\/author\/bosniak\/\"}]}<\/script>\n<!-- \/ Yoast SEO Premium plugin. -->","yoast_head_json":{"title":"Bekir Maki\u0107 dao dvije kontradiktorne izjave i dokazao svoju la\u017e (Video)","robots":{"index":"index","follow":"follow","max-snippet":"max-snippet:-1","max-image-preview":"max-image-preview:large","max-video-preview":"max-video-preview:-1"},"canonical":"https:\/\/sandzakpress.net\/arhiva\/bekir-makic-dao-dvije-kontra-izjave-i-dokazao-svoju-laz-video\/","og_locale":"bs_BA","og_type":"article","og_title":"Bekir Maki\u0107 dao dvije kontradiktorne izjave i dokazao svoju la\u017e (Video)","og_description":"Novi Pazar &#8211; Bekir Maki\u0107, biv\u0161i funkcioner u Islamskoj zajednici u Srbiji, je povodom vijesti koje su objavili probeogradski mediji o navodnom prebijanju i o\u0161te\u0107enju ki\u010dme dao dvije opre\u010dne izjave. U prvoj izjavi koju je dao u svojoj ku\u0107i, a objavljena na facebook-u 24. aprila 2013., istog dana kada je i plasirana la\u017ena vijest je [&hellip;]","og_url":"https:\/\/sandzakpress.net\/arhiva\/bekir-makic-dao-dvije-kontra-izjave-i-dokazao-svoju-laz-video\/","og_site_name":"Sand\u017eak PRESS","article_published_time":"2013-04-26T12:58:31+00:00","article_modified_time":"2013-08-09T22:50:46+00:00","og_image":[{"width":616,"height":398,"url":"https:\/\/sandzakpress.net\/arhiva\/wp-content\/uploads\/2013\/04\/aljezira.jpg","type":"image\/jpeg"}],"author":"bosniak","twitter_card":"summary_large_image","twitter_misc":{"Written by":"bosniak","Est. reading time":"2 minute"},"schema":{"@context":"https:\/\/schema.org","@graph":[{"@type":"Article","@id":"https:\/\/sandzakpress.net\/arhiva\/bekir-makic-dao-dvije-kontra-izjave-i-dokazao-svoju-laz-video\/#article","isPartOf":{"@id":"https:\/\/sandzakpress.net\/arhiva\/bekir-makic-dao-dvije-kontra-izjave-i-dokazao-svoju-laz-video\/"},"author":{"name":"bosniak","@id":"https:\/\/sandzakpress.net\/arhiva\/#\/schema\/person\/c8baee722073534b583ea7bdb2e36c02"},"headline":"Bekir Maki\u0107 dao dvije kontradiktorne izjave i dokazao svoju la\u017e (Video)","datePublished":"2013-04-26T12:58:31+00:00","dateModified":"2013-08-09T22:50:46+00:00","mainEntityOfPage":{"@id":"https:\/\/sandzakpress.net\/arhiva\/bekir-makic-dao-dvije-kontra-izjave-i-dokazao-svoju-laz-video\/"},"wordCount":377,"commentCount":10,"publisher":{"@id":"https:\/\/sandzakpress.net\/arhiva\/#\/schema\/person\/6e72b67d6e51910a1117b3b483ba20bd"},"image":{"@id":"https:\/\/sandzakpress.net\/arhiva\/bekir-makic-dao-dvije-kontra-izjave-i-dokazao-svoju-laz-video\/#primaryimage"},"thumbnailUrl":"https:\/\/sandzakpress.net\/arhiva\/wp-content\/uploads\/2013\/04\/aljezira.jpg","keywords":["Bekir Maki\u0107"],"articleSection":["Novi Pazar","Politika","VIJESTI DANA"],"inLanguage":"bs-BA","potentialAction":[{"@type":"CommentAction","name":"Comment","target":["https:\/\/sandzakpress.net\/arhiva\/bekir-makic-dao-dvije-kontra-izjave-i-dokazao-svoju-laz-video\/#respond"]}]},{"@type":"WebPage","@id":"https:\/\/sandzakpress.net\/arhiva\/bekir-makic-dao-dvije-kontra-izjave-i-dokazao-svoju-laz-video\/","url":"https:\/\/sandzakpress.net\/arhiva\/bekir-makic-dao-dvije-kontra-izjave-i-dokazao-svoju-laz-video\/","name":"Bekir Maki\u0107 dao dvije kontradiktorne izjave i dokazao svoju la\u017e (Video)","isPartOf":{"@id":"https:\/\/sandzakpress.net\/arhiva\/#website"},"primaryImageOfPage":{"@id":"https:\/\/sandzakpress.net\/arhiva\/bekir-makic-dao-dvije-kontra-izjave-i-dokazao-svoju-laz-video\/#primaryimage"},"image":{"@id":"https:\/\/sandzakpress.net\/arhiva\/bekir-makic-dao-dvije-kontra-izjave-i-dokazao-svoju-laz-video\/#primaryimage"},"thumbnailUrl":"https:\/\/sandzakpress.net\/arhiva\/wp-content\/uploads\/2013\/04\/aljezira.jpg","datePublished":"2013-04-26T12:58:31+00:00","dateModified":"2013-08-09T22:50:46+00:00","breadcrumb":{"@id":"https:\/\/sandzakpress.net\/arhiva\/bekir-makic-dao-dvije-kontra-izjave-i-dokazao-svoju-laz-video\/#breadcrumb"},"inLanguage":"bs-BA","potentialAction":[{"@type":"ReadAction","target":["https:\/\/sandzakpress.net\/arhiva\/bekir-makic-dao-dvije-kontra-izjave-i-dokazao-svoju-laz-video\/"]}]},{"@type":"ImageObject","inLanguage":"bs-BA","@id":"https:\/\/sandzakpress.net\/arhiva\/bekir-makic-dao-dvije-kontra-izjave-i-dokazao-svoju-laz-video\/#primaryimage","url":"https:\/\/sandzakpress.net\/arhiva\/wp-content\/uploads\/2013\/04\/aljezira.jpg","contentUrl":"https:\/\/sandzakpress.net\/arhiva\/wp-content\/uploads\/2013\/04\/aljezira.jpg","width":616,"height":398},{"@type":"BreadcrumbList","@id":"https:\/\/sandzakpress.net\/arhiva\/bekir-makic-dao-dvije-kontra-izjave-i-dokazao-svoju-laz-video\/#breadcrumb","itemListElement":[{"@type":"ListItem","position":1,"name":"Home","item":"https:\/\/sandzakpress.net\/arhiva\/"},{"@type":"ListItem","position":2,"name":"Bekir Maki\u0107 dao dvije kontradiktorne izjave i dokazao svoju la\u017e (Video)"}]},{"@type":"WebSite","@id":"https:\/\/sandzakpress.net\/arhiva\/#website","url":"https:\/\/sandzakpress.net\/arhiva\/","name":"Sand\u017eak PRESS","description":"Prve elektronske novine u Sand\u017eaku","publisher":{"@id":"https:\/\/sandzakpress.net\/arhiva\/#\/schema\/person\/6e72b67d6e51910a1117b3b483ba20bd"},"potentialAction":[{"@type":"SearchAction","target":{"@type":"EntryPoint","urlTemplate":"https:\/\/sandzakpress.net\/arhiva\/?s={search_term_string}"},"query-input":{"@type":"PropertyValueSpecification","valueRequired":true,"valueName":"search_term_string"}}],"inLanguage":"bs-BA"},{"@type":["Person","Organization"],"@id":"https:\/\/sandzakpress.net\/arhiva\/#\/schema\/person\/6e72b67d6e51910a1117b3b483ba20bd","name":"Kul","image":{"@type":"ImageObject","inLanguage":"bs-BA","@id":"https:\/\/sandzakpress.net\/arhiva\/#\/schema\/person\/image\/","url":"https:\/\/secure.gravatar.com\/avatar\/42263f39aa27ac04c43cab85c280eb2e?s=96&d=mm&r=pg","contentUrl":"https:\/\/secure.gravatar.com\/avatar\/42263f39aa27ac04c43cab85c280eb2e?s=96&d=mm&r=pg","caption":"Kul"},"logo":{"@id":"https:\/\/sandzakpress.net\/arhiva\/#\/schema\/person\/image\/"}},{"@type":"Person","@id":"https:\/\/sandzakpress.net\/arhiva\/#\/schema\/person\/c8baee722073534b583ea7bdb2e36c02","name":"bosniak","image":{"@type":"ImageObject","inLanguage":"bs-BA","@id":"https:\/\/sandzakpress.net\/arhiva\/#\/schema\/person\/image\/","url":"https:\/\/secure.gravatar.com\/avatar\/a04fd330bfe3a36a72a0ad4a6d89fca7?s=96&d=mm&r=pg","contentUrl":"https:\/\/secure.gravatar.com\/avatar\/a04fd330bfe3a36a72a0ad4a6d89fca7?s=96&d=mm&r=pg","caption":"bosniak"},"url":"https:\/\/sandzakpress.net\/arhiva\/author\/bosniak\/"}]}},"_links":{"self":[{"href":"https:\/\/sandzakpress.net\/arhiva\/wp-json\/wp\/v2\/posts\/74169"}],"collection":[{"href":"https:\/\/sandzakpress.net\/arhiva\/wp-json\/wp\/v2\/posts"}],"about":[{"href":"https:\/\/sandzakpress.net\/arhiva\/wp-json\/wp\/v2\/types\/post"}],"author":[{"embeddable":true,"href":"https:\/\/sandzakpress.net\/arhiva\/wp-json\/wp\/v2\/users\/83"}],"replies":[{"embeddable":true,"href":"https:\/\/sandzakpress.net\/arhiva\/wp-json\/wp\/v2\/comments?post=74169"}],"version-history":[{"count":0,"href":"https:\/\/sandzakpress.net\/arhiva\/wp-json\/wp\/v2\/posts\/74169\/revisions"}],"wp:featuredmedia":[{"embeddable":true,"href":"https:\/\/sandzakpress.net\/arhiva\/wp-json\/wp\/v2\/media\/74207"}],"wp:attachment":[{"href":"https:\/\/sandzakpress.net\/arhiva\/wp-json\/wp\/v2\/media?parent=74169"}],"wp:term":[{"taxonomy":"category","embeddable":true,"href":"https:\/\/sandzakpress.net\/arhiva\/wp-json\/wp\/v2\/categories?post=74169"},{"taxonomy":"post_tag","embeddable":true,"href":"https:\/\/sandzakpress.net\/arhiva\/wp-json\/wp\/v2\/tags?post=74169"}],"curies":[{"name":"wp","href":"https:\/\/api.w.org\/{rel}","templated":true}]}}