{"id":73876,"date":"2013-04-23T22:15:23","date_gmt":"2013-04-23T20:15:23","guid":{"rendered":"https:\/\/sandzakpress.net\/arhiva\/?p=73876"},"modified":"2013-04-24T13:58:02","modified_gmt":"2013-04-24T11:58:02","slug":"u-frankfurtu-odrzana-promocija-bosnjacke-nacionalne-fondacije-bnf","status":"publish","type":"post","link":"https:\/\/sandzakpress.net\/arhiva\/u-frankfurtu-odrzana-promocija-bosnjacke-nacionalne-fondacije-bnf\/","title":{"rendered":"U Frankfurtu odr\u017eana promocija Bo\u0161nja\u010dke nacionalne fondacije (BNF)"},"content":{"rendered":"<p><a href=\"https:\/\/sandzakpress.net\/arhiva\/wp-content\/uploads\/2013\/04\/IMG_35911.jpg\"><img loading=\"lazy\" decoding=\"async\" class=\"aligncenter size-full wp-image-73877\" title=\"IMG_35911\" src=\"https:\/\/sandzakpress.net\/arhiva\/wp-content\/uploads\/2013\/04\/IMG_35911.jpg\" alt=\"\" width=\"600\" height=\"450\" \/><\/a><\/p>\n<p><strong>BIH, Njema\u010dka &#8211; Frankfurt &#8211; \u00a020.04.2013. godine je u prepunoj sali hotela &#8220;Sej  Sand\u017eak&#8221; u Frankfurtu odr\u017eana promocija Bo\u0161nja\u010dke nacionalne fondacije  (BNF<\/strong>).<\/p>\n<p>Uvodnim obra\u0107anjem gosp. Muzafer Had\u017ei\u0107 je prisutnima po\u017eelio  dobrodo\u0161licu i otvorio prvu promociju BNF-a na prostoru Njema\u010dke.  Prisutnima se obratio i \u010dlan upravnog odbora BNF-a gospodin \u0160efadil  Li\u010dina i ukazao na va\u017enost osnivanja bo\u0161nja\u010dkih nacionalnih institucija.<br \/>\nDa bi i ova promocija protekla u prijatnom ambijentu potrudio se i prvi  uvodni\u010dar ove promocije gospodin Muhamed Mahmutovi\u0107, ugledni bo\u0161nja\u010dki  intelektualac i vrsni novinar. Mahmutovi\u0107 je ovom prilikom istakao:<br \/>\n-Bo\u0161njaci po prvi put u historiji imaju institucije poput Bo\u0161nja\u010dke  akademije nauke i umjetnosti (BANU), \u00a0Svjetski bo\u0161nja\u010dki kongres (SBK) i  Bo\u0161njacke kulturne zajednice (BKZ)koje \u010dine bo\u0161nja\u010dki narod kompletnim i  koje \u0107e raditi na tome da Bo\u0161njaci opstanu na prostoru BiH, kao i  drugim dr\u017eavama u koje su protjerani. Na\u017ealost, u ovakvom  ustavno-pravnom poretku i konstelaciji politi\u010dkih snaga, za svoj rad ne  mogu o\u010dekivati podr\u0161ku dr\u017eave, zato smatram da BNF mora podr\u017eati svaki  Bo\u0161njak na bilo koji na\u010din, ma gdje on bio, jer BNF je garancija da \u0107e  strate\u0161ki va\u017eni projekti za na\u0161u domovinu biti nastavljeni.<br \/>\nNakon Mahmutovi\u0107a prisutnim se obratio gosp. Hako Duljevi\u0107, predsjednik  BNF-a i ovom prilkom prisutne informirao o svim aktivnostima BNF-a.  Duljevi\u0107 je u svom izlaganju pojasnio potrebu osnivanja nacionalnih  institucija SBK, BANU i potrebe pru\u017eanja logistike ovim i ostalim  nacionalnim institucijama koje imaju zadatak educirati Bo\u0161njake i  kontinuirano raditi na promoviranju istinskih vrijednosti Bo\u0161njaka. Mi  Bo\u0161njaci nemamo nacionalnu drzavu, na\u0161 \u017eivotni prostor je sve manji i  sku\u010deniji, drugi su nam prekrajali granice, odlu\u010divali o zastavi, grbu,  himni&#8230;na\u0161 narod je pre\u017eivio progone i genocid, ali i nakon toga mi  imamo snage i elana da te\u017eimo i zagovaramo su\u017eivot, da dijelimo \u017eivotni  prostor sa drugima i druga\u010dijima.<br \/>\nMi zelimo kroz na\u0161e nacionalne institucije Bo\u0161njacima povratiti osmijeh,  djelovati konstruktivno, \u017eelimo bijele figure i akciju u pravcu  progresa, ostvarivanja na\u0161ih snova, slobode i povezivanja bo\u0161nja\u010dkog  naroda. Gotovo svi problemi Bo\u0161njaka se mogu jednostano svrstati u samo  dvije kategorije: nama su u nekoliko navrata eliminisali elitu i  konstantno ukidali institucije. Ba\u0161 u tome pronalazimo rje\u0161enje po  modelu okupljanja elite i ja\u010danja nacionalnih institucija. Imamo  Islamsku zajednicu koja svima nama jednako pripada, a koja je izdra\u017eala  sve udare. Cijelo stolje\u0107e je brizno \u010duvala na\u0161 vjerski, nacionalni,  kulturni identitet i rje\u0161avala sve na\u0161e probleme, ali ona je  preoptere\u0107ena i nije u stanju servisirati sve potrebe bosnja\u010dkog naroda.  Imamo dr\u017eavu BiH i ona je na\u0161a matica, bez koje Bo\u0161njaka ne bi bilo.  Ali se i na toj relaciji javljaju brojni problemi. Zajedni\u010dke  institucije su \u010desto blokirane, pa je zbog toga dr\u017eava Bosna i  zapostavila brojnu dijasporu koja u svakom slu\u010daju predstavlja jedan od  na\u0161ih klju\u010dnih resursa. Kroz djelovanje nacionalnih institucija \u017eelimo  nadomjestiti nedostatak nacionalne dr\u017eave, baviti se rje\u0161avanjem onih  problema koje Bo\u0161njaci ne mogu rje\u0161iti kroz instituciju Islamske  zajednice i dr\u017eave Bosne&#8230;ne smijemo robijati unutar granica BiH,  moramo uvezivati Bo\u0161njake i izvan nje, \u017eelimo tretirati zajedni\u010dke  probleme, uvezivati na\u0161 narod i zajedni\u010dkim snagama osmi\u0161ljavati \u00a0i  realizirati nove projekte.<br \/>\nUstupanjem hotelskih prostorija i vrsnom uslugom, punu podr\u0161ku ovoj  promociji je pru\u017eio istaknuti biznismen Ferhan Sejdovi\u0107, vlasnik hotela  &#8220;Sej Sand\u017eak&#8221;.<br \/>\nPo zavr\u0161etku promocije prisutni su nastavili dru\u017eenje uz zajedni\u010dku ve\u010deru.<\/p>\n<p>(BNF)<\/p>\n","protected":false},"excerpt":{"rendered":"<p>BIH, Njema\u010dka &#8211; Frankfurt &#8211; \u00a020.04.2013. godine je u prepunoj sali hotela &#8220;Sej Sand\u017eak&#8221; u Frankfurtu odr\u017eana promocija Bo\u0161nja\u010dke nacionalne fondacije (BNF). Uvodnim obra\u0107anjem gosp. Muzafer Had\u017ei\u0107 je prisutnima po\u017eelio dobrodo\u0161licu i otvorio prvu promociju BNF-a na prostoru Njema\u010dke. Prisutnima se obratio i \u010dlan upravnog odbora BNF-a gospodin \u0160efadil Li\u010dina i ukazao na va\u017enost osnivanja [&hellip;]<\/p>\n","protected":false},"author":33,"featured_media":73877,"comment_status":"open","ping_status":"open","sticky":false,"template":"","format":"standard","meta":{"footnotes":""},"categories":[9538,800,2860,8957],"tags":[],"class_list":{"0":"post-73876","1":"post","2":"type-post","3":"status-publish","4":"format-standard","5":"has-post-thumbnail","7":"category-njemacka-dijaspora-gradovi-vase-vijesti","8":"category-nacija","9":"category-bosna-i-hercegovina-gradovi","10":"category-vijesti-dana"},"yoast_head":"<!-- This site is optimized with the Yoast SEO Premium plugin v23.1 (Yoast SEO v24.9) - https:\/\/yoast.com\/wordpress\/plugins\/seo\/ -->\n<title>U Frankfurtu odr\u017eana promocija Bo\u0161nja\u010dke nacionalne fondacije (BNF)<\/title>\n<meta name=\"robots\" content=\"index, follow, max-snippet:-1, max-image-preview:large, max-video-preview:-1\" \/>\n<link rel=\"canonical\" href=\"https:\/\/sandzakpress.net\/arhiva\/u-frankfurtu-odrzana-promocija-bosnjacke-nacionalne-fondacije-bnf\/\" \/>\n<meta property=\"og:locale\" content=\"bs_BA\" \/>\n<meta property=\"og:type\" content=\"article\" \/>\n<meta property=\"og:title\" content=\"U Frankfurtu odr\u017eana promocija Bo\u0161nja\u010dke nacionalne fondacije (BNF)\" \/>\n<meta property=\"og:description\" content=\"BIH, Njema\u010dka &#8211; Frankfurt &#8211; \u00a020.04.2013. godine je u prepunoj sali hotela &#8220;Sej Sand\u017eak&#8221; u Frankfurtu odr\u017eana promocija Bo\u0161nja\u010dke nacionalne fondacije (BNF). Uvodnim obra\u0107anjem gosp. Muzafer Had\u017ei\u0107 je prisutnima po\u017eelio dobrodo\u0161licu i otvorio prvu promociju BNF-a na prostoru Njema\u010dke. Prisutnima se obratio i \u010dlan upravnog odbora BNF-a gospodin \u0160efadil Li\u010dina i ukazao na va\u017enost osnivanja [&hellip;]\" \/>\n<meta property=\"og:url\" content=\"https:\/\/sandzakpress.net\/arhiva\/u-frankfurtu-odrzana-promocija-bosnjacke-nacionalne-fondacije-bnf\/\" \/>\n<meta property=\"og:site_name\" content=\"Sand\u017eak PRESS\" \/>\n<meta property=\"article:published_time\" content=\"2013-04-23T20:15:23+00:00\" \/>\n<meta property=\"article:modified_time\" content=\"2013-04-24T11:58:02+00:00\" \/>\n<meta property=\"og:image\" content=\"https:\/\/sandzakpress.net\/arhiva\/wp-content\/uploads\/2013\/04\/IMG_35911.jpg\" \/>\n\t<meta property=\"og:image:width\" content=\"600\" \/>\n\t<meta property=\"og:image:height\" content=\"450\" \/>\n\t<meta property=\"og:image:type\" content=\"image\/jpeg\" \/>\n<meta name=\"twitter:card\" content=\"summary_large_image\" \/>\n<meta name=\"twitter:label1\" content=\"Written by\" \/>\n\t<meta name=\"twitter:data1\" content=\"\" \/>\n\t<meta name=\"twitter:label2\" content=\"Est. reading time\" \/>\n\t<meta name=\"twitter:data2\" content=\"3 minute\" \/>\n<script type=\"application\/ld+json\" class=\"yoast-schema-graph\">{\"@context\":\"https:\/\/schema.org\",\"@graph\":[{\"@type\":\"Article\",\"@id\":\"https:\/\/sandzakpress.net\/arhiva\/u-frankfurtu-odrzana-promocija-bosnjacke-nacionalne-fondacije-bnf\/#article\",\"isPartOf\":{\"@id\":\"https:\/\/sandzakpress.net\/arhiva\/u-frankfurtu-odrzana-promocija-bosnjacke-nacionalne-fondacije-bnf\/\"},\"author\":{\"name\":\"\",\"@id\":\"\"},\"headline\":\"U Frankfurtu odr\u017eana promocija Bo\u0161nja\u010dke nacionalne fondacije (BNF)\",\"datePublished\":\"2013-04-23T20:15:23+00:00\",\"dateModified\":\"2013-04-24T11:58:02+00:00\",\"mainEntityOfPage\":{\"@id\":\"https:\/\/sandzakpress.net\/arhiva\/u-frankfurtu-odrzana-promocija-bosnjacke-nacionalne-fondacije-bnf\/\"},\"wordCount\":623,\"commentCount\":0,\"publisher\":{\"@id\":\"https:\/\/sandzakpress.net\/arhiva\/#\/schema\/person\/6e72b67d6e51910a1117b3b483ba20bd\"},\"image\":{\"@id\":\"https:\/\/sandzakpress.net\/arhiva\/u-frankfurtu-odrzana-promocija-bosnjacke-nacionalne-fondacije-bnf\/#primaryimage\"},\"thumbnailUrl\":\"https:\/\/sandzakpress.net\/arhiva\/wp-content\/uploads\/2013\/04\/IMG_35911.jpg\",\"articleSection\":[\"Njema\u010dka\",\"Nacija\",\"Bosna i Hercegovina\",\"VIJESTI DANA\"],\"inLanguage\":\"bs-BA\",\"potentialAction\":[{\"@type\":\"CommentAction\",\"name\":\"Comment\",\"target\":[\"https:\/\/sandzakpress.net\/arhiva\/u-frankfurtu-odrzana-promocija-bosnjacke-nacionalne-fondacije-bnf\/#respond\"]}]},{\"@type\":\"WebPage\",\"@id\":\"https:\/\/sandzakpress.net\/arhiva\/u-frankfurtu-odrzana-promocija-bosnjacke-nacionalne-fondacije-bnf\/\",\"url\":\"https:\/\/sandzakpress.net\/arhiva\/u-frankfurtu-odrzana-promocija-bosnjacke-nacionalne-fondacije-bnf\/\",\"name\":\"U Frankfurtu odr\u017eana promocija Bo\u0161nja\u010dke nacionalne fondacije (BNF)\",\"isPartOf\":{\"@id\":\"https:\/\/sandzakpress.net\/arhiva\/#website\"},\"primaryImageOfPage\":{\"@id\":\"https:\/\/sandzakpress.net\/arhiva\/u-frankfurtu-odrzana-promocija-bosnjacke-nacionalne-fondacije-bnf\/#primaryimage\"},\"image\":{\"@id\":\"https:\/\/sandzakpress.net\/arhiva\/u-frankfurtu-odrzana-promocija-bosnjacke-nacionalne-fondacije-bnf\/#primaryimage\"},\"thumbnailUrl\":\"https:\/\/sandzakpress.net\/arhiva\/wp-content\/uploads\/2013\/04\/IMG_35911.jpg\",\"datePublished\":\"2013-04-23T20:15:23+00:00\",\"dateModified\":\"2013-04-24T11:58:02+00:00\",\"breadcrumb\":{\"@id\":\"https:\/\/sandzakpress.net\/arhiva\/u-frankfurtu-odrzana-promocija-bosnjacke-nacionalne-fondacije-bnf\/#breadcrumb\"},\"inLanguage\":\"bs-BA\",\"potentialAction\":[{\"@type\":\"ReadAction\",\"target\":[\"https:\/\/sandzakpress.net\/arhiva\/u-frankfurtu-odrzana-promocija-bosnjacke-nacionalne-fondacije-bnf\/\"]}]},{\"@type\":\"ImageObject\",\"inLanguage\":\"bs-BA\",\"@id\":\"https:\/\/sandzakpress.net\/arhiva\/u-frankfurtu-odrzana-promocija-bosnjacke-nacionalne-fondacije-bnf\/#primaryimage\",\"url\":\"https:\/\/sandzakpress.net\/arhiva\/wp-content\/uploads\/2013\/04\/IMG_35911.jpg\",\"contentUrl\":\"https:\/\/sandzakpress.net\/arhiva\/wp-content\/uploads\/2013\/04\/IMG_35911.jpg\",\"width\":600,\"height\":450},{\"@type\":\"BreadcrumbList\",\"@id\":\"https:\/\/sandzakpress.net\/arhiva\/u-frankfurtu-odrzana-promocija-bosnjacke-nacionalne-fondacije-bnf\/#breadcrumb\",\"itemListElement\":[{\"@type\":\"ListItem\",\"position\":1,\"name\":\"Home\",\"item\":\"https:\/\/sandzakpress.net\/arhiva\/\"},{\"@type\":\"ListItem\",\"position\":2,\"name\":\"U Frankfurtu odr\u017eana promocija Bo\u0161nja\u010dke nacionalne fondacije (BNF)\"}]},{\"@type\":\"WebSite\",\"@id\":\"https:\/\/sandzakpress.net\/arhiva\/#website\",\"url\":\"https:\/\/sandzakpress.net\/arhiva\/\",\"name\":\"Sand\u017eak PRESS\",\"description\":\"Prve elektronske novine u Sand\u017eaku\",\"publisher\":{\"@id\":\"https:\/\/sandzakpress.net\/arhiva\/#\/schema\/person\/6e72b67d6e51910a1117b3b483ba20bd\"},\"potentialAction\":[{\"@type\":\"SearchAction\",\"target\":{\"@type\":\"EntryPoint\",\"urlTemplate\":\"https:\/\/sandzakpress.net\/arhiva\/?s={search_term_string}\"},\"query-input\":{\"@type\":\"PropertyValueSpecification\",\"valueRequired\":true,\"valueName\":\"search_term_string\"}}],\"inLanguage\":\"bs-BA\"},{\"@type\":[\"Person\",\"Organization\"],\"@id\":\"https:\/\/sandzakpress.net\/arhiva\/#\/schema\/person\/6e72b67d6e51910a1117b3b483ba20bd\",\"name\":\"Kul\",\"image\":{\"@type\":\"ImageObject\",\"inLanguage\":\"bs-BA\",\"@id\":\"https:\/\/sandzakpress.net\/arhiva\/#\/schema\/person\/image\/\",\"url\":\"https:\/\/secure.gravatar.com\/avatar\/42263f39aa27ac04c43cab85c280eb2e?s=96&d=mm&r=pg\",\"contentUrl\":\"https:\/\/secure.gravatar.com\/avatar\/42263f39aa27ac04c43cab85c280eb2e?s=96&d=mm&r=pg\",\"caption\":\"Kul\"},\"logo\":{\"@id\":\"https:\/\/sandzakpress.net\/arhiva\/#\/schema\/person\/image\/\"}},{\"@type\":\"Person\",\"@id\":\"\",\"url\":\"https:\/\/sandzakpress.net\/arhiva\/author\/\"}]}<\/script>\n<!-- \/ Yoast SEO Premium plugin. -->","yoast_head_json":{"title":"U Frankfurtu odr\u017eana promocija Bo\u0161nja\u010dke nacionalne fondacije (BNF)","robots":{"index":"index","follow":"follow","max-snippet":"max-snippet:-1","max-image-preview":"max-image-preview:large","max-video-preview":"max-video-preview:-1"},"canonical":"https:\/\/sandzakpress.net\/arhiva\/u-frankfurtu-odrzana-promocija-bosnjacke-nacionalne-fondacije-bnf\/","og_locale":"bs_BA","og_type":"article","og_title":"U Frankfurtu odr\u017eana promocija Bo\u0161nja\u010dke nacionalne fondacije (BNF)","og_description":"BIH, Njema\u010dka &#8211; Frankfurt &#8211; \u00a020.04.2013. godine je u prepunoj sali hotela &#8220;Sej Sand\u017eak&#8221; u Frankfurtu odr\u017eana promocija Bo\u0161nja\u010dke nacionalne fondacije (BNF). Uvodnim obra\u0107anjem gosp. Muzafer Had\u017ei\u0107 je prisutnima po\u017eelio dobrodo\u0161licu i otvorio prvu promociju BNF-a na prostoru Njema\u010dke. Prisutnima se obratio i \u010dlan upravnog odbora BNF-a gospodin \u0160efadil Li\u010dina i ukazao na va\u017enost osnivanja [&hellip;]","og_url":"https:\/\/sandzakpress.net\/arhiva\/u-frankfurtu-odrzana-promocija-bosnjacke-nacionalne-fondacije-bnf\/","og_site_name":"Sand\u017eak PRESS","article_published_time":"2013-04-23T20:15:23+00:00","article_modified_time":"2013-04-24T11:58:02+00:00","og_image":[{"width":600,"height":450,"url":"https:\/\/sandzakpress.net\/arhiva\/wp-content\/uploads\/2013\/04\/IMG_35911.jpg","type":"image\/jpeg"}],"twitter_card":"summary_large_image","twitter_misc":{"Written by":"","Est. reading time":"3 minute"},"schema":{"@context":"https:\/\/schema.org","@graph":[{"@type":"Article","@id":"https:\/\/sandzakpress.net\/arhiva\/u-frankfurtu-odrzana-promocija-bosnjacke-nacionalne-fondacije-bnf\/#article","isPartOf":{"@id":"https:\/\/sandzakpress.net\/arhiva\/u-frankfurtu-odrzana-promocija-bosnjacke-nacionalne-fondacije-bnf\/"},"author":{"name":"","@id":""},"headline":"U Frankfurtu odr\u017eana promocija Bo\u0161nja\u010dke nacionalne fondacije (BNF)","datePublished":"2013-04-23T20:15:23+00:00","dateModified":"2013-04-24T11:58:02+00:00","mainEntityOfPage":{"@id":"https:\/\/sandzakpress.net\/arhiva\/u-frankfurtu-odrzana-promocija-bosnjacke-nacionalne-fondacije-bnf\/"},"wordCount":623,"commentCount":0,"publisher":{"@id":"https:\/\/sandzakpress.net\/arhiva\/#\/schema\/person\/6e72b67d6e51910a1117b3b483ba20bd"},"image":{"@id":"https:\/\/sandzakpress.net\/arhiva\/u-frankfurtu-odrzana-promocija-bosnjacke-nacionalne-fondacije-bnf\/#primaryimage"},"thumbnailUrl":"https:\/\/sandzakpress.net\/arhiva\/wp-content\/uploads\/2013\/04\/IMG_35911.jpg","articleSection":["Njema\u010dka","Nacija","Bosna i Hercegovina","VIJESTI DANA"],"inLanguage":"bs-BA","potentialAction":[{"@type":"CommentAction","name":"Comment","target":["https:\/\/sandzakpress.net\/arhiva\/u-frankfurtu-odrzana-promocija-bosnjacke-nacionalne-fondacije-bnf\/#respond"]}]},{"@type":"WebPage","@id":"https:\/\/sandzakpress.net\/arhiva\/u-frankfurtu-odrzana-promocija-bosnjacke-nacionalne-fondacije-bnf\/","url":"https:\/\/sandzakpress.net\/arhiva\/u-frankfurtu-odrzana-promocija-bosnjacke-nacionalne-fondacije-bnf\/","name":"U Frankfurtu odr\u017eana promocija Bo\u0161nja\u010dke nacionalne fondacije (BNF)","isPartOf":{"@id":"https:\/\/sandzakpress.net\/arhiva\/#website"},"primaryImageOfPage":{"@id":"https:\/\/sandzakpress.net\/arhiva\/u-frankfurtu-odrzana-promocija-bosnjacke-nacionalne-fondacije-bnf\/#primaryimage"},"image":{"@id":"https:\/\/sandzakpress.net\/arhiva\/u-frankfurtu-odrzana-promocija-bosnjacke-nacionalne-fondacije-bnf\/#primaryimage"},"thumbnailUrl":"https:\/\/sandzakpress.net\/arhiva\/wp-content\/uploads\/2013\/04\/IMG_35911.jpg","datePublished":"2013-04-23T20:15:23+00:00","dateModified":"2013-04-24T11:58:02+00:00","breadcrumb":{"@id":"https:\/\/sandzakpress.net\/arhiva\/u-frankfurtu-odrzana-promocija-bosnjacke-nacionalne-fondacije-bnf\/#breadcrumb"},"inLanguage":"bs-BA","potentialAction":[{"@type":"ReadAction","target":["https:\/\/sandzakpress.net\/arhiva\/u-frankfurtu-odrzana-promocija-bosnjacke-nacionalne-fondacije-bnf\/"]}]},{"@type":"ImageObject","inLanguage":"bs-BA","@id":"https:\/\/sandzakpress.net\/arhiva\/u-frankfurtu-odrzana-promocija-bosnjacke-nacionalne-fondacije-bnf\/#primaryimage","url":"https:\/\/sandzakpress.net\/arhiva\/wp-content\/uploads\/2013\/04\/IMG_35911.jpg","contentUrl":"https:\/\/sandzakpress.net\/arhiva\/wp-content\/uploads\/2013\/04\/IMG_35911.jpg","width":600,"height":450},{"@type":"BreadcrumbList","@id":"https:\/\/sandzakpress.net\/arhiva\/u-frankfurtu-odrzana-promocija-bosnjacke-nacionalne-fondacije-bnf\/#breadcrumb","itemListElement":[{"@type":"ListItem","position":1,"name":"Home","item":"https:\/\/sandzakpress.net\/arhiva\/"},{"@type":"ListItem","position":2,"name":"U Frankfurtu odr\u017eana promocija Bo\u0161nja\u010dke nacionalne fondacije (BNF)"}]},{"@type":"WebSite","@id":"https:\/\/sandzakpress.net\/arhiva\/#website","url":"https:\/\/sandzakpress.net\/arhiva\/","name":"Sand\u017eak PRESS","description":"Prve elektronske novine u Sand\u017eaku","publisher":{"@id":"https:\/\/sandzakpress.net\/arhiva\/#\/schema\/person\/6e72b67d6e51910a1117b3b483ba20bd"},"potentialAction":[{"@type":"SearchAction","target":{"@type":"EntryPoint","urlTemplate":"https:\/\/sandzakpress.net\/arhiva\/?s={search_term_string}"},"query-input":{"@type":"PropertyValueSpecification","valueRequired":true,"valueName":"search_term_string"}}],"inLanguage":"bs-BA"},{"@type":["Person","Organization"],"@id":"https:\/\/sandzakpress.net\/arhiva\/#\/schema\/person\/6e72b67d6e51910a1117b3b483ba20bd","name":"Kul","image":{"@type":"ImageObject","inLanguage":"bs-BA","@id":"https:\/\/sandzakpress.net\/arhiva\/#\/schema\/person\/image\/","url":"https:\/\/secure.gravatar.com\/avatar\/42263f39aa27ac04c43cab85c280eb2e?s=96&d=mm&r=pg","contentUrl":"https:\/\/secure.gravatar.com\/avatar\/42263f39aa27ac04c43cab85c280eb2e?s=96&d=mm&r=pg","caption":"Kul"},"logo":{"@id":"https:\/\/sandzakpress.net\/arhiva\/#\/schema\/person\/image\/"}},{"@type":"Person","@id":"","url":"https:\/\/sandzakpress.net\/arhiva\/author\/"}]}},"_links":{"self":[{"href":"https:\/\/sandzakpress.net\/arhiva\/wp-json\/wp\/v2\/posts\/73876"}],"collection":[{"href":"https:\/\/sandzakpress.net\/arhiva\/wp-json\/wp\/v2\/posts"}],"about":[{"href":"https:\/\/sandzakpress.net\/arhiva\/wp-json\/wp\/v2\/types\/post"}],"author":[{"embeddable":true,"href":"https:\/\/sandzakpress.net\/arhiva\/wp-json\/wp\/v2\/users\/33"}],"replies":[{"embeddable":true,"href":"https:\/\/sandzakpress.net\/arhiva\/wp-json\/wp\/v2\/comments?post=73876"}],"version-history":[{"count":0,"href":"https:\/\/sandzakpress.net\/arhiva\/wp-json\/wp\/v2\/posts\/73876\/revisions"}],"wp:featuredmedia":[{"embeddable":true,"href":"https:\/\/sandzakpress.net\/arhiva\/wp-json\/wp\/v2\/media\/73877"}],"wp:attachment":[{"href":"https:\/\/sandzakpress.net\/arhiva\/wp-json\/wp\/v2\/media?parent=73876"}],"wp:term":[{"taxonomy":"category","embeddable":true,"href":"https:\/\/sandzakpress.net\/arhiva\/wp-json\/wp\/v2\/categories?post=73876"},{"taxonomy":"post_tag","embeddable":true,"href":"https:\/\/sandzakpress.net\/arhiva\/wp-json\/wp\/v2\/tags?post=73876"}],"curies":[{"name":"wp","href":"https:\/\/api.w.org\/{rel}","templated":true}]}}