{"id":73834,"date":"2013-04-23T19:29:10","date_gmt":"2013-04-23T17:29:10","guid":{"rendered":"https:\/\/sandzakpress.net\/arhiva\/?p=73834"},"modified":"2013-04-23T19:29:10","modified_gmt":"2013-04-23T17:29:10","slug":"njemacka-polaganje-kamenja-temeljca-za-dzamiju-u-balingenu","status":"publish","type":"post","link":"https:\/\/sandzakpress.net\/arhiva\/njemacka-polaganje-kamenja-temeljca-za-dzamiju-u-balingenu\/","title":{"rendered":"Njema\u010dka: Polaganje kamenja temeljca za d\u017eamiju u Balingenu"},"content":{"rendered":"<p><strong><a href=\"https:\/\/sandzakpress.net\/arhiva\/wp-content\/uploads\/2013\/04\/balingen.jpg\"><img loading=\"lazy\" decoding=\"async\" class=\"alignleft size-medium wp-image-73835\" title=\"balingen\" src=\"https:\/\/sandzakpress.net\/arhiva\/wp-content\/uploads\/2013\/04\/balingen-300x146.jpg\" alt=\"\" width=\"300\" height=\"146\" \/><\/a>Njema\u010dka &#8211; Po\u0161tovana bra\u0107o i cijenjene sestre,<\/strong><\/p>\n<p>\u010dast nam je pozvati Vas na sve\u010danost polaganja kamena temeljca za d\u017eamiju sa munarom u Balingenu.<\/p>\n<p>Sve\u010danost \u0107e se odr\u017eati :<\/p>\n<p><strong>28.04.2013 u 14.00 h<\/strong><br \/>\n<strong>na adresi: H\u00f6lzlestr.6<\/strong><br \/>\n<strong>72336 Balingen-Engstlatt <\/strong><\/p>\n<p><strong><\/strong>Podne namaz \u0107e se klanjati u 13.30 h u d\u017eamiji na adresi : Vogt-Ehinger str.15,\u00a0<em id=\"__mceDel\">72336 Balingen.<\/em><\/p>\n<p>Kamen temeljac \u0107e se polagati na principu licitacije \u2013 ko da vi\u0161e, a shodno Allahovoj poruci: \u201eNatje\u010dite se u dobro\u010dinstvu i takvaluku.\u201c<\/p>\n<p>Nakon polaganja kamena temeljca dru\u017eenje \u0107e mo nastaviti u hali uz obezbje\u0111en sve\u010dani ru\u010dak, kahvu i kola\u010de, te izvo\u0111enje ilahija i kasida od horova iz Baden W\u00fcrttemberg.<\/p>\n<p>O\u010dekuju\u0107i va\u0161 dolazak iskreno vas selamimo!<\/p>\n<p>Odbor d\u017eemata<\/p>\n<p>Kontakt telefon: 0157 806 552 85<\/p>\n<p>(IGBD)<\/p>\n","protected":false},"excerpt":{"rendered":"<p>Njema\u010dka &#8211; Po\u0161tovana bra\u0107o i cijenjene sestre, \u010dast nam je pozvati Vas na sve\u010danost polaganja kamena temeljca za d\u017eamiju sa munarom u Balingenu. Sve\u010danost \u0107e se odr\u017eati : 28.04.2013 u 14.00 h na adresi: H\u00f6lzlestr.6 72336 Balingen-Engstlatt Podne namaz \u0107e se klanjati u 13.30 h u d\u017eamiji na adresi : Vogt-Ehinger str.15,\u00a072336 Balingen. Kamen temeljac [&hellip;]<\/p>\n","protected":false},"author":16,"featured_media":73835,"comment_status":"open","ping_status":"open","sticky":false,"template":"","format":"standard","meta":{"footnotes":""},"categories":[9538,802],"tags":[],"class_list":{"0":"post-73834","1":"post","2":"type-post","3":"status-publish","4":"format-standard","5":"has-post-thumbnail","7":"category-njemacka-dijaspora-gradovi-vase-vijesti","8":"category-islamska_zajednica"},"yoast_head":"<!-- This site is optimized with the Yoast SEO Premium plugin v23.1 (Yoast SEO v24.9) - https:\/\/yoast.com\/wordpress\/plugins\/seo\/ -->\n<title>Njema\u010dka: Polaganje kamenja temeljca za d\u017eamiju u Balingenu<\/title>\n<meta name=\"robots\" content=\"index, follow, max-snippet:-1, max-image-preview:large, max-video-preview:-1\" \/>\n<link rel=\"canonical\" href=\"https:\/\/sandzakpress.net\/arhiva\/njemacka-polaganje-kamenja-temeljca-za-dzamiju-u-balingenu\/\" \/>\n<meta property=\"og:locale\" content=\"bs_BA\" \/>\n<meta property=\"og:type\" content=\"article\" \/>\n<meta property=\"og:title\" content=\"Njema\u010dka: Polaganje kamenja temeljca za d\u017eamiju u Balingenu\" \/>\n<meta property=\"og:description\" content=\"Njema\u010dka &#8211; Po\u0161tovana bra\u0107o i cijenjene sestre, \u010dast nam je pozvati Vas na sve\u010danost polaganja kamena temeljca za d\u017eamiju sa munarom u Balingenu. Sve\u010danost \u0107e se odr\u017eati : 28.04.2013 u 14.00 h na adresi: H\u00f6lzlestr.6 72336 Balingen-Engstlatt Podne namaz \u0107e se klanjati u 13.30 h u d\u017eamiji na adresi : Vogt-Ehinger str.15,\u00a072336 Balingen. Kamen temeljac [&hellip;]\" \/>\n<meta property=\"og:url\" content=\"https:\/\/sandzakpress.net\/arhiva\/njemacka-polaganje-kamenja-temeljca-za-dzamiju-u-balingenu\/\" \/>\n<meta property=\"og:site_name\" content=\"Sand\u017eak PRESS\" \/>\n<meta property=\"article:published_time\" content=\"2013-04-23T17:29:10+00:00\" \/>\n<meta property=\"og:image\" content=\"https:\/\/sandzakpress.net\/arhiva\/wp-content\/uploads\/2013\/04\/balingen.jpg\" \/>\n\t<meta property=\"og:image:width\" content=\"616\" \/>\n\t<meta property=\"og:image:height\" content=\"301\" \/>\n\t<meta property=\"og:image:type\" content=\"image\/jpeg\" \/>\n<meta name=\"twitter:card\" content=\"summary_large_image\" \/>\n<meta name=\"twitter:label1\" content=\"Written by\" \/>\n\t<meta name=\"twitter:data1\" content=\"\" \/>\n\t<meta name=\"twitter:label2\" content=\"Est. reading time\" \/>\n\t<meta name=\"twitter:data2\" content=\"1 minuta\" \/>\n<script type=\"application\/ld+json\" class=\"yoast-schema-graph\">{\"@context\":\"https:\/\/schema.org\",\"@graph\":[{\"@type\":\"Article\",\"@id\":\"https:\/\/sandzakpress.net\/arhiva\/njemacka-polaganje-kamenja-temeljca-za-dzamiju-u-balingenu\/#article\",\"isPartOf\":{\"@id\":\"https:\/\/sandzakpress.net\/arhiva\/njemacka-polaganje-kamenja-temeljca-za-dzamiju-u-balingenu\/\"},\"author\":{\"name\":\"\",\"@id\":\"\"},\"headline\":\"Njema\u010dka: Polaganje kamenja temeljca za d\u017eamiju u Balingenu\",\"datePublished\":\"2013-04-23T17:29:10+00:00\",\"mainEntityOfPage\":{\"@id\":\"https:\/\/sandzakpress.net\/arhiva\/njemacka-polaganje-kamenja-temeljca-za-dzamiju-u-balingenu\/\"},\"wordCount\":138,\"commentCount\":1,\"publisher\":{\"@id\":\"https:\/\/sandzakpress.net\/arhiva\/#\/schema\/person\/6e72b67d6e51910a1117b3b483ba20bd\"},\"image\":{\"@id\":\"https:\/\/sandzakpress.net\/arhiva\/njemacka-polaganje-kamenja-temeljca-za-dzamiju-u-balingenu\/#primaryimage\"},\"thumbnailUrl\":\"https:\/\/sandzakpress.net\/arhiva\/wp-content\/uploads\/2013\/04\/balingen.jpg\",\"articleSection\":[\"Njema\u010dka\",\"Islamska zajednica\"],\"inLanguage\":\"bs-BA\",\"potentialAction\":[{\"@type\":\"CommentAction\",\"name\":\"Comment\",\"target\":[\"https:\/\/sandzakpress.net\/arhiva\/njemacka-polaganje-kamenja-temeljca-za-dzamiju-u-balingenu\/#respond\"]}]},{\"@type\":\"WebPage\",\"@id\":\"https:\/\/sandzakpress.net\/arhiva\/njemacka-polaganje-kamenja-temeljca-za-dzamiju-u-balingenu\/\",\"url\":\"https:\/\/sandzakpress.net\/arhiva\/njemacka-polaganje-kamenja-temeljca-za-dzamiju-u-balingenu\/\",\"name\":\"Njema\u010dka: Polaganje kamenja temeljca za d\u017eamiju u Balingenu\",\"isPartOf\":{\"@id\":\"https:\/\/sandzakpress.net\/arhiva\/#website\"},\"primaryImageOfPage\":{\"@id\":\"https:\/\/sandzakpress.net\/arhiva\/njemacka-polaganje-kamenja-temeljca-za-dzamiju-u-balingenu\/#primaryimage\"},\"image\":{\"@id\":\"https:\/\/sandzakpress.net\/arhiva\/njemacka-polaganje-kamenja-temeljca-za-dzamiju-u-balingenu\/#primaryimage\"},\"thumbnailUrl\":\"https:\/\/sandzakpress.net\/arhiva\/wp-content\/uploads\/2013\/04\/balingen.jpg\",\"datePublished\":\"2013-04-23T17:29:10+00:00\",\"breadcrumb\":{\"@id\":\"https:\/\/sandzakpress.net\/arhiva\/njemacka-polaganje-kamenja-temeljca-za-dzamiju-u-balingenu\/#breadcrumb\"},\"inLanguage\":\"bs-BA\",\"potentialAction\":[{\"@type\":\"ReadAction\",\"target\":[\"https:\/\/sandzakpress.net\/arhiva\/njemacka-polaganje-kamenja-temeljca-za-dzamiju-u-balingenu\/\"]}]},{\"@type\":\"ImageObject\",\"inLanguage\":\"bs-BA\",\"@id\":\"https:\/\/sandzakpress.net\/arhiva\/njemacka-polaganje-kamenja-temeljca-za-dzamiju-u-balingenu\/#primaryimage\",\"url\":\"https:\/\/sandzakpress.net\/arhiva\/wp-content\/uploads\/2013\/04\/balingen.jpg\",\"contentUrl\":\"https:\/\/sandzakpress.net\/arhiva\/wp-content\/uploads\/2013\/04\/balingen.jpg\",\"width\":616,\"height\":301},{\"@type\":\"BreadcrumbList\",\"@id\":\"https:\/\/sandzakpress.net\/arhiva\/njemacka-polaganje-kamenja-temeljca-za-dzamiju-u-balingenu\/#breadcrumb\",\"itemListElement\":[{\"@type\":\"ListItem\",\"position\":1,\"name\":\"Home\",\"item\":\"https:\/\/sandzakpress.net\/arhiva\/\"},{\"@type\":\"ListItem\",\"position\":2,\"name\":\"Njema\u010dka: Polaganje kamenja temeljca za d\u017eamiju u Balingenu\"}]},{\"@type\":\"WebSite\",\"@id\":\"https:\/\/sandzakpress.net\/arhiva\/#website\",\"url\":\"https:\/\/sandzakpress.net\/arhiva\/\",\"name\":\"Sand\u017eak PRESS\",\"description\":\"Prve elektronske novine u Sand\u017eaku\",\"publisher\":{\"@id\":\"https:\/\/sandzakpress.net\/arhiva\/#\/schema\/person\/6e72b67d6e51910a1117b3b483ba20bd\"},\"potentialAction\":[{\"@type\":\"SearchAction\",\"target\":{\"@type\":\"EntryPoint\",\"urlTemplate\":\"https:\/\/sandzakpress.net\/arhiva\/?s={search_term_string}\"},\"query-input\":{\"@type\":\"PropertyValueSpecification\",\"valueRequired\":true,\"valueName\":\"search_term_string\"}}],\"inLanguage\":\"bs-BA\"},{\"@type\":[\"Person\",\"Organization\"],\"@id\":\"https:\/\/sandzakpress.net\/arhiva\/#\/schema\/person\/6e72b67d6e51910a1117b3b483ba20bd\",\"name\":\"Kul\",\"image\":{\"@type\":\"ImageObject\",\"inLanguage\":\"bs-BA\",\"@id\":\"https:\/\/sandzakpress.net\/arhiva\/#\/schema\/person\/image\/\",\"url\":\"https:\/\/secure.gravatar.com\/avatar\/42263f39aa27ac04c43cab85c280eb2e?s=96&d=mm&r=pg\",\"contentUrl\":\"https:\/\/secure.gravatar.com\/avatar\/42263f39aa27ac04c43cab85c280eb2e?s=96&d=mm&r=pg\",\"caption\":\"Kul\"},\"logo\":{\"@id\":\"https:\/\/sandzakpress.net\/arhiva\/#\/schema\/person\/image\/\"}},{\"@type\":\"Person\",\"@id\":\"\",\"url\":\"https:\/\/sandzakpress.net\/arhiva\/author\/\"}]}<\/script>\n<!-- \/ Yoast SEO Premium plugin. -->","yoast_head_json":{"title":"Njema\u010dka: Polaganje kamenja temeljca za d\u017eamiju u Balingenu","robots":{"index":"index","follow":"follow","max-snippet":"max-snippet:-1","max-image-preview":"max-image-preview:large","max-video-preview":"max-video-preview:-1"},"canonical":"https:\/\/sandzakpress.net\/arhiva\/njemacka-polaganje-kamenja-temeljca-za-dzamiju-u-balingenu\/","og_locale":"bs_BA","og_type":"article","og_title":"Njema\u010dka: Polaganje kamenja temeljca za d\u017eamiju u Balingenu","og_description":"Njema\u010dka &#8211; Po\u0161tovana bra\u0107o i cijenjene sestre, \u010dast nam je pozvati Vas na sve\u010danost polaganja kamena temeljca za d\u017eamiju sa munarom u Balingenu. Sve\u010danost \u0107e se odr\u017eati : 28.04.2013 u 14.00 h na adresi: H\u00f6lzlestr.6 72336 Balingen-Engstlatt Podne namaz \u0107e se klanjati u 13.30 h u d\u017eamiji na adresi : Vogt-Ehinger str.15,\u00a072336 Balingen. Kamen temeljac [&hellip;]","og_url":"https:\/\/sandzakpress.net\/arhiva\/njemacka-polaganje-kamenja-temeljca-za-dzamiju-u-balingenu\/","og_site_name":"Sand\u017eak PRESS","article_published_time":"2013-04-23T17:29:10+00:00","og_image":[{"width":616,"height":301,"url":"https:\/\/sandzakpress.net\/arhiva\/wp-content\/uploads\/2013\/04\/balingen.jpg","type":"image\/jpeg"}],"twitter_card":"summary_large_image","twitter_misc":{"Written by":"","Est. reading time":"1 minuta"},"schema":{"@context":"https:\/\/schema.org","@graph":[{"@type":"Article","@id":"https:\/\/sandzakpress.net\/arhiva\/njemacka-polaganje-kamenja-temeljca-za-dzamiju-u-balingenu\/#article","isPartOf":{"@id":"https:\/\/sandzakpress.net\/arhiva\/njemacka-polaganje-kamenja-temeljca-za-dzamiju-u-balingenu\/"},"author":{"name":"","@id":""},"headline":"Njema\u010dka: Polaganje kamenja temeljca za d\u017eamiju u Balingenu","datePublished":"2013-04-23T17:29:10+00:00","mainEntityOfPage":{"@id":"https:\/\/sandzakpress.net\/arhiva\/njemacka-polaganje-kamenja-temeljca-za-dzamiju-u-balingenu\/"},"wordCount":138,"commentCount":1,"publisher":{"@id":"https:\/\/sandzakpress.net\/arhiva\/#\/schema\/person\/6e72b67d6e51910a1117b3b483ba20bd"},"image":{"@id":"https:\/\/sandzakpress.net\/arhiva\/njemacka-polaganje-kamenja-temeljca-za-dzamiju-u-balingenu\/#primaryimage"},"thumbnailUrl":"https:\/\/sandzakpress.net\/arhiva\/wp-content\/uploads\/2013\/04\/balingen.jpg","articleSection":["Njema\u010dka","Islamska zajednica"],"inLanguage":"bs-BA","potentialAction":[{"@type":"CommentAction","name":"Comment","target":["https:\/\/sandzakpress.net\/arhiva\/njemacka-polaganje-kamenja-temeljca-za-dzamiju-u-balingenu\/#respond"]}]},{"@type":"WebPage","@id":"https:\/\/sandzakpress.net\/arhiva\/njemacka-polaganje-kamenja-temeljca-za-dzamiju-u-balingenu\/","url":"https:\/\/sandzakpress.net\/arhiva\/njemacka-polaganje-kamenja-temeljca-za-dzamiju-u-balingenu\/","name":"Njema\u010dka: Polaganje kamenja temeljca za d\u017eamiju u Balingenu","isPartOf":{"@id":"https:\/\/sandzakpress.net\/arhiva\/#website"},"primaryImageOfPage":{"@id":"https:\/\/sandzakpress.net\/arhiva\/njemacka-polaganje-kamenja-temeljca-za-dzamiju-u-balingenu\/#primaryimage"},"image":{"@id":"https:\/\/sandzakpress.net\/arhiva\/njemacka-polaganje-kamenja-temeljca-za-dzamiju-u-balingenu\/#primaryimage"},"thumbnailUrl":"https:\/\/sandzakpress.net\/arhiva\/wp-content\/uploads\/2013\/04\/balingen.jpg","datePublished":"2013-04-23T17:29:10+00:00","breadcrumb":{"@id":"https:\/\/sandzakpress.net\/arhiva\/njemacka-polaganje-kamenja-temeljca-za-dzamiju-u-balingenu\/#breadcrumb"},"inLanguage":"bs-BA","potentialAction":[{"@type":"ReadAction","target":["https:\/\/sandzakpress.net\/arhiva\/njemacka-polaganje-kamenja-temeljca-za-dzamiju-u-balingenu\/"]}]},{"@type":"ImageObject","inLanguage":"bs-BA","@id":"https:\/\/sandzakpress.net\/arhiva\/njemacka-polaganje-kamenja-temeljca-za-dzamiju-u-balingenu\/#primaryimage","url":"https:\/\/sandzakpress.net\/arhiva\/wp-content\/uploads\/2013\/04\/balingen.jpg","contentUrl":"https:\/\/sandzakpress.net\/arhiva\/wp-content\/uploads\/2013\/04\/balingen.jpg","width":616,"height":301},{"@type":"BreadcrumbList","@id":"https:\/\/sandzakpress.net\/arhiva\/njemacka-polaganje-kamenja-temeljca-za-dzamiju-u-balingenu\/#breadcrumb","itemListElement":[{"@type":"ListItem","position":1,"name":"Home","item":"https:\/\/sandzakpress.net\/arhiva\/"},{"@type":"ListItem","position":2,"name":"Njema\u010dka: Polaganje kamenja temeljca za d\u017eamiju u Balingenu"}]},{"@type":"WebSite","@id":"https:\/\/sandzakpress.net\/arhiva\/#website","url":"https:\/\/sandzakpress.net\/arhiva\/","name":"Sand\u017eak PRESS","description":"Prve elektronske novine u Sand\u017eaku","publisher":{"@id":"https:\/\/sandzakpress.net\/arhiva\/#\/schema\/person\/6e72b67d6e51910a1117b3b483ba20bd"},"potentialAction":[{"@type":"SearchAction","target":{"@type":"EntryPoint","urlTemplate":"https:\/\/sandzakpress.net\/arhiva\/?s={search_term_string}"},"query-input":{"@type":"PropertyValueSpecification","valueRequired":true,"valueName":"search_term_string"}}],"inLanguage":"bs-BA"},{"@type":["Person","Organization"],"@id":"https:\/\/sandzakpress.net\/arhiva\/#\/schema\/person\/6e72b67d6e51910a1117b3b483ba20bd","name":"Kul","image":{"@type":"ImageObject","inLanguage":"bs-BA","@id":"https:\/\/sandzakpress.net\/arhiva\/#\/schema\/person\/image\/","url":"https:\/\/secure.gravatar.com\/avatar\/42263f39aa27ac04c43cab85c280eb2e?s=96&d=mm&r=pg","contentUrl":"https:\/\/secure.gravatar.com\/avatar\/42263f39aa27ac04c43cab85c280eb2e?s=96&d=mm&r=pg","caption":"Kul"},"logo":{"@id":"https:\/\/sandzakpress.net\/arhiva\/#\/schema\/person\/image\/"}},{"@type":"Person","@id":"","url":"https:\/\/sandzakpress.net\/arhiva\/author\/"}]}},"_links":{"self":[{"href":"https:\/\/sandzakpress.net\/arhiva\/wp-json\/wp\/v2\/posts\/73834"}],"collection":[{"href":"https:\/\/sandzakpress.net\/arhiva\/wp-json\/wp\/v2\/posts"}],"about":[{"href":"https:\/\/sandzakpress.net\/arhiva\/wp-json\/wp\/v2\/types\/post"}],"author":[{"embeddable":true,"href":"https:\/\/sandzakpress.net\/arhiva\/wp-json\/wp\/v2\/users\/16"}],"replies":[{"embeddable":true,"href":"https:\/\/sandzakpress.net\/arhiva\/wp-json\/wp\/v2\/comments?post=73834"}],"version-history":[{"count":0,"href":"https:\/\/sandzakpress.net\/arhiva\/wp-json\/wp\/v2\/posts\/73834\/revisions"}],"wp:featuredmedia":[{"embeddable":true,"href":"https:\/\/sandzakpress.net\/arhiva\/wp-json\/wp\/v2\/media\/73835"}],"wp:attachment":[{"href":"https:\/\/sandzakpress.net\/arhiva\/wp-json\/wp\/v2\/media?parent=73834"}],"wp:term":[{"taxonomy":"category","embeddable":true,"href":"https:\/\/sandzakpress.net\/arhiva\/wp-json\/wp\/v2\/categories?post=73834"},{"taxonomy":"post_tag","embeddable":true,"href":"https:\/\/sandzakpress.net\/arhiva\/wp-json\/wp\/v2\/tags?post=73834"}],"curies":[{"name":"wp","href":"https:\/\/api.w.org\/{rel}","templated":true}]}}