{"id":7381,"date":"2010-09-02T04:48:43","date_gmt":"2010-09-02T04:48:43","guid":{"rendered":"https:\/\/sandzakpress.net\/arhiva\/?p=7381"},"modified":"2010-09-02T04:48:43","modified_gmt":"2010-09-02T04:48:43","slug":"amerikanci-zele-sandzak-pripojiti-bosni","status":"publish","type":"post","link":"https:\/\/sandzakpress.net\/arhiva\/amerikanci-zele-sandzak-pripojiti-bosni\/","title":{"rendered":"Amerikanci \u017eele Sand\u017eak pripojiti Bosni"},"content":{"rendered":"<p><strong><a href=\"https:\/\/sandzakpress.net\/arhiva\/wp-content\/uploads\/2010\/09\/joska-broz_001.jpg\"><img loading=\"lazy\" decoding=\"async\" class=\"alignleft size-full wp-image-7382\" title=\"joska-broz_001\" src=\"https:\/\/sandzakpress.net\/arhiva\/wp-content\/uploads\/2010\/09\/joska-broz_001.jpg\" alt=\"\" width=\"225\" height=\"150\" \/><\/a>Sand\u017eak &#8211; Politi\u010dki magazin Global uradio je intervju sa predsjednikom Komunisti\u010dke partije Srbije, Titovim unukom, Josipom Jo\u0161kom Brozom.<\/strong><\/p>\n<p>Jo\u0161ka Broz, koji je prije dvije godine pristao da stane na \u010delu ujedinjenih komunisti\u010dkih stranaka u Srbiji, dao je nekoliko zanimljivih informacija, koje se izme\u0111u ostalog ti\u010du i Bo\u0161njaka u Sand\u017eaku.<\/p>\n<p>Navode\u0107i da je najve\u0107a Titova politi\u010dka gre\u0161ka ne stavljanje veta na Ustav iz 1974. kada su se dale ve\u0107e ovlasti tada\u0161njim republikama i da je to bio po\u010detak raspada Jugoslavije, Jo\u0161ka Broz tvrdi da je cilj ustava bio &#8220;razbiti onako jaku zemlju, koja je jedina mogla parirati i Rusiji i Americi i Nesvrstanima.&#8221;<\/p>\n<p>A razbija\u010di SFRJ su bili, prema Jo\u0161ki Brozu, unutra\u0161nji neprijatelji \u0161kolovani u inostranstvu koji su finansirani &#8220;od CIA-e, me\u0111unarodnih organizacija, preko Soro\u0161a&#8221;.<\/p>\n<p>Danas, tvrdi Jo\u0161ka Broz, sli\u010dan scenario sprovodi NATO u zemljama Balkana.<\/p>\n<p>&#8220;Svi se stavljaju pod \u0161apu NATO-a, poslije Makedonije i Crne Gore se vr\u0161i pritisak na Srbiju.&#8221; \u2013 tvrdi predsjednik Komunisti\u010dke partije Srbije navode\u0107i da NATO ima plan pocijepati Srbiju, a da je i Sand\u017eak dio tog plana.<\/p>\n<p>&#8221; Imaju cilj da ga odvoje i pripoje ovamo, prema Bosni\u2026 Amerikanci se ne\u0107e smiriti dok na Pe\u0161terskoj visoravni (jugozapadna Srbija), koja je najve\u0107i dio godine bez magle, ne dobiju NATO bazu &#8211; to je osnov. To je meni priznao visoki funkcioner ameri\u010dke dr\u017eave i moj dobar prijatelj jo\u0161 iz onih vremena. Cilj je dobiti srbijanske vodene potencijale. Pitao sam ga \u0161ta i da na\u0111emo Mladi\u0107a, a on mi je odgovorio da \u0107e u tom slu\u010daju od Srbije biti zatra\u017eeno da traga za vojvodom Stepom Stepanovi\u0107em. Vojvoda je mrtav!, odgovorio sam mu, a on \u0107e na to meni: Zato \u0107emo i da ga tra\u017eimo!&#8221; \u2013 ka\u017ee u interjuu Jo\u0161ka Broz.<\/p>\n<p><strong>Tadi\u0107 podijelio Bo\u0161njake Sand\u017eaka da bi vladao<\/strong><\/p>\n<p>Na pitanje da li predsjednika Srbije Tadi\u0107a smatra alternativom nacionalisti\u010dkoj politici Jo\u0161ka odgovara ovako:<\/p>\n<p>&#8220;Ne, demokrate su isti nacionalisti, samo, kako bih ja to rekao, zavijeni u oblandu. Demokrate su, da bi vladali, napravili drugu stvar: podijelili su muslimanski narod u Srbiji. To svuda tako rade i ovdje, u Bosni. Kada vi\u0161e ne mo\u017ee\u0161 po jednom osnovu, onda rovari\u0161 njih me\u0111usobno. Ja sam sad bio u sand\u017eakom kraju: \u010dlanovi jedne partije, i to njen vrh, idu kod \u010dovjeka i ka\u017eu mu: baci dvije bombe sebi u dvori\u0161te da bi bilo da su ovi drugi bacili. I ko garantuje da ovo sve \u0161to se doga\u0111a, paljenje zastava i sli\u010dno\u2026, nije neko namjerno inscenirao da do\u0111e do obra\u010duna?&#8221;<\/p>\n<p>Izvor:<strong> Sjenica-info.com<\/strong><\/p>\n","protected":false},"excerpt":{"rendered":"<p>Sand\u017eak &#8211; Politi\u010dki magazin Global uradio je intervju sa predsjednikom Komunisti\u010dke partije Srbije, Titovim unukom, Josipom Jo\u0161kom Brozom. Jo\u0161ka Broz, koji je prije dvije godine pristao da stane na \u010delu ujedinjenih komunisti\u010dkih stranaka u Srbiji, dao je nekoliko zanimljivih informacija, koje se izme\u0111u ostalog ti\u010du i Bo\u0161njaka u Sand\u017eaku. Navode\u0107i da je najve\u0107a Titova politi\u010dka [&hellip;]<\/p>\n","protected":false},"author":83,"featured_media":7382,"comment_status":"open","ping_status":"open","sticky":false,"template":"","format":"standard","meta":{"footnotes":""},"categories":[398,800,72,52,397,327,392,396,393,395,399,394],"tags":[],"class_list":{"0":"post-7381","1":"post","2":"type-post","3":"status-publish","4":"format-standard","5":"has-post-thumbnail","7":"category-rozaje","8":"category-nacija","9":"category-novi-pazar","10":"category-sjenica","11":"category-berane","12":"category-tutin","13":"category-prijepolje_","14":"category-bijelo_polje","15":"category-priboj","16":"category-pljevlja_","17":"category-plav_","18":"category-nova-varos"},"yoast_head":"<!-- This site is optimized with the Yoast SEO Premium plugin v23.1 (Yoast SEO v24.9) - https:\/\/yoast.com\/wordpress\/plugins\/seo\/ -->\n<title>Amerikanci \u017eele Sand\u017eak pripojiti Bosni<\/title>\n<meta name=\"robots\" content=\"index, follow, max-snippet:-1, max-image-preview:large, max-video-preview:-1\" \/>\n<link rel=\"canonical\" href=\"https:\/\/sandzakpress.net\/arhiva\/amerikanci-zele-sandzak-pripojiti-bosni\/\" \/>\n<meta property=\"og:locale\" content=\"bs_BA\" \/>\n<meta property=\"og:type\" content=\"article\" \/>\n<meta property=\"og:title\" content=\"Amerikanci \u017eele Sand\u017eak pripojiti Bosni\" \/>\n<meta property=\"og:description\" content=\"Sand\u017eak &#8211; Politi\u010dki magazin Global uradio je intervju sa predsjednikom Komunisti\u010dke partije Srbije, Titovim unukom, Josipom Jo\u0161kom Brozom. Jo\u0161ka Broz, koji je prije dvije godine pristao da stane na \u010delu ujedinjenih komunisti\u010dkih stranaka u Srbiji, dao je nekoliko zanimljivih informacija, koje se izme\u0111u ostalog ti\u010du i Bo\u0161njaka u Sand\u017eaku. Navode\u0107i da je najve\u0107a Titova politi\u010dka [&hellip;]\" \/>\n<meta property=\"og:url\" content=\"https:\/\/sandzakpress.net\/arhiva\/amerikanci-zele-sandzak-pripojiti-bosni\/\" \/>\n<meta property=\"og:site_name\" content=\"Sand\u017eak PRESS\" \/>\n<meta property=\"article:published_time\" content=\"2010-09-02T04:48:43+00:00\" \/>\n<meta property=\"og:image\" content=\"https:\/\/sandzakpress.net\/arhiva\/wp-content\/uploads\/2010\/09\/joska-broz_001.jpg\" \/>\n\t<meta property=\"og:image:width\" content=\"225\" \/>\n\t<meta property=\"og:image:height\" content=\"150\" \/>\n\t<meta property=\"og:image:type\" content=\"image\/jpeg\" \/>\n<meta name=\"author\" content=\"bosniak\" \/>\n<meta name=\"twitter:card\" content=\"summary_large_image\" \/>\n<meta name=\"twitter:label1\" content=\"Written by\" \/>\n\t<meta name=\"twitter:data1\" content=\"bosniak\" \/>\n\t<meta name=\"twitter:label2\" content=\"Est. reading time\" \/>\n\t<meta name=\"twitter:data2\" content=\"2 minute\" \/>\n<script type=\"application\/ld+json\" class=\"yoast-schema-graph\">{\"@context\":\"https:\/\/schema.org\",\"@graph\":[{\"@type\":\"Article\",\"@id\":\"https:\/\/sandzakpress.net\/arhiva\/amerikanci-zele-sandzak-pripojiti-bosni\/#article\",\"isPartOf\":{\"@id\":\"https:\/\/sandzakpress.net\/arhiva\/amerikanci-zele-sandzak-pripojiti-bosni\/\"},\"author\":{\"name\":\"bosniak\",\"@id\":\"https:\/\/sandzakpress.net\/arhiva\/#\/schema\/person\/c8baee722073534b583ea7bdb2e36c02\"},\"headline\":\"Amerikanci \u017eele Sand\u017eak pripojiti Bosni\",\"datePublished\":\"2010-09-02T04:48:43+00:00\",\"mainEntityOfPage\":{\"@id\":\"https:\/\/sandzakpress.net\/arhiva\/amerikanci-zele-sandzak-pripojiti-bosni\/\"},\"wordCount\":467,\"commentCount\":1,\"publisher\":{\"@id\":\"https:\/\/sandzakpress.net\/arhiva\/#\/schema\/person\/6e72b67d6e51910a1117b3b483ba20bd\"},\"image\":{\"@id\":\"https:\/\/sandzakpress.net\/arhiva\/amerikanci-zele-sandzak-pripojiti-bosni\/#primaryimage\"},\"thumbnailUrl\":\"https:\/\/sandzakpress.net\/arhiva\/wp-content\/uploads\/2010\/09\/joska-broz_001.jpg\",\"articleSection\":[\"Ro\u017eaje\",\"Nacija\",\"Novi Pazar\",\"Sjenica\",\"Berane\",\"Tutin\",\"Prijepolje\",\"Bijelo Polje\",\"Priboj\",\"Pljevlja\",\"Plav\",\"Nova Varo\u0161\"],\"inLanguage\":\"bs-BA\",\"potentialAction\":[{\"@type\":\"CommentAction\",\"name\":\"Comment\",\"target\":[\"https:\/\/sandzakpress.net\/arhiva\/amerikanci-zele-sandzak-pripojiti-bosni\/#respond\"]}]},{\"@type\":\"WebPage\",\"@id\":\"https:\/\/sandzakpress.net\/arhiva\/amerikanci-zele-sandzak-pripojiti-bosni\/\",\"url\":\"https:\/\/sandzakpress.net\/arhiva\/amerikanci-zele-sandzak-pripojiti-bosni\/\",\"name\":\"Amerikanci \u017eele Sand\u017eak pripojiti Bosni\",\"isPartOf\":{\"@id\":\"https:\/\/sandzakpress.net\/arhiva\/#website\"},\"primaryImageOfPage\":{\"@id\":\"https:\/\/sandzakpress.net\/arhiva\/amerikanci-zele-sandzak-pripojiti-bosni\/#primaryimage\"},\"image\":{\"@id\":\"https:\/\/sandzakpress.net\/arhiva\/amerikanci-zele-sandzak-pripojiti-bosni\/#primaryimage\"},\"thumbnailUrl\":\"https:\/\/sandzakpress.net\/arhiva\/wp-content\/uploads\/2010\/09\/joska-broz_001.jpg\",\"datePublished\":\"2010-09-02T04:48:43+00:00\",\"breadcrumb\":{\"@id\":\"https:\/\/sandzakpress.net\/arhiva\/amerikanci-zele-sandzak-pripojiti-bosni\/#breadcrumb\"},\"inLanguage\":\"bs-BA\",\"potentialAction\":[{\"@type\":\"ReadAction\",\"target\":[\"https:\/\/sandzakpress.net\/arhiva\/amerikanci-zele-sandzak-pripojiti-bosni\/\"]}]},{\"@type\":\"ImageObject\",\"inLanguage\":\"bs-BA\",\"@id\":\"https:\/\/sandzakpress.net\/arhiva\/amerikanci-zele-sandzak-pripojiti-bosni\/#primaryimage\",\"url\":\"https:\/\/sandzakpress.net\/arhiva\/wp-content\/uploads\/2010\/09\/joska-broz_001.jpg\",\"contentUrl\":\"https:\/\/sandzakpress.net\/arhiva\/wp-content\/uploads\/2010\/09\/joska-broz_001.jpg\",\"width\":225,\"height\":150},{\"@type\":\"BreadcrumbList\",\"@id\":\"https:\/\/sandzakpress.net\/arhiva\/amerikanci-zele-sandzak-pripojiti-bosni\/#breadcrumb\",\"itemListElement\":[{\"@type\":\"ListItem\",\"position\":1,\"name\":\"Home\",\"item\":\"https:\/\/sandzakpress.net\/arhiva\/\"},{\"@type\":\"ListItem\",\"position\":2,\"name\":\"Amerikanci \u017eele Sand\u017eak pripojiti Bosni\"}]},{\"@type\":\"WebSite\",\"@id\":\"https:\/\/sandzakpress.net\/arhiva\/#website\",\"url\":\"https:\/\/sandzakpress.net\/arhiva\/\",\"name\":\"Sand\u017eak PRESS\",\"description\":\"Prve elektronske novine u Sand\u017eaku\",\"publisher\":{\"@id\":\"https:\/\/sandzakpress.net\/arhiva\/#\/schema\/person\/6e72b67d6e51910a1117b3b483ba20bd\"},\"potentialAction\":[{\"@type\":\"SearchAction\",\"target\":{\"@type\":\"EntryPoint\",\"urlTemplate\":\"https:\/\/sandzakpress.net\/arhiva\/?s={search_term_string}\"},\"query-input\":{\"@type\":\"PropertyValueSpecification\",\"valueRequired\":true,\"valueName\":\"search_term_string\"}}],\"inLanguage\":\"bs-BA\"},{\"@type\":[\"Person\",\"Organization\"],\"@id\":\"https:\/\/sandzakpress.net\/arhiva\/#\/schema\/person\/6e72b67d6e51910a1117b3b483ba20bd\",\"name\":\"Kul\",\"image\":{\"@type\":\"ImageObject\",\"inLanguage\":\"bs-BA\",\"@id\":\"https:\/\/sandzakpress.net\/arhiva\/#\/schema\/person\/image\/\",\"url\":\"https:\/\/secure.gravatar.com\/avatar\/42263f39aa27ac04c43cab85c280eb2e?s=96&d=mm&r=pg\",\"contentUrl\":\"https:\/\/secure.gravatar.com\/avatar\/42263f39aa27ac04c43cab85c280eb2e?s=96&d=mm&r=pg\",\"caption\":\"Kul\"},\"logo\":{\"@id\":\"https:\/\/sandzakpress.net\/arhiva\/#\/schema\/person\/image\/\"}},{\"@type\":\"Person\",\"@id\":\"https:\/\/sandzakpress.net\/arhiva\/#\/schema\/person\/c8baee722073534b583ea7bdb2e36c02\",\"name\":\"bosniak\",\"image\":{\"@type\":\"ImageObject\",\"inLanguage\":\"bs-BA\",\"@id\":\"https:\/\/sandzakpress.net\/arhiva\/#\/schema\/person\/image\/\",\"url\":\"https:\/\/secure.gravatar.com\/avatar\/a04fd330bfe3a36a72a0ad4a6d89fca7?s=96&d=mm&r=pg\",\"contentUrl\":\"https:\/\/secure.gravatar.com\/avatar\/a04fd330bfe3a36a72a0ad4a6d89fca7?s=96&d=mm&r=pg\",\"caption\":\"bosniak\"},\"url\":\"https:\/\/sandzakpress.net\/arhiva\/author\/bosniak\/\"}]}<\/script>\n<!-- \/ Yoast SEO Premium plugin. -->","yoast_head_json":{"title":"Amerikanci \u017eele Sand\u017eak pripojiti Bosni","robots":{"index":"index","follow":"follow","max-snippet":"max-snippet:-1","max-image-preview":"max-image-preview:large","max-video-preview":"max-video-preview:-1"},"canonical":"https:\/\/sandzakpress.net\/arhiva\/amerikanci-zele-sandzak-pripojiti-bosni\/","og_locale":"bs_BA","og_type":"article","og_title":"Amerikanci \u017eele Sand\u017eak pripojiti Bosni","og_description":"Sand\u017eak &#8211; Politi\u010dki magazin Global uradio je intervju sa predsjednikom Komunisti\u010dke partije Srbije, Titovim unukom, Josipom Jo\u0161kom Brozom. Jo\u0161ka Broz, koji je prije dvije godine pristao da stane na \u010delu ujedinjenih komunisti\u010dkih stranaka u Srbiji, dao je nekoliko zanimljivih informacija, koje se izme\u0111u ostalog ti\u010du i Bo\u0161njaka u Sand\u017eaku. Navode\u0107i da je najve\u0107a Titova politi\u010dka [&hellip;]","og_url":"https:\/\/sandzakpress.net\/arhiva\/amerikanci-zele-sandzak-pripojiti-bosni\/","og_site_name":"Sand\u017eak PRESS","article_published_time":"2010-09-02T04:48:43+00:00","og_image":[{"width":225,"height":150,"url":"https:\/\/sandzakpress.net\/arhiva\/wp-content\/uploads\/2010\/09\/joska-broz_001.jpg","type":"image\/jpeg"}],"author":"bosniak","twitter_card":"summary_large_image","twitter_misc":{"Written by":"bosniak","Est. reading time":"2 minute"},"schema":{"@context":"https:\/\/schema.org","@graph":[{"@type":"Article","@id":"https:\/\/sandzakpress.net\/arhiva\/amerikanci-zele-sandzak-pripojiti-bosni\/#article","isPartOf":{"@id":"https:\/\/sandzakpress.net\/arhiva\/amerikanci-zele-sandzak-pripojiti-bosni\/"},"author":{"name":"bosniak","@id":"https:\/\/sandzakpress.net\/arhiva\/#\/schema\/person\/c8baee722073534b583ea7bdb2e36c02"},"headline":"Amerikanci \u017eele Sand\u017eak pripojiti Bosni","datePublished":"2010-09-02T04:48:43+00:00","mainEntityOfPage":{"@id":"https:\/\/sandzakpress.net\/arhiva\/amerikanci-zele-sandzak-pripojiti-bosni\/"},"wordCount":467,"commentCount":1,"publisher":{"@id":"https:\/\/sandzakpress.net\/arhiva\/#\/schema\/person\/6e72b67d6e51910a1117b3b483ba20bd"},"image":{"@id":"https:\/\/sandzakpress.net\/arhiva\/amerikanci-zele-sandzak-pripojiti-bosni\/#primaryimage"},"thumbnailUrl":"https:\/\/sandzakpress.net\/arhiva\/wp-content\/uploads\/2010\/09\/joska-broz_001.jpg","articleSection":["Ro\u017eaje","Nacija","Novi Pazar","Sjenica","Berane","Tutin","Prijepolje","Bijelo Polje","Priboj","Pljevlja","Plav","Nova Varo\u0161"],"inLanguage":"bs-BA","potentialAction":[{"@type":"CommentAction","name":"Comment","target":["https:\/\/sandzakpress.net\/arhiva\/amerikanci-zele-sandzak-pripojiti-bosni\/#respond"]}]},{"@type":"WebPage","@id":"https:\/\/sandzakpress.net\/arhiva\/amerikanci-zele-sandzak-pripojiti-bosni\/","url":"https:\/\/sandzakpress.net\/arhiva\/amerikanci-zele-sandzak-pripojiti-bosni\/","name":"Amerikanci \u017eele Sand\u017eak pripojiti Bosni","isPartOf":{"@id":"https:\/\/sandzakpress.net\/arhiva\/#website"},"primaryImageOfPage":{"@id":"https:\/\/sandzakpress.net\/arhiva\/amerikanci-zele-sandzak-pripojiti-bosni\/#primaryimage"},"image":{"@id":"https:\/\/sandzakpress.net\/arhiva\/amerikanci-zele-sandzak-pripojiti-bosni\/#primaryimage"},"thumbnailUrl":"https:\/\/sandzakpress.net\/arhiva\/wp-content\/uploads\/2010\/09\/joska-broz_001.jpg","datePublished":"2010-09-02T04:48:43+00:00","breadcrumb":{"@id":"https:\/\/sandzakpress.net\/arhiva\/amerikanci-zele-sandzak-pripojiti-bosni\/#breadcrumb"},"inLanguage":"bs-BA","potentialAction":[{"@type":"ReadAction","target":["https:\/\/sandzakpress.net\/arhiva\/amerikanci-zele-sandzak-pripojiti-bosni\/"]}]},{"@type":"ImageObject","inLanguage":"bs-BA","@id":"https:\/\/sandzakpress.net\/arhiva\/amerikanci-zele-sandzak-pripojiti-bosni\/#primaryimage","url":"https:\/\/sandzakpress.net\/arhiva\/wp-content\/uploads\/2010\/09\/joska-broz_001.jpg","contentUrl":"https:\/\/sandzakpress.net\/arhiva\/wp-content\/uploads\/2010\/09\/joska-broz_001.jpg","width":225,"height":150},{"@type":"BreadcrumbList","@id":"https:\/\/sandzakpress.net\/arhiva\/amerikanci-zele-sandzak-pripojiti-bosni\/#breadcrumb","itemListElement":[{"@type":"ListItem","position":1,"name":"Home","item":"https:\/\/sandzakpress.net\/arhiva\/"},{"@type":"ListItem","position":2,"name":"Amerikanci \u017eele Sand\u017eak pripojiti Bosni"}]},{"@type":"WebSite","@id":"https:\/\/sandzakpress.net\/arhiva\/#website","url":"https:\/\/sandzakpress.net\/arhiva\/","name":"Sand\u017eak PRESS","description":"Prve elektronske novine u Sand\u017eaku","publisher":{"@id":"https:\/\/sandzakpress.net\/arhiva\/#\/schema\/person\/6e72b67d6e51910a1117b3b483ba20bd"},"potentialAction":[{"@type":"SearchAction","target":{"@type":"EntryPoint","urlTemplate":"https:\/\/sandzakpress.net\/arhiva\/?s={search_term_string}"},"query-input":{"@type":"PropertyValueSpecification","valueRequired":true,"valueName":"search_term_string"}}],"inLanguage":"bs-BA"},{"@type":["Person","Organization"],"@id":"https:\/\/sandzakpress.net\/arhiva\/#\/schema\/person\/6e72b67d6e51910a1117b3b483ba20bd","name":"Kul","image":{"@type":"ImageObject","inLanguage":"bs-BA","@id":"https:\/\/sandzakpress.net\/arhiva\/#\/schema\/person\/image\/","url":"https:\/\/secure.gravatar.com\/avatar\/42263f39aa27ac04c43cab85c280eb2e?s=96&d=mm&r=pg","contentUrl":"https:\/\/secure.gravatar.com\/avatar\/42263f39aa27ac04c43cab85c280eb2e?s=96&d=mm&r=pg","caption":"Kul"},"logo":{"@id":"https:\/\/sandzakpress.net\/arhiva\/#\/schema\/person\/image\/"}},{"@type":"Person","@id":"https:\/\/sandzakpress.net\/arhiva\/#\/schema\/person\/c8baee722073534b583ea7bdb2e36c02","name":"bosniak","image":{"@type":"ImageObject","inLanguage":"bs-BA","@id":"https:\/\/sandzakpress.net\/arhiva\/#\/schema\/person\/image\/","url":"https:\/\/secure.gravatar.com\/avatar\/a04fd330bfe3a36a72a0ad4a6d89fca7?s=96&d=mm&r=pg","contentUrl":"https:\/\/secure.gravatar.com\/avatar\/a04fd330bfe3a36a72a0ad4a6d89fca7?s=96&d=mm&r=pg","caption":"bosniak"},"url":"https:\/\/sandzakpress.net\/arhiva\/author\/bosniak\/"}]}},"_links":{"self":[{"href":"https:\/\/sandzakpress.net\/arhiva\/wp-json\/wp\/v2\/posts\/7381"}],"collection":[{"href":"https:\/\/sandzakpress.net\/arhiva\/wp-json\/wp\/v2\/posts"}],"about":[{"href":"https:\/\/sandzakpress.net\/arhiva\/wp-json\/wp\/v2\/types\/post"}],"author":[{"embeddable":true,"href":"https:\/\/sandzakpress.net\/arhiva\/wp-json\/wp\/v2\/users\/83"}],"replies":[{"embeddable":true,"href":"https:\/\/sandzakpress.net\/arhiva\/wp-json\/wp\/v2\/comments?post=7381"}],"version-history":[{"count":0,"href":"https:\/\/sandzakpress.net\/arhiva\/wp-json\/wp\/v2\/posts\/7381\/revisions"}],"wp:featuredmedia":[{"embeddable":true,"href":"https:\/\/sandzakpress.net\/arhiva\/wp-json\/wp\/v2\/media\/7382"}],"wp:attachment":[{"href":"https:\/\/sandzakpress.net\/arhiva\/wp-json\/wp\/v2\/media?parent=7381"}],"wp:term":[{"taxonomy":"category","embeddable":true,"href":"https:\/\/sandzakpress.net\/arhiva\/wp-json\/wp\/v2\/categories?post=7381"},{"taxonomy":"post_tag","embeddable":true,"href":"https:\/\/sandzakpress.net\/arhiva\/wp-json\/wp\/v2\/tags?post=7381"}],"curies":[{"name":"wp","href":"https:\/\/api.w.org\/{rel}","templated":true}]}}