{"id":73641,"date":"2013-04-21T18:09:50","date_gmt":"2013-04-21T16:09:50","guid":{"rendered":"https:\/\/sandzakpress.net\/arhiva\/?p=73641"},"modified":"2013-09-23T11:14:12","modified_gmt":"2013-09-23T09:14:12","slug":"berin-ljajic-provincijski-primitivizam-u-ruhu-beogradskog-aristokrate","status":"publish","type":"post","link":"https:\/\/sandzakpress.net\/arhiva\/berin-ljajic-provincijski-primitivizam-u-ruhu-beogradskog-aristokrate\/","title":{"rendered":"Berin Ljaji\u0107: Provincijski primitivizam u ruhu beogradskog aristokrate"},"content":{"rendered":"<p><strong><a href=\"https:\/\/sandzakpress.net\/arhiva\/wp-content\/uploads\/2013\/04\/65872_175140489186478_2256514_n.jpg\"><img loading=\"lazy\" decoding=\"async\" class=\"alignleft size-medium wp-image-73642\" title=\"65872_175140489186478_2256514_n\" alt=\"\" src=\"https:\/\/sandzakpress.net\/arhiva\/wp-content\/uploads\/2013\/04\/65872_175140489186478_2256514_n-225x300.jpg\" width=\"225\" height=\"300\" \/><\/a>Refleksije na tekst objavljen na portalu smedia.rs: \u201ePo\u010detak kraja muftije Zukorli\u0107a: Duhovnik u frimiranom odelu ili politi\u010dar sa ahmedijom na glavi\u201c, autor Tamara Vla\u0161kalin<\/strong><\/p>\n<p>Pretra\u017euju\u0107i po internetu, \u010ditaju\u0107i najnovije \u010dlanke koji odslikavaju trenutno stanje trusne Srbije, te njenih gra\u0111ana, nai\u0111oh na jedan, na prvi pogled, meni jako zabrinjavaju\u0107i naslov. No, i prije nego sam do\u0161ao do ideje da ga klikom mi\u0161a otvorim i vidim o \u010demu se zapravo radi, shvatio sam da se, po ustaljenoj i ve\u0107 ofiranoj formi naslova radi o jo\u0161 jednom \u201cekseru u zidu\u201d. Naime, ustaljene kombinacije naslova tipa \u201chod\u017ea sa leptir ma\u0161nom\u201d, \u201dpoliti\u010dar sa ahmedijom na glavi\u201d, \u201ckraj Muftijine vladavine\u201d itd., odmah tjeraju sjenu i bacaju svjetlo na profil autora koji pi\u0161e doti\u010dni tekst. Ako pak napravite korak dalje, kako sam i li\u010dno u\u010dinio, pa se odlu\u010dite da ipak u\u0111ete i pro\u010ditate jo\u0161 jednu ovakvu \u201czatucanu kafansku besjedu\u201d, bacite pogled na ve\u0107 izlizane podnaslove tipa \u201csand\u017ea\u010dki Ajatolah\u201d i \u201csve Muftijine ljubavi\u201d, i onda \u0107ete sa sigurno\u0161\u0107u znati ishodi\u0161te, kao i porud\u017ebinu ovog \u201cposetka\u201d u pisanoj formi.<br \/>\nSvim srcem, \u010destitam autoru na ovako \u201cnapuhanim naslovima\u201d koji imaju za cilj da \u010dovjekovo oko primame svojom pompezno\u0161\u0107u i poku\u0161aju ispri\u010dati svoju verziju pri\u010de. No, kada ka\u017eem da \u010destitam autoru, ne mislim na autorku doti\u010dnog teksta, ve\u0107 mislim na onoga koji prvi sastavi naslove ovakvog tipa, napravi \u0161ablon i kalup, te dade u \u201cserijsku proizvodnju\u201d i \u201cmasovno \u0161tancanje\u201d iste, kako se autori poput doti\u010dne gospo\u0111e ne bi morali puno razmi\u0161ljati. Ovi naslovi su ogledalo cijelom tekstu, tako da vam najtoplije preporu\u010dujem da ne \u010ditate ovakvu vrstu pikanterija, te da svoje vrijeme iskoristite na ne\u0161to pametnije, jer, ma koliko sadr\u017eaj ne\u010dega bio dobar &#8211; ako ga pregledate 100 puta, ne\u0107e vam pasti na pamet \u017eelja za jo\u0161 jednom reprizom.<br \/>\nJa bih se slo\u017eio sa autorkom na prvim pasusima ovog \u201cpozama\u0161nog honorara\u201d, jer je, vjerujte mi, ovim rezimeom, odmah ispod naslova, u par rije\u010di uspjela donekle opisati lik i djelo njegovog viso\u010danstva, muftije Muamera ef. Zukorli\u0107a. Kako nije shvatila da je mudrost u rezimiranju, autorka je nastavila ispostavu ove \u201cbeogradske po\u0161iljke\u201d, i kao \u0161to je to ustaljena praksa njenih prethodnika, jezik joj nesmotreno \u201cupade u blato\u201d, te kao kulminacija svega toga bi ovaj tekst sa ovim jadnim sadr\u017eajem, sa ovim jadnim naslovima i podnaslovima na koji, na\u017ealost, bacih u nepovrat dio svog dragocijenog vremena koje provodim u najljep\u0161oj svjetskoj oazi, gradu najboljeg Bo\u017eijeg stvorenja, &#8211; Medini, gradu Muhammeda sallallahu alejhi ve selleme.<\/p>\n<p><strong>HUMANISTA STOLJE\u0106A &#8211; <\/strong>Bude mi, donekle, pojmljiva uzburkana reakcija beogradskog re\u017eima, a u liku korumpiranih novinara, kada je u pitanju muftijina \u201czapaljiva retorika\u201d. Ne zbog toga \u0161to je njihova reakcija izazvana ili opravdana, ve\u0107 zbog toga \u0161to se svaki podi\u017een glas za svoja prava u Srbiji proprati ovakvom medijskom ujdurmom. Ono \u0161to mi nije jasno u cijeloj ovoj pri\u010di jeste za\u0161to se humani gestovi, predani rad za iskonske ljudske i civilizacijske vrijednosti karakteriziraju kao negativna pojava koja bude propra\u0107ena medijskim bla\u0107enjem? Mo\u017eda se odgovor krije u jednoj dosljednosti srbijanskih politi\u010dara kada su u pitanju \u201cdobrovoljni prilozi\u201c, u smislu njihove zloupotrebe od strane istih? Ko zna, nama to nije toliko ni bitno, a oni koji Muftiju gledaju kroz tu prizmu re\u0107i \u0107emo im da Muftijina djela govore sve, naravno, za one koji ho\u0107e na stvar objektivno da gledaju. Bo\u0161njaci, kako u Bosni, Sand\u017eaku, pa tako i oni u dijaspori, prepoznaju kvalitete Muftije i vide djela ruku njegovih, tako da, nemojte se \u010duditi ciframa od pet ili 10 000 eura. Kada se u dana\u0161nje vrijeme ljudskog moralnog ponora, kra\u0111e, otima\u010dine i pronevjere na\u0111e neko ko zaista<\/p>\n<table width=\"380\" border=\"0\" cellspacing=\"0\" cellpadding=\"5\" align=\"right\" bgcolor=\"Gainsboro\">\n<tbody>\n<tr>\n<td align=\"left\"><span style=\"color: black;\"><img decoding=\"async\" alt=\"\" src=\"http:\/\/www.bosnjaci.net\/foto\/380_Muftija_Zukorlic_sandzak.jpg\" width=\"380\" border=\"0\" \/><br \/>\nDok se Srbija potresa i sa juga, a Boga mi i sa sjevera, srpski mediji tretiraju teme koje \u0107e opet najvi\u0161e njih same ko\u0161tati. Primitivci u ruhu aristokrata se bave selja\u010dkim temama \u201eko \u0161ta vozi\u201c i \u201eko \u0161ta nosi\u201c, a klica ideje slobode koju zasija na\u0161 Muftija samo raste i raste. Svijest koju je on probudio dobija sve vi\u0161e protagonista, jer, istina se nikome ne name\u0107e, ona dolazi sama. Kadar koji je ponikao njegovom zaslugom raste i ja\u010da safove na\u0161e jedine Islamske zajednice u Srbiji. Studenti diljem Saudijske Arabije, ovi u Medini, i oni u Mekki, Rijadu i Kasiimu, nas stotinak ukupno, su jedan od korpusa, sa izvora \u010diste vode napojeni, koji su bili i ostat \u0107e vjerni istini, i spremni da, kada se vrate, svojom rije\u010dju, svojim perom i svojim tijelima brane ovu uzvi\u0161enu instituciju na \u010delu sa na\u0161im Muftijom.<\/span><\/td>\n<\/tr>\n<\/tbody>\n<\/table>\n<p>predano radi za dobrobit svih ljudi, bili oni muslimani ili ne-ljudi zdravih srca se utrkuju da takvom duhovnjaku i reformatoru pomognu u svojim iskrenim nakanama, a u cilju ostvarenja uzvi\u0161enih ciljeva. Ovakvi, i ovima sli\u010dni autori, zaboravljaju na par hiljada gladnih u Sand\u017eaku, svih vjerskih pripadnosti, koji ne moraju brinuti o svom sljede\u0107em obroku budu\u0107i da ih je Muftija zbrinuo hljebom i toplom porcijom. Napominjemo ih da iza tog projekta ne stoji dr\u017eava, niti u njemu ima udjela bilo koja institucija koja ima veze sa dr\u017eavnim bud\u017eetom, ve\u0107 ljudi dobrih srca koji su, kao i u ovom slu\u010daju, otvorenih prsa i \u0161ake dali koliko su mogli. To je samo jedno od brojnih uzvi\u0161enih djela kojima se Muftija i institucija koju vodi mogu pohvaliti, budu\u0107i da su sve obrazovne i ostale institucije koje Muftija vodi li\u0161ene bilo kakvog doprinosa iz dr\u017eavnog bud\u017eeta. No, narodu Sand\u017eaka i Bo\u0161njacima dijaspore koji svakodnevno u\u017eivaju blagodati ovih plemenitih akcija nije potrebno ovo moje slovo pravde. Oni su davali i davat \u0107e, za prave stvari u prave ruke, ba\u0161 kao \u0161to ih njihova svijetla vjera tome i u\u010di. Njima nije potrebno obja\u0161njavati pojam \u201eBMW d\u017eipova\u201c, s obzirom da su zapravo vlasnici istih oni sami, iskreni ljudi koji se utrkuju slu\u017eiti istini te njenim nosiocima. Ja li\u010dno gajim nadu da \u0107e ljudi koji o ovome pi\u0161u bolje sagledati situaciju, razmi\u0161ljati svojim zdravim razumom, pisati svojom sopstvenom rukom, i ne dozvoljavati sebi da budu instumentalizirani po narud\u017ebini, a po cijenu sopstvenog deklasiranja.<\/p>\n<p><strong>\u201eU SE I U SVOJE KLJUSE\u201c &#8211; <\/strong><strong>Taman kada pomislim da je autor makar u nekom svom pasusu spomenuo ne\u0161to \u0161to se mo\u017ee povezati sa trenuta\u010dnima zbivanjima vezanim za na\u0161eg cijenjenog Muftiju, eto ti podnaslova starog jedno desetak godina. Muftijina poligamija je Srbiji, te njenom \u017eivlju, ponovno postala top-tema u danima kada vladika Ka\u010davendi neumorno unaprije\u0111uje srpsku filmsku industriju umije\u0107em ste\u010denim dugogodi\u0161njom praksom nekih, njemu sli\u010dnih, vjerskih \u010dinovnika. Izgleda da pogre\u0161niji zeman nije mogao biti izabran. No, eto ti i u \u010dudu novog \u010duda &#8211; autor ne preza da uzima i navodi mi\u0161ljenje islamsko-pravne prirode od osobe koja, ne samo da ne poznaje ni slovo tematike ovog tipa, ve\u0107 je njeno dovo\u0111enje u vezu sa onim na \u010demu smo Muftija, moja malenkost, te ostali bo\u0161nja\u010dki \u017eivalj, u smislu vjerske pripadnosti, vi\u0161e nego upitno. Aida se je opet vratila na scenu. Ni\u0161ta \u010dudno, ona i njena organizacija egzistiraju s tim ciljem. Potpuno je razumijem, novac koji srbijanske vlasti velikodu\u0161no utrpavaju u d\u017eepove ove, realno gledano, fiktivne nevladine organizacije, se mora opravdati napadom na Muftiju. Mislim da je suvi\u0161no obja\u0161njavati suludost \u0160icine izjave, s obzirom na to da je poligamija osnova u islamskom bra\u010dnom pravu. To \u0161to smo mi muslimani ljudi koji se uzdi\u017eu iz pojedinih ovosvjetskih pra\u0161ina, pa nam je zbog toga suvi\u0161no spo\u010ditavati neke srbijanske zakone s obzirom da slijepo slijedimo samo Bo\u017eiji zakon, srpskim pravnicima zajedno sa autorom i \u0160icom, izgleda predstavlja najbolniju ta\u010dku. Bude mi \u010dudno u prvi mah, no, ubrzo do\u0111em do zaklju\u010dka da je ovako neva\u017enim, niskim i prodanim du\u0161ama, napad na velikane poput na\u0161eg Muftije ne\u0161to najvi\u0161e \u0161to mo\u017ee da im se dogodi u \u017eivotu. Ljudske ambicije su razli\u010ditih dometa i sudbina, Aida nam je \u0161kolski primjer toga.<\/strong><\/p>\n<p>&nbsp;<\/p>\n<p><strong> <\/strong><strong>KO \u0106E, DOISTA, BEZ SPOMENA OSTATI? &#8211; <\/strong><strong>Ovdje nisam mogao, a da se ne prisjetim uzvi\u0161ene Bo\u017eije rije\u010di koja nikada ne umire, \u017eivi stolje\u0107ima, mijenja aktere, i uvijek je tako svje\u017ea i puna pouka i poruka. Kada su mnogobo\u0161ci svojom medijskom kampanjom, koja se u to vrijeme ogledala u jezgrovitosti govora i u stihu, vrije\u0111ali Muhammeda s.a.v.s., tvrdnjom da \u0107e, nakon smrti mu\u0161ke mu djece, bez spomena ostati, Allah objavljuje ovaj zadivljuju\u0107i ajet: \u201cDoista \u0107e onaj koji tebe mrzi bez spomena ostati\u201c. (Kur'an, sura Kevser, ajet 3.). Povijest potvrdi autenti\u010dnost Bo\u017eije rije\u010di, Poslaniku se spomen uzdignu do te mjere da ga milijardu i po muslimana dnevno spominje u svojim molitvama i van njih, dok se njegovim mrziteljima izbrisa svaki trag njihovog postojanja. Citat Aide \u0106orovi\u0107 &#8211; \u0160ice \u201eMuftija \u0107e ostati sam\u201c me neodoljivo podsje\u0107a na ovu Kur'ansku pri\u010du, i prejudicira da \u0107e se pri\u010da zavr\u0161iti na isti na\u010din. Neko \u0107e ostaviti brojno potomstvo, ponosno na svoga oca, dok \u0107e neko, bez ku\u010deta i ma\u010deta, bojim se, biti ru\u017ena uspomena i banalan primjer lo\u0161eg zavr\u0161etka onih koji rade nau\u0161trb nosioca istine. No, pokajanje su vrata koja se zatvaraju \u010dovjekovom smr\u0107u, na koja \u010dovjek mo\u017ee da u\u0111e tokom svoga \u017eivota kada god po\u017eeli, ukoliko se popravi i iskreno pokaje. Zato, ja li\u010dno molim Milostivog da Svoju milost prospe i na nju, te na ostale, u negativnom smislu spomenutih u ovom tekstu, i u\u010dini ih sljedbenicima istine.<\/strong><\/p>\n<p>&nbsp;<\/p>\n<p><strong> <\/strong><strong>MUFTIJA NIKADA JA\u010cI &#8211;<\/strong><strong> Oni koji pri\u017eeljkuju da se veliko-srpski plan kona\u010dno privede kraju, time \u0161to \u0107e Muftiju vidjeti pora\u017eenog i na koljenima, ne kriju svoja duboka pri\u017eeljkivanja da se institucija koju on vodi jo\u0161 vi\u0161e okrnji sve do njenog kona\u010dnog nestanka. Sa \u017ealjenjem im moram saop\u0161titi da je plan \u010dije je sprovo\u0111enje u djelo po\u010delo 2007.god. prvim konkretnim udarom na jedini stub Islama u Sand\u017eaku, do\u017eivio svoj fijasko, te da je pri\u010da o \u201enezadovoljnim imamima\u201c jo\u0161 jedna u nizu cilljanih dezinformacija. Onaj koji poznaje ovu instituciju, te klimu koja op\u0107enito vlada u sand\u017ea\u010dkom narodu, zna da kako vrijeme odmi\u010de istina biva sve jasnija, kao i zabluda sa druge strane, \u0161to je faktor pove\u0107anja sljedbenika onih koji predstavljaju istinu. Dok se Srbija potresa i sa juga, a Boga mi i sa sjevera, srpski mediji tretiraju teme koje \u0107e opet najvi\u0161e njih same ko\u0161tati. Primitivci u ruhu aristokrata se bave selja\u010dkim temama \u201eko \u0161ta vozi\u201c i \u201eko \u0161ta nosi\u201c, a klica ideje slobode koju zasija na\u0161 Muftija samo raste i raste. Svijest koju je on probudio dobija sve vi\u0161e protagonista, jer, istina se nikome ne name\u0107e, ona dolazi sama. Kadar koji je ponikao njegovom zaslugom raste i ja\u010da safove na\u0161e jedine Islamske zajednice u Srbiji. Studenti diljem Saudijske Arabije, ovi u Medini, i oni u Mekki, Rijadu i Kasiimu, nas stotinak ukupno, su jedan od korpusa, sa izvora \u010diste vode napojeni, koji su bili i ostat \u0107e vjerni istini, i spremni da, kada se vrate, svojom rije\u010dju, svojim perom i svojim tijelima brane ovu uzvi\u0161enu instituciju na \u010delu sa na\u0161im Muftijom.<\/strong><\/p>\n<p><strong><\/strong><strong><\/strong><strong><\/strong><strong><\/strong><strong><\/strong><strong>Autor: Berin Ljaji\u0107, student na islamskom univerzitetu u Medini<\/strong><\/p>\n","protected":false},"excerpt":{"rendered":"<p>Refleksije na tekst objavljen na portalu smedia.rs: \u201ePo\u010detak kraja muftije Zukorli\u0107a: Duhovnik u frimiranom odelu ili politi\u010dar sa ahmedijom na glavi\u201c, autor Tamara Vla\u0161kalin Pretra\u017euju\u0107i po internetu, \u010ditaju\u0107i najnovije \u010dlanke koji odslikavaju trenutno stanje trusne Srbije, te njenih gra\u0111ana, nai\u0111oh na jedan, na prvi pogled, meni jako zabrinjavaju\u0107i naslov. No, i prije nego sam do\u0161ao [&hellip;]<\/p>\n","protected":false},"author":83,"featured_media":73642,"comment_status":"open","ping_status":"open","sticky":false,"template":"","format":"standard","meta":{"footnotes":""},"categories":[72,52,327,8957],"tags":[10362],"class_list":{"0":"post-73641","1":"post","2":"type-post","3":"status-publish","4":"format-standard","5":"has-post-thumbnail","7":"category-novi-pazar","8":"category-sjenica","9":"category-tutin","10":"category-vijesti-dana","11":"tag-berin-ljajic"},"yoast_head":"<!-- This site is optimized with the Yoast SEO Premium plugin v23.1 (Yoast SEO v24.9) - https:\/\/yoast.com\/wordpress\/plugins\/seo\/ -->\n<title>Berin Ljaji\u0107: Provincijski primitivizam u ruhu beogradskog aristokrate<\/title>\n<meta name=\"robots\" content=\"index, follow, max-snippet:-1, max-image-preview:large, max-video-preview:-1\" \/>\n<link rel=\"canonical\" href=\"https:\/\/sandzakpress.net\/arhiva\/berin-ljajic-provincijski-primitivizam-u-ruhu-beogradskog-aristokrate\/\" \/>\n<meta property=\"og:locale\" content=\"bs_BA\" \/>\n<meta property=\"og:type\" content=\"article\" \/>\n<meta property=\"og:title\" content=\"Berin Ljaji\u0107: Provincijski primitivizam u ruhu beogradskog aristokrate\" \/>\n<meta property=\"og:description\" content=\"Refleksije na tekst objavljen na portalu smedia.rs: \u201ePo\u010detak kraja muftije Zukorli\u0107a: Duhovnik u frimiranom odelu ili politi\u010dar sa ahmedijom na glavi\u201c, autor Tamara Vla\u0161kalin Pretra\u017euju\u0107i po internetu, \u010ditaju\u0107i najnovije \u010dlanke koji odslikavaju trenutno stanje trusne Srbije, te njenih gra\u0111ana, nai\u0111oh na jedan, na prvi pogled, meni jako zabrinjavaju\u0107i naslov. No, i prije nego sam do\u0161ao [&hellip;]\" \/>\n<meta property=\"og:url\" content=\"https:\/\/sandzakpress.net\/arhiva\/berin-ljajic-provincijski-primitivizam-u-ruhu-beogradskog-aristokrate\/\" \/>\n<meta property=\"og:site_name\" content=\"Sand\u017eak PRESS\" \/>\n<meta property=\"article:published_time\" content=\"2013-04-21T16:09:50+00:00\" \/>\n<meta property=\"article:modified_time\" content=\"2013-09-23T09:14:12+00:00\" \/>\n<meta property=\"og:image\" content=\"https:\/\/sandzakpress.net\/arhiva\/wp-content\/uploads\/2013\/04\/65872_175140489186478_2256514_n.jpg\" \/>\n\t<meta property=\"og:image:width\" content=\"453\" \/>\n\t<meta property=\"og:image:height\" content=\"604\" \/>\n\t<meta property=\"og:image:type\" content=\"image\/jpeg\" \/>\n<meta name=\"author\" content=\"bosniak\" \/>\n<meta name=\"twitter:card\" content=\"summary_large_image\" \/>\n<meta name=\"twitter:label1\" content=\"Written by\" \/>\n\t<meta name=\"twitter:data1\" content=\"bosniak\" \/>\n\t<meta name=\"twitter:label2\" content=\"Est. reading time\" \/>\n\t<meta name=\"twitter:data2\" content=\"10 minuta\" \/>\n<script type=\"application\/ld+json\" class=\"yoast-schema-graph\">{\"@context\":\"https:\/\/schema.org\",\"@graph\":[{\"@type\":\"Article\",\"@id\":\"https:\/\/sandzakpress.net\/arhiva\/berin-ljajic-provincijski-primitivizam-u-ruhu-beogradskog-aristokrate\/#article\",\"isPartOf\":{\"@id\":\"https:\/\/sandzakpress.net\/arhiva\/berin-ljajic-provincijski-primitivizam-u-ruhu-beogradskog-aristokrate\/\"},\"author\":{\"name\":\"bosniak\",\"@id\":\"https:\/\/sandzakpress.net\/arhiva\/#\/schema\/person\/c8baee722073534b583ea7bdb2e36c02\"},\"headline\":\"Berin Ljaji\u0107: Provincijski primitivizam u ruhu beogradskog aristokrate\",\"datePublished\":\"2013-04-21T16:09:50+00:00\",\"dateModified\":\"2013-09-23T09:14:12+00:00\",\"mainEntityOfPage\":{\"@id\":\"https:\/\/sandzakpress.net\/arhiva\/berin-ljajic-provincijski-primitivizam-u-ruhu-beogradskog-aristokrate\/\"},\"wordCount\":1964,\"commentCount\":6,\"publisher\":{\"@id\":\"https:\/\/sandzakpress.net\/arhiva\/#\/schema\/person\/6e72b67d6e51910a1117b3b483ba20bd\"},\"image\":{\"@id\":\"https:\/\/sandzakpress.net\/arhiva\/berin-ljajic-provincijski-primitivizam-u-ruhu-beogradskog-aristokrate\/#primaryimage\"},\"thumbnailUrl\":\"https:\/\/sandzakpress.net\/arhiva\/wp-content\/uploads\/2013\/04\/65872_175140489186478_2256514_n.jpg\",\"keywords\":[\"Berin Ljaji\u0107\"],\"articleSection\":[\"Novi Pazar\",\"Sjenica\",\"Tutin\",\"VIJESTI DANA\"],\"inLanguage\":\"bs-BA\",\"potentialAction\":[{\"@type\":\"CommentAction\",\"name\":\"Comment\",\"target\":[\"https:\/\/sandzakpress.net\/arhiva\/berin-ljajic-provincijski-primitivizam-u-ruhu-beogradskog-aristokrate\/#respond\"]}]},{\"@type\":\"WebPage\",\"@id\":\"https:\/\/sandzakpress.net\/arhiva\/berin-ljajic-provincijski-primitivizam-u-ruhu-beogradskog-aristokrate\/\",\"url\":\"https:\/\/sandzakpress.net\/arhiva\/berin-ljajic-provincijski-primitivizam-u-ruhu-beogradskog-aristokrate\/\",\"name\":\"Berin Ljaji\u0107: Provincijski primitivizam u ruhu beogradskog aristokrate\",\"isPartOf\":{\"@id\":\"https:\/\/sandzakpress.net\/arhiva\/#website\"},\"primaryImageOfPage\":{\"@id\":\"https:\/\/sandzakpress.net\/arhiva\/berin-ljajic-provincijski-primitivizam-u-ruhu-beogradskog-aristokrate\/#primaryimage\"},\"image\":{\"@id\":\"https:\/\/sandzakpress.net\/arhiva\/berin-ljajic-provincijski-primitivizam-u-ruhu-beogradskog-aristokrate\/#primaryimage\"},\"thumbnailUrl\":\"https:\/\/sandzakpress.net\/arhiva\/wp-content\/uploads\/2013\/04\/65872_175140489186478_2256514_n.jpg\",\"datePublished\":\"2013-04-21T16:09:50+00:00\",\"dateModified\":\"2013-09-23T09:14:12+00:00\",\"breadcrumb\":{\"@id\":\"https:\/\/sandzakpress.net\/arhiva\/berin-ljajic-provincijski-primitivizam-u-ruhu-beogradskog-aristokrate\/#breadcrumb\"},\"inLanguage\":\"bs-BA\",\"potentialAction\":[{\"@type\":\"ReadAction\",\"target\":[\"https:\/\/sandzakpress.net\/arhiva\/berin-ljajic-provincijski-primitivizam-u-ruhu-beogradskog-aristokrate\/\"]}]},{\"@type\":\"ImageObject\",\"inLanguage\":\"bs-BA\",\"@id\":\"https:\/\/sandzakpress.net\/arhiva\/berin-ljajic-provincijski-primitivizam-u-ruhu-beogradskog-aristokrate\/#primaryimage\",\"url\":\"https:\/\/sandzakpress.net\/arhiva\/wp-content\/uploads\/2013\/04\/65872_175140489186478_2256514_n.jpg\",\"contentUrl\":\"https:\/\/sandzakpress.net\/arhiva\/wp-content\/uploads\/2013\/04\/65872_175140489186478_2256514_n.jpg\",\"width\":453,\"height\":604},{\"@type\":\"BreadcrumbList\",\"@id\":\"https:\/\/sandzakpress.net\/arhiva\/berin-ljajic-provincijski-primitivizam-u-ruhu-beogradskog-aristokrate\/#breadcrumb\",\"itemListElement\":[{\"@type\":\"ListItem\",\"position\":1,\"name\":\"Home\",\"item\":\"https:\/\/sandzakpress.net\/arhiva\/\"},{\"@type\":\"ListItem\",\"position\":2,\"name\":\"Berin Ljaji\u0107: Provincijski primitivizam u ruhu beogradskog aristokrate\"}]},{\"@type\":\"WebSite\",\"@id\":\"https:\/\/sandzakpress.net\/arhiva\/#website\",\"url\":\"https:\/\/sandzakpress.net\/arhiva\/\",\"name\":\"Sand\u017eak PRESS\",\"description\":\"Prve elektronske novine u Sand\u017eaku\",\"publisher\":{\"@id\":\"https:\/\/sandzakpress.net\/arhiva\/#\/schema\/person\/6e72b67d6e51910a1117b3b483ba20bd\"},\"potentialAction\":[{\"@type\":\"SearchAction\",\"target\":{\"@type\":\"EntryPoint\",\"urlTemplate\":\"https:\/\/sandzakpress.net\/arhiva\/?s={search_term_string}\"},\"query-input\":{\"@type\":\"PropertyValueSpecification\",\"valueRequired\":true,\"valueName\":\"search_term_string\"}}],\"inLanguage\":\"bs-BA\"},{\"@type\":[\"Person\",\"Organization\"],\"@id\":\"https:\/\/sandzakpress.net\/arhiva\/#\/schema\/person\/6e72b67d6e51910a1117b3b483ba20bd\",\"name\":\"Kul\",\"image\":{\"@type\":\"ImageObject\",\"inLanguage\":\"bs-BA\",\"@id\":\"https:\/\/sandzakpress.net\/arhiva\/#\/schema\/person\/image\/\",\"url\":\"https:\/\/secure.gravatar.com\/avatar\/42263f39aa27ac04c43cab85c280eb2e?s=96&d=mm&r=pg\",\"contentUrl\":\"https:\/\/secure.gravatar.com\/avatar\/42263f39aa27ac04c43cab85c280eb2e?s=96&d=mm&r=pg\",\"caption\":\"Kul\"},\"logo\":{\"@id\":\"https:\/\/sandzakpress.net\/arhiva\/#\/schema\/person\/image\/\"}},{\"@type\":\"Person\",\"@id\":\"https:\/\/sandzakpress.net\/arhiva\/#\/schema\/person\/c8baee722073534b583ea7bdb2e36c02\",\"name\":\"bosniak\",\"image\":{\"@type\":\"ImageObject\",\"inLanguage\":\"bs-BA\",\"@id\":\"https:\/\/sandzakpress.net\/arhiva\/#\/schema\/person\/image\/\",\"url\":\"https:\/\/secure.gravatar.com\/avatar\/a04fd330bfe3a36a72a0ad4a6d89fca7?s=96&d=mm&r=pg\",\"contentUrl\":\"https:\/\/secure.gravatar.com\/avatar\/a04fd330bfe3a36a72a0ad4a6d89fca7?s=96&d=mm&r=pg\",\"caption\":\"bosniak\"},\"url\":\"https:\/\/sandzakpress.net\/arhiva\/author\/bosniak\/\"}]}<\/script>\n<!-- \/ Yoast SEO Premium plugin. -->","yoast_head_json":{"title":"Berin Ljaji\u0107: Provincijski primitivizam u ruhu beogradskog aristokrate","robots":{"index":"index","follow":"follow","max-snippet":"max-snippet:-1","max-image-preview":"max-image-preview:large","max-video-preview":"max-video-preview:-1"},"canonical":"https:\/\/sandzakpress.net\/arhiva\/berin-ljajic-provincijski-primitivizam-u-ruhu-beogradskog-aristokrate\/","og_locale":"bs_BA","og_type":"article","og_title":"Berin Ljaji\u0107: Provincijski primitivizam u ruhu beogradskog aristokrate","og_description":"Refleksije na tekst objavljen na portalu smedia.rs: \u201ePo\u010detak kraja muftije Zukorli\u0107a: Duhovnik u frimiranom odelu ili politi\u010dar sa ahmedijom na glavi\u201c, autor Tamara Vla\u0161kalin Pretra\u017euju\u0107i po internetu, \u010ditaju\u0107i najnovije \u010dlanke koji odslikavaju trenutno stanje trusne Srbije, te njenih gra\u0111ana, nai\u0111oh na jedan, na prvi pogled, meni jako zabrinjavaju\u0107i naslov. No, i prije nego sam do\u0161ao [&hellip;]","og_url":"https:\/\/sandzakpress.net\/arhiva\/berin-ljajic-provincijski-primitivizam-u-ruhu-beogradskog-aristokrate\/","og_site_name":"Sand\u017eak PRESS","article_published_time":"2013-04-21T16:09:50+00:00","article_modified_time":"2013-09-23T09:14:12+00:00","og_image":[{"width":453,"height":604,"url":"https:\/\/sandzakpress.net\/arhiva\/wp-content\/uploads\/2013\/04\/65872_175140489186478_2256514_n.jpg","type":"image\/jpeg"}],"author":"bosniak","twitter_card":"summary_large_image","twitter_misc":{"Written by":"bosniak","Est. reading time":"10 minuta"},"schema":{"@context":"https:\/\/schema.org","@graph":[{"@type":"Article","@id":"https:\/\/sandzakpress.net\/arhiva\/berin-ljajic-provincijski-primitivizam-u-ruhu-beogradskog-aristokrate\/#article","isPartOf":{"@id":"https:\/\/sandzakpress.net\/arhiva\/berin-ljajic-provincijski-primitivizam-u-ruhu-beogradskog-aristokrate\/"},"author":{"name":"bosniak","@id":"https:\/\/sandzakpress.net\/arhiva\/#\/schema\/person\/c8baee722073534b583ea7bdb2e36c02"},"headline":"Berin Ljaji\u0107: Provincijski primitivizam u ruhu beogradskog aristokrate","datePublished":"2013-04-21T16:09:50+00:00","dateModified":"2013-09-23T09:14:12+00:00","mainEntityOfPage":{"@id":"https:\/\/sandzakpress.net\/arhiva\/berin-ljajic-provincijski-primitivizam-u-ruhu-beogradskog-aristokrate\/"},"wordCount":1964,"commentCount":6,"publisher":{"@id":"https:\/\/sandzakpress.net\/arhiva\/#\/schema\/person\/6e72b67d6e51910a1117b3b483ba20bd"},"image":{"@id":"https:\/\/sandzakpress.net\/arhiva\/berin-ljajic-provincijski-primitivizam-u-ruhu-beogradskog-aristokrate\/#primaryimage"},"thumbnailUrl":"https:\/\/sandzakpress.net\/arhiva\/wp-content\/uploads\/2013\/04\/65872_175140489186478_2256514_n.jpg","keywords":["Berin Ljaji\u0107"],"articleSection":["Novi Pazar","Sjenica","Tutin","VIJESTI DANA"],"inLanguage":"bs-BA","potentialAction":[{"@type":"CommentAction","name":"Comment","target":["https:\/\/sandzakpress.net\/arhiva\/berin-ljajic-provincijski-primitivizam-u-ruhu-beogradskog-aristokrate\/#respond"]}]},{"@type":"WebPage","@id":"https:\/\/sandzakpress.net\/arhiva\/berin-ljajic-provincijski-primitivizam-u-ruhu-beogradskog-aristokrate\/","url":"https:\/\/sandzakpress.net\/arhiva\/berin-ljajic-provincijski-primitivizam-u-ruhu-beogradskog-aristokrate\/","name":"Berin Ljaji\u0107: Provincijski primitivizam u ruhu beogradskog aristokrate","isPartOf":{"@id":"https:\/\/sandzakpress.net\/arhiva\/#website"},"primaryImageOfPage":{"@id":"https:\/\/sandzakpress.net\/arhiva\/berin-ljajic-provincijski-primitivizam-u-ruhu-beogradskog-aristokrate\/#primaryimage"},"image":{"@id":"https:\/\/sandzakpress.net\/arhiva\/berin-ljajic-provincijski-primitivizam-u-ruhu-beogradskog-aristokrate\/#primaryimage"},"thumbnailUrl":"https:\/\/sandzakpress.net\/arhiva\/wp-content\/uploads\/2013\/04\/65872_175140489186478_2256514_n.jpg","datePublished":"2013-04-21T16:09:50+00:00","dateModified":"2013-09-23T09:14:12+00:00","breadcrumb":{"@id":"https:\/\/sandzakpress.net\/arhiva\/berin-ljajic-provincijski-primitivizam-u-ruhu-beogradskog-aristokrate\/#breadcrumb"},"inLanguage":"bs-BA","potentialAction":[{"@type":"ReadAction","target":["https:\/\/sandzakpress.net\/arhiva\/berin-ljajic-provincijski-primitivizam-u-ruhu-beogradskog-aristokrate\/"]}]},{"@type":"ImageObject","inLanguage":"bs-BA","@id":"https:\/\/sandzakpress.net\/arhiva\/berin-ljajic-provincijski-primitivizam-u-ruhu-beogradskog-aristokrate\/#primaryimage","url":"https:\/\/sandzakpress.net\/arhiva\/wp-content\/uploads\/2013\/04\/65872_175140489186478_2256514_n.jpg","contentUrl":"https:\/\/sandzakpress.net\/arhiva\/wp-content\/uploads\/2013\/04\/65872_175140489186478_2256514_n.jpg","width":453,"height":604},{"@type":"BreadcrumbList","@id":"https:\/\/sandzakpress.net\/arhiva\/berin-ljajic-provincijski-primitivizam-u-ruhu-beogradskog-aristokrate\/#breadcrumb","itemListElement":[{"@type":"ListItem","position":1,"name":"Home","item":"https:\/\/sandzakpress.net\/arhiva\/"},{"@type":"ListItem","position":2,"name":"Berin Ljaji\u0107: Provincijski primitivizam u ruhu beogradskog aristokrate"}]},{"@type":"WebSite","@id":"https:\/\/sandzakpress.net\/arhiva\/#website","url":"https:\/\/sandzakpress.net\/arhiva\/","name":"Sand\u017eak PRESS","description":"Prve elektronske novine u Sand\u017eaku","publisher":{"@id":"https:\/\/sandzakpress.net\/arhiva\/#\/schema\/person\/6e72b67d6e51910a1117b3b483ba20bd"},"potentialAction":[{"@type":"SearchAction","target":{"@type":"EntryPoint","urlTemplate":"https:\/\/sandzakpress.net\/arhiva\/?s={search_term_string}"},"query-input":{"@type":"PropertyValueSpecification","valueRequired":true,"valueName":"search_term_string"}}],"inLanguage":"bs-BA"},{"@type":["Person","Organization"],"@id":"https:\/\/sandzakpress.net\/arhiva\/#\/schema\/person\/6e72b67d6e51910a1117b3b483ba20bd","name":"Kul","image":{"@type":"ImageObject","inLanguage":"bs-BA","@id":"https:\/\/sandzakpress.net\/arhiva\/#\/schema\/person\/image\/","url":"https:\/\/secure.gravatar.com\/avatar\/42263f39aa27ac04c43cab85c280eb2e?s=96&d=mm&r=pg","contentUrl":"https:\/\/secure.gravatar.com\/avatar\/42263f39aa27ac04c43cab85c280eb2e?s=96&d=mm&r=pg","caption":"Kul"},"logo":{"@id":"https:\/\/sandzakpress.net\/arhiva\/#\/schema\/person\/image\/"}},{"@type":"Person","@id":"https:\/\/sandzakpress.net\/arhiva\/#\/schema\/person\/c8baee722073534b583ea7bdb2e36c02","name":"bosniak","image":{"@type":"ImageObject","inLanguage":"bs-BA","@id":"https:\/\/sandzakpress.net\/arhiva\/#\/schema\/person\/image\/","url":"https:\/\/secure.gravatar.com\/avatar\/a04fd330bfe3a36a72a0ad4a6d89fca7?s=96&d=mm&r=pg","contentUrl":"https:\/\/secure.gravatar.com\/avatar\/a04fd330bfe3a36a72a0ad4a6d89fca7?s=96&d=mm&r=pg","caption":"bosniak"},"url":"https:\/\/sandzakpress.net\/arhiva\/author\/bosniak\/"}]}},"_links":{"self":[{"href":"https:\/\/sandzakpress.net\/arhiva\/wp-json\/wp\/v2\/posts\/73641"}],"collection":[{"href":"https:\/\/sandzakpress.net\/arhiva\/wp-json\/wp\/v2\/posts"}],"about":[{"href":"https:\/\/sandzakpress.net\/arhiva\/wp-json\/wp\/v2\/types\/post"}],"author":[{"embeddable":true,"href":"https:\/\/sandzakpress.net\/arhiva\/wp-json\/wp\/v2\/users\/83"}],"replies":[{"embeddable":true,"href":"https:\/\/sandzakpress.net\/arhiva\/wp-json\/wp\/v2\/comments?post=73641"}],"version-history":[{"count":0,"href":"https:\/\/sandzakpress.net\/arhiva\/wp-json\/wp\/v2\/posts\/73641\/revisions"}],"wp:featuredmedia":[{"embeddable":true,"href":"https:\/\/sandzakpress.net\/arhiva\/wp-json\/wp\/v2\/media\/73642"}],"wp:attachment":[{"href":"https:\/\/sandzakpress.net\/arhiva\/wp-json\/wp\/v2\/media?parent=73641"}],"wp:term":[{"taxonomy":"category","embeddable":true,"href":"https:\/\/sandzakpress.net\/arhiva\/wp-json\/wp\/v2\/categories?post=73641"},{"taxonomy":"post_tag","embeddable":true,"href":"https:\/\/sandzakpress.net\/arhiva\/wp-json\/wp\/v2\/tags?post=73641"}],"curies":[{"name":"wp","href":"https:\/\/api.w.org\/{rel}","templated":true}]}}