{"id":7355,"date":"2010-09-02T03:49:44","date_gmt":"2010-09-02T03:49:44","guid":{"rendered":"https:\/\/sandzakpress.net\/arhiva\/?p=7355"},"modified":"2010-09-02T03:49:44","modified_gmt":"2010-09-02T03:49:44","slug":"izrael-je-spreman-dati-palestincima-dijelove-jerusalema","status":"publish","type":"post","link":"https:\/\/sandzakpress.net\/arhiva\/izrael-je-spreman-dati-palestincima-dijelove-jerusalema\/","title":{"rendered":"Izrael je spreman dati Palestincima dijelove Jerusalema"},"content":{"rendered":"<p><strong><a href=\"https:\/\/sandzakpress.net\/arhiva\/wp-content\/uploads\/2010\/09\/ehud_barak1.jpg\"><img loading=\"lazy\" decoding=\"async\" class=\"alignleft size-full wp-image-7356\" title=\"ehud_barak1\" src=\"https:\/\/sandzakpress.net\/arhiva\/wp-content\/uploads\/2010\/09\/ehud_barak1.jpg\" alt=\"\" width=\"200\" height=\"290\" \/><\/a>Palestina &#8211; Izraelski ministar odbrane Ehud Barak izjavio je u srijedu, uo\u010di obnove direktnih bliskoisto\u010dnih mirovnih pregovora u Washingtonu, da je Izrael spreman dati Palestincima dijelove Jerusalema u okviru mirovnog sporazuma. <\/strong><\/p>\n<p>Barak je u izjavi za dnevnik Haaretz precizirao da bi podjela Jerusalema, \u0161to je jedno od najeksplozivnijih pitanja na dnevnom redu pregovora, uklju\u010divala poseban re\u017eim za upravljanje najsvetijim mjestima u gradu.<\/p>\n<p>Izraelski ministar je naglasio da ubistvo \u010detvero Izraelaca u napadu naoru\u017eanih Palestinaca na Zapadnoj obali u utorak nave\u010der ne bi trebalo zaustaviti po\u010detak pregovora, prenio je Tanjug.<\/p>\n<p>Izraelski premijer Benjamin Netanyahu, koji \u0107e u \u010detvrtak na sastanku s palestinskim predsjednikom Mahmudom Abbasom ozna\u010diti obnovu pregovora, javno se protivio podjeli Jerusalema.<\/p>\n<p>Zato Barakova izjava nagovje\u0161tava da je Netanjahuova vlada spremna popustiti i kako se razmi\u0161lja i o dogovoru o jerusalemskom starom gradu u kome se nalazi d\u017eamija Al-Aqsa, tre\u0107a po zna\u010daju u islamu, iznad Zida pla\u010da, jednog od najsvetijih mjesta u judaizmu iznad koga su bila dva drevna \u017eidovska hrama.<\/p>\n<p>&#8220;Zapadni Jerusalem i 12 \u017eidovskih kvartova, koji su dom za 200.000 stanovnika, bit \u0107e na\u0161. Arapski kvartovi, u kojima \u017eivi blizu \u010detvrt miliona Palestinaca, bit \u0107e njihov&#8221;, rekao je Barak, najaviv\u0161i da \u0107e va\u017eiti &#8220;poseban re\u017eim, uz dogovorene aran\u017emane u starom gradu, Maslinovoj gori i Davidom gradu&#8221;.<\/p>\n<p>Izrael je osvojio isto\u010dni dio Jerusalema od Jordana u \u0160estodnevnom ratu 1967. godine i kasnije ga anektirao, \u0161to me\u0111unarodna zajednica nikada nije priznala. Palestinci \u017eele da isto\u010dni Jerusalem bude glavni grad njihove dr\u017eave, koja \u0107e obuhvatiti Zapadnu obalu i pojas Gaze.<\/p>\n<p>Izvor:<strong> IslamBosna.ba<\/strong><\/p>\n","protected":false},"excerpt":{"rendered":"<p>Palestina &#8211; Izraelski ministar odbrane Ehud Barak izjavio je u srijedu, uo\u010di obnove direktnih bliskoisto\u010dnih mirovnih pregovora u Washingtonu, da je Izrael spreman dati Palestincima dijelove Jerusalema u okviru mirovnog sporazuma. Barak je u izjavi za dnevnik Haaretz precizirao da bi podjela Jerusalema, \u0161to je jedno od najeksplozivnijih pitanja na dnevnom redu pregovora, uklju\u010divala poseban [&hellip;]<\/p>\n","protected":false},"author":83,"featured_media":7356,"comment_status":"open","ping_status":"open","sticky":false,"template":"","format":"standard","meta":{"footnotes":""},"categories":[9],"tags":[],"class_list":{"0":"post-7355","1":"post","2":"type-post","3":"status-publish","4":"format-standard","5":"has-post-thumbnail","7":"category-svijet"},"yoast_head":"<!-- This site is optimized with the Yoast SEO Premium plugin v23.1 (Yoast SEO v24.9) - https:\/\/yoast.com\/wordpress\/plugins\/seo\/ -->\n<title>Izrael je spreman dati Palestincima dijelove Jerusalema<\/title>\n<meta name=\"robots\" content=\"index, follow, max-snippet:-1, max-image-preview:large, max-video-preview:-1\" \/>\n<link rel=\"canonical\" href=\"https:\/\/sandzakpress.net\/arhiva\/izrael-je-spreman-dati-palestincima-dijelove-jerusalema\/\" \/>\n<meta property=\"og:locale\" content=\"bs_BA\" \/>\n<meta property=\"og:type\" content=\"article\" \/>\n<meta property=\"og:title\" content=\"Izrael je spreman dati Palestincima dijelove Jerusalema\" \/>\n<meta property=\"og:description\" content=\"Palestina &#8211; Izraelski ministar odbrane Ehud Barak izjavio je u srijedu, uo\u010di obnove direktnih bliskoisto\u010dnih mirovnih pregovora u Washingtonu, da je Izrael spreman dati Palestincima dijelove Jerusalema u okviru mirovnog sporazuma. Barak je u izjavi za dnevnik Haaretz precizirao da bi podjela Jerusalema, \u0161to je jedno od najeksplozivnijih pitanja na dnevnom redu pregovora, uklju\u010divala poseban [&hellip;]\" \/>\n<meta property=\"og:url\" content=\"https:\/\/sandzakpress.net\/arhiva\/izrael-je-spreman-dati-palestincima-dijelove-jerusalema\/\" \/>\n<meta property=\"og:site_name\" content=\"Sand\u017eak PRESS\" \/>\n<meta property=\"article:published_time\" content=\"2010-09-02T03:49:44+00:00\" \/>\n<meta property=\"og:image\" content=\"https:\/\/sandzakpress.net\/arhiva\/wp-content\/uploads\/2010\/09\/ehud_barak1.jpg\" \/>\n\t<meta property=\"og:image:width\" content=\"200\" \/>\n\t<meta property=\"og:image:height\" content=\"290\" \/>\n\t<meta property=\"og:image:type\" content=\"image\/jpeg\" \/>\n<meta name=\"author\" content=\"bosniak\" \/>\n<meta name=\"twitter:card\" content=\"summary_large_image\" \/>\n<meta name=\"twitter:label1\" content=\"Written by\" \/>\n\t<meta name=\"twitter:data1\" content=\"bosniak\" \/>\n\t<meta name=\"twitter:label2\" content=\"Est. reading time\" \/>\n\t<meta name=\"twitter:data2\" content=\"1 minuta\" \/>\n<script type=\"application\/ld+json\" class=\"yoast-schema-graph\">{\"@context\":\"https:\/\/schema.org\",\"@graph\":[{\"@type\":\"Article\",\"@id\":\"https:\/\/sandzakpress.net\/arhiva\/izrael-je-spreman-dati-palestincima-dijelove-jerusalema\/#article\",\"isPartOf\":{\"@id\":\"https:\/\/sandzakpress.net\/arhiva\/izrael-je-spreman-dati-palestincima-dijelove-jerusalema\/\"},\"author\":{\"name\":\"bosniak\",\"@id\":\"https:\/\/sandzakpress.net\/arhiva\/#\/schema\/person\/c8baee722073534b583ea7bdb2e36c02\"},\"headline\":\"Izrael je spreman dati Palestincima dijelove Jerusalema\",\"datePublished\":\"2010-09-02T03:49:44+00:00\",\"mainEntityOfPage\":{\"@id\":\"https:\/\/sandzakpress.net\/arhiva\/izrael-je-spreman-dati-palestincima-dijelove-jerusalema\/\"},\"wordCount\":278,\"commentCount\":1,\"publisher\":{\"@id\":\"https:\/\/sandzakpress.net\/arhiva\/#\/schema\/person\/6e72b67d6e51910a1117b3b483ba20bd\"},\"image\":{\"@id\":\"https:\/\/sandzakpress.net\/arhiva\/izrael-je-spreman-dati-palestincima-dijelove-jerusalema\/#primaryimage\"},\"thumbnailUrl\":\"https:\/\/sandzakpress.net\/arhiva\/wp-content\/uploads\/2010\/09\/ehud_barak1.jpg\",\"articleSection\":[\"Svijet\"],\"inLanguage\":\"bs-BA\",\"potentialAction\":[{\"@type\":\"CommentAction\",\"name\":\"Comment\",\"target\":[\"https:\/\/sandzakpress.net\/arhiva\/izrael-je-spreman-dati-palestincima-dijelove-jerusalema\/#respond\"]}]},{\"@type\":\"WebPage\",\"@id\":\"https:\/\/sandzakpress.net\/arhiva\/izrael-je-spreman-dati-palestincima-dijelove-jerusalema\/\",\"url\":\"https:\/\/sandzakpress.net\/arhiva\/izrael-je-spreman-dati-palestincima-dijelove-jerusalema\/\",\"name\":\"Izrael je spreman dati Palestincima dijelove Jerusalema\",\"isPartOf\":{\"@id\":\"https:\/\/sandzakpress.net\/arhiva\/#website\"},\"primaryImageOfPage\":{\"@id\":\"https:\/\/sandzakpress.net\/arhiva\/izrael-je-spreman-dati-palestincima-dijelove-jerusalema\/#primaryimage\"},\"image\":{\"@id\":\"https:\/\/sandzakpress.net\/arhiva\/izrael-je-spreman-dati-palestincima-dijelove-jerusalema\/#primaryimage\"},\"thumbnailUrl\":\"https:\/\/sandzakpress.net\/arhiva\/wp-content\/uploads\/2010\/09\/ehud_barak1.jpg\",\"datePublished\":\"2010-09-02T03:49:44+00:00\",\"breadcrumb\":{\"@id\":\"https:\/\/sandzakpress.net\/arhiva\/izrael-je-spreman-dati-palestincima-dijelove-jerusalema\/#breadcrumb\"},\"inLanguage\":\"bs-BA\",\"potentialAction\":[{\"@type\":\"ReadAction\",\"target\":[\"https:\/\/sandzakpress.net\/arhiva\/izrael-je-spreman-dati-palestincima-dijelove-jerusalema\/\"]}]},{\"@type\":\"ImageObject\",\"inLanguage\":\"bs-BA\",\"@id\":\"https:\/\/sandzakpress.net\/arhiva\/izrael-je-spreman-dati-palestincima-dijelove-jerusalema\/#primaryimage\",\"url\":\"https:\/\/sandzakpress.net\/arhiva\/wp-content\/uploads\/2010\/09\/ehud_barak1.jpg\",\"contentUrl\":\"https:\/\/sandzakpress.net\/arhiva\/wp-content\/uploads\/2010\/09\/ehud_barak1.jpg\",\"width\":200,\"height\":290},{\"@type\":\"BreadcrumbList\",\"@id\":\"https:\/\/sandzakpress.net\/arhiva\/izrael-je-spreman-dati-palestincima-dijelove-jerusalema\/#breadcrumb\",\"itemListElement\":[{\"@type\":\"ListItem\",\"position\":1,\"name\":\"Home\",\"item\":\"https:\/\/sandzakpress.net\/arhiva\/\"},{\"@type\":\"ListItem\",\"position\":2,\"name\":\"Izrael je spreman dati Palestincima dijelove Jerusalema\"}]},{\"@type\":\"WebSite\",\"@id\":\"https:\/\/sandzakpress.net\/arhiva\/#website\",\"url\":\"https:\/\/sandzakpress.net\/arhiva\/\",\"name\":\"Sand\u017eak PRESS\",\"description\":\"Prve elektronske novine u Sand\u017eaku\",\"publisher\":{\"@id\":\"https:\/\/sandzakpress.net\/arhiva\/#\/schema\/person\/6e72b67d6e51910a1117b3b483ba20bd\"},\"potentialAction\":[{\"@type\":\"SearchAction\",\"target\":{\"@type\":\"EntryPoint\",\"urlTemplate\":\"https:\/\/sandzakpress.net\/arhiva\/?s={search_term_string}\"},\"query-input\":{\"@type\":\"PropertyValueSpecification\",\"valueRequired\":true,\"valueName\":\"search_term_string\"}}],\"inLanguage\":\"bs-BA\"},{\"@type\":[\"Person\",\"Organization\"],\"@id\":\"https:\/\/sandzakpress.net\/arhiva\/#\/schema\/person\/6e72b67d6e51910a1117b3b483ba20bd\",\"name\":\"Kul\",\"image\":{\"@type\":\"ImageObject\",\"inLanguage\":\"bs-BA\",\"@id\":\"https:\/\/sandzakpress.net\/arhiva\/#\/schema\/person\/image\/\",\"url\":\"https:\/\/secure.gravatar.com\/avatar\/42263f39aa27ac04c43cab85c280eb2e?s=96&d=mm&r=pg\",\"contentUrl\":\"https:\/\/secure.gravatar.com\/avatar\/42263f39aa27ac04c43cab85c280eb2e?s=96&d=mm&r=pg\",\"caption\":\"Kul\"},\"logo\":{\"@id\":\"https:\/\/sandzakpress.net\/arhiva\/#\/schema\/person\/image\/\"}},{\"@type\":\"Person\",\"@id\":\"https:\/\/sandzakpress.net\/arhiva\/#\/schema\/person\/c8baee722073534b583ea7bdb2e36c02\",\"name\":\"bosniak\",\"image\":{\"@type\":\"ImageObject\",\"inLanguage\":\"bs-BA\",\"@id\":\"https:\/\/sandzakpress.net\/arhiva\/#\/schema\/person\/image\/\",\"url\":\"https:\/\/secure.gravatar.com\/avatar\/a04fd330bfe3a36a72a0ad4a6d89fca7?s=96&d=mm&r=pg\",\"contentUrl\":\"https:\/\/secure.gravatar.com\/avatar\/a04fd330bfe3a36a72a0ad4a6d89fca7?s=96&d=mm&r=pg\",\"caption\":\"bosniak\"},\"url\":\"https:\/\/sandzakpress.net\/arhiva\/author\/bosniak\/\"}]}<\/script>\n<!-- \/ Yoast SEO Premium plugin. -->","yoast_head_json":{"title":"Izrael je spreman dati Palestincima dijelove Jerusalema","robots":{"index":"index","follow":"follow","max-snippet":"max-snippet:-1","max-image-preview":"max-image-preview:large","max-video-preview":"max-video-preview:-1"},"canonical":"https:\/\/sandzakpress.net\/arhiva\/izrael-je-spreman-dati-palestincima-dijelove-jerusalema\/","og_locale":"bs_BA","og_type":"article","og_title":"Izrael je spreman dati Palestincima dijelove Jerusalema","og_description":"Palestina &#8211; Izraelski ministar odbrane Ehud Barak izjavio je u srijedu, uo\u010di obnove direktnih bliskoisto\u010dnih mirovnih pregovora u Washingtonu, da je Izrael spreman dati Palestincima dijelove Jerusalema u okviru mirovnog sporazuma. Barak je u izjavi za dnevnik Haaretz precizirao da bi podjela Jerusalema, \u0161to je jedno od najeksplozivnijih pitanja na dnevnom redu pregovora, uklju\u010divala poseban [&hellip;]","og_url":"https:\/\/sandzakpress.net\/arhiva\/izrael-je-spreman-dati-palestincima-dijelove-jerusalema\/","og_site_name":"Sand\u017eak PRESS","article_published_time":"2010-09-02T03:49:44+00:00","og_image":[{"width":200,"height":290,"url":"https:\/\/sandzakpress.net\/arhiva\/wp-content\/uploads\/2010\/09\/ehud_barak1.jpg","type":"image\/jpeg"}],"author":"bosniak","twitter_card":"summary_large_image","twitter_misc":{"Written by":"bosniak","Est. reading time":"1 minuta"},"schema":{"@context":"https:\/\/schema.org","@graph":[{"@type":"Article","@id":"https:\/\/sandzakpress.net\/arhiva\/izrael-je-spreman-dati-palestincima-dijelove-jerusalema\/#article","isPartOf":{"@id":"https:\/\/sandzakpress.net\/arhiva\/izrael-je-spreman-dati-palestincima-dijelove-jerusalema\/"},"author":{"name":"bosniak","@id":"https:\/\/sandzakpress.net\/arhiva\/#\/schema\/person\/c8baee722073534b583ea7bdb2e36c02"},"headline":"Izrael je spreman dati Palestincima dijelove Jerusalema","datePublished":"2010-09-02T03:49:44+00:00","mainEntityOfPage":{"@id":"https:\/\/sandzakpress.net\/arhiva\/izrael-je-spreman-dati-palestincima-dijelove-jerusalema\/"},"wordCount":278,"commentCount":1,"publisher":{"@id":"https:\/\/sandzakpress.net\/arhiva\/#\/schema\/person\/6e72b67d6e51910a1117b3b483ba20bd"},"image":{"@id":"https:\/\/sandzakpress.net\/arhiva\/izrael-je-spreman-dati-palestincima-dijelove-jerusalema\/#primaryimage"},"thumbnailUrl":"https:\/\/sandzakpress.net\/arhiva\/wp-content\/uploads\/2010\/09\/ehud_barak1.jpg","articleSection":["Svijet"],"inLanguage":"bs-BA","potentialAction":[{"@type":"CommentAction","name":"Comment","target":["https:\/\/sandzakpress.net\/arhiva\/izrael-je-spreman-dati-palestincima-dijelove-jerusalema\/#respond"]}]},{"@type":"WebPage","@id":"https:\/\/sandzakpress.net\/arhiva\/izrael-je-spreman-dati-palestincima-dijelove-jerusalema\/","url":"https:\/\/sandzakpress.net\/arhiva\/izrael-je-spreman-dati-palestincima-dijelove-jerusalema\/","name":"Izrael je spreman dati Palestincima dijelove Jerusalema","isPartOf":{"@id":"https:\/\/sandzakpress.net\/arhiva\/#website"},"primaryImageOfPage":{"@id":"https:\/\/sandzakpress.net\/arhiva\/izrael-je-spreman-dati-palestincima-dijelove-jerusalema\/#primaryimage"},"image":{"@id":"https:\/\/sandzakpress.net\/arhiva\/izrael-je-spreman-dati-palestincima-dijelove-jerusalema\/#primaryimage"},"thumbnailUrl":"https:\/\/sandzakpress.net\/arhiva\/wp-content\/uploads\/2010\/09\/ehud_barak1.jpg","datePublished":"2010-09-02T03:49:44+00:00","breadcrumb":{"@id":"https:\/\/sandzakpress.net\/arhiva\/izrael-je-spreman-dati-palestincima-dijelove-jerusalema\/#breadcrumb"},"inLanguage":"bs-BA","potentialAction":[{"@type":"ReadAction","target":["https:\/\/sandzakpress.net\/arhiva\/izrael-je-spreman-dati-palestincima-dijelove-jerusalema\/"]}]},{"@type":"ImageObject","inLanguage":"bs-BA","@id":"https:\/\/sandzakpress.net\/arhiva\/izrael-je-spreman-dati-palestincima-dijelove-jerusalema\/#primaryimage","url":"https:\/\/sandzakpress.net\/arhiva\/wp-content\/uploads\/2010\/09\/ehud_barak1.jpg","contentUrl":"https:\/\/sandzakpress.net\/arhiva\/wp-content\/uploads\/2010\/09\/ehud_barak1.jpg","width":200,"height":290},{"@type":"BreadcrumbList","@id":"https:\/\/sandzakpress.net\/arhiva\/izrael-je-spreman-dati-palestincima-dijelove-jerusalema\/#breadcrumb","itemListElement":[{"@type":"ListItem","position":1,"name":"Home","item":"https:\/\/sandzakpress.net\/arhiva\/"},{"@type":"ListItem","position":2,"name":"Izrael je spreman dati Palestincima dijelove Jerusalema"}]},{"@type":"WebSite","@id":"https:\/\/sandzakpress.net\/arhiva\/#website","url":"https:\/\/sandzakpress.net\/arhiva\/","name":"Sand\u017eak PRESS","description":"Prve elektronske novine u Sand\u017eaku","publisher":{"@id":"https:\/\/sandzakpress.net\/arhiva\/#\/schema\/person\/6e72b67d6e51910a1117b3b483ba20bd"},"potentialAction":[{"@type":"SearchAction","target":{"@type":"EntryPoint","urlTemplate":"https:\/\/sandzakpress.net\/arhiva\/?s={search_term_string}"},"query-input":{"@type":"PropertyValueSpecification","valueRequired":true,"valueName":"search_term_string"}}],"inLanguage":"bs-BA"},{"@type":["Person","Organization"],"@id":"https:\/\/sandzakpress.net\/arhiva\/#\/schema\/person\/6e72b67d6e51910a1117b3b483ba20bd","name":"Kul","image":{"@type":"ImageObject","inLanguage":"bs-BA","@id":"https:\/\/sandzakpress.net\/arhiva\/#\/schema\/person\/image\/","url":"https:\/\/secure.gravatar.com\/avatar\/42263f39aa27ac04c43cab85c280eb2e?s=96&d=mm&r=pg","contentUrl":"https:\/\/secure.gravatar.com\/avatar\/42263f39aa27ac04c43cab85c280eb2e?s=96&d=mm&r=pg","caption":"Kul"},"logo":{"@id":"https:\/\/sandzakpress.net\/arhiva\/#\/schema\/person\/image\/"}},{"@type":"Person","@id":"https:\/\/sandzakpress.net\/arhiva\/#\/schema\/person\/c8baee722073534b583ea7bdb2e36c02","name":"bosniak","image":{"@type":"ImageObject","inLanguage":"bs-BA","@id":"https:\/\/sandzakpress.net\/arhiva\/#\/schema\/person\/image\/","url":"https:\/\/secure.gravatar.com\/avatar\/a04fd330bfe3a36a72a0ad4a6d89fca7?s=96&d=mm&r=pg","contentUrl":"https:\/\/secure.gravatar.com\/avatar\/a04fd330bfe3a36a72a0ad4a6d89fca7?s=96&d=mm&r=pg","caption":"bosniak"},"url":"https:\/\/sandzakpress.net\/arhiva\/author\/bosniak\/"}]}},"_links":{"self":[{"href":"https:\/\/sandzakpress.net\/arhiva\/wp-json\/wp\/v2\/posts\/7355"}],"collection":[{"href":"https:\/\/sandzakpress.net\/arhiva\/wp-json\/wp\/v2\/posts"}],"about":[{"href":"https:\/\/sandzakpress.net\/arhiva\/wp-json\/wp\/v2\/types\/post"}],"author":[{"embeddable":true,"href":"https:\/\/sandzakpress.net\/arhiva\/wp-json\/wp\/v2\/users\/83"}],"replies":[{"embeddable":true,"href":"https:\/\/sandzakpress.net\/arhiva\/wp-json\/wp\/v2\/comments?post=7355"}],"version-history":[{"count":0,"href":"https:\/\/sandzakpress.net\/arhiva\/wp-json\/wp\/v2\/posts\/7355\/revisions"}],"wp:featuredmedia":[{"embeddable":true,"href":"https:\/\/sandzakpress.net\/arhiva\/wp-json\/wp\/v2\/media\/7356"}],"wp:attachment":[{"href":"https:\/\/sandzakpress.net\/arhiva\/wp-json\/wp\/v2\/media?parent=7355"}],"wp:term":[{"taxonomy":"category","embeddable":true,"href":"https:\/\/sandzakpress.net\/arhiva\/wp-json\/wp\/v2\/categories?post=7355"},{"taxonomy":"post_tag","embeddable":true,"href":"https:\/\/sandzakpress.net\/arhiva\/wp-json\/wp\/v2\/tags?post=7355"}],"curies":[{"name":"wp","href":"https:\/\/api.w.org\/{rel}","templated":true}]}}