{"id":73391,"date":"2013-04-19T17:00:53","date_gmt":"2013-04-19T15:00:53","guid":{"rendered":"https:\/\/sandzakpress.net\/arhiva\/?p=73391"},"modified":"2013-04-20T19:45:16","modified_gmt":"2013-04-20T17:45:16","slug":"sahmanovic-nisam-u-njujorku-obecao-deklaraciju-potomaka-zrtava-genocida","status":"publish","type":"post","link":"https:\/\/sandzakpress.net\/arhiva\/sahmanovic-nisam-u-njujorku-obecao-deklaraciju-potomaka-zrtava-genocida\/","title":{"rendered":"\u0160ahmanovi\u0107: &#8216;Nisam u Njujorku obe\u0107ao deklaraciju potomaka \u017ertava genocida&#8217;"},"content":{"rendered":"<div id=\"article_intro\">\n<div id=\"article_intro_text\">\n<div>\n<p><strong><a href=\"https:\/\/sandzakpress.net\/arhiva\/wp-content\/uploads\/2013\/04\/sahmanovic-nisam-njujorku-obecao-deklaraciju-potomaka-zrtava-genocida-slika-240710.jpg\"><img loading=\"lazy\" decoding=\"async\" class=\"alignleft size-medium wp-image-73392\" title=\"sahmanovic-nisam-njujorku-obecao-deklaraciju-potomaka-zrtava-genocida-slika-240710\" src=\"https:\/\/sandzakpress.net\/arhiva\/wp-content\/uploads\/2013\/04\/sahmanovic-nisam-njujorku-obecao-deklaraciju-potomaka-zrtava-genocida-slika-240710-300x174.jpg\" alt=\"\" width=\"300\" height=\"174\" \/><\/a>Amerika, Plav &#8211; &#8220;Koliko god da je bolno, treba o ovom i sli\u010dnim zlo\u010dinima dr\u017eave i dr\u017eavnog rukovodstva otvoreno razgovarati&#8221;<\/strong><\/p>\n<\/div>\n<\/div>\n<\/div>\n<div id=\"article_content\">\n<div id=\"article_text_column\">\n<div id=\"article_text\">\n<p>Odbor za obilje\u017eavanje stogodi\u0161njice genocida nad Bo\u0161njacima i Albancima iz Plava i Gusinja stradalim 1912. i 1913. godine iz Njujorka napao je \u010delnike Plava \u0161to u Skup\u0161tini op\u0161tine nijesu uvrstili u dnevni red deklaraciju potomaka \u017ertava genocida, koja je upu\u0107ena SO Plav, a koju je ispred odbora potpisao Smajlje Srdanovi\u0107.<\/p>\n<p>U saop\u0161tenju Odbora pi\u0161e da su putem medija saznali da Deklaracija nije uvr\u0161tena u dnevni red, jer se navodno \u201enijesu stekli uslovi za raspravu\u201c, te da su odbornici od kojih su ve\u0107ina mahom potomci \u017ertava, trebali prepoznati da je deklaracijom poslata poruka mira.<\/p>\n<div><ins><\/ins><ins id=\"aswift_0_anchor\"><\/ins><\/div>\n<p>\u201eKoliko god da je bolno, treba o ovom i sli\u010dnim zlo\u010dinima dr\u017eave i dr\u017eavnog rukovodstva otvoreno razgovarati, re\u0107i ko je odgovoran. Radi budu\u0107ih generacija osuditi zlo\u010dine genocida i izgradnjom memorijalnog centra \u017ertvama genocida trajno obilje\u017eiti mjesto zlo\u010dina, \u0161to bi bila jasna poruka da se nikad i nikome vi\u0161e ne dogodi genocid. Samo otvoreno\u0161\u0107u, iskreno\u0161\u0107u i suosje\u0107anjem sa \u017ertvama i potomcima \u017ertava je put napretka u multinacionalnoj sredini kakva je Op\u0161tina Plav, ali i dr\u017eava Crna Gora\u201c, pi\u0161e u saop\u0161tenju Odbora.<\/p>\n<p>Predstavnici dijaspore isti\u010du da su o\u010dekivali zna\u010dajnu podr\u0161ka predsjednika op\u0161tine Orhana \u0160ahmanovi\u0107a, koji je u\u010destvovao na ceremoniji polaganja kamena-temeljca za Memorijalni \u0161ehidski centar u Njujorku. Tada je, navodno, obe\u0107ao usvajanje deklaracije.<\/p>\n<p>Deklaracijom se, izme\u0111u ostalog, tra\u017ei od dr\u017eave da izdvoji sredstva za izgradnju memorijalnog centra, a od op\u0161tine Plav da obezbijedi prostor.<\/p>\n<p>\u0160ahmanovi\u0107 je ju\u010de \u201eVijestima\u201c kazao da je formiran odbor za izgradnju memorijalnog centra, na \u010delu sa predsjednikom SO Saidom \u010ceki\u0107em.<\/p>\n<p>\u201eOdbor koji smo formirali prona\u0107i \u0107e modalitete kako da obilje\u017eimo taj doga\u0111aj, odnosno da se izna\u0111e trajno mjesto na kome \u0107e se nalaziti spomen-park ili spomen-obilje\u017eje u znak sje\u0107anja na \u017ertve 1912\/13. godine i mi radimo na tome. \u0160to se ti\u010de mog daljeg obe\u0107anja koje se navodi, nije istina da sam obe\u0107ao da \u0107e deklaracija biti usvojena\u201c, kazao je \u0160ahmanovi\u0107.<\/p>\n<p>(Vijesti)<\/p>\n<\/div>\n<\/div>\n<\/div>\n","protected":false},"excerpt":{"rendered":"<p>Amerika, Plav &#8211; &#8220;Koliko god da je bolno, treba o ovom i sli\u010dnim zlo\u010dinima dr\u017eave i dr\u017eavnog rukovodstva otvoreno razgovarati&#8221; Odbor za obilje\u017eavanje stogodi\u0161njice genocida nad Bo\u0161njacima i Albancima iz Plava i Gusinja stradalim 1912. i 1913. godine iz Njujorka napao je \u010delnike Plava \u0161to u Skup\u0161tini op\u0161tine nijesu uvrstili u dnevni red deklaraciju potomaka [&hellip;]<\/p>\n","protected":false},"author":83,"featured_media":73392,"comment_status":"open","ping_status":"open","sticky":false,"template":"","format":"standard","meta":{"footnotes":""},"categories":[1,399],"tags":[],"class_list":{"0":"post-73391","1":"post","2":"type-post","3":"status-publish","4":"format-standard","5":"has-post-thumbnail","7":"category-politika","8":"category-plav_"},"yoast_head":"<!-- This site is optimized with the Yoast SEO Premium plugin v23.1 (Yoast SEO v24.9) - https:\/\/yoast.com\/wordpress\/plugins\/seo\/ -->\n<title>\u0160ahmanovi\u0107: &#039;Nisam u Njujorku obe\u0107ao deklaraciju potomaka \u017ertava genocida&#039;<\/title>\n<meta name=\"robots\" content=\"index, follow, max-snippet:-1, max-image-preview:large, max-video-preview:-1\" \/>\n<link rel=\"canonical\" href=\"https:\/\/sandzakpress.net\/arhiva\/sahmanovic-nisam-u-njujorku-obecao-deklaraciju-potomaka-zrtava-genocida\/\" \/>\n<meta property=\"og:locale\" content=\"bs_BA\" \/>\n<meta property=\"og:type\" content=\"article\" \/>\n<meta property=\"og:title\" content=\"\u0160ahmanovi\u0107: &#039;Nisam u Njujorku obe\u0107ao deklaraciju potomaka \u017ertava genocida&#039;\" \/>\n<meta property=\"og:description\" content=\"Amerika, Plav &#8211; &#8220;Koliko god da je bolno, treba o ovom i sli\u010dnim zlo\u010dinima dr\u017eave i dr\u017eavnog rukovodstva otvoreno razgovarati&#8221; Odbor za obilje\u017eavanje stogodi\u0161njice genocida nad Bo\u0161njacima i Albancima iz Plava i Gusinja stradalim 1912. i 1913. godine iz Njujorka napao je \u010delnike Plava \u0161to u Skup\u0161tini op\u0161tine nijesu uvrstili u dnevni red deklaraciju potomaka [&hellip;]\" \/>\n<meta property=\"og:url\" content=\"https:\/\/sandzakpress.net\/arhiva\/sahmanovic-nisam-u-njujorku-obecao-deklaraciju-potomaka-zrtava-genocida\/\" \/>\n<meta property=\"og:site_name\" content=\"Sand\u017eak PRESS\" \/>\n<meta property=\"article:published_time\" content=\"2013-04-19T15:00:53+00:00\" \/>\n<meta property=\"article:modified_time\" content=\"2013-04-20T17:45:16+00:00\" \/>\n<meta property=\"og:image\" content=\"https:\/\/sandzakpress.net\/arhiva\/wp-content\/uploads\/2013\/04\/sahmanovic-nisam-njujorku-obecao-deklaraciju-potomaka-zrtava-genocida-slika-240710.jpg\" \/>\n\t<meta property=\"og:image:width\" content=\"391\" \/>\n\t<meta property=\"og:image:height\" content=\"227\" \/>\n\t<meta property=\"og:image:type\" content=\"image\/jpeg\" \/>\n<meta name=\"author\" content=\"bosniak\" \/>\n<meta name=\"twitter:card\" content=\"summary_large_image\" \/>\n<meta name=\"twitter:label1\" content=\"Written by\" \/>\n\t<meta name=\"twitter:data1\" content=\"bosniak\" \/>\n\t<meta name=\"twitter:label2\" content=\"Est. reading time\" \/>\n\t<meta name=\"twitter:data2\" content=\"2 minute\" \/>\n<script type=\"application\/ld+json\" class=\"yoast-schema-graph\">{\"@context\":\"https:\/\/schema.org\",\"@graph\":[{\"@type\":\"Article\",\"@id\":\"https:\/\/sandzakpress.net\/arhiva\/sahmanovic-nisam-u-njujorku-obecao-deklaraciju-potomaka-zrtava-genocida\/#article\",\"isPartOf\":{\"@id\":\"https:\/\/sandzakpress.net\/arhiva\/sahmanovic-nisam-u-njujorku-obecao-deklaraciju-potomaka-zrtava-genocida\/\"},\"author\":{\"name\":\"bosniak\",\"@id\":\"https:\/\/sandzakpress.net\/arhiva\/#\/schema\/person\/c8baee722073534b583ea7bdb2e36c02\"},\"headline\":\"\u0160ahmanovi\u0107: &#8216;Nisam u Njujorku obe\u0107ao deklaraciju potomaka \u017ertava genocida&#8217;\",\"datePublished\":\"2013-04-19T15:00:53+00:00\",\"dateModified\":\"2013-04-20T17:45:16+00:00\",\"mainEntityOfPage\":{\"@id\":\"https:\/\/sandzakpress.net\/arhiva\/sahmanovic-nisam-u-njujorku-obecao-deklaraciju-potomaka-zrtava-genocida\/\"},\"wordCount\":387,\"commentCount\":2,\"publisher\":{\"@id\":\"https:\/\/sandzakpress.net\/arhiva\/#\/schema\/person\/6e72b67d6e51910a1117b3b483ba20bd\"},\"image\":{\"@id\":\"https:\/\/sandzakpress.net\/arhiva\/sahmanovic-nisam-u-njujorku-obecao-deklaraciju-potomaka-zrtava-genocida\/#primaryimage\"},\"thumbnailUrl\":\"https:\/\/sandzakpress.net\/arhiva\/wp-content\/uploads\/2013\/04\/sahmanovic-nisam-njujorku-obecao-deklaraciju-potomaka-zrtava-genocida-slika-240710.jpg\",\"articleSection\":[\"Politika\",\"Plav\"],\"inLanguage\":\"bs-BA\",\"potentialAction\":[{\"@type\":\"CommentAction\",\"name\":\"Comment\",\"target\":[\"https:\/\/sandzakpress.net\/arhiva\/sahmanovic-nisam-u-njujorku-obecao-deklaraciju-potomaka-zrtava-genocida\/#respond\"]}]},{\"@type\":\"WebPage\",\"@id\":\"https:\/\/sandzakpress.net\/arhiva\/sahmanovic-nisam-u-njujorku-obecao-deklaraciju-potomaka-zrtava-genocida\/\",\"url\":\"https:\/\/sandzakpress.net\/arhiva\/sahmanovic-nisam-u-njujorku-obecao-deklaraciju-potomaka-zrtava-genocida\/\",\"name\":\"\u0160ahmanovi\u0107: 'Nisam u Njujorku obe\u0107ao deklaraciju potomaka \u017ertava genocida'\",\"isPartOf\":{\"@id\":\"https:\/\/sandzakpress.net\/arhiva\/#website\"},\"primaryImageOfPage\":{\"@id\":\"https:\/\/sandzakpress.net\/arhiva\/sahmanovic-nisam-u-njujorku-obecao-deklaraciju-potomaka-zrtava-genocida\/#primaryimage\"},\"image\":{\"@id\":\"https:\/\/sandzakpress.net\/arhiva\/sahmanovic-nisam-u-njujorku-obecao-deklaraciju-potomaka-zrtava-genocida\/#primaryimage\"},\"thumbnailUrl\":\"https:\/\/sandzakpress.net\/arhiva\/wp-content\/uploads\/2013\/04\/sahmanovic-nisam-njujorku-obecao-deklaraciju-potomaka-zrtava-genocida-slika-240710.jpg\",\"datePublished\":\"2013-04-19T15:00:53+00:00\",\"dateModified\":\"2013-04-20T17:45:16+00:00\",\"breadcrumb\":{\"@id\":\"https:\/\/sandzakpress.net\/arhiva\/sahmanovic-nisam-u-njujorku-obecao-deklaraciju-potomaka-zrtava-genocida\/#breadcrumb\"},\"inLanguage\":\"bs-BA\",\"potentialAction\":[{\"@type\":\"ReadAction\",\"target\":[\"https:\/\/sandzakpress.net\/arhiva\/sahmanovic-nisam-u-njujorku-obecao-deklaraciju-potomaka-zrtava-genocida\/\"]}]},{\"@type\":\"ImageObject\",\"inLanguage\":\"bs-BA\",\"@id\":\"https:\/\/sandzakpress.net\/arhiva\/sahmanovic-nisam-u-njujorku-obecao-deklaraciju-potomaka-zrtava-genocida\/#primaryimage\",\"url\":\"https:\/\/sandzakpress.net\/arhiva\/wp-content\/uploads\/2013\/04\/sahmanovic-nisam-njujorku-obecao-deklaraciju-potomaka-zrtava-genocida-slika-240710.jpg\",\"contentUrl\":\"https:\/\/sandzakpress.net\/arhiva\/wp-content\/uploads\/2013\/04\/sahmanovic-nisam-njujorku-obecao-deklaraciju-potomaka-zrtava-genocida-slika-240710.jpg\",\"width\":391,\"height\":227},{\"@type\":\"BreadcrumbList\",\"@id\":\"https:\/\/sandzakpress.net\/arhiva\/sahmanovic-nisam-u-njujorku-obecao-deklaraciju-potomaka-zrtava-genocida\/#breadcrumb\",\"itemListElement\":[{\"@type\":\"ListItem\",\"position\":1,\"name\":\"Home\",\"item\":\"https:\/\/sandzakpress.net\/arhiva\/\"},{\"@type\":\"ListItem\",\"position\":2,\"name\":\"\u0160ahmanovi\u0107: &#8216;Nisam u Njujorku obe\u0107ao deklaraciju potomaka \u017ertava genocida&#8217;\"}]},{\"@type\":\"WebSite\",\"@id\":\"https:\/\/sandzakpress.net\/arhiva\/#website\",\"url\":\"https:\/\/sandzakpress.net\/arhiva\/\",\"name\":\"Sand\u017eak PRESS\",\"description\":\"Prve elektronske novine u Sand\u017eaku\",\"publisher\":{\"@id\":\"https:\/\/sandzakpress.net\/arhiva\/#\/schema\/person\/6e72b67d6e51910a1117b3b483ba20bd\"},\"potentialAction\":[{\"@type\":\"SearchAction\",\"target\":{\"@type\":\"EntryPoint\",\"urlTemplate\":\"https:\/\/sandzakpress.net\/arhiva\/?s={search_term_string}\"},\"query-input\":{\"@type\":\"PropertyValueSpecification\",\"valueRequired\":true,\"valueName\":\"search_term_string\"}}],\"inLanguage\":\"bs-BA\"},{\"@type\":[\"Person\",\"Organization\"],\"@id\":\"https:\/\/sandzakpress.net\/arhiva\/#\/schema\/person\/6e72b67d6e51910a1117b3b483ba20bd\",\"name\":\"Kul\",\"image\":{\"@type\":\"ImageObject\",\"inLanguage\":\"bs-BA\",\"@id\":\"https:\/\/sandzakpress.net\/arhiva\/#\/schema\/person\/image\/\",\"url\":\"https:\/\/secure.gravatar.com\/avatar\/42263f39aa27ac04c43cab85c280eb2e?s=96&d=mm&r=pg\",\"contentUrl\":\"https:\/\/secure.gravatar.com\/avatar\/42263f39aa27ac04c43cab85c280eb2e?s=96&d=mm&r=pg\",\"caption\":\"Kul\"},\"logo\":{\"@id\":\"https:\/\/sandzakpress.net\/arhiva\/#\/schema\/person\/image\/\"}},{\"@type\":\"Person\",\"@id\":\"https:\/\/sandzakpress.net\/arhiva\/#\/schema\/person\/c8baee722073534b583ea7bdb2e36c02\",\"name\":\"bosniak\",\"image\":{\"@type\":\"ImageObject\",\"inLanguage\":\"bs-BA\",\"@id\":\"https:\/\/sandzakpress.net\/arhiva\/#\/schema\/person\/image\/\",\"url\":\"https:\/\/secure.gravatar.com\/avatar\/a04fd330bfe3a36a72a0ad4a6d89fca7?s=96&d=mm&r=pg\",\"contentUrl\":\"https:\/\/secure.gravatar.com\/avatar\/a04fd330bfe3a36a72a0ad4a6d89fca7?s=96&d=mm&r=pg\",\"caption\":\"bosniak\"},\"url\":\"https:\/\/sandzakpress.net\/arhiva\/author\/bosniak\/\"}]}<\/script>\n<!-- \/ Yoast SEO Premium plugin. -->","yoast_head_json":{"title":"\u0160ahmanovi\u0107: 'Nisam u Njujorku obe\u0107ao deklaraciju potomaka \u017ertava genocida'","robots":{"index":"index","follow":"follow","max-snippet":"max-snippet:-1","max-image-preview":"max-image-preview:large","max-video-preview":"max-video-preview:-1"},"canonical":"https:\/\/sandzakpress.net\/arhiva\/sahmanovic-nisam-u-njujorku-obecao-deklaraciju-potomaka-zrtava-genocida\/","og_locale":"bs_BA","og_type":"article","og_title":"\u0160ahmanovi\u0107: 'Nisam u Njujorku obe\u0107ao deklaraciju potomaka \u017ertava genocida'","og_description":"Amerika, Plav &#8211; &#8220;Koliko god da je bolno, treba o ovom i sli\u010dnim zlo\u010dinima dr\u017eave i dr\u017eavnog rukovodstva otvoreno razgovarati&#8221; Odbor za obilje\u017eavanje stogodi\u0161njice genocida nad Bo\u0161njacima i Albancima iz Plava i Gusinja stradalim 1912. i 1913. godine iz Njujorka napao je \u010delnike Plava \u0161to u Skup\u0161tini op\u0161tine nijesu uvrstili u dnevni red deklaraciju potomaka [&hellip;]","og_url":"https:\/\/sandzakpress.net\/arhiva\/sahmanovic-nisam-u-njujorku-obecao-deklaraciju-potomaka-zrtava-genocida\/","og_site_name":"Sand\u017eak PRESS","article_published_time":"2013-04-19T15:00:53+00:00","article_modified_time":"2013-04-20T17:45:16+00:00","og_image":[{"width":391,"height":227,"url":"https:\/\/sandzakpress.net\/arhiva\/wp-content\/uploads\/2013\/04\/sahmanovic-nisam-njujorku-obecao-deklaraciju-potomaka-zrtava-genocida-slika-240710.jpg","type":"image\/jpeg"}],"author":"bosniak","twitter_card":"summary_large_image","twitter_misc":{"Written by":"bosniak","Est. reading time":"2 minute"},"schema":{"@context":"https:\/\/schema.org","@graph":[{"@type":"Article","@id":"https:\/\/sandzakpress.net\/arhiva\/sahmanovic-nisam-u-njujorku-obecao-deklaraciju-potomaka-zrtava-genocida\/#article","isPartOf":{"@id":"https:\/\/sandzakpress.net\/arhiva\/sahmanovic-nisam-u-njujorku-obecao-deklaraciju-potomaka-zrtava-genocida\/"},"author":{"name":"bosniak","@id":"https:\/\/sandzakpress.net\/arhiva\/#\/schema\/person\/c8baee722073534b583ea7bdb2e36c02"},"headline":"\u0160ahmanovi\u0107: &#8216;Nisam u Njujorku obe\u0107ao deklaraciju potomaka \u017ertava genocida&#8217;","datePublished":"2013-04-19T15:00:53+00:00","dateModified":"2013-04-20T17:45:16+00:00","mainEntityOfPage":{"@id":"https:\/\/sandzakpress.net\/arhiva\/sahmanovic-nisam-u-njujorku-obecao-deklaraciju-potomaka-zrtava-genocida\/"},"wordCount":387,"commentCount":2,"publisher":{"@id":"https:\/\/sandzakpress.net\/arhiva\/#\/schema\/person\/6e72b67d6e51910a1117b3b483ba20bd"},"image":{"@id":"https:\/\/sandzakpress.net\/arhiva\/sahmanovic-nisam-u-njujorku-obecao-deklaraciju-potomaka-zrtava-genocida\/#primaryimage"},"thumbnailUrl":"https:\/\/sandzakpress.net\/arhiva\/wp-content\/uploads\/2013\/04\/sahmanovic-nisam-njujorku-obecao-deklaraciju-potomaka-zrtava-genocida-slika-240710.jpg","articleSection":["Politika","Plav"],"inLanguage":"bs-BA","potentialAction":[{"@type":"CommentAction","name":"Comment","target":["https:\/\/sandzakpress.net\/arhiva\/sahmanovic-nisam-u-njujorku-obecao-deklaraciju-potomaka-zrtava-genocida\/#respond"]}]},{"@type":"WebPage","@id":"https:\/\/sandzakpress.net\/arhiva\/sahmanovic-nisam-u-njujorku-obecao-deklaraciju-potomaka-zrtava-genocida\/","url":"https:\/\/sandzakpress.net\/arhiva\/sahmanovic-nisam-u-njujorku-obecao-deklaraciju-potomaka-zrtava-genocida\/","name":"\u0160ahmanovi\u0107: 'Nisam u Njujorku obe\u0107ao deklaraciju potomaka \u017ertava genocida'","isPartOf":{"@id":"https:\/\/sandzakpress.net\/arhiva\/#website"},"primaryImageOfPage":{"@id":"https:\/\/sandzakpress.net\/arhiva\/sahmanovic-nisam-u-njujorku-obecao-deklaraciju-potomaka-zrtava-genocida\/#primaryimage"},"image":{"@id":"https:\/\/sandzakpress.net\/arhiva\/sahmanovic-nisam-u-njujorku-obecao-deklaraciju-potomaka-zrtava-genocida\/#primaryimage"},"thumbnailUrl":"https:\/\/sandzakpress.net\/arhiva\/wp-content\/uploads\/2013\/04\/sahmanovic-nisam-njujorku-obecao-deklaraciju-potomaka-zrtava-genocida-slika-240710.jpg","datePublished":"2013-04-19T15:00:53+00:00","dateModified":"2013-04-20T17:45:16+00:00","breadcrumb":{"@id":"https:\/\/sandzakpress.net\/arhiva\/sahmanovic-nisam-u-njujorku-obecao-deklaraciju-potomaka-zrtava-genocida\/#breadcrumb"},"inLanguage":"bs-BA","potentialAction":[{"@type":"ReadAction","target":["https:\/\/sandzakpress.net\/arhiva\/sahmanovic-nisam-u-njujorku-obecao-deklaraciju-potomaka-zrtava-genocida\/"]}]},{"@type":"ImageObject","inLanguage":"bs-BA","@id":"https:\/\/sandzakpress.net\/arhiva\/sahmanovic-nisam-u-njujorku-obecao-deklaraciju-potomaka-zrtava-genocida\/#primaryimage","url":"https:\/\/sandzakpress.net\/arhiva\/wp-content\/uploads\/2013\/04\/sahmanovic-nisam-njujorku-obecao-deklaraciju-potomaka-zrtava-genocida-slika-240710.jpg","contentUrl":"https:\/\/sandzakpress.net\/arhiva\/wp-content\/uploads\/2013\/04\/sahmanovic-nisam-njujorku-obecao-deklaraciju-potomaka-zrtava-genocida-slika-240710.jpg","width":391,"height":227},{"@type":"BreadcrumbList","@id":"https:\/\/sandzakpress.net\/arhiva\/sahmanovic-nisam-u-njujorku-obecao-deklaraciju-potomaka-zrtava-genocida\/#breadcrumb","itemListElement":[{"@type":"ListItem","position":1,"name":"Home","item":"https:\/\/sandzakpress.net\/arhiva\/"},{"@type":"ListItem","position":2,"name":"\u0160ahmanovi\u0107: &#8216;Nisam u Njujorku obe\u0107ao deklaraciju potomaka \u017ertava genocida&#8217;"}]},{"@type":"WebSite","@id":"https:\/\/sandzakpress.net\/arhiva\/#website","url":"https:\/\/sandzakpress.net\/arhiva\/","name":"Sand\u017eak PRESS","description":"Prve elektronske novine u Sand\u017eaku","publisher":{"@id":"https:\/\/sandzakpress.net\/arhiva\/#\/schema\/person\/6e72b67d6e51910a1117b3b483ba20bd"},"potentialAction":[{"@type":"SearchAction","target":{"@type":"EntryPoint","urlTemplate":"https:\/\/sandzakpress.net\/arhiva\/?s={search_term_string}"},"query-input":{"@type":"PropertyValueSpecification","valueRequired":true,"valueName":"search_term_string"}}],"inLanguage":"bs-BA"},{"@type":["Person","Organization"],"@id":"https:\/\/sandzakpress.net\/arhiva\/#\/schema\/person\/6e72b67d6e51910a1117b3b483ba20bd","name":"Kul","image":{"@type":"ImageObject","inLanguage":"bs-BA","@id":"https:\/\/sandzakpress.net\/arhiva\/#\/schema\/person\/image\/","url":"https:\/\/secure.gravatar.com\/avatar\/42263f39aa27ac04c43cab85c280eb2e?s=96&d=mm&r=pg","contentUrl":"https:\/\/secure.gravatar.com\/avatar\/42263f39aa27ac04c43cab85c280eb2e?s=96&d=mm&r=pg","caption":"Kul"},"logo":{"@id":"https:\/\/sandzakpress.net\/arhiva\/#\/schema\/person\/image\/"}},{"@type":"Person","@id":"https:\/\/sandzakpress.net\/arhiva\/#\/schema\/person\/c8baee722073534b583ea7bdb2e36c02","name":"bosniak","image":{"@type":"ImageObject","inLanguage":"bs-BA","@id":"https:\/\/sandzakpress.net\/arhiva\/#\/schema\/person\/image\/","url":"https:\/\/secure.gravatar.com\/avatar\/a04fd330bfe3a36a72a0ad4a6d89fca7?s=96&d=mm&r=pg","contentUrl":"https:\/\/secure.gravatar.com\/avatar\/a04fd330bfe3a36a72a0ad4a6d89fca7?s=96&d=mm&r=pg","caption":"bosniak"},"url":"https:\/\/sandzakpress.net\/arhiva\/author\/bosniak\/"}]}},"_links":{"self":[{"href":"https:\/\/sandzakpress.net\/arhiva\/wp-json\/wp\/v2\/posts\/73391"}],"collection":[{"href":"https:\/\/sandzakpress.net\/arhiva\/wp-json\/wp\/v2\/posts"}],"about":[{"href":"https:\/\/sandzakpress.net\/arhiva\/wp-json\/wp\/v2\/types\/post"}],"author":[{"embeddable":true,"href":"https:\/\/sandzakpress.net\/arhiva\/wp-json\/wp\/v2\/users\/83"}],"replies":[{"embeddable":true,"href":"https:\/\/sandzakpress.net\/arhiva\/wp-json\/wp\/v2\/comments?post=73391"}],"version-history":[{"count":0,"href":"https:\/\/sandzakpress.net\/arhiva\/wp-json\/wp\/v2\/posts\/73391\/revisions"}],"wp:featuredmedia":[{"embeddable":true,"href":"https:\/\/sandzakpress.net\/arhiva\/wp-json\/wp\/v2\/media\/73392"}],"wp:attachment":[{"href":"https:\/\/sandzakpress.net\/arhiva\/wp-json\/wp\/v2\/media?parent=73391"}],"wp:term":[{"taxonomy":"category","embeddable":true,"href":"https:\/\/sandzakpress.net\/arhiva\/wp-json\/wp\/v2\/categories?post=73391"},{"taxonomy":"post_tag","embeddable":true,"href":"https:\/\/sandzakpress.net\/arhiva\/wp-json\/wp\/v2\/tags?post=73391"}],"curies":[{"name":"wp","href":"https:\/\/api.w.org\/{rel}","templated":true}]}}