{"id":73069,"date":"2013-04-16T14:50:26","date_gmt":"2013-04-16T12:50:26","guid":{"rendered":"https:\/\/sandzakpress.net\/arhiva\/?p=73069"},"modified":"2013-04-16T14:50:26","modified_gmt":"2013-04-16T12:50:26","slug":"francuska-kukasti-krst-i-svinjska-glava-u-dzamiji","status":"publish","type":"post","link":"https:\/\/sandzakpress.net\/arhiva\/francuska-kukasti-krst-i-svinjska-glava-u-dzamiji\/","title":{"rendered":"Francuska: Kukasti krst i svinjska glava u d\u017eamiji"},"content":{"rendered":"<p><strong><a href=\"https:\/\/sandzakpress.net\/arhiva\/wp-content\/uploads\/2013\/04\/kukasti-krst.jpg\"><img loading=\"lazy\" decoding=\"async\" class=\"alignleft size-full wp-image-73070\" title=\"kukasti-krst\" src=\"https:\/\/sandzakpress.net\/arhiva\/wp-content\/uploads\/2013\/04\/kukasti-krst.jpg\" alt=\"\" width=\"280\" height=\"210\" \/><\/a>Francuska &#8211; Francuska policija je pokrenula istragu nakon \u0161to su nepoznata lica ostavila svinjsku glavu u d\u017eamiji u izgradnji u blizini Pariza i na zidu nacrtali nacisti\u010dki kukasti krst.<\/strong><\/p>\n<div>\n<div>Muslimanske grupe i francuske vlasti osudile su ovaj vandalski \u010din kao islamofobski i rasisti\u010dki napad.<\/div>\n<div><\/div>\n<div>D\u017eamija, koja se gradi u gradu Meuse u blizini Pariza, trebalo bi da bude zavr\u0161ena u julu.<\/div>\n<div><\/div>\n<div>&#8220;Vandali su ostavili svinjsku glavu i nacrtali nacisti\u010dki kukasti krst&#8221;, potvrdio je Abdalah Zekri, predsjednik francuske Opservatorije islamofobije agenciji France press.<\/div>\n<div><\/div>\n<div>On je pozvao na o\u0161tre kazne za po\u010dinioce, rekav\u0161i da se ovo doga\u0111a po ko zna koji put.<\/div>\n<div><\/div>\n<div>Prema zakonima u Francuskoj, za ovakva krivi\u010dna djela slijedi ili godinu dana zatvora ili nov\u010dana kazna od 45.000 eura.<\/div>\n<div>Gradona\u010delnik grada Meuse Franck Riester osudio je napade kao &#8220;neprihvatljive&#8221;, pozivaju\u0107i na smirivanje tenzija i po\u0161tovanje svakog gra\u0111anina, bez obzira na vjeroispovjest.<\/div>\n<div><\/div>\n<div>U februaru, na zidu d\u017eamije u blizini Pariza osvanulo je vi\u0161e kukastih krstova nacrtanih crvenom bojom, podsje\u0107aju francuski mediji.<\/div>\n<\/div>\n<div><\/div>\n<div>(Info-KS)<\/div>\n","protected":false},"excerpt":{"rendered":"<p>Francuska &#8211; Francuska policija je pokrenula istragu nakon \u0161to su nepoznata lica ostavila svinjsku glavu u d\u017eamiji u izgradnji u blizini Pariza i na zidu nacrtali nacisti\u010dki kukasti krst. Muslimanske grupe i francuske vlasti osudile su ovaj vandalski \u010din kao islamofobski i rasisti\u010dki napad. D\u017eamija, koja se gradi u gradu Meuse u blizini Pariza, trebalo [&hellip;]<\/p>\n","protected":false},"author":16,"featured_media":73070,"comment_status":"open","ping_status":"open","sticky":false,"template":"","format":"standard","meta":{"footnotes":""},"categories":[9550,801],"tags":[],"class_list":{"0":"post-73069","1":"post","2":"type-post","3":"status-publish","4":"format-standard","5":"has-post-thumbnail","7":"category-francuska-dijaspora-gradovi-vase-vijesti","8":"category-crna_hronika"},"yoast_head":"<!-- This site is optimized with the Yoast SEO Premium plugin v23.1 (Yoast SEO v24.9) - https:\/\/yoast.com\/wordpress\/plugins\/seo\/ -->\n<title>Francuska: Kukasti krst i svinjska glava u d\u017eamiji<\/title>\n<meta name=\"robots\" content=\"index, follow, max-snippet:-1, max-image-preview:large, max-video-preview:-1\" \/>\n<link rel=\"canonical\" href=\"https:\/\/sandzakpress.net\/arhiva\/francuska-kukasti-krst-i-svinjska-glava-u-dzamiji\/\" \/>\n<meta property=\"og:locale\" content=\"bs_BA\" \/>\n<meta property=\"og:type\" content=\"article\" \/>\n<meta property=\"og:title\" content=\"Francuska: Kukasti krst i svinjska glava u d\u017eamiji\" \/>\n<meta property=\"og:description\" content=\"Francuska &#8211; Francuska policija je pokrenula istragu nakon \u0161to su nepoznata lica ostavila svinjsku glavu u d\u017eamiji u izgradnji u blizini Pariza i na zidu nacrtali nacisti\u010dki kukasti krst. Muslimanske grupe i francuske vlasti osudile su ovaj vandalski \u010din kao islamofobski i rasisti\u010dki napad. D\u017eamija, koja se gradi u gradu Meuse u blizini Pariza, trebalo [&hellip;]\" \/>\n<meta property=\"og:url\" content=\"https:\/\/sandzakpress.net\/arhiva\/francuska-kukasti-krst-i-svinjska-glava-u-dzamiji\/\" \/>\n<meta property=\"og:site_name\" content=\"Sand\u017eak PRESS\" \/>\n<meta property=\"article:published_time\" content=\"2013-04-16T12:50:26+00:00\" \/>\n<meta property=\"og:image\" content=\"https:\/\/sandzakpress.net\/arhiva\/wp-content\/uploads\/2013\/04\/kukasti-krst.jpg\" \/>\n\t<meta property=\"og:image:width\" content=\"280\" \/>\n\t<meta property=\"og:image:height\" content=\"210\" \/>\n\t<meta property=\"og:image:type\" content=\"image\/jpeg\" \/>\n<meta name=\"twitter:card\" content=\"summary_large_image\" \/>\n<meta name=\"twitter:label1\" content=\"Written by\" \/>\n\t<meta name=\"twitter:data1\" content=\"\" \/>\n\t<meta name=\"twitter:label2\" content=\"Est. reading time\" \/>\n\t<meta name=\"twitter:data2\" content=\"1 minuta\" \/>\n<script type=\"application\/ld+json\" class=\"yoast-schema-graph\">{\"@context\":\"https:\/\/schema.org\",\"@graph\":[{\"@type\":\"Article\",\"@id\":\"https:\/\/sandzakpress.net\/arhiva\/francuska-kukasti-krst-i-svinjska-glava-u-dzamiji\/#article\",\"isPartOf\":{\"@id\":\"https:\/\/sandzakpress.net\/arhiva\/francuska-kukasti-krst-i-svinjska-glava-u-dzamiji\/\"},\"author\":{\"name\":\"\",\"@id\":\"\"},\"headline\":\"Francuska: Kukasti krst i svinjska glava u d\u017eamiji\",\"datePublished\":\"2013-04-16T12:50:26+00:00\",\"mainEntityOfPage\":{\"@id\":\"https:\/\/sandzakpress.net\/arhiva\/francuska-kukasti-krst-i-svinjska-glava-u-dzamiji\/\"},\"wordCount\":188,\"commentCount\":0,\"publisher\":{\"@id\":\"https:\/\/sandzakpress.net\/arhiva\/#\/schema\/person\/6e72b67d6e51910a1117b3b483ba20bd\"},\"image\":{\"@id\":\"https:\/\/sandzakpress.net\/arhiva\/francuska-kukasti-krst-i-svinjska-glava-u-dzamiji\/#primaryimage\"},\"thumbnailUrl\":\"https:\/\/sandzakpress.net\/arhiva\/wp-content\/uploads\/2013\/04\/kukasti-krst.jpg\",\"articleSection\":[\"Francuska\",\"Hronika\"],\"inLanguage\":\"bs-BA\",\"potentialAction\":[{\"@type\":\"CommentAction\",\"name\":\"Comment\",\"target\":[\"https:\/\/sandzakpress.net\/arhiva\/francuska-kukasti-krst-i-svinjska-glava-u-dzamiji\/#respond\"]}]},{\"@type\":\"WebPage\",\"@id\":\"https:\/\/sandzakpress.net\/arhiva\/francuska-kukasti-krst-i-svinjska-glava-u-dzamiji\/\",\"url\":\"https:\/\/sandzakpress.net\/arhiva\/francuska-kukasti-krst-i-svinjska-glava-u-dzamiji\/\",\"name\":\"Francuska: Kukasti krst i svinjska glava u d\u017eamiji\",\"isPartOf\":{\"@id\":\"https:\/\/sandzakpress.net\/arhiva\/#website\"},\"primaryImageOfPage\":{\"@id\":\"https:\/\/sandzakpress.net\/arhiva\/francuska-kukasti-krst-i-svinjska-glava-u-dzamiji\/#primaryimage\"},\"image\":{\"@id\":\"https:\/\/sandzakpress.net\/arhiva\/francuska-kukasti-krst-i-svinjska-glava-u-dzamiji\/#primaryimage\"},\"thumbnailUrl\":\"https:\/\/sandzakpress.net\/arhiva\/wp-content\/uploads\/2013\/04\/kukasti-krst.jpg\",\"datePublished\":\"2013-04-16T12:50:26+00:00\",\"breadcrumb\":{\"@id\":\"https:\/\/sandzakpress.net\/arhiva\/francuska-kukasti-krst-i-svinjska-glava-u-dzamiji\/#breadcrumb\"},\"inLanguage\":\"bs-BA\",\"potentialAction\":[{\"@type\":\"ReadAction\",\"target\":[\"https:\/\/sandzakpress.net\/arhiva\/francuska-kukasti-krst-i-svinjska-glava-u-dzamiji\/\"]}]},{\"@type\":\"ImageObject\",\"inLanguage\":\"bs-BA\",\"@id\":\"https:\/\/sandzakpress.net\/arhiva\/francuska-kukasti-krst-i-svinjska-glava-u-dzamiji\/#primaryimage\",\"url\":\"https:\/\/sandzakpress.net\/arhiva\/wp-content\/uploads\/2013\/04\/kukasti-krst.jpg\",\"contentUrl\":\"https:\/\/sandzakpress.net\/arhiva\/wp-content\/uploads\/2013\/04\/kukasti-krst.jpg\",\"width\":280,\"height\":210},{\"@type\":\"BreadcrumbList\",\"@id\":\"https:\/\/sandzakpress.net\/arhiva\/francuska-kukasti-krst-i-svinjska-glava-u-dzamiji\/#breadcrumb\",\"itemListElement\":[{\"@type\":\"ListItem\",\"position\":1,\"name\":\"Home\",\"item\":\"https:\/\/sandzakpress.net\/arhiva\/\"},{\"@type\":\"ListItem\",\"position\":2,\"name\":\"Francuska: Kukasti krst i svinjska glava u d\u017eamiji\"}]},{\"@type\":\"WebSite\",\"@id\":\"https:\/\/sandzakpress.net\/arhiva\/#website\",\"url\":\"https:\/\/sandzakpress.net\/arhiva\/\",\"name\":\"Sand\u017eak PRESS\",\"description\":\"Prve elektronske novine u Sand\u017eaku\",\"publisher\":{\"@id\":\"https:\/\/sandzakpress.net\/arhiva\/#\/schema\/person\/6e72b67d6e51910a1117b3b483ba20bd\"},\"potentialAction\":[{\"@type\":\"SearchAction\",\"target\":{\"@type\":\"EntryPoint\",\"urlTemplate\":\"https:\/\/sandzakpress.net\/arhiva\/?s={search_term_string}\"},\"query-input\":{\"@type\":\"PropertyValueSpecification\",\"valueRequired\":true,\"valueName\":\"search_term_string\"}}],\"inLanguage\":\"bs-BA\"},{\"@type\":[\"Person\",\"Organization\"],\"@id\":\"https:\/\/sandzakpress.net\/arhiva\/#\/schema\/person\/6e72b67d6e51910a1117b3b483ba20bd\",\"name\":\"Kul\",\"image\":{\"@type\":\"ImageObject\",\"inLanguage\":\"bs-BA\",\"@id\":\"https:\/\/sandzakpress.net\/arhiva\/#\/schema\/person\/image\/\",\"url\":\"https:\/\/secure.gravatar.com\/avatar\/42263f39aa27ac04c43cab85c280eb2e?s=96&d=mm&r=pg\",\"contentUrl\":\"https:\/\/secure.gravatar.com\/avatar\/42263f39aa27ac04c43cab85c280eb2e?s=96&d=mm&r=pg\",\"caption\":\"Kul\"},\"logo\":{\"@id\":\"https:\/\/sandzakpress.net\/arhiva\/#\/schema\/person\/image\/\"}},{\"@type\":\"Person\",\"@id\":\"\",\"url\":\"https:\/\/sandzakpress.net\/arhiva\/author\/\"}]}<\/script>\n<!-- \/ Yoast SEO Premium plugin. -->","yoast_head_json":{"title":"Francuska: Kukasti krst i svinjska glava u d\u017eamiji","robots":{"index":"index","follow":"follow","max-snippet":"max-snippet:-1","max-image-preview":"max-image-preview:large","max-video-preview":"max-video-preview:-1"},"canonical":"https:\/\/sandzakpress.net\/arhiva\/francuska-kukasti-krst-i-svinjska-glava-u-dzamiji\/","og_locale":"bs_BA","og_type":"article","og_title":"Francuska: Kukasti krst i svinjska glava u d\u017eamiji","og_description":"Francuska &#8211; Francuska policija je pokrenula istragu nakon \u0161to su nepoznata lica ostavila svinjsku glavu u d\u017eamiji u izgradnji u blizini Pariza i na zidu nacrtali nacisti\u010dki kukasti krst. Muslimanske grupe i francuske vlasti osudile su ovaj vandalski \u010din kao islamofobski i rasisti\u010dki napad. D\u017eamija, koja se gradi u gradu Meuse u blizini Pariza, trebalo [&hellip;]","og_url":"https:\/\/sandzakpress.net\/arhiva\/francuska-kukasti-krst-i-svinjska-glava-u-dzamiji\/","og_site_name":"Sand\u017eak PRESS","article_published_time":"2013-04-16T12:50:26+00:00","og_image":[{"width":280,"height":210,"url":"https:\/\/sandzakpress.net\/arhiva\/wp-content\/uploads\/2013\/04\/kukasti-krst.jpg","type":"image\/jpeg"}],"twitter_card":"summary_large_image","twitter_misc":{"Written by":"","Est. reading time":"1 minuta"},"schema":{"@context":"https:\/\/schema.org","@graph":[{"@type":"Article","@id":"https:\/\/sandzakpress.net\/arhiva\/francuska-kukasti-krst-i-svinjska-glava-u-dzamiji\/#article","isPartOf":{"@id":"https:\/\/sandzakpress.net\/arhiva\/francuska-kukasti-krst-i-svinjska-glava-u-dzamiji\/"},"author":{"name":"","@id":""},"headline":"Francuska: Kukasti krst i svinjska glava u d\u017eamiji","datePublished":"2013-04-16T12:50:26+00:00","mainEntityOfPage":{"@id":"https:\/\/sandzakpress.net\/arhiva\/francuska-kukasti-krst-i-svinjska-glava-u-dzamiji\/"},"wordCount":188,"commentCount":0,"publisher":{"@id":"https:\/\/sandzakpress.net\/arhiva\/#\/schema\/person\/6e72b67d6e51910a1117b3b483ba20bd"},"image":{"@id":"https:\/\/sandzakpress.net\/arhiva\/francuska-kukasti-krst-i-svinjska-glava-u-dzamiji\/#primaryimage"},"thumbnailUrl":"https:\/\/sandzakpress.net\/arhiva\/wp-content\/uploads\/2013\/04\/kukasti-krst.jpg","articleSection":["Francuska","Hronika"],"inLanguage":"bs-BA","potentialAction":[{"@type":"CommentAction","name":"Comment","target":["https:\/\/sandzakpress.net\/arhiva\/francuska-kukasti-krst-i-svinjska-glava-u-dzamiji\/#respond"]}]},{"@type":"WebPage","@id":"https:\/\/sandzakpress.net\/arhiva\/francuska-kukasti-krst-i-svinjska-glava-u-dzamiji\/","url":"https:\/\/sandzakpress.net\/arhiva\/francuska-kukasti-krst-i-svinjska-glava-u-dzamiji\/","name":"Francuska: Kukasti krst i svinjska glava u d\u017eamiji","isPartOf":{"@id":"https:\/\/sandzakpress.net\/arhiva\/#website"},"primaryImageOfPage":{"@id":"https:\/\/sandzakpress.net\/arhiva\/francuska-kukasti-krst-i-svinjska-glava-u-dzamiji\/#primaryimage"},"image":{"@id":"https:\/\/sandzakpress.net\/arhiva\/francuska-kukasti-krst-i-svinjska-glava-u-dzamiji\/#primaryimage"},"thumbnailUrl":"https:\/\/sandzakpress.net\/arhiva\/wp-content\/uploads\/2013\/04\/kukasti-krst.jpg","datePublished":"2013-04-16T12:50:26+00:00","breadcrumb":{"@id":"https:\/\/sandzakpress.net\/arhiva\/francuska-kukasti-krst-i-svinjska-glava-u-dzamiji\/#breadcrumb"},"inLanguage":"bs-BA","potentialAction":[{"@type":"ReadAction","target":["https:\/\/sandzakpress.net\/arhiva\/francuska-kukasti-krst-i-svinjska-glava-u-dzamiji\/"]}]},{"@type":"ImageObject","inLanguage":"bs-BA","@id":"https:\/\/sandzakpress.net\/arhiva\/francuska-kukasti-krst-i-svinjska-glava-u-dzamiji\/#primaryimage","url":"https:\/\/sandzakpress.net\/arhiva\/wp-content\/uploads\/2013\/04\/kukasti-krst.jpg","contentUrl":"https:\/\/sandzakpress.net\/arhiva\/wp-content\/uploads\/2013\/04\/kukasti-krst.jpg","width":280,"height":210},{"@type":"BreadcrumbList","@id":"https:\/\/sandzakpress.net\/arhiva\/francuska-kukasti-krst-i-svinjska-glava-u-dzamiji\/#breadcrumb","itemListElement":[{"@type":"ListItem","position":1,"name":"Home","item":"https:\/\/sandzakpress.net\/arhiva\/"},{"@type":"ListItem","position":2,"name":"Francuska: Kukasti krst i svinjska glava u d\u017eamiji"}]},{"@type":"WebSite","@id":"https:\/\/sandzakpress.net\/arhiva\/#website","url":"https:\/\/sandzakpress.net\/arhiva\/","name":"Sand\u017eak PRESS","description":"Prve elektronske novine u Sand\u017eaku","publisher":{"@id":"https:\/\/sandzakpress.net\/arhiva\/#\/schema\/person\/6e72b67d6e51910a1117b3b483ba20bd"},"potentialAction":[{"@type":"SearchAction","target":{"@type":"EntryPoint","urlTemplate":"https:\/\/sandzakpress.net\/arhiva\/?s={search_term_string}"},"query-input":{"@type":"PropertyValueSpecification","valueRequired":true,"valueName":"search_term_string"}}],"inLanguage":"bs-BA"},{"@type":["Person","Organization"],"@id":"https:\/\/sandzakpress.net\/arhiva\/#\/schema\/person\/6e72b67d6e51910a1117b3b483ba20bd","name":"Kul","image":{"@type":"ImageObject","inLanguage":"bs-BA","@id":"https:\/\/sandzakpress.net\/arhiva\/#\/schema\/person\/image\/","url":"https:\/\/secure.gravatar.com\/avatar\/42263f39aa27ac04c43cab85c280eb2e?s=96&d=mm&r=pg","contentUrl":"https:\/\/secure.gravatar.com\/avatar\/42263f39aa27ac04c43cab85c280eb2e?s=96&d=mm&r=pg","caption":"Kul"},"logo":{"@id":"https:\/\/sandzakpress.net\/arhiva\/#\/schema\/person\/image\/"}},{"@type":"Person","@id":"","url":"https:\/\/sandzakpress.net\/arhiva\/author\/"}]}},"_links":{"self":[{"href":"https:\/\/sandzakpress.net\/arhiva\/wp-json\/wp\/v2\/posts\/73069"}],"collection":[{"href":"https:\/\/sandzakpress.net\/arhiva\/wp-json\/wp\/v2\/posts"}],"about":[{"href":"https:\/\/sandzakpress.net\/arhiva\/wp-json\/wp\/v2\/types\/post"}],"author":[{"embeddable":true,"href":"https:\/\/sandzakpress.net\/arhiva\/wp-json\/wp\/v2\/users\/16"}],"replies":[{"embeddable":true,"href":"https:\/\/sandzakpress.net\/arhiva\/wp-json\/wp\/v2\/comments?post=73069"}],"version-history":[{"count":0,"href":"https:\/\/sandzakpress.net\/arhiva\/wp-json\/wp\/v2\/posts\/73069\/revisions"}],"wp:featuredmedia":[{"embeddable":true,"href":"https:\/\/sandzakpress.net\/arhiva\/wp-json\/wp\/v2\/media\/73070"}],"wp:attachment":[{"href":"https:\/\/sandzakpress.net\/arhiva\/wp-json\/wp\/v2\/media?parent=73069"}],"wp:term":[{"taxonomy":"category","embeddable":true,"href":"https:\/\/sandzakpress.net\/arhiva\/wp-json\/wp\/v2\/categories?post=73069"},{"taxonomy":"post_tag","embeddable":true,"href":"https:\/\/sandzakpress.net\/arhiva\/wp-json\/wp\/v2\/tags?post=73069"}],"curies":[{"name":"wp","href":"https:\/\/api.w.org\/{rel}","templated":true}]}}