{"id":7300,"date":"2010-08-31T23:03:58","date_gmt":"2010-08-31T23:03:58","guid":{"rendered":"https:\/\/sandzakpress.net\/arhiva\/?p=7300"},"modified":"2010-08-31T23:03:58","modified_gmt":"2010-08-31T23:03:58","slug":"dva-nova-granicna-prijelaza-u-sandzaku","status":"publish","type":"post","link":"https:\/\/sandzakpress.net\/arhiva\/dva-nova-granicna-prijelaza-u-sandzaku\/","title":{"rendered":"Dva nova grani\u010dna prijelaza u Sand\u017eaku"},"content":{"rendered":"<p><strong><a href=\"https:\/\/sandzakpress.net\/arhiva\/wp-content\/uploads\/2010\/08\/punkt_ocp_w380_h300.jpg\"><img loading=\"lazy\" decoding=\"async\" class=\"alignleft size-medium wp-image-7301\" title=\"punkt_ocp_w380_h300\" src=\"https:\/\/sandzakpress.net\/arhiva\/wp-content\/uploads\/2010\/08\/punkt_ocp_w380_h300-300x236.jpg\" alt=\"\" width=\"300\" height=\"236\" \/><\/a>Bijelo Polje, Ro\u017eaje &#8211; Delegacija Evropske unije u Crnoj Gori, Vlada Crne Gore i op\u0161tine Bijelo Polje i Ro\u017eaje po\u010deli su izgradnju grani\u010dnih prijelaza u Sand\u017eaku u Dobrakovu kod Bijelog Polja i Dra\u010denovac kod Ro\u017eaja, \u010dija je vrijednost vi\u0161e od tri miliona evra. <\/strong><\/p>\n<p>Na carinskom prijelazu u Dobrakovu bi\u0107e ura\u0111ene \u010detiri saobra\u0107ajne trake na ulazu i tri na izlazu. Tako\u0111er, bi\u0107e izgra\u0111eno oko 1.500 kvadrata administrativnog prostora za grani\u010dne slu\u017ebe. Izvo\u0111a\u010d radova je gra\u0111evinsko preduze\u0107e &#8220;Integral In\u017eenjering\u201d iz Banja Luke, koje \u0107e, prema rije\u010dima direktora Podru\u010dne jedinice Carine Bijelo Polje Veska Drobnjaka, radove zavr\u0161iti prije po\u010detka naredne turisti\u010dke sezone.<\/p>\n<p>&#8211; S obzirom na obim radova, ovdje se ne radi o rekonstrukciji, ve\u0107 o izgradnji novih prijelaza, a cilj je da se kvalitet rada i efikasnost na granici pobolj\u0161a, kako bi protok roba i ljudi, posebno u turisti\u010dkoj sezoni, zadovoljio ono \u0161to u\u010desnici u prometu \u017eele. U toku ove izgradnje regulisan je i protok saobra\u0107aja, tako da nemamo ve\u0107ih smetnji. Izvo\u0111a\u010di radova i grani\u010dne slu\u017ebe dnevno a\u017euriraju sve aktivnosti i mislim da \u0107emo uspjeti da se paralelno nesmetano odvija na\u0161 posao i vr\u0161i izgradnja punktova. Projekti koji su ura\u0111eni za ova dva prijelaza odgovaraju standardima Evropske unije, sa svim sadr\u017eajima koji prate ovakve prelaze, ka\u017ee Drobnjak.<\/p>\n<p>Na grani\u010dnom prijelazu u Dobrakovu saobra\u0107aj i carinske kontrole se obavljaju nesmetano i bez ve\u0107ih zastoja. Stariji policijski komesar prve klase u Ispostavi Grani\u010dne policije Bijelo Polje Veselin Novovi\u0107 ka\u017ee da je grani\u010dni prijelaz Dobrakovo najfrekventniji u Crnoj Gori, tako da je i sa tog stanovi\u0161ta va\u017eno da se na ovom mjestu napravi savremeni grani\u010dni prijelaz.<\/p>\n<p>&#8211; Pove\u0107anjem broja saobra\u0107ajnih traka bi\u0107e pove\u0107an i promet putnika i vozila i uslovit \u0107e manje zadr\u017eavanje na grani\u010dnom prijelazu. To je naro\u010dito va\u017eno u toku turisti\u010dke sezone, kada veliki broj putnika i vozila pre\u0111e dr\u017eavnu granicu. Tako\u0111er, i izgradnja novog objekta na grani\u010dnom prijelazu uslovit \u0107e bolje uslove rada grani\u010dnih slu\u017ebi, ka\u017ee Novovi\u0107.<\/p>\n<p>Ina\u010de, kako nagla\u0161avaju u bjelopoljskoj lokalnoj samoupravi, rekonstrukcija i modernizacija saobra\u0107ajne infrastrukture je strate\u0161ki cilj Crne Gore u valorizaciji turisti\u010dkog proizvoda.<\/p>\n<p>&#8211; Stvaranje pretpostavki za brzi protok roba kapitala i ljudi kao i brzi ekonomski rast u uspostavljanju evropskih standarda \u017eivota, zna\u010dajno se odslikava i u izgradnji i modernizaciji autoputeva i grani\u010dnih prijelaza, ka\u017ee direktor op\u0161tinskog Centra za informacioni si stem Vasko Radovi\u0107. On nagla\u0161ava da je, pored izgradnje grani\u010dnog prijelaza u Dobrakovu, za Bijelo Polje strate\u0161ki va\u017ena i izgradnja zaobilaznice.<\/p>\n<p>&#8211; Magistralni put\u00a0Beograd\u00a0&#8211; Bar trenutno prolazi kroz najfrekventnije jezgro grada u duz\u017eni od 17 kilometara. Izmje\u0161tanjem puta u du\u017eini od 5,5 kilometara \u0107emo dobiti savremenu saobra\u0107ajnicu, modernu putnu infrastrukturu uz koju se otvara puna mogu\u0107nost valorizacije prostora i zemlji\u0161ta za izgradnju objekata ekonomskog i stambenog sadr\u017eaja. S obzirom da je ovo putni pravac kojim godi\u0161nje pro\u0111e oko dva miliona automobila, svjesni smo \u010dinjenice da \u0107e biti izgra\u0111en zna\u010dajan dio objekata koji \u0107e slu\u017eiti u ugostiteljske i turisti\u010dke svrhe. Osim toga, izgradnjom zaobilaznice, smanjit \u0107e se broj saobra\u0107ajnih udesa na sada\u0161njoj trasi puta i pove\u0107at \u0107e se zdravstvena i ekolo\u0161ka za\u0161tita ljudi u centru grada.<\/p>\n<p>Izgradnjom novog punkta i zaobilaznice uspjet \u0107emo da valorizujemo sve potencijale zemlji\u0161ta koje je u dr\u017eavnoj, op\u0161tinskoj i privatnoj svojini. Na taj na\u010din \u0107emo pobolj\u0161ati kvalitet turisti\u010dkih usluga koje nudi Crna Gora i stvoriti bolje uslove za \u017eivot i rad stanovnika Bijelog Polja i gra\u0111ana Crne Gore, ka\u017ee Radovi\u0107.<\/p>\n<p>Izvor: <strong>Danas.rs<\/strong><\/p>\n","protected":false},"excerpt":{"rendered":"<p>Bijelo Polje, Ro\u017eaje &#8211; Delegacija Evropske unije u Crnoj Gori, Vlada Crne Gore i op\u0161tine Bijelo Polje i Ro\u017eaje po\u010deli su izgradnju grani\u010dnih prijelaza u Sand\u017eaku u Dobrakovu kod Bijelog Polja i Dra\u010denovac kod Ro\u017eaja, \u010dija je vrijednost vi\u0161e od tri miliona evra. Na carinskom prijelazu u Dobrakovu bi\u0107e ura\u0111ene \u010detiri saobra\u0107ajne trake na ulazu [&hellip;]<\/p>\n","protected":false},"author":83,"featured_media":7301,"comment_status":"open","ping_status":"open","sticky":false,"template":"","format":"standard","meta":{"footnotes":""},"categories":[398,3,396],"tags":[],"class_list":{"0":"post-7300","1":"post","2":"type-post","3":"status-publish","4":"format-standard","5":"has-post-thumbnail","7":"category-rozaje","8":"category-privreda","9":"category-bijelo_polje"},"yoast_head":"<!-- This site is optimized with the Yoast SEO Premium plugin v23.1 (Yoast SEO v24.9) - https:\/\/yoast.com\/wordpress\/plugins\/seo\/ -->\n<title>Dva nova grani\u010dna prijelaza u Sand\u017eaku<\/title>\n<meta name=\"robots\" content=\"index, follow, max-snippet:-1, max-image-preview:large, max-video-preview:-1\" \/>\n<link rel=\"canonical\" href=\"https:\/\/sandzakpress.net\/arhiva\/dva-nova-granicna-prijelaza-u-sandzaku\/\" \/>\n<meta property=\"og:locale\" content=\"bs_BA\" \/>\n<meta property=\"og:type\" content=\"article\" \/>\n<meta property=\"og:title\" content=\"Dva nova grani\u010dna prijelaza u Sand\u017eaku\" \/>\n<meta property=\"og:description\" content=\"Bijelo Polje, Ro\u017eaje &#8211; Delegacija Evropske unije u Crnoj Gori, Vlada Crne Gore i op\u0161tine Bijelo Polje i Ro\u017eaje po\u010deli su izgradnju grani\u010dnih prijelaza u Sand\u017eaku u Dobrakovu kod Bijelog Polja i Dra\u010denovac kod Ro\u017eaja, \u010dija je vrijednost vi\u0161e od tri miliona evra. Na carinskom prijelazu u Dobrakovu bi\u0107e ura\u0111ene \u010detiri saobra\u0107ajne trake na ulazu [&hellip;]\" \/>\n<meta property=\"og:url\" content=\"https:\/\/sandzakpress.net\/arhiva\/dva-nova-granicna-prijelaza-u-sandzaku\/\" \/>\n<meta property=\"og:site_name\" content=\"Sand\u017eak PRESS\" \/>\n<meta property=\"article:published_time\" content=\"2010-08-31T23:03:58+00:00\" \/>\n<meta property=\"og:image\" content=\"https:\/\/sandzakpress.net\/arhiva\/wp-content\/uploads\/2010\/08\/punkt_ocp_w380_h300.jpg\" \/>\n\t<meta property=\"og:image:width\" content=\"380\" \/>\n\t<meta property=\"og:image:height\" content=\"300\" \/>\n\t<meta property=\"og:image:type\" content=\"image\/jpeg\" \/>\n<meta name=\"author\" content=\"bosniak\" \/>\n<meta name=\"twitter:card\" content=\"summary_large_image\" \/>\n<meta name=\"twitter:label1\" content=\"Written by\" \/>\n\t<meta name=\"twitter:data1\" content=\"bosniak\" \/>\n\t<meta name=\"twitter:label2\" content=\"Est. reading time\" \/>\n\t<meta name=\"twitter:data2\" content=\"3 minute\" \/>\n<script type=\"application\/ld+json\" class=\"yoast-schema-graph\">{\"@context\":\"https:\/\/schema.org\",\"@graph\":[{\"@type\":\"Article\",\"@id\":\"https:\/\/sandzakpress.net\/arhiva\/dva-nova-granicna-prijelaza-u-sandzaku\/#article\",\"isPartOf\":{\"@id\":\"https:\/\/sandzakpress.net\/arhiva\/dva-nova-granicna-prijelaza-u-sandzaku\/\"},\"author\":{\"name\":\"bosniak\",\"@id\":\"https:\/\/sandzakpress.net\/arhiva\/#\/schema\/person\/c8baee722073534b583ea7bdb2e36c02\"},\"headline\":\"Dva nova grani\u010dna prijelaza u Sand\u017eaku\",\"datePublished\":\"2010-08-31T23:03:58+00:00\",\"mainEntityOfPage\":{\"@id\":\"https:\/\/sandzakpress.net\/arhiva\/dva-nova-granicna-prijelaza-u-sandzaku\/\"},\"wordCount\":663,\"commentCount\":1,\"publisher\":{\"@id\":\"https:\/\/sandzakpress.net\/arhiva\/#\/schema\/person\/6e72b67d6e51910a1117b3b483ba20bd\"},\"image\":{\"@id\":\"https:\/\/sandzakpress.net\/arhiva\/dva-nova-granicna-prijelaza-u-sandzaku\/#primaryimage\"},\"thumbnailUrl\":\"https:\/\/sandzakpress.net\/arhiva\/wp-content\/uploads\/2010\/08\/punkt_ocp_w380_h300.jpg\",\"articleSection\":[\"Ro\u017eaje\",\"Privreda\",\"Bijelo Polje\"],\"inLanguage\":\"bs-BA\",\"potentialAction\":[{\"@type\":\"CommentAction\",\"name\":\"Comment\",\"target\":[\"https:\/\/sandzakpress.net\/arhiva\/dva-nova-granicna-prijelaza-u-sandzaku\/#respond\"]}]},{\"@type\":\"WebPage\",\"@id\":\"https:\/\/sandzakpress.net\/arhiva\/dva-nova-granicna-prijelaza-u-sandzaku\/\",\"url\":\"https:\/\/sandzakpress.net\/arhiva\/dva-nova-granicna-prijelaza-u-sandzaku\/\",\"name\":\"Dva nova grani\u010dna prijelaza u Sand\u017eaku\",\"isPartOf\":{\"@id\":\"https:\/\/sandzakpress.net\/arhiva\/#website\"},\"primaryImageOfPage\":{\"@id\":\"https:\/\/sandzakpress.net\/arhiva\/dva-nova-granicna-prijelaza-u-sandzaku\/#primaryimage\"},\"image\":{\"@id\":\"https:\/\/sandzakpress.net\/arhiva\/dva-nova-granicna-prijelaza-u-sandzaku\/#primaryimage\"},\"thumbnailUrl\":\"https:\/\/sandzakpress.net\/arhiva\/wp-content\/uploads\/2010\/08\/punkt_ocp_w380_h300.jpg\",\"datePublished\":\"2010-08-31T23:03:58+00:00\",\"breadcrumb\":{\"@id\":\"https:\/\/sandzakpress.net\/arhiva\/dva-nova-granicna-prijelaza-u-sandzaku\/#breadcrumb\"},\"inLanguage\":\"bs-BA\",\"potentialAction\":[{\"@type\":\"ReadAction\",\"target\":[\"https:\/\/sandzakpress.net\/arhiva\/dva-nova-granicna-prijelaza-u-sandzaku\/\"]}]},{\"@type\":\"ImageObject\",\"inLanguage\":\"bs-BA\",\"@id\":\"https:\/\/sandzakpress.net\/arhiva\/dva-nova-granicna-prijelaza-u-sandzaku\/#primaryimage\",\"url\":\"https:\/\/sandzakpress.net\/arhiva\/wp-content\/uploads\/2010\/08\/punkt_ocp_w380_h300.jpg\",\"contentUrl\":\"https:\/\/sandzakpress.net\/arhiva\/wp-content\/uploads\/2010\/08\/punkt_ocp_w380_h300.jpg\",\"width\":380,\"height\":300},{\"@type\":\"BreadcrumbList\",\"@id\":\"https:\/\/sandzakpress.net\/arhiva\/dva-nova-granicna-prijelaza-u-sandzaku\/#breadcrumb\",\"itemListElement\":[{\"@type\":\"ListItem\",\"position\":1,\"name\":\"Home\",\"item\":\"https:\/\/sandzakpress.net\/arhiva\/\"},{\"@type\":\"ListItem\",\"position\":2,\"name\":\"Dva nova grani\u010dna prijelaza u Sand\u017eaku\"}]},{\"@type\":\"WebSite\",\"@id\":\"https:\/\/sandzakpress.net\/arhiva\/#website\",\"url\":\"https:\/\/sandzakpress.net\/arhiva\/\",\"name\":\"Sand\u017eak PRESS\",\"description\":\"Prve elektronske novine u Sand\u017eaku\",\"publisher\":{\"@id\":\"https:\/\/sandzakpress.net\/arhiva\/#\/schema\/person\/6e72b67d6e51910a1117b3b483ba20bd\"},\"potentialAction\":[{\"@type\":\"SearchAction\",\"target\":{\"@type\":\"EntryPoint\",\"urlTemplate\":\"https:\/\/sandzakpress.net\/arhiva\/?s={search_term_string}\"},\"query-input\":{\"@type\":\"PropertyValueSpecification\",\"valueRequired\":true,\"valueName\":\"search_term_string\"}}],\"inLanguage\":\"bs-BA\"},{\"@type\":[\"Person\",\"Organization\"],\"@id\":\"https:\/\/sandzakpress.net\/arhiva\/#\/schema\/person\/6e72b67d6e51910a1117b3b483ba20bd\",\"name\":\"Kul\",\"image\":{\"@type\":\"ImageObject\",\"inLanguage\":\"bs-BA\",\"@id\":\"https:\/\/sandzakpress.net\/arhiva\/#\/schema\/person\/image\/\",\"url\":\"https:\/\/secure.gravatar.com\/avatar\/42263f39aa27ac04c43cab85c280eb2e?s=96&d=mm&r=pg\",\"contentUrl\":\"https:\/\/secure.gravatar.com\/avatar\/42263f39aa27ac04c43cab85c280eb2e?s=96&d=mm&r=pg\",\"caption\":\"Kul\"},\"logo\":{\"@id\":\"https:\/\/sandzakpress.net\/arhiva\/#\/schema\/person\/image\/\"}},{\"@type\":\"Person\",\"@id\":\"https:\/\/sandzakpress.net\/arhiva\/#\/schema\/person\/c8baee722073534b583ea7bdb2e36c02\",\"name\":\"bosniak\",\"image\":{\"@type\":\"ImageObject\",\"inLanguage\":\"bs-BA\",\"@id\":\"https:\/\/sandzakpress.net\/arhiva\/#\/schema\/person\/image\/\",\"url\":\"https:\/\/secure.gravatar.com\/avatar\/a04fd330bfe3a36a72a0ad4a6d89fca7?s=96&d=mm&r=pg\",\"contentUrl\":\"https:\/\/secure.gravatar.com\/avatar\/a04fd330bfe3a36a72a0ad4a6d89fca7?s=96&d=mm&r=pg\",\"caption\":\"bosniak\"},\"url\":\"https:\/\/sandzakpress.net\/arhiva\/author\/bosniak\/\"}]}<\/script>\n<!-- \/ Yoast SEO Premium plugin. -->","yoast_head_json":{"title":"Dva nova grani\u010dna prijelaza u Sand\u017eaku","robots":{"index":"index","follow":"follow","max-snippet":"max-snippet:-1","max-image-preview":"max-image-preview:large","max-video-preview":"max-video-preview:-1"},"canonical":"https:\/\/sandzakpress.net\/arhiva\/dva-nova-granicna-prijelaza-u-sandzaku\/","og_locale":"bs_BA","og_type":"article","og_title":"Dva nova grani\u010dna prijelaza u Sand\u017eaku","og_description":"Bijelo Polje, Ro\u017eaje &#8211; Delegacija Evropske unije u Crnoj Gori, Vlada Crne Gore i op\u0161tine Bijelo Polje i Ro\u017eaje po\u010deli su izgradnju grani\u010dnih prijelaza u Sand\u017eaku u Dobrakovu kod Bijelog Polja i Dra\u010denovac kod Ro\u017eaja, \u010dija je vrijednost vi\u0161e od tri miliona evra. Na carinskom prijelazu u Dobrakovu bi\u0107e ura\u0111ene \u010detiri saobra\u0107ajne trake na ulazu [&hellip;]","og_url":"https:\/\/sandzakpress.net\/arhiva\/dva-nova-granicna-prijelaza-u-sandzaku\/","og_site_name":"Sand\u017eak PRESS","article_published_time":"2010-08-31T23:03:58+00:00","og_image":[{"width":380,"height":300,"url":"https:\/\/sandzakpress.net\/arhiva\/wp-content\/uploads\/2010\/08\/punkt_ocp_w380_h300.jpg","type":"image\/jpeg"}],"author":"bosniak","twitter_card":"summary_large_image","twitter_misc":{"Written by":"bosniak","Est. reading time":"3 minute"},"schema":{"@context":"https:\/\/schema.org","@graph":[{"@type":"Article","@id":"https:\/\/sandzakpress.net\/arhiva\/dva-nova-granicna-prijelaza-u-sandzaku\/#article","isPartOf":{"@id":"https:\/\/sandzakpress.net\/arhiva\/dva-nova-granicna-prijelaza-u-sandzaku\/"},"author":{"name":"bosniak","@id":"https:\/\/sandzakpress.net\/arhiva\/#\/schema\/person\/c8baee722073534b583ea7bdb2e36c02"},"headline":"Dva nova grani\u010dna prijelaza u Sand\u017eaku","datePublished":"2010-08-31T23:03:58+00:00","mainEntityOfPage":{"@id":"https:\/\/sandzakpress.net\/arhiva\/dva-nova-granicna-prijelaza-u-sandzaku\/"},"wordCount":663,"commentCount":1,"publisher":{"@id":"https:\/\/sandzakpress.net\/arhiva\/#\/schema\/person\/6e72b67d6e51910a1117b3b483ba20bd"},"image":{"@id":"https:\/\/sandzakpress.net\/arhiva\/dva-nova-granicna-prijelaza-u-sandzaku\/#primaryimage"},"thumbnailUrl":"https:\/\/sandzakpress.net\/arhiva\/wp-content\/uploads\/2010\/08\/punkt_ocp_w380_h300.jpg","articleSection":["Ro\u017eaje","Privreda","Bijelo Polje"],"inLanguage":"bs-BA","potentialAction":[{"@type":"CommentAction","name":"Comment","target":["https:\/\/sandzakpress.net\/arhiva\/dva-nova-granicna-prijelaza-u-sandzaku\/#respond"]}]},{"@type":"WebPage","@id":"https:\/\/sandzakpress.net\/arhiva\/dva-nova-granicna-prijelaza-u-sandzaku\/","url":"https:\/\/sandzakpress.net\/arhiva\/dva-nova-granicna-prijelaza-u-sandzaku\/","name":"Dva nova grani\u010dna prijelaza u Sand\u017eaku","isPartOf":{"@id":"https:\/\/sandzakpress.net\/arhiva\/#website"},"primaryImageOfPage":{"@id":"https:\/\/sandzakpress.net\/arhiva\/dva-nova-granicna-prijelaza-u-sandzaku\/#primaryimage"},"image":{"@id":"https:\/\/sandzakpress.net\/arhiva\/dva-nova-granicna-prijelaza-u-sandzaku\/#primaryimage"},"thumbnailUrl":"https:\/\/sandzakpress.net\/arhiva\/wp-content\/uploads\/2010\/08\/punkt_ocp_w380_h300.jpg","datePublished":"2010-08-31T23:03:58+00:00","breadcrumb":{"@id":"https:\/\/sandzakpress.net\/arhiva\/dva-nova-granicna-prijelaza-u-sandzaku\/#breadcrumb"},"inLanguage":"bs-BA","potentialAction":[{"@type":"ReadAction","target":["https:\/\/sandzakpress.net\/arhiva\/dva-nova-granicna-prijelaza-u-sandzaku\/"]}]},{"@type":"ImageObject","inLanguage":"bs-BA","@id":"https:\/\/sandzakpress.net\/arhiva\/dva-nova-granicna-prijelaza-u-sandzaku\/#primaryimage","url":"https:\/\/sandzakpress.net\/arhiva\/wp-content\/uploads\/2010\/08\/punkt_ocp_w380_h300.jpg","contentUrl":"https:\/\/sandzakpress.net\/arhiva\/wp-content\/uploads\/2010\/08\/punkt_ocp_w380_h300.jpg","width":380,"height":300},{"@type":"BreadcrumbList","@id":"https:\/\/sandzakpress.net\/arhiva\/dva-nova-granicna-prijelaza-u-sandzaku\/#breadcrumb","itemListElement":[{"@type":"ListItem","position":1,"name":"Home","item":"https:\/\/sandzakpress.net\/arhiva\/"},{"@type":"ListItem","position":2,"name":"Dva nova grani\u010dna prijelaza u Sand\u017eaku"}]},{"@type":"WebSite","@id":"https:\/\/sandzakpress.net\/arhiva\/#website","url":"https:\/\/sandzakpress.net\/arhiva\/","name":"Sand\u017eak PRESS","description":"Prve elektronske novine u Sand\u017eaku","publisher":{"@id":"https:\/\/sandzakpress.net\/arhiva\/#\/schema\/person\/6e72b67d6e51910a1117b3b483ba20bd"},"potentialAction":[{"@type":"SearchAction","target":{"@type":"EntryPoint","urlTemplate":"https:\/\/sandzakpress.net\/arhiva\/?s={search_term_string}"},"query-input":{"@type":"PropertyValueSpecification","valueRequired":true,"valueName":"search_term_string"}}],"inLanguage":"bs-BA"},{"@type":["Person","Organization"],"@id":"https:\/\/sandzakpress.net\/arhiva\/#\/schema\/person\/6e72b67d6e51910a1117b3b483ba20bd","name":"Kul","image":{"@type":"ImageObject","inLanguage":"bs-BA","@id":"https:\/\/sandzakpress.net\/arhiva\/#\/schema\/person\/image\/","url":"https:\/\/secure.gravatar.com\/avatar\/42263f39aa27ac04c43cab85c280eb2e?s=96&d=mm&r=pg","contentUrl":"https:\/\/secure.gravatar.com\/avatar\/42263f39aa27ac04c43cab85c280eb2e?s=96&d=mm&r=pg","caption":"Kul"},"logo":{"@id":"https:\/\/sandzakpress.net\/arhiva\/#\/schema\/person\/image\/"}},{"@type":"Person","@id":"https:\/\/sandzakpress.net\/arhiva\/#\/schema\/person\/c8baee722073534b583ea7bdb2e36c02","name":"bosniak","image":{"@type":"ImageObject","inLanguage":"bs-BA","@id":"https:\/\/sandzakpress.net\/arhiva\/#\/schema\/person\/image\/","url":"https:\/\/secure.gravatar.com\/avatar\/a04fd330bfe3a36a72a0ad4a6d89fca7?s=96&d=mm&r=pg","contentUrl":"https:\/\/secure.gravatar.com\/avatar\/a04fd330bfe3a36a72a0ad4a6d89fca7?s=96&d=mm&r=pg","caption":"bosniak"},"url":"https:\/\/sandzakpress.net\/arhiva\/author\/bosniak\/"}]}},"_links":{"self":[{"href":"https:\/\/sandzakpress.net\/arhiva\/wp-json\/wp\/v2\/posts\/7300"}],"collection":[{"href":"https:\/\/sandzakpress.net\/arhiva\/wp-json\/wp\/v2\/posts"}],"about":[{"href":"https:\/\/sandzakpress.net\/arhiva\/wp-json\/wp\/v2\/types\/post"}],"author":[{"embeddable":true,"href":"https:\/\/sandzakpress.net\/arhiva\/wp-json\/wp\/v2\/users\/83"}],"replies":[{"embeddable":true,"href":"https:\/\/sandzakpress.net\/arhiva\/wp-json\/wp\/v2\/comments?post=7300"}],"version-history":[{"count":0,"href":"https:\/\/sandzakpress.net\/arhiva\/wp-json\/wp\/v2\/posts\/7300\/revisions"}],"wp:featuredmedia":[{"embeddable":true,"href":"https:\/\/sandzakpress.net\/arhiva\/wp-json\/wp\/v2\/media\/7301"}],"wp:attachment":[{"href":"https:\/\/sandzakpress.net\/arhiva\/wp-json\/wp\/v2\/media?parent=7300"}],"wp:term":[{"taxonomy":"category","embeddable":true,"href":"https:\/\/sandzakpress.net\/arhiva\/wp-json\/wp\/v2\/categories?post=7300"},{"taxonomy":"post_tag","embeddable":true,"href":"https:\/\/sandzakpress.net\/arhiva\/wp-json\/wp\/v2\/tags?post=7300"}],"curies":[{"name":"wp","href":"https:\/\/api.w.org\/{rel}","templated":true}]}}