{"id":72939,"date":"2013-04-15T20:27:36","date_gmt":"2013-04-15T18:27:36","guid":{"rendered":"https:\/\/sandzakpress.net\/arhiva\/?p=72939"},"modified":"2013-04-15T20:27:36","modified_gmt":"2013-04-15T18:27:36","slug":"danas-je-dan-armije-republike-bih","status":"publish","type":"post","link":"https:\/\/sandzakpress.net\/arhiva\/danas-je-dan-armije-republike-bih\/","title":{"rendered":"Danas je Dan Armije Republike BiH"},"content":{"rendered":"<p><strong><a href=\"https:\/\/sandzakpress.net\/arhiva\/wp-content\/uploads\/2013\/04\/902263_237182269754350_511340536_o.jpg\"><img loading=\"lazy\" decoding=\"async\" class=\"alignleft size-full wp-image-72940\" title=\"902263_237182269754350_511340536_o\" src=\"https:\/\/sandzakpress.net\/arhiva\/wp-content\/uploads\/2013\/04\/902263_237182269754350_511340536_o.jpg\" alt=\"\" width=\"300\" height=\"176\" \/><\/a>BIH &#8211; Danas, na godi\u0161njicu osnivanja Armije Republike Bosne i Hercegovine, pozivamo sve gra\u0111ane na\u0161e zemlje da odaju po\u010dast svim herojima koji su dali svoje \u017eivote da bi mi danas bili slobodni.<\/strong><\/p>\n<p>Armija RBiH je formirana i opstala kao jedina zvani\u010dna i legalna oru\u017eana snaga u Bosni i Hercegovini, \u010diji je cilj bio o\u010duvanje Bosne i Hercegovine u njenim granicama, te za\u0161tita njene suverenosti i neovisnosti.<\/p>\n<p>Armija Republike Bosne i Hercegovine okupila je sve patriote, koji su zajedno stali na prvi front odbrane Republike, bez obzira na etni\u010dke, vjerske ili druge razlike. Dijelili su ideju slobodne i nezavisne dr\u017eave, te su pod zlatnim ljiljanima branili narod kojem je druga strana otvoreno prijetila nestankom i uni\u0161tenjem.<\/p>\n<p>Pozivamo mlade generacije da \u010duvaju sje\u0107anje na \u010dasnu i hrabru Armiju Republike Bosne i Hercegovine, njene simbole i tradiciju, koji predstavljaju temelj opstojnosti dr\u017eave Bosne i Hercegovine. Prisjetimo se svih onih najboljih ljudi, onih kojih vi\u0161e nema, te preuzmimo odgovornost za nastavak njihove misije, koja nikada nije bila mr\u017enja i osveta, ve\u0107 put pravde i istine.<\/p>\n<p>Koristimo ovu priliku da pozovemo Sud i Tu\u017eila\u0161tvo Bosne i Hercegovine da nastave raditi na utvr\u0111ivanju individualne odgovornosti za gubitak svakog nevinog ljudskog \u017eivota, vjeruju\u0107i da samo tako mo\u017eemo izbje\u0107i poku\u0161aje izjedna\u010davanja zlo\u010dina te sa\u010duvati dostojanstvo i sje\u0107anje onih koji su \u010dasno pali za domovinu.<\/p>\n<p>Historija neka pamti da su borci Armije RBiH ustali protiv osmi\u0161ljenog i organiziranog plana za genocid nad nesrpskim stanovni\u0161tvom, ali i ne samo to. Oni su ustali kao predstavnici jedne vizije Bosne i Hercegovine, kao nezavisne i suverene dr\u017eave ravnopravnih i slobodnih, protiv druge vizije, koja se temeljila na njenom nestanku i borbi do potpunog uni\u0161tenja.<\/p>\n<p>(Bosnjaci)<\/p>\n","protected":false},"excerpt":{"rendered":"<p>BIH &#8211; Danas, na godi\u0161njicu osnivanja Armije Republike Bosne i Hercegovine, pozivamo sve gra\u0111ane na\u0161e zemlje da odaju po\u010dast svim herojima koji su dali svoje \u017eivote da bi mi danas bili slobodni. Armija RBiH je formirana i opstala kao jedina zvani\u010dna i legalna oru\u017eana snaga u Bosni i Hercegovini, \u010diji je cilj bio o\u010duvanje Bosne [&hellip;]<\/p>\n","protected":false},"author":16,"featured_media":72940,"comment_status":"open","ping_status":"open","sticky":false,"template":"","format":"standard","meta":{"footnotes":""},"categories":[800,2860],"tags":[],"class_list":{"0":"post-72939","1":"post","2":"type-post","3":"status-publish","4":"format-standard","5":"has-post-thumbnail","7":"category-nacija","8":"category-bosna-i-hercegovina-gradovi"},"yoast_head":"<!-- This site is optimized with the Yoast SEO Premium plugin v23.1 (Yoast SEO v24.9) - https:\/\/yoast.com\/wordpress\/plugins\/seo\/ -->\n<title>Danas je Dan Armije Republike BiH<\/title>\n<meta name=\"robots\" content=\"index, follow, max-snippet:-1, max-image-preview:large, max-video-preview:-1\" \/>\n<link rel=\"canonical\" href=\"https:\/\/sandzakpress.net\/arhiva\/danas-je-dan-armije-republike-bih\/\" \/>\n<meta property=\"og:locale\" content=\"bs_BA\" \/>\n<meta property=\"og:type\" content=\"article\" \/>\n<meta property=\"og:title\" content=\"Danas je Dan Armije Republike BiH\" \/>\n<meta property=\"og:description\" content=\"BIH &#8211; Danas, na godi\u0161njicu osnivanja Armije Republike Bosne i Hercegovine, pozivamo sve gra\u0111ane na\u0161e zemlje da odaju po\u010dast svim herojima koji su dali svoje \u017eivote da bi mi danas bili slobodni. Armija RBiH je formirana i opstala kao jedina zvani\u010dna i legalna oru\u017eana snaga u Bosni i Hercegovini, \u010diji je cilj bio o\u010duvanje Bosne [&hellip;]\" \/>\n<meta property=\"og:url\" content=\"https:\/\/sandzakpress.net\/arhiva\/danas-je-dan-armije-republike-bih\/\" \/>\n<meta property=\"og:site_name\" content=\"Sand\u017eak PRESS\" \/>\n<meta property=\"article:published_time\" content=\"2013-04-15T18:27:36+00:00\" \/>\n<meta property=\"og:image\" content=\"https:\/\/sandzakpress.net\/arhiva\/wp-content\/uploads\/2013\/04\/902263_237182269754350_511340536_o.jpg\" \/>\n\t<meta property=\"og:image:width\" content=\"300\" \/>\n\t<meta property=\"og:image:height\" content=\"176\" \/>\n\t<meta property=\"og:image:type\" content=\"image\/jpeg\" \/>\n<meta name=\"twitter:card\" content=\"summary_large_image\" \/>\n<meta name=\"twitter:label1\" content=\"Written by\" \/>\n\t<meta name=\"twitter:data1\" content=\"\" \/>\n\t<meta name=\"twitter:label2\" content=\"Est. reading time\" \/>\n\t<meta name=\"twitter:data2\" content=\"2 minute\" \/>\n<script type=\"application\/ld+json\" class=\"yoast-schema-graph\">{\"@context\":\"https:\/\/schema.org\",\"@graph\":[{\"@type\":\"Article\",\"@id\":\"https:\/\/sandzakpress.net\/arhiva\/danas-je-dan-armije-republike-bih\/#article\",\"isPartOf\":{\"@id\":\"https:\/\/sandzakpress.net\/arhiva\/danas-je-dan-armije-republike-bih\/\"},\"author\":{\"name\":\"\",\"@id\":\"\"},\"headline\":\"Danas je Dan Armije Republike BiH\",\"datePublished\":\"2013-04-15T18:27:36+00:00\",\"mainEntityOfPage\":{\"@id\":\"https:\/\/sandzakpress.net\/arhiva\/danas-je-dan-armije-republike-bih\/\"},\"wordCount\":309,\"commentCount\":0,\"publisher\":{\"@id\":\"https:\/\/sandzakpress.net\/arhiva\/#\/schema\/person\/6e72b67d6e51910a1117b3b483ba20bd\"},\"image\":{\"@id\":\"https:\/\/sandzakpress.net\/arhiva\/danas-je-dan-armije-republike-bih\/#primaryimage\"},\"thumbnailUrl\":\"https:\/\/sandzakpress.net\/arhiva\/wp-content\/uploads\/2013\/04\/902263_237182269754350_511340536_o.jpg\",\"articleSection\":[\"Nacija\",\"Bosna i Hercegovina\"],\"inLanguage\":\"bs-BA\",\"potentialAction\":[{\"@type\":\"CommentAction\",\"name\":\"Comment\",\"target\":[\"https:\/\/sandzakpress.net\/arhiva\/danas-je-dan-armije-republike-bih\/#respond\"]}]},{\"@type\":\"WebPage\",\"@id\":\"https:\/\/sandzakpress.net\/arhiva\/danas-je-dan-armije-republike-bih\/\",\"url\":\"https:\/\/sandzakpress.net\/arhiva\/danas-je-dan-armije-republike-bih\/\",\"name\":\"Danas je Dan Armije Republike BiH\",\"isPartOf\":{\"@id\":\"https:\/\/sandzakpress.net\/arhiva\/#website\"},\"primaryImageOfPage\":{\"@id\":\"https:\/\/sandzakpress.net\/arhiva\/danas-je-dan-armije-republike-bih\/#primaryimage\"},\"image\":{\"@id\":\"https:\/\/sandzakpress.net\/arhiva\/danas-je-dan-armije-republike-bih\/#primaryimage\"},\"thumbnailUrl\":\"https:\/\/sandzakpress.net\/arhiva\/wp-content\/uploads\/2013\/04\/902263_237182269754350_511340536_o.jpg\",\"datePublished\":\"2013-04-15T18:27:36+00:00\",\"breadcrumb\":{\"@id\":\"https:\/\/sandzakpress.net\/arhiva\/danas-je-dan-armije-republike-bih\/#breadcrumb\"},\"inLanguage\":\"bs-BA\",\"potentialAction\":[{\"@type\":\"ReadAction\",\"target\":[\"https:\/\/sandzakpress.net\/arhiva\/danas-je-dan-armije-republike-bih\/\"]}]},{\"@type\":\"ImageObject\",\"inLanguage\":\"bs-BA\",\"@id\":\"https:\/\/sandzakpress.net\/arhiva\/danas-je-dan-armije-republike-bih\/#primaryimage\",\"url\":\"https:\/\/sandzakpress.net\/arhiva\/wp-content\/uploads\/2013\/04\/902263_237182269754350_511340536_o.jpg\",\"contentUrl\":\"https:\/\/sandzakpress.net\/arhiva\/wp-content\/uploads\/2013\/04\/902263_237182269754350_511340536_o.jpg\",\"width\":300,\"height\":176},{\"@type\":\"BreadcrumbList\",\"@id\":\"https:\/\/sandzakpress.net\/arhiva\/danas-je-dan-armije-republike-bih\/#breadcrumb\",\"itemListElement\":[{\"@type\":\"ListItem\",\"position\":1,\"name\":\"Home\",\"item\":\"https:\/\/sandzakpress.net\/arhiva\/\"},{\"@type\":\"ListItem\",\"position\":2,\"name\":\"Danas je Dan Armije Republike BiH\"}]},{\"@type\":\"WebSite\",\"@id\":\"https:\/\/sandzakpress.net\/arhiva\/#website\",\"url\":\"https:\/\/sandzakpress.net\/arhiva\/\",\"name\":\"Sand\u017eak PRESS\",\"description\":\"Prve elektronske novine u Sand\u017eaku\",\"publisher\":{\"@id\":\"https:\/\/sandzakpress.net\/arhiva\/#\/schema\/person\/6e72b67d6e51910a1117b3b483ba20bd\"},\"potentialAction\":[{\"@type\":\"SearchAction\",\"target\":{\"@type\":\"EntryPoint\",\"urlTemplate\":\"https:\/\/sandzakpress.net\/arhiva\/?s={search_term_string}\"},\"query-input\":{\"@type\":\"PropertyValueSpecification\",\"valueRequired\":true,\"valueName\":\"search_term_string\"}}],\"inLanguage\":\"bs-BA\"},{\"@type\":[\"Person\",\"Organization\"],\"@id\":\"https:\/\/sandzakpress.net\/arhiva\/#\/schema\/person\/6e72b67d6e51910a1117b3b483ba20bd\",\"name\":\"Kul\",\"image\":{\"@type\":\"ImageObject\",\"inLanguage\":\"bs-BA\",\"@id\":\"https:\/\/sandzakpress.net\/arhiva\/#\/schema\/person\/image\/\",\"url\":\"https:\/\/secure.gravatar.com\/avatar\/42263f39aa27ac04c43cab85c280eb2e?s=96&d=mm&r=pg\",\"contentUrl\":\"https:\/\/secure.gravatar.com\/avatar\/42263f39aa27ac04c43cab85c280eb2e?s=96&d=mm&r=pg\",\"caption\":\"Kul\"},\"logo\":{\"@id\":\"https:\/\/sandzakpress.net\/arhiva\/#\/schema\/person\/image\/\"}},{\"@type\":\"Person\",\"@id\":\"\",\"url\":\"https:\/\/sandzakpress.net\/arhiva\/author\/\"}]}<\/script>\n<!-- \/ Yoast SEO Premium plugin. -->","yoast_head_json":{"title":"Danas je Dan Armije Republike BiH","robots":{"index":"index","follow":"follow","max-snippet":"max-snippet:-1","max-image-preview":"max-image-preview:large","max-video-preview":"max-video-preview:-1"},"canonical":"https:\/\/sandzakpress.net\/arhiva\/danas-je-dan-armije-republike-bih\/","og_locale":"bs_BA","og_type":"article","og_title":"Danas je Dan Armije Republike BiH","og_description":"BIH &#8211; Danas, na godi\u0161njicu osnivanja Armije Republike Bosne i Hercegovine, pozivamo sve gra\u0111ane na\u0161e zemlje da odaju po\u010dast svim herojima koji su dali svoje \u017eivote da bi mi danas bili slobodni. Armija RBiH je formirana i opstala kao jedina zvani\u010dna i legalna oru\u017eana snaga u Bosni i Hercegovini, \u010diji je cilj bio o\u010duvanje Bosne [&hellip;]","og_url":"https:\/\/sandzakpress.net\/arhiva\/danas-je-dan-armije-republike-bih\/","og_site_name":"Sand\u017eak PRESS","article_published_time":"2013-04-15T18:27:36+00:00","og_image":[{"width":300,"height":176,"url":"https:\/\/sandzakpress.net\/arhiva\/wp-content\/uploads\/2013\/04\/902263_237182269754350_511340536_o.jpg","type":"image\/jpeg"}],"twitter_card":"summary_large_image","twitter_misc":{"Written by":"","Est. reading time":"2 minute"},"schema":{"@context":"https:\/\/schema.org","@graph":[{"@type":"Article","@id":"https:\/\/sandzakpress.net\/arhiva\/danas-je-dan-armije-republike-bih\/#article","isPartOf":{"@id":"https:\/\/sandzakpress.net\/arhiva\/danas-je-dan-armije-republike-bih\/"},"author":{"name":"","@id":""},"headline":"Danas je Dan Armije Republike BiH","datePublished":"2013-04-15T18:27:36+00:00","mainEntityOfPage":{"@id":"https:\/\/sandzakpress.net\/arhiva\/danas-je-dan-armije-republike-bih\/"},"wordCount":309,"commentCount":0,"publisher":{"@id":"https:\/\/sandzakpress.net\/arhiva\/#\/schema\/person\/6e72b67d6e51910a1117b3b483ba20bd"},"image":{"@id":"https:\/\/sandzakpress.net\/arhiva\/danas-je-dan-armije-republike-bih\/#primaryimage"},"thumbnailUrl":"https:\/\/sandzakpress.net\/arhiva\/wp-content\/uploads\/2013\/04\/902263_237182269754350_511340536_o.jpg","articleSection":["Nacija","Bosna i Hercegovina"],"inLanguage":"bs-BA","potentialAction":[{"@type":"CommentAction","name":"Comment","target":["https:\/\/sandzakpress.net\/arhiva\/danas-je-dan-armije-republike-bih\/#respond"]}]},{"@type":"WebPage","@id":"https:\/\/sandzakpress.net\/arhiva\/danas-je-dan-armije-republike-bih\/","url":"https:\/\/sandzakpress.net\/arhiva\/danas-je-dan-armije-republike-bih\/","name":"Danas je Dan Armije Republike BiH","isPartOf":{"@id":"https:\/\/sandzakpress.net\/arhiva\/#website"},"primaryImageOfPage":{"@id":"https:\/\/sandzakpress.net\/arhiva\/danas-je-dan-armije-republike-bih\/#primaryimage"},"image":{"@id":"https:\/\/sandzakpress.net\/arhiva\/danas-je-dan-armije-republike-bih\/#primaryimage"},"thumbnailUrl":"https:\/\/sandzakpress.net\/arhiva\/wp-content\/uploads\/2013\/04\/902263_237182269754350_511340536_o.jpg","datePublished":"2013-04-15T18:27:36+00:00","breadcrumb":{"@id":"https:\/\/sandzakpress.net\/arhiva\/danas-je-dan-armije-republike-bih\/#breadcrumb"},"inLanguage":"bs-BA","potentialAction":[{"@type":"ReadAction","target":["https:\/\/sandzakpress.net\/arhiva\/danas-je-dan-armije-republike-bih\/"]}]},{"@type":"ImageObject","inLanguage":"bs-BA","@id":"https:\/\/sandzakpress.net\/arhiva\/danas-je-dan-armije-republike-bih\/#primaryimage","url":"https:\/\/sandzakpress.net\/arhiva\/wp-content\/uploads\/2013\/04\/902263_237182269754350_511340536_o.jpg","contentUrl":"https:\/\/sandzakpress.net\/arhiva\/wp-content\/uploads\/2013\/04\/902263_237182269754350_511340536_o.jpg","width":300,"height":176},{"@type":"BreadcrumbList","@id":"https:\/\/sandzakpress.net\/arhiva\/danas-je-dan-armije-republike-bih\/#breadcrumb","itemListElement":[{"@type":"ListItem","position":1,"name":"Home","item":"https:\/\/sandzakpress.net\/arhiva\/"},{"@type":"ListItem","position":2,"name":"Danas je Dan Armije Republike BiH"}]},{"@type":"WebSite","@id":"https:\/\/sandzakpress.net\/arhiva\/#website","url":"https:\/\/sandzakpress.net\/arhiva\/","name":"Sand\u017eak PRESS","description":"Prve elektronske novine u Sand\u017eaku","publisher":{"@id":"https:\/\/sandzakpress.net\/arhiva\/#\/schema\/person\/6e72b67d6e51910a1117b3b483ba20bd"},"potentialAction":[{"@type":"SearchAction","target":{"@type":"EntryPoint","urlTemplate":"https:\/\/sandzakpress.net\/arhiva\/?s={search_term_string}"},"query-input":{"@type":"PropertyValueSpecification","valueRequired":true,"valueName":"search_term_string"}}],"inLanguage":"bs-BA"},{"@type":["Person","Organization"],"@id":"https:\/\/sandzakpress.net\/arhiva\/#\/schema\/person\/6e72b67d6e51910a1117b3b483ba20bd","name":"Kul","image":{"@type":"ImageObject","inLanguage":"bs-BA","@id":"https:\/\/sandzakpress.net\/arhiva\/#\/schema\/person\/image\/","url":"https:\/\/secure.gravatar.com\/avatar\/42263f39aa27ac04c43cab85c280eb2e?s=96&d=mm&r=pg","contentUrl":"https:\/\/secure.gravatar.com\/avatar\/42263f39aa27ac04c43cab85c280eb2e?s=96&d=mm&r=pg","caption":"Kul"},"logo":{"@id":"https:\/\/sandzakpress.net\/arhiva\/#\/schema\/person\/image\/"}},{"@type":"Person","@id":"","url":"https:\/\/sandzakpress.net\/arhiva\/author\/"}]}},"_links":{"self":[{"href":"https:\/\/sandzakpress.net\/arhiva\/wp-json\/wp\/v2\/posts\/72939"}],"collection":[{"href":"https:\/\/sandzakpress.net\/arhiva\/wp-json\/wp\/v2\/posts"}],"about":[{"href":"https:\/\/sandzakpress.net\/arhiva\/wp-json\/wp\/v2\/types\/post"}],"author":[{"embeddable":true,"href":"https:\/\/sandzakpress.net\/arhiva\/wp-json\/wp\/v2\/users\/16"}],"replies":[{"embeddable":true,"href":"https:\/\/sandzakpress.net\/arhiva\/wp-json\/wp\/v2\/comments?post=72939"}],"version-history":[{"count":0,"href":"https:\/\/sandzakpress.net\/arhiva\/wp-json\/wp\/v2\/posts\/72939\/revisions"}],"wp:featuredmedia":[{"embeddable":true,"href":"https:\/\/sandzakpress.net\/arhiva\/wp-json\/wp\/v2\/media\/72940"}],"wp:attachment":[{"href":"https:\/\/sandzakpress.net\/arhiva\/wp-json\/wp\/v2\/media?parent=72939"}],"wp:term":[{"taxonomy":"category","embeddable":true,"href":"https:\/\/sandzakpress.net\/arhiva\/wp-json\/wp\/v2\/categories?post=72939"},{"taxonomy":"post_tag","embeddable":true,"href":"https:\/\/sandzakpress.net\/arhiva\/wp-json\/wp\/v2\/tags?post=72939"}],"curies":[{"name":"wp","href":"https:\/\/api.w.org\/{rel}","templated":true}]}}