{"id":72932,"date":"2013-04-15T12:33:22","date_gmt":"2013-04-15T10:33:22","guid":{"rendered":"https:\/\/sandzakpress.net\/arhiva\/?p=72932"},"modified":"2013-04-15T12:33:22","modified_gmt":"2013-04-15T10:33:22","slug":"bosnjaci-svicarske-demonstriraju-nacionalno-i-vjersko-jedinstvo","status":"publish","type":"post","link":"https:\/\/sandzakpress.net\/arhiva\/bosnjaci-svicarske-demonstriraju-nacionalno-i-vjersko-jedinstvo\/","title":{"rendered":"Bo\u0161njaci \u0160vicarske demonstriraju nacionalno i vjersko jedinstvo"},"content":{"rendered":"<p><a href=\"https:\/\/sandzakpress.net\/arhiva\/wp-content\/uploads\/2013\/04\/20130412_205054.jpg\"><img loading=\"lazy\" decoding=\"async\" class=\"aligncenter size-full wp-image-72933\" title=\"20130412_205054\" src=\"https:\/\/sandzakpress.net\/arhiva\/wp-content\/uploads\/2013\/04\/20130412_205054.jpg\" alt=\"\" width=\"616\" height=\"462\" \/><\/a><\/p>\n<p><strong>\u0160vicarska &#8211; U petak 12. 04. 2013. godine u prostorijama d\u017eemata Wattwil, \u0160vicarska odr\u017eano je me\u0111udzematsko dru\u017eenje na temu ,,Vjersko i nacionalno jedinstvo&#8221;. <\/strong><\/p>\n<p>Na tribini ucesce su uzeli predstavnici d\u017eemata Wecikon (d\u017eemat sand\u017ea\u010dkih Bo\u0161njaka), Walizelen (d\u017eemat kosovskih Bo\u0161njaka), Riken (d\u017eemat Bosnjaka iz BiH) i doma\u0107in Wattwil (d\u017eemat sand\u017ea\u010dkog dijela Crne Gore) sa svojim imamima. Pored prisutnih d\u017eemata skupu je prisustvovao i Mirsad ef. Mujadzi\u0107, predsjednik IZ-e \u0160vicarske.<\/p>\n<p>Pored pomenutih skupu je prisustvovao i predsjednik Bosnjacke dijaspore Crne Gore g. Edib Kocan. U ime domacina skup je otvorio Omer ef. Hodzic koji je bio i moderator programa.<\/p>\n<p>Prvi je govorio Muamer ef. Elezi imam dzemata kosovskih Bosnjaka Walizelen, nakon njega skupu se obratio Mirsad ef. Mujadzic, a skup je zavrsio Mensur ef. Hamidovic prelijepim ucenjem odlomka iz Kur\u2019ana. Nakon oficijalnog dijela, vrijedni dzematlije Wattvila, u duhu bosnjacke kulture i tradicije pripremili su zakusku musafirima i druzenje je nastavljeno do kasno u noc.<\/p>\n<p>Ovaj skup je podsticaj za dalju, bolju medjudzematsku suradnju i komunikaciju zu dovu Uzvisenom Allahu da ukabuli trud i rad svih onih koji su uzeli ucesca u odzavanju ovog skupa.<\/p>\n<p>(Sand\u017eak PRESS)<\/p>\n","protected":false},"excerpt":{"rendered":"<p>\u0160vicarska &#8211; U petak 12. 04. 2013. godine u prostorijama d\u017eemata Wattwil, \u0160vicarska odr\u017eano je me\u0111udzematsko dru\u017eenje na temu ,,Vjersko i nacionalno jedinstvo&#8221;. Na tribini ucesce su uzeli predstavnici d\u017eemata Wecikon (d\u017eemat sand\u017ea\u010dkih Bo\u0161njaka), Walizelen (d\u017eemat kosovskih Bo\u0161njaka), Riken (d\u017eemat Bosnjaka iz BiH) i doma\u0107in Wattwil (d\u017eemat sand\u017ea\u010dkog dijela Crne Gore) sa svojim imamima. Pored [&hellip;]<\/p>\n","protected":false},"author":83,"featured_media":72933,"comment_status":"open","ping_status":"open","sticky":false,"template":"","format":"standard","meta":{"footnotes":""},"categories":[800,9544,8957],"tags":[],"class_list":{"0":"post-72932","1":"post","2":"type-post","3":"status-publish","4":"format-standard","5":"has-post-thumbnail","7":"category-nacija","8":"category-svicarska-dijaspora-gradovi-vase-vijesti","9":"category-vijesti-dana"},"yoast_head":"<!-- This site is optimized with the Yoast SEO Premium plugin v23.1 (Yoast SEO v24.9) - https:\/\/yoast.com\/wordpress\/plugins\/seo\/ -->\n<title>Bo\u0161njaci \u0160vicarske demonstriraju nacionalno i vjersko jedinstvo<\/title>\n<meta name=\"robots\" content=\"index, follow, max-snippet:-1, max-image-preview:large, max-video-preview:-1\" \/>\n<link rel=\"canonical\" href=\"https:\/\/sandzakpress.net\/arhiva\/bosnjaci-svicarske-demonstriraju-nacionalno-i-vjersko-jedinstvo\/\" \/>\n<meta property=\"og:locale\" content=\"bs_BA\" \/>\n<meta property=\"og:type\" content=\"article\" \/>\n<meta property=\"og:title\" content=\"Bo\u0161njaci \u0160vicarske demonstriraju nacionalno i vjersko jedinstvo\" \/>\n<meta property=\"og:description\" content=\"\u0160vicarska &#8211; U petak 12. 04. 2013. godine u prostorijama d\u017eemata Wattwil, \u0160vicarska odr\u017eano je me\u0111udzematsko dru\u017eenje na temu ,,Vjersko i nacionalno jedinstvo&#8221;. Na tribini ucesce su uzeli predstavnici d\u017eemata Wecikon (d\u017eemat sand\u017ea\u010dkih Bo\u0161njaka), Walizelen (d\u017eemat kosovskih Bo\u0161njaka), Riken (d\u017eemat Bosnjaka iz BiH) i doma\u0107in Wattwil (d\u017eemat sand\u017ea\u010dkog dijela Crne Gore) sa svojim imamima. Pored [&hellip;]\" \/>\n<meta property=\"og:url\" content=\"https:\/\/sandzakpress.net\/arhiva\/bosnjaci-svicarske-demonstriraju-nacionalno-i-vjersko-jedinstvo\/\" \/>\n<meta property=\"og:site_name\" content=\"Sand\u017eak PRESS\" \/>\n<meta property=\"article:published_time\" content=\"2013-04-15T10:33:22+00:00\" \/>\n<meta property=\"og:image\" content=\"https:\/\/sandzakpress.net\/arhiva\/wp-content\/uploads\/2013\/04\/20130412_205054.jpg\" \/>\n\t<meta property=\"og:image:width\" content=\"616\" \/>\n\t<meta property=\"og:image:height\" content=\"462\" \/>\n\t<meta property=\"og:image:type\" content=\"image\/jpeg\" \/>\n<meta name=\"author\" content=\"bosniak\" \/>\n<meta name=\"twitter:card\" content=\"summary_large_image\" \/>\n<meta name=\"twitter:label1\" content=\"Written by\" \/>\n\t<meta name=\"twitter:data1\" content=\"bosniak\" \/>\n\t<meta name=\"twitter:label2\" content=\"Est. reading time\" \/>\n\t<meta name=\"twitter:data2\" content=\"1 minuta\" \/>\n<script type=\"application\/ld+json\" class=\"yoast-schema-graph\">{\"@context\":\"https:\/\/schema.org\",\"@graph\":[{\"@type\":\"Article\",\"@id\":\"https:\/\/sandzakpress.net\/arhiva\/bosnjaci-svicarske-demonstriraju-nacionalno-i-vjersko-jedinstvo\/#article\",\"isPartOf\":{\"@id\":\"https:\/\/sandzakpress.net\/arhiva\/bosnjaci-svicarske-demonstriraju-nacionalno-i-vjersko-jedinstvo\/\"},\"author\":{\"name\":\"bosniak\",\"@id\":\"https:\/\/sandzakpress.net\/arhiva\/#\/schema\/person\/c8baee722073534b583ea7bdb2e36c02\"},\"headline\":\"Bo\u0161njaci \u0160vicarske demonstriraju nacionalno i vjersko jedinstvo\",\"datePublished\":\"2013-04-15T10:33:22+00:00\",\"mainEntityOfPage\":{\"@id\":\"https:\/\/sandzakpress.net\/arhiva\/bosnjaci-svicarske-demonstriraju-nacionalno-i-vjersko-jedinstvo\/\"},\"wordCount\":207,\"commentCount\":1,\"publisher\":{\"@id\":\"https:\/\/sandzakpress.net\/arhiva\/#\/schema\/person\/6e72b67d6e51910a1117b3b483ba20bd\"},\"image\":{\"@id\":\"https:\/\/sandzakpress.net\/arhiva\/bosnjaci-svicarske-demonstriraju-nacionalno-i-vjersko-jedinstvo\/#primaryimage\"},\"thumbnailUrl\":\"https:\/\/sandzakpress.net\/arhiva\/wp-content\/uploads\/2013\/04\/20130412_205054.jpg\",\"articleSection\":[\"Nacija\",\"\u0160vicarska\",\"VIJESTI DANA\"],\"inLanguage\":\"bs-BA\",\"potentialAction\":[{\"@type\":\"CommentAction\",\"name\":\"Comment\",\"target\":[\"https:\/\/sandzakpress.net\/arhiva\/bosnjaci-svicarske-demonstriraju-nacionalno-i-vjersko-jedinstvo\/#respond\"]}]},{\"@type\":\"WebPage\",\"@id\":\"https:\/\/sandzakpress.net\/arhiva\/bosnjaci-svicarske-demonstriraju-nacionalno-i-vjersko-jedinstvo\/\",\"url\":\"https:\/\/sandzakpress.net\/arhiva\/bosnjaci-svicarske-demonstriraju-nacionalno-i-vjersko-jedinstvo\/\",\"name\":\"Bo\u0161njaci \u0160vicarske demonstriraju nacionalno i vjersko jedinstvo\",\"isPartOf\":{\"@id\":\"https:\/\/sandzakpress.net\/arhiva\/#website\"},\"primaryImageOfPage\":{\"@id\":\"https:\/\/sandzakpress.net\/arhiva\/bosnjaci-svicarske-demonstriraju-nacionalno-i-vjersko-jedinstvo\/#primaryimage\"},\"image\":{\"@id\":\"https:\/\/sandzakpress.net\/arhiva\/bosnjaci-svicarske-demonstriraju-nacionalno-i-vjersko-jedinstvo\/#primaryimage\"},\"thumbnailUrl\":\"https:\/\/sandzakpress.net\/arhiva\/wp-content\/uploads\/2013\/04\/20130412_205054.jpg\",\"datePublished\":\"2013-04-15T10:33:22+00:00\",\"breadcrumb\":{\"@id\":\"https:\/\/sandzakpress.net\/arhiva\/bosnjaci-svicarske-demonstriraju-nacionalno-i-vjersko-jedinstvo\/#breadcrumb\"},\"inLanguage\":\"bs-BA\",\"potentialAction\":[{\"@type\":\"ReadAction\",\"target\":[\"https:\/\/sandzakpress.net\/arhiva\/bosnjaci-svicarske-demonstriraju-nacionalno-i-vjersko-jedinstvo\/\"]}]},{\"@type\":\"ImageObject\",\"inLanguage\":\"bs-BA\",\"@id\":\"https:\/\/sandzakpress.net\/arhiva\/bosnjaci-svicarske-demonstriraju-nacionalno-i-vjersko-jedinstvo\/#primaryimage\",\"url\":\"https:\/\/sandzakpress.net\/arhiva\/wp-content\/uploads\/2013\/04\/20130412_205054.jpg\",\"contentUrl\":\"https:\/\/sandzakpress.net\/arhiva\/wp-content\/uploads\/2013\/04\/20130412_205054.jpg\",\"width\":616,\"height\":462},{\"@type\":\"BreadcrumbList\",\"@id\":\"https:\/\/sandzakpress.net\/arhiva\/bosnjaci-svicarske-demonstriraju-nacionalno-i-vjersko-jedinstvo\/#breadcrumb\",\"itemListElement\":[{\"@type\":\"ListItem\",\"position\":1,\"name\":\"Home\",\"item\":\"https:\/\/sandzakpress.net\/arhiva\/\"},{\"@type\":\"ListItem\",\"position\":2,\"name\":\"Bo\u0161njaci \u0160vicarske demonstriraju nacionalno i vjersko jedinstvo\"}]},{\"@type\":\"WebSite\",\"@id\":\"https:\/\/sandzakpress.net\/arhiva\/#website\",\"url\":\"https:\/\/sandzakpress.net\/arhiva\/\",\"name\":\"Sand\u017eak PRESS\",\"description\":\"Prve elektronske novine u Sand\u017eaku\",\"publisher\":{\"@id\":\"https:\/\/sandzakpress.net\/arhiva\/#\/schema\/person\/6e72b67d6e51910a1117b3b483ba20bd\"},\"potentialAction\":[{\"@type\":\"SearchAction\",\"target\":{\"@type\":\"EntryPoint\",\"urlTemplate\":\"https:\/\/sandzakpress.net\/arhiva\/?s={search_term_string}\"},\"query-input\":{\"@type\":\"PropertyValueSpecification\",\"valueRequired\":true,\"valueName\":\"search_term_string\"}}],\"inLanguage\":\"bs-BA\"},{\"@type\":[\"Person\",\"Organization\"],\"@id\":\"https:\/\/sandzakpress.net\/arhiva\/#\/schema\/person\/6e72b67d6e51910a1117b3b483ba20bd\",\"name\":\"Kul\",\"image\":{\"@type\":\"ImageObject\",\"inLanguage\":\"bs-BA\",\"@id\":\"https:\/\/sandzakpress.net\/arhiva\/#\/schema\/person\/image\/\",\"url\":\"https:\/\/secure.gravatar.com\/avatar\/42263f39aa27ac04c43cab85c280eb2e?s=96&d=mm&r=pg\",\"contentUrl\":\"https:\/\/secure.gravatar.com\/avatar\/42263f39aa27ac04c43cab85c280eb2e?s=96&d=mm&r=pg\",\"caption\":\"Kul\"},\"logo\":{\"@id\":\"https:\/\/sandzakpress.net\/arhiva\/#\/schema\/person\/image\/\"}},{\"@type\":\"Person\",\"@id\":\"https:\/\/sandzakpress.net\/arhiva\/#\/schema\/person\/c8baee722073534b583ea7bdb2e36c02\",\"name\":\"bosniak\",\"image\":{\"@type\":\"ImageObject\",\"inLanguage\":\"bs-BA\",\"@id\":\"https:\/\/sandzakpress.net\/arhiva\/#\/schema\/person\/image\/\",\"url\":\"https:\/\/secure.gravatar.com\/avatar\/a04fd330bfe3a36a72a0ad4a6d89fca7?s=96&d=mm&r=pg\",\"contentUrl\":\"https:\/\/secure.gravatar.com\/avatar\/a04fd330bfe3a36a72a0ad4a6d89fca7?s=96&d=mm&r=pg\",\"caption\":\"bosniak\"},\"url\":\"https:\/\/sandzakpress.net\/arhiva\/author\/bosniak\/\"}]}<\/script>\n<!-- \/ Yoast SEO Premium plugin. -->","yoast_head_json":{"title":"Bo\u0161njaci \u0160vicarske demonstriraju nacionalno i vjersko jedinstvo","robots":{"index":"index","follow":"follow","max-snippet":"max-snippet:-1","max-image-preview":"max-image-preview:large","max-video-preview":"max-video-preview:-1"},"canonical":"https:\/\/sandzakpress.net\/arhiva\/bosnjaci-svicarske-demonstriraju-nacionalno-i-vjersko-jedinstvo\/","og_locale":"bs_BA","og_type":"article","og_title":"Bo\u0161njaci \u0160vicarske demonstriraju nacionalno i vjersko jedinstvo","og_description":"\u0160vicarska &#8211; U petak 12. 04. 2013. godine u prostorijama d\u017eemata Wattwil, \u0160vicarska odr\u017eano je me\u0111udzematsko dru\u017eenje na temu ,,Vjersko i nacionalno jedinstvo&#8221;. Na tribini ucesce su uzeli predstavnici d\u017eemata Wecikon (d\u017eemat sand\u017ea\u010dkih Bo\u0161njaka), Walizelen (d\u017eemat kosovskih Bo\u0161njaka), Riken (d\u017eemat Bosnjaka iz BiH) i doma\u0107in Wattwil (d\u017eemat sand\u017ea\u010dkog dijela Crne Gore) sa svojim imamima. Pored [&hellip;]","og_url":"https:\/\/sandzakpress.net\/arhiva\/bosnjaci-svicarske-demonstriraju-nacionalno-i-vjersko-jedinstvo\/","og_site_name":"Sand\u017eak PRESS","article_published_time":"2013-04-15T10:33:22+00:00","og_image":[{"width":616,"height":462,"url":"https:\/\/sandzakpress.net\/arhiva\/wp-content\/uploads\/2013\/04\/20130412_205054.jpg","type":"image\/jpeg"}],"author":"bosniak","twitter_card":"summary_large_image","twitter_misc":{"Written by":"bosniak","Est. reading time":"1 minuta"},"schema":{"@context":"https:\/\/schema.org","@graph":[{"@type":"Article","@id":"https:\/\/sandzakpress.net\/arhiva\/bosnjaci-svicarske-demonstriraju-nacionalno-i-vjersko-jedinstvo\/#article","isPartOf":{"@id":"https:\/\/sandzakpress.net\/arhiva\/bosnjaci-svicarske-demonstriraju-nacionalno-i-vjersko-jedinstvo\/"},"author":{"name":"bosniak","@id":"https:\/\/sandzakpress.net\/arhiva\/#\/schema\/person\/c8baee722073534b583ea7bdb2e36c02"},"headline":"Bo\u0161njaci \u0160vicarske demonstriraju nacionalno i vjersko jedinstvo","datePublished":"2013-04-15T10:33:22+00:00","mainEntityOfPage":{"@id":"https:\/\/sandzakpress.net\/arhiva\/bosnjaci-svicarske-demonstriraju-nacionalno-i-vjersko-jedinstvo\/"},"wordCount":207,"commentCount":1,"publisher":{"@id":"https:\/\/sandzakpress.net\/arhiva\/#\/schema\/person\/6e72b67d6e51910a1117b3b483ba20bd"},"image":{"@id":"https:\/\/sandzakpress.net\/arhiva\/bosnjaci-svicarske-demonstriraju-nacionalno-i-vjersko-jedinstvo\/#primaryimage"},"thumbnailUrl":"https:\/\/sandzakpress.net\/arhiva\/wp-content\/uploads\/2013\/04\/20130412_205054.jpg","articleSection":["Nacija","\u0160vicarska","VIJESTI DANA"],"inLanguage":"bs-BA","potentialAction":[{"@type":"CommentAction","name":"Comment","target":["https:\/\/sandzakpress.net\/arhiva\/bosnjaci-svicarske-demonstriraju-nacionalno-i-vjersko-jedinstvo\/#respond"]}]},{"@type":"WebPage","@id":"https:\/\/sandzakpress.net\/arhiva\/bosnjaci-svicarske-demonstriraju-nacionalno-i-vjersko-jedinstvo\/","url":"https:\/\/sandzakpress.net\/arhiva\/bosnjaci-svicarske-demonstriraju-nacionalno-i-vjersko-jedinstvo\/","name":"Bo\u0161njaci \u0160vicarske demonstriraju nacionalno i vjersko jedinstvo","isPartOf":{"@id":"https:\/\/sandzakpress.net\/arhiva\/#website"},"primaryImageOfPage":{"@id":"https:\/\/sandzakpress.net\/arhiva\/bosnjaci-svicarske-demonstriraju-nacionalno-i-vjersko-jedinstvo\/#primaryimage"},"image":{"@id":"https:\/\/sandzakpress.net\/arhiva\/bosnjaci-svicarske-demonstriraju-nacionalno-i-vjersko-jedinstvo\/#primaryimage"},"thumbnailUrl":"https:\/\/sandzakpress.net\/arhiva\/wp-content\/uploads\/2013\/04\/20130412_205054.jpg","datePublished":"2013-04-15T10:33:22+00:00","breadcrumb":{"@id":"https:\/\/sandzakpress.net\/arhiva\/bosnjaci-svicarske-demonstriraju-nacionalno-i-vjersko-jedinstvo\/#breadcrumb"},"inLanguage":"bs-BA","potentialAction":[{"@type":"ReadAction","target":["https:\/\/sandzakpress.net\/arhiva\/bosnjaci-svicarske-demonstriraju-nacionalno-i-vjersko-jedinstvo\/"]}]},{"@type":"ImageObject","inLanguage":"bs-BA","@id":"https:\/\/sandzakpress.net\/arhiva\/bosnjaci-svicarske-demonstriraju-nacionalno-i-vjersko-jedinstvo\/#primaryimage","url":"https:\/\/sandzakpress.net\/arhiva\/wp-content\/uploads\/2013\/04\/20130412_205054.jpg","contentUrl":"https:\/\/sandzakpress.net\/arhiva\/wp-content\/uploads\/2013\/04\/20130412_205054.jpg","width":616,"height":462},{"@type":"BreadcrumbList","@id":"https:\/\/sandzakpress.net\/arhiva\/bosnjaci-svicarske-demonstriraju-nacionalno-i-vjersko-jedinstvo\/#breadcrumb","itemListElement":[{"@type":"ListItem","position":1,"name":"Home","item":"https:\/\/sandzakpress.net\/arhiva\/"},{"@type":"ListItem","position":2,"name":"Bo\u0161njaci \u0160vicarske demonstriraju nacionalno i vjersko jedinstvo"}]},{"@type":"WebSite","@id":"https:\/\/sandzakpress.net\/arhiva\/#website","url":"https:\/\/sandzakpress.net\/arhiva\/","name":"Sand\u017eak PRESS","description":"Prve elektronske novine u Sand\u017eaku","publisher":{"@id":"https:\/\/sandzakpress.net\/arhiva\/#\/schema\/person\/6e72b67d6e51910a1117b3b483ba20bd"},"potentialAction":[{"@type":"SearchAction","target":{"@type":"EntryPoint","urlTemplate":"https:\/\/sandzakpress.net\/arhiva\/?s={search_term_string}"},"query-input":{"@type":"PropertyValueSpecification","valueRequired":true,"valueName":"search_term_string"}}],"inLanguage":"bs-BA"},{"@type":["Person","Organization"],"@id":"https:\/\/sandzakpress.net\/arhiva\/#\/schema\/person\/6e72b67d6e51910a1117b3b483ba20bd","name":"Kul","image":{"@type":"ImageObject","inLanguage":"bs-BA","@id":"https:\/\/sandzakpress.net\/arhiva\/#\/schema\/person\/image\/","url":"https:\/\/secure.gravatar.com\/avatar\/42263f39aa27ac04c43cab85c280eb2e?s=96&d=mm&r=pg","contentUrl":"https:\/\/secure.gravatar.com\/avatar\/42263f39aa27ac04c43cab85c280eb2e?s=96&d=mm&r=pg","caption":"Kul"},"logo":{"@id":"https:\/\/sandzakpress.net\/arhiva\/#\/schema\/person\/image\/"}},{"@type":"Person","@id":"https:\/\/sandzakpress.net\/arhiva\/#\/schema\/person\/c8baee722073534b583ea7bdb2e36c02","name":"bosniak","image":{"@type":"ImageObject","inLanguage":"bs-BA","@id":"https:\/\/sandzakpress.net\/arhiva\/#\/schema\/person\/image\/","url":"https:\/\/secure.gravatar.com\/avatar\/a04fd330bfe3a36a72a0ad4a6d89fca7?s=96&d=mm&r=pg","contentUrl":"https:\/\/secure.gravatar.com\/avatar\/a04fd330bfe3a36a72a0ad4a6d89fca7?s=96&d=mm&r=pg","caption":"bosniak"},"url":"https:\/\/sandzakpress.net\/arhiva\/author\/bosniak\/"}]}},"_links":{"self":[{"href":"https:\/\/sandzakpress.net\/arhiva\/wp-json\/wp\/v2\/posts\/72932"}],"collection":[{"href":"https:\/\/sandzakpress.net\/arhiva\/wp-json\/wp\/v2\/posts"}],"about":[{"href":"https:\/\/sandzakpress.net\/arhiva\/wp-json\/wp\/v2\/types\/post"}],"author":[{"embeddable":true,"href":"https:\/\/sandzakpress.net\/arhiva\/wp-json\/wp\/v2\/users\/83"}],"replies":[{"embeddable":true,"href":"https:\/\/sandzakpress.net\/arhiva\/wp-json\/wp\/v2\/comments?post=72932"}],"version-history":[{"count":0,"href":"https:\/\/sandzakpress.net\/arhiva\/wp-json\/wp\/v2\/posts\/72932\/revisions"}],"wp:featuredmedia":[{"embeddable":true,"href":"https:\/\/sandzakpress.net\/arhiva\/wp-json\/wp\/v2\/media\/72933"}],"wp:attachment":[{"href":"https:\/\/sandzakpress.net\/arhiva\/wp-json\/wp\/v2\/media?parent=72932"}],"wp:term":[{"taxonomy":"category","embeddable":true,"href":"https:\/\/sandzakpress.net\/arhiva\/wp-json\/wp\/v2\/categories?post=72932"},{"taxonomy":"post_tag","embeddable":true,"href":"https:\/\/sandzakpress.net\/arhiva\/wp-json\/wp\/v2\/tags?post=72932"}],"curies":[{"name":"wp","href":"https:\/\/api.w.org\/{rel}","templated":true}]}}