{"id":72827,"date":"2013-04-13T19:31:12","date_gmt":"2013-04-13T17:31:12","guid":{"rendered":"https:\/\/sandzakpress.net\/arhiva\/?p=72827"},"modified":"2013-04-14T14:02:28","modified_gmt":"2013-04-14T12:02:28","slug":"predsjednik-fehratovic-autonomija-sandzaka-povezivanje-bosnjaka-svijeta-i-eu-su-temelji-naseg-programa","status":"publish","type":"post","link":"https:\/\/sandzakpress.net\/arhiva\/predsjednik-fehratovic-autonomija-sandzaka-povezivanje-bosnjaka-svijeta-i-eu-su-temelji-naseg-programa\/","title":{"rendered":"Predsjednik Fehratovi\u0107: Autonomija, povezivanje Bo\u0161njaka svijeta i EU su temelji na\u0161eg programa"},"content":{"rendered":"<p><a href=\"https:\/\/sandzakpress.net\/arhiva\/wp-content\/uploads\/2013\/04\/jahja-fehratovic.jpg\"><img loading=\"lazy\" decoding=\"async\" class=\"alignleft size-full wp-image-72911\" title=\"jahja-fehratovic\" src=\"https:\/\/sandzakpress.net\/arhiva\/wp-content\/uploads\/2013\/04\/jahja-fehratovic.jpg\" alt=\"\" width=\"287\" height=\"227\" \/><\/a>Novi Pazar &#8211; Intervju sa novizabranim predsjednikom Bo\u0161nja\u010dke demokratske zajednice <strong>mr. Jahja Fehratovi\u0107 <\/strong>za PabBo\u0161njak<\/p>\n<p>Razgovarao: <strong>Salahudin Feti\u0107<\/strong><\/p>\n<p>U nedjelju je u Novom Pazaru odr\u017eana Vanredna skup\u0161tina Bo\u0161nja\u010dke  demokratske zajednice na kojoj je smijenjen dosada\u0161nji predsjednik Emir  Elfi\u0107 i Vi izabrani za novog predsjednika stranke. \u0160ta je dovelo do ove  smjene?<!--more--><\/p>\n<p><em>Da, upravo je odr\u017eana Vanredna skup\u0161tina Bo\u0161nja\u010dke demokratske  zajednice na kojoj je izglasana odluka kojom je opozvan dosada\u0161nji  predsjednik Stranke gospodin Emir Elfi\u0107. Na istoj Skup\u0161tini usvojene su  odluke Predsjedni\u0161tva i Glavnog odbora stranke o smjeni dosada\u0161njeg  potpredsjednika stranke gospodina \u0160erifa Maruki\u0107a i vije\u0107nice u  Skup\u0161tini grada Novoga Pazara i \u010dlanice Gradskog odbora BDZ-a Novi Pazar  gospo\u0111e Azre Zatri\u0107. Obrazlo\u017eenje Izvr\u0161nog odbora stranke o razlozima  smjene gospodina Elfi\u0107a je bilo iscrpno i ubjedljivo, tako da je  proceduralno, krajnje demokratski, tajnim glasanjem delegata, izvr\u0161en  njegov opoziv. Imao sam \u010dast da odlukom Predsjedni\u0161tva i Glavnog odbora  budem jedini kandidat za novog predsjednika Stranke, i taj je prijedlog  jednoglasno usvojen od strane delegata na Skup\u0161tini.<\/em><\/p>\n<p>GLAVNI ODBOR JE USVOJIO SEDAMNAEST RAZLOGA ZA OPOZIV GOSPODINA ELFI\u0106A<\/p>\n<p><strong>Da, ali \u0161ta je dovelo do toga da je na Skup\u0161tini izglasano nepovjerenje gospodinu Elfi\u0107u?<\/strong><\/p>\n<p><em>U obrazlo\u017eenju Izvr\u0161nog odbora i informacijama koje su prije  odr\u017eavanja Skup\u0161tine i\u0161le prema medijima jasno se ka\u017ee da je gospodin  Elfi\u0107 prekr\u0161io Statut stranke i ozbiljno ugrozio osnovne principe,  na\u010dela, ideale, metodologiju i ciljeve radi kojih je Bo\u0161nja\u010dka  demokratska zajednica osnovana. Glavni odbor je usvojio sljede\u0107e razloge  za opoziv gospodina Elfi\u0107a: za dvije i po godine postojanja partije  nije odr\u017eana ni jedna Skup\u0161tina, iako po Statutu ista mora biti odr\u017eana  bar jednom godi\u0161nje; od osnivanja stranke odr\u017eana su samo dva zasjedanja  Glavnog odbora; sjednice Predsjedni\u0161tva nikada nisu odr\u017eane u punom  sastavu; ne postoje zapisnici niti protokolisane odluke sa sjednica  stranke; nikada nije usvojen finansijski plan (bud\u017eet) rada stranke;  predsjednik nikada nije podnio finansijski izvje\u0161taj Skup\u0161tini, \u0161to je  bila izri\u010dita statutarna obaveza; proteklih mjeseci predsjednik je  opstruirao okon\u010danje organizacione strukture mjesnih odbora; distancirao  se od svih slojeva zajednice koji su u predizbornom periodu dali  podr\u0161ku partiji; svojevoljno i mimo statutarne procedure vr\u0161io je  izmjene odredaba Statuta stranke; permanentno je koketirao sa otvorenim  protivnicima stranke i nacionalnog kursa BDZ; vodio je pregovore o  mogu\u0107im koalicijama sa predsjednicima SDA i SDP bez saglasnosti organa  stranke; odstupio je od osnovne programske orijentacije i poku\u0161avao BDZ  pretvoriti u interesnu zajednicu poput postoje\u0107ih stranaka; nikada nije  uspostavio konkretnu komunikaciju sa \u010dlanovima sa \u010dlanovima u\u017eeg  rukovodstva; ugu\u0161io je aktivnost Mladih BDZ-a. Povrh svega toga  organizirao je upad u prostorije stranke, odno\u0161enje dijela dokumentacije  i brisanje arhiviranih podataka sa strana\u010dkog ra\u010dunara, te slao  saop\u0107enja za javnost u kojima napada na Islamsku zajednicu i IUNP.  Vrhunac svih ne\u010dasnih radnji bio je zloupotreba i poku\u0161aj falsifikovanja  subjektiviteta stranke uz izno\u0161enje la\u017enih informacija o navodnom  odr\u017eavanju Skup\u0161tine i Glavnog odbora stranke, te promovisanju  nepoznatih lica u Predsjedni\u0161tvu stranke. U skladu sa tim, pokrenuta je  procedura njegovog opoziva i sam \u010din opoziva dogodio se na Vanrednoj  skup\u0161tini BDZ-a 31. 3. 2013. godine, a toj Skup\u0161tini su prethodile  sjednice Predsjedni\u0161tva i Glavnog odbora na kojima je od gospodina  Elfi\u0107a zahtijevano da podnese ostavku, i na kojima je uredno pozivan da  iznese svoje stavove, kao \u0161to je bio pozvan i na ovoj Skup\u0161tini, ali se  ni na jednom strana\u010dkom organu nije pojavio.<\/em><\/p>\n<p>ODLU\u010cNOM AKCIJOM ZAUSTAVLJEN POKU\u0160AJ PRAVLJENJA DUALIZMA<\/p>\n<p><strong>Elfi\u0107 je izjavio da je nekoliko dana prije Va\u0161e Skup\u0161tine odr\u017eana  njegova Skup\u0161tina na kojoj je smijenjena ve\u0107ina \u010dlanova dosada\u0161njeg  predsjedni\u0161tva, izabran novi Glavni odbor i potvr\u0111en njegov reizbor na  mjestu predsjednika BDZ-a?<\/strong><\/p>\n<p><em>Rije\u010d je o njaobi\u010dnijem \u010dinu falsifikata. Time se poku\u0161ava  nastaviti strategija minimiziranja autohtonih institucija bo\u0161nja\u010dkog  naroda taktikom dualizama koja se sprovodi nad klju\u010dnim institucijama  na\u0161eg naroda u Sand\u017eaku i Republici Srbiji. Kada je osnovan  Internacionalni univerzitet u Novom Pazaru tada\u0161nji dr\u017eavni aparat je  oformio Dr\u017eavni univerzitet u Novom Pazaru. Nakon ujedinjena Islamske  zajednice u Srbiji poku\u0161ali su instalirati paravjersku tvorevinu.  Poslije apsolutne pobjede liste Bo\u0161nja\u010dke kulturne zajednice na izborima  za Bo\u0161nja\u010dko nacionalno vije\u0107e i formiranja legalnih i legitimnih  organa Bo\u0161nja\u010dkog nacionalnog vije\u0107a podr\u017eali su neki tehni\u010dki saziv  kome je, prema svim zakonskim osnovama, istekao mandat prije vi\u0161e  godina. Valjda je sada bio red da se naprave dvije Bo\u0161nja\u010dke demokratske  zajednice, samo \u0161to im to odlu\u010dnom akcijom organa stranke nije uspjelo i  \u0161to se sve svelo na to da najtendenciozniji srbijanski mediji takve  poku\u0161aje nazivaju \u201eotcijepljeno krilo\u201d, a legalne i legitimne organe  \u201eizvorno krilo\u201d. Dakle, rije\u010d je o zloupotrebi pozicije i falsificiranju  dokumenata u ne\u010dasne svrhe.<\/em><\/p>\n<p>OD TRIDESET PET SAMO DVA ODBORNIKA UZ ELFI\u0106A<\/p>\n<p><strong>Ali, uz Elfi\u0107a je, kako on ka\u017ee, ostao dobar dio rukovodioca partije?<\/strong><\/p>\n<p><em>To nije ta\u010dno. Od trideset pet odbornika Bo\u0161nja\u010dke demokratske  zajednice u svim sand\u017ea\u010dkim gradovima uz biv\u0161eg predsjednika ostala su  samo dva, ne ra\u010dunaju\u0107i jednu odbornicu iz Novog Pazara koja je ranije  isklju\u010dena iz stranke jer je, suprotno odluci partije, dala legitimitet  gradskim vlastima. Ni jedan \u010dlan Glavnog odbora BDZ-a nije ostao uz  biv\u0161eg predsjednika. Osim njegovog li\u010dnog prijatelja i gospo\u0111e koje sam  ve\u0107 spomenuo, niko od funkcionera, \u010dlanova, aktivista i simpatizera  Bo\u0161nja\u010dke demokratske zajednice nije stao uz njega. Gospodin Elfi\u0107 mo\u017ee  nastaviti politi\u010dki \u017eivot i anga\u017eman ako \u017eeli, ali ne kroz Bo\u0161nja\u010dku  demokratsku zajednicu koja je odlukom delegata na Vanrednoj skup\u0161tini  iznijela svoj stav o tome. Njemu i njegovom prijatelju niko ne\u0107e smetati  da osnuju novu partiju, ali ne na u\u0161trb Bo\u0161nja\u010dke demokratske zajednice  niti bilo kojeg njezinog dijela.<\/em><\/p>\n<p>OSJETIO SE ZADAH AGRESIJE IZ 2007.<\/p>\n<p><strong>2007. godine je izvr\u0161en udar na IZ, \u0161to je uzdramlo Bo\u0161njake u  Sand\u017eaku, sada se de\u0161ava poku\u0161aj politi\u010dke destabilizacije u okviru  sistema koga vodi Muftija Zukorli\u0107a \u0161ta je bio ja\u010di udarac?<\/strong><\/p>\n<p><strong> <\/strong><\/p>\n<p><em>Prema rije\u010dima nosioca odbrane Islamske zajednice i  duhovno-nacionalnog pokreta Bo\u0161njaka, u ovom nasrtaju se osjetio zadah  udara iz 2007. godine. Me\u0111utim, postoji jedna razlika. Bo\u0161nja\u010dka  demokratska zajednica nastala je kao politi\u010dko krilo duhovno-nacionalnog  pokreta Bo\u0161njaka i ona je nastala nakon udara 2007. godine i odlaska iz  na\u0161ih redova onih koje su nam tajne slu\u017ebe instalirale u decenijama  komunizma. Sada smo bili u prilici da biramo ljude koje \u0107emo postaviti  na odgovorne pozicije, zato je ovaj udarac emotivno sna\u017eniji. Ali, ono  \u0161to vas ne ubije ono vas oja\u010da. Zato smo siguran da je BDZkao politi\u010dki  eksponent i bo\u0161nja\u010dki duhovno-nacionalni pokret iz ovoga iza\u0161ao jo\u0161 ja\u010di  i \u010dvr\u0161\u0107i. Jedna od intencija ovog poku\u0161aja polti\u010dke destabilizacije  bila je slabljenje utjecaja Muftije Zukorli\u0107a, mi smo se na Vanrednoj  skup\u0161tini sna\u017eno usprotivili tome i dali prisegu na\u0161em duhovnom u\u010ditelju  i prvaku Muftiji Muameru ef. Zukorli\u0107u da nikada ne\u0107emo odustati od  ideala, na\u010dela i programa na kojima je zasnovan duhovno-nacionalni  pokret Bo\u0161njaka i Bo\u0161nja\u010dka demokratska zajednica kao njegov politi\u010dki  eksponent! I kazali smo da svaki poku\u0161aj napada na njega, razumijevamo  kao napad na nas, i sukladno tome \u0107emo se pona\u0161ati. Svaki pozitivan  iskorak na\u0161ih bli\u017enjih i daljnih, iskrenih i potencijalnih prijatelja i  neprijatelja prema njegovim idejama, li\u010dnosti i djelu, do\u010dekat \u0107emo kao  satisfakciju za na\u0161e predano djelovanje. Du\u0161ebri\u017enici ovo mogu razumjeti  na stotine na\u010dina, ali mi znamo da je u tome na\u0161a veli\u010dina i snaga.<\/em><\/p>\n<p>NA\u0160 LIDER MUFTIJA MUAMER-EF. ZUKORLI\u0106 JE OP\u0106ENACIONALNI RESURS<\/p>\n<p><strong>Zar nije u politici malo opasno vezati se za jednog vjerskog lidera?<\/strong><\/p>\n<p><em>Muftija Muamer-ef. Zukorli\u0107 nije samo vjerski lider, on je vi\u0161e  op\u0107enacionalni resurs Bo\u0161njaka protiv koga se u ovom trenutku vodi  orkestrirana medijska hajka od strane dijela srbijanskih i na\u017ealost onih  bosanskih medija koji su pod utjecajem Beograda naru\u010dena od strane vi\u0161e  faktora kojima smeta njegovo dostojanstveno predstavljanje Bo\u0161njaka i  islama i utjecaj koji iz dana u dan uve\u0107ava na cjelokupnom \u017eivotnom  prostoru Bo\u0161njaka u matici i dijaspori. Da bih Vam to ilustrirao,  poslu\u017eit \u0107u se jednim primjerom. Bila je rije\u010d o svijesti zajednice i  usporedba iste sa p\u010delinjim dru\u0161tvom. Kada p\u010delinje dru\u0161tvo napadnu  neprijatelji njihova glavna meta jeste matica, jer ako odstrane maticu  onda rojevi p\u010delinje vojske postaju muhe bez glave. Dakle, udar je na  glavu, a glava bo\u0161nja\u010dkog naroda u Sand\u017eaku, koja se u posljednje  vrijeme sve vi\u0161e po\u0161tiva i u Sarajevu, jeste Muftija Zukorli\u0107 kao  nosilac svih projekata institucionalnog podizanja Bo\u0161njaka.<\/em><\/p>\n<p><a href=\"http:\/\/bdz.rs\/wp-content\/uploads\/2013\/04\/skupstina-bdz-31.3.2013..jpg\"><img loading=\"lazy\" decoding=\"async\" title=\"skupstina bdz, 31.3.2013.\" src=\"http:\/\/bdz.rs\/wp-content\/uploads\/2013\/04\/skupstina-bdz-31.3.2013..jpg\" alt=\"\" width=\"620\" height=\"358\" \/><\/a><\/p>\n<p>PARTIJA JEDNAKOPRAVNIH I JEDNAKOODGOVORNIH POJEDINACA<\/p>\n<p><strong>U kom pravcu \u0107e se sada kretati politika Bo\u0161nja\u010dke demokratske zajednice?<\/strong><\/p>\n<p><em>Ja sam u ekspozeu nakon izbora za predsjednika BDZa, kazao da je  Bo\u0161nja\u010dka demokratska zajednica partija jednakih, jednakopravnih,  jednako obaveznih i jednako odgovornih pojedinaca. Ne \u017eelim niti imam  pravo ni po \u010demu izlaziti iz tih okvira. Svoju poziciju u BDZu vidim  isklju\u010divo kao poziciju koordinatora cikli\u010dno konstruiranog tima od  predsjedni\u0161tva, preko glavnog i izvr\u0161nog odbora, gradskih, op\u0107inskih i  mjesnih odbora, do pojedina\u010dnih \u010dlanova, aktivista i simpatizera. Na\u0161i  ciljevi, ideologija i metodologija ostaju istovjetni onome na \u010demu je  nastala Bo\u0161nja\u010dka demokratska zajednica, i ustrajavat \u0107emo na njima sve  dok ih ne ostvarimo, ma koliko to trajalo i energije zahtijevalo.<\/em><\/p>\n<p><em>U narednom periodu \u0107emo se posvetiti ja\u010danju strana\u010dkih organa i  uspostavi novih gradskih, op\u0107inskih i mjesnih odbora u svim dijelovima  dr\u017eave gdje postoji plodno tlo i potreba za politiku Bo\u0161nja\u010dke  demokratske zajednice. U gradskim i op\u0107inskim skup\u0161tinama gdje imamo  predstavnike borit \u0107emo se da opravdamo povjerenje glasa\u010da i budemo  njihova rije\u010d, dostojanstvo i ponos. Tako\u0111er, sve aktivnosti od same  Vanredne skup\u0161tine usmjeravamo u pravcu opse\u017enih priprema za izbore koji  mogu biti ove, sljede\u0107e ili za tri godine i preuzimanja mehanizama  vlasti kako bismo ostvarili zacrtane ciljeve i ideale.<\/em><\/p>\n<p>PONOSAN SAM NA SVOJ TIM<\/p>\n<p><strong>Otkuda toliki optimizam i samouvjerenost?<\/strong><\/p>\n<p><em>Ljudski kvalitet je najve\u0107e blago Bo\u0161nja\u010dke demokratske  zajednice. Ja sam ponosan na tim ljudi koji stoji uz mene i uvjeren da  zajedni\u010dkim snagama, podjelom obaveza i odgovornosti, sistematizacijom  resornih zadu\u017eenja, reorganizacijom onih segmentima partijskih organa  koji nisu u dovoljnoj mjeri profunkcionirali, te izradom programa i  projekata koji \u0107e pobolj\u0161ati \u017eivot Bo\u0161njaka i drugih gra\u0111ana Republike  Srbije mo\u017eemo posti\u0107i maksimalan u\u010dinak na bilo kojim izborima i  opravdati povjerenje na\u0161ih \u010dlanova, aktivista, simpatizera i glasa\u010da.<\/em><\/p>\n<p>AUTONOMIJA SAND\u017dAKA, POVEZIVANJE BO\u0160NJAKA SVIJETA I EVROPSKA UNIJATEMELJI SU NA\u0160EG PROGRAMA<\/p>\n<p><strong>Ako je, kako ka\u017eete BDZ politi\u010dko krilo duhovnonacionalnog pokreta Bo\u0161njaka, za\u0161to ne govorite o nacionalnim projektima?<\/strong><\/p>\n<p><em>O nacionalnim projektima nisam govorio u dosada\u0161njem dijelu  intervjua, jer sam smatrao da Va\u0161a pitanja idu samo u smjeru  razumijevanja trenutne situacije i promjena unutar na\u0161e stranke. Mi smo  programom stranke jasno definirali smjer i prioritete djelovanja na putu  rje\u0161avanja problema Bo\u0161njaka. Cjelokupno djelovanje Bo\u0161nja\u010dke  demokratske zajednice ide u smjeru ostvarenje prekograni\u010dne regije  Sand\u017eak prema me\u0111unarodnim deklaracijama, konvencijama i drugim aktima i  evropskim principima, po modelu Ju\u017enog Tirola ili nekog drugog  specifikuma; institucionalnog povezivanja svih Bo\u0161njaka svijeta uz  po\u0161tivanje krilatice da je \u201eSvaki Bo\u0161njak odgovoran za drugog Bo\u0161njaka\u201d i  izgradnje mehanizama odbrane na\u0161eg naroda od asimilacije i genocida; te  ulaska Republike Srbije, na\u0161e mati\u010dne dr\u017eave Bosne i Hercegovine i  drugih dr\u017eava regiona u Evropsku uniju. Ovo su tri dugoro\u010dna cilja na  \u010dijem \u0107emo ostvarenju predano raditi sve dok ne do\u0111emo do njih.<\/em><\/p>\n<p>AUTONOMIJA SAND\u017dAKA \u0106E KORISTITI DR\u017dAVAMA SRBIJI I CRNOJ GORI<\/p>\n<p><strong>Koliko je realno o\u010dekivanje da \u0107e dr\u017eave Srbija i Crna Gora dozvoliti uspostavu Autonomije Sand\u017eaka?<\/strong><\/p>\n<p><em>Vi znate da je vladaju\u0107a garnitura u Crnoj Gori sa vode\u0107om  bo\u0161nja\u010dkom partijom u toj dr\u017eavi ve\u0107 potpisala sporazum koji tretira  prekograni\u010dnu regiju Sand\u017eak. Time je ve\u0107 pola posla ura\u0111eno. Na nama je  jo\u0161 samo da politi\u010dkim mehanizmima ubijedimo srbijanske vlasti da  primijene neke od evropskih principa i modela koji postoje u praksi.  Pregorani\u010dna autonomna regija Sand\u017eak ne\u0107e ugro\u017eavati teritorijalne  granice ni jedne dr\u017eave ve\u0107 \u0107e omogu\u0107iti lak\u0161i \u017eivot gra\u0111anima Sand\u017eaka i  njegovati i izgra\u0111ivati ekonomske, kulturne i svake druge posebnosti  ovog historijski kompaktnog i jedinstvenog dijela Balkana. A to \u0107e i  objema dr\u017eavama donijeti dobro, obi\u010dnim gra\u0111anima Sand\u017eaka kao i  politi\u010darima olak\u0161ati svakodnevni \u017eivot. Ako ni\u0161ta drugo ne\u0107e se vi\u0161e  voditi sudski sporovi kao \u0161to je sada ve\u0107 paradigmati\u010dni spor oko  \u201eHusove krave\u201d koji se vodi pred Osnovnim sudom u Ro\u017eajama, a tretira  problem jednog gra\u0111anina ovog pograni\u010dnog mjesta \u010dija je krava radi  oplodnje morala pre\u0107i u Dragu, \u0161to je teritorija srbijanskog dijela  Sand\u017eaka, i nakon povratka istu mu je grani\u010dna policija oduzela. Advokat  o\u0161te\u0107enog je skoro izjavio da \u0107e za svjedoke pozvati predsjednika i  potpredsjednika Vlade Crne Gore koji su istodobno potpisnici ovog  Sporazuma i koji su svojim potpisima garantirali slobodan protok ljudi i  roba na teritoriji prekograni\u010dne regije Sand\u017eak.<\/em><\/p>\n<p>PROGRAMI ZA EKONOMSKO UZDIZANJE SAND\u017dAKA<\/p>\n<p><strong>Ekonomija Sand\u017eaka je devastirana, \u0161ta \u0107ete poduzeti da u tom pravcu  pomognete gra\u0111anima ove regije, ili se Va\u0161 program zasniva samo na  ideolo\u0161kih ciljevima.<\/strong><\/p>\n<p><em>Ideolo\u0161ki ciljevi jesu temelj na\u0161eg postojanja i djelovanja, ali  do njih ne mo\u017eemo do\u0107i u koliko ne posvetimo potpunu pa\u017enju preprekama  njihovog ostvarivanja. Te prepreke nisu samo ekonomske prirode, ve\u0107  zahvataju cjelokupnu reorganizaciju dru\u0161tva u svim segmentima va\u017enim za  njegov opstanak i razvoj. \u0160to se konkretno ekonomskih problema ti\u010de ja  sam se obavezao da \u0107u okupiti najeminentnije stru\u010dnjake iz ove oblasti  koje posjedujemo u na\u0161oj zajednici i uz njihovu pomo\u0107 napraviti programe  ekonomskog uzdizanja ne samo Sand\u017eaka ve\u0107 i cijelog regiona. Po ovom  modelu rje\u0161avat \u0107emo i sve ostale goru\u0107e probleme sand\u017ea\u010dkog i  srbijanskog dru\u0161tva i nesebi\u010dno ponuditi pomo\u0107 ostalima u regionu, a  prije svega na\u0161oj mati\u010dnoj dr\u017eavi Bosni i Hercegovini.<\/em><\/p>\n<p>Izvor: <strong>Panbosnjak.com<\/strong><\/p>\n","protected":false},"excerpt":{"rendered":"<p>Novi Pazar &#8211; Intervju sa novizabranim predsjednikom Bo\u0161nja\u010dke demokratske zajednice mr. Jahja Fehratovi\u0107 za PabBo\u0161njak Razgovarao: Salahudin Feti\u0107 U nedjelju je u Novom Pazaru odr\u017eana Vanredna skup\u0161tina Bo\u0161nja\u010dke demokratske zajednice na kojoj je smijenjen dosada\u0161nji predsjednik Emir Elfi\u0107 i Vi izabrani za novog predsjednika stranke. \u0160ta je dovelo do ove smjene?<\/p>\n","protected":false},"author":33,"featured_media":72911,"comment_status":"open","ping_status":"open","sticky":false,"template":"","format":"standard","meta":{"footnotes":""},"categories":[72,1,52,327,392,393,394,8957],"tags":[],"class_list":{"0":"post-72827","1":"post","2":"type-post","3":"status-publish","4":"format-standard","5":"has-post-thumbnail","7":"category-novi-pazar","8":"category-politika","9":"category-sjenica","10":"category-tutin","11":"category-prijepolje_","12":"category-priboj","13":"category-nova-varos","14":"category-vijesti-dana"},"yoast_head":"<!-- This site is optimized with the Yoast SEO Premium plugin v23.1 (Yoast SEO v24.9) - https:\/\/yoast.com\/wordpress\/plugins\/seo\/ -->\n<title>Predsjednik Fehratovi\u0107: Autonomija, povezivanje Bo\u0161njaka svijeta i EU su temelji na\u0161eg programa<\/title>\n<meta name=\"robots\" content=\"index, follow, max-snippet:-1, max-image-preview:large, max-video-preview:-1\" \/>\n<link rel=\"canonical\" href=\"https:\/\/sandzakpress.net\/arhiva\/predsjednik-fehratovic-autonomija-sandzaka-povezivanje-bosnjaka-svijeta-i-eu-su-temelji-naseg-programa\/\" \/>\n<meta property=\"og:locale\" content=\"bs_BA\" \/>\n<meta property=\"og:type\" content=\"article\" \/>\n<meta property=\"og:title\" content=\"Predsjednik Fehratovi\u0107: Autonomija, povezivanje Bo\u0161njaka svijeta i EU su temelji na\u0161eg programa\" \/>\n<meta property=\"og:description\" content=\"Novi Pazar &#8211; Intervju sa novizabranim predsjednikom Bo\u0161nja\u010dke demokratske zajednice mr. Jahja Fehratovi\u0107 za PabBo\u0161njak Razgovarao: Salahudin Feti\u0107 U nedjelju je u Novom Pazaru odr\u017eana Vanredna skup\u0161tina Bo\u0161nja\u010dke demokratske zajednice na kojoj je smijenjen dosada\u0161nji predsjednik Emir Elfi\u0107 i Vi izabrani za novog predsjednika stranke. \u0160ta je dovelo do ove smjene?\" \/>\n<meta property=\"og:url\" content=\"https:\/\/sandzakpress.net\/arhiva\/predsjednik-fehratovic-autonomija-sandzaka-povezivanje-bosnjaka-svijeta-i-eu-su-temelji-naseg-programa\/\" \/>\n<meta property=\"og:site_name\" content=\"Sand\u017eak PRESS\" \/>\n<meta property=\"article:published_time\" content=\"2013-04-13T17:31:12+00:00\" \/>\n<meta property=\"article:modified_time\" content=\"2013-04-14T12:02:28+00:00\" \/>\n<meta property=\"og:image\" content=\"https:\/\/sandzakpress.net\/arhiva\/wp-content\/uploads\/2013\/04\/jahja-fehratovic.jpg\" \/>\n\t<meta property=\"og:image:width\" content=\"287\" \/>\n\t<meta property=\"og:image:height\" content=\"227\" \/>\n\t<meta property=\"og:image:type\" content=\"image\/jpeg\" \/>\n<meta name=\"twitter:card\" content=\"summary_large_image\" \/>\n<meta name=\"twitter:label1\" content=\"Written by\" \/>\n\t<meta name=\"twitter:data1\" content=\"\" \/>\n\t<meta name=\"twitter:label2\" content=\"Est. reading time\" \/>\n\t<meta name=\"twitter:data2\" content=\"12 minuta\" \/>\n<script type=\"application\/ld+json\" class=\"yoast-schema-graph\">{\"@context\":\"https:\/\/schema.org\",\"@graph\":[{\"@type\":\"Article\",\"@id\":\"https:\/\/sandzakpress.net\/arhiva\/predsjednik-fehratovic-autonomija-sandzaka-povezivanje-bosnjaka-svijeta-i-eu-su-temelji-naseg-programa\/#article\",\"isPartOf\":{\"@id\":\"https:\/\/sandzakpress.net\/arhiva\/predsjednik-fehratovic-autonomija-sandzaka-povezivanje-bosnjaka-svijeta-i-eu-su-temelji-naseg-programa\/\"},\"author\":{\"name\":\"\",\"@id\":\"\"},\"headline\":\"Predsjednik Fehratovi\u0107: Autonomija, povezivanje Bo\u0161njaka svijeta i EU su temelji na\u0161eg programa\",\"datePublished\":\"2013-04-13T17:31:12+00:00\",\"dateModified\":\"2013-04-14T12:02:28+00:00\",\"mainEntityOfPage\":{\"@id\":\"https:\/\/sandzakpress.net\/arhiva\/predsjednik-fehratovic-autonomija-sandzaka-povezivanje-bosnjaka-svijeta-i-eu-su-temelji-naseg-programa\/\"},\"wordCount\":2478,\"commentCount\":2,\"publisher\":{\"@id\":\"https:\/\/sandzakpress.net\/arhiva\/#\/schema\/person\/6e72b67d6e51910a1117b3b483ba20bd\"},\"image\":{\"@id\":\"https:\/\/sandzakpress.net\/arhiva\/predsjednik-fehratovic-autonomija-sandzaka-povezivanje-bosnjaka-svijeta-i-eu-su-temelji-naseg-programa\/#primaryimage\"},\"thumbnailUrl\":\"https:\/\/sandzakpress.net\/arhiva\/wp-content\/uploads\/2013\/04\/jahja-fehratovic.jpg\",\"articleSection\":[\"Novi Pazar\",\"Politika\",\"Sjenica\",\"Tutin\",\"Prijepolje\",\"Priboj\",\"Nova Varo\u0161\",\"VIJESTI DANA\"],\"inLanguage\":\"bs-BA\",\"potentialAction\":[{\"@type\":\"CommentAction\",\"name\":\"Comment\",\"target\":[\"https:\/\/sandzakpress.net\/arhiva\/predsjednik-fehratovic-autonomija-sandzaka-povezivanje-bosnjaka-svijeta-i-eu-su-temelji-naseg-programa\/#respond\"]}]},{\"@type\":\"WebPage\",\"@id\":\"https:\/\/sandzakpress.net\/arhiva\/predsjednik-fehratovic-autonomija-sandzaka-povezivanje-bosnjaka-svijeta-i-eu-su-temelji-naseg-programa\/\",\"url\":\"https:\/\/sandzakpress.net\/arhiva\/predsjednik-fehratovic-autonomija-sandzaka-povezivanje-bosnjaka-svijeta-i-eu-su-temelji-naseg-programa\/\",\"name\":\"Predsjednik Fehratovi\u0107: Autonomija, povezivanje Bo\u0161njaka svijeta i EU su temelji na\u0161eg programa\",\"isPartOf\":{\"@id\":\"https:\/\/sandzakpress.net\/arhiva\/#website\"},\"primaryImageOfPage\":{\"@id\":\"https:\/\/sandzakpress.net\/arhiva\/predsjednik-fehratovic-autonomija-sandzaka-povezivanje-bosnjaka-svijeta-i-eu-su-temelji-naseg-programa\/#primaryimage\"},\"image\":{\"@id\":\"https:\/\/sandzakpress.net\/arhiva\/predsjednik-fehratovic-autonomija-sandzaka-povezivanje-bosnjaka-svijeta-i-eu-su-temelji-naseg-programa\/#primaryimage\"},\"thumbnailUrl\":\"https:\/\/sandzakpress.net\/arhiva\/wp-content\/uploads\/2013\/04\/jahja-fehratovic.jpg\",\"datePublished\":\"2013-04-13T17:31:12+00:00\",\"dateModified\":\"2013-04-14T12:02:28+00:00\",\"breadcrumb\":{\"@id\":\"https:\/\/sandzakpress.net\/arhiva\/predsjednik-fehratovic-autonomija-sandzaka-povezivanje-bosnjaka-svijeta-i-eu-su-temelji-naseg-programa\/#breadcrumb\"},\"inLanguage\":\"bs-BA\",\"potentialAction\":[{\"@type\":\"ReadAction\",\"target\":[\"https:\/\/sandzakpress.net\/arhiva\/predsjednik-fehratovic-autonomija-sandzaka-povezivanje-bosnjaka-svijeta-i-eu-su-temelji-naseg-programa\/\"]}]},{\"@type\":\"ImageObject\",\"inLanguage\":\"bs-BA\",\"@id\":\"https:\/\/sandzakpress.net\/arhiva\/predsjednik-fehratovic-autonomija-sandzaka-povezivanje-bosnjaka-svijeta-i-eu-su-temelji-naseg-programa\/#primaryimage\",\"url\":\"https:\/\/sandzakpress.net\/arhiva\/wp-content\/uploads\/2013\/04\/jahja-fehratovic.jpg\",\"contentUrl\":\"https:\/\/sandzakpress.net\/arhiva\/wp-content\/uploads\/2013\/04\/jahja-fehratovic.jpg\",\"width\":287,\"height\":227},{\"@type\":\"BreadcrumbList\",\"@id\":\"https:\/\/sandzakpress.net\/arhiva\/predsjednik-fehratovic-autonomija-sandzaka-povezivanje-bosnjaka-svijeta-i-eu-su-temelji-naseg-programa\/#breadcrumb\",\"itemListElement\":[{\"@type\":\"ListItem\",\"position\":1,\"name\":\"Home\",\"item\":\"https:\/\/sandzakpress.net\/arhiva\/\"},{\"@type\":\"ListItem\",\"position\":2,\"name\":\"Predsjednik Fehratovi\u0107: Autonomija, povezivanje Bo\u0161njaka svijeta i EU su temelji na\u0161eg programa\"}]},{\"@type\":\"WebSite\",\"@id\":\"https:\/\/sandzakpress.net\/arhiva\/#website\",\"url\":\"https:\/\/sandzakpress.net\/arhiva\/\",\"name\":\"Sand\u017eak PRESS\",\"description\":\"Prve elektronske novine u Sand\u017eaku\",\"publisher\":{\"@id\":\"https:\/\/sandzakpress.net\/arhiva\/#\/schema\/person\/6e72b67d6e51910a1117b3b483ba20bd\"},\"potentialAction\":[{\"@type\":\"SearchAction\",\"target\":{\"@type\":\"EntryPoint\",\"urlTemplate\":\"https:\/\/sandzakpress.net\/arhiva\/?s={search_term_string}\"},\"query-input\":{\"@type\":\"PropertyValueSpecification\",\"valueRequired\":true,\"valueName\":\"search_term_string\"}}],\"inLanguage\":\"bs-BA\"},{\"@type\":[\"Person\",\"Organization\"],\"@id\":\"https:\/\/sandzakpress.net\/arhiva\/#\/schema\/person\/6e72b67d6e51910a1117b3b483ba20bd\",\"name\":\"Kul\",\"image\":{\"@type\":\"ImageObject\",\"inLanguage\":\"bs-BA\",\"@id\":\"https:\/\/sandzakpress.net\/arhiva\/#\/schema\/person\/image\/\",\"url\":\"https:\/\/secure.gravatar.com\/avatar\/42263f39aa27ac04c43cab85c280eb2e?s=96&d=mm&r=pg\",\"contentUrl\":\"https:\/\/secure.gravatar.com\/avatar\/42263f39aa27ac04c43cab85c280eb2e?s=96&d=mm&r=pg\",\"caption\":\"Kul\"},\"logo\":{\"@id\":\"https:\/\/sandzakpress.net\/arhiva\/#\/schema\/person\/image\/\"}},{\"@type\":\"Person\",\"@id\":\"\",\"url\":\"https:\/\/sandzakpress.net\/arhiva\/author\/\"}]}<\/script>\n<!-- \/ Yoast SEO Premium plugin. -->","yoast_head_json":{"title":"Predsjednik Fehratovi\u0107: Autonomija, povezivanje Bo\u0161njaka svijeta i EU su temelji na\u0161eg programa","robots":{"index":"index","follow":"follow","max-snippet":"max-snippet:-1","max-image-preview":"max-image-preview:large","max-video-preview":"max-video-preview:-1"},"canonical":"https:\/\/sandzakpress.net\/arhiva\/predsjednik-fehratovic-autonomija-sandzaka-povezivanje-bosnjaka-svijeta-i-eu-su-temelji-naseg-programa\/","og_locale":"bs_BA","og_type":"article","og_title":"Predsjednik Fehratovi\u0107: Autonomija, povezivanje Bo\u0161njaka svijeta i EU su temelji na\u0161eg programa","og_description":"Novi Pazar &#8211; Intervju sa novizabranim predsjednikom Bo\u0161nja\u010dke demokratske zajednice mr. Jahja Fehratovi\u0107 za PabBo\u0161njak Razgovarao: Salahudin Feti\u0107 U nedjelju je u Novom Pazaru odr\u017eana Vanredna skup\u0161tina Bo\u0161nja\u010dke demokratske zajednice na kojoj je smijenjen dosada\u0161nji predsjednik Emir Elfi\u0107 i Vi izabrani za novog predsjednika stranke. \u0160ta je dovelo do ove smjene?","og_url":"https:\/\/sandzakpress.net\/arhiva\/predsjednik-fehratovic-autonomija-sandzaka-povezivanje-bosnjaka-svijeta-i-eu-su-temelji-naseg-programa\/","og_site_name":"Sand\u017eak PRESS","article_published_time":"2013-04-13T17:31:12+00:00","article_modified_time":"2013-04-14T12:02:28+00:00","og_image":[{"width":287,"height":227,"url":"https:\/\/sandzakpress.net\/arhiva\/wp-content\/uploads\/2013\/04\/jahja-fehratovic.jpg","type":"image\/jpeg"}],"twitter_card":"summary_large_image","twitter_misc":{"Written by":"","Est. reading time":"12 minuta"},"schema":{"@context":"https:\/\/schema.org","@graph":[{"@type":"Article","@id":"https:\/\/sandzakpress.net\/arhiva\/predsjednik-fehratovic-autonomija-sandzaka-povezivanje-bosnjaka-svijeta-i-eu-su-temelji-naseg-programa\/#article","isPartOf":{"@id":"https:\/\/sandzakpress.net\/arhiva\/predsjednik-fehratovic-autonomija-sandzaka-povezivanje-bosnjaka-svijeta-i-eu-su-temelji-naseg-programa\/"},"author":{"name":"","@id":""},"headline":"Predsjednik Fehratovi\u0107: Autonomija, povezivanje Bo\u0161njaka svijeta i EU su temelji na\u0161eg programa","datePublished":"2013-04-13T17:31:12+00:00","dateModified":"2013-04-14T12:02:28+00:00","mainEntityOfPage":{"@id":"https:\/\/sandzakpress.net\/arhiva\/predsjednik-fehratovic-autonomija-sandzaka-povezivanje-bosnjaka-svijeta-i-eu-su-temelji-naseg-programa\/"},"wordCount":2478,"commentCount":2,"publisher":{"@id":"https:\/\/sandzakpress.net\/arhiva\/#\/schema\/person\/6e72b67d6e51910a1117b3b483ba20bd"},"image":{"@id":"https:\/\/sandzakpress.net\/arhiva\/predsjednik-fehratovic-autonomija-sandzaka-povezivanje-bosnjaka-svijeta-i-eu-su-temelji-naseg-programa\/#primaryimage"},"thumbnailUrl":"https:\/\/sandzakpress.net\/arhiva\/wp-content\/uploads\/2013\/04\/jahja-fehratovic.jpg","articleSection":["Novi Pazar","Politika","Sjenica","Tutin","Prijepolje","Priboj","Nova Varo\u0161","VIJESTI DANA"],"inLanguage":"bs-BA","potentialAction":[{"@type":"CommentAction","name":"Comment","target":["https:\/\/sandzakpress.net\/arhiva\/predsjednik-fehratovic-autonomija-sandzaka-povezivanje-bosnjaka-svijeta-i-eu-su-temelji-naseg-programa\/#respond"]}]},{"@type":"WebPage","@id":"https:\/\/sandzakpress.net\/arhiva\/predsjednik-fehratovic-autonomija-sandzaka-povezivanje-bosnjaka-svijeta-i-eu-su-temelji-naseg-programa\/","url":"https:\/\/sandzakpress.net\/arhiva\/predsjednik-fehratovic-autonomija-sandzaka-povezivanje-bosnjaka-svijeta-i-eu-su-temelji-naseg-programa\/","name":"Predsjednik Fehratovi\u0107: Autonomija, povezivanje Bo\u0161njaka svijeta i EU su temelji na\u0161eg programa","isPartOf":{"@id":"https:\/\/sandzakpress.net\/arhiva\/#website"},"primaryImageOfPage":{"@id":"https:\/\/sandzakpress.net\/arhiva\/predsjednik-fehratovic-autonomija-sandzaka-povezivanje-bosnjaka-svijeta-i-eu-su-temelji-naseg-programa\/#primaryimage"},"image":{"@id":"https:\/\/sandzakpress.net\/arhiva\/predsjednik-fehratovic-autonomija-sandzaka-povezivanje-bosnjaka-svijeta-i-eu-su-temelji-naseg-programa\/#primaryimage"},"thumbnailUrl":"https:\/\/sandzakpress.net\/arhiva\/wp-content\/uploads\/2013\/04\/jahja-fehratovic.jpg","datePublished":"2013-04-13T17:31:12+00:00","dateModified":"2013-04-14T12:02:28+00:00","breadcrumb":{"@id":"https:\/\/sandzakpress.net\/arhiva\/predsjednik-fehratovic-autonomija-sandzaka-povezivanje-bosnjaka-svijeta-i-eu-su-temelji-naseg-programa\/#breadcrumb"},"inLanguage":"bs-BA","potentialAction":[{"@type":"ReadAction","target":["https:\/\/sandzakpress.net\/arhiva\/predsjednik-fehratovic-autonomija-sandzaka-povezivanje-bosnjaka-svijeta-i-eu-su-temelji-naseg-programa\/"]}]},{"@type":"ImageObject","inLanguage":"bs-BA","@id":"https:\/\/sandzakpress.net\/arhiva\/predsjednik-fehratovic-autonomija-sandzaka-povezivanje-bosnjaka-svijeta-i-eu-su-temelji-naseg-programa\/#primaryimage","url":"https:\/\/sandzakpress.net\/arhiva\/wp-content\/uploads\/2013\/04\/jahja-fehratovic.jpg","contentUrl":"https:\/\/sandzakpress.net\/arhiva\/wp-content\/uploads\/2013\/04\/jahja-fehratovic.jpg","width":287,"height":227},{"@type":"BreadcrumbList","@id":"https:\/\/sandzakpress.net\/arhiva\/predsjednik-fehratovic-autonomija-sandzaka-povezivanje-bosnjaka-svijeta-i-eu-su-temelji-naseg-programa\/#breadcrumb","itemListElement":[{"@type":"ListItem","position":1,"name":"Home","item":"https:\/\/sandzakpress.net\/arhiva\/"},{"@type":"ListItem","position":2,"name":"Predsjednik Fehratovi\u0107: Autonomija, povezivanje Bo\u0161njaka svijeta i EU su temelji na\u0161eg programa"}]},{"@type":"WebSite","@id":"https:\/\/sandzakpress.net\/arhiva\/#website","url":"https:\/\/sandzakpress.net\/arhiva\/","name":"Sand\u017eak PRESS","description":"Prve elektronske novine u Sand\u017eaku","publisher":{"@id":"https:\/\/sandzakpress.net\/arhiva\/#\/schema\/person\/6e72b67d6e51910a1117b3b483ba20bd"},"potentialAction":[{"@type":"SearchAction","target":{"@type":"EntryPoint","urlTemplate":"https:\/\/sandzakpress.net\/arhiva\/?s={search_term_string}"},"query-input":{"@type":"PropertyValueSpecification","valueRequired":true,"valueName":"search_term_string"}}],"inLanguage":"bs-BA"},{"@type":["Person","Organization"],"@id":"https:\/\/sandzakpress.net\/arhiva\/#\/schema\/person\/6e72b67d6e51910a1117b3b483ba20bd","name":"Kul","image":{"@type":"ImageObject","inLanguage":"bs-BA","@id":"https:\/\/sandzakpress.net\/arhiva\/#\/schema\/person\/image\/","url":"https:\/\/secure.gravatar.com\/avatar\/42263f39aa27ac04c43cab85c280eb2e?s=96&d=mm&r=pg","contentUrl":"https:\/\/secure.gravatar.com\/avatar\/42263f39aa27ac04c43cab85c280eb2e?s=96&d=mm&r=pg","caption":"Kul"},"logo":{"@id":"https:\/\/sandzakpress.net\/arhiva\/#\/schema\/person\/image\/"}},{"@type":"Person","@id":"","url":"https:\/\/sandzakpress.net\/arhiva\/author\/"}]}},"_links":{"self":[{"href":"https:\/\/sandzakpress.net\/arhiva\/wp-json\/wp\/v2\/posts\/72827"}],"collection":[{"href":"https:\/\/sandzakpress.net\/arhiva\/wp-json\/wp\/v2\/posts"}],"about":[{"href":"https:\/\/sandzakpress.net\/arhiva\/wp-json\/wp\/v2\/types\/post"}],"author":[{"embeddable":true,"href":"https:\/\/sandzakpress.net\/arhiva\/wp-json\/wp\/v2\/users\/33"}],"replies":[{"embeddable":true,"href":"https:\/\/sandzakpress.net\/arhiva\/wp-json\/wp\/v2\/comments?post=72827"}],"version-history":[{"count":0,"href":"https:\/\/sandzakpress.net\/arhiva\/wp-json\/wp\/v2\/posts\/72827\/revisions"}],"wp:featuredmedia":[{"embeddable":true,"href":"https:\/\/sandzakpress.net\/arhiva\/wp-json\/wp\/v2\/media\/72911"}],"wp:attachment":[{"href":"https:\/\/sandzakpress.net\/arhiva\/wp-json\/wp\/v2\/media?parent=72827"}],"wp:term":[{"taxonomy":"category","embeddable":true,"href":"https:\/\/sandzakpress.net\/arhiva\/wp-json\/wp\/v2\/categories?post=72827"},{"taxonomy":"post_tag","embeddable":true,"href":"https:\/\/sandzakpress.net\/arhiva\/wp-json\/wp\/v2\/tags?post=72827"}],"curies":[{"name":"wp","href":"https:\/\/api.w.org\/{rel}","templated":true}]}}