{"id":72804,"date":"2013-04-12T19:28:36","date_gmt":"2013-04-12T17:28:36","guid":{"rendered":"https:\/\/sandzakpress.net\/arhiva\/?p=72804"},"modified":"2013-04-12T19:28:36","modified_gmt":"2013-04-12T17:28:36","slug":"odliv-mozgova-iz-njemacke-u-tursku","status":"publish","type":"post","link":"https:\/\/sandzakpress.net\/arhiva\/odliv-mozgova-iz-njemacke-u-tursku\/","title":{"rendered":"Odliv mozgova iz Njema\u010dke u Tursku"},"content":{"rendered":"<p><strong><a href=\"https:\/\/sandzakpress.net\/arhiva\/wp-content\/uploads\/2013\/04\/istanbul.jpg\"><img loading=\"lazy\" decoding=\"async\" class=\"alignleft size-medium wp-image-72805\" title=\"istanbul\" src=\"https:\/\/sandzakpress.net\/arhiva\/wp-content\/uploads\/2013\/04\/istanbul-300x179.jpg\" alt=\"\" width=\"300\" height=\"179\" \/><\/a>Njema\u010dka, Turska &#8211; Djeca i unu\u010dad turskih gastarbajtera sve \u010de\u0161\u0107e, nakon izobrazbe ili uspje\u0161ne karijere u Njema\u010dkoj, odlaze u Tursku.<\/strong><\/p>\n<p>Tamo vide bolje izglede za poslovanje. A i turska vlada nastoji privu\u0107i dobro obrazovanu radnu snagu.<\/p>\n<p>\u201cNisam po\u017ealila ni jedne sekunde\u201d, ka\u017ee Dilek Keser o odluci koju je donijela prije godinu i pol dana. Ona je tada okrenula le\u0111a Njema\u010dkoj i odlu\u010dila se za novi \u017eivot u Turskoj. Nakon studija ekonomskog menad\u017ementa radila je deset godina kao direktorica jednog poduze\u0107a. Ali, nije bila zadovoljna poslovnim perspektivama za budu\u0107nost, ka\u017ee ova 36-godi\u0161nja njema\u010dka Turkinja iz Hannovera u razgovoru za DW.<\/p>\n<p>Danas Dilek Keser ima vlastitu tvrtku u Istambulu. Brine se o nekretninama stranih investitora iz Europe i SAD-a. To je njema\u010dko-turska tvrtka s kojom Keser zara\u0111uje i eure i turske lire. \u201cNa po\u010detku mi je bilo va\u017eno i dalje zara\u0111ivati europski novac. Ali, sad bih se toga mogla i odre\u0107i\u201d, ka\u017ee Keser. Zahvaljuju\u0107i obrazovanju u Njema\u010dkoj i znanju njema\u010dkog, turskog i engleskog jezika na radnom tr\u017ei\u0161tu u Turskoj ima osobito dobre izglede.<\/p>\n<p><strong>Stru\u010dnjaci iz Njema\u010dke<\/strong><\/p>\n<p>Mnoge njema\u010dke Turke, kao \u0161to je Dilek Keser, privla\u010di domovina njihovih roditelja, djedova i baka. Prema podacima njema\u010dkoga Saveznoga statisti\u010dkog ureda u 2011. godini je iz Turske u Njema\u010dku do\u0161lo ne\u0161to manje od 31.000 ljudi, dok su u istom razdoblju 33.000 ljudi iz Njema\u010dke oti\u0161le u Tursku. Taj trend traje od 2006. bez prestanka.<\/p>\n<p>Jedan od glavnih razloga je gospodarski napredak Turske i s time povezana mogu\u0107nost zapo\u0161ljavanja. Turski ministar industrije Nihat Erg\u00fcn prilikom nedavnog posjeta Berlinu hvalio je uvjete poslovanja u Turskoj i pozivao dobro obrazovane stru\u010dnjake: \u201cNjema\u010dka bi trebala Turskoj poslati stru\u010dnu radnu snagu, a ne obrnuto.\u201d Turski ministar je naglasio da su dobrodo\u0161li ne samo oni turskog podrijetla, nego i Nijemci.<\/p>\n<p>Od sklapanja sporazuma o zapo\u0161ljavanju stranih radnika izme\u0111u Savezne Republike Njema\u010dke i Turske 1961. godine, pa do obustave dovo\u0111enja novih radnika 1973. na rad, u Njema\u010dku je do\u0161lo oko 750.000 turskih dr\u017eavljana. Zbog tako velikog gubitka radne snage turski ministar Erg\u00fcn je protiv novog sporazuma s Njema\u010dkom o zapo\u0161ljavanju.<\/p>\n<p><strong>Njema\u010dki Turci kao pokreta\u010dka snaga<\/strong><\/p>\n<p>Turski premijer Recep Tayyip Erdogan planira od svoje zemlje napraviti jedno od najve\u0107ih svjetskih gospodarskih sila, a to bi trebalo biti ostvareno najkasnije do 2023. godine. Turska je 2011. imala gospodarski rast od 8,5 posto. Osobito brzo raste turski gra\u0111evinski i energetski sektor.<\/p>\n<p>Ali zbog lo\u0161eg gospodarskog stanja u Europskoj uniji \u201c2013. \u0107e biti kriti\u010dna godina za Tursku\u201d, ka\u017ee u razgovoru za DW Sinan Ulgen, predsjednik Centra za gospodarske i vanjskopoliti\u010dke studije (EDAM) u Istambulu. \u201c40 posto turskog izvoza odlazi u EU, a 85 posto stranih izravnih investicija u Turskoj dolaze iz EU-a\u201d, ka\u017ee Ulgen.<\/p>\n<p>Ali, upravo u gospodarski te\u0161kim vremenima turska radna snaga iz Njema\u010dke igra va\u017enu ulogu, nagla\u0161ava Ulgen. \u201cTurska se nada know-how-u stru\u010dnjaka turskog podrijetla, koji su izobrazbu stekli u Njema\u010dkoj. Ve\u0107 zbog svoga boljeg financijskog stanja oni su prije u mogu\u0107nosti osnovati poduze\u0107e u Turskoj i stvoriti radna mjesta.\u201d Zbog svoga vrlo raznolikoga gospodarstva Turska nudi bolje izglede nego Njema\u010dka za osnivanje poduze\u0107a, smatra Ulgen.<\/p>\n<p>Tolga Sandikci to mo\u017ee potvrditi. On je ro\u0111en u M\u00fcnchenu i bio je na vode\u0107oj poziciji u jednom poduze\u0107u. Prije pet godina je preselio u Tursku. Danas ima vlastitu tvrtku u Istambulu. Prodaje plo\u010de za pravljenje klizali\u0161ta na ledu. \u201cNakon samo tri mjeseca ve\u0107 sam imao oko 400 narud\u017ebi. U Njema\u010dkoj moja tvrtka nikad ne bi rasla tako brzo\u201d, ka\u017ee Sandikci. \u201cU Turskoj ima tako puno poslovnih ideja, koje su toj zemlji potrebne.\u201d Ali, ovaj poduzetnik upozorava na opasnost naivnog optimizma. \u201cRazlike u mentalitetu su velike. Tek otkako \u017eivim u Turskoj primje\u0107ujem koliko imam njema\u010dki mentalitet.\u201d Opasnost da \u010dovjek na poslovnom polju bude prevaren u Turskoj je ve\u0107a nego u Njema\u010dkoj, ka\u017ee Sandikci.<\/p>\n<p><strong>Opasnost prenapuhanoga gospodarstva<\/strong><\/p>\n<p>Osim toga, i gospodarski boom u Turskoj ima svoje negativne strane, upozorava turski ekonomist i ekonomski novinar Mustafa S\u00f6nmez. \u201cStrane investicije u gra\u0111evinarstvu izazivaju opasan mjehur od sapunice\u201d, ka\u017ee on. Smatra da bi Turska morala smanjiti taj sektor i pove\u0107ati industrijski sektor, koji je jako zapostavljen. \u201cMi smo zemlja uvoza, ali moramo se puno vi\u0161e brinuti oko izvoza kako tursko gospodarstvo ne bi bilo toliko ranjivo\u201d, savjetuje ovaj ekonomist. Ti problemi su puno pre\u010di nego privla\u010denje u Tursku stru\u010dnjaka obrazovanih u Njema\u010dkoj.<\/p>\n<p>Ako se izgledi u Turskoj ponovo pogor\u0161aju ili razlike u mentalitetu bude te\u0161ko premostiti, njema\u010dki Turci jo\u0161 uvijek imaju veliku prednost. \u201cJa uvijek mogu natrag u Njema\u010dku\u201d, ka\u017ee poduzetnik Sandikci. Imati dvije domovine to je za njega \u201cBo\u017eji dar\u201d.<\/p>\n<p>(Bosnjak-KS)<\/p>\n","protected":false},"excerpt":{"rendered":"<p>Njema\u010dka, Turska &#8211; Djeca i unu\u010dad turskih gastarbajtera sve \u010de\u0161\u0107e, nakon izobrazbe ili uspje\u0161ne karijere u Njema\u010dkoj, odlaze u Tursku. Tamo vide bolje izglede za poslovanje. A i turska vlada nastoji privu\u0107i dobro obrazovanu radnu snagu. \u201cNisam po\u017ealila ni jedne sekunde\u201d, ka\u017ee Dilek Keser o odluci koju je donijela prije godinu i pol dana. Ona [&hellip;]<\/p>\n","protected":false},"author":16,"featured_media":72805,"comment_status":"open","ping_status":"open","sticky":false,"template":"","format":"standard","meta":{"footnotes":""},"categories":[9538,9,2692],"tags":[],"class_list":{"0":"post-72804","1":"post","2":"type-post","3":"status-publish","4":"format-standard","5":"has-post-thumbnail","7":"category-njemacka-dijaspora-gradovi-vase-vijesti","8":"category-svijet","9":"category-turska-gradovi"},"yoast_head":"<!-- This site is optimized with the Yoast SEO Premium plugin v23.1 (Yoast SEO v24.9) - https:\/\/yoast.com\/wordpress\/plugins\/seo\/ -->\n<title>Odliv mozgova iz Njema\u010dke u Tursku<\/title>\n<meta name=\"robots\" content=\"index, follow, max-snippet:-1, max-image-preview:large, max-video-preview:-1\" \/>\n<link rel=\"canonical\" href=\"https:\/\/sandzakpress.net\/arhiva\/odliv-mozgova-iz-njemacke-u-tursku\/\" \/>\n<meta property=\"og:locale\" content=\"bs_BA\" \/>\n<meta property=\"og:type\" content=\"article\" \/>\n<meta property=\"og:title\" content=\"Odliv mozgova iz Njema\u010dke u Tursku\" \/>\n<meta property=\"og:description\" content=\"Njema\u010dka, Turska &#8211; Djeca i unu\u010dad turskih gastarbajtera sve \u010de\u0161\u0107e, nakon izobrazbe ili uspje\u0161ne karijere u Njema\u010dkoj, odlaze u Tursku. Tamo vide bolje izglede za poslovanje. A i turska vlada nastoji privu\u0107i dobro obrazovanu radnu snagu. \u201cNisam po\u017ealila ni jedne sekunde\u201d, ka\u017ee Dilek Keser o odluci koju je donijela prije godinu i pol dana. Ona [&hellip;]\" \/>\n<meta property=\"og:url\" content=\"https:\/\/sandzakpress.net\/arhiva\/odliv-mozgova-iz-njemacke-u-tursku\/\" \/>\n<meta property=\"og:site_name\" content=\"Sand\u017eak PRESS\" \/>\n<meta property=\"article:published_time\" content=\"2013-04-12T17:28:36+00:00\" \/>\n<meta property=\"og:image\" content=\"https:\/\/sandzakpress.net\/arhiva\/wp-content\/uploads\/2013\/04\/istanbul.jpg\" \/>\n\t<meta property=\"og:image:width\" content=\"616\" \/>\n\t<meta property=\"og:image:height\" content=\"368\" \/>\n\t<meta property=\"og:image:type\" content=\"image\/jpeg\" \/>\n<meta name=\"twitter:card\" content=\"summary_large_image\" \/>\n<meta name=\"twitter:label1\" content=\"Written by\" \/>\n\t<meta name=\"twitter:data1\" content=\"\" \/>\n\t<meta name=\"twitter:label2\" content=\"Est. reading time\" \/>\n\t<meta name=\"twitter:data2\" content=\"4 minute\" \/>\n<script type=\"application\/ld+json\" class=\"yoast-schema-graph\">{\"@context\":\"https:\/\/schema.org\",\"@graph\":[{\"@type\":\"Article\",\"@id\":\"https:\/\/sandzakpress.net\/arhiva\/odliv-mozgova-iz-njemacke-u-tursku\/#article\",\"isPartOf\":{\"@id\":\"https:\/\/sandzakpress.net\/arhiva\/odliv-mozgova-iz-njemacke-u-tursku\/\"},\"author\":{\"name\":\"\",\"@id\":\"\"},\"headline\":\"Odliv mozgova iz Njema\u010dke u Tursku\",\"datePublished\":\"2013-04-12T17:28:36+00:00\",\"mainEntityOfPage\":{\"@id\":\"https:\/\/sandzakpress.net\/arhiva\/odliv-mozgova-iz-njemacke-u-tursku\/\"},\"wordCount\":838,\"commentCount\":0,\"publisher\":{\"@id\":\"https:\/\/sandzakpress.net\/arhiva\/#\/schema\/person\/6e72b67d6e51910a1117b3b483ba20bd\"},\"image\":{\"@id\":\"https:\/\/sandzakpress.net\/arhiva\/odliv-mozgova-iz-njemacke-u-tursku\/#primaryimage\"},\"thumbnailUrl\":\"https:\/\/sandzakpress.net\/arhiva\/wp-content\/uploads\/2013\/04\/istanbul.jpg\",\"articleSection\":[\"Njema\u010dka\",\"Svijet\",\"Turska\"],\"inLanguage\":\"bs-BA\",\"potentialAction\":[{\"@type\":\"CommentAction\",\"name\":\"Comment\",\"target\":[\"https:\/\/sandzakpress.net\/arhiva\/odliv-mozgova-iz-njemacke-u-tursku\/#respond\"]}]},{\"@type\":\"WebPage\",\"@id\":\"https:\/\/sandzakpress.net\/arhiva\/odliv-mozgova-iz-njemacke-u-tursku\/\",\"url\":\"https:\/\/sandzakpress.net\/arhiva\/odliv-mozgova-iz-njemacke-u-tursku\/\",\"name\":\"Odliv mozgova iz Njema\u010dke u Tursku\",\"isPartOf\":{\"@id\":\"https:\/\/sandzakpress.net\/arhiva\/#website\"},\"primaryImageOfPage\":{\"@id\":\"https:\/\/sandzakpress.net\/arhiva\/odliv-mozgova-iz-njemacke-u-tursku\/#primaryimage\"},\"image\":{\"@id\":\"https:\/\/sandzakpress.net\/arhiva\/odliv-mozgova-iz-njemacke-u-tursku\/#primaryimage\"},\"thumbnailUrl\":\"https:\/\/sandzakpress.net\/arhiva\/wp-content\/uploads\/2013\/04\/istanbul.jpg\",\"datePublished\":\"2013-04-12T17:28:36+00:00\",\"breadcrumb\":{\"@id\":\"https:\/\/sandzakpress.net\/arhiva\/odliv-mozgova-iz-njemacke-u-tursku\/#breadcrumb\"},\"inLanguage\":\"bs-BA\",\"potentialAction\":[{\"@type\":\"ReadAction\",\"target\":[\"https:\/\/sandzakpress.net\/arhiva\/odliv-mozgova-iz-njemacke-u-tursku\/\"]}]},{\"@type\":\"ImageObject\",\"inLanguage\":\"bs-BA\",\"@id\":\"https:\/\/sandzakpress.net\/arhiva\/odliv-mozgova-iz-njemacke-u-tursku\/#primaryimage\",\"url\":\"https:\/\/sandzakpress.net\/arhiva\/wp-content\/uploads\/2013\/04\/istanbul.jpg\",\"contentUrl\":\"https:\/\/sandzakpress.net\/arhiva\/wp-content\/uploads\/2013\/04\/istanbul.jpg\",\"width\":616,\"height\":368},{\"@type\":\"BreadcrumbList\",\"@id\":\"https:\/\/sandzakpress.net\/arhiva\/odliv-mozgova-iz-njemacke-u-tursku\/#breadcrumb\",\"itemListElement\":[{\"@type\":\"ListItem\",\"position\":1,\"name\":\"Home\",\"item\":\"https:\/\/sandzakpress.net\/arhiva\/\"},{\"@type\":\"ListItem\",\"position\":2,\"name\":\"Odliv mozgova iz Njema\u010dke u Tursku\"}]},{\"@type\":\"WebSite\",\"@id\":\"https:\/\/sandzakpress.net\/arhiva\/#website\",\"url\":\"https:\/\/sandzakpress.net\/arhiva\/\",\"name\":\"Sand\u017eak PRESS\",\"description\":\"Prve elektronske novine u Sand\u017eaku\",\"publisher\":{\"@id\":\"https:\/\/sandzakpress.net\/arhiva\/#\/schema\/person\/6e72b67d6e51910a1117b3b483ba20bd\"},\"potentialAction\":[{\"@type\":\"SearchAction\",\"target\":{\"@type\":\"EntryPoint\",\"urlTemplate\":\"https:\/\/sandzakpress.net\/arhiva\/?s={search_term_string}\"},\"query-input\":{\"@type\":\"PropertyValueSpecification\",\"valueRequired\":true,\"valueName\":\"search_term_string\"}}],\"inLanguage\":\"bs-BA\"},{\"@type\":[\"Person\",\"Organization\"],\"@id\":\"https:\/\/sandzakpress.net\/arhiva\/#\/schema\/person\/6e72b67d6e51910a1117b3b483ba20bd\",\"name\":\"Kul\",\"image\":{\"@type\":\"ImageObject\",\"inLanguage\":\"bs-BA\",\"@id\":\"https:\/\/sandzakpress.net\/arhiva\/#\/schema\/person\/image\/\",\"url\":\"https:\/\/secure.gravatar.com\/avatar\/42263f39aa27ac04c43cab85c280eb2e?s=96&d=mm&r=pg\",\"contentUrl\":\"https:\/\/secure.gravatar.com\/avatar\/42263f39aa27ac04c43cab85c280eb2e?s=96&d=mm&r=pg\",\"caption\":\"Kul\"},\"logo\":{\"@id\":\"https:\/\/sandzakpress.net\/arhiva\/#\/schema\/person\/image\/\"}},{\"@type\":\"Person\",\"@id\":\"\",\"url\":\"https:\/\/sandzakpress.net\/arhiva\/author\/\"}]}<\/script>\n<!-- \/ Yoast SEO Premium plugin. -->","yoast_head_json":{"title":"Odliv mozgova iz Njema\u010dke u Tursku","robots":{"index":"index","follow":"follow","max-snippet":"max-snippet:-1","max-image-preview":"max-image-preview:large","max-video-preview":"max-video-preview:-1"},"canonical":"https:\/\/sandzakpress.net\/arhiva\/odliv-mozgova-iz-njemacke-u-tursku\/","og_locale":"bs_BA","og_type":"article","og_title":"Odliv mozgova iz Njema\u010dke u Tursku","og_description":"Njema\u010dka, Turska &#8211; Djeca i unu\u010dad turskih gastarbajtera sve \u010de\u0161\u0107e, nakon izobrazbe ili uspje\u0161ne karijere u Njema\u010dkoj, odlaze u Tursku. Tamo vide bolje izglede za poslovanje. A i turska vlada nastoji privu\u0107i dobro obrazovanu radnu snagu. \u201cNisam po\u017ealila ni jedne sekunde\u201d, ka\u017ee Dilek Keser o odluci koju je donijela prije godinu i pol dana. Ona [&hellip;]","og_url":"https:\/\/sandzakpress.net\/arhiva\/odliv-mozgova-iz-njemacke-u-tursku\/","og_site_name":"Sand\u017eak PRESS","article_published_time":"2013-04-12T17:28:36+00:00","og_image":[{"width":616,"height":368,"url":"https:\/\/sandzakpress.net\/arhiva\/wp-content\/uploads\/2013\/04\/istanbul.jpg","type":"image\/jpeg"}],"twitter_card":"summary_large_image","twitter_misc":{"Written by":"","Est. reading time":"4 minute"},"schema":{"@context":"https:\/\/schema.org","@graph":[{"@type":"Article","@id":"https:\/\/sandzakpress.net\/arhiva\/odliv-mozgova-iz-njemacke-u-tursku\/#article","isPartOf":{"@id":"https:\/\/sandzakpress.net\/arhiva\/odliv-mozgova-iz-njemacke-u-tursku\/"},"author":{"name":"","@id":""},"headline":"Odliv mozgova iz Njema\u010dke u Tursku","datePublished":"2013-04-12T17:28:36+00:00","mainEntityOfPage":{"@id":"https:\/\/sandzakpress.net\/arhiva\/odliv-mozgova-iz-njemacke-u-tursku\/"},"wordCount":838,"commentCount":0,"publisher":{"@id":"https:\/\/sandzakpress.net\/arhiva\/#\/schema\/person\/6e72b67d6e51910a1117b3b483ba20bd"},"image":{"@id":"https:\/\/sandzakpress.net\/arhiva\/odliv-mozgova-iz-njemacke-u-tursku\/#primaryimage"},"thumbnailUrl":"https:\/\/sandzakpress.net\/arhiva\/wp-content\/uploads\/2013\/04\/istanbul.jpg","articleSection":["Njema\u010dka","Svijet","Turska"],"inLanguage":"bs-BA","potentialAction":[{"@type":"CommentAction","name":"Comment","target":["https:\/\/sandzakpress.net\/arhiva\/odliv-mozgova-iz-njemacke-u-tursku\/#respond"]}]},{"@type":"WebPage","@id":"https:\/\/sandzakpress.net\/arhiva\/odliv-mozgova-iz-njemacke-u-tursku\/","url":"https:\/\/sandzakpress.net\/arhiva\/odliv-mozgova-iz-njemacke-u-tursku\/","name":"Odliv mozgova iz Njema\u010dke u Tursku","isPartOf":{"@id":"https:\/\/sandzakpress.net\/arhiva\/#website"},"primaryImageOfPage":{"@id":"https:\/\/sandzakpress.net\/arhiva\/odliv-mozgova-iz-njemacke-u-tursku\/#primaryimage"},"image":{"@id":"https:\/\/sandzakpress.net\/arhiva\/odliv-mozgova-iz-njemacke-u-tursku\/#primaryimage"},"thumbnailUrl":"https:\/\/sandzakpress.net\/arhiva\/wp-content\/uploads\/2013\/04\/istanbul.jpg","datePublished":"2013-04-12T17:28:36+00:00","breadcrumb":{"@id":"https:\/\/sandzakpress.net\/arhiva\/odliv-mozgova-iz-njemacke-u-tursku\/#breadcrumb"},"inLanguage":"bs-BA","potentialAction":[{"@type":"ReadAction","target":["https:\/\/sandzakpress.net\/arhiva\/odliv-mozgova-iz-njemacke-u-tursku\/"]}]},{"@type":"ImageObject","inLanguage":"bs-BA","@id":"https:\/\/sandzakpress.net\/arhiva\/odliv-mozgova-iz-njemacke-u-tursku\/#primaryimage","url":"https:\/\/sandzakpress.net\/arhiva\/wp-content\/uploads\/2013\/04\/istanbul.jpg","contentUrl":"https:\/\/sandzakpress.net\/arhiva\/wp-content\/uploads\/2013\/04\/istanbul.jpg","width":616,"height":368},{"@type":"BreadcrumbList","@id":"https:\/\/sandzakpress.net\/arhiva\/odliv-mozgova-iz-njemacke-u-tursku\/#breadcrumb","itemListElement":[{"@type":"ListItem","position":1,"name":"Home","item":"https:\/\/sandzakpress.net\/arhiva\/"},{"@type":"ListItem","position":2,"name":"Odliv mozgova iz Njema\u010dke u Tursku"}]},{"@type":"WebSite","@id":"https:\/\/sandzakpress.net\/arhiva\/#website","url":"https:\/\/sandzakpress.net\/arhiva\/","name":"Sand\u017eak PRESS","description":"Prve elektronske novine u Sand\u017eaku","publisher":{"@id":"https:\/\/sandzakpress.net\/arhiva\/#\/schema\/person\/6e72b67d6e51910a1117b3b483ba20bd"},"potentialAction":[{"@type":"SearchAction","target":{"@type":"EntryPoint","urlTemplate":"https:\/\/sandzakpress.net\/arhiva\/?s={search_term_string}"},"query-input":{"@type":"PropertyValueSpecification","valueRequired":true,"valueName":"search_term_string"}}],"inLanguage":"bs-BA"},{"@type":["Person","Organization"],"@id":"https:\/\/sandzakpress.net\/arhiva\/#\/schema\/person\/6e72b67d6e51910a1117b3b483ba20bd","name":"Kul","image":{"@type":"ImageObject","inLanguage":"bs-BA","@id":"https:\/\/sandzakpress.net\/arhiva\/#\/schema\/person\/image\/","url":"https:\/\/secure.gravatar.com\/avatar\/42263f39aa27ac04c43cab85c280eb2e?s=96&d=mm&r=pg","contentUrl":"https:\/\/secure.gravatar.com\/avatar\/42263f39aa27ac04c43cab85c280eb2e?s=96&d=mm&r=pg","caption":"Kul"},"logo":{"@id":"https:\/\/sandzakpress.net\/arhiva\/#\/schema\/person\/image\/"}},{"@type":"Person","@id":"","url":"https:\/\/sandzakpress.net\/arhiva\/author\/"}]}},"_links":{"self":[{"href":"https:\/\/sandzakpress.net\/arhiva\/wp-json\/wp\/v2\/posts\/72804"}],"collection":[{"href":"https:\/\/sandzakpress.net\/arhiva\/wp-json\/wp\/v2\/posts"}],"about":[{"href":"https:\/\/sandzakpress.net\/arhiva\/wp-json\/wp\/v2\/types\/post"}],"author":[{"embeddable":true,"href":"https:\/\/sandzakpress.net\/arhiva\/wp-json\/wp\/v2\/users\/16"}],"replies":[{"embeddable":true,"href":"https:\/\/sandzakpress.net\/arhiva\/wp-json\/wp\/v2\/comments?post=72804"}],"version-history":[{"count":0,"href":"https:\/\/sandzakpress.net\/arhiva\/wp-json\/wp\/v2\/posts\/72804\/revisions"}],"wp:featuredmedia":[{"embeddable":true,"href":"https:\/\/sandzakpress.net\/arhiva\/wp-json\/wp\/v2\/media\/72805"}],"wp:attachment":[{"href":"https:\/\/sandzakpress.net\/arhiva\/wp-json\/wp\/v2\/media?parent=72804"}],"wp:term":[{"taxonomy":"category","embeddable":true,"href":"https:\/\/sandzakpress.net\/arhiva\/wp-json\/wp\/v2\/categories?post=72804"},{"taxonomy":"post_tag","embeddable":true,"href":"https:\/\/sandzakpress.net\/arhiva\/wp-json\/wp\/v2\/tags?post=72804"}],"curies":[{"name":"wp","href":"https:\/\/api.w.org\/{rel}","templated":true}]}}