{"id":7265,"date":"2010-08-31T08:11:24","date_gmt":"2010-08-31T08:11:24","guid":{"rendered":"https:\/\/sandzakpress.net\/arhiva\/?p=7265"},"modified":"2010-08-31T17:58:00","modified_gmt":"2010-08-31T17:58:00","slug":"zandarmerija-okupirala-vakuf-mearif","status":"publish","type":"post","link":"https:\/\/sandzakpress.net\/arhiva\/zandarmerija-okupirala-vakuf-mearif\/","title":{"rendered":"\u017dandarmerija okupirala Vakuf Mearif"},"content":{"rendered":"<p><strong><a href=\"https:\/\/sandzakpress.net\/arhiva\/wp-content\/uploads\/2010\/08\/DSC022421.jpg\"><img loading=\"lazy\" decoding=\"async\" class=\"alignleft size-medium wp-image-7273\" title=\"DSC02242\" src=\"https:\/\/sandzakpress.net\/arhiva\/wp-content\/uploads\/2010\/08\/DSC022421-300x195.jpg\" alt=\"\" width=\"300\" height=\"195\" \/><\/a>Novi Pazar &#8211; U jutru prije 5h u utorak\u00a0 jake snage \u017dandarmerije upale su na Vakufsku parcelu \u201eMearif\u201c kod Pete mjesne zajednice na Had\u017eetu. <\/strong><\/p>\n<p>Kako nezvani\u010dno saznajemo iz Policijske uprave u NovomPazaru, \u017dandarmerija je okupirala zemlji\u0161te na zahtjev ministra Rasima Ljaji\u0107a.<\/p>\n<p>Cilj ovakog nasilni\u010dkog pona\u0161anja jeste kona\u010dni obra\u010dun sa  onim  ljudima u muslimanskom korpusu u Sand\u017eaku koji \u017eele da \u017eive  slobodno i  dostojanstveno, a ne poltronski, izdajni\u010dki kao ministar  Rasim Ljaji\u0107  pod \u010dijim nagovorom i insisitiranjem se de\u0161avaju ovi i  sli\u010dni doga\u0111aji.<\/p>\n<p>Ovim \u010dinom re\u017eim u Beogradu jo\u0161 jednom je pokazao svoje ne  razumijevanje za muslimane u Sand\u017eaku i Islamsku zajednicu u Srbiji koju  poku\u0161ava da uni\u0161ti konstantno napadaju\u0107i njene \u010delnike, slu\u017ebenike,  vjernike i imovinu.<\/p>\n<p><object classid=\"clsid:d27cdb6e-ae6d-11cf-96b8-444553540000\" width=\"616\" height=\"500\" codebase=\"http:\/\/download.macromedia.com\/pub\/shockwave\/cabs\/flash\/swflash.cab#version=6,0,40,0\"><param name=\"allowFullScreen\" value=\"true\" \/><param name=\"allowscriptaccess\" value=\"always\" \/><param name=\"src\" value=\"http:\/\/www.youtube.com\/v\/TY4aQDHLVe4?fs=1&amp;hl=hr_HR\" \/><param name=\"allowfullscreen\" value=\"true\" \/><embed type=\"application\/x-shockwave-flash\" width=\"616\" height=\"500\" src=\"http:\/\/www.youtube.com\/v\/TY4aQDHLVe4?fs=1&amp;hl=hr_HR\" allowscriptaccess=\"always\" allowfullscreen=\"true\"><\/embed><\/object><\/p>\n<p>Izvor: <strong>SandzakPRESS.net<\/strong><\/p>\n","protected":false},"excerpt":{"rendered":"<p>Novi Pazar &#8211; U jutru prije 5h u utorak\u00a0 jake snage \u017dandarmerije upale su na Vakufsku parcelu \u201eMearif\u201c kod Pete mjesne zajednice na Had\u017eetu. Kako nezvani\u010dno saznajemo iz Policijske uprave u NovomPazaru, \u017dandarmerija je okupirala zemlji\u0161te na zahtjev ministra Rasima Ljaji\u0107a. Cilj ovakog nasilni\u010dkog pona\u0161anja jeste kona\u010dni obra\u010dun sa onim ljudima u muslimanskom korpusu u [&hellip;]<\/p>\n","protected":false},"author":83,"featured_media":7273,"comment_status":"open","ping_status":"open","sticky":false,"template":"","format":"standard","meta":{"footnotes":""},"categories":[72,800],"tags":[],"class_list":{"0":"post-7265","1":"post","2":"type-post","3":"status-publish","4":"format-standard","5":"has-post-thumbnail","7":"category-novi-pazar","8":"category-nacija"},"yoast_head":"<!-- This site is optimized with the Yoast SEO Premium plugin v23.1 (Yoast SEO v24.9) - https:\/\/yoast.com\/wordpress\/plugins\/seo\/ -->\n<title>\u017dandarmerija okupirala Vakuf Mearif<\/title>\n<meta name=\"robots\" content=\"index, follow, max-snippet:-1, max-image-preview:large, max-video-preview:-1\" \/>\n<link rel=\"canonical\" href=\"https:\/\/sandzakpress.net\/arhiva\/zandarmerija-okupirala-vakuf-mearif\/\" \/>\n<meta property=\"og:locale\" content=\"bs_BA\" \/>\n<meta property=\"og:type\" content=\"article\" \/>\n<meta property=\"og:title\" content=\"\u017dandarmerija okupirala Vakuf Mearif\" \/>\n<meta property=\"og:description\" content=\"Novi Pazar &#8211; U jutru prije 5h u utorak\u00a0 jake snage \u017dandarmerije upale su na Vakufsku parcelu \u201eMearif\u201c kod Pete mjesne zajednice na Had\u017eetu. Kako nezvani\u010dno saznajemo iz Policijske uprave u NovomPazaru, \u017dandarmerija je okupirala zemlji\u0161te na zahtjev ministra Rasima Ljaji\u0107a. Cilj ovakog nasilni\u010dkog pona\u0161anja jeste kona\u010dni obra\u010dun sa onim ljudima u muslimanskom korpusu u [&hellip;]\" \/>\n<meta property=\"og:url\" content=\"https:\/\/sandzakpress.net\/arhiva\/zandarmerija-okupirala-vakuf-mearif\/\" \/>\n<meta property=\"og:site_name\" content=\"Sand\u017eak PRESS\" \/>\n<meta property=\"article:published_time\" content=\"2010-08-31T08:11:24+00:00\" \/>\n<meta property=\"article:modified_time\" content=\"2010-08-31T17:58:00+00:00\" \/>\n<meta property=\"og:image\" content=\"https:\/\/sandzakpress.net\/arhiva\/wp-content\/uploads\/2010\/08\/DSC022421.jpg\" \/>\n\t<meta property=\"og:image:width\" content=\"489\" \/>\n\t<meta property=\"og:image:height\" content=\"318\" \/>\n\t<meta property=\"og:image:type\" content=\"image\/jpeg\" \/>\n<meta name=\"author\" content=\"bosniak\" \/>\n<meta name=\"twitter:card\" content=\"summary_large_image\" \/>\n<meta name=\"twitter:label1\" content=\"Written by\" \/>\n\t<meta name=\"twitter:data1\" content=\"bosniak\" \/>\n\t<meta name=\"twitter:label2\" content=\"Est. reading time\" \/>\n\t<meta name=\"twitter:data2\" content=\"1 minuta\" \/>\n<script type=\"application\/ld+json\" class=\"yoast-schema-graph\">{\"@context\":\"https:\/\/schema.org\",\"@graph\":[{\"@type\":\"Article\",\"@id\":\"https:\/\/sandzakpress.net\/arhiva\/zandarmerija-okupirala-vakuf-mearif\/#article\",\"isPartOf\":{\"@id\":\"https:\/\/sandzakpress.net\/arhiva\/zandarmerija-okupirala-vakuf-mearif\/\"},\"author\":{\"name\":\"bosniak\",\"@id\":\"https:\/\/sandzakpress.net\/arhiva\/#\/schema\/person\/c8baee722073534b583ea7bdb2e36c02\"},\"headline\":\"\u017dandarmerija okupirala Vakuf Mearif\",\"datePublished\":\"2010-08-31T08:11:24+00:00\",\"dateModified\":\"2010-08-31T17:58:00+00:00\",\"mainEntityOfPage\":{\"@id\":\"https:\/\/sandzakpress.net\/arhiva\/zandarmerija-okupirala-vakuf-mearif\/\"},\"wordCount\":141,\"commentCount\":19,\"publisher\":{\"@id\":\"https:\/\/sandzakpress.net\/arhiva\/#\/schema\/person\/6e72b67d6e51910a1117b3b483ba20bd\"},\"image\":{\"@id\":\"https:\/\/sandzakpress.net\/arhiva\/zandarmerija-okupirala-vakuf-mearif\/#primaryimage\"},\"thumbnailUrl\":\"https:\/\/sandzakpress.net\/arhiva\/wp-content\/uploads\/2010\/08\/DSC022421.jpg\",\"articleSection\":[\"Novi Pazar\",\"Nacija\"],\"inLanguage\":\"bs-BA\",\"potentialAction\":[{\"@type\":\"CommentAction\",\"name\":\"Comment\",\"target\":[\"https:\/\/sandzakpress.net\/arhiva\/zandarmerija-okupirala-vakuf-mearif\/#respond\"]}]},{\"@type\":\"WebPage\",\"@id\":\"https:\/\/sandzakpress.net\/arhiva\/zandarmerija-okupirala-vakuf-mearif\/\",\"url\":\"https:\/\/sandzakpress.net\/arhiva\/zandarmerija-okupirala-vakuf-mearif\/\",\"name\":\"\u017dandarmerija okupirala Vakuf Mearif\",\"isPartOf\":{\"@id\":\"https:\/\/sandzakpress.net\/arhiva\/#website\"},\"primaryImageOfPage\":{\"@id\":\"https:\/\/sandzakpress.net\/arhiva\/zandarmerija-okupirala-vakuf-mearif\/#primaryimage\"},\"image\":{\"@id\":\"https:\/\/sandzakpress.net\/arhiva\/zandarmerija-okupirala-vakuf-mearif\/#primaryimage\"},\"thumbnailUrl\":\"https:\/\/sandzakpress.net\/arhiva\/wp-content\/uploads\/2010\/08\/DSC022421.jpg\",\"datePublished\":\"2010-08-31T08:11:24+00:00\",\"dateModified\":\"2010-08-31T17:58:00+00:00\",\"breadcrumb\":{\"@id\":\"https:\/\/sandzakpress.net\/arhiva\/zandarmerija-okupirala-vakuf-mearif\/#breadcrumb\"},\"inLanguage\":\"bs-BA\",\"potentialAction\":[{\"@type\":\"ReadAction\",\"target\":[\"https:\/\/sandzakpress.net\/arhiva\/zandarmerija-okupirala-vakuf-mearif\/\"]}]},{\"@type\":\"ImageObject\",\"inLanguage\":\"bs-BA\",\"@id\":\"https:\/\/sandzakpress.net\/arhiva\/zandarmerija-okupirala-vakuf-mearif\/#primaryimage\",\"url\":\"https:\/\/sandzakpress.net\/arhiva\/wp-content\/uploads\/2010\/08\/DSC022421.jpg\",\"contentUrl\":\"https:\/\/sandzakpress.net\/arhiva\/wp-content\/uploads\/2010\/08\/DSC022421.jpg\",\"width\":489,\"height\":318},{\"@type\":\"BreadcrumbList\",\"@id\":\"https:\/\/sandzakpress.net\/arhiva\/zandarmerija-okupirala-vakuf-mearif\/#breadcrumb\",\"itemListElement\":[{\"@type\":\"ListItem\",\"position\":1,\"name\":\"Home\",\"item\":\"https:\/\/sandzakpress.net\/arhiva\/\"},{\"@type\":\"ListItem\",\"position\":2,\"name\":\"\u017dandarmerija okupirala Vakuf Mearif\"}]},{\"@type\":\"WebSite\",\"@id\":\"https:\/\/sandzakpress.net\/arhiva\/#website\",\"url\":\"https:\/\/sandzakpress.net\/arhiva\/\",\"name\":\"Sand\u017eak PRESS\",\"description\":\"Prve elektronske novine u Sand\u017eaku\",\"publisher\":{\"@id\":\"https:\/\/sandzakpress.net\/arhiva\/#\/schema\/person\/6e72b67d6e51910a1117b3b483ba20bd\"},\"potentialAction\":[{\"@type\":\"SearchAction\",\"target\":{\"@type\":\"EntryPoint\",\"urlTemplate\":\"https:\/\/sandzakpress.net\/arhiva\/?s={search_term_string}\"},\"query-input\":{\"@type\":\"PropertyValueSpecification\",\"valueRequired\":true,\"valueName\":\"search_term_string\"}}],\"inLanguage\":\"bs-BA\"},{\"@type\":[\"Person\",\"Organization\"],\"@id\":\"https:\/\/sandzakpress.net\/arhiva\/#\/schema\/person\/6e72b67d6e51910a1117b3b483ba20bd\",\"name\":\"Kul\",\"image\":{\"@type\":\"ImageObject\",\"inLanguage\":\"bs-BA\",\"@id\":\"https:\/\/sandzakpress.net\/arhiva\/#\/schema\/person\/image\/\",\"url\":\"https:\/\/secure.gravatar.com\/avatar\/42263f39aa27ac04c43cab85c280eb2e?s=96&d=mm&r=pg\",\"contentUrl\":\"https:\/\/secure.gravatar.com\/avatar\/42263f39aa27ac04c43cab85c280eb2e?s=96&d=mm&r=pg\",\"caption\":\"Kul\"},\"logo\":{\"@id\":\"https:\/\/sandzakpress.net\/arhiva\/#\/schema\/person\/image\/\"}},{\"@type\":\"Person\",\"@id\":\"https:\/\/sandzakpress.net\/arhiva\/#\/schema\/person\/c8baee722073534b583ea7bdb2e36c02\",\"name\":\"bosniak\",\"image\":{\"@type\":\"ImageObject\",\"inLanguage\":\"bs-BA\",\"@id\":\"https:\/\/sandzakpress.net\/arhiva\/#\/schema\/person\/image\/\",\"url\":\"https:\/\/secure.gravatar.com\/avatar\/a04fd330bfe3a36a72a0ad4a6d89fca7?s=96&d=mm&r=pg\",\"contentUrl\":\"https:\/\/secure.gravatar.com\/avatar\/a04fd330bfe3a36a72a0ad4a6d89fca7?s=96&d=mm&r=pg\",\"caption\":\"bosniak\"},\"url\":\"https:\/\/sandzakpress.net\/arhiva\/author\/bosniak\/\"}]}<\/script>\n<!-- \/ Yoast SEO Premium plugin. -->","yoast_head_json":{"title":"\u017dandarmerija okupirala Vakuf Mearif","robots":{"index":"index","follow":"follow","max-snippet":"max-snippet:-1","max-image-preview":"max-image-preview:large","max-video-preview":"max-video-preview:-1"},"canonical":"https:\/\/sandzakpress.net\/arhiva\/zandarmerija-okupirala-vakuf-mearif\/","og_locale":"bs_BA","og_type":"article","og_title":"\u017dandarmerija okupirala Vakuf Mearif","og_description":"Novi Pazar &#8211; U jutru prije 5h u utorak\u00a0 jake snage \u017dandarmerije upale su na Vakufsku parcelu \u201eMearif\u201c kod Pete mjesne zajednice na Had\u017eetu. Kako nezvani\u010dno saznajemo iz Policijske uprave u NovomPazaru, \u017dandarmerija je okupirala zemlji\u0161te na zahtjev ministra Rasima Ljaji\u0107a. Cilj ovakog nasilni\u010dkog pona\u0161anja jeste kona\u010dni obra\u010dun sa onim ljudima u muslimanskom korpusu u [&hellip;]","og_url":"https:\/\/sandzakpress.net\/arhiva\/zandarmerija-okupirala-vakuf-mearif\/","og_site_name":"Sand\u017eak PRESS","article_published_time":"2010-08-31T08:11:24+00:00","article_modified_time":"2010-08-31T17:58:00+00:00","og_image":[{"width":489,"height":318,"url":"https:\/\/sandzakpress.net\/arhiva\/wp-content\/uploads\/2010\/08\/DSC022421.jpg","type":"image\/jpeg"}],"author":"bosniak","twitter_card":"summary_large_image","twitter_misc":{"Written by":"bosniak","Est. reading time":"1 minuta"},"schema":{"@context":"https:\/\/schema.org","@graph":[{"@type":"Article","@id":"https:\/\/sandzakpress.net\/arhiva\/zandarmerija-okupirala-vakuf-mearif\/#article","isPartOf":{"@id":"https:\/\/sandzakpress.net\/arhiva\/zandarmerija-okupirala-vakuf-mearif\/"},"author":{"name":"bosniak","@id":"https:\/\/sandzakpress.net\/arhiva\/#\/schema\/person\/c8baee722073534b583ea7bdb2e36c02"},"headline":"\u017dandarmerija okupirala Vakuf Mearif","datePublished":"2010-08-31T08:11:24+00:00","dateModified":"2010-08-31T17:58:00+00:00","mainEntityOfPage":{"@id":"https:\/\/sandzakpress.net\/arhiva\/zandarmerija-okupirala-vakuf-mearif\/"},"wordCount":141,"commentCount":19,"publisher":{"@id":"https:\/\/sandzakpress.net\/arhiva\/#\/schema\/person\/6e72b67d6e51910a1117b3b483ba20bd"},"image":{"@id":"https:\/\/sandzakpress.net\/arhiva\/zandarmerija-okupirala-vakuf-mearif\/#primaryimage"},"thumbnailUrl":"https:\/\/sandzakpress.net\/arhiva\/wp-content\/uploads\/2010\/08\/DSC022421.jpg","articleSection":["Novi Pazar","Nacija"],"inLanguage":"bs-BA","potentialAction":[{"@type":"CommentAction","name":"Comment","target":["https:\/\/sandzakpress.net\/arhiva\/zandarmerija-okupirala-vakuf-mearif\/#respond"]}]},{"@type":"WebPage","@id":"https:\/\/sandzakpress.net\/arhiva\/zandarmerija-okupirala-vakuf-mearif\/","url":"https:\/\/sandzakpress.net\/arhiva\/zandarmerija-okupirala-vakuf-mearif\/","name":"\u017dandarmerija okupirala Vakuf Mearif","isPartOf":{"@id":"https:\/\/sandzakpress.net\/arhiva\/#website"},"primaryImageOfPage":{"@id":"https:\/\/sandzakpress.net\/arhiva\/zandarmerija-okupirala-vakuf-mearif\/#primaryimage"},"image":{"@id":"https:\/\/sandzakpress.net\/arhiva\/zandarmerija-okupirala-vakuf-mearif\/#primaryimage"},"thumbnailUrl":"https:\/\/sandzakpress.net\/arhiva\/wp-content\/uploads\/2010\/08\/DSC022421.jpg","datePublished":"2010-08-31T08:11:24+00:00","dateModified":"2010-08-31T17:58:00+00:00","breadcrumb":{"@id":"https:\/\/sandzakpress.net\/arhiva\/zandarmerija-okupirala-vakuf-mearif\/#breadcrumb"},"inLanguage":"bs-BA","potentialAction":[{"@type":"ReadAction","target":["https:\/\/sandzakpress.net\/arhiva\/zandarmerija-okupirala-vakuf-mearif\/"]}]},{"@type":"ImageObject","inLanguage":"bs-BA","@id":"https:\/\/sandzakpress.net\/arhiva\/zandarmerija-okupirala-vakuf-mearif\/#primaryimage","url":"https:\/\/sandzakpress.net\/arhiva\/wp-content\/uploads\/2010\/08\/DSC022421.jpg","contentUrl":"https:\/\/sandzakpress.net\/arhiva\/wp-content\/uploads\/2010\/08\/DSC022421.jpg","width":489,"height":318},{"@type":"BreadcrumbList","@id":"https:\/\/sandzakpress.net\/arhiva\/zandarmerija-okupirala-vakuf-mearif\/#breadcrumb","itemListElement":[{"@type":"ListItem","position":1,"name":"Home","item":"https:\/\/sandzakpress.net\/arhiva\/"},{"@type":"ListItem","position":2,"name":"\u017dandarmerija okupirala Vakuf Mearif"}]},{"@type":"WebSite","@id":"https:\/\/sandzakpress.net\/arhiva\/#website","url":"https:\/\/sandzakpress.net\/arhiva\/","name":"Sand\u017eak PRESS","description":"Prve elektronske novine u Sand\u017eaku","publisher":{"@id":"https:\/\/sandzakpress.net\/arhiva\/#\/schema\/person\/6e72b67d6e51910a1117b3b483ba20bd"},"potentialAction":[{"@type":"SearchAction","target":{"@type":"EntryPoint","urlTemplate":"https:\/\/sandzakpress.net\/arhiva\/?s={search_term_string}"},"query-input":{"@type":"PropertyValueSpecification","valueRequired":true,"valueName":"search_term_string"}}],"inLanguage":"bs-BA"},{"@type":["Person","Organization"],"@id":"https:\/\/sandzakpress.net\/arhiva\/#\/schema\/person\/6e72b67d6e51910a1117b3b483ba20bd","name":"Kul","image":{"@type":"ImageObject","inLanguage":"bs-BA","@id":"https:\/\/sandzakpress.net\/arhiva\/#\/schema\/person\/image\/","url":"https:\/\/secure.gravatar.com\/avatar\/42263f39aa27ac04c43cab85c280eb2e?s=96&d=mm&r=pg","contentUrl":"https:\/\/secure.gravatar.com\/avatar\/42263f39aa27ac04c43cab85c280eb2e?s=96&d=mm&r=pg","caption":"Kul"},"logo":{"@id":"https:\/\/sandzakpress.net\/arhiva\/#\/schema\/person\/image\/"}},{"@type":"Person","@id":"https:\/\/sandzakpress.net\/arhiva\/#\/schema\/person\/c8baee722073534b583ea7bdb2e36c02","name":"bosniak","image":{"@type":"ImageObject","inLanguage":"bs-BA","@id":"https:\/\/sandzakpress.net\/arhiva\/#\/schema\/person\/image\/","url":"https:\/\/secure.gravatar.com\/avatar\/a04fd330bfe3a36a72a0ad4a6d89fca7?s=96&d=mm&r=pg","contentUrl":"https:\/\/secure.gravatar.com\/avatar\/a04fd330bfe3a36a72a0ad4a6d89fca7?s=96&d=mm&r=pg","caption":"bosniak"},"url":"https:\/\/sandzakpress.net\/arhiva\/author\/bosniak\/"}]}},"_links":{"self":[{"href":"https:\/\/sandzakpress.net\/arhiva\/wp-json\/wp\/v2\/posts\/7265"}],"collection":[{"href":"https:\/\/sandzakpress.net\/arhiva\/wp-json\/wp\/v2\/posts"}],"about":[{"href":"https:\/\/sandzakpress.net\/arhiva\/wp-json\/wp\/v2\/types\/post"}],"author":[{"embeddable":true,"href":"https:\/\/sandzakpress.net\/arhiva\/wp-json\/wp\/v2\/users\/83"}],"replies":[{"embeddable":true,"href":"https:\/\/sandzakpress.net\/arhiva\/wp-json\/wp\/v2\/comments?post=7265"}],"version-history":[{"count":0,"href":"https:\/\/sandzakpress.net\/arhiva\/wp-json\/wp\/v2\/posts\/7265\/revisions"}],"wp:featuredmedia":[{"embeddable":true,"href":"https:\/\/sandzakpress.net\/arhiva\/wp-json\/wp\/v2\/media\/7273"}],"wp:attachment":[{"href":"https:\/\/sandzakpress.net\/arhiva\/wp-json\/wp\/v2\/media?parent=7265"}],"wp:term":[{"taxonomy":"category","embeddable":true,"href":"https:\/\/sandzakpress.net\/arhiva\/wp-json\/wp\/v2\/categories?post=7265"},{"taxonomy":"post_tag","embeddable":true,"href":"https:\/\/sandzakpress.net\/arhiva\/wp-json\/wp\/v2\/tags?post=7265"}],"curies":[{"name":"wp","href":"https:\/\/api.w.org\/{rel}","templated":true}]}}