{"id":72586,"date":"2013-04-11T14:00:36","date_gmt":"2013-04-11T12:00:36","guid":{"rendered":"https:\/\/sandzakpress.net\/arhiva\/?p=72586"},"modified":"2013-04-11T16:56:01","modified_gmt":"2013-04-11T14:56:01","slug":"nebojsa-vucicevic-novi-trener-fudbalera-novog-pazara","status":"publish","type":"post","link":"https:\/\/sandzakpress.net\/arhiva\/nebojsa-vucicevic-novi-trener-fudbalera-novog-pazara\/","title":{"rendered":"Neboj\u0161a Vu\u010di\u0107evi\u0107 novi trener fudbalera Novog Pazara"},"content":{"rendered":"<p><strong><span style=\"color: #444444; font-family: Arial, Helvetica, sans-serif; font-size: 13px; font-style: normal; font-variant: normal; font-weight: normal; letter-spacing: normal; line-height: 23px; orphans: auto; text-align: start; text-indent: 0px; text-transform: none; white-space: normal; widows: auto; word-spacing: 0px; -webkit-text-size-adjust: auto; -webkit-text-stroke-width: 0px; background-color: #ffffff; display: inline !important; float: none;\"><a href=\"https:\/\/sandzakpress.net\/arhiva\/wp-content\/uploads\/2013\/04\/00098347.jpg\"><img loading=\"lazy\" decoding=\"async\" class=\"alignleft size-full wp-image-72587\" title=\"00098347\" src=\"https:\/\/sandzakpress.net\/arhiva\/wp-content\/uploads\/2013\/04\/00098347.jpg\" alt=\"\" width=\"285\" height=\"220\" \/><\/a><strong>Novi Pazar &#8211; Fudbalski trener Neboj\u0161a Vu\u010di\u0107evi\u0107 imenovan je danas za \u0161efa stru\u010dnog \u0161taba Novog Pazara, potvr\u0111eno je radiju Sto plus u tom superliga\u0161u<\/strong>.<span> <\/span><\/span><\/strong><br style=\"color: #444444; font-family: Arial, Helvetica, sans-serif; font-size: 13px; font-style: normal; font-variant: normal; font-weight: normal; letter-spacing: normal; line-height: 23px; orphans: auto; text-align: start; text-indent: 0px; text-transform: none; white-space: normal; widows: auto; word-spacing: 0px; -webkit-text-size-adjust: auto; -webkit-text-stroke-width: 0px; background-color: #ffffff;\" \/><span style=\"color: #444444; font-family: Arial, Helvetica, sans-serif; font-size: 13px; font-style: normal; font-variant: normal; font-weight: normal; letter-spacing: normal; line-height: 23px; orphans: auto; text-align: start; text-indent: 0px; text-transform: none; white-space: normal; widows: auto; word-spacing: 0px; -webkit-text-size-adjust: auto; -webkit-text-stroke-width: 0px; background-color: #ffffff; display: inline !important; float: none;\">Vu\u010di\u0107evi\u0107 (50) je tre\u0107i trener Pazaraca u teku\u0107oj sezoni, posle Dragoljuba Bekvalca i Slavenka Kuzeljevi\u0107a, a prije nego \u0161to je do\u0161ao na Gradski stadion predvodio je pionire OFK Beograda.<span> <\/span><\/span><br style=\"color: #444444; font-family: Arial, Helvetica, sans-serif; font-size: 13px; font-style: normal; font-variant: normal; font-weight: normal; letter-spacing: normal; line-height: 23px; orphans: auto; text-align: start; text-indent: 0px; text-transform: none; white-space: normal; widows: auto; word-spacing: 0px; -webkit-text-size-adjust: auto; -webkit-text-stroke-width: 0px; background-color: #ffffff;\" \/><span style=\"color: #444444; font-family: Arial, Helvetica, sans-serif; font-size: 13px; font-style: normal; font-variant: normal; font-weight: normal; letter-spacing: normal; line-height: 23px; orphans: auto; text-align: start; text-indent: 0px; text-transform: none; white-space: normal; widows: auto; word-spacing: 0px; -webkit-text-size-adjust: auto; -webkit-text-stroke-width: 0px; background-color: #ffffff; display: inline !important; float: none;\">On je ranije radio u Radni\u010dkom iz Kragujevca, kulskom Hajduku i jo\u0161 nekoliko doma\u0107ih klubova, a trenirao je i Jedinstvo iz Br\u010dkog, slovena\u010dku Naftu i Harts iz Gane.<\/span><br style=\"color: #444444; font-family: Arial, Helvetica, sans-serif; font-size: 13px; font-style: normal; font-variant: normal; font-weight: normal; letter-spacing: normal; line-height: 23px; orphans: auto; text-align: start; text-indent: 0px; text-transform: none; white-space: normal; widows: auto; word-spacing: 0px; -webkit-text-size-adjust: auto; -webkit-text-stroke-width: 0px; background-color: #ffffff;\" \/><span style=\"color: #444444; font-family: Arial, Helvetica, sans-serif; font-size: 13px; font-style: normal; font-variant: normal; font-weight: normal; letter-spacing: normal; line-height: 23px; orphans: auto; text-align: start; text-indent: 0px; text-transform: none; white-space: normal; widows: auto; word-spacing: 0px; -webkit-text-size-adjust: auto; -webkit-text-stroke-width: 0px; background-color: #ffffff; display: inline !important; float: none;\">Neboj\u0161a Vu\u010di\u0107evi\u0107, ipak, ne\u0107e imati licencu da sjedi na klupi tokom me\u010deva u Super ligi Srbije, zbog duga koji Novi Pazar ima prema biv\u0161im trenerima Bekvalcu (30.000 evra) i Ljubomiru Ristovskom (7.000 evra).<span> <\/span><\/span><br style=\"color: #444444; font-family: Arial, Helvetica, sans-serif; font-size: 13px; font-style: normal; font-variant: normal; font-weight: normal; letter-spacing: normal; line-height: 23px; orphans: auto; text-align: start; text-indent: 0px; text-transform: none; white-space: normal; widows: auto; word-spacing: 0px; -webkit-text-size-adjust: auto; -webkit-text-stroke-width: 0px; background-color: #ffffff;\" \/><span style=\"color: #444444; font-family: Arial, Helvetica, sans-serif; font-size: 13px; font-style: normal; font-variant: normal; font-weight: normal; letter-spacing: normal; line-height: 23px; orphans: auto; text-align: start; text-indent: 0px; text-transform: none; white-space: normal; widows: auto; word-spacing: 0px; -webkit-text-size-adjust: auto; -webkit-text-stroke-width: 0px; background-color: #ffffff; display: inline !important; float: none;\">Novopazarci su u prethodnih sedam kola prole\u0107nog dijela prvenstva nastupali bez licenciranog trenera, iako je Pravilnikom o licenci i statusu trenera Fudbalskog saveza Srbije jednom klubu to dozvoljeno na najvi\u0161e dvije utakmice.<\/span><br style=\"color: #444444; font-family: Arial, Helvetica, sans-serif; font-size: 13px; font-style: normal; font-variant: normal; font-weight: normal; letter-spacing: normal; line-height: 23px; orphans: auto; text-align: start; text-indent: 0px; text-transform: none; white-space: normal; widows: auto; word-spacing: 0px; -webkit-text-size-adjust: auto; -webkit-text-stroke-width: 0px; background-color: #ffffff;\" \/><span style=\"color: #444444; font-family: Arial, Helvetica, sans-serif; font-size: 13px; font-style: normal; font-variant: normal; font-weight: normal; letter-spacing: normal; line-height: 23px; orphans: auto; text-align: start; text-indent: 0px; text-transform: none; white-space: normal; widows: auto; word-spacing: 0px; -webkit-text-size-adjust: auto; -webkit-text-stroke-width: 0px; background-color: #ffffff; display: inline !important; float: none;\">Novi Pazar \u0107e u subotu u 23. kolu Super lige do\u010dekati ekipu Jagodine.\u00a0<span> <\/span><\/span><\/p>\n<p><span style=\"color: #444444; font-family: Arial, Helvetica, sans-serif; font-size: 13px; font-style: normal; font-variant: normal; font-weight: normal; letter-spacing: normal; line-height: 23px; orphans: auto; text-align: start; text-indent: 0px; text-transform: none; white-space: normal; widows: auto; word-spacing: 0px; -webkit-text-size-adjust: auto; -webkit-text-stroke-width: 0px; background-color: #ffffff; display: inline !important; float: none;\"><span>(radio sto plus)<br \/>\n<\/span><\/span><\/p>\n","protected":false},"excerpt":{"rendered":"<p>Novi Pazar &#8211; Fudbalski trener Neboj\u0161a Vu\u010di\u0107evi\u0107 imenovan je danas za \u0161efa stru\u010dnog \u0161taba Novog Pazara, potvr\u0111eno je radiju Sto plus u tom superliga\u0161u. Vu\u010di\u0107evi\u0107 (50) je tre\u0107i trener Pazaraca u teku\u0107oj sezoni, posle Dragoljuba Bekvalca i Slavenka Kuzeljevi\u0107a, a prije nego \u0161to je do\u0161ao na Gradski stadion predvodio je pionire OFK Beograda. On je [&hellip;]<\/p>\n","protected":false},"author":33,"featured_media":72587,"comment_status":"open","ping_status":"open","sticky":false,"template":"","format":"standard","meta":{"footnotes":""},"categories":[72,13,8957],"tags":[],"class_list":{"0":"post-72586","1":"post","2":"type-post","3":"status-publish","4":"format-standard","5":"has-post-thumbnail","7":"category-novi-pazar","8":"category-sport","9":"category-vijesti-dana"},"yoast_head":"<!-- This site is optimized with the Yoast SEO Premium plugin v23.1 (Yoast SEO v24.9) - https:\/\/yoast.com\/wordpress\/plugins\/seo\/ -->\n<title>Neboj\u0161a Vu\u010di\u0107evi\u0107 novi trener fudbalera Novog Pazara<\/title>\n<meta name=\"robots\" content=\"index, follow, max-snippet:-1, max-image-preview:large, max-video-preview:-1\" \/>\n<link rel=\"canonical\" href=\"https:\/\/sandzakpress.net\/arhiva\/nebojsa-vucicevic-novi-trener-fudbalera-novog-pazara\/\" \/>\n<meta property=\"og:locale\" content=\"bs_BA\" \/>\n<meta property=\"og:type\" content=\"article\" \/>\n<meta property=\"og:title\" content=\"Neboj\u0161a Vu\u010di\u0107evi\u0107 novi trener fudbalera Novog Pazara\" \/>\n<meta property=\"og:description\" content=\"Novi Pazar &#8211; Fudbalski trener Neboj\u0161a Vu\u010di\u0107evi\u0107 imenovan je danas za \u0161efa stru\u010dnog \u0161taba Novog Pazara, potvr\u0111eno je radiju Sto plus u tom superliga\u0161u. Vu\u010di\u0107evi\u0107 (50) je tre\u0107i trener Pazaraca u teku\u0107oj sezoni, posle Dragoljuba Bekvalca i Slavenka Kuzeljevi\u0107a, a prije nego \u0161to je do\u0161ao na Gradski stadion predvodio je pionire OFK Beograda. On je [&hellip;]\" \/>\n<meta property=\"og:url\" content=\"https:\/\/sandzakpress.net\/arhiva\/nebojsa-vucicevic-novi-trener-fudbalera-novog-pazara\/\" \/>\n<meta property=\"og:site_name\" content=\"Sand\u017eak PRESS\" \/>\n<meta property=\"article:published_time\" content=\"2013-04-11T12:00:36+00:00\" \/>\n<meta property=\"article:modified_time\" content=\"2013-04-11T14:56:01+00:00\" \/>\n<meta property=\"og:image\" content=\"https:\/\/sandzakpress.net\/arhiva\/wp-content\/uploads\/2013\/04\/00098347.jpg\" \/>\n\t<meta property=\"og:image:width\" content=\"285\" \/>\n\t<meta property=\"og:image:height\" content=\"220\" \/>\n\t<meta property=\"og:image:type\" content=\"image\/jpeg\" \/>\n<meta name=\"twitter:card\" content=\"summary_large_image\" \/>\n<meta name=\"twitter:label1\" content=\"Written by\" \/>\n\t<meta name=\"twitter:data1\" content=\"\" \/>\n\t<meta name=\"twitter:label2\" content=\"Est. reading time\" \/>\n\t<meta name=\"twitter:data2\" content=\"1 minuta\" \/>\n<script type=\"application\/ld+json\" class=\"yoast-schema-graph\">{\"@context\":\"https:\/\/schema.org\",\"@graph\":[{\"@type\":\"Article\",\"@id\":\"https:\/\/sandzakpress.net\/arhiva\/nebojsa-vucicevic-novi-trener-fudbalera-novog-pazara\/#article\",\"isPartOf\":{\"@id\":\"https:\/\/sandzakpress.net\/arhiva\/nebojsa-vucicevic-novi-trener-fudbalera-novog-pazara\/\"},\"author\":{\"name\":\"\",\"@id\":\"\"},\"headline\":\"Neboj\u0161a Vu\u010di\u0107evi\u0107 novi trener fudbalera Novog Pazara\",\"datePublished\":\"2013-04-11T12:00:36+00:00\",\"dateModified\":\"2013-04-11T14:56:01+00:00\",\"mainEntityOfPage\":{\"@id\":\"https:\/\/sandzakpress.net\/arhiva\/nebojsa-vucicevic-novi-trener-fudbalera-novog-pazara\/\"},\"wordCount\":193,\"commentCount\":1,\"publisher\":{\"@id\":\"https:\/\/sandzakpress.net\/arhiva\/#\/schema\/person\/6e72b67d6e51910a1117b3b483ba20bd\"},\"image\":{\"@id\":\"https:\/\/sandzakpress.net\/arhiva\/nebojsa-vucicevic-novi-trener-fudbalera-novog-pazara\/#primaryimage\"},\"thumbnailUrl\":\"https:\/\/sandzakpress.net\/arhiva\/wp-content\/uploads\/2013\/04\/00098347.jpg\",\"articleSection\":[\"Novi Pazar\",\"Sport\",\"VIJESTI DANA\"],\"inLanguage\":\"bs-BA\",\"potentialAction\":[{\"@type\":\"CommentAction\",\"name\":\"Comment\",\"target\":[\"https:\/\/sandzakpress.net\/arhiva\/nebojsa-vucicevic-novi-trener-fudbalera-novog-pazara\/#respond\"]}]},{\"@type\":\"WebPage\",\"@id\":\"https:\/\/sandzakpress.net\/arhiva\/nebojsa-vucicevic-novi-trener-fudbalera-novog-pazara\/\",\"url\":\"https:\/\/sandzakpress.net\/arhiva\/nebojsa-vucicevic-novi-trener-fudbalera-novog-pazara\/\",\"name\":\"Neboj\u0161a Vu\u010di\u0107evi\u0107 novi trener fudbalera Novog Pazara\",\"isPartOf\":{\"@id\":\"https:\/\/sandzakpress.net\/arhiva\/#website\"},\"primaryImageOfPage\":{\"@id\":\"https:\/\/sandzakpress.net\/arhiva\/nebojsa-vucicevic-novi-trener-fudbalera-novog-pazara\/#primaryimage\"},\"image\":{\"@id\":\"https:\/\/sandzakpress.net\/arhiva\/nebojsa-vucicevic-novi-trener-fudbalera-novog-pazara\/#primaryimage\"},\"thumbnailUrl\":\"https:\/\/sandzakpress.net\/arhiva\/wp-content\/uploads\/2013\/04\/00098347.jpg\",\"datePublished\":\"2013-04-11T12:00:36+00:00\",\"dateModified\":\"2013-04-11T14:56:01+00:00\",\"breadcrumb\":{\"@id\":\"https:\/\/sandzakpress.net\/arhiva\/nebojsa-vucicevic-novi-trener-fudbalera-novog-pazara\/#breadcrumb\"},\"inLanguage\":\"bs-BA\",\"potentialAction\":[{\"@type\":\"ReadAction\",\"target\":[\"https:\/\/sandzakpress.net\/arhiva\/nebojsa-vucicevic-novi-trener-fudbalera-novog-pazara\/\"]}]},{\"@type\":\"ImageObject\",\"inLanguage\":\"bs-BA\",\"@id\":\"https:\/\/sandzakpress.net\/arhiva\/nebojsa-vucicevic-novi-trener-fudbalera-novog-pazara\/#primaryimage\",\"url\":\"https:\/\/sandzakpress.net\/arhiva\/wp-content\/uploads\/2013\/04\/00098347.jpg\",\"contentUrl\":\"https:\/\/sandzakpress.net\/arhiva\/wp-content\/uploads\/2013\/04\/00098347.jpg\",\"width\":285,\"height\":220},{\"@type\":\"BreadcrumbList\",\"@id\":\"https:\/\/sandzakpress.net\/arhiva\/nebojsa-vucicevic-novi-trener-fudbalera-novog-pazara\/#breadcrumb\",\"itemListElement\":[{\"@type\":\"ListItem\",\"position\":1,\"name\":\"Home\",\"item\":\"https:\/\/sandzakpress.net\/arhiva\/\"},{\"@type\":\"ListItem\",\"position\":2,\"name\":\"Neboj\u0161a Vu\u010di\u0107evi\u0107 novi trener fudbalera Novog Pazara\"}]},{\"@type\":\"WebSite\",\"@id\":\"https:\/\/sandzakpress.net\/arhiva\/#website\",\"url\":\"https:\/\/sandzakpress.net\/arhiva\/\",\"name\":\"Sand\u017eak PRESS\",\"description\":\"Prve elektronske novine u Sand\u017eaku\",\"publisher\":{\"@id\":\"https:\/\/sandzakpress.net\/arhiva\/#\/schema\/person\/6e72b67d6e51910a1117b3b483ba20bd\"},\"potentialAction\":[{\"@type\":\"SearchAction\",\"target\":{\"@type\":\"EntryPoint\",\"urlTemplate\":\"https:\/\/sandzakpress.net\/arhiva\/?s={search_term_string}\"},\"query-input\":{\"@type\":\"PropertyValueSpecification\",\"valueRequired\":true,\"valueName\":\"search_term_string\"}}],\"inLanguage\":\"bs-BA\"},{\"@type\":[\"Person\",\"Organization\"],\"@id\":\"https:\/\/sandzakpress.net\/arhiva\/#\/schema\/person\/6e72b67d6e51910a1117b3b483ba20bd\",\"name\":\"Kul\",\"image\":{\"@type\":\"ImageObject\",\"inLanguage\":\"bs-BA\",\"@id\":\"https:\/\/sandzakpress.net\/arhiva\/#\/schema\/person\/image\/\",\"url\":\"https:\/\/secure.gravatar.com\/avatar\/42263f39aa27ac04c43cab85c280eb2e?s=96&d=mm&r=pg\",\"contentUrl\":\"https:\/\/secure.gravatar.com\/avatar\/42263f39aa27ac04c43cab85c280eb2e?s=96&d=mm&r=pg\",\"caption\":\"Kul\"},\"logo\":{\"@id\":\"https:\/\/sandzakpress.net\/arhiva\/#\/schema\/person\/image\/\"}},{\"@type\":\"Person\",\"@id\":\"\",\"url\":\"https:\/\/sandzakpress.net\/arhiva\/author\/\"}]}<\/script>\n<!-- \/ Yoast SEO Premium plugin. -->","yoast_head_json":{"title":"Neboj\u0161a Vu\u010di\u0107evi\u0107 novi trener fudbalera Novog Pazara","robots":{"index":"index","follow":"follow","max-snippet":"max-snippet:-1","max-image-preview":"max-image-preview:large","max-video-preview":"max-video-preview:-1"},"canonical":"https:\/\/sandzakpress.net\/arhiva\/nebojsa-vucicevic-novi-trener-fudbalera-novog-pazara\/","og_locale":"bs_BA","og_type":"article","og_title":"Neboj\u0161a Vu\u010di\u0107evi\u0107 novi trener fudbalera Novog Pazara","og_description":"Novi Pazar &#8211; Fudbalski trener Neboj\u0161a Vu\u010di\u0107evi\u0107 imenovan je danas za \u0161efa stru\u010dnog \u0161taba Novog Pazara, potvr\u0111eno je radiju Sto plus u tom superliga\u0161u. Vu\u010di\u0107evi\u0107 (50) je tre\u0107i trener Pazaraca u teku\u0107oj sezoni, posle Dragoljuba Bekvalca i Slavenka Kuzeljevi\u0107a, a prije nego \u0161to je do\u0161ao na Gradski stadion predvodio je pionire OFK Beograda. On je [&hellip;]","og_url":"https:\/\/sandzakpress.net\/arhiva\/nebojsa-vucicevic-novi-trener-fudbalera-novog-pazara\/","og_site_name":"Sand\u017eak PRESS","article_published_time":"2013-04-11T12:00:36+00:00","article_modified_time":"2013-04-11T14:56:01+00:00","og_image":[{"width":285,"height":220,"url":"https:\/\/sandzakpress.net\/arhiva\/wp-content\/uploads\/2013\/04\/00098347.jpg","type":"image\/jpeg"}],"twitter_card":"summary_large_image","twitter_misc":{"Written by":"","Est. reading time":"1 minuta"},"schema":{"@context":"https:\/\/schema.org","@graph":[{"@type":"Article","@id":"https:\/\/sandzakpress.net\/arhiva\/nebojsa-vucicevic-novi-trener-fudbalera-novog-pazara\/#article","isPartOf":{"@id":"https:\/\/sandzakpress.net\/arhiva\/nebojsa-vucicevic-novi-trener-fudbalera-novog-pazara\/"},"author":{"name":"","@id":""},"headline":"Neboj\u0161a Vu\u010di\u0107evi\u0107 novi trener fudbalera Novog Pazara","datePublished":"2013-04-11T12:00:36+00:00","dateModified":"2013-04-11T14:56:01+00:00","mainEntityOfPage":{"@id":"https:\/\/sandzakpress.net\/arhiva\/nebojsa-vucicevic-novi-trener-fudbalera-novog-pazara\/"},"wordCount":193,"commentCount":1,"publisher":{"@id":"https:\/\/sandzakpress.net\/arhiva\/#\/schema\/person\/6e72b67d6e51910a1117b3b483ba20bd"},"image":{"@id":"https:\/\/sandzakpress.net\/arhiva\/nebojsa-vucicevic-novi-trener-fudbalera-novog-pazara\/#primaryimage"},"thumbnailUrl":"https:\/\/sandzakpress.net\/arhiva\/wp-content\/uploads\/2013\/04\/00098347.jpg","articleSection":["Novi Pazar","Sport","VIJESTI DANA"],"inLanguage":"bs-BA","potentialAction":[{"@type":"CommentAction","name":"Comment","target":["https:\/\/sandzakpress.net\/arhiva\/nebojsa-vucicevic-novi-trener-fudbalera-novog-pazara\/#respond"]}]},{"@type":"WebPage","@id":"https:\/\/sandzakpress.net\/arhiva\/nebojsa-vucicevic-novi-trener-fudbalera-novog-pazara\/","url":"https:\/\/sandzakpress.net\/arhiva\/nebojsa-vucicevic-novi-trener-fudbalera-novog-pazara\/","name":"Neboj\u0161a Vu\u010di\u0107evi\u0107 novi trener fudbalera Novog Pazara","isPartOf":{"@id":"https:\/\/sandzakpress.net\/arhiva\/#website"},"primaryImageOfPage":{"@id":"https:\/\/sandzakpress.net\/arhiva\/nebojsa-vucicevic-novi-trener-fudbalera-novog-pazara\/#primaryimage"},"image":{"@id":"https:\/\/sandzakpress.net\/arhiva\/nebojsa-vucicevic-novi-trener-fudbalera-novog-pazara\/#primaryimage"},"thumbnailUrl":"https:\/\/sandzakpress.net\/arhiva\/wp-content\/uploads\/2013\/04\/00098347.jpg","datePublished":"2013-04-11T12:00:36+00:00","dateModified":"2013-04-11T14:56:01+00:00","breadcrumb":{"@id":"https:\/\/sandzakpress.net\/arhiva\/nebojsa-vucicevic-novi-trener-fudbalera-novog-pazara\/#breadcrumb"},"inLanguage":"bs-BA","potentialAction":[{"@type":"ReadAction","target":["https:\/\/sandzakpress.net\/arhiva\/nebojsa-vucicevic-novi-trener-fudbalera-novog-pazara\/"]}]},{"@type":"ImageObject","inLanguage":"bs-BA","@id":"https:\/\/sandzakpress.net\/arhiva\/nebojsa-vucicevic-novi-trener-fudbalera-novog-pazara\/#primaryimage","url":"https:\/\/sandzakpress.net\/arhiva\/wp-content\/uploads\/2013\/04\/00098347.jpg","contentUrl":"https:\/\/sandzakpress.net\/arhiva\/wp-content\/uploads\/2013\/04\/00098347.jpg","width":285,"height":220},{"@type":"BreadcrumbList","@id":"https:\/\/sandzakpress.net\/arhiva\/nebojsa-vucicevic-novi-trener-fudbalera-novog-pazara\/#breadcrumb","itemListElement":[{"@type":"ListItem","position":1,"name":"Home","item":"https:\/\/sandzakpress.net\/arhiva\/"},{"@type":"ListItem","position":2,"name":"Neboj\u0161a Vu\u010di\u0107evi\u0107 novi trener fudbalera Novog Pazara"}]},{"@type":"WebSite","@id":"https:\/\/sandzakpress.net\/arhiva\/#website","url":"https:\/\/sandzakpress.net\/arhiva\/","name":"Sand\u017eak PRESS","description":"Prve elektronske novine u Sand\u017eaku","publisher":{"@id":"https:\/\/sandzakpress.net\/arhiva\/#\/schema\/person\/6e72b67d6e51910a1117b3b483ba20bd"},"potentialAction":[{"@type":"SearchAction","target":{"@type":"EntryPoint","urlTemplate":"https:\/\/sandzakpress.net\/arhiva\/?s={search_term_string}"},"query-input":{"@type":"PropertyValueSpecification","valueRequired":true,"valueName":"search_term_string"}}],"inLanguage":"bs-BA"},{"@type":["Person","Organization"],"@id":"https:\/\/sandzakpress.net\/arhiva\/#\/schema\/person\/6e72b67d6e51910a1117b3b483ba20bd","name":"Kul","image":{"@type":"ImageObject","inLanguage":"bs-BA","@id":"https:\/\/sandzakpress.net\/arhiva\/#\/schema\/person\/image\/","url":"https:\/\/secure.gravatar.com\/avatar\/42263f39aa27ac04c43cab85c280eb2e?s=96&d=mm&r=pg","contentUrl":"https:\/\/secure.gravatar.com\/avatar\/42263f39aa27ac04c43cab85c280eb2e?s=96&d=mm&r=pg","caption":"Kul"},"logo":{"@id":"https:\/\/sandzakpress.net\/arhiva\/#\/schema\/person\/image\/"}},{"@type":"Person","@id":"","url":"https:\/\/sandzakpress.net\/arhiva\/author\/"}]}},"_links":{"self":[{"href":"https:\/\/sandzakpress.net\/arhiva\/wp-json\/wp\/v2\/posts\/72586"}],"collection":[{"href":"https:\/\/sandzakpress.net\/arhiva\/wp-json\/wp\/v2\/posts"}],"about":[{"href":"https:\/\/sandzakpress.net\/arhiva\/wp-json\/wp\/v2\/types\/post"}],"author":[{"embeddable":true,"href":"https:\/\/sandzakpress.net\/arhiva\/wp-json\/wp\/v2\/users\/33"}],"replies":[{"embeddable":true,"href":"https:\/\/sandzakpress.net\/arhiva\/wp-json\/wp\/v2\/comments?post=72586"}],"version-history":[{"count":0,"href":"https:\/\/sandzakpress.net\/arhiva\/wp-json\/wp\/v2\/posts\/72586\/revisions"}],"wp:featuredmedia":[{"embeddable":true,"href":"https:\/\/sandzakpress.net\/arhiva\/wp-json\/wp\/v2\/media\/72587"}],"wp:attachment":[{"href":"https:\/\/sandzakpress.net\/arhiva\/wp-json\/wp\/v2\/media?parent=72586"}],"wp:term":[{"taxonomy":"category","embeddable":true,"href":"https:\/\/sandzakpress.net\/arhiva\/wp-json\/wp\/v2\/categories?post=72586"},{"taxonomy":"post_tag","embeddable":true,"href":"https:\/\/sandzakpress.net\/arhiva\/wp-json\/wp\/v2\/tags?post=72586"}],"curies":[{"name":"wp","href":"https:\/\/api.w.org\/{rel}","templated":true}]}}