{"id":72492,"date":"2013-04-10T00:00:58","date_gmt":"2013-04-09T22:00:58","guid":{"rendered":"https:\/\/sandzakpress.net\/arhiva\/?p=72492"},"modified":"2013-04-10T17:57:11","modified_gmt":"2013-04-10T15:57:11","slug":"ratko-mladic-opsovao-tursku-majku-u-hagu-svjedoku-koji-je-prezivio-strijeljanje","status":"publish","type":"post","link":"https:\/\/sandzakpress.net\/arhiva\/ratko-mladic-opsovao-tursku-majku-u-hagu-svjedoku-koji-je-prezivio-strijeljanje\/","title":{"rendered":"Ratko Mladi\u0107 opsovao &#8220;tursku majku&#8221; u Hagu svjedoku koji je pre\u017eivio strijeljanje"},"content":{"rendered":"<p><strong><a href=\"https:\/\/sandzakpress.net\/arhiva\/wp-content\/uploads\/2013\/04\/mladic-ponovo-u-sudnici.jpg\"><img loading=\"lazy\" decoding=\"async\" class=\"alignleft size-medium wp-image-72493\" title=\"mladic-ponovo-u-sudnici\" src=\"https:\/\/sandzakpress.net\/arhiva\/wp-content\/uploads\/2013\/04\/mladic-ponovo-u-sudnici-300x189.jpg\" alt=\"\" width=\"300\" height=\"189\" \/><\/a>BiH &#8211; Ratni komandant Vojske Republike Srpske (VRS), general Ratko Mladi\u0107, izba\u010den je danas iz sudnice Ha\u0161kog tribunala. Za\u0161ti\u0107enom svjedoku koji je pre\u017eivio strijeljanje u genocidu jula 1995. opsovao je \u201etursku majku\u201c, a uvrijedio je i ha\u0161kog sudiju Alphonsa Oriea nazivaju\u0107i ga &#8220;me\u0111edom&#8221;.<\/strong><\/p>\n<h2><span style=\"font-size: 13px; font-weight: normal;\">Su\u0111enje komandantu VRS-a, kojeg Tu\u017eila\u0161tvo Ha\u0161kog tribunala tereti za najte\u017ee ratne zlo\u010dine, uklju\u010duju\u0107i i genocid u Srebrenici, nastavljeno je jutros nakon \u0161to je zbog Mladi\u0107evih zdravstvenih problema bilo prekinuto.<\/span><\/h2>\n<div>\n<p>Optu\u017eenog Mladi\u0107a sudija Alphons Orie izbacio je iz sudnice zato \u0161to je rekao da za\u0161ti\u0107eni svjedok iz Srebrenice, koji je pre\u017eivio strijeljanje, \u201ela\u017ee&#8221;. Dok su ga pripadnici obezbje\u0111enja izvodili svjedoku je opsovao \u201etursku majku&#8221;.<\/p>\n<p>Mladi\u0107 je doveden u sudnicu gdje je za\u0161ti\u0107eni svjedok RM-346 govorio o tome kako je pre\u017eivio strijeljanje stotina zarobljenih Bo\u0161njaka na vojnoj farmi Branjevo, 16. jula 1995.<\/p>\n<p>S obzirom na Mladi\u0107evo lo\u0161e zdravstveno stanje, sudije su dale pauzu da bi optu\u017eeni mogao da na nekoliko minuta iza\u0111e iz sudnice.<\/p>\n<p>Dok se vra\u0107ao Mladi\u0107 je glasno izgovorio nekoliko rije\u010di, a predsjedavaju\u0107i sudija pitao je svjedoka da li se optu\u017eeni njemu obratio.<\/p>\n<p>&#8220;Najverovatnije, zato \u0161to je rekao da sam ja to sve slagao, nisam siguran da li je za mene, pretpostavljam&#8221;, odgovorio je RM-346.<\/p>\n<p>Nakon toga je sudija nalo\u017eio da se Mladi\u0107 izvede iz sudnice, a optu\u017eeni je, dok su ga stra\u017eari izvodili, sudiji uputio pogrdne rije\u010di nazivaju\u0107i ga &#8220;me\u0111edom&#8221;, a ponovo je opsovao \u201etursku majku&#8221; za\u0161ti\u0107enom svjedoku.<\/p>\n<p>Iskaz svjedoka nastavljen je po\u0161to je Mladi\u0107 izveden iz sudnice. Vije\u0107e je odlu\u010dilo da \u0107e se Mladi\u0107 u sudnicu vratiti po okon\u010danju svjedo\u010denja RM-346.<\/p>\n<p>Ratni komandant Vojske Republike Srpske, general Ratko Mladi\u0107, optu\u017een je za te\u0161ke ratne zlo\u010dine i genocid nad vi\u0161e od 8.000 mu\u0161karaca i dje\u010daka u Srebrenici i okolini, nakon \u0161to je VRS 11. jula 1995 zauzela tu enklavu koja je bila pod za\u0161titom Ujedinjenih nacija.<\/p>\n<p>(Oslobo\u0111enje)<\/p>\n<\/div>\n","protected":false},"excerpt":{"rendered":"<p>BiH &#8211; Ratni komandant Vojske Republike Srpske (VRS), general Ratko Mladi\u0107, izba\u010den je danas iz sudnice Ha\u0161kog tribunala. Za\u0161ti\u0107enom svjedoku koji je pre\u017eivio strijeljanje u genocidu jula 1995. opsovao je \u201etursku majku\u201c, a uvrijedio je i ha\u0161kog sudiju Alphonsa Oriea nazivaju\u0107i ga &#8220;me\u0111edom&#8221;. Su\u0111enje komandantu VRS-a, kojeg Tu\u017eila\u0161tvo Ha\u0161kog tribunala tereti za najte\u017ee ratne zlo\u010dine, [&hellip;]<\/p>\n","protected":false},"author":83,"featured_media":72493,"comment_status":"open","ping_status":"open","sticky":false,"template":"","format":"standard","meta":{"footnotes":""},"categories":[2860,1,8957],"tags":[],"class_list":{"0":"post-72492","1":"post","2":"type-post","3":"status-publish","4":"format-standard","5":"has-post-thumbnail","7":"category-bosna-i-hercegovina-gradovi","8":"category-politika","9":"category-vijesti-dana"},"yoast_head":"<!-- This site is optimized with the Yoast SEO Premium plugin v23.1 (Yoast SEO v24.9) - https:\/\/yoast.com\/wordpress\/plugins\/seo\/ -->\n<title>Ratko Mladi\u0107 opsovao &quot;tursku majku&quot; u Hagu svjedoku koji je pre\u017eivio strijeljanje<\/title>\n<meta name=\"robots\" content=\"index, follow, max-snippet:-1, max-image-preview:large, max-video-preview:-1\" \/>\n<link rel=\"canonical\" href=\"https:\/\/sandzakpress.net\/arhiva\/ratko-mladic-opsovao-tursku-majku-u-hagu-svjedoku-koji-je-prezivio-strijeljanje\/\" \/>\n<meta property=\"og:locale\" content=\"bs_BA\" \/>\n<meta property=\"og:type\" content=\"article\" \/>\n<meta property=\"og:title\" content=\"Ratko Mladi\u0107 opsovao &quot;tursku majku&quot; u Hagu svjedoku koji je pre\u017eivio strijeljanje\" \/>\n<meta property=\"og:description\" content=\"BiH &#8211; Ratni komandant Vojske Republike Srpske (VRS), general Ratko Mladi\u0107, izba\u010den je danas iz sudnice Ha\u0161kog tribunala. Za\u0161ti\u0107enom svjedoku koji je pre\u017eivio strijeljanje u genocidu jula 1995. opsovao je \u201etursku majku\u201c, a uvrijedio je i ha\u0161kog sudiju Alphonsa Oriea nazivaju\u0107i ga &#8220;me\u0111edom&#8221;. Su\u0111enje komandantu VRS-a, kojeg Tu\u017eila\u0161tvo Ha\u0161kog tribunala tereti za najte\u017ee ratne zlo\u010dine, [&hellip;]\" \/>\n<meta property=\"og:url\" content=\"https:\/\/sandzakpress.net\/arhiva\/ratko-mladic-opsovao-tursku-majku-u-hagu-svjedoku-koji-je-prezivio-strijeljanje\/\" \/>\n<meta property=\"og:site_name\" content=\"Sand\u017eak PRESS\" \/>\n<meta property=\"article:published_time\" content=\"2013-04-09T22:00:58+00:00\" \/>\n<meta property=\"article:modified_time\" content=\"2013-04-10T15:57:11+00:00\" \/>\n<meta property=\"og:image\" content=\"https:\/\/sandzakpress.net\/arhiva\/wp-content\/uploads\/2013\/04\/mladic-ponovo-u-sudnici.jpg\" \/>\n\t<meta property=\"og:image:width\" content=\"580\" \/>\n\t<meta property=\"og:image:height\" content=\"367\" \/>\n\t<meta property=\"og:image:type\" content=\"image\/jpeg\" \/>\n<meta name=\"author\" content=\"bosniak\" \/>\n<meta name=\"twitter:card\" content=\"summary_large_image\" \/>\n<meta name=\"twitter:label1\" content=\"Written by\" \/>\n\t<meta name=\"twitter:data1\" content=\"bosniak\" \/>\n\t<meta name=\"twitter:label2\" content=\"Est. reading time\" \/>\n\t<meta name=\"twitter:data2\" content=\"2 minute\" \/>\n<script type=\"application\/ld+json\" class=\"yoast-schema-graph\">{\"@context\":\"https:\/\/schema.org\",\"@graph\":[{\"@type\":\"Article\",\"@id\":\"https:\/\/sandzakpress.net\/arhiva\/ratko-mladic-opsovao-tursku-majku-u-hagu-svjedoku-koji-je-prezivio-strijeljanje\/#article\",\"isPartOf\":{\"@id\":\"https:\/\/sandzakpress.net\/arhiva\/ratko-mladic-opsovao-tursku-majku-u-hagu-svjedoku-koji-je-prezivio-strijeljanje\/\"},\"author\":{\"name\":\"bosniak\",\"@id\":\"https:\/\/sandzakpress.net\/arhiva\/#\/schema\/person\/c8baee722073534b583ea7bdb2e36c02\"},\"headline\":\"Ratko Mladi\u0107 opsovao &#8220;tursku majku&#8221; u Hagu svjedoku koji je pre\u017eivio strijeljanje\",\"datePublished\":\"2013-04-09T22:00:58+00:00\",\"dateModified\":\"2013-04-10T15:57:11+00:00\",\"mainEntityOfPage\":{\"@id\":\"https:\/\/sandzakpress.net\/arhiva\/ratko-mladic-opsovao-tursku-majku-u-hagu-svjedoku-koji-je-prezivio-strijeljanje\/\"},\"wordCount\":365,\"commentCount\":17,\"publisher\":{\"@id\":\"https:\/\/sandzakpress.net\/arhiva\/#\/schema\/person\/6e72b67d6e51910a1117b3b483ba20bd\"},\"image\":{\"@id\":\"https:\/\/sandzakpress.net\/arhiva\/ratko-mladic-opsovao-tursku-majku-u-hagu-svjedoku-koji-je-prezivio-strijeljanje\/#primaryimage\"},\"thumbnailUrl\":\"https:\/\/sandzakpress.net\/arhiva\/wp-content\/uploads\/2013\/04\/mladic-ponovo-u-sudnici.jpg\",\"articleSection\":[\"Bosna i Hercegovina\",\"Politika\",\"VIJESTI DANA\"],\"inLanguage\":\"bs-BA\",\"potentialAction\":[{\"@type\":\"CommentAction\",\"name\":\"Comment\",\"target\":[\"https:\/\/sandzakpress.net\/arhiva\/ratko-mladic-opsovao-tursku-majku-u-hagu-svjedoku-koji-je-prezivio-strijeljanje\/#respond\"]}]},{\"@type\":\"WebPage\",\"@id\":\"https:\/\/sandzakpress.net\/arhiva\/ratko-mladic-opsovao-tursku-majku-u-hagu-svjedoku-koji-je-prezivio-strijeljanje\/\",\"url\":\"https:\/\/sandzakpress.net\/arhiva\/ratko-mladic-opsovao-tursku-majku-u-hagu-svjedoku-koji-je-prezivio-strijeljanje\/\",\"name\":\"Ratko Mladi\u0107 opsovao \\\"tursku majku\\\" u Hagu svjedoku koji je pre\u017eivio strijeljanje\",\"isPartOf\":{\"@id\":\"https:\/\/sandzakpress.net\/arhiva\/#website\"},\"primaryImageOfPage\":{\"@id\":\"https:\/\/sandzakpress.net\/arhiva\/ratko-mladic-opsovao-tursku-majku-u-hagu-svjedoku-koji-je-prezivio-strijeljanje\/#primaryimage\"},\"image\":{\"@id\":\"https:\/\/sandzakpress.net\/arhiva\/ratko-mladic-opsovao-tursku-majku-u-hagu-svjedoku-koji-je-prezivio-strijeljanje\/#primaryimage\"},\"thumbnailUrl\":\"https:\/\/sandzakpress.net\/arhiva\/wp-content\/uploads\/2013\/04\/mladic-ponovo-u-sudnici.jpg\",\"datePublished\":\"2013-04-09T22:00:58+00:00\",\"dateModified\":\"2013-04-10T15:57:11+00:00\",\"breadcrumb\":{\"@id\":\"https:\/\/sandzakpress.net\/arhiva\/ratko-mladic-opsovao-tursku-majku-u-hagu-svjedoku-koji-je-prezivio-strijeljanje\/#breadcrumb\"},\"inLanguage\":\"bs-BA\",\"potentialAction\":[{\"@type\":\"ReadAction\",\"target\":[\"https:\/\/sandzakpress.net\/arhiva\/ratko-mladic-opsovao-tursku-majku-u-hagu-svjedoku-koji-je-prezivio-strijeljanje\/\"]}]},{\"@type\":\"ImageObject\",\"inLanguage\":\"bs-BA\",\"@id\":\"https:\/\/sandzakpress.net\/arhiva\/ratko-mladic-opsovao-tursku-majku-u-hagu-svjedoku-koji-je-prezivio-strijeljanje\/#primaryimage\",\"url\":\"https:\/\/sandzakpress.net\/arhiva\/wp-content\/uploads\/2013\/04\/mladic-ponovo-u-sudnici.jpg\",\"contentUrl\":\"https:\/\/sandzakpress.net\/arhiva\/wp-content\/uploads\/2013\/04\/mladic-ponovo-u-sudnici.jpg\",\"width\":580,\"height\":367},{\"@type\":\"BreadcrumbList\",\"@id\":\"https:\/\/sandzakpress.net\/arhiva\/ratko-mladic-opsovao-tursku-majku-u-hagu-svjedoku-koji-je-prezivio-strijeljanje\/#breadcrumb\",\"itemListElement\":[{\"@type\":\"ListItem\",\"position\":1,\"name\":\"Home\",\"item\":\"https:\/\/sandzakpress.net\/arhiva\/\"},{\"@type\":\"ListItem\",\"position\":2,\"name\":\"Ratko Mladi\u0107 opsovao &#8220;tursku majku&#8221; u Hagu svjedoku koji je pre\u017eivio strijeljanje\"}]},{\"@type\":\"WebSite\",\"@id\":\"https:\/\/sandzakpress.net\/arhiva\/#website\",\"url\":\"https:\/\/sandzakpress.net\/arhiva\/\",\"name\":\"Sand\u017eak PRESS\",\"description\":\"Prve elektronske novine u Sand\u017eaku\",\"publisher\":{\"@id\":\"https:\/\/sandzakpress.net\/arhiva\/#\/schema\/person\/6e72b67d6e51910a1117b3b483ba20bd\"},\"potentialAction\":[{\"@type\":\"SearchAction\",\"target\":{\"@type\":\"EntryPoint\",\"urlTemplate\":\"https:\/\/sandzakpress.net\/arhiva\/?s={search_term_string}\"},\"query-input\":{\"@type\":\"PropertyValueSpecification\",\"valueRequired\":true,\"valueName\":\"search_term_string\"}}],\"inLanguage\":\"bs-BA\"},{\"@type\":[\"Person\",\"Organization\"],\"@id\":\"https:\/\/sandzakpress.net\/arhiva\/#\/schema\/person\/6e72b67d6e51910a1117b3b483ba20bd\",\"name\":\"Kul\",\"image\":{\"@type\":\"ImageObject\",\"inLanguage\":\"bs-BA\",\"@id\":\"https:\/\/sandzakpress.net\/arhiva\/#\/schema\/person\/image\/\",\"url\":\"https:\/\/secure.gravatar.com\/avatar\/42263f39aa27ac04c43cab85c280eb2e?s=96&d=mm&r=pg\",\"contentUrl\":\"https:\/\/secure.gravatar.com\/avatar\/42263f39aa27ac04c43cab85c280eb2e?s=96&d=mm&r=pg\",\"caption\":\"Kul\"},\"logo\":{\"@id\":\"https:\/\/sandzakpress.net\/arhiva\/#\/schema\/person\/image\/\"}},{\"@type\":\"Person\",\"@id\":\"https:\/\/sandzakpress.net\/arhiva\/#\/schema\/person\/c8baee722073534b583ea7bdb2e36c02\",\"name\":\"bosniak\",\"image\":{\"@type\":\"ImageObject\",\"inLanguage\":\"bs-BA\",\"@id\":\"https:\/\/sandzakpress.net\/arhiva\/#\/schema\/person\/image\/\",\"url\":\"https:\/\/secure.gravatar.com\/avatar\/a04fd330bfe3a36a72a0ad4a6d89fca7?s=96&d=mm&r=pg\",\"contentUrl\":\"https:\/\/secure.gravatar.com\/avatar\/a04fd330bfe3a36a72a0ad4a6d89fca7?s=96&d=mm&r=pg\",\"caption\":\"bosniak\"},\"url\":\"https:\/\/sandzakpress.net\/arhiva\/author\/bosniak\/\"}]}<\/script>\n<!-- \/ Yoast SEO Premium plugin. -->","yoast_head_json":{"title":"Ratko Mladi\u0107 opsovao \"tursku majku\" u Hagu svjedoku koji je pre\u017eivio strijeljanje","robots":{"index":"index","follow":"follow","max-snippet":"max-snippet:-1","max-image-preview":"max-image-preview:large","max-video-preview":"max-video-preview:-1"},"canonical":"https:\/\/sandzakpress.net\/arhiva\/ratko-mladic-opsovao-tursku-majku-u-hagu-svjedoku-koji-je-prezivio-strijeljanje\/","og_locale":"bs_BA","og_type":"article","og_title":"Ratko Mladi\u0107 opsovao \"tursku majku\" u Hagu svjedoku koji je pre\u017eivio strijeljanje","og_description":"BiH &#8211; Ratni komandant Vojske Republike Srpske (VRS), general Ratko Mladi\u0107, izba\u010den je danas iz sudnice Ha\u0161kog tribunala. Za\u0161ti\u0107enom svjedoku koji je pre\u017eivio strijeljanje u genocidu jula 1995. opsovao je \u201etursku majku\u201c, a uvrijedio je i ha\u0161kog sudiju Alphonsa Oriea nazivaju\u0107i ga &#8220;me\u0111edom&#8221;. Su\u0111enje komandantu VRS-a, kojeg Tu\u017eila\u0161tvo Ha\u0161kog tribunala tereti za najte\u017ee ratne zlo\u010dine, [&hellip;]","og_url":"https:\/\/sandzakpress.net\/arhiva\/ratko-mladic-opsovao-tursku-majku-u-hagu-svjedoku-koji-je-prezivio-strijeljanje\/","og_site_name":"Sand\u017eak PRESS","article_published_time":"2013-04-09T22:00:58+00:00","article_modified_time":"2013-04-10T15:57:11+00:00","og_image":[{"width":580,"height":367,"url":"https:\/\/sandzakpress.net\/arhiva\/wp-content\/uploads\/2013\/04\/mladic-ponovo-u-sudnici.jpg","type":"image\/jpeg"}],"author":"bosniak","twitter_card":"summary_large_image","twitter_misc":{"Written by":"bosniak","Est. reading time":"2 minute"},"schema":{"@context":"https:\/\/schema.org","@graph":[{"@type":"Article","@id":"https:\/\/sandzakpress.net\/arhiva\/ratko-mladic-opsovao-tursku-majku-u-hagu-svjedoku-koji-je-prezivio-strijeljanje\/#article","isPartOf":{"@id":"https:\/\/sandzakpress.net\/arhiva\/ratko-mladic-opsovao-tursku-majku-u-hagu-svjedoku-koji-je-prezivio-strijeljanje\/"},"author":{"name":"bosniak","@id":"https:\/\/sandzakpress.net\/arhiva\/#\/schema\/person\/c8baee722073534b583ea7bdb2e36c02"},"headline":"Ratko Mladi\u0107 opsovao &#8220;tursku majku&#8221; u Hagu svjedoku koji je pre\u017eivio strijeljanje","datePublished":"2013-04-09T22:00:58+00:00","dateModified":"2013-04-10T15:57:11+00:00","mainEntityOfPage":{"@id":"https:\/\/sandzakpress.net\/arhiva\/ratko-mladic-opsovao-tursku-majku-u-hagu-svjedoku-koji-je-prezivio-strijeljanje\/"},"wordCount":365,"commentCount":17,"publisher":{"@id":"https:\/\/sandzakpress.net\/arhiva\/#\/schema\/person\/6e72b67d6e51910a1117b3b483ba20bd"},"image":{"@id":"https:\/\/sandzakpress.net\/arhiva\/ratko-mladic-opsovao-tursku-majku-u-hagu-svjedoku-koji-je-prezivio-strijeljanje\/#primaryimage"},"thumbnailUrl":"https:\/\/sandzakpress.net\/arhiva\/wp-content\/uploads\/2013\/04\/mladic-ponovo-u-sudnici.jpg","articleSection":["Bosna i Hercegovina","Politika","VIJESTI DANA"],"inLanguage":"bs-BA","potentialAction":[{"@type":"CommentAction","name":"Comment","target":["https:\/\/sandzakpress.net\/arhiva\/ratko-mladic-opsovao-tursku-majku-u-hagu-svjedoku-koji-je-prezivio-strijeljanje\/#respond"]}]},{"@type":"WebPage","@id":"https:\/\/sandzakpress.net\/arhiva\/ratko-mladic-opsovao-tursku-majku-u-hagu-svjedoku-koji-je-prezivio-strijeljanje\/","url":"https:\/\/sandzakpress.net\/arhiva\/ratko-mladic-opsovao-tursku-majku-u-hagu-svjedoku-koji-je-prezivio-strijeljanje\/","name":"Ratko Mladi\u0107 opsovao \"tursku majku\" u Hagu svjedoku koji je pre\u017eivio strijeljanje","isPartOf":{"@id":"https:\/\/sandzakpress.net\/arhiva\/#website"},"primaryImageOfPage":{"@id":"https:\/\/sandzakpress.net\/arhiva\/ratko-mladic-opsovao-tursku-majku-u-hagu-svjedoku-koji-je-prezivio-strijeljanje\/#primaryimage"},"image":{"@id":"https:\/\/sandzakpress.net\/arhiva\/ratko-mladic-opsovao-tursku-majku-u-hagu-svjedoku-koji-je-prezivio-strijeljanje\/#primaryimage"},"thumbnailUrl":"https:\/\/sandzakpress.net\/arhiva\/wp-content\/uploads\/2013\/04\/mladic-ponovo-u-sudnici.jpg","datePublished":"2013-04-09T22:00:58+00:00","dateModified":"2013-04-10T15:57:11+00:00","breadcrumb":{"@id":"https:\/\/sandzakpress.net\/arhiva\/ratko-mladic-opsovao-tursku-majku-u-hagu-svjedoku-koji-je-prezivio-strijeljanje\/#breadcrumb"},"inLanguage":"bs-BA","potentialAction":[{"@type":"ReadAction","target":["https:\/\/sandzakpress.net\/arhiva\/ratko-mladic-opsovao-tursku-majku-u-hagu-svjedoku-koji-je-prezivio-strijeljanje\/"]}]},{"@type":"ImageObject","inLanguage":"bs-BA","@id":"https:\/\/sandzakpress.net\/arhiva\/ratko-mladic-opsovao-tursku-majku-u-hagu-svjedoku-koji-je-prezivio-strijeljanje\/#primaryimage","url":"https:\/\/sandzakpress.net\/arhiva\/wp-content\/uploads\/2013\/04\/mladic-ponovo-u-sudnici.jpg","contentUrl":"https:\/\/sandzakpress.net\/arhiva\/wp-content\/uploads\/2013\/04\/mladic-ponovo-u-sudnici.jpg","width":580,"height":367},{"@type":"BreadcrumbList","@id":"https:\/\/sandzakpress.net\/arhiva\/ratko-mladic-opsovao-tursku-majku-u-hagu-svjedoku-koji-je-prezivio-strijeljanje\/#breadcrumb","itemListElement":[{"@type":"ListItem","position":1,"name":"Home","item":"https:\/\/sandzakpress.net\/arhiva\/"},{"@type":"ListItem","position":2,"name":"Ratko Mladi\u0107 opsovao &#8220;tursku majku&#8221; u Hagu svjedoku koji je pre\u017eivio strijeljanje"}]},{"@type":"WebSite","@id":"https:\/\/sandzakpress.net\/arhiva\/#website","url":"https:\/\/sandzakpress.net\/arhiva\/","name":"Sand\u017eak PRESS","description":"Prve elektronske novine u Sand\u017eaku","publisher":{"@id":"https:\/\/sandzakpress.net\/arhiva\/#\/schema\/person\/6e72b67d6e51910a1117b3b483ba20bd"},"potentialAction":[{"@type":"SearchAction","target":{"@type":"EntryPoint","urlTemplate":"https:\/\/sandzakpress.net\/arhiva\/?s={search_term_string}"},"query-input":{"@type":"PropertyValueSpecification","valueRequired":true,"valueName":"search_term_string"}}],"inLanguage":"bs-BA"},{"@type":["Person","Organization"],"@id":"https:\/\/sandzakpress.net\/arhiva\/#\/schema\/person\/6e72b67d6e51910a1117b3b483ba20bd","name":"Kul","image":{"@type":"ImageObject","inLanguage":"bs-BA","@id":"https:\/\/sandzakpress.net\/arhiva\/#\/schema\/person\/image\/","url":"https:\/\/secure.gravatar.com\/avatar\/42263f39aa27ac04c43cab85c280eb2e?s=96&d=mm&r=pg","contentUrl":"https:\/\/secure.gravatar.com\/avatar\/42263f39aa27ac04c43cab85c280eb2e?s=96&d=mm&r=pg","caption":"Kul"},"logo":{"@id":"https:\/\/sandzakpress.net\/arhiva\/#\/schema\/person\/image\/"}},{"@type":"Person","@id":"https:\/\/sandzakpress.net\/arhiva\/#\/schema\/person\/c8baee722073534b583ea7bdb2e36c02","name":"bosniak","image":{"@type":"ImageObject","inLanguage":"bs-BA","@id":"https:\/\/sandzakpress.net\/arhiva\/#\/schema\/person\/image\/","url":"https:\/\/secure.gravatar.com\/avatar\/a04fd330bfe3a36a72a0ad4a6d89fca7?s=96&d=mm&r=pg","contentUrl":"https:\/\/secure.gravatar.com\/avatar\/a04fd330bfe3a36a72a0ad4a6d89fca7?s=96&d=mm&r=pg","caption":"bosniak"},"url":"https:\/\/sandzakpress.net\/arhiva\/author\/bosniak\/"}]}},"_links":{"self":[{"href":"https:\/\/sandzakpress.net\/arhiva\/wp-json\/wp\/v2\/posts\/72492"}],"collection":[{"href":"https:\/\/sandzakpress.net\/arhiva\/wp-json\/wp\/v2\/posts"}],"about":[{"href":"https:\/\/sandzakpress.net\/arhiva\/wp-json\/wp\/v2\/types\/post"}],"author":[{"embeddable":true,"href":"https:\/\/sandzakpress.net\/arhiva\/wp-json\/wp\/v2\/users\/83"}],"replies":[{"embeddable":true,"href":"https:\/\/sandzakpress.net\/arhiva\/wp-json\/wp\/v2\/comments?post=72492"}],"version-history":[{"count":0,"href":"https:\/\/sandzakpress.net\/arhiva\/wp-json\/wp\/v2\/posts\/72492\/revisions"}],"wp:featuredmedia":[{"embeddable":true,"href":"https:\/\/sandzakpress.net\/arhiva\/wp-json\/wp\/v2\/media\/72493"}],"wp:attachment":[{"href":"https:\/\/sandzakpress.net\/arhiva\/wp-json\/wp\/v2\/media?parent=72492"}],"wp:term":[{"taxonomy":"category","embeddable":true,"href":"https:\/\/sandzakpress.net\/arhiva\/wp-json\/wp\/v2\/categories?post=72492"},{"taxonomy":"post_tag","embeddable":true,"href":"https:\/\/sandzakpress.net\/arhiva\/wp-json\/wp\/v2\/tags?post=72492"}],"curies":[{"name":"wp","href":"https:\/\/api.w.org\/{rel}","templated":true}]}}