{"id":71782,"date":"2013-04-02T22:59:08","date_gmt":"2013-04-02T20:59:08","guid":{"rendered":"https:\/\/sandzakpress.net\/arhiva\/?p=71782"},"modified":"2013-04-02T22:59:08","modified_gmt":"2013-04-02T20:59:08","slug":"zasto-je-1-april-dan-sale","status":"publish","type":"post","link":"https:\/\/sandzakpress.net\/arhiva\/zasto-je-1-april-dan-sale\/","title":{"rendered":"Za\u0161to je 1. april dan \u0161ale?"},"content":{"rendered":"<p><strong><a href=\"https:\/\/sandzakpress.net\/arhiva\/wp-content\/uploads\/2013\/04\/rgaey.jpg\"><img loading=\"lazy\" decoding=\"async\" class=\"alignleft size-medium wp-image-71783\" title=\"rgaey\" src=\"https:\/\/sandzakpress.net\/arhiva\/wp-content\/uploads\/2013\/04\/rgaey-300x164.jpg\" alt=\"\" width=\"300\" height=\"164\" \/><\/a>U svijetu se danas obilje\u017eava Svjetski dan \u0161ale,1. april, kada se ljudi poku\u0161avaju na razne na\u010dine na\u0161aliti jedni s drugima.<\/strong><\/p>\n<p>O nastanku \u00a0Svjetskog dana \u0161ale  postoji vi\u0161e teorija, ali ni jedna vjerodostojno ne obja\u0161njava nastanak.  Mnogi narodi su po\u010detak aprila povezivali sa neozbiljno\u0161\u0107u, dok su ga  drugi povezivali sa odlaskom zime i dolaskom prolje\u0107a.<\/p>\n<p>Prema jednoj teoriji, Rimljani i Hindusi su slavili proljetni  ekvinocij sa po\u010detkom 25. marta i zavr\u0161etkom na Novu godinu &#8211; 1. aprila.  Kada je papa Gregor XIII 1582. godine Julijanski kalendar zamijenio  novim, Gregorijanskim kalendarom, po kojem se Nova godina slavila 1.  januara, mnogi novi datum nisu htjeli prihvatititi ili za njega nisu  znali, pa su slavili po starom.<\/p>\n<p>Prema teoriji profesora Josepha Boskina s univerziteta u Bostonu,  rimski imperator Konstantin dozvolio je svojoj dvorskoj ludi Kugelu da  bude &#8220;kralj na jedan dan&#8221;, jer su ga dvorske lude nasmijale izjaviv\u0161i da  bi bolje vladale imperijem od njega. Kugel je donio proglas u kojem je  za taj dan tra\u017eio apsurdnosti i tako je nastao taj obi\u010daj. Me\u0111utim, i  Boskinova teorija se pokazala samo \u00a0prvoaprilskom \u0161alom.<\/p>\n<p>Na\u010dini obilje\u017eavanja ovog dana su razli\u010diti. U Francuskoj je  tradicija da se poku\u0161a zalijepiti slika ribe na le\u0111ima, u Portugalu  poku\u0161avaju da vas pospu bra\u0161nom, u Engleskoj je dozvoljeno praviti \u0161ale  samo do podneva, itd.<\/p>\n<p>Bez obriza na to kako je nastao, danas \u0107e mnogi ljudi poku\u0161ati da prevare jedni druge ne \u0161tede\u0107i ma\u0161tu.<\/p>\n<p>Mediji tako\u0111er obilje\u017eavaju ovaj dan. Tako je BBC 1957. godine  objavio fotografiju i vijest o uspje\u0161noj berbi \u0161pageta u \u0160vicarskoj, dok  su ameri\u010dki mediji 1998. godine prenijeli oglas Burger Kinga koji  reklamira novo jelo &#8211; hamburger za ljevake (left-handed whopper),  prenose web stranice.<\/p>\n<p>Bez obzira na porijeklo svjetskog dana \u0161ale, istina je da smijeh zdravlje \u010duva.<\/p>\n<p>(Cafe ba)<\/p>\n","protected":false},"excerpt":{"rendered":"<p>U svijetu se danas obilje\u017eava Svjetski dan \u0161ale,1. april, kada se ljudi poku\u0161avaju na razne na\u010dine na\u0161aliti jedni s drugima. O nastanku \u00a0Svjetskog dana \u0161ale postoji vi\u0161e teorija, ali ni jedna vjerodostojno ne obja\u0161njava nastanak. Mnogi narodi su po\u010detak aprila povezivali sa neozbiljno\u0161\u0107u, dok su ga drugi povezivali sa odlaskom zime i dolaskom prolje\u0107a. Prema [&hellip;]<\/p>\n","protected":false},"author":13,"featured_media":71783,"comment_status":"open","ping_status":"open","sticky":false,"template":"","format":"standard","meta":{"footnotes":""},"categories":[2695],"tags":[],"class_list":{"0":"post-71782","1":"post","2":"type-post","3":"status-publish","4":"format-standard","5":"has-post-thumbnail","7":"category-zanimljivo"},"yoast_head":"<!-- This site is optimized with the Yoast SEO Premium plugin v23.1 (Yoast SEO v24.9) - https:\/\/yoast.com\/wordpress\/plugins\/seo\/ -->\n<title>Za\u0161to je 1. april dan \u0161ale?<\/title>\n<meta name=\"robots\" content=\"index, follow, max-snippet:-1, max-image-preview:large, max-video-preview:-1\" \/>\n<link rel=\"canonical\" href=\"https:\/\/sandzakpress.net\/arhiva\/zasto-je-1-april-dan-sale\/\" \/>\n<meta property=\"og:locale\" content=\"bs_BA\" \/>\n<meta property=\"og:type\" content=\"article\" \/>\n<meta property=\"og:title\" content=\"Za\u0161to je 1. april dan \u0161ale?\" \/>\n<meta property=\"og:description\" content=\"U svijetu se danas obilje\u017eava Svjetski dan \u0161ale,1. april, kada se ljudi poku\u0161avaju na razne na\u010dine na\u0161aliti jedni s drugima. O nastanku \u00a0Svjetskog dana \u0161ale postoji vi\u0161e teorija, ali ni jedna vjerodostojno ne obja\u0161njava nastanak. Mnogi narodi su po\u010detak aprila povezivali sa neozbiljno\u0161\u0107u, dok su ga drugi povezivali sa odlaskom zime i dolaskom prolje\u0107a. Prema [&hellip;]\" \/>\n<meta property=\"og:url\" content=\"https:\/\/sandzakpress.net\/arhiva\/zasto-je-1-april-dan-sale\/\" \/>\n<meta property=\"og:site_name\" content=\"Sand\u017eak PRESS\" \/>\n<meta property=\"article:published_time\" content=\"2013-04-02T20:59:08+00:00\" \/>\n<meta property=\"og:image\" content=\"https:\/\/sandzakpress.net\/arhiva\/wp-content\/uploads\/2013\/04\/rgaey.jpg\" \/>\n\t<meta property=\"og:image:width\" content=\"616\" \/>\n\t<meta property=\"og:image:height\" content=\"338\" \/>\n\t<meta property=\"og:image:type\" content=\"image\/jpeg\" \/>\n<meta name=\"twitter:card\" content=\"summary_large_image\" \/>\n<meta name=\"twitter:label1\" content=\"Written by\" \/>\n\t<meta name=\"twitter:data1\" content=\"\" \/>\n\t<meta name=\"twitter:label2\" content=\"Est. reading time\" \/>\n\t<meta name=\"twitter:data2\" content=\"2 minute\" \/>\n<script type=\"application\/ld+json\" class=\"yoast-schema-graph\">{\"@context\":\"https:\/\/schema.org\",\"@graph\":[{\"@type\":\"Article\",\"@id\":\"https:\/\/sandzakpress.net\/arhiva\/zasto-je-1-april-dan-sale\/#article\",\"isPartOf\":{\"@id\":\"https:\/\/sandzakpress.net\/arhiva\/zasto-je-1-april-dan-sale\/\"},\"author\":{\"name\":\"\",\"@id\":\"\"},\"headline\":\"Za\u0161to je 1. april dan \u0161ale?\",\"datePublished\":\"2013-04-02T20:59:08+00:00\",\"mainEntityOfPage\":{\"@id\":\"https:\/\/sandzakpress.net\/arhiva\/zasto-je-1-april-dan-sale\/\"},\"wordCount\":319,\"commentCount\":0,\"publisher\":{\"@id\":\"https:\/\/sandzakpress.net\/arhiva\/#\/schema\/person\/6e72b67d6e51910a1117b3b483ba20bd\"},\"image\":{\"@id\":\"https:\/\/sandzakpress.net\/arhiva\/zasto-je-1-april-dan-sale\/#primaryimage\"},\"thumbnailUrl\":\"https:\/\/sandzakpress.net\/arhiva\/wp-content\/uploads\/2013\/04\/rgaey.jpg\",\"articleSection\":[\"Zanimljivo\"],\"inLanguage\":\"bs-BA\",\"potentialAction\":[{\"@type\":\"CommentAction\",\"name\":\"Comment\",\"target\":[\"https:\/\/sandzakpress.net\/arhiva\/zasto-je-1-april-dan-sale\/#respond\"]}]},{\"@type\":\"WebPage\",\"@id\":\"https:\/\/sandzakpress.net\/arhiva\/zasto-je-1-april-dan-sale\/\",\"url\":\"https:\/\/sandzakpress.net\/arhiva\/zasto-je-1-april-dan-sale\/\",\"name\":\"Za\u0161to je 1. april dan \u0161ale?\",\"isPartOf\":{\"@id\":\"https:\/\/sandzakpress.net\/arhiva\/#website\"},\"primaryImageOfPage\":{\"@id\":\"https:\/\/sandzakpress.net\/arhiva\/zasto-je-1-april-dan-sale\/#primaryimage\"},\"image\":{\"@id\":\"https:\/\/sandzakpress.net\/arhiva\/zasto-je-1-april-dan-sale\/#primaryimage\"},\"thumbnailUrl\":\"https:\/\/sandzakpress.net\/arhiva\/wp-content\/uploads\/2013\/04\/rgaey.jpg\",\"datePublished\":\"2013-04-02T20:59:08+00:00\",\"breadcrumb\":{\"@id\":\"https:\/\/sandzakpress.net\/arhiva\/zasto-je-1-april-dan-sale\/#breadcrumb\"},\"inLanguage\":\"bs-BA\",\"potentialAction\":[{\"@type\":\"ReadAction\",\"target\":[\"https:\/\/sandzakpress.net\/arhiva\/zasto-je-1-april-dan-sale\/\"]}]},{\"@type\":\"ImageObject\",\"inLanguage\":\"bs-BA\",\"@id\":\"https:\/\/sandzakpress.net\/arhiva\/zasto-je-1-april-dan-sale\/#primaryimage\",\"url\":\"https:\/\/sandzakpress.net\/arhiva\/wp-content\/uploads\/2013\/04\/rgaey.jpg\",\"contentUrl\":\"https:\/\/sandzakpress.net\/arhiva\/wp-content\/uploads\/2013\/04\/rgaey.jpg\",\"width\":616,\"height\":338},{\"@type\":\"BreadcrumbList\",\"@id\":\"https:\/\/sandzakpress.net\/arhiva\/zasto-je-1-april-dan-sale\/#breadcrumb\",\"itemListElement\":[{\"@type\":\"ListItem\",\"position\":1,\"name\":\"Home\",\"item\":\"https:\/\/sandzakpress.net\/arhiva\/\"},{\"@type\":\"ListItem\",\"position\":2,\"name\":\"Za\u0161to je 1. april dan \u0161ale?\"}]},{\"@type\":\"WebSite\",\"@id\":\"https:\/\/sandzakpress.net\/arhiva\/#website\",\"url\":\"https:\/\/sandzakpress.net\/arhiva\/\",\"name\":\"Sand\u017eak PRESS\",\"description\":\"Prve elektronske novine u Sand\u017eaku\",\"publisher\":{\"@id\":\"https:\/\/sandzakpress.net\/arhiva\/#\/schema\/person\/6e72b67d6e51910a1117b3b483ba20bd\"},\"potentialAction\":[{\"@type\":\"SearchAction\",\"target\":{\"@type\":\"EntryPoint\",\"urlTemplate\":\"https:\/\/sandzakpress.net\/arhiva\/?s={search_term_string}\"},\"query-input\":{\"@type\":\"PropertyValueSpecification\",\"valueRequired\":true,\"valueName\":\"search_term_string\"}}],\"inLanguage\":\"bs-BA\"},{\"@type\":[\"Person\",\"Organization\"],\"@id\":\"https:\/\/sandzakpress.net\/arhiva\/#\/schema\/person\/6e72b67d6e51910a1117b3b483ba20bd\",\"name\":\"Kul\",\"image\":{\"@type\":\"ImageObject\",\"inLanguage\":\"bs-BA\",\"@id\":\"https:\/\/sandzakpress.net\/arhiva\/#\/schema\/person\/image\/\",\"url\":\"https:\/\/secure.gravatar.com\/avatar\/42263f39aa27ac04c43cab85c280eb2e?s=96&d=mm&r=pg\",\"contentUrl\":\"https:\/\/secure.gravatar.com\/avatar\/42263f39aa27ac04c43cab85c280eb2e?s=96&d=mm&r=pg\",\"caption\":\"Kul\"},\"logo\":{\"@id\":\"https:\/\/sandzakpress.net\/arhiva\/#\/schema\/person\/image\/\"}},{\"@type\":\"Person\",\"@id\":\"\",\"url\":\"https:\/\/sandzakpress.net\/arhiva\/author\/\"}]}<\/script>\n<!-- \/ Yoast SEO Premium plugin. -->","yoast_head_json":{"title":"Za\u0161to je 1. april dan \u0161ale?","robots":{"index":"index","follow":"follow","max-snippet":"max-snippet:-1","max-image-preview":"max-image-preview:large","max-video-preview":"max-video-preview:-1"},"canonical":"https:\/\/sandzakpress.net\/arhiva\/zasto-je-1-april-dan-sale\/","og_locale":"bs_BA","og_type":"article","og_title":"Za\u0161to je 1. april dan \u0161ale?","og_description":"U svijetu se danas obilje\u017eava Svjetski dan \u0161ale,1. april, kada se ljudi poku\u0161avaju na razne na\u010dine na\u0161aliti jedni s drugima. O nastanku \u00a0Svjetskog dana \u0161ale postoji vi\u0161e teorija, ali ni jedna vjerodostojno ne obja\u0161njava nastanak. Mnogi narodi su po\u010detak aprila povezivali sa neozbiljno\u0161\u0107u, dok su ga drugi povezivali sa odlaskom zime i dolaskom prolje\u0107a. Prema [&hellip;]","og_url":"https:\/\/sandzakpress.net\/arhiva\/zasto-je-1-april-dan-sale\/","og_site_name":"Sand\u017eak PRESS","article_published_time":"2013-04-02T20:59:08+00:00","og_image":[{"width":616,"height":338,"url":"https:\/\/sandzakpress.net\/arhiva\/wp-content\/uploads\/2013\/04\/rgaey.jpg","type":"image\/jpeg"}],"twitter_card":"summary_large_image","twitter_misc":{"Written by":"","Est. reading time":"2 minute"},"schema":{"@context":"https:\/\/schema.org","@graph":[{"@type":"Article","@id":"https:\/\/sandzakpress.net\/arhiva\/zasto-je-1-april-dan-sale\/#article","isPartOf":{"@id":"https:\/\/sandzakpress.net\/arhiva\/zasto-je-1-april-dan-sale\/"},"author":{"name":"","@id":""},"headline":"Za\u0161to je 1. april dan \u0161ale?","datePublished":"2013-04-02T20:59:08+00:00","mainEntityOfPage":{"@id":"https:\/\/sandzakpress.net\/arhiva\/zasto-je-1-april-dan-sale\/"},"wordCount":319,"commentCount":0,"publisher":{"@id":"https:\/\/sandzakpress.net\/arhiva\/#\/schema\/person\/6e72b67d6e51910a1117b3b483ba20bd"},"image":{"@id":"https:\/\/sandzakpress.net\/arhiva\/zasto-je-1-april-dan-sale\/#primaryimage"},"thumbnailUrl":"https:\/\/sandzakpress.net\/arhiva\/wp-content\/uploads\/2013\/04\/rgaey.jpg","articleSection":["Zanimljivo"],"inLanguage":"bs-BA","potentialAction":[{"@type":"CommentAction","name":"Comment","target":["https:\/\/sandzakpress.net\/arhiva\/zasto-je-1-april-dan-sale\/#respond"]}]},{"@type":"WebPage","@id":"https:\/\/sandzakpress.net\/arhiva\/zasto-je-1-april-dan-sale\/","url":"https:\/\/sandzakpress.net\/arhiva\/zasto-je-1-april-dan-sale\/","name":"Za\u0161to je 1. april dan \u0161ale?","isPartOf":{"@id":"https:\/\/sandzakpress.net\/arhiva\/#website"},"primaryImageOfPage":{"@id":"https:\/\/sandzakpress.net\/arhiva\/zasto-je-1-april-dan-sale\/#primaryimage"},"image":{"@id":"https:\/\/sandzakpress.net\/arhiva\/zasto-je-1-april-dan-sale\/#primaryimage"},"thumbnailUrl":"https:\/\/sandzakpress.net\/arhiva\/wp-content\/uploads\/2013\/04\/rgaey.jpg","datePublished":"2013-04-02T20:59:08+00:00","breadcrumb":{"@id":"https:\/\/sandzakpress.net\/arhiva\/zasto-je-1-april-dan-sale\/#breadcrumb"},"inLanguage":"bs-BA","potentialAction":[{"@type":"ReadAction","target":["https:\/\/sandzakpress.net\/arhiva\/zasto-je-1-april-dan-sale\/"]}]},{"@type":"ImageObject","inLanguage":"bs-BA","@id":"https:\/\/sandzakpress.net\/arhiva\/zasto-je-1-april-dan-sale\/#primaryimage","url":"https:\/\/sandzakpress.net\/arhiva\/wp-content\/uploads\/2013\/04\/rgaey.jpg","contentUrl":"https:\/\/sandzakpress.net\/arhiva\/wp-content\/uploads\/2013\/04\/rgaey.jpg","width":616,"height":338},{"@type":"BreadcrumbList","@id":"https:\/\/sandzakpress.net\/arhiva\/zasto-je-1-april-dan-sale\/#breadcrumb","itemListElement":[{"@type":"ListItem","position":1,"name":"Home","item":"https:\/\/sandzakpress.net\/arhiva\/"},{"@type":"ListItem","position":2,"name":"Za\u0161to je 1. april dan \u0161ale?"}]},{"@type":"WebSite","@id":"https:\/\/sandzakpress.net\/arhiva\/#website","url":"https:\/\/sandzakpress.net\/arhiva\/","name":"Sand\u017eak PRESS","description":"Prve elektronske novine u Sand\u017eaku","publisher":{"@id":"https:\/\/sandzakpress.net\/arhiva\/#\/schema\/person\/6e72b67d6e51910a1117b3b483ba20bd"},"potentialAction":[{"@type":"SearchAction","target":{"@type":"EntryPoint","urlTemplate":"https:\/\/sandzakpress.net\/arhiva\/?s={search_term_string}"},"query-input":{"@type":"PropertyValueSpecification","valueRequired":true,"valueName":"search_term_string"}}],"inLanguage":"bs-BA"},{"@type":["Person","Organization"],"@id":"https:\/\/sandzakpress.net\/arhiva\/#\/schema\/person\/6e72b67d6e51910a1117b3b483ba20bd","name":"Kul","image":{"@type":"ImageObject","inLanguage":"bs-BA","@id":"https:\/\/sandzakpress.net\/arhiva\/#\/schema\/person\/image\/","url":"https:\/\/secure.gravatar.com\/avatar\/42263f39aa27ac04c43cab85c280eb2e?s=96&d=mm&r=pg","contentUrl":"https:\/\/secure.gravatar.com\/avatar\/42263f39aa27ac04c43cab85c280eb2e?s=96&d=mm&r=pg","caption":"Kul"},"logo":{"@id":"https:\/\/sandzakpress.net\/arhiva\/#\/schema\/person\/image\/"}},{"@type":"Person","@id":"","url":"https:\/\/sandzakpress.net\/arhiva\/author\/"}]}},"_links":{"self":[{"href":"https:\/\/sandzakpress.net\/arhiva\/wp-json\/wp\/v2\/posts\/71782"}],"collection":[{"href":"https:\/\/sandzakpress.net\/arhiva\/wp-json\/wp\/v2\/posts"}],"about":[{"href":"https:\/\/sandzakpress.net\/arhiva\/wp-json\/wp\/v2\/types\/post"}],"author":[{"embeddable":true,"href":"https:\/\/sandzakpress.net\/arhiva\/wp-json\/wp\/v2\/users\/13"}],"replies":[{"embeddable":true,"href":"https:\/\/sandzakpress.net\/arhiva\/wp-json\/wp\/v2\/comments?post=71782"}],"version-history":[{"count":0,"href":"https:\/\/sandzakpress.net\/arhiva\/wp-json\/wp\/v2\/posts\/71782\/revisions"}],"wp:featuredmedia":[{"embeddable":true,"href":"https:\/\/sandzakpress.net\/arhiva\/wp-json\/wp\/v2\/media\/71783"}],"wp:attachment":[{"href":"https:\/\/sandzakpress.net\/arhiva\/wp-json\/wp\/v2\/media?parent=71782"}],"wp:term":[{"taxonomy":"category","embeddable":true,"href":"https:\/\/sandzakpress.net\/arhiva\/wp-json\/wp\/v2\/categories?post=71782"},{"taxonomy":"post_tag","embeddable":true,"href":"https:\/\/sandzakpress.net\/arhiva\/wp-json\/wp\/v2\/tags?post=71782"}],"curies":[{"name":"wp","href":"https:\/\/api.w.org\/{rel}","templated":true}]}}