{"id":7156,"date":"2010-08-28T18:58:14","date_gmt":"2010-08-28T18:58:14","guid":{"rendered":"https:\/\/sandzakpress.net\/arhiva\/?p=7156"},"modified":"2010-08-28T18:58:14","modified_gmt":"2010-08-28T18:58:14","slug":"u-utorak-protest-imama-i-vjeroucitelja-ispred-vlade","status":"publish","type":"post","link":"https:\/\/sandzakpress.net\/arhiva\/u-utorak-protest-imama-i-vjeroucitelja-ispred-vlade\/","title":{"rendered":"U utorak protest imama i vjerou\u010ditelja ispred Vlade!"},"content":{"rendered":"<p><strong><a href=\"https:\/\/sandzakpress.net\/arhiva\/wp-content\/uploads\/2010\/08\/DSC_0004.jpg\"><img loading=\"lazy\" decoding=\"async\" class=\"alignleft size-medium wp-image-7157\" title=\"DSC_0004\" src=\"https:\/\/sandzakpress.net\/arhiva\/wp-content\/uploads\/2010\/08\/DSC_0004-300x168.jpg\" alt=\"\" width=\"300\" height=\"168\" \/><\/a>Sjeverni Sand\u017eak &#8211; Udru\u017eenje vjerou\u010ditelja organizuje protest ispred zgrade Vlade Republike Srbije u Beogradu kao je najavio predsjednik udru\u017eenja vjerou\u010dtelja, Hajrudin Bali\u0107:<\/strong><\/p>\n<p>Imaju\u0107i u vidu da je Udru\u017eenje nastavnika islamske vjeronauke, dana 21.08.2010. godine, uputilo dopis Predsjedniku Republike u kome apeluje da nalo\u017ei Vladi Republike Srbije poni\u0161tenje diskriminatorske odluke, kojom se iz sastava Vladine komisije za vjersku nastavu isklju\u010duje predstavnik tradicionalne Islamske zajednice, prof. dr. Mevlud ef. Dudi\u0107, te zahtjev Ministarstvu prosvjete da uprili\u010di prijem delegaciji Udru\u017eenja, kako bi se razgovorom do\u0161lo do rje\u0161enja i prevazi\u0161li novonastali problemi, te da nije do\u0161lo do razumijevanja za na\u0161e zahtjeve, tj. da nije bilo nikakvog odgovora, Udru\u017eenje vjerou\u010ditelja je prinu\u0111eno da organizuje najavljeni protest ispred zgrade Vlade Republike Srbije u Beogradu. Protest nastavnika islamske vjeronauke, u vjerskoj uniformi, bi\u0107e odr\u017ean u utorak, 31.08.2010. godine.<\/p>\n<p>Ovaj protest je prvi u nizu najavljenih mjera koje \u0107e se preduzeti u cilju za\u0161tite od diskriminacije, kao i o\u010duvanja ravnopravnosti i autonomnosti Islamske zajednice, prava i dostojanstva vjerou\u010ditelja Islamske zajednice u Srbiji.<\/p>\n<p>Izvor: <strong>IslamskaZajednica.org<\/strong><\/p>\n","protected":false},"excerpt":{"rendered":"<p>Sjeverni Sand\u017eak &#8211; Udru\u017eenje vjerou\u010ditelja organizuje protest ispred zgrade Vlade Republike Srbije u Beogradu kao je najavio predsjednik udru\u017eenja vjerou\u010dtelja, Hajrudin Bali\u0107: Imaju\u0107i u vidu da je Udru\u017eenje nastavnika islamske vjeronauke, dana 21.08.2010. godine, uputilo dopis Predsjedniku Republike u kome apeluje da nalo\u017ei Vladi Republike Srbije poni\u0161tenje diskriminatorske odluke, kojom se iz sastava Vladine komisije [&hellip;]<\/p>\n","protected":false},"author":83,"featured_media":7157,"comment_status":"open","ping_status":"open","sticky":false,"template":"","format":"standard","meta":{"footnotes":""},"categories":[72,800,52,327,392,393,394],"tags":[],"class_list":{"0":"post-7156","1":"post","2":"type-post","3":"status-publish","4":"format-standard","5":"has-post-thumbnail","7":"category-novi-pazar","8":"category-nacija","9":"category-sjenica","10":"category-tutin","11":"category-prijepolje_","12":"category-priboj","13":"category-nova-varos"},"yoast_head":"<!-- This site is optimized with the Yoast SEO Premium plugin v23.1 (Yoast SEO v24.9) - https:\/\/yoast.com\/wordpress\/plugins\/seo\/ -->\n<title>U utorak protest imama i vjerou\u010ditelja ispred Vlade!<\/title>\n<meta name=\"robots\" content=\"index, follow, max-snippet:-1, max-image-preview:large, max-video-preview:-1\" \/>\n<link rel=\"canonical\" href=\"https:\/\/sandzakpress.net\/arhiva\/u-utorak-protest-imama-i-vjeroucitelja-ispred-vlade\/\" \/>\n<meta property=\"og:locale\" content=\"bs_BA\" \/>\n<meta property=\"og:type\" content=\"article\" \/>\n<meta property=\"og:title\" content=\"U utorak protest imama i vjerou\u010ditelja ispred Vlade!\" \/>\n<meta property=\"og:description\" content=\"Sjeverni Sand\u017eak &#8211; Udru\u017eenje vjerou\u010ditelja organizuje protest ispred zgrade Vlade Republike Srbije u Beogradu kao je najavio predsjednik udru\u017eenja vjerou\u010dtelja, Hajrudin Bali\u0107: Imaju\u0107i u vidu da je Udru\u017eenje nastavnika islamske vjeronauke, dana 21.08.2010. godine, uputilo dopis Predsjedniku Republike u kome apeluje da nalo\u017ei Vladi Republike Srbije poni\u0161tenje diskriminatorske odluke, kojom se iz sastava Vladine komisije [&hellip;]\" \/>\n<meta property=\"og:url\" content=\"https:\/\/sandzakpress.net\/arhiva\/u-utorak-protest-imama-i-vjeroucitelja-ispred-vlade\/\" \/>\n<meta property=\"og:site_name\" content=\"Sand\u017eak PRESS\" \/>\n<meta property=\"article:published_time\" content=\"2010-08-28T18:58:14+00:00\" \/>\n<meta property=\"og:image\" content=\"https:\/\/sandzakpress.net\/arhiva\/wp-content\/uploads\/2010\/08\/DSC_0004.jpg\" \/>\n\t<meta property=\"og:image:width\" content=\"370\" \/>\n\t<meta property=\"og:image:height\" content=\"208\" \/>\n\t<meta property=\"og:image:type\" content=\"image\/jpeg\" \/>\n<meta name=\"author\" content=\"bosniak\" \/>\n<meta name=\"twitter:card\" content=\"summary_large_image\" \/>\n<meta name=\"twitter:label1\" content=\"Written by\" \/>\n\t<meta name=\"twitter:data1\" content=\"bosniak\" \/>\n\t<meta name=\"twitter:label2\" content=\"Est. reading time\" \/>\n\t<meta name=\"twitter:data2\" content=\"1 minuta\" \/>\n<script type=\"application\/ld+json\" class=\"yoast-schema-graph\">{\"@context\":\"https:\/\/schema.org\",\"@graph\":[{\"@type\":\"Article\",\"@id\":\"https:\/\/sandzakpress.net\/arhiva\/u-utorak-protest-imama-i-vjeroucitelja-ispred-vlade\/#article\",\"isPartOf\":{\"@id\":\"https:\/\/sandzakpress.net\/arhiva\/u-utorak-protest-imama-i-vjeroucitelja-ispred-vlade\/\"},\"author\":{\"name\":\"bosniak\",\"@id\":\"https:\/\/sandzakpress.net\/arhiva\/#\/schema\/person\/c8baee722073534b583ea7bdb2e36c02\"},\"headline\":\"U utorak protest imama i vjerou\u010ditelja ispred Vlade!\",\"datePublished\":\"2010-08-28T18:58:14+00:00\",\"mainEntityOfPage\":{\"@id\":\"https:\/\/sandzakpress.net\/arhiva\/u-utorak-protest-imama-i-vjeroucitelja-ispred-vlade\/\"},\"wordCount\":199,\"commentCount\":2,\"publisher\":{\"@id\":\"https:\/\/sandzakpress.net\/arhiva\/#\/schema\/person\/6e72b67d6e51910a1117b3b483ba20bd\"},\"image\":{\"@id\":\"https:\/\/sandzakpress.net\/arhiva\/u-utorak-protest-imama-i-vjeroucitelja-ispred-vlade\/#primaryimage\"},\"thumbnailUrl\":\"https:\/\/sandzakpress.net\/arhiva\/wp-content\/uploads\/2010\/08\/DSC_0004.jpg\",\"articleSection\":[\"Novi Pazar\",\"Nacija\",\"Sjenica\",\"Tutin\",\"Prijepolje\",\"Priboj\",\"Nova Varo\u0161\"],\"inLanguage\":\"bs-BA\",\"potentialAction\":[{\"@type\":\"CommentAction\",\"name\":\"Comment\",\"target\":[\"https:\/\/sandzakpress.net\/arhiva\/u-utorak-protest-imama-i-vjeroucitelja-ispred-vlade\/#respond\"]}]},{\"@type\":\"WebPage\",\"@id\":\"https:\/\/sandzakpress.net\/arhiva\/u-utorak-protest-imama-i-vjeroucitelja-ispred-vlade\/\",\"url\":\"https:\/\/sandzakpress.net\/arhiva\/u-utorak-protest-imama-i-vjeroucitelja-ispred-vlade\/\",\"name\":\"U utorak protest imama i vjerou\u010ditelja ispred Vlade!\",\"isPartOf\":{\"@id\":\"https:\/\/sandzakpress.net\/arhiva\/#website\"},\"primaryImageOfPage\":{\"@id\":\"https:\/\/sandzakpress.net\/arhiva\/u-utorak-protest-imama-i-vjeroucitelja-ispred-vlade\/#primaryimage\"},\"image\":{\"@id\":\"https:\/\/sandzakpress.net\/arhiva\/u-utorak-protest-imama-i-vjeroucitelja-ispred-vlade\/#primaryimage\"},\"thumbnailUrl\":\"https:\/\/sandzakpress.net\/arhiva\/wp-content\/uploads\/2010\/08\/DSC_0004.jpg\",\"datePublished\":\"2010-08-28T18:58:14+00:00\",\"breadcrumb\":{\"@id\":\"https:\/\/sandzakpress.net\/arhiva\/u-utorak-protest-imama-i-vjeroucitelja-ispred-vlade\/#breadcrumb\"},\"inLanguage\":\"bs-BA\",\"potentialAction\":[{\"@type\":\"ReadAction\",\"target\":[\"https:\/\/sandzakpress.net\/arhiva\/u-utorak-protest-imama-i-vjeroucitelja-ispred-vlade\/\"]}]},{\"@type\":\"ImageObject\",\"inLanguage\":\"bs-BA\",\"@id\":\"https:\/\/sandzakpress.net\/arhiva\/u-utorak-protest-imama-i-vjeroucitelja-ispred-vlade\/#primaryimage\",\"url\":\"https:\/\/sandzakpress.net\/arhiva\/wp-content\/uploads\/2010\/08\/DSC_0004.jpg\",\"contentUrl\":\"https:\/\/sandzakpress.net\/arhiva\/wp-content\/uploads\/2010\/08\/DSC_0004.jpg\",\"width\":370,\"height\":208},{\"@type\":\"BreadcrumbList\",\"@id\":\"https:\/\/sandzakpress.net\/arhiva\/u-utorak-protest-imama-i-vjeroucitelja-ispred-vlade\/#breadcrumb\",\"itemListElement\":[{\"@type\":\"ListItem\",\"position\":1,\"name\":\"Home\",\"item\":\"https:\/\/sandzakpress.net\/arhiva\/\"},{\"@type\":\"ListItem\",\"position\":2,\"name\":\"U utorak protest imama i vjerou\u010ditelja ispred Vlade!\"}]},{\"@type\":\"WebSite\",\"@id\":\"https:\/\/sandzakpress.net\/arhiva\/#website\",\"url\":\"https:\/\/sandzakpress.net\/arhiva\/\",\"name\":\"Sand\u017eak PRESS\",\"description\":\"Prve elektronske novine u Sand\u017eaku\",\"publisher\":{\"@id\":\"https:\/\/sandzakpress.net\/arhiva\/#\/schema\/person\/6e72b67d6e51910a1117b3b483ba20bd\"},\"potentialAction\":[{\"@type\":\"SearchAction\",\"target\":{\"@type\":\"EntryPoint\",\"urlTemplate\":\"https:\/\/sandzakpress.net\/arhiva\/?s={search_term_string}\"},\"query-input\":{\"@type\":\"PropertyValueSpecification\",\"valueRequired\":true,\"valueName\":\"search_term_string\"}}],\"inLanguage\":\"bs-BA\"},{\"@type\":[\"Person\",\"Organization\"],\"@id\":\"https:\/\/sandzakpress.net\/arhiva\/#\/schema\/person\/6e72b67d6e51910a1117b3b483ba20bd\",\"name\":\"Kul\",\"image\":{\"@type\":\"ImageObject\",\"inLanguage\":\"bs-BA\",\"@id\":\"https:\/\/sandzakpress.net\/arhiva\/#\/schema\/person\/image\/\",\"url\":\"https:\/\/secure.gravatar.com\/avatar\/42263f39aa27ac04c43cab85c280eb2e?s=96&d=mm&r=pg\",\"contentUrl\":\"https:\/\/secure.gravatar.com\/avatar\/42263f39aa27ac04c43cab85c280eb2e?s=96&d=mm&r=pg\",\"caption\":\"Kul\"},\"logo\":{\"@id\":\"https:\/\/sandzakpress.net\/arhiva\/#\/schema\/person\/image\/\"}},{\"@type\":\"Person\",\"@id\":\"https:\/\/sandzakpress.net\/arhiva\/#\/schema\/person\/c8baee722073534b583ea7bdb2e36c02\",\"name\":\"bosniak\",\"image\":{\"@type\":\"ImageObject\",\"inLanguage\":\"bs-BA\",\"@id\":\"https:\/\/sandzakpress.net\/arhiva\/#\/schema\/person\/image\/\",\"url\":\"https:\/\/secure.gravatar.com\/avatar\/a04fd330bfe3a36a72a0ad4a6d89fca7?s=96&d=mm&r=pg\",\"contentUrl\":\"https:\/\/secure.gravatar.com\/avatar\/a04fd330bfe3a36a72a0ad4a6d89fca7?s=96&d=mm&r=pg\",\"caption\":\"bosniak\"},\"url\":\"https:\/\/sandzakpress.net\/arhiva\/author\/bosniak\/\"}]}<\/script>\n<!-- \/ Yoast SEO Premium plugin. -->","yoast_head_json":{"title":"U utorak protest imama i vjerou\u010ditelja ispred Vlade!","robots":{"index":"index","follow":"follow","max-snippet":"max-snippet:-1","max-image-preview":"max-image-preview:large","max-video-preview":"max-video-preview:-1"},"canonical":"https:\/\/sandzakpress.net\/arhiva\/u-utorak-protest-imama-i-vjeroucitelja-ispred-vlade\/","og_locale":"bs_BA","og_type":"article","og_title":"U utorak protest imama i vjerou\u010ditelja ispred Vlade!","og_description":"Sjeverni Sand\u017eak &#8211; Udru\u017eenje vjerou\u010ditelja organizuje protest ispred zgrade Vlade Republike Srbije u Beogradu kao je najavio predsjednik udru\u017eenja vjerou\u010dtelja, Hajrudin Bali\u0107: Imaju\u0107i u vidu da je Udru\u017eenje nastavnika islamske vjeronauke, dana 21.08.2010. godine, uputilo dopis Predsjedniku Republike u kome apeluje da nalo\u017ei Vladi Republike Srbije poni\u0161tenje diskriminatorske odluke, kojom se iz sastava Vladine komisije [&hellip;]","og_url":"https:\/\/sandzakpress.net\/arhiva\/u-utorak-protest-imama-i-vjeroucitelja-ispred-vlade\/","og_site_name":"Sand\u017eak PRESS","article_published_time":"2010-08-28T18:58:14+00:00","og_image":[{"width":370,"height":208,"url":"https:\/\/sandzakpress.net\/arhiva\/wp-content\/uploads\/2010\/08\/DSC_0004.jpg","type":"image\/jpeg"}],"author":"bosniak","twitter_card":"summary_large_image","twitter_misc":{"Written by":"bosniak","Est. reading time":"1 minuta"},"schema":{"@context":"https:\/\/schema.org","@graph":[{"@type":"Article","@id":"https:\/\/sandzakpress.net\/arhiva\/u-utorak-protest-imama-i-vjeroucitelja-ispred-vlade\/#article","isPartOf":{"@id":"https:\/\/sandzakpress.net\/arhiva\/u-utorak-protest-imama-i-vjeroucitelja-ispred-vlade\/"},"author":{"name":"bosniak","@id":"https:\/\/sandzakpress.net\/arhiva\/#\/schema\/person\/c8baee722073534b583ea7bdb2e36c02"},"headline":"U utorak protest imama i vjerou\u010ditelja ispred Vlade!","datePublished":"2010-08-28T18:58:14+00:00","mainEntityOfPage":{"@id":"https:\/\/sandzakpress.net\/arhiva\/u-utorak-protest-imama-i-vjeroucitelja-ispred-vlade\/"},"wordCount":199,"commentCount":2,"publisher":{"@id":"https:\/\/sandzakpress.net\/arhiva\/#\/schema\/person\/6e72b67d6e51910a1117b3b483ba20bd"},"image":{"@id":"https:\/\/sandzakpress.net\/arhiva\/u-utorak-protest-imama-i-vjeroucitelja-ispred-vlade\/#primaryimage"},"thumbnailUrl":"https:\/\/sandzakpress.net\/arhiva\/wp-content\/uploads\/2010\/08\/DSC_0004.jpg","articleSection":["Novi Pazar","Nacija","Sjenica","Tutin","Prijepolje","Priboj","Nova Varo\u0161"],"inLanguage":"bs-BA","potentialAction":[{"@type":"CommentAction","name":"Comment","target":["https:\/\/sandzakpress.net\/arhiva\/u-utorak-protest-imama-i-vjeroucitelja-ispred-vlade\/#respond"]}]},{"@type":"WebPage","@id":"https:\/\/sandzakpress.net\/arhiva\/u-utorak-protest-imama-i-vjeroucitelja-ispred-vlade\/","url":"https:\/\/sandzakpress.net\/arhiva\/u-utorak-protest-imama-i-vjeroucitelja-ispred-vlade\/","name":"U utorak protest imama i vjerou\u010ditelja ispred Vlade!","isPartOf":{"@id":"https:\/\/sandzakpress.net\/arhiva\/#website"},"primaryImageOfPage":{"@id":"https:\/\/sandzakpress.net\/arhiva\/u-utorak-protest-imama-i-vjeroucitelja-ispred-vlade\/#primaryimage"},"image":{"@id":"https:\/\/sandzakpress.net\/arhiva\/u-utorak-protest-imama-i-vjeroucitelja-ispred-vlade\/#primaryimage"},"thumbnailUrl":"https:\/\/sandzakpress.net\/arhiva\/wp-content\/uploads\/2010\/08\/DSC_0004.jpg","datePublished":"2010-08-28T18:58:14+00:00","breadcrumb":{"@id":"https:\/\/sandzakpress.net\/arhiva\/u-utorak-protest-imama-i-vjeroucitelja-ispred-vlade\/#breadcrumb"},"inLanguage":"bs-BA","potentialAction":[{"@type":"ReadAction","target":["https:\/\/sandzakpress.net\/arhiva\/u-utorak-protest-imama-i-vjeroucitelja-ispred-vlade\/"]}]},{"@type":"ImageObject","inLanguage":"bs-BA","@id":"https:\/\/sandzakpress.net\/arhiva\/u-utorak-protest-imama-i-vjeroucitelja-ispred-vlade\/#primaryimage","url":"https:\/\/sandzakpress.net\/arhiva\/wp-content\/uploads\/2010\/08\/DSC_0004.jpg","contentUrl":"https:\/\/sandzakpress.net\/arhiva\/wp-content\/uploads\/2010\/08\/DSC_0004.jpg","width":370,"height":208},{"@type":"BreadcrumbList","@id":"https:\/\/sandzakpress.net\/arhiva\/u-utorak-protest-imama-i-vjeroucitelja-ispred-vlade\/#breadcrumb","itemListElement":[{"@type":"ListItem","position":1,"name":"Home","item":"https:\/\/sandzakpress.net\/arhiva\/"},{"@type":"ListItem","position":2,"name":"U utorak protest imama i vjerou\u010ditelja ispred Vlade!"}]},{"@type":"WebSite","@id":"https:\/\/sandzakpress.net\/arhiva\/#website","url":"https:\/\/sandzakpress.net\/arhiva\/","name":"Sand\u017eak PRESS","description":"Prve elektronske novine u Sand\u017eaku","publisher":{"@id":"https:\/\/sandzakpress.net\/arhiva\/#\/schema\/person\/6e72b67d6e51910a1117b3b483ba20bd"},"potentialAction":[{"@type":"SearchAction","target":{"@type":"EntryPoint","urlTemplate":"https:\/\/sandzakpress.net\/arhiva\/?s={search_term_string}"},"query-input":{"@type":"PropertyValueSpecification","valueRequired":true,"valueName":"search_term_string"}}],"inLanguage":"bs-BA"},{"@type":["Person","Organization"],"@id":"https:\/\/sandzakpress.net\/arhiva\/#\/schema\/person\/6e72b67d6e51910a1117b3b483ba20bd","name":"Kul","image":{"@type":"ImageObject","inLanguage":"bs-BA","@id":"https:\/\/sandzakpress.net\/arhiva\/#\/schema\/person\/image\/","url":"https:\/\/secure.gravatar.com\/avatar\/42263f39aa27ac04c43cab85c280eb2e?s=96&d=mm&r=pg","contentUrl":"https:\/\/secure.gravatar.com\/avatar\/42263f39aa27ac04c43cab85c280eb2e?s=96&d=mm&r=pg","caption":"Kul"},"logo":{"@id":"https:\/\/sandzakpress.net\/arhiva\/#\/schema\/person\/image\/"}},{"@type":"Person","@id":"https:\/\/sandzakpress.net\/arhiva\/#\/schema\/person\/c8baee722073534b583ea7bdb2e36c02","name":"bosniak","image":{"@type":"ImageObject","inLanguage":"bs-BA","@id":"https:\/\/sandzakpress.net\/arhiva\/#\/schema\/person\/image\/","url":"https:\/\/secure.gravatar.com\/avatar\/a04fd330bfe3a36a72a0ad4a6d89fca7?s=96&d=mm&r=pg","contentUrl":"https:\/\/secure.gravatar.com\/avatar\/a04fd330bfe3a36a72a0ad4a6d89fca7?s=96&d=mm&r=pg","caption":"bosniak"},"url":"https:\/\/sandzakpress.net\/arhiva\/author\/bosniak\/"}]}},"_links":{"self":[{"href":"https:\/\/sandzakpress.net\/arhiva\/wp-json\/wp\/v2\/posts\/7156"}],"collection":[{"href":"https:\/\/sandzakpress.net\/arhiva\/wp-json\/wp\/v2\/posts"}],"about":[{"href":"https:\/\/sandzakpress.net\/arhiva\/wp-json\/wp\/v2\/types\/post"}],"author":[{"embeddable":true,"href":"https:\/\/sandzakpress.net\/arhiva\/wp-json\/wp\/v2\/users\/83"}],"replies":[{"embeddable":true,"href":"https:\/\/sandzakpress.net\/arhiva\/wp-json\/wp\/v2\/comments?post=7156"}],"version-history":[{"count":0,"href":"https:\/\/sandzakpress.net\/arhiva\/wp-json\/wp\/v2\/posts\/7156\/revisions"}],"wp:featuredmedia":[{"embeddable":true,"href":"https:\/\/sandzakpress.net\/arhiva\/wp-json\/wp\/v2\/media\/7157"}],"wp:attachment":[{"href":"https:\/\/sandzakpress.net\/arhiva\/wp-json\/wp\/v2\/media?parent=7156"}],"wp:term":[{"taxonomy":"category","embeddable":true,"href":"https:\/\/sandzakpress.net\/arhiva\/wp-json\/wp\/v2\/categories?post=7156"},{"taxonomy":"post_tag","embeddable":true,"href":"https:\/\/sandzakpress.net\/arhiva\/wp-json\/wp\/v2\/tags?post=7156"}],"curies":[{"name":"wp","href":"https:\/\/api.w.org\/{rel}","templated":true}]}}