{"id":71508,"date":"2013-03-30T18:29:20","date_gmt":"2013-03-30T17:29:20","guid":{"rendered":"https:\/\/sandzakpress.net\/arhiva\/?p=71508"},"modified":"2013-03-30T18:29:20","modified_gmt":"2013-03-30T17:29:20","slug":"novi-pazar-hapsenje-zbog-tuce-u-kaficu","status":"publish","type":"post","link":"https:\/\/sandzakpress.net\/arhiva\/novi-pazar-hapsenje-zbog-tuce-u-kaficu\/","title":{"rendered":"Novi Pazar: Hap\u0161enje zbog tu\u010de u kafi\u0107u"},"content":{"rendered":"<p><strong><span style=\"font-family: Arial;\"><a href=\"https:\/\/sandzakpress.net\/arhiva\/wp-content\/uploads\/2013\/03\/images15.jpg\"><img loading=\"lazy\" decoding=\"async\" class=\"alignleft size-medium wp-image-71509\" title=\"images\" src=\"https:\/\/sandzakpress.net\/arhiva\/wp-content\/uploads\/2013\/03\/images15-300x160.jpg\" alt=\"\" width=\"300\" height=\"160\" \/><\/a>Novi Pazar &#8211; Slu\u017ebenici Policijske uprave u Novom Pazaru, li\u0161ili su slobode i uz krivi\u010dnu prijavu priveli su <\/span><span style=\"font-family: Arial;\">F. M. (26)<\/span><span style=\"font-family: Arial;\"> iz Novog Pazara,<\/span><span style=\"font-family: Arial;\"> <\/span><span style=\"font-family: Arial;\">zbog osnova sumnje da je izvr\u0161io krivi\u010dno delo <\/span><span style=\"font-family: Arial;\">laka telesna povreda.<\/span><br \/>\n<\/strong><br \/>\n<span style=\"font-family: Arial;\">Sumnja se da je F. M. 18. marta, oko 15:30 \u010dasova, u kafi\u0107u u Novom Pazaru nakon kra\u0107e rasprave, \u010da\u0161om naneo H.H. lake telesne povrede.<\/span><\/p>\n<p><span style=\"font-family: Arial;\">(SandzakPRESS)<\/span><\/p>\n","protected":false},"excerpt":{"rendered":"<p>Novi Pazar &#8211; Slu\u017ebenici Policijske uprave u Novom Pazaru, li\u0161ili su slobode i uz krivi\u010dnu prijavu priveli su F. M. (26) iz Novog Pazara, zbog osnova sumnje da je izvr\u0161io krivi\u010dno delo laka telesna povreda. Sumnja se da je F. M. 18. marta, oko 15:30 \u010dasova, u kafi\u0107u u Novom Pazaru nakon kra\u0107e rasprave, \u010da\u0161om [&hellip;]<\/p>\n","protected":false},"author":16,"featured_media":71509,"comment_status":"open","ping_status":"open","sticky":false,"template":"","format":"standard","meta":{"footnotes":""},"categories":[72,801],"tags":[],"class_list":{"0":"post-71508","1":"post","2":"type-post","3":"status-publish","4":"format-standard","5":"has-post-thumbnail","7":"category-novi-pazar","8":"category-crna_hronika"},"yoast_head":"<!-- This site is optimized with the Yoast SEO Premium plugin v23.1 (Yoast SEO v24.9) - https:\/\/yoast.com\/wordpress\/plugins\/seo\/ -->\n<title>Novi Pazar: Hap\u0161enje zbog tu\u010de u kafi\u0107u<\/title>\n<meta name=\"robots\" content=\"index, follow, max-snippet:-1, max-image-preview:large, max-video-preview:-1\" \/>\n<link rel=\"canonical\" href=\"https:\/\/sandzakpress.net\/arhiva\/novi-pazar-hapsenje-zbog-tuce-u-kaficu\/\" \/>\n<meta property=\"og:locale\" content=\"bs_BA\" \/>\n<meta property=\"og:type\" content=\"article\" \/>\n<meta property=\"og:title\" content=\"Novi Pazar: Hap\u0161enje zbog tu\u010de u kafi\u0107u\" \/>\n<meta property=\"og:description\" content=\"Novi Pazar &#8211; Slu\u017ebenici Policijske uprave u Novom Pazaru, li\u0161ili su slobode i uz krivi\u010dnu prijavu priveli su F. M. (26) iz Novog Pazara, zbog osnova sumnje da je izvr\u0161io krivi\u010dno delo laka telesna povreda. Sumnja se da je F. M. 18. marta, oko 15:30 \u010dasova, u kafi\u0107u u Novom Pazaru nakon kra\u0107e rasprave, \u010da\u0161om [&hellip;]\" \/>\n<meta property=\"og:url\" content=\"https:\/\/sandzakpress.net\/arhiva\/novi-pazar-hapsenje-zbog-tuce-u-kaficu\/\" \/>\n<meta property=\"og:site_name\" content=\"Sand\u017eak PRESS\" \/>\n<meta property=\"article:published_time\" content=\"2013-03-30T17:29:20+00:00\" \/>\n<meta property=\"og:image\" content=\"https:\/\/sandzakpress.net\/arhiva\/wp-content\/uploads\/2013\/03\/images15.jpg\" \/>\n\t<meta property=\"og:image:width\" content=\"307\" \/>\n\t<meta property=\"og:image:height\" content=\"164\" \/>\n\t<meta property=\"og:image:type\" content=\"image\/jpeg\" \/>\n<meta name=\"twitter:card\" content=\"summary_large_image\" \/>\n<meta name=\"twitter:label1\" content=\"Written by\" \/>\n\t<meta name=\"twitter:data1\" content=\"\" \/>\n<script type=\"application\/ld+json\" class=\"yoast-schema-graph\">{\"@context\":\"https:\/\/schema.org\",\"@graph\":[{\"@type\":\"Article\",\"@id\":\"https:\/\/sandzakpress.net\/arhiva\/novi-pazar-hapsenje-zbog-tuce-u-kaficu\/#article\",\"isPartOf\":{\"@id\":\"https:\/\/sandzakpress.net\/arhiva\/novi-pazar-hapsenje-zbog-tuce-u-kaficu\/\"},\"author\":{\"name\":\"\",\"@id\":\"\"},\"headline\":\"Novi Pazar: Hap\u0161enje zbog tu\u010de u kafi\u0107u\",\"datePublished\":\"2013-03-30T17:29:20+00:00\",\"mainEntityOfPage\":{\"@id\":\"https:\/\/sandzakpress.net\/arhiva\/novi-pazar-hapsenje-zbog-tuce-u-kaficu\/\"},\"wordCount\":77,\"commentCount\":0,\"publisher\":{\"@id\":\"https:\/\/sandzakpress.net\/arhiva\/#\/schema\/person\/6e72b67d6e51910a1117b3b483ba20bd\"},\"image\":{\"@id\":\"https:\/\/sandzakpress.net\/arhiva\/novi-pazar-hapsenje-zbog-tuce-u-kaficu\/#primaryimage\"},\"thumbnailUrl\":\"https:\/\/sandzakpress.net\/arhiva\/wp-content\/uploads\/2013\/03\/images15.jpg\",\"articleSection\":[\"Novi Pazar\",\"Hronika\"],\"inLanguage\":\"bs-BA\",\"potentialAction\":[{\"@type\":\"CommentAction\",\"name\":\"Comment\",\"target\":[\"https:\/\/sandzakpress.net\/arhiva\/novi-pazar-hapsenje-zbog-tuce-u-kaficu\/#respond\"]}]},{\"@type\":\"WebPage\",\"@id\":\"https:\/\/sandzakpress.net\/arhiva\/novi-pazar-hapsenje-zbog-tuce-u-kaficu\/\",\"url\":\"https:\/\/sandzakpress.net\/arhiva\/novi-pazar-hapsenje-zbog-tuce-u-kaficu\/\",\"name\":\"Novi Pazar: Hap\u0161enje zbog tu\u010de u kafi\u0107u\",\"isPartOf\":{\"@id\":\"https:\/\/sandzakpress.net\/arhiva\/#website\"},\"primaryImageOfPage\":{\"@id\":\"https:\/\/sandzakpress.net\/arhiva\/novi-pazar-hapsenje-zbog-tuce-u-kaficu\/#primaryimage\"},\"image\":{\"@id\":\"https:\/\/sandzakpress.net\/arhiva\/novi-pazar-hapsenje-zbog-tuce-u-kaficu\/#primaryimage\"},\"thumbnailUrl\":\"https:\/\/sandzakpress.net\/arhiva\/wp-content\/uploads\/2013\/03\/images15.jpg\",\"datePublished\":\"2013-03-30T17:29:20+00:00\",\"breadcrumb\":{\"@id\":\"https:\/\/sandzakpress.net\/arhiva\/novi-pazar-hapsenje-zbog-tuce-u-kaficu\/#breadcrumb\"},\"inLanguage\":\"bs-BA\",\"potentialAction\":[{\"@type\":\"ReadAction\",\"target\":[\"https:\/\/sandzakpress.net\/arhiva\/novi-pazar-hapsenje-zbog-tuce-u-kaficu\/\"]}]},{\"@type\":\"ImageObject\",\"inLanguage\":\"bs-BA\",\"@id\":\"https:\/\/sandzakpress.net\/arhiva\/novi-pazar-hapsenje-zbog-tuce-u-kaficu\/#primaryimage\",\"url\":\"https:\/\/sandzakpress.net\/arhiva\/wp-content\/uploads\/2013\/03\/images15.jpg\",\"contentUrl\":\"https:\/\/sandzakpress.net\/arhiva\/wp-content\/uploads\/2013\/03\/images15.jpg\",\"width\":307,\"height\":164},{\"@type\":\"BreadcrumbList\",\"@id\":\"https:\/\/sandzakpress.net\/arhiva\/novi-pazar-hapsenje-zbog-tuce-u-kaficu\/#breadcrumb\",\"itemListElement\":[{\"@type\":\"ListItem\",\"position\":1,\"name\":\"Home\",\"item\":\"https:\/\/sandzakpress.net\/arhiva\/\"},{\"@type\":\"ListItem\",\"position\":2,\"name\":\"Novi Pazar: Hap\u0161enje zbog tu\u010de u kafi\u0107u\"}]},{\"@type\":\"WebSite\",\"@id\":\"https:\/\/sandzakpress.net\/arhiva\/#website\",\"url\":\"https:\/\/sandzakpress.net\/arhiva\/\",\"name\":\"Sand\u017eak PRESS\",\"description\":\"Prve elektronske novine u Sand\u017eaku\",\"publisher\":{\"@id\":\"https:\/\/sandzakpress.net\/arhiva\/#\/schema\/person\/6e72b67d6e51910a1117b3b483ba20bd\"},\"potentialAction\":[{\"@type\":\"SearchAction\",\"target\":{\"@type\":\"EntryPoint\",\"urlTemplate\":\"https:\/\/sandzakpress.net\/arhiva\/?s={search_term_string}\"},\"query-input\":{\"@type\":\"PropertyValueSpecification\",\"valueRequired\":true,\"valueName\":\"search_term_string\"}}],\"inLanguage\":\"bs-BA\"},{\"@type\":[\"Person\",\"Organization\"],\"@id\":\"https:\/\/sandzakpress.net\/arhiva\/#\/schema\/person\/6e72b67d6e51910a1117b3b483ba20bd\",\"name\":\"Kul\",\"image\":{\"@type\":\"ImageObject\",\"inLanguage\":\"bs-BA\",\"@id\":\"https:\/\/sandzakpress.net\/arhiva\/#\/schema\/person\/image\/\",\"url\":\"https:\/\/secure.gravatar.com\/avatar\/42263f39aa27ac04c43cab85c280eb2e?s=96&d=mm&r=pg\",\"contentUrl\":\"https:\/\/secure.gravatar.com\/avatar\/42263f39aa27ac04c43cab85c280eb2e?s=96&d=mm&r=pg\",\"caption\":\"Kul\"},\"logo\":{\"@id\":\"https:\/\/sandzakpress.net\/arhiva\/#\/schema\/person\/image\/\"}},{\"@type\":\"Person\",\"@id\":\"\",\"url\":\"https:\/\/sandzakpress.net\/arhiva\/author\/\"}]}<\/script>\n<!-- \/ Yoast SEO Premium plugin. -->","yoast_head_json":{"title":"Novi Pazar: Hap\u0161enje zbog tu\u010de u kafi\u0107u","robots":{"index":"index","follow":"follow","max-snippet":"max-snippet:-1","max-image-preview":"max-image-preview:large","max-video-preview":"max-video-preview:-1"},"canonical":"https:\/\/sandzakpress.net\/arhiva\/novi-pazar-hapsenje-zbog-tuce-u-kaficu\/","og_locale":"bs_BA","og_type":"article","og_title":"Novi Pazar: Hap\u0161enje zbog tu\u010de u kafi\u0107u","og_description":"Novi Pazar &#8211; Slu\u017ebenici Policijske uprave u Novom Pazaru, li\u0161ili su slobode i uz krivi\u010dnu prijavu priveli su F. M. (26) iz Novog Pazara, zbog osnova sumnje da je izvr\u0161io krivi\u010dno delo laka telesna povreda. Sumnja se da je F. M. 18. marta, oko 15:30 \u010dasova, u kafi\u0107u u Novom Pazaru nakon kra\u0107e rasprave, \u010da\u0161om [&hellip;]","og_url":"https:\/\/sandzakpress.net\/arhiva\/novi-pazar-hapsenje-zbog-tuce-u-kaficu\/","og_site_name":"Sand\u017eak PRESS","article_published_time":"2013-03-30T17:29:20+00:00","og_image":[{"width":307,"height":164,"url":"https:\/\/sandzakpress.net\/arhiva\/wp-content\/uploads\/2013\/03\/images15.jpg","type":"image\/jpeg"}],"twitter_card":"summary_large_image","twitter_misc":{"Written by":""},"schema":{"@context":"https:\/\/schema.org","@graph":[{"@type":"Article","@id":"https:\/\/sandzakpress.net\/arhiva\/novi-pazar-hapsenje-zbog-tuce-u-kaficu\/#article","isPartOf":{"@id":"https:\/\/sandzakpress.net\/arhiva\/novi-pazar-hapsenje-zbog-tuce-u-kaficu\/"},"author":{"name":"","@id":""},"headline":"Novi Pazar: Hap\u0161enje zbog tu\u010de u kafi\u0107u","datePublished":"2013-03-30T17:29:20+00:00","mainEntityOfPage":{"@id":"https:\/\/sandzakpress.net\/arhiva\/novi-pazar-hapsenje-zbog-tuce-u-kaficu\/"},"wordCount":77,"commentCount":0,"publisher":{"@id":"https:\/\/sandzakpress.net\/arhiva\/#\/schema\/person\/6e72b67d6e51910a1117b3b483ba20bd"},"image":{"@id":"https:\/\/sandzakpress.net\/arhiva\/novi-pazar-hapsenje-zbog-tuce-u-kaficu\/#primaryimage"},"thumbnailUrl":"https:\/\/sandzakpress.net\/arhiva\/wp-content\/uploads\/2013\/03\/images15.jpg","articleSection":["Novi Pazar","Hronika"],"inLanguage":"bs-BA","potentialAction":[{"@type":"CommentAction","name":"Comment","target":["https:\/\/sandzakpress.net\/arhiva\/novi-pazar-hapsenje-zbog-tuce-u-kaficu\/#respond"]}]},{"@type":"WebPage","@id":"https:\/\/sandzakpress.net\/arhiva\/novi-pazar-hapsenje-zbog-tuce-u-kaficu\/","url":"https:\/\/sandzakpress.net\/arhiva\/novi-pazar-hapsenje-zbog-tuce-u-kaficu\/","name":"Novi Pazar: Hap\u0161enje zbog tu\u010de u kafi\u0107u","isPartOf":{"@id":"https:\/\/sandzakpress.net\/arhiva\/#website"},"primaryImageOfPage":{"@id":"https:\/\/sandzakpress.net\/arhiva\/novi-pazar-hapsenje-zbog-tuce-u-kaficu\/#primaryimage"},"image":{"@id":"https:\/\/sandzakpress.net\/arhiva\/novi-pazar-hapsenje-zbog-tuce-u-kaficu\/#primaryimage"},"thumbnailUrl":"https:\/\/sandzakpress.net\/arhiva\/wp-content\/uploads\/2013\/03\/images15.jpg","datePublished":"2013-03-30T17:29:20+00:00","breadcrumb":{"@id":"https:\/\/sandzakpress.net\/arhiva\/novi-pazar-hapsenje-zbog-tuce-u-kaficu\/#breadcrumb"},"inLanguage":"bs-BA","potentialAction":[{"@type":"ReadAction","target":["https:\/\/sandzakpress.net\/arhiva\/novi-pazar-hapsenje-zbog-tuce-u-kaficu\/"]}]},{"@type":"ImageObject","inLanguage":"bs-BA","@id":"https:\/\/sandzakpress.net\/arhiva\/novi-pazar-hapsenje-zbog-tuce-u-kaficu\/#primaryimage","url":"https:\/\/sandzakpress.net\/arhiva\/wp-content\/uploads\/2013\/03\/images15.jpg","contentUrl":"https:\/\/sandzakpress.net\/arhiva\/wp-content\/uploads\/2013\/03\/images15.jpg","width":307,"height":164},{"@type":"BreadcrumbList","@id":"https:\/\/sandzakpress.net\/arhiva\/novi-pazar-hapsenje-zbog-tuce-u-kaficu\/#breadcrumb","itemListElement":[{"@type":"ListItem","position":1,"name":"Home","item":"https:\/\/sandzakpress.net\/arhiva\/"},{"@type":"ListItem","position":2,"name":"Novi Pazar: Hap\u0161enje zbog tu\u010de u kafi\u0107u"}]},{"@type":"WebSite","@id":"https:\/\/sandzakpress.net\/arhiva\/#website","url":"https:\/\/sandzakpress.net\/arhiva\/","name":"Sand\u017eak PRESS","description":"Prve elektronske novine u Sand\u017eaku","publisher":{"@id":"https:\/\/sandzakpress.net\/arhiva\/#\/schema\/person\/6e72b67d6e51910a1117b3b483ba20bd"},"potentialAction":[{"@type":"SearchAction","target":{"@type":"EntryPoint","urlTemplate":"https:\/\/sandzakpress.net\/arhiva\/?s={search_term_string}"},"query-input":{"@type":"PropertyValueSpecification","valueRequired":true,"valueName":"search_term_string"}}],"inLanguage":"bs-BA"},{"@type":["Person","Organization"],"@id":"https:\/\/sandzakpress.net\/arhiva\/#\/schema\/person\/6e72b67d6e51910a1117b3b483ba20bd","name":"Kul","image":{"@type":"ImageObject","inLanguage":"bs-BA","@id":"https:\/\/sandzakpress.net\/arhiva\/#\/schema\/person\/image\/","url":"https:\/\/secure.gravatar.com\/avatar\/42263f39aa27ac04c43cab85c280eb2e?s=96&d=mm&r=pg","contentUrl":"https:\/\/secure.gravatar.com\/avatar\/42263f39aa27ac04c43cab85c280eb2e?s=96&d=mm&r=pg","caption":"Kul"},"logo":{"@id":"https:\/\/sandzakpress.net\/arhiva\/#\/schema\/person\/image\/"}},{"@type":"Person","@id":"","url":"https:\/\/sandzakpress.net\/arhiva\/author\/"}]}},"_links":{"self":[{"href":"https:\/\/sandzakpress.net\/arhiva\/wp-json\/wp\/v2\/posts\/71508"}],"collection":[{"href":"https:\/\/sandzakpress.net\/arhiva\/wp-json\/wp\/v2\/posts"}],"about":[{"href":"https:\/\/sandzakpress.net\/arhiva\/wp-json\/wp\/v2\/types\/post"}],"author":[{"embeddable":true,"href":"https:\/\/sandzakpress.net\/arhiva\/wp-json\/wp\/v2\/users\/16"}],"replies":[{"embeddable":true,"href":"https:\/\/sandzakpress.net\/arhiva\/wp-json\/wp\/v2\/comments?post=71508"}],"version-history":[{"count":0,"href":"https:\/\/sandzakpress.net\/arhiva\/wp-json\/wp\/v2\/posts\/71508\/revisions"}],"wp:featuredmedia":[{"embeddable":true,"href":"https:\/\/sandzakpress.net\/arhiva\/wp-json\/wp\/v2\/media\/71509"}],"wp:attachment":[{"href":"https:\/\/sandzakpress.net\/arhiva\/wp-json\/wp\/v2\/media?parent=71508"}],"wp:term":[{"taxonomy":"category","embeddable":true,"href":"https:\/\/sandzakpress.net\/arhiva\/wp-json\/wp\/v2\/categories?post=71508"},{"taxonomy":"post_tag","embeddable":true,"href":"https:\/\/sandzakpress.net\/arhiva\/wp-json\/wp\/v2\/tags?post=71508"}],"curies":[{"name":"wp","href":"https:\/\/api.w.org\/{rel}","templated":true}]}}