{"id":71328,"date":"2013-03-28T21:56:11","date_gmt":"2013-03-28T20:56:11","guid":{"rendered":"https:\/\/sandzakpress.net\/arhiva\/?p=71328"},"modified":"2013-03-28T21:56:11","modified_gmt":"2013-03-28T20:56:11","slug":"izgubila-aparat-na-havajima-2007-pronasla-na-tajvanu-2013","status":"publish","type":"post","link":"https:\/\/sandzakpress.net\/arhiva\/izgubila-aparat-na-havajima-2007-pronasla-na-tajvanu-2013\/","title":{"rendered":"Izgubila aparat na Havajima 2007, prona\u0161la na Tajvanu 2013."},"content":{"rendered":"<p><strong><span><a href=\"https:\/\/sandzakpress.net\/arhiva\/wp-content\/uploads\/2013\/03\/camera_620x0.jpg\"><img loading=\"lazy\" decoding=\"async\" class=\"alignleft size-medium wp-image-71329\" title=\"camera_620x0\" src=\"https:\/\/sandzakpress.net\/arhiva\/wp-content\/uploads\/2013\/03\/camera_620x0-300x200.jpg\" alt=\"\" width=\"300\" height=\"200\" \/><\/a>Jedna \u017eena iz D\u017eord\u017eije dobila je nazad svoj fotoaparat i slike  po\u0161to je aparat koji je izgubila 2007. na Havajima prona\u0111en nasukan na  Tajvanu.<\/span><\/strong><\/p>\n<p><span>Lindzi Skalan bila je na odmoru na Havajima kada je  tokom no\u0107nog ronjenja izgubila svoj fotoaparat. Ona je lokalnim medijima  rekla da je nedavno na Fejsbuku dobila poruku od drugara iz srednje  \u0161kole koji joj je rekao da je njegova supruga prona\u0161la \u010dlanak na  vebsajtu havajske televizije o izgubljenom fotoaparatu.<\/span><\/p>\n<p><span>Skalan  je rekla da je zaposleni aviokopanije \u010cajna erlajnz prona\u0161ao fotoaparat  i da su sve fotografije i dalje na memorijskoj kartici.<\/span><\/p>\n<p><span>Aviokopanija je ponudila da plati Skalanovoj put do Tajvana kako bi uzela aparat i upoznala \u010dovjeka koji ga je prona\u0161ao.<\/span><\/p>\n<p><span>(Novosti)<br \/>\n<\/span><\/p>\n","protected":false},"excerpt":{"rendered":"<p>Jedna \u017eena iz D\u017eord\u017eije dobila je nazad svoj fotoaparat i slike po\u0161to je aparat koji je izgubila 2007. na Havajima prona\u0111en nasukan na Tajvanu. Lindzi Skalan bila je na odmoru na Havajima kada je tokom no\u0107nog ronjenja izgubila svoj fotoaparat. Ona je lokalnim medijima rekla da je nedavno na Fejsbuku dobila poruku od drugara iz [&hellip;]<\/p>\n","protected":false},"author":13,"featured_media":71329,"comment_status":"open","ping_status":"open","sticky":false,"template":"","format":"standard","meta":{"footnotes":""},"categories":[2695],"tags":[],"class_list":{"0":"post-71328","1":"post","2":"type-post","3":"status-publish","4":"format-standard","5":"has-post-thumbnail","7":"category-zanimljivo"},"yoast_head":"<!-- This site is optimized with the Yoast SEO Premium plugin v23.1 (Yoast SEO v24.9) - https:\/\/yoast.com\/wordpress\/plugins\/seo\/ -->\n<title>Izgubila aparat na Havajima 2007, prona\u0161la na Tajvanu 2013.<\/title>\n<meta name=\"robots\" content=\"index, follow, max-snippet:-1, max-image-preview:large, max-video-preview:-1\" \/>\n<link rel=\"canonical\" href=\"https:\/\/sandzakpress.net\/arhiva\/izgubila-aparat-na-havajima-2007-pronasla-na-tajvanu-2013\/\" \/>\n<meta property=\"og:locale\" content=\"bs_BA\" \/>\n<meta property=\"og:type\" content=\"article\" \/>\n<meta property=\"og:title\" content=\"Izgubila aparat na Havajima 2007, prona\u0161la na Tajvanu 2013.\" \/>\n<meta property=\"og:description\" content=\"Jedna \u017eena iz D\u017eord\u017eije dobila je nazad svoj fotoaparat i slike po\u0161to je aparat koji je izgubila 2007. na Havajima prona\u0111en nasukan na Tajvanu. Lindzi Skalan bila je na odmoru na Havajima kada je tokom no\u0107nog ronjenja izgubila svoj fotoaparat. Ona je lokalnim medijima rekla da je nedavno na Fejsbuku dobila poruku od drugara iz [&hellip;]\" \/>\n<meta property=\"og:url\" content=\"https:\/\/sandzakpress.net\/arhiva\/izgubila-aparat-na-havajima-2007-pronasla-na-tajvanu-2013\/\" \/>\n<meta property=\"og:site_name\" content=\"Sand\u017eak PRESS\" \/>\n<meta property=\"article:published_time\" content=\"2013-03-28T20:56:11+00:00\" \/>\n<meta property=\"og:image\" content=\"https:\/\/sandzakpress.net\/arhiva\/wp-content\/uploads\/2013\/03\/camera_620x0.jpg\" \/>\n\t<meta property=\"og:image:width\" content=\"616\" \/>\n\t<meta property=\"og:image:height\" content=\"412\" \/>\n\t<meta property=\"og:image:type\" content=\"image\/jpeg\" \/>\n<meta name=\"twitter:card\" content=\"summary_large_image\" \/>\n<meta name=\"twitter:label1\" content=\"Written by\" \/>\n\t<meta name=\"twitter:data1\" content=\"\" \/>\n\t<meta name=\"twitter:label2\" content=\"Est. reading time\" \/>\n\t<meta name=\"twitter:data2\" content=\"1 minuta\" \/>\n<script type=\"application\/ld+json\" class=\"yoast-schema-graph\">{\"@context\":\"https:\/\/schema.org\",\"@graph\":[{\"@type\":\"Article\",\"@id\":\"https:\/\/sandzakpress.net\/arhiva\/izgubila-aparat-na-havajima-2007-pronasla-na-tajvanu-2013\/#article\",\"isPartOf\":{\"@id\":\"https:\/\/sandzakpress.net\/arhiva\/izgubila-aparat-na-havajima-2007-pronasla-na-tajvanu-2013\/\"},\"author\":{\"name\":\"\",\"@id\":\"\"},\"headline\":\"Izgubila aparat na Havajima 2007, prona\u0161la na Tajvanu 2013.\",\"datePublished\":\"2013-03-28T20:56:11+00:00\",\"mainEntityOfPage\":{\"@id\":\"https:\/\/sandzakpress.net\/arhiva\/izgubila-aparat-na-havajima-2007-pronasla-na-tajvanu-2013\/\"},\"wordCount\":131,\"commentCount\":0,\"publisher\":{\"@id\":\"https:\/\/sandzakpress.net\/arhiva\/#\/schema\/person\/6e72b67d6e51910a1117b3b483ba20bd\"},\"image\":{\"@id\":\"https:\/\/sandzakpress.net\/arhiva\/izgubila-aparat-na-havajima-2007-pronasla-na-tajvanu-2013\/#primaryimage\"},\"thumbnailUrl\":\"https:\/\/sandzakpress.net\/arhiva\/wp-content\/uploads\/2013\/03\/camera_620x0.jpg\",\"articleSection\":[\"Zanimljivo\"],\"inLanguage\":\"bs-BA\",\"potentialAction\":[{\"@type\":\"CommentAction\",\"name\":\"Comment\",\"target\":[\"https:\/\/sandzakpress.net\/arhiva\/izgubila-aparat-na-havajima-2007-pronasla-na-tajvanu-2013\/#respond\"]}]},{\"@type\":\"WebPage\",\"@id\":\"https:\/\/sandzakpress.net\/arhiva\/izgubila-aparat-na-havajima-2007-pronasla-na-tajvanu-2013\/\",\"url\":\"https:\/\/sandzakpress.net\/arhiva\/izgubila-aparat-na-havajima-2007-pronasla-na-tajvanu-2013\/\",\"name\":\"Izgubila aparat na Havajima 2007, prona\u0161la na Tajvanu 2013.\",\"isPartOf\":{\"@id\":\"https:\/\/sandzakpress.net\/arhiva\/#website\"},\"primaryImageOfPage\":{\"@id\":\"https:\/\/sandzakpress.net\/arhiva\/izgubila-aparat-na-havajima-2007-pronasla-na-tajvanu-2013\/#primaryimage\"},\"image\":{\"@id\":\"https:\/\/sandzakpress.net\/arhiva\/izgubila-aparat-na-havajima-2007-pronasla-na-tajvanu-2013\/#primaryimage\"},\"thumbnailUrl\":\"https:\/\/sandzakpress.net\/arhiva\/wp-content\/uploads\/2013\/03\/camera_620x0.jpg\",\"datePublished\":\"2013-03-28T20:56:11+00:00\",\"breadcrumb\":{\"@id\":\"https:\/\/sandzakpress.net\/arhiva\/izgubila-aparat-na-havajima-2007-pronasla-na-tajvanu-2013\/#breadcrumb\"},\"inLanguage\":\"bs-BA\",\"potentialAction\":[{\"@type\":\"ReadAction\",\"target\":[\"https:\/\/sandzakpress.net\/arhiva\/izgubila-aparat-na-havajima-2007-pronasla-na-tajvanu-2013\/\"]}]},{\"@type\":\"ImageObject\",\"inLanguage\":\"bs-BA\",\"@id\":\"https:\/\/sandzakpress.net\/arhiva\/izgubila-aparat-na-havajima-2007-pronasla-na-tajvanu-2013\/#primaryimage\",\"url\":\"https:\/\/sandzakpress.net\/arhiva\/wp-content\/uploads\/2013\/03\/camera_620x0.jpg\",\"contentUrl\":\"https:\/\/sandzakpress.net\/arhiva\/wp-content\/uploads\/2013\/03\/camera_620x0.jpg\",\"width\":616,\"height\":412},{\"@type\":\"BreadcrumbList\",\"@id\":\"https:\/\/sandzakpress.net\/arhiva\/izgubila-aparat-na-havajima-2007-pronasla-na-tajvanu-2013\/#breadcrumb\",\"itemListElement\":[{\"@type\":\"ListItem\",\"position\":1,\"name\":\"Home\",\"item\":\"https:\/\/sandzakpress.net\/arhiva\/\"},{\"@type\":\"ListItem\",\"position\":2,\"name\":\"Izgubila aparat na Havajima 2007, prona\u0161la na Tajvanu 2013.\"}]},{\"@type\":\"WebSite\",\"@id\":\"https:\/\/sandzakpress.net\/arhiva\/#website\",\"url\":\"https:\/\/sandzakpress.net\/arhiva\/\",\"name\":\"Sand\u017eak PRESS\",\"description\":\"Prve elektronske novine u Sand\u017eaku\",\"publisher\":{\"@id\":\"https:\/\/sandzakpress.net\/arhiva\/#\/schema\/person\/6e72b67d6e51910a1117b3b483ba20bd\"},\"potentialAction\":[{\"@type\":\"SearchAction\",\"target\":{\"@type\":\"EntryPoint\",\"urlTemplate\":\"https:\/\/sandzakpress.net\/arhiva\/?s={search_term_string}\"},\"query-input\":{\"@type\":\"PropertyValueSpecification\",\"valueRequired\":true,\"valueName\":\"search_term_string\"}}],\"inLanguage\":\"bs-BA\"},{\"@type\":[\"Person\",\"Organization\"],\"@id\":\"https:\/\/sandzakpress.net\/arhiva\/#\/schema\/person\/6e72b67d6e51910a1117b3b483ba20bd\",\"name\":\"Kul\",\"image\":{\"@type\":\"ImageObject\",\"inLanguage\":\"bs-BA\",\"@id\":\"https:\/\/sandzakpress.net\/arhiva\/#\/schema\/person\/image\/\",\"url\":\"https:\/\/secure.gravatar.com\/avatar\/42263f39aa27ac04c43cab85c280eb2e?s=96&d=mm&r=pg\",\"contentUrl\":\"https:\/\/secure.gravatar.com\/avatar\/42263f39aa27ac04c43cab85c280eb2e?s=96&d=mm&r=pg\",\"caption\":\"Kul\"},\"logo\":{\"@id\":\"https:\/\/sandzakpress.net\/arhiva\/#\/schema\/person\/image\/\"}},{\"@type\":\"Person\",\"@id\":\"\",\"url\":\"https:\/\/sandzakpress.net\/arhiva\/author\/\"}]}<\/script>\n<!-- \/ Yoast SEO Premium plugin. -->","yoast_head_json":{"title":"Izgubila aparat na Havajima 2007, prona\u0161la na Tajvanu 2013.","robots":{"index":"index","follow":"follow","max-snippet":"max-snippet:-1","max-image-preview":"max-image-preview:large","max-video-preview":"max-video-preview:-1"},"canonical":"https:\/\/sandzakpress.net\/arhiva\/izgubila-aparat-na-havajima-2007-pronasla-na-tajvanu-2013\/","og_locale":"bs_BA","og_type":"article","og_title":"Izgubila aparat na Havajima 2007, prona\u0161la na Tajvanu 2013.","og_description":"Jedna \u017eena iz D\u017eord\u017eije dobila je nazad svoj fotoaparat i slike po\u0161to je aparat koji je izgubila 2007. na Havajima prona\u0111en nasukan na Tajvanu. Lindzi Skalan bila je na odmoru na Havajima kada je tokom no\u0107nog ronjenja izgubila svoj fotoaparat. Ona je lokalnim medijima rekla da je nedavno na Fejsbuku dobila poruku od drugara iz [&hellip;]","og_url":"https:\/\/sandzakpress.net\/arhiva\/izgubila-aparat-na-havajima-2007-pronasla-na-tajvanu-2013\/","og_site_name":"Sand\u017eak PRESS","article_published_time":"2013-03-28T20:56:11+00:00","og_image":[{"width":616,"height":412,"url":"https:\/\/sandzakpress.net\/arhiva\/wp-content\/uploads\/2013\/03\/camera_620x0.jpg","type":"image\/jpeg"}],"twitter_card":"summary_large_image","twitter_misc":{"Written by":"","Est. reading time":"1 minuta"},"schema":{"@context":"https:\/\/schema.org","@graph":[{"@type":"Article","@id":"https:\/\/sandzakpress.net\/arhiva\/izgubila-aparat-na-havajima-2007-pronasla-na-tajvanu-2013\/#article","isPartOf":{"@id":"https:\/\/sandzakpress.net\/arhiva\/izgubila-aparat-na-havajima-2007-pronasla-na-tajvanu-2013\/"},"author":{"name":"","@id":""},"headline":"Izgubila aparat na Havajima 2007, prona\u0161la na Tajvanu 2013.","datePublished":"2013-03-28T20:56:11+00:00","mainEntityOfPage":{"@id":"https:\/\/sandzakpress.net\/arhiva\/izgubila-aparat-na-havajima-2007-pronasla-na-tajvanu-2013\/"},"wordCount":131,"commentCount":0,"publisher":{"@id":"https:\/\/sandzakpress.net\/arhiva\/#\/schema\/person\/6e72b67d6e51910a1117b3b483ba20bd"},"image":{"@id":"https:\/\/sandzakpress.net\/arhiva\/izgubila-aparat-na-havajima-2007-pronasla-na-tajvanu-2013\/#primaryimage"},"thumbnailUrl":"https:\/\/sandzakpress.net\/arhiva\/wp-content\/uploads\/2013\/03\/camera_620x0.jpg","articleSection":["Zanimljivo"],"inLanguage":"bs-BA","potentialAction":[{"@type":"CommentAction","name":"Comment","target":["https:\/\/sandzakpress.net\/arhiva\/izgubila-aparat-na-havajima-2007-pronasla-na-tajvanu-2013\/#respond"]}]},{"@type":"WebPage","@id":"https:\/\/sandzakpress.net\/arhiva\/izgubila-aparat-na-havajima-2007-pronasla-na-tajvanu-2013\/","url":"https:\/\/sandzakpress.net\/arhiva\/izgubila-aparat-na-havajima-2007-pronasla-na-tajvanu-2013\/","name":"Izgubila aparat na Havajima 2007, prona\u0161la na Tajvanu 2013.","isPartOf":{"@id":"https:\/\/sandzakpress.net\/arhiva\/#website"},"primaryImageOfPage":{"@id":"https:\/\/sandzakpress.net\/arhiva\/izgubila-aparat-na-havajima-2007-pronasla-na-tajvanu-2013\/#primaryimage"},"image":{"@id":"https:\/\/sandzakpress.net\/arhiva\/izgubila-aparat-na-havajima-2007-pronasla-na-tajvanu-2013\/#primaryimage"},"thumbnailUrl":"https:\/\/sandzakpress.net\/arhiva\/wp-content\/uploads\/2013\/03\/camera_620x0.jpg","datePublished":"2013-03-28T20:56:11+00:00","breadcrumb":{"@id":"https:\/\/sandzakpress.net\/arhiva\/izgubila-aparat-na-havajima-2007-pronasla-na-tajvanu-2013\/#breadcrumb"},"inLanguage":"bs-BA","potentialAction":[{"@type":"ReadAction","target":["https:\/\/sandzakpress.net\/arhiva\/izgubila-aparat-na-havajima-2007-pronasla-na-tajvanu-2013\/"]}]},{"@type":"ImageObject","inLanguage":"bs-BA","@id":"https:\/\/sandzakpress.net\/arhiva\/izgubila-aparat-na-havajima-2007-pronasla-na-tajvanu-2013\/#primaryimage","url":"https:\/\/sandzakpress.net\/arhiva\/wp-content\/uploads\/2013\/03\/camera_620x0.jpg","contentUrl":"https:\/\/sandzakpress.net\/arhiva\/wp-content\/uploads\/2013\/03\/camera_620x0.jpg","width":616,"height":412},{"@type":"BreadcrumbList","@id":"https:\/\/sandzakpress.net\/arhiva\/izgubila-aparat-na-havajima-2007-pronasla-na-tajvanu-2013\/#breadcrumb","itemListElement":[{"@type":"ListItem","position":1,"name":"Home","item":"https:\/\/sandzakpress.net\/arhiva\/"},{"@type":"ListItem","position":2,"name":"Izgubila aparat na Havajima 2007, prona\u0161la na Tajvanu 2013."}]},{"@type":"WebSite","@id":"https:\/\/sandzakpress.net\/arhiva\/#website","url":"https:\/\/sandzakpress.net\/arhiva\/","name":"Sand\u017eak PRESS","description":"Prve elektronske novine u Sand\u017eaku","publisher":{"@id":"https:\/\/sandzakpress.net\/arhiva\/#\/schema\/person\/6e72b67d6e51910a1117b3b483ba20bd"},"potentialAction":[{"@type":"SearchAction","target":{"@type":"EntryPoint","urlTemplate":"https:\/\/sandzakpress.net\/arhiva\/?s={search_term_string}"},"query-input":{"@type":"PropertyValueSpecification","valueRequired":true,"valueName":"search_term_string"}}],"inLanguage":"bs-BA"},{"@type":["Person","Organization"],"@id":"https:\/\/sandzakpress.net\/arhiva\/#\/schema\/person\/6e72b67d6e51910a1117b3b483ba20bd","name":"Kul","image":{"@type":"ImageObject","inLanguage":"bs-BA","@id":"https:\/\/sandzakpress.net\/arhiva\/#\/schema\/person\/image\/","url":"https:\/\/secure.gravatar.com\/avatar\/42263f39aa27ac04c43cab85c280eb2e?s=96&d=mm&r=pg","contentUrl":"https:\/\/secure.gravatar.com\/avatar\/42263f39aa27ac04c43cab85c280eb2e?s=96&d=mm&r=pg","caption":"Kul"},"logo":{"@id":"https:\/\/sandzakpress.net\/arhiva\/#\/schema\/person\/image\/"}},{"@type":"Person","@id":"","url":"https:\/\/sandzakpress.net\/arhiva\/author\/"}]}},"_links":{"self":[{"href":"https:\/\/sandzakpress.net\/arhiva\/wp-json\/wp\/v2\/posts\/71328"}],"collection":[{"href":"https:\/\/sandzakpress.net\/arhiva\/wp-json\/wp\/v2\/posts"}],"about":[{"href":"https:\/\/sandzakpress.net\/arhiva\/wp-json\/wp\/v2\/types\/post"}],"author":[{"embeddable":true,"href":"https:\/\/sandzakpress.net\/arhiva\/wp-json\/wp\/v2\/users\/13"}],"replies":[{"embeddable":true,"href":"https:\/\/sandzakpress.net\/arhiva\/wp-json\/wp\/v2\/comments?post=71328"}],"version-history":[{"count":0,"href":"https:\/\/sandzakpress.net\/arhiva\/wp-json\/wp\/v2\/posts\/71328\/revisions"}],"wp:featuredmedia":[{"embeddable":true,"href":"https:\/\/sandzakpress.net\/arhiva\/wp-json\/wp\/v2\/media\/71329"}],"wp:attachment":[{"href":"https:\/\/sandzakpress.net\/arhiva\/wp-json\/wp\/v2\/media?parent=71328"}],"wp:term":[{"taxonomy":"category","embeddable":true,"href":"https:\/\/sandzakpress.net\/arhiva\/wp-json\/wp\/v2\/categories?post=71328"},{"taxonomy":"post_tag","embeddable":true,"href":"https:\/\/sandzakpress.net\/arhiva\/wp-json\/wp\/v2\/tags?post=71328"}],"curies":[{"name":"wp","href":"https:\/\/api.w.org\/{rel}","templated":true}]}}