{"id":71202,"date":"2013-03-28T14:13:51","date_gmt":"2013-03-28T13:13:51","guid":{"rendered":"https:\/\/sandzakpress.net\/arhiva\/?p=71202"},"modified":"2013-03-28T14:29:07","modified_gmt":"2013-03-28T13:29:07","slug":"dijaspora-osuduje-medijsku-hajku-na-licnost-muftije-zukorlica","status":"publish","type":"post","link":"https:\/\/sandzakpress.net\/arhiva\/dijaspora-osuduje-medijsku-hajku-na-licnost-muftije-zukorlica\/","title":{"rendered":"Sand\u017ea\u010dka dijaspora osu\u0111uje medijsku hajku na li\u010dnost Muftije Zukorli\u0107a"},"content":{"rendered":"<p><strong><a href=\"https:\/\/sandzakpress.net\/arhiva\/wp-content\/uploads\/2013\/03\/logo-zsd-300x253.jpg\"><img loading=\"lazy\" decoding=\"async\" class=\"alignleft size-full wp-image-71203\" title=\"logo-zsd-300x253\" src=\"https:\/\/sandzakpress.net\/arhiva\/wp-content\/uploads\/2013\/03\/logo-zsd-300x253.jpg\" alt=\"\" width=\"300\" height=\"253\" \/><\/a>Evropa, Novi Pazar &#8211; Zbog sve u\u010destalijih napada na li\u010dnost muftije Zukorli\u0107a i tendencioznih medijskih izvje\u0161tavanja \u00a0Zajednica sandza\u010dke dijaspore izdaje:<\/strong><\/p>\n<p>SAOP\u0160TENJE ZA JAVNOST<\/p>\n<p>Najo\u0161trije osudjujemo tendenciozno i neprofesionalno izvje\u0161tavanje medija i u\u010destale napade na li\u010dnost muftije te zbunjivanje javnosti o onome \u0161to se de\u0161ava u Sandzaku posljednjih dana.<\/p>\n<p>Beogradski mediji ne prestaju da nas iznenadjuju stalnim i novim poku\u0161ajima omalova\u017eavanja i satanizacije lika muftije Zukorli\u0107a.<\/p>\n<p>Na\u0161em narodu u zemlji i dijaspori je dobro poznata borba muftije Zukorli\u0107a na putu budjenja vjerske, kulturne i nacionalne svijesti kod Bo\u0161njaka u protekle dvije decenije.<\/p>\n<p>Muftija je postao simbol bosnja\u010dkog otpora i borac za bo\u0161nja\u010dka prava i o\u010dito da su prore\u017eimske struje kao i beogradski re\u017eim vidjeli opasnost u brzom budjenju bo\u0161nja\u010dkog naroda kao i u stabilnim vjerskim, kulturnim i obrazovnim instituijama u Sandzaku te ne biraju\u0107i sredstva svom snagom poku\u0161avaju uzdrmati postoje\u0107e sisteme.<\/p>\n<p>Svjesni smo da je ovo te\u0161ka borba koja zahtjeva izdr\u017eljivost i mudrost zato poru\u010dujemo na\u0161em narodu da ne nasjeda na provokacije beogradskih i nekih sandza\u010dkih medija te da nastavi mirnim putem borbu za ostvarivanje vizije muftije Zukorli\u0107a koja se ogleda u vra\u0107anju ponosa bo\u0161nja\u010dkom narodu.<\/p>\n<p>U ime sandza\u010dkih Bosnjaka koji \u017eive u dijaspori dajemo punu podr\u0161ku muftiji Zukorli\u0107u i spremni smo svim raspolo\u017eivim demokratskim sredstvima pomo\u0107i Bo\u0161njacima u Sandzaku<\/p>\n<p>U Be\u010du, 27.03.2013.<\/p>\n<p><strong>Predsjednik ZSD<\/strong><\/p>\n<p><strong>Mithat Mujovi\u0107<\/strong><\/p>\n<p><strong>(ZSD)<br \/>\n<\/strong><\/p>\n","protected":false},"excerpt":{"rendered":"<p>Evropa, Novi Pazar &#8211; Zbog sve u\u010destalijih napada na li\u010dnost muftije Zukorli\u0107a i tendencioznih medijskih izvje\u0161tavanja \u00a0Zajednica sandza\u010dke dijaspore izdaje: SAOP\u0160TENJE ZA JAVNOST Najo\u0161trije osudjujemo tendenciozno i neprofesionalno izvje\u0161tavanje medija i u\u010destale napade na li\u010dnost muftije te zbunjivanje javnosti o onome \u0161to se de\u0161ava u Sandzaku posljednjih dana. Beogradski mediji ne prestaju da nas iznenadjuju [&hellip;]<\/p>\n","protected":false},"author":33,"featured_media":71203,"comment_status":"open","ping_status":"open","sticky":false,"template":"","format":"standard","meta":{"footnotes":""},"categories":[9538,72,800,9539,9550,9544,8957],"tags":[],"class_list":{"0":"post-71202","1":"post","2":"type-post","3":"status-publish","4":"format-standard","5":"has-post-thumbnail","7":"category-njemacka-dijaspora-gradovi-vase-vijesti","8":"category-novi-pazar","9":"category-nacija","10":"category-austrija-dijaspora-gradovi-vase-vijesti","11":"category-francuska-dijaspora-gradovi-vase-vijesti","12":"category-svicarska-dijaspora-gradovi-vase-vijesti","13":"category-vijesti-dana"},"yoast_head":"<!-- This site is optimized with the Yoast SEO Premium plugin v23.1 (Yoast SEO v24.9) - https:\/\/yoast.com\/wordpress\/plugins\/seo\/ -->\n<title>Sand\u017ea\u010dka dijaspora osu\u0111uje medijsku hajku na li\u010dnost Muftije Zukorli\u0107a<\/title>\n<meta name=\"robots\" content=\"index, follow, max-snippet:-1, max-image-preview:large, max-video-preview:-1\" \/>\n<link rel=\"canonical\" href=\"https:\/\/sandzakpress.net\/arhiva\/dijaspora-osuduje-medijsku-hajku-na-licnost-muftije-zukorlica\/\" \/>\n<meta property=\"og:locale\" content=\"bs_BA\" \/>\n<meta property=\"og:type\" content=\"article\" \/>\n<meta property=\"og:title\" content=\"Sand\u017ea\u010dka dijaspora osu\u0111uje medijsku hajku na li\u010dnost Muftije Zukorli\u0107a\" \/>\n<meta property=\"og:description\" content=\"Evropa, Novi Pazar &#8211; Zbog sve u\u010destalijih napada na li\u010dnost muftije Zukorli\u0107a i tendencioznih medijskih izvje\u0161tavanja \u00a0Zajednica sandza\u010dke dijaspore izdaje: SAOP\u0160TENJE ZA JAVNOST Najo\u0161trije osudjujemo tendenciozno i neprofesionalno izvje\u0161tavanje medija i u\u010destale napade na li\u010dnost muftije te zbunjivanje javnosti o onome \u0161to se de\u0161ava u Sandzaku posljednjih dana. Beogradski mediji ne prestaju da nas iznenadjuju [&hellip;]\" \/>\n<meta property=\"og:url\" content=\"https:\/\/sandzakpress.net\/arhiva\/dijaspora-osuduje-medijsku-hajku-na-licnost-muftije-zukorlica\/\" \/>\n<meta property=\"og:site_name\" content=\"Sand\u017eak PRESS\" \/>\n<meta property=\"article:published_time\" content=\"2013-03-28T13:13:51+00:00\" \/>\n<meta property=\"article:modified_time\" content=\"2013-03-28T13:29:07+00:00\" \/>\n<meta property=\"og:image\" content=\"https:\/\/sandzakpress.net\/arhiva\/wp-content\/uploads\/2013\/03\/logo-zsd-300x253.jpg\" \/>\n\t<meta property=\"og:image:width\" content=\"300\" \/>\n\t<meta property=\"og:image:height\" content=\"253\" \/>\n\t<meta property=\"og:image:type\" content=\"image\/jpeg\" \/>\n<meta name=\"twitter:card\" content=\"summary_large_image\" \/>\n<meta name=\"twitter:label1\" content=\"Written by\" \/>\n\t<meta name=\"twitter:data1\" content=\"\" \/>\n\t<meta name=\"twitter:label2\" content=\"Est. reading time\" \/>\n\t<meta name=\"twitter:data2\" content=\"1 minuta\" \/>\n<script type=\"application\/ld+json\" class=\"yoast-schema-graph\">{\"@context\":\"https:\/\/schema.org\",\"@graph\":[{\"@type\":\"Article\",\"@id\":\"https:\/\/sandzakpress.net\/arhiva\/dijaspora-osuduje-medijsku-hajku-na-licnost-muftije-zukorlica\/#article\",\"isPartOf\":{\"@id\":\"https:\/\/sandzakpress.net\/arhiva\/dijaspora-osuduje-medijsku-hajku-na-licnost-muftije-zukorlica\/\"},\"author\":{\"name\":\"\",\"@id\":\"\"},\"headline\":\"Sand\u017ea\u010dka dijaspora osu\u0111uje medijsku hajku na li\u010dnost Muftije Zukorli\u0107a\",\"datePublished\":\"2013-03-28T13:13:51+00:00\",\"dateModified\":\"2013-03-28T13:29:07+00:00\",\"mainEntityOfPage\":{\"@id\":\"https:\/\/sandzakpress.net\/arhiva\/dijaspora-osuduje-medijsku-hajku-na-licnost-muftije-zukorlica\/\"},\"wordCount\":274,\"commentCount\":7,\"publisher\":{\"@id\":\"https:\/\/sandzakpress.net\/arhiva\/#\/schema\/person\/6e72b67d6e51910a1117b3b483ba20bd\"},\"image\":{\"@id\":\"https:\/\/sandzakpress.net\/arhiva\/dijaspora-osuduje-medijsku-hajku-na-licnost-muftije-zukorlica\/#primaryimage\"},\"thumbnailUrl\":\"https:\/\/sandzakpress.net\/arhiva\/wp-content\/uploads\/2013\/03\/logo-zsd-300x253.jpg\",\"articleSection\":[\"Njema\u010dka\",\"Novi Pazar\",\"Nacija\",\"Austrija\",\"Francuska\",\"\u0160vicarska\",\"VIJESTI DANA\"],\"inLanguage\":\"bs-BA\",\"potentialAction\":[{\"@type\":\"CommentAction\",\"name\":\"Comment\",\"target\":[\"https:\/\/sandzakpress.net\/arhiva\/dijaspora-osuduje-medijsku-hajku-na-licnost-muftije-zukorlica\/#respond\"]}]},{\"@type\":\"WebPage\",\"@id\":\"https:\/\/sandzakpress.net\/arhiva\/dijaspora-osuduje-medijsku-hajku-na-licnost-muftije-zukorlica\/\",\"url\":\"https:\/\/sandzakpress.net\/arhiva\/dijaspora-osuduje-medijsku-hajku-na-licnost-muftije-zukorlica\/\",\"name\":\"Sand\u017ea\u010dka dijaspora osu\u0111uje medijsku hajku na li\u010dnost Muftije Zukorli\u0107a\",\"isPartOf\":{\"@id\":\"https:\/\/sandzakpress.net\/arhiva\/#website\"},\"primaryImageOfPage\":{\"@id\":\"https:\/\/sandzakpress.net\/arhiva\/dijaspora-osuduje-medijsku-hajku-na-licnost-muftije-zukorlica\/#primaryimage\"},\"image\":{\"@id\":\"https:\/\/sandzakpress.net\/arhiva\/dijaspora-osuduje-medijsku-hajku-na-licnost-muftije-zukorlica\/#primaryimage\"},\"thumbnailUrl\":\"https:\/\/sandzakpress.net\/arhiva\/wp-content\/uploads\/2013\/03\/logo-zsd-300x253.jpg\",\"datePublished\":\"2013-03-28T13:13:51+00:00\",\"dateModified\":\"2013-03-28T13:29:07+00:00\",\"breadcrumb\":{\"@id\":\"https:\/\/sandzakpress.net\/arhiva\/dijaspora-osuduje-medijsku-hajku-na-licnost-muftije-zukorlica\/#breadcrumb\"},\"inLanguage\":\"bs-BA\",\"potentialAction\":[{\"@type\":\"ReadAction\",\"target\":[\"https:\/\/sandzakpress.net\/arhiva\/dijaspora-osuduje-medijsku-hajku-na-licnost-muftije-zukorlica\/\"]}]},{\"@type\":\"ImageObject\",\"inLanguage\":\"bs-BA\",\"@id\":\"https:\/\/sandzakpress.net\/arhiva\/dijaspora-osuduje-medijsku-hajku-na-licnost-muftije-zukorlica\/#primaryimage\",\"url\":\"https:\/\/sandzakpress.net\/arhiva\/wp-content\/uploads\/2013\/03\/logo-zsd-300x253.jpg\",\"contentUrl\":\"https:\/\/sandzakpress.net\/arhiva\/wp-content\/uploads\/2013\/03\/logo-zsd-300x253.jpg\",\"width\":300,\"height\":253},{\"@type\":\"BreadcrumbList\",\"@id\":\"https:\/\/sandzakpress.net\/arhiva\/dijaspora-osuduje-medijsku-hajku-na-licnost-muftije-zukorlica\/#breadcrumb\",\"itemListElement\":[{\"@type\":\"ListItem\",\"position\":1,\"name\":\"Home\",\"item\":\"https:\/\/sandzakpress.net\/arhiva\/\"},{\"@type\":\"ListItem\",\"position\":2,\"name\":\"Sand\u017ea\u010dka dijaspora osu\u0111uje medijsku hajku na li\u010dnost Muftije Zukorli\u0107a\"}]},{\"@type\":\"WebSite\",\"@id\":\"https:\/\/sandzakpress.net\/arhiva\/#website\",\"url\":\"https:\/\/sandzakpress.net\/arhiva\/\",\"name\":\"Sand\u017eak PRESS\",\"description\":\"Prve elektronske novine u Sand\u017eaku\",\"publisher\":{\"@id\":\"https:\/\/sandzakpress.net\/arhiva\/#\/schema\/person\/6e72b67d6e51910a1117b3b483ba20bd\"},\"potentialAction\":[{\"@type\":\"SearchAction\",\"target\":{\"@type\":\"EntryPoint\",\"urlTemplate\":\"https:\/\/sandzakpress.net\/arhiva\/?s={search_term_string}\"},\"query-input\":{\"@type\":\"PropertyValueSpecification\",\"valueRequired\":true,\"valueName\":\"search_term_string\"}}],\"inLanguage\":\"bs-BA\"},{\"@type\":[\"Person\",\"Organization\"],\"@id\":\"https:\/\/sandzakpress.net\/arhiva\/#\/schema\/person\/6e72b67d6e51910a1117b3b483ba20bd\",\"name\":\"Kul\",\"image\":{\"@type\":\"ImageObject\",\"inLanguage\":\"bs-BA\",\"@id\":\"https:\/\/sandzakpress.net\/arhiva\/#\/schema\/person\/image\/\",\"url\":\"https:\/\/secure.gravatar.com\/avatar\/42263f39aa27ac04c43cab85c280eb2e?s=96&d=mm&r=pg\",\"contentUrl\":\"https:\/\/secure.gravatar.com\/avatar\/42263f39aa27ac04c43cab85c280eb2e?s=96&d=mm&r=pg\",\"caption\":\"Kul\"},\"logo\":{\"@id\":\"https:\/\/sandzakpress.net\/arhiva\/#\/schema\/person\/image\/\"}},{\"@type\":\"Person\",\"@id\":\"\",\"url\":\"https:\/\/sandzakpress.net\/arhiva\/author\/\"}]}<\/script>\n<!-- \/ Yoast SEO Premium plugin. -->","yoast_head_json":{"title":"Sand\u017ea\u010dka dijaspora osu\u0111uje medijsku hajku na li\u010dnost Muftije Zukorli\u0107a","robots":{"index":"index","follow":"follow","max-snippet":"max-snippet:-1","max-image-preview":"max-image-preview:large","max-video-preview":"max-video-preview:-1"},"canonical":"https:\/\/sandzakpress.net\/arhiva\/dijaspora-osuduje-medijsku-hajku-na-licnost-muftije-zukorlica\/","og_locale":"bs_BA","og_type":"article","og_title":"Sand\u017ea\u010dka dijaspora osu\u0111uje medijsku hajku na li\u010dnost Muftije Zukorli\u0107a","og_description":"Evropa, Novi Pazar &#8211; Zbog sve u\u010destalijih napada na li\u010dnost muftije Zukorli\u0107a i tendencioznih medijskih izvje\u0161tavanja \u00a0Zajednica sandza\u010dke dijaspore izdaje: SAOP\u0160TENJE ZA JAVNOST Najo\u0161trije osudjujemo tendenciozno i neprofesionalno izvje\u0161tavanje medija i u\u010destale napade na li\u010dnost muftije te zbunjivanje javnosti o onome \u0161to se de\u0161ava u Sandzaku posljednjih dana. Beogradski mediji ne prestaju da nas iznenadjuju [&hellip;]","og_url":"https:\/\/sandzakpress.net\/arhiva\/dijaspora-osuduje-medijsku-hajku-na-licnost-muftije-zukorlica\/","og_site_name":"Sand\u017eak PRESS","article_published_time":"2013-03-28T13:13:51+00:00","article_modified_time":"2013-03-28T13:29:07+00:00","og_image":[{"width":300,"height":253,"url":"https:\/\/sandzakpress.net\/arhiva\/wp-content\/uploads\/2013\/03\/logo-zsd-300x253.jpg","type":"image\/jpeg"}],"twitter_card":"summary_large_image","twitter_misc":{"Written by":"","Est. reading time":"1 minuta"},"schema":{"@context":"https:\/\/schema.org","@graph":[{"@type":"Article","@id":"https:\/\/sandzakpress.net\/arhiva\/dijaspora-osuduje-medijsku-hajku-na-licnost-muftije-zukorlica\/#article","isPartOf":{"@id":"https:\/\/sandzakpress.net\/arhiva\/dijaspora-osuduje-medijsku-hajku-na-licnost-muftije-zukorlica\/"},"author":{"name":"","@id":""},"headline":"Sand\u017ea\u010dka dijaspora osu\u0111uje medijsku hajku na li\u010dnost Muftije Zukorli\u0107a","datePublished":"2013-03-28T13:13:51+00:00","dateModified":"2013-03-28T13:29:07+00:00","mainEntityOfPage":{"@id":"https:\/\/sandzakpress.net\/arhiva\/dijaspora-osuduje-medijsku-hajku-na-licnost-muftije-zukorlica\/"},"wordCount":274,"commentCount":7,"publisher":{"@id":"https:\/\/sandzakpress.net\/arhiva\/#\/schema\/person\/6e72b67d6e51910a1117b3b483ba20bd"},"image":{"@id":"https:\/\/sandzakpress.net\/arhiva\/dijaspora-osuduje-medijsku-hajku-na-licnost-muftije-zukorlica\/#primaryimage"},"thumbnailUrl":"https:\/\/sandzakpress.net\/arhiva\/wp-content\/uploads\/2013\/03\/logo-zsd-300x253.jpg","articleSection":["Njema\u010dka","Novi Pazar","Nacija","Austrija","Francuska","\u0160vicarska","VIJESTI DANA"],"inLanguage":"bs-BA","potentialAction":[{"@type":"CommentAction","name":"Comment","target":["https:\/\/sandzakpress.net\/arhiva\/dijaspora-osuduje-medijsku-hajku-na-licnost-muftije-zukorlica\/#respond"]}]},{"@type":"WebPage","@id":"https:\/\/sandzakpress.net\/arhiva\/dijaspora-osuduje-medijsku-hajku-na-licnost-muftije-zukorlica\/","url":"https:\/\/sandzakpress.net\/arhiva\/dijaspora-osuduje-medijsku-hajku-na-licnost-muftije-zukorlica\/","name":"Sand\u017ea\u010dka dijaspora osu\u0111uje medijsku hajku na li\u010dnost Muftije Zukorli\u0107a","isPartOf":{"@id":"https:\/\/sandzakpress.net\/arhiva\/#website"},"primaryImageOfPage":{"@id":"https:\/\/sandzakpress.net\/arhiva\/dijaspora-osuduje-medijsku-hajku-na-licnost-muftije-zukorlica\/#primaryimage"},"image":{"@id":"https:\/\/sandzakpress.net\/arhiva\/dijaspora-osuduje-medijsku-hajku-na-licnost-muftije-zukorlica\/#primaryimage"},"thumbnailUrl":"https:\/\/sandzakpress.net\/arhiva\/wp-content\/uploads\/2013\/03\/logo-zsd-300x253.jpg","datePublished":"2013-03-28T13:13:51+00:00","dateModified":"2013-03-28T13:29:07+00:00","breadcrumb":{"@id":"https:\/\/sandzakpress.net\/arhiva\/dijaspora-osuduje-medijsku-hajku-na-licnost-muftije-zukorlica\/#breadcrumb"},"inLanguage":"bs-BA","potentialAction":[{"@type":"ReadAction","target":["https:\/\/sandzakpress.net\/arhiva\/dijaspora-osuduje-medijsku-hajku-na-licnost-muftije-zukorlica\/"]}]},{"@type":"ImageObject","inLanguage":"bs-BA","@id":"https:\/\/sandzakpress.net\/arhiva\/dijaspora-osuduje-medijsku-hajku-na-licnost-muftije-zukorlica\/#primaryimage","url":"https:\/\/sandzakpress.net\/arhiva\/wp-content\/uploads\/2013\/03\/logo-zsd-300x253.jpg","contentUrl":"https:\/\/sandzakpress.net\/arhiva\/wp-content\/uploads\/2013\/03\/logo-zsd-300x253.jpg","width":300,"height":253},{"@type":"BreadcrumbList","@id":"https:\/\/sandzakpress.net\/arhiva\/dijaspora-osuduje-medijsku-hajku-na-licnost-muftije-zukorlica\/#breadcrumb","itemListElement":[{"@type":"ListItem","position":1,"name":"Home","item":"https:\/\/sandzakpress.net\/arhiva\/"},{"@type":"ListItem","position":2,"name":"Sand\u017ea\u010dka dijaspora osu\u0111uje medijsku hajku na li\u010dnost Muftije Zukorli\u0107a"}]},{"@type":"WebSite","@id":"https:\/\/sandzakpress.net\/arhiva\/#website","url":"https:\/\/sandzakpress.net\/arhiva\/","name":"Sand\u017eak PRESS","description":"Prve elektronske novine u Sand\u017eaku","publisher":{"@id":"https:\/\/sandzakpress.net\/arhiva\/#\/schema\/person\/6e72b67d6e51910a1117b3b483ba20bd"},"potentialAction":[{"@type":"SearchAction","target":{"@type":"EntryPoint","urlTemplate":"https:\/\/sandzakpress.net\/arhiva\/?s={search_term_string}"},"query-input":{"@type":"PropertyValueSpecification","valueRequired":true,"valueName":"search_term_string"}}],"inLanguage":"bs-BA"},{"@type":["Person","Organization"],"@id":"https:\/\/sandzakpress.net\/arhiva\/#\/schema\/person\/6e72b67d6e51910a1117b3b483ba20bd","name":"Kul","image":{"@type":"ImageObject","inLanguage":"bs-BA","@id":"https:\/\/sandzakpress.net\/arhiva\/#\/schema\/person\/image\/","url":"https:\/\/secure.gravatar.com\/avatar\/42263f39aa27ac04c43cab85c280eb2e?s=96&d=mm&r=pg","contentUrl":"https:\/\/secure.gravatar.com\/avatar\/42263f39aa27ac04c43cab85c280eb2e?s=96&d=mm&r=pg","caption":"Kul"},"logo":{"@id":"https:\/\/sandzakpress.net\/arhiva\/#\/schema\/person\/image\/"}},{"@type":"Person","@id":"","url":"https:\/\/sandzakpress.net\/arhiva\/author\/"}]}},"_links":{"self":[{"href":"https:\/\/sandzakpress.net\/arhiva\/wp-json\/wp\/v2\/posts\/71202"}],"collection":[{"href":"https:\/\/sandzakpress.net\/arhiva\/wp-json\/wp\/v2\/posts"}],"about":[{"href":"https:\/\/sandzakpress.net\/arhiva\/wp-json\/wp\/v2\/types\/post"}],"author":[{"embeddable":true,"href":"https:\/\/sandzakpress.net\/arhiva\/wp-json\/wp\/v2\/users\/33"}],"replies":[{"embeddable":true,"href":"https:\/\/sandzakpress.net\/arhiva\/wp-json\/wp\/v2\/comments?post=71202"}],"version-history":[{"count":0,"href":"https:\/\/sandzakpress.net\/arhiva\/wp-json\/wp\/v2\/posts\/71202\/revisions"}],"wp:featuredmedia":[{"embeddable":true,"href":"https:\/\/sandzakpress.net\/arhiva\/wp-json\/wp\/v2\/media\/71203"}],"wp:attachment":[{"href":"https:\/\/sandzakpress.net\/arhiva\/wp-json\/wp\/v2\/media?parent=71202"}],"wp:term":[{"taxonomy":"category","embeddable":true,"href":"https:\/\/sandzakpress.net\/arhiva\/wp-json\/wp\/v2\/categories?post=71202"},{"taxonomy":"post_tag","embeddable":true,"href":"https:\/\/sandzakpress.net\/arhiva\/wp-json\/wp\/v2\/tags?post=71202"}],"curies":[{"name":"wp","href":"https:\/\/api.w.org\/{rel}","templated":true}]}}