{"id":71150,"date":"2013-03-27T17:11:28","date_gmt":"2013-03-27T16:11:28","guid":{"rendered":"https:\/\/sandzakpress.net\/arhiva\/?p=71150"},"modified":"2013-03-27T17:11:28","modified_gmt":"2013-03-27T16:11:28","slug":"podjela-bobicastog-voca-unija-poljoprivrednika","status":"publish","type":"post","link":"https:\/\/sandzakpress.net\/arhiva\/podjela-bobicastog-voca-unija-poljoprivrednika\/","title":{"rendered":"Podjela bobi\u010dastog vo\u0107a- Unija poljoprivrednika"},"content":{"rendered":"<p><strong><a href=\"https:\/\/sandzakpress.net\/arhiva\/wp-content\/uploads\/2013\/03\/0000pp-deljenje-sadnica.jpg\"><img loading=\"lazy\" decoding=\"async\" class=\"alignleft size-medium wp-image-71151\" title=\"0000pp deljenje sadnica\" src=\"https:\/\/sandzakpress.net\/arhiva\/wp-content\/uploads\/2013\/03\/0000pp-deljenje-sadnica-300x218.jpg\" alt=\"\" width=\"300\" height=\"218\" \/><\/a>Novi Pazar &#8211; Organizacija me\u0111uop\u0161tinske unije poljoprivrednih udru\u017eenja Novog Pazara, Sjenice i Tutina danas je organizovala drugu isporuku bobi\u010dastog vo\u0107a.<\/strong><\/p>\n<p>Isporuka je \u010dinila pribli\u017eno 900 sadnica od kojih je 500 sadnica bilo aronije, ostalo su bile maline i jagode, koje su podijeljene\u00a0 poljoprivrednicima tokom dana.<\/p>\n<p>Sadnice su dvogodi\u0161nje, a do\u0161le su iz Velike plane \u201eSuperior. U organizaciji me\u0111uop\u0161tinske unije poljoprivrednih udru\u017eenja Novog Pazara, Sjenice i Tutina, kazali su nam da su sadnice najboljeg kvaliteta, a cijene veoma pristupa\u010dne, i da plodove mogu o\u010dekivati ve\u0107 na jesen ove godine.<\/p>\n<p>Uz sadnice Aronije svaki kupac dobio je priru\u010dnik u kome se nalaze obja\u0161njenja kako posaditi sadnicu, odr\u017eavati je i za\u0161titi.<\/p>\n<p>(Rtv NP)<\/p>\n","protected":false},"excerpt":{"rendered":"<p>Novi Pazar &#8211; Organizacija me\u0111uop\u0161tinske unije poljoprivrednih udru\u017eenja Novog Pazara, Sjenice i Tutina danas je organizovala drugu isporuku bobi\u010dastog vo\u0107a. Isporuka je \u010dinila pribli\u017eno 900 sadnica od kojih je 500 sadnica bilo aronije, ostalo su bile maline i jagode, koje su podijeljene\u00a0 poljoprivrednicima tokom dana. Sadnice su dvogodi\u0161nje, a do\u0161le su iz Velike plane \u201eSuperior. [&hellip;]<\/p>\n","protected":false},"author":16,"featured_media":71151,"comment_status":"open","ping_status":"open","sticky":false,"template":"","format":"standard","meta":{"footnotes":""},"categories":[72,3],"tags":[],"class_list":{"0":"post-71150","1":"post","2":"type-post","3":"status-publish","4":"format-standard","5":"has-post-thumbnail","7":"category-novi-pazar","8":"category-privreda"},"yoast_head":"<!-- This site is optimized with the Yoast SEO Premium plugin v23.1 (Yoast SEO v24.9) - https:\/\/yoast.com\/wordpress\/plugins\/seo\/ -->\n<title>Podjela bobi\u010dastog vo\u0107a- Unija poljoprivrednika<\/title>\n<meta name=\"robots\" content=\"index, follow, max-snippet:-1, max-image-preview:large, max-video-preview:-1\" \/>\n<link rel=\"canonical\" href=\"https:\/\/sandzakpress.net\/arhiva\/podjela-bobicastog-voca-unija-poljoprivrednika\/\" \/>\n<meta property=\"og:locale\" content=\"bs_BA\" \/>\n<meta property=\"og:type\" content=\"article\" \/>\n<meta property=\"og:title\" content=\"Podjela bobi\u010dastog vo\u0107a- Unija poljoprivrednika\" \/>\n<meta property=\"og:description\" content=\"Novi Pazar &#8211; Organizacija me\u0111uop\u0161tinske unije poljoprivrednih udru\u017eenja Novog Pazara, Sjenice i Tutina danas je organizovala drugu isporuku bobi\u010dastog vo\u0107a. Isporuka je \u010dinila pribli\u017eno 900 sadnica od kojih je 500 sadnica bilo aronije, ostalo su bile maline i jagode, koje su podijeljene\u00a0 poljoprivrednicima tokom dana. Sadnice su dvogodi\u0161nje, a do\u0161le su iz Velike plane \u201eSuperior. [&hellip;]\" \/>\n<meta property=\"og:url\" content=\"https:\/\/sandzakpress.net\/arhiva\/podjela-bobicastog-voca-unija-poljoprivrednika\/\" \/>\n<meta property=\"og:site_name\" content=\"Sand\u017eak PRESS\" \/>\n<meta property=\"article:published_time\" content=\"2013-03-27T16:11:28+00:00\" \/>\n<meta property=\"og:image\" content=\"https:\/\/sandzakpress.net\/arhiva\/wp-content\/uploads\/2013\/03\/0000pp-deljenje-sadnica.jpg\" \/>\n\t<meta property=\"og:image:width\" content=\"477\" \/>\n\t<meta property=\"og:image:height\" content=\"348\" \/>\n\t<meta property=\"og:image:type\" content=\"image\/jpeg\" \/>\n<meta name=\"twitter:card\" content=\"summary_large_image\" \/>\n<meta name=\"twitter:label1\" content=\"Written by\" \/>\n\t<meta name=\"twitter:data1\" content=\"\" \/>\n\t<meta name=\"twitter:label2\" content=\"Est. reading time\" \/>\n\t<meta name=\"twitter:data2\" content=\"1 minuta\" \/>\n<script type=\"application\/ld+json\" class=\"yoast-schema-graph\">{\"@context\":\"https:\/\/schema.org\",\"@graph\":[{\"@type\":\"Article\",\"@id\":\"https:\/\/sandzakpress.net\/arhiva\/podjela-bobicastog-voca-unija-poljoprivrednika\/#article\",\"isPartOf\":{\"@id\":\"https:\/\/sandzakpress.net\/arhiva\/podjela-bobicastog-voca-unija-poljoprivrednika\/\"},\"author\":{\"name\":\"\",\"@id\":\"\"},\"headline\":\"Podjela bobi\u010dastog vo\u0107a- Unija poljoprivrednika\",\"datePublished\":\"2013-03-27T16:11:28+00:00\",\"mainEntityOfPage\":{\"@id\":\"https:\/\/sandzakpress.net\/arhiva\/podjela-bobicastog-voca-unija-poljoprivrednika\/\"},\"wordCount\":132,\"commentCount\":0,\"publisher\":{\"@id\":\"https:\/\/sandzakpress.net\/arhiva\/#\/schema\/person\/6e72b67d6e51910a1117b3b483ba20bd\"},\"image\":{\"@id\":\"https:\/\/sandzakpress.net\/arhiva\/podjela-bobicastog-voca-unija-poljoprivrednika\/#primaryimage\"},\"thumbnailUrl\":\"https:\/\/sandzakpress.net\/arhiva\/wp-content\/uploads\/2013\/03\/0000pp-deljenje-sadnica.jpg\",\"articleSection\":[\"Novi Pazar\",\"Privreda\"],\"inLanguage\":\"bs-BA\",\"potentialAction\":[{\"@type\":\"CommentAction\",\"name\":\"Comment\",\"target\":[\"https:\/\/sandzakpress.net\/arhiva\/podjela-bobicastog-voca-unija-poljoprivrednika\/#respond\"]}]},{\"@type\":\"WebPage\",\"@id\":\"https:\/\/sandzakpress.net\/arhiva\/podjela-bobicastog-voca-unija-poljoprivrednika\/\",\"url\":\"https:\/\/sandzakpress.net\/arhiva\/podjela-bobicastog-voca-unija-poljoprivrednika\/\",\"name\":\"Podjela bobi\u010dastog vo\u0107a- Unija poljoprivrednika\",\"isPartOf\":{\"@id\":\"https:\/\/sandzakpress.net\/arhiva\/#website\"},\"primaryImageOfPage\":{\"@id\":\"https:\/\/sandzakpress.net\/arhiva\/podjela-bobicastog-voca-unija-poljoprivrednika\/#primaryimage\"},\"image\":{\"@id\":\"https:\/\/sandzakpress.net\/arhiva\/podjela-bobicastog-voca-unija-poljoprivrednika\/#primaryimage\"},\"thumbnailUrl\":\"https:\/\/sandzakpress.net\/arhiva\/wp-content\/uploads\/2013\/03\/0000pp-deljenje-sadnica.jpg\",\"datePublished\":\"2013-03-27T16:11:28+00:00\",\"breadcrumb\":{\"@id\":\"https:\/\/sandzakpress.net\/arhiva\/podjela-bobicastog-voca-unija-poljoprivrednika\/#breadcrumb\"},\"inLanguage\":\"bs-BA\",\"potentialAction\":[{\"@type\":\"ReadAction\",\"target\":[\"https:\/\/sandzakpress.net\/arhiva\/podjela-bobicastog-voca-unija-poljoprivrednika\/\"]}]},{\"@type\":\"ImageObject\",\"inLanguage\":\"bs-BA\",\"@id\":\"https:\/\/sandzakpress.net\/arhiva\/podjela-bobicastog-voca-unija-poljoprivrednika\/#primaryimage\",\"url\":\"https:\/\/sandzakpress.net\/arhiva\/wp-content\/uploads\/2013\/03\/0000pp-deljenje-sadnica.jpg\",\"contentUrl\":\"https:\/\/sandzakpress.net\/arhiva\/wp-content\/uploads\/2013\/03\/0000pp-deljenje-sadnica.jpg\",\"width\":477,\"height\":348},{\"@type\":\"BreadcrumbList\",\"@id\":\"https:\/\/sandzakpress.net\/arhiva\/podjela-bobicastog-voca-unija-poljoprivrednika\/#breadcrumb\",\"itemListElement\":[{\"@type\":\"ListItem\",\"position\":1,\"name\":\"Home\",\"item\":\"https:\/\/sandzakpress.net\/arhiva\/\"},{\"@type\":\"ListItem\",\"position\":2,\"name\":\"Podjela bobi\u010dastog vo\u0107a- Unija poljoprivrednika\"}]},{\"@type\":\"WebSite\",\"@id\":\"https:\/\/sandzakpress.net\/arhiva\/#website\",\"url\":\"https:\/\/sandzakpress.net\/arhiva\/\",\"name\":\"Sand\u017eak PRESS\",\"description\":\"Prve elektronske novine u Sand\u017eaku\",\"publisher\":{\"@id\":\"https:\/\/sandzakpress.net\/arhiva\/#\/schema\/person\/6e72b67d6e51910a1117b3b483ba20bd\"},\"potentialAction\":[{\"@type\":\"SearchAction\",\"target\":{\"@type\":\"EntryPoint\",\"urlTemplate\":\"https:\/\/sandzakpress.net\/arhiva\/?s={search_term_string}\"},\"query-input\":{\"@type\":\"PropertyValueSpecification\",\"valueRequired\":true,\"valueName\":\"search_term_string\"}}],\"inLanguage\":\"bs-BA\"},{\"@type\":[\"Person\",\"Organization\"],\"@id\":\"https:\/\/sandzakpress.net\/arhiva\/#\/schema\/person\/6e72b67d6e51910a1117b3b483ba20bd\",\"name\":\"Kul\",\"image\":{\"@type\":\"ImageObject\",\"inLanguage\":\"bs-BA\",\"@id\":\"https:\/\/sandzakpress.net\/arhiva\/#\/schema\/person\/image\/\",\"url\":\"https:\/\/secure.gravatar.com\/avatar\/42263f39aa27ac04c43cab85c280eb2e?s=96&d=mm&r=pg\",\"contentUrl\":\"https:\/\/secure.gravatar.com\/avatar\/42263f39aa27ac04c43cab85c280eb2e?s=96&d=mm&r=pg\",\"caption\":\"Kul\"},\"logo\":{\"@id\":\"https:\/\/sandzakpress.net\/arhiva\/#\/schema\/person\/image\/\"}},{\"@type\":\"Person\",\"@id\":\"\",\"url\":\"https:\/\/sandzakpress.net\/arhiva\/author\/\"}]}<\/script>\n<!-- \/ Yoast SEO Premium plugin. -->","yoast_head_json":{"title":"Podjela bobi\u010dastog vo\u0107a- Unija poljoprivrednika","robots":{"index":"index","follow":"follow","max-snippet":"max-snippet:-1","max-image-preview":"max-image-preview:large","max-video-preview":"max-video-preview:-1"},"canonical":"https:\/\/sandzakpress.net\/arhiva\/podjela-bobicastog-voca-unija-poljoprivrednika\/","og_locale":"bs_BA","og_type":"article","og_title":"Podjela bobi\u010dastog vo\u0107a- Unija poljoprivrednika","og_description":"Novi Pazar &#8211; Organizacija me\u0111uop\u0161tinske unije poljoprivrednih udru\u017eenja Novog Pazara, Sjenice i Tutina danas je organizovala drugu isporuku bobi\u010dastog vo\u0107a. Isporuka je \u010dinila pribli\u017eno 900 sadnica od kojih je 500 sadnica bilo aronije, ostalo su bile maline i jagode, koje su podijeljene\u00a0 poljoprivrednicima tokom dana. Sadnice su dvogodi\u0161nje, a do\u0161le su iz Velike plane \u201eSuperior. [&hellip;]","og_url":"https:\/\/sandzakpress.net\/arhiva\/podjela-bobicastog-voca-unija-poljoprivrednika\/","og_site_name":"Sand\u017eak PRESS","article_published_time":"2013-03-27T16:11:28+00:00","og_image":[{"width":477,"height":348,"url":"https:\/\/sandzakpress.net\/arhiva\/wp-content\/uploads\/2013\/03\/0000pp-deljenje-sadnica.jpg","type":"image\/jpeg"}],"twitter_card":"summary_large_image","twitter_misc":{"Written by":"","Est. reading time":"1 minuta"},"schema":{"@context":"https:\/\/schema.org","@graph":[{"@type":"Article","@id":"https:\/\/sandzakpress.net\/arhiva\/podjela-bobicastog-voca-unija-poljoprivrednika\/#article","isPartOf":{"@id":"https:\/\/sandzakpress.net\/arhiva\/podjela-bobicastog-voca-unija-poljoprivrednika\/"},"author":{"name":"","@id":""},"headline":"Podjela bobi\u010dastog vo\u0107a- Unija poljoprivrednika","datePublished":"2013-03-27T16:11:28+00:00","mainEntityOfPage":{"@id":"https:\/\/sandzakpress.net\/arhiva\/podjela-bobicastog-voca-unija-poljoprivrednika\/"},"wordCount":132,"commentCount":0,"publisher":{"@id":"https:\/\/sandzakpress.net\/arhiva\/#\/schema\/person\/6e72b67d6e51910a1117b3b483ba20bd"},"image":{"@id":"https:\/\/sandzakpress.net\/arhiva\/podjela-bobicastog-voca-unija-poljoprivrednika\/#primaryimage"},"thumbnailUrl":"https:\/\/sandzakpress.net\/arhiva\/wp-content\/uploads\/2013\/03\/0000pp-deljenje-sadnica.jpg","articleSection":["Novi Pazar","Privreda"],"inLanguage":"bs-BA","potentialAction":[{"@type":"CommentAction","name":"Comment","target":["https:\/\/sandzakpress.net\/arhiva\/podjela-bobicastog-voca-unija-poljoprivrednika\/#respond"]}]},{"@type":"WebPage","@id":"https:\/\/sandzakpress.net\/arhiva\/podjela-bobicastog-voca-unija-poljoprivrednika\/","url":"https:\/\/sandzakpress.net\/arhiva\/podjela-bobicastog-voca-unija-poljoprivrednika\/","name":"Podjela bobi\u010dastog vo\u0107a- Unija poljoprivrednika","isPartOf":{"@id":"https:\/\/sandzakpress.net\/arhiva\/#website"},"primaryImageOfPage":{"@id":"https:\/\/sandzakpress.net\/arhiva\/podjela-bobicastog-voca-unija-poljoprivrednika\/#primaryimage"},"image":{"@id":"https:\/\/sandzakpress.net\/arhiva\/podjela-bobicastog-voca-unija-poljoprivrednika\/#primaryimage"},"thumbnailUrl":"https:\/\/sandzakpress.net\/arhiva\/wp-content\/uploads\/2013\/03\/0000pp-deljenje-sadnica.jpg","datePublished":"2013-03-27T16:11:28+00:00","breadcrumb":{"@id":"https:\/\/sandzakpress.net\/arhiva\/podjela-bobicastog-voca-unija-poljoprivrednika\/#breadcrumb"},"inLanguage":"bs-BA","potentialAction":[{"@type":"ReadAction","target":["https:\/\/sandzakpress.net\/arhiva\/podjela-bobicastog-voca-unija-poljoprivrednika\/"]}]},{"@type":"ImageObject","inLanguage":"bs-BA","@id":"https:\/\/sandzakpress.net\/arhiva\/podjela-bobicastog-voca-unija-poljoprivrednika\/#primaryimage","url":"https:\/\/sandzakpress.net\/arhiva\/wp-content\/uploads\/2013\/03\/0000pp-deljenje-sadnica.jpg","contentUrl":"https:\/\/sandzakpress.net\/arhiva\/wp-content\/uploads\/2013\/03\/0000pp-deljenje-sadnica.jpg","width":477,"height":348},{"@type":"BreadcrumbList","@id":"https:\/\/sandzakpress.net\/arhiva\/podjela-bobicastog-voca-unija-poljoprivrednika\/#breadcrumb","itemListElement":[{"@type":"ListItem","position":1,"name":"Home","item":"https:\/\/sandzakpress.net\/arhiva\/"},{"@type":"ListItem","position":2,"name":"Podjela bobi\u010dastog vo\u0107a- Unija poljoprivrednika"}]},{"@type":"WebSite","@id":"https:\/\/sandzakpress.net\/arhiva\/#website","url":"https:\/\/sandzakpress.net\/arhiva\/","name":"Sand\u017eak PRESS","description":"Prve elektronske novine u Sand\u017eaku","publisher":{"@id":"https:\/\/sandzakpress.net\/arhiva\/#\/schema\/person\/6e72b67d6e51910a1117b3b483ba20bd"},"potentialAction":[{"@type":"SearchAction","target":{"@type":"EntryPoint","urlTemplate":"https:\/\/sandzakpress.net\/arhiva\/?s={search_term_string}"},"query-input":{"@type":"PropertyValueSpecification","valueRequired":true,"valueName":"search_term_string"}}],"inLanguage":"bs-BA"},{"@type":["Person","Organization"],"@id":"https:\/\/sandzakpress.net\/arhiva\/#\/schema\/person\/6e72b67d6e51910a1117b3b483ba20bd","name":"Kul","image":{"@type":"ImageObject","inLanguage":"bs-BA","@id":"https:\/\/sandzakpress.net\/arhiva\/#\/schema\/person\/image\/","url":"https:\/\/secure.gravatar.com\/avatar\/42263f39aa27ac04c43cab85c280eb2e?s=96&d=mm&r=pg","contentUrl":"https:\/\/secure.gravatar.com\/avatar\/42263f39aa27ac04c43cab85c280eb2e?s=96&d=mm&r=pg","caption":"Kul"},"logo":{"@id":"https:\/\/sandzakpress.net\/arhiva\/#\/schema\/person\/image\/"}},{"@type":"Person","@id":"","url":"https:\/\/sandzakpress.net\/arhiva\/author\/"}]}},"_links":{"self":[{"href":"https:\/\/sandzakpress.net\/arhiva\/wp-json\/wp\/v2\/posts\/71150"}],"collection":[{"href":"https:\/\/sandzakpress.net\/arhiva\/wp-json\/wp\/v2\/posts"}],"about":[{"href":"https:\/\/sandzakpress.net\/arhiva\/wp-json\/wp\/v2\/types\/post"}],"author":[{"embeddable":true,"href":"https:\/\/sandzakpress.net\/arhiva\/wp-json\/wp\/v2\/users\/16"}],"replies":[{"embeddable":true,"href":"https:\/\/sandzakpress.net\/arhiva\/wp-json\/wp\/v2\/comments?post=71150"}],"version-history":[{"count":0,"href":"https:\/\/sandzakpress.net\/arhiva\/wp-json\/wp\/v2\/posts\/71150\/revisions"}],"wp:featuredmedia":[{"embeddable":true,"href":"https:\/\/sandzakpress.net\/arhiva\/wp-json\/wp\/v2\/media\/71151"}],"wp:attachment":[{"href":"https:\/\/sandzakpress.net\/arhiva\/wp-json\/wp\/v2\/media?parent=71150"}],"wp:term":[{"taxonomy":"category","embeddable":true,"href":"https:\/\/sandzakpress.net\/arhiva\/wp-json\/wp\/v2\/categories?post=71150"},{"taxonomy":"post_tag","embeddable":true,"href":"https:\/\/sandzakpress.net\/arhiva\/wp-json\/wp\/v2\/tags?post=71150"}],"curies":[{"name":"wp","href":"https:\/\/api.w.org\/{rel}","templated":true}]}}