{"id":71026,"date":"2013-03-26T19:01:07","date_gmt":"2013-03-26T18:01:07","guid":{"rendered":"https:\/\/sandzakpress.net\/arhiva\/?p=71026"},"modified":"2013-03-26T19:01:07","modified_gmt":"2013-03-26T18:01:07","slug":"majke-srebrenice-holandija-nagraduje-odgovorne-za-genocid","status":"publish","type":"post","link":"https:\/\/sandzakpress.net\/arhiva\/majke-srebrenice-holandija-nagraduje-odgovorne-za-genocid\/","title":{"rendered":"Majke Srebrenice: Holandija nagra\u0111uje odgovorne za genocid"},"content":{"rendered":"<p class=\"MsoNormal\" style=\"margin: 0px; color: #222222; font-family: arial, sans-serif; font-size: 12.800000190734863px; font-style: normal; font-variant: normal; font-weight: normal; letter-spacing: normal; line-height: normal; orphans: auto; text-align: start; text-indent: 0px; text-transform: none; white-space: normal; widows: auto; word-spacing: 0px; -webkit-text-size-adjust: auto; -webkit-text-stroke-width: 0px; background-color: #ffffff;\"><strong><span style=\"color: #222222; font-size: 12.800000190734863px; font-style: normal; font-variant: normal; font-weight: normal; letter-spacing: normal; line-height: normal; orphans: auto; text-align: start; text-indent: 0px; text-transform: none; white-space: normal; widows: auto; word-spacing: 0px; -webkit-text-size-adjust: auto; -webkit-text-stroke-width: 0px; background-color: #ffffff; font-family: Arial;\"><strong><a href=\"https:\/\/sandzakpress.net\/arhiva\/wp-content\/uploads\/2013\/03\/Hatidza_Mehmedovic_i_Munira_Subasic33.jpg\"><img loading=\"lazy\" decoding=\"async\" class=\"alignleft size-medium wp-image-71027\" title=\"Hatidza_Mehmedovic_i_Munira_Subasic33\" src=\"https:\/\/sandzakpress.net\/arhiva\/wp-content\/uploads\/2013\/03\/Hatidza_Mehmedovic_i_Munira_Subasic33-300x173.jpg\" alt=\"\" width=\"300\" height=\"173\" \/><\/a>Holandija, BIH &#8211; Majke Srebrenice najavile su da \u0107e uputiti pismo holandskoj kraljici Beatriks povodom uloge njene dr\u017eave u Srebrenici<\/strong><\/span><span style=\"color: #222222; font-size: 12.800000190734863px; font-style: normal; font-variant: normal; font-weight: normal; letter-spacing: normal; line-height: normal; orphans: auto; text-align: start; text-indent: 0px; text-transform: none; white-space: normal; widows: auto; word-spacing: 0px; -webkit-text-size-adjust: auto; -webkit-text-stroke-width: 0px; background-color: #ffffff; font-family: Arial;\"><\/span><\/strong><\/p>\n<p class=\"MsoNormal\" style=\"margin: 0px; color: #222222; font-family: arial, sans-serif; font-size: 12.800000190734863px; font-style: normal; font-variant: normal; font-weight: normal; letter-spacing: normal; line-height: normal; orphans: auto; text-align: start; text-indent: 0px; text-transform: none; white-space: normal; widows: auto; word-spacing: 0px; -webkit-text-size-adjust: auto; -webkit-text-stroke-width: 0px; background-color: #ffffff;\"><span style=\"font-family: Arial;\">Majke Srebrenice i pre\u017eivjele \u017ertve genocida u tom gradu ogor\u010dene su odlukom Vrhovnog suda u Holandiji koji je naredio Ministarstvu odbrane te zemlje da isplati od\u0161tetu jednom od<\/span><span style=\"font-family: Arial;\"><span class=\"Apple-converted-space\"> <\/span>vojnika koji ima posttraumatski sindrom<span class=\"Apple-converted-space\"> <\/span><\/span><span style=\"font-family: Arial;\">nakon \u0161to je bio raspore\u0111en u Srebrenici<\/span><span style=\"font-family: Arial;\">,<span class=\"Apple-converted-space\"> <\/span><\/span><span style=\"font-family: Arial;\">gdje je 1995. godine<\/span><span style=\"font-family: Arial;\"><span class=\"Apple-converted-space\"> <\/span>ubijeno vi\u0161e od 8.000 bo\u0161nja\u010dkih mu\u0161karaca i dje\u010daka, izvje\u0161tava novinar agencije Anadolija (AA).<\/span><span style=\"font-family: Arial;\"> <\/span><\/p>\n<p class=\"MsoNormal\" style=\"margin: 0px; color: #222222; font-family: arial, sans-serif; font-size: 12.800000190734863px; font-style: normal; font-variant: normal; font-weight: normal; letter-spacing: normal; line-height: normal; orphans: auto; text-align: start; text-indent: 0px; text-transform: none; white-space: normal; widows: auto; word-spacing: 0px; -webkit-text-size-adjust: auto; -webkit-text-stroke-width: 0px; background-color: #ffffff;\"><span style=\"font-family: Arial;\">U srebreni\u010dkim udru\u017eenjima isti\u010du da su ogor\u010deni jer holandski sud obe\u0161te\u0107uje vojnike koji ih nisu za\u0161titili, dok dr\u017eava Holandija, istovremeno, na razne na\u010dine odbija priznati odgovornost za doga\u0111aje u Srebrenici, te osporava \u017ertvama pravo na od\u0161tetu.<\/span><span style=\"font-family: Arial;\"> <\/span><\/p>\n<p class=\"MsoNormal\" style=\"margin: 0px; color: #222222; font-family: arial, sans-serif; font-size: 12.800000190734863px; font-style: normal; font-variant: normal; font-weight: normal; letter-spacing: normal; line-height: normal; orphans: auto; text-align: start; text-indent: 0px; text-transform: none; white-space: normal; widows: auto; word-spacing: 0px; -webkit-text-size-adjust: auto; -webkit-text-stroke-width: 0px; background-color: #ffffff;\"><span style=\"font-family: Arial;\">&#8221;Ovakva odluka zna\u010di da \u0107e po\u010deti nagra\u0111ivati svoje vojnike koji nisu sprije\u010dili genocid u Srebrenici. Ako budu platili od\u0161tetu svojim vojnicima, moraju platiti i hiljadama pre\u017eivjelih majki i djece, a Holandija ne pokazuje spremnost da prihvati odgovornost za doga\u0111aje u Srebrenici. Pre\u017eivjele \u017ertve genocida u Srebrenici i danas<\/span><span style=\"font-family: Arial;\"> <\/span><\/p>\n<p class=\"MsoNormal\" style=\"margin: 0px; color: #222222; font-family: arial, sans-serif; font-size: 12.800000190734863px; font-style: normal; font-variant: normal; font-weight: normal; letter-spacing: normal; line-height: normal; orphans: auto; text-align: start; text-indent: 0px; text-transform: none; white-space: normal; widows: auto; word-spacing: 0px; -webkit-text-size-adjust: auto; -webkit-text-stroke-width: 0px; background-color: #ffffff;\"><span style=\"font-family: Arial;\">\u017eive s traumama, u boli za koju su suodgovorni i Holan\u0111ani. Mi smo tra\u017eili i nadamo se da \u0107e Evropski sud donijeti odgovaraju\u0107u presudu, te da \u0107e u Ujedinjeni narodi (UN), Vlada Holandije i Ministarstvo odbrane te zemlje priznati krivicu i platiti od\u0161tetu za Srebrenicu. Ako to ne urade, onda se komotno mo\u017ee kazati da je ovo bio rat protiv muslimana&#8221;, kazala je za agenciju Anadolija Munira Suba\u0161i\u0107, predsjednica Udru\u017eenja Pokret &#8220;Majke enklave Srebrenica i \u017depa&#8221;<\/span><span style=\"font-family: Arial;\">.<\/span><\/p>\n<p class=\"MsoNormal\" style=\"margin: 0px; color: #222222; font-family: arial, sans-serif; font-size: 12.800000190734863px; font-style: normal; font-variant: normal; font-weight: normal; letter-spacing: normal; line-height: normal; orphans: auto; text-align: start; text-indent: 0px; text-transform: none; white-space: normal; widows: auto; word-spacing: 0px; -webkit-text-size-adjust: auto; -webkit-text-stroke-width: 0px; background-color: #ffffff;\"><span style=\"font-family: Arial;\">Isti\u010de da je ovo nastavak licemjerne politike koju Evropa i svijet &#8221;vode prema nama muslimanima i BiH&#8221;.<\/span><\/p>\n<p class=\"MsoNormal\" style=\"margin: 0px; color: #222222; font-family: arial, sans-serif; font-size: 12.800000190734863px; font-style: normal; font-variant: normal; font-weight: normal; letter-spacing: normal; line-height: normal; orphans: auto; text-align: start; text-indent: 0px; text-transform: none; white-space: normal; widows: auto; word-spacing: 0px; -webkit-text-size-adjust: auto; -webkit-text-stroke-width: 0px; background-color: #ffffff;\"><span style=\"font-family: Arial;\">&#8221;Holandski bataljon je bio u Srebrenici i imao je ulogu da pru\u017ei za\u0161titu nama i trebao ju je pru\u017eiti, trebao je barem poku\u0161ati&#8230; A oni nisu ni poku\u0161ali ve\u0107 su se solidarizirali sa onima koji su pobili i poklali na\u0161 narod, ispijali rakiju sa \u010denicima. Oni su sprje\u010davali ljude da ne pobjegnu iz Poto\u010dara i spase se, dr\u017eali su ih opkoljene, zajedno sa \u010detnicima. \u0160tavi\u0161e, mi imamo i \u017eena koje su vidjele holandske vojnike da su \u010dinili neka zlodjela poput silovanja. Eto, sve to se danas nagra\u0111uje od iste one Evrope koja se smatra zajednicom reda i zakona. Holan\u0111ani svoje vojnike obe\u0161te\u0107uju, a \u017ertve ignoriraju&#8221;, dodaje ona.<\/span><\/p>\n<p class=\"MsoNormal\" style=\"margin: 0px; color: #222222; font-family: arial, sans-serif; font-size: 12.800000190734863px; font-style: normal; font-variant: normal; font-weight: normal; letter-spacing: normal; line-height: normal; orphans: auto; text-align: start; text-indent: 0px; text-transform: none; white-space: normal; widows: auto; word-spacing: 0px; -webkit-text-size-adjust: auto; -webkit-text-stroke-width: 0px; background-color: #ffffff;\"><span style=\"font-family: Arial;\">Suba\u0161i\u0107 vjeruje kako \u0107e, ipak, obi\u010dni gra\u0111ani Holandije &#8221;smo\u0107i snage i di\u0107i svoj glas, te kazati da je dr\u017eava Holandija kriva za ono \u0161to se desilo u Srebrenici&#8221;.<\/span><\/p>\n<p class=\"MsoNormal\" style=\"margin: 0px; color: #222222; font-family: arial, sans-serif; font-size: 12.800000190734863px; font-style: normal; font-variant: normal; font-weight: normal; letter-spacing: normal; line-height: normal; orphans: auto; text-align: start; text-indent: 0px; text-transform: none; white-space: normal; widows: auto; word-spacing: 0px; -webkit-text-size-adjust: auto; -webkit-text-stroke-width: 0px; background-color: #ffffff;\"><span style=\"font-family: Arial;\">&#8221;\u017delimo da uputimo i pismo kraljici Holandije Beatriks<\/span><span style=\"font-family: Arial;\">, jer mislimo da se mnoge stvari dr\u017ee u tajnosti u pogledu uloge Holandije u Srebrenici&#8221;, tvrdi Suba\u0161i\u0107.<\/span><\/p>\n<p class=\"MsoNormal\" style=\"margin: 0px; color: #222222; font-family: arial, sans-serif; font-size: 12.800000190734863px; font-style: normal; font-variant: normal; font-weight: normal; letter-spacing: normal; line-height: normal; orphans: auto; text-align: start; text-indent: 0px; text-transform: none; white-space: normal; widows: auto; word-spacing: 0px; -webkit-text-size-adjust: auto; -webkit-text-stroke-width: 0px; background-color: #ffffff;\"><em><span style=\"font-family: Arial; font-style: normal;\">Hatid\u017ea Mehmedovi\u0107<\/span><\/em><span><em><span style=\"font-family: Arial;\">,<span class=\"Apple-converted-space\"> <\/span><\/span><\/em><\/span><em><span style=\"font-family: Arial; font-style: normal;\">predsjednica<\/span><\/em><span><span style=\"font-family: Arial;\"><span class=\"Apple-converted-space\"> <\/span>Udru\u017eenja<span class=\"Apple-converted-space\"> <\/span><\/span><\/span><span><span style=\"font-family: Arial;\">&#8221;Srebreni\u010dke majke<\/span><\/span><span><span style=\"font-family: Arial;\">&#8221; izjavila je za agenciju Anadolija kako ovo nije prvi put da su \u017ertve Srebrenice poni\u017eene. O\u0161tro je osudila ovakvu praksu holandskih sudova.<\/span><\/span><span><\/span><\/p>\n<p class=\"MsoNormal\" style=\"margin: 0px; color: #222222; font-family: arial, sans-serif; font-size: 12.800000190734863px; font-style: normal; font-variant: normal; font-weight: normal; letter-spacing: normal; line-height: normal; orphans: auto; text-align: start; text-indent: 0px; text-transform: none; white-space: normal; widows: auto; word-spacing: 0px; -webkit-text-size-adjust: auto; -webkit-text-stroke-width: 0px; background-color: #ffffff;\"><span><span style=\"font-family: Arial;\">&#8221;Neka je s<\/span><\/span><span style=\"font-family: Arial;\">ramota suda koji je donio takvu presudu. Holandski vojnici su se<span class=\"Apple-converted-space\"> <\/span><em><span style=\"font-style: normal;\">solidarizirali<\/span><\/em><span><em><span class=\"Apple-converted-space\"> <\/span><\/em><\/span><\/span><span><em><span style=\"font-family: Arial;\"><span> <\/span><\/span><\/em><\/span><span style=\"font-family: Arial;\">sa srpskim agresorima, dali su im svoje pancire, oru\u017eje, \u0161ljemove&#8230; Stavili su se na raspolaganje Srbima. Mi smo svjedoci toga. Odlazili su da piju sa srpskim vojnicima u Bratunac. Mi smo poni\u017eeni. Oni su svjedoci u\u017easa kroz koji smo mi pro\u0161li, a nisu ni\u0161ta u\u010dinili. I sada jo\u0161 primaju od\u0161tetu za to. Ja sam izgubila sve 1995. godine, svi moji bli\u017ei su mrtvi, svi iz mojeg roda i mi samo tra\u017eimo istinu i pravdu. A meni je kazna i dan, a i no\u0107. Mnoge majke sretne su kada na\u0111u i jednu kost svojeg djeteta. Za sve to su suodgovorni i Holan\u0111ani, ali oni se danas nagra\u0111uju. Kakvu mi od\u0161tetu da dobijemo za sve \u0161to smo pre\u017eivjeli&#8221;, kazala je Mehmedovi\u0107.<\/span><span><\/span><\/p>\n<p class=\"MsoNormal\" style=\"margin: 0px; color: #222222; font-family: arial, sans-serif; font-size: 12.800000190734863px; font-style: normal; font-variant: normal; font-weight: normal; letter-spacing: normal; line-height: normal; orphans: auto; text-align: start; text-indent: 0px; text-transform: none; white-space: normal; widows: auto; word-spacing: 0px; -webkit-text-size-adjust: auto; -webkit-text-stroke-width: 0px; background-color: #ffffff;\"><span style=\"font-family: Arial;\">Vrhovni sud Holandije u slu\u010daju vojnik<\/span><span style=\"font-family: Arial;\">a Dave<\/span><span style=\"font-family: Arial;\">a Maat<\/span><span style=\"font-family: Arial;\">a smatra da Ministarstvo odbrane<span class=\"Apple-converted-space\"> <\/span><\/span><span style=\"font-family: Arial;\">Holandije nije odredilo dovoljno dug nadzor po okon\u010danju misije<\/span><span style=\"font-family: Arial;\">, kao i u kasnijem periodu<\/span><span style=\"font-family: Arial;\">, ocijeniv\u0161i da je Ministarstvo odbrane odgovorno za \u0161tetu koju je pretrpio<span class=\"Apple-converted-space\"> <\/span><\/span><span style=\"font-family: Arial;\">spomenuti vojnik.<br \/>\nTaj holandski vojnik zatra\u017eio je 2000. godine od Ministarstva odbrane od\u0161tetu zbog posttraumatskog sindroma, ali je odbijen. On se potom obratio sudu koj<\/span><span style=\"font-family: Arial;\">i je 2005. nalo\u017eilo Ministarstvu da preispita odluku, objavljeno je na sajtu Dutch News.<span class=\"Apple-converted-space\"> <\/span><br \/>\nMaat je slu\u017eio \u0161est mjeseci u okviru holandskih<span class=\"Apple-converted-space\"> <\/span><\/span><span style=\"font-family: Arial;\">mirovnih snaga pri UN-u u Srebrenici.<\/span><\/p>\n<p style=\"color: #222222; font-family: arial, sans-serif; font-size: 12.800000190734863px; font-style: normal; font-variant: normal; font-weight: normal; letter-spacing: normal; line-height: normal; orphans: auto; text-align: start; text-indent: 0px; text-transform: none; white-space: normal; widows: auto; word-spacing: 0px; -webkit-text-size-adjust: auto; -webkit-text-stroke-width: 0px; background-color: #ffffff; margin: 0cm 0cm 0.0001pt;\"><span style=\"font-family: Arial;\"> <\/span><\/p>\n<p class=\"MsoNormal\" style=\"margin: 0px; color: #222222; font-family: arial, sans-serif; font-size: 12.800000190734863px; font-style: normal; font-variant: normal; font-weight: normal; letter-spacing: normal; line-height: normal; orphans: auto; text-align: start; text-indent: 0px; text-transform: none; white-space: normal; widows: auto; word-spacing: 0px; -webkit-text-size-adjust: auto; -webkit-text-stroke-width: 0px; background-color: #ffffff;\"><strong><span style=\"font-family: Arial;\">Odgovornost za \u017ertve<\/span><\/strong><\/p>\n<p class=\"MsoNormal\" style=\"margin: 0px; color: #222222; font-family: arial, sans-serif; font-size: 12.800000190734863px; font-style: normal; font-variant: normal; font-weight: normal; letter-spacing: normal; line-height: normal; orphans: auto; text-align: start; text-indent: 0px; text-transform: none; white-space: normal; widows: auto; word-spacing: 0px; -webkit-text-size-adjust: auto; -webkit-text-stroke-width: 0px; background-color: #ffffff;\"><span style=\"font-family: Arial;\"> <\/span><\/p>\n<p class=\"MsoNormal\" style=\"margin: 0px; color: #222222; font-family: arial, sans-serif; font-size: 12.800000190734863px; font-style: normal; font-variant: normal; font-weight: normal; letter-spacing: normal; line-height: normal; orphans: auto; text-align: start; text-indent: 0px; text-transform: none; white-space: normal; widows: auto; word-spacing: 0px; -webkit-text-size-adjust: auto; -webkit-text-stroke-width: 0px; background-color: #ffffff;\"><span style=\"font-family: Arial;\">Holandski apelacioni sud zaklju\u010dio je<span class=\"Apple-converted-space\"> <\/span><\/span><span style=\"font-family: Arial;\">u julu 2011. godine da je dr\u017eava Holandija odgovorna za smrt trojice<\/span><span style=\"font-family: Arial;\">Bo\u0161njaka pos<\/span><span style=\"font-family: Arial;\">slije pada Srebrenice u julu 1995. godine i naredio vladi da plati od\u0161tetu njihovim porodicama.<\/span><\/p>\n<p class=\"MsoNormal\" style=\"margin: 0px; color: #222222; font-family: arial, sans-serif; font-size: 12.800000190734863px; font-style: normal; font-variant: normal; font-weight: normal; letter-spacing: normal; line-height: normal; orphans: auto; text-align: start; text-indent: 0px; text-transform: none; white-space: normal; widows: auto; word-spacing: 0px; -webkit-text-size-adjust: auto; -webkit-text-stroke-width: 0px; background-color: #ffffff;\"><span style=\"font-family: Arial;\">&#8220;Sud je presudio da je holandska dr\u017eava odgovorna za smrt ovih ljudi po\u0161to holandski kontingent UN nije s<\/span><span style=\"font-family: Arial;\">mio da ih izru\u010di<\/span><span style=\"font-family: Arial;\"><span class=\"Apple-converted-space\"> <\/span>snagama bosanskih Srba<\/span><span style=\"font-family: Arial;\">&#8221;, saop\u0107eno je tada.<\/span><\/p>\n<p class=\"MsoNormal\" style=\"margin: 0px; color: #222222; font-family: arial, sans-serif; font-size: 12.800000190734863px; font-style: normal; font-variant: normal; font-weight: normal; letter-spacing: normal; line-height: normal; orphans: auto; text-align: start; text-indent: 0px; text-transform: none; white-space: normal; widows: auto; word-spacing: 0px; -webkit-text-size-adjust: auto; -webkit-text-stroke-width: 0px; background-color: #ffffff;\"><span style=\"font-family: Arial;\"><br \/>\n<\/span><\/p>\n<p class=\"MsoNormal\" style=\"margin: 0px; color: #222222; font-family: arial, sans-serif; font-size: 12.800000190734863px; font-style: normal; font-variant: normal; font-weight: normal; letter-spacing: normal; line-height: normal; orphans: auto; text-align: start; text-indent: 0px; text-transform: none; white-space: normal; widows: auto; word-spacing: 0px; -webkit-text-size-adjust: auto; -webkit-text-stroke-width: 0px; background-color: #ffffff;\"><strong><span style=\"font-family: Arial;\">Odgovornost Ujedinjenih naroda<\/span><\/strong><\/p>\n<p class=\"MsoNormal\" style=\"margin: 0px; color: #222222; font-family: arial, sans-serif; font-size: 12.800000190734863px; font-style: normal; font-variant: normal; font-weight: normal; letter-spacing: normal; line-height: normal; orphans: auto; text-align: start; text-indent: 0px; text-transform: none; white-space: normal; widows: auto; word-spacing: 0px; -webkit-text-size-adjust: auto; -webkit-text-stroke-width: 0px; background-color: #ffffff;\">\n<p style=\"color: #222222; font-family: arial, sans-serif; font-size: 12.800000190734863px; font-style: normal; font-variant: normal; font-weight: normal; letter-spacing: normal; line-height: normal; orphans: auto; text-align: start; text-indent: 0px; text-transform: none; white-space: normal; widows: auto; word-spacing: 0px; -webkit-text-size-adjust: auto; -webkit-text-stroke-width: 0px; background-color: #ffffff; margin: 0cm 0cm 0.0001pt;\"><span style=\"font-family: Arial;\">Gra\u0111ansku parnicu protiv Holandije pokrenuli su Hasan Nuhanovi\u0107, prevodilac kome su u Srebrenici ubijeni brat i otac, i porodica Rize Mustafi\u0107a,<span class=\"Apple-converted-space\"> <\/span><\/span><span style=\"font-family: Arial;\">elektri\u010dara u bazi koji je<\/span><span style=\"font-family: Arial;\">, tako\u0111e<\/span><span style=\"font-family: Arial;\">r, ubijen.<\/span><\/p>\n<p class=\"MsoNormal\" style=\"margin: 0px; color: #222222; font-family: arial, sans-serif; font-size: 12.800000190734863px; font-style: normal; font-variant: normal; font-weight: normal; letter-spacing: normal; line-height: normal; orphans: auto; text-align: start; text-indent: 0px; text-transform: none; white-space: normal; widows: auto; word-spacing: 0px; -webkit-text-size-adjust: auto; -webkit-text-stroke-width: 0px; background-color: #ffffff;\"><span style=\"font-family: Arial;\">Udru\u017eenj<\/span><span style=\"font-family: Arial;\">e Pokret &#8220;Majke enklave Srebrenica i \u017depa&#8221;<\/span><span style=\"font-family: Arial;\"><span class=\"Apple-converted-space\"> <\/span>podnijelo je u oktobru pro\u0161le godine Evropskom sudu za ljudska prava u Strasbourgu \u017ealbu na presudu Vrhovnog suda Holandije, koji je u aprilu odlu\u010dio da UN ima imunitet od sudskog gonjenja i da se ni na jednom sudu ne mo\u017ee dokazati odgovornost svjetske organizacije za genocid po\u010dinjen u Srebrenici 1995.<\/span><span style=\"font-family: Arial;\"><span class=\"Apple-converted-space\"> <\/span>godine.<\/span><\/p>\n<p class=\"MsoNormal\" style=\"margin: 0px; color: #222222; font-family: arial, sans-serif; font-size: 12.800000190734863px; font-style: normal; font-variant: normal; font-weight: normal; letter-spacing: normal; line-height: normal; orphans: auto; text-align: start; text-indent: 0px; text-transform: none; white-space: normal; widows: auto; word-spacing: 0px; -webkit-text-size-adjust: auto; -webkit-text-stroke-width: 0px; background-color: #ffffff;\">\n<p class=\"MsoNormal\" style=\"margin: 0px; color: #222222; font-family: arial, sans-serif; font-size: 12.800000190734863px; font-style: normal; font-variant: normal; font-weight: normal; letter-spacing: normal; line-height: normal; orphans: auto; text-align: start; text-indent: 0px; text-transform: none; white-space: normal; widows: auto; word-spacing: 0px; -webkit-text-size-adjust: auto; -webkit-text-stroke-width: 0px; background-color: #ffffff;\"><span style=\"font-family: Arial;\">(Sand\u017eakPress)<br \/>\n<\/span><\/p>\n","protected":false},"excerpt":{"rendered":"<p>Holandija, BIH &#8211; Majke Srebrenice najavile su da \u0107e uputiti pismo holandskoj kraljici Beatriks povodom uloge njene dr\u017eave u Srebrenici Majke Srebrenice i pre\u017eivjele \u017ertve genocida u tom gradu ogor\u010dene su odlukom Vrhovnog suda u Holandiji koji je naredio Ministarstvu odbrane te zemlje da isplati od\u0161tetu jednom od vojnika koji ima posttraumatski sindrom nakon \u0161to [&hellip;]<\/p>\n","protected":false},"author":33,"featured_media":71027,"comment_status":"open","ping_status":"open","sticky":false,"template":"","format":"standard","meta":{"footnotes":""},"categories":[800,2860,9545],"tags":[],"class_list":{"0":"post-71026","1":"post","2":"type-post","3":"status-publish","4":"format-standard","5":"has-post-thumbnail","7":"category-nacija","8":"category-bosna-i-hercegovina-gradovi","9":"category-holandija-dijaspora-gradovi-vase-vijesti"},"yoast_head":"<!-- This site is optimized with the Yoast SEO Premium plugin v23.1 (Yoast SEO v24.9) - https:\/\/yoast.com\/wordpress\/plugins\/seo\/ -->\n<title>Majke Srebrenice: Holandija nagra\u0111uje odgovorne za genocid<\/title>\n<meta name=\"robots\" content=\"index, follow, max-snippet:-1, max-image-preview:large, max-video-preview:-1\" \/>\n<link rel=\"canonical\" href=\"https:\/\/sandzakpress.net\/arhiva\/majke-srebrenice-holandija-nagraduje-odgovorne-za-genocid\/\" \/>\n<meta property=\"og:locale\" content=\"bs_BA\" \/>\n<meta property=\"og:type\" content=\"article\" \/>\n<meta property=\"og:title\" content=\"Majke Srebrenice: Holandija nagra\u0111uje odgovorne za genocid\" \/>\n<meta property=\"og:description\" content=\"Holandija, BIH &#8211; Majke Srebrenice najavile su da \u0107e uputiti pismo holandskoj kraljici Beatriks povodom uloge njene dr\u017eave u Srebrenici Majke Srebrenice i pre\u017eivjele \u017ertve genocida u tom gradu ogor\u010dene su odlukom Vrhovnog suda u Holandiji koji je naredio Ministarstvu odbrane te zemlje da isplati od\u0161tetu jednom od vojnika koji ima posttraumatski sindrom nakon \u0161to [&hellip;]\" \/>\n<meta property=\"og:url\" content=\"https:\/\/sandzakpress.net\/arhiva\/majke-srebrenice-holandija-nagraduje-odgovorne-za-genocid\/\" \/>\n<meta property=\"og:site_name\" content=\"Sand\u017eak PRESS\" \/>\n<meta property=\"article:published_time\" content=\"2013-03-26T18:01:07+00:00\" \/>\n<meta property=\"og:image\" content=\"https:\/\/sandzakpress.net\/arhiva\/wp-content\/uploads\/2013\/03\/Hatidza_Mehmedovic_i_Munira_Subasic33.jpg\" \/>\n\t<meta property=\"og:image:width\" content=\"377\" \/>\n\t<meta property=\"og:image:height\" content=\"218\" \/>\n\t<meta property=\"og:image:type\" content=\"image\/jpeg\" \/>\n<meta name=\"twitter:card\" content=\"summary_large_image\" \/>\n<meta name=\"twitter:label1\" content=\"Written by\" \/>\n\t<meta name=\"twitter:data1\" content=\"\" \/>\n\t<meta name=\"twitter:label2\" content=\"Est. reading time\" \/>\n\t<meta name=\"twitter:data2\" content=\"5 minuta\" \/>\n<script type=\"application\/ld+json\" class=\"yoast-schema-graph\">{\"@context\":\"https:\/\/schema.org\",\"@graph\":[{\"@type\":\"Article\",\"@id\":\"https:\/\/sandzakpress.net\/arhiva\/majke-srebrenice-holandija-nagraduje-odgovorne-za-genocid\/#article\",\"isPartOf\":{\"@id\":\"https:\/\/sandzakpress.net\/arhiva\/majke-srebrenice-holandija-nagraduje-odgovorne-za-genocid\/\"},\"author\":{\"name\":\"\",\"@id\":\"\"},\"headline\":\"Majke Srebrenice: Holandija nagra\u0111uje odgovorne za genocid\",\"datePublished\":\"2013-03-26T18:01:07+00:00\",\"mainEntityOfPage\":{\"@id\":\"https:\/\/sandzakpress.net\/arhiva\/majke-srebrenice-holandija-nagraduje-odgovorne-za-genocid\/\"},\"wordCount\":929,\"commentCount\":0,\"publisher\":{\"@id\":\"https:\/\/sandzakpress.net\/arhiva\/#\/schema\/person\/6e72b67d6e51910a1117b3b483ba20bd\"},\"image\":{\"@id\":\"https:\/\/sandzakpress.net\/arhiva\/majke-srebrenice-holandija-nagraduje-odgovorne-za-genocid\/#primaryimage\"},\"thumbnailUrl\":\"https:\/\/sandzakpress.net\/arhiva\/wp-content\/uploads\/2013\/03\/Hatidza_Mehmedovic_i_Munira_Subasic33.jpg\",\"articleSection\":[\"Nacija\",\"Bosna i Hercegovina\",\"Holandija\"],\"inLanguage\":\"bs-BA\",\"potentialAction\":[{\"@type\":\"CommentAction\",\"name\":\"Comment\",\"target\":[\"https:\/\/sandzakpress.net\/arhiva\/majke-srebrenice-holandija-nagraduje-odgovorne-za-genocid\/#respond\"]}]},{\"@type\":\"WebPage\",\"@id\":\"https:\/\/sandzakpress.net\/arhiva\/majke-srebrenice-holandija-nagraduje-odgovorne-za-genocid\/\",\"url\":\"https:\/\/sandzakpress.net\/arhiva\/majke-srebrenice-holandija-nagraduje-odgovorne-za-genocid\/\",\"name\":\"Majke Srebrenice: Holandija nagra\u0111uje odgovorne za genocid\",\"isPartOf\":{\"@id\":\"https:\/\/sandzakpress.net\/arhiva\/#website\"},\"primaryImageOfPage\":{\"@id\":\"https:\/\/sandzakpress.net\/arhiva\/majke-srebrenice-holandija-nagraduje-odgovorne-za-genocid\/#primaryimage\"},\"image\":{\"@id\":\"https:\/\/sandzakpress.net\/arhiva\/majke-srebrenice-holandija-nagraduje-odgovorne-za-genocid\/#primaryimage\"},\"thumbnailUrl\":\"https:\/\/sandzakpress.net\/arhiva\/wp-content\/uploads\/2013\/03\/Hatidza_Mehmedovic_i_Munira_Subasic33.jpg\",\"datePublished\":\"2013-03-26T18:01:07+00:00\",\"breadcrumb\":{\"@id\":\"https:\/\/sandzakpress.net\/arhiva\/majke-srebrenice-holandija-nagraduje-odgovorne-za-genocid\/#breadcrumb\"},\"inLanguage\":\"bs-BA\",\"potentialAction\":[{\"@type\":\"ReadAction\",\"target\":[\"https:\/\/sandzakpress.net\/arhiva\/majke-srebrenice-holandija-nagraduje-odgovorne-za-genocid\/\"]}]},{\"@type\":\"ImageObject\",\"inLanguage\":\"bs-BA\",\"@id\":\"https:\/\/sandzakpress.net\/arhiva\/majke-srebrenice-holandija-nagraduje-odgovorne-za-genocid\/#primaryimage\",\"url\":\"https:\/\/sandzakpress.net\/arhiva\/wp-content\/uploads\/2013\/03\/Hatidza_Mehmedovic_i_Munira_Subasic33.jpg\",\"contentUrl\":\"https:\/\/sandzakpress.net\/arhiva\/wp-content\/uploads\/2013\/03\/Hatidza_Mehmedovic_i_Munira_Subasic33.jpg\",\"width\":377,\"height\":218},{\"@type\":\"BreadcrumbList\",\"@id\":\"https:\/\/sandzakpress.net\/arhiva\/majke-srebrenice-holandija-nagraduje-odgovorne-za-genocid\/#breadcrumb\",\"itemListElement\":[{\"@type\":\"ListItem\",\"position\":1,\"name\":\"Home\",\"item\":\"https:\/\/sandzakpress.net\/arhiva\/\"},{\"@type\":\"ListItem\",\"position\":2,\"name\":\"Majke Srebrenice: Holandija nagra\u0111uje odgovorne za genocid\"}]},{\"@type\":\"WebSite\",\"@id\":\"https:\/\/sandzakpress.net\/arhiva\/#website\",\"url\":\"https:\/\/sandzakpress.net\/arhiva\/\",\"name\":\"Sand\u017eak PRESS\",\"description\":\"Prve elektronske novine u Sand\u017eaku\",\"publisher\":{\"@id\":\"https:\/\/sandzakpress.net\/arhiva\/#\/schema\/person\/6e72b67d6e51910a1117b3b483ba20bd\"},\"potentialAction\":[{\"@type\":\"SearchAction\",\"target\":{\"@type\":\"EntryPoint\",\"urlTemplate\":\"https:\/\/sandzakpress.net\/arhiva\/?s={search_term_string}\"},\"query-input\":{\"@type\":\"PropertyValueSpecification\",\"valueRequired\":true,\"valueName\":\"search_term_string\"}}],\"inLanguage\":\"bs-BA\"},{\"@type\":[\"Person\",\"Organization\"],\"@id\":\"https:\/\/sandzakpress.net\/arhiva\/#\/schema\/person\/6e72b67d6e51910a1117b3b483ba20bd\",\"name\":\"Kul\",\"image\":{\"@type\":\"ImageObject\",\"inLanguage\":\"bs-BA\",\"@id\":\"https:\/\/sandzakpress.net\/arhiva\/#\/schema\/person\/image\/\",\"url\":\"https:\/\/secure.gravatar.com\/avatar\/42263f39aa27ac04c43cab85c280eb2e?s=96&d=mm&r=pg\",\"contentUrl\":\"https:\/\/secure.gravatar.com\/avatar\/42263f39aa27ac04c43cab85c280eb2e?s=96&d=mm&r=pg\",\"caption\":\"Kul\"},\"logo\":{\"@id\":\"https:\/\/sandzakpress.net\/arhiva\/#\/schema\/person\/image\/\"}},{\"@type\":\"Person\",\"@id\":\"\",\"url\":\"https:\/\/sandzakpress.net\/arhiva\/author\/\"}]}<\/script>\n<!-- \/ Yoast SEO Premium plugin. -->","yoast_head_json":{"title":"Majke Srebrenice: Holandija nagra\u0111uje odgovorne za genocid","robots":{"index":"index","follow":"follow","max-snippet":"max-snippet:-1","max-image-preview":"max-image-preview:large","max-video-preview":"max-video-preview:-1"},"canonical":"https:\/\/sandzakpress.net\/arhiva\/majke-srebrenice-holandija-nagraduje-odgovorne-za-genocid\/","og_locale":"bs_BA","og_type":"article","og_title":"Majke Srebrenice: Holandija nagra\u0111uje odgovorne za genocid","og_description":"Holandija, BIH &#8211; Majke Srebrenice najavile su da \u0107e uputiti pismo holandskoj kraljici Beatriks povodom uloge njene dr\u017eave u Srebrenici Majke Srebrenice i pre\u017eivjele \u017ertve genocida u tom gradu ogor\u010dene su odlukom Vrhovnog suda u Holandiji koji je naredio Ministarstvu odbrane te zemlje da isplati od\u0161tetu jednom od vojnika koji ima posttraumatski sindrom nakon \u0161to [&hellip;]","og_url":"https:\/\/sandzakpress.net\/arhiva\/majke-srebrenice-holandija-nagraduje-odgovorne-za-genocid\/","og_site_name":"Sand\u017eak PRESS","article_published_time":"2013-03-26T18:01:07+00:00","og_image":[{"width":377,"height":218,"url":"https:\/\/sandzakpress.net\/arhiva\/wp-content\/uploads\/2013\/03\/Hatidza_Mehmedovic_i_Munira_Subasic33.jpg","type":"image\/jpeg"}],"twitter_card":"summary_large_image","twitter_misc":{"Written by":"","Est. reading time":"5 minuta"},"schema":{"@context":"https:\/\/schema.org","@graph":[{"@type":"Article","@id":"https:\/\/sandzakpress.net\/arhiva\/majke-srebrenice-holandija-nagraduje-odgovorne-za-genocid\/#article","isPartOf":{"@id":"https:\/\/sandzakpress.net\/arhiva\/majke-srebrenice-holandija-nagraduje-odgovorne-za-genocid\/"},"author":{"name":"","@id":""},"headline":"Majke Srebrenice: Holandija nagra\u0111uje odgovorne za genocid","datePublished":"2013-03-26T18:01:07+00:00","mainEntityOfPage":{"@id":"https:\/\/sandzakpress.net\/arhiva\/majke-srebrenice-holandija-nagraduje-odgovorne-za-genocid\/"},"wordCount":929,"commentCount":0,"publisher":{"@id":"https:\/\/sandzakpress.net\/arhiva\/#\/schema\/person\/6e72b67d6e51910a1117b3b483ba20bd"},"image":{"@id":"https:\/\/sandzakpress.net\/arhiva\/majke-srebrenice-holandija-nagraduje-odgovorne-za-genocid\/#primaryimage"},"thumbnailUrl":"https:\/\/sandzakpress.net\/arhiva\/wp-content\/uploads\/2013\/03\/Hatidza_Mehmedovic_i_Munira_Subasic33.jpg","articleSection":["Nacija","Bosna i Hercegovina","Holandija"],"inLanguage":"bs-BA","potentialAction":[{"@type":"CommentAction","name":"Comment","target":["https:\/\/sandzakpress.net\/arhiva\/majke-srebrenice-holandija-nagraduje-odgovorne-za-genocid\/#respond"]}]},{"@type":"WebPage","@id":"https:\/\/sandzakpress.net\/arhiva\/majke-srebrenice-holandija-nagraduje-odgovorne-za-genocid\/","url":"https:\/\/sandzakpress.net\/arhiva\/majke-srebrenice-holandija-nagraduje-odgovorne-za-genocid\/","name":"Majke Srebrenice: Holandija nagra\u0111uje odgovorne za genocid","isPartOf":{"@id":"https:\/\/sandzakpress.net\/arhiva\/#website"},"primaryImageOfPage":{"@id":"https:\/\/sandzakpress.net\/arhiva\/majke-srebrenice-holandija-nagraduje-odgovorne-za-genocid\/#primaryimage"},"image":{"@id":"https:\/\/sandzakpress.net\/arhiva\/majke-srebrenice-holandija-nagraduje-odgovorne-za-genocid\/#primaryimage"},"thumbnailUrl":"https:\/\/sandzakpress.net\/arhiva\/wp-content\/uploads\/2013\/03\/Hatidza_Mehmedovic_i_Munira_Subasic33.jpg","datePublished":"2013-03-26T18:01:07+00:00","breadcrumb":{"@id":"https:\/\/sandzakpress.net\/arhiva\/majke-srebrenice-holandija-nagraduje-odgovorne-za-genocid\/#breadcrumb"},"inLanguage":"bs-BA","potentialAction":[{"@type":"ReadAction","target":["https:\/\/sandzakpress.net\/arhiva\/majke-srebrenice-holandija-nagraduje-odgovorne-za-genocid\/"]}]},{"@type":"ImageObject","inLanguage":"bs-BA","@id":"https:\/\/sandzakpress.net\/arhiva\/majke-srebrenice-holandija-nagraduje-odgovorne-za-genocid\/#primaryimage","url":"https:\/\/sandzakpress.net\/arhiva\/wp-content\/uploads\/2013\/03\/Hatidza_Mehmedovic_i_Munira_Subasic33.jpg","contentUrl":"https:\/\/sandzakpress.net\/arhiva\/wp-content\/uploads\/2013\/03\/Hatidza_Mehmedovic_i_Munira_Subasic33.jpg","width":377,"height":218},{"@type":"BreadcrumbList","@id":"https:\/\/sandzakpress.net\/arhiva\/majke-srebrenice-holandija-nagraduje-odgovorne-za-genocid\/#breadcrumb","itemListElement":[{"@type":"ListItem","position":1,"name":"Home","item":"https:\/\/sandzakpress.net\/arhiva\/"},{"@type":"ListItem","position":2,"name":"Majke Srebrenice: Holandija nagra\u0111uje odgovorne za genocid"}]},{"@type":"WebSite","@id":"https:\/\/sandzakpress.net\/arhiva\/#website","url":"https:\/\/sandzakpress.net\/arhiva\/","name":"Sand\u017eak PRESS","description":"Prve elektronske novine u Sand\u017eaku","publisher":{"@id":"https:\/\/sandzakpress.net\/arhiva\/#\/schema\/person\/6e72b67d6e51910a1117b3b483ba20bd"},"potentialAction":[{"@type":"SearchAction","target":{"@type":"EntryPoint","urlTemplate":"https:\/\/sandzakpress.net\/arhiva\/?s={search_term_string}"},"query-input":{"@type":"PropertyValueSpecification","valueRequired":true,"valueName":"search_term_string"}}],"inLanguage":"bs-BA"},{"@type":["Person","Organization"],"@id":"https:\/\/sandzakpress.net\/arhiva\/#\/schema\/person\/6e72b67d6e51910a1117b3b483ba20bd","name":"Kul","image":{"@type":"ImageObject","inLanguage":"bs-BA","@id":"https:\/\/sandzakpress.net\/arhiva\/#\/schema\/person\/image\/","url":"https:\/\/secure.gravatar.com\/avatar\/42263f39aa27ac04c43cab85c280eb2e?s=96&d=mm&r=pg","contentUrl":"https:\/\/secure.gravatar.com\/avatar\/42263f39aa27ac04c43cab85c280eb2e?s=96&d=mm&r=pg","caption":"Kul"},"logo":{"@id":"https:\/\/sandzakpress.net\/arhiva\/#\/schema\/person\/image\/"}},{"@type":"Person","@id":"","url":"https:\/\/sandzakpress.net\/arhiva\/author\/"}]}},"_links":{"self":[{"href":"https:\/\/sandzakpress.net\/arhiva\/wp-json\/wp\/v2\/posts\/71026"}],"collection":[{"href":"https:\/\/sandzakpress.net\/arhiva\/wp-json\/wp\/v2\/posts"}],"about":[{"href":"https:\/\/sandzakpress.net\/arhiva\/wp-json\/wp\/v2\/types\/post"}],"author":[{"embeddable":true,"href":"https:\/\/sandzakpress.net\/arhiva\/wp-json\/wp\/v2\/users\/33"}],"replies":[{"embeddable":true,"href":"https:\/\/sandzakpress.net\/arhiva\/wp-json\/wp\/v2\/comments?post=71026"}],"version-history":[{"count":0,"href":"https:\/\/sandzakpress.net\/arhiva\/wp-json\/wp\/v2\/posts\/71026\/revisions"}],"wp:featuredmedia":[{"embeddable":true,"href":"https:\/\/sandzakpress.net\/arhiva\/wp-json\/wp\/v2\/media\/71027"}],"wp:attachment":[{"href":"https:\/\/sandzakpress.net\/arhiva\/wp-json\/wp\/v2\/media?parent=71026"}],"wp:term":[{"taxonomy":"category","embeddable":true,"href":"https:\/\/sandzakpress.net\/arhiva\/wp-json\/wp\/v2\/categories?post=71026"},{"taxonomy":"post_tag","embeddable":true,"href":"https:\/\/sandzakpress.net\/arhiva\/wp-json\/wp\/v2\/tags?post=71026"}],"curies":[{"name":"wp","href":"https:\/\/api.w.org\/{rel}","templated":true}]}}