{"id":70976,"date":"2013-03-26T10:30:54","date_gmt":"2013-03-26T09:30:54","guid":{"rendered":"https:\/\/sandzakpress.net\/arhiva\/?p=70976"},"modified":"2013-03-26T16:12:10","modified_gmt":"2013-03-26T15:12:10","slug":"edukacijom-i-ibadetom-do-preporoda-bosnjacke-zajednice-u-luksemburgu","status":"publish","type":"post","link":"https:\/\/sandzakpress.net\/arhiva\/edukacijom-i-ibadetom-do-preporoda-bosnjacke-zajednice-u-luksemburgu\/","title":{"rendered":"Edukacijom i ibadetom do preporoda bo\u0161nja\u010dke zajednice u Luksemburgu"},"content":{"rendered":"<p><strong><a href=\"https:\/\/sandzakpress.net\/arhiva\/wp-content\/uploads\/2013\/03\/muftijaluk.jpg\"><img loading=\"lazy\" decoding=\"async\" class=\"alignleft size-medium wp-image-70977\" title=\"muftijaluk\" src=\"https:\/\/sandzakpress.net\/arhiva\/wp-content\/uploads\/2013\/03\/muftijaluk-300x174.jpg\" alt=\"\" width=\"300\" height=\"174\" \/><\/a>Luksemburg &#8211; U subotu (26\/03), iz luksembur\u0161kog grada Escha, uputiti \u0107e se autobus ka Briselskom aerodromu.<\/strong><\/p>\n<p>Njegovi putnici, njih 50-ak, prete\u017eno su mladi Bo\u0161njaci i Bo\u0161njakinje, ve\u0107inom bra\u010dni parovi, koji su nanijetili obavljanje umre.<\/p>\n<p>Predvi\u0111eno je da istog dana pomenuta hairli skupina stigne u sveti muslimanski grad Medinu, gdje \u0107e se zadr\u017eati oko 5 dana, da bi preostalih 7 dana proveli u gradu Meki, u okrilju Drevnog hrama i predivne Kabe.<\/p>\n<div>\n<p>Za vodi\u010da i \u0161erijatskog savjetnika je odre\u0111en Mithad ef. \u0106eman iz Sarajeva, svr\u0161enik Medinskog univerziteta, koji je godinama \u017eiveo u Gradu Allahovog Poslanika, a.s., Medini, te je za to vrijeme mnogo puta obavio had\u017e i umru, i tako stekao nemalo iskustvo koje \u0107e sigurni smo na najbolji na\u010din prenijeti na luksembur\u0161ke umra\u0161e.<\/p>\n<p>Boravak Mithada ef. \u0106emana u Luksemburgu je iskori\u0161ten vrlo racionalno, tako da je u toku sedmice koja je prethodila odlasku na put, odr\u017eao predavanje u d\u017eamiji u Eschu (AIC SUD) na temu \u201cNa licima su im tragovi\u201d, zatim u d\u017eematu na Bonnevoie (AIL) na temu \u201cKlonulosti \u2013 pojava, uzroci i lije\u010denje\u201d, te tako\u0111er u d\u017eematu blizu glavne \u017eeljezni\u010dke stanice u Luksemburgu (CIL) na temu \u201cOdgoj du\u0161e\u201d. Predavanja su bila vrlo posje\u0107ena, a nakon predavanja se u svim pomenutim d\u017eematima promovirala knjiga u izdava\u0161tvu d\u017eemata AIC SUD iz Escha, \u201cPrincipi o\u010duvanja jedinstva islamskog saffa\u201d, ali i knjiga u izdava\u0161tvu Unije mladih aktivista (UMA) \u2013 \u201cStrasti i njihov utjecaj na razila\u017eenje\u201d. Hutbu i d\u017eumu namaz je predvodio u d\u017eematu na Bonnovoie (AIL).<\/p>\n<p>Zna\u010dajno je ista\u0107i da su svi zainteresirani putnici tako\u0111er pro\u0161li kroz kratak kurs o propisima obavljanja umre, kako bi u potpunosti bili spremni za propisno obavljenje tog uzvi\u0161enog ibadeta.<\/p>\n<p>D\u017eematima doma\u0107inima pomenutih predavanjima \u010destitamo na dokazanim kapacitetima koordiniranog djelovanja i organiziranja, a na\u0161im mladim putnicima \u017eelimo hairli put i kabul umru.<\/p>\n<p>Na kraju, \u017eelimo naglasiti da poseban ugo\u0111aj budu\u0107im umra\u0161ima pri\u010dinjava to \u0161to im im je hairli put po\u017eelio li\u010dno Glavni muftija Islamske zajednice u Srbiji, Muamer ef. Zukorli\u0107.<\/p>\n<p>(Bosnjak-KS)<\/p>\n<\/div>\n<div><strong><br \/>\n<\/strong><\/div>\n","protected":false},"excerpt":{"rendered":"<p>Luksemburg &#8211; U subotu (26\/03), iz luksembur\u0161kog grada Escha, uputiti \u0107e se autobus ka Briselskom aerodromu. Njegovi putnici, njih 50-ak, prete\u017eno su mladi Bo\u0161njaci i Bo\u0161njakinje, ve\u0107inom bra\u010dni parovi, koji su nanijetili obavljanje umre. Predvi\u0111eno je da istog dana pomenuta hairli skupina stigne u sveti muslimanski grad Medinu, gdje \u0107e se zadr\u017eati oko 5 dana, [&hellip;]<\/p>\n","protected":false},"author":16,"featured_media":70977,"comment_status":"open","ping_status":"open","sticky":false,"template":"","format":"standard","meta":{"footnotes":""},"categories":[802,9549,8957],"tags":[],"class_list":{"0":"post-70976","1":"post","2":"type-post","3":"status-publish","4":"format-standard","5":"has-post-thumbnail","7":"category-islamska_zajednica","8":"category-luxemburg","9":"category-vijesti-dana"},"yoast_head":"<!-- This site is optimized with the Yoast SEO Premium plugin v23.1 (Yoast SEO v24.9) - https:\/\/yoast.com\/wordpress\/plugins\/seo\/ -->\n<title>Edukacijom i ibadetom do preporoda bo\u0161nja\u010dke zajednice u Luksemburgu<\/title>\n<meta name=\"robots\" content=\"index, follow, max-snippet:-1, max-image-preview:large, max-video-preview:-1\" \/>\n<link rel=\"canonical\" href=\"https:\/\/sandzakpress.net\/arhiva\/edukacijom-i-ibadetom-do-preporoda-bosnjacke-zajednice-u-luksemburgu\/\" \/>\n<meta property=\"og:locale\" content=\"bs_BA\" \/>\n<meta property=\"og:type\" content=\"article\" \/>\n<meta property=\"og:title\" content=\"Edukacijom i ibadetom do preporoda bo\u0161nja\u010dke zajednice u Luksemburgu\" \/>\n<meta property=\"og:description\" content=\"Luksemburg &#8211; U subotu (26\/03), iz luksembur\u0161kog grada Escha, uputiti \u0107e se autobus ka Briselskom aerodromu. Njegovi putnici, njih 50-ak, prete\u017eno su mladi Bo\u0161njaci i Bo\u0161njakinje, ve\u0107inom bra\u010dni parovi, koji su nanijetili obavljanje umre. Predvi\u0111eno je da istog dana pomenuta hairli skupina stigne u sveti muslimanski grad Medinu, gdje \u0107e se zadr\u017eati oko 5 dana, [&hellip;]\" \/>\n<meta property=\"og:url\" content=\"https:\/\/sandzakpress.net\/arhiva\/edukacijom-i-ibadetom-do-preporoda-bosnjacke-zajednice-u-luksemburgu\/\" \/>\n<meta property=\"og:site_name\" content=\"Sand\u017eak PRESS\" \/>\n<meta property=\"article:published_time\" content=\"2013-03-26T09:30:54+00:00\" \/>\n<meta property=\"article:modified_time\" content=\"2013-03-26T15:12:10+00:00\" \/>\n<meta property=\"og:image\" content=\"https:\/\/sandzakpress.net\/arhiva\/wp-content\/uploads\/2013\/03\/muftijaluk.jpg\" \/>\n\t<meta property=\"og:image:width\" content=\"608\" \/>\n\t<meta property=\"og:image:height\" content=\"354\" \/>\n\t<meta property=\"og:image:type\" content=\"image\/jpeg\" \/>\n<meta name=\"twitter:card\" content=\"summary_large_image\" \/>\n<meta name=\"twitter:label1\" content=\"Written by\" \/>\n\t<meta name=\"twitter:data1\" content=\"\" \/>\n\t<meta name=\"twitter:label2\" content=\"Est. reading time\" \/>\n\t<meta name=\"twitter:data2\" content=\"2 minute\" \/>\n<script type=\"application\/ld+json\" class=\"yoast-schema-graph\">{\"@context\":\"https:\/\/schema.org\",\"@graph\":[{\"@type\":\"Article\",\"@id\":\"https:\/\/sandzakpress.net\/arhiva\/edukacijom-i-ibadetom-do-preporoda-bosnjacke-zajednice-u-luksemburgu\/#article\",\"isPartOf\":{\"@id\":\"https:\/\/sandzakpress.net\/arhiva\/edukacijom-i-ibadetom-do-preporoda-bosnjacke-zajednice-u-luksemburgu\/\"},\"author\":{\"name\":\"\",\"@id\":\"\"},\"headline\":\"Edukacijom i ibadetom do preporoda bo\u0161nja\u010dke zajednice u Luksemburgu\",\"datePublished\":\"2013-03-26T09:30:54+00:00\",\"dateModified\":\"2013-03-26T15:12:10+00:00\",\"mainEntityOfPage\":{\"@id\":\"https:\/\/sandzakpress.net\/arhiva\/edukacijom-i-ibadetom-do-preporoda-bosnjacke-zajednice-u-luksemburgu\/\"},\"wordCount\":376,\"commentCount\":0,\"publisher\":{\"@id\":\"https:\/\/sandzakpress.net\/arhiva\/#\/schema\/person\/6e72b67d6e51910a1117b3b483ba20bd\"},\"image\":{\"@id\":\"https:\/\/sandzakpress.net\/arhiva\/edukacijom-i-ibadetom-do-preporoda-bosnjacke-zajednice-u-luksemburgu\/#primaryimage\"},\"thumbnailUrl\":\"https:\/\/sandzakpress.net\/arhiva\/wp-content\/uploads\/2013\/03\/muftijaluk.jpg\",\"articleSection\":[\"Islamska zajednica\",\"Luksemburg\",\"VIJESTI DANA\"],\"inLanguage\":\"bs-BA\",\"potentialAction\":[{\"@type\":\"CommentAction\",\"name\":\"Comment\",\"target\":[\"https:\/\/sandzakpress.net\/arhiva\/edukacijom-i-ibadetom-do-preporoda-bosnjacke-zajednice-u-luksemburgu\/#respond\"]}]},{\"@type\":\"WebPage\",\"@id\":\"https:\/\/sandzakpress.net\/arhiva\/edukacijom-i-ibadetom-do-preporoda-bosnjacke-zajednice-u-luksemburgu\/\",\"url\":\"https:\/\/sandzakpress.net\/arhiva\/edukacijom-i-ibadetom-do-preporoda-bosnjacke-zajednice-u-luksemburgu\/\",\"name\":\"Edukacijom i ibadetom do preporoda bo\u0161nja\u010dke zajednice u Luksemburgu\",\"isPartOf\":{\"@id\":\"https:\/\/sandzakpress.net\/arhiva\/#website\"},\"primaryImageOfPage\":{\"@id\":\"https:\/\/sandzakpress.net\/arhiva\/edukacijom-i-ibadetom-do-preporoda-bosnjacke-zajednice-u-luksemburgu\/#primaryimage\"},\"image\":{\"@id\":\"https:\/\/sandzakpress.net\/arhiva\/edukacijom-i-ibadetom-do-preporoda-bosnjacke-zajednice-u-luksemburgu\/#primaryimage\"},\"thumbnailUrl\":\"https:\/\/sandzakpress.net\/arhiva\/wp-content\/uploads\/2013\/03\/muftijaluk.jpg\",\"datePublished\":\"2013-03-26T09:30:54+00:00\",\"dateModified\":\"2013-03-26T15:12:10+00:00\",\"breadcrumb\":{\"@id\":\"https:\/\/sandzakpress.net\/arhiva\/edukacijom-i-ibadetom-do-preporoda-bosnjacke-zajednice-u-luksemburgu\/#breadcrumb\"},\"inLanguage\":\"bs-BA\",\"potentialAction\":[{\"@type\":\"ReadAction\",\"target\":[\"https:\/\/sandzakpress.net\/arhiva\/edukacijom-i-ibadetom-do-preporoda-bosnjacke-zajednice-u-luksemburgu\/\"]}]},{\"@type\":\"ImageObject\",\"inLanguage\":\"bs-BA\",\"@id\":\"https:\/\/sandzakpress.net\/arhiva\/edukacijom-i-ibadetom-do-preporoda-bosnjacke-zajednice-u-luksemburgu\/#primaryimage\",\"url\":\"https:\/\/sandzakpress.net\/arhiva\/wp-content\/uploads\/2013\/03\/muftijaluk.jpg\",\"contentUrl\":\"https:\/\/sandzakpress.net\/arhiva\/wp-content\/uploads\/2013\/03\/muftijaluk.jpg\",\"width\":608,\"height\":354},{\"@type\":\"BreadcrumbList\",\"@id\":\"https:\/\/sandzakpress.net\/arhiva\/edukacijom-i-ibadetom-do-preporoda-bosnjacke-zajednice-u-luksemburgu\/#breadcrumb\",\"itemListElement\":[{\"@type\":\"ListItem\",\"position\":1,\"name\":\"Home\",\"item\":\"https:\/\/sandzakpress.net\/arhiva\/\"},{\"@type\":\"ListItem\",\"position\":2,\"name\":\"Edukacijom i ibadetom do preporoda bo\u0161nja\u010dke zajednice u Luksemburgu\"}]},{\"@type\":\"WebSite\",\"@id\":\"https:\/\/sandzakpress.net\/arhiva\/#website\",\"url\":\"https:\/\/sandzakpress.net\/arhiva\/\",\"name\":\"Sand\u017eak PRESS\",\"description\":\"Prve elektronske novine u Sand\u017eaku\",\"publisher\":{\"@id\":\"https:\/\/sandzakpress.net\/arhiva\/#\/schema\/person\/6e72b67d6e51910a1117b3b483ba20bd\"},\"potentialAction\":[{\"@type\":\"SearchAction\",\"target\":{\"@type\":\"EntryPoint\",\"urlTemplate\":\"https:\/\/sandzakpress.net\/arhiva\/?s={search_term_string}\"},\"query-input\":{\"@type\":\"PropertyValueSpecification\",\"valueRequired\":true,\"valueName\":\"search_term_string\"}}],\"inLanguage\":\"bs-BA\"},{\"@type\":[\"Person\",\"Organization\"],\"@id\":\"https:\/\/sandzakpress.net\/arhiva\/#\/schema\/person\/6e72b67d6e51910a1117b3b483ba20bd\",\"name\":\"Kul\",\"image\":{\"@type\":\"ImageObject\",\"inLanguage\":\"bs-BA\",\"@id\":\"https:\/\/sandzakpress.net\/arhiva\/#\/schema\/person\/image\/\",\"url\":\"https:\/\/secure.gravatar.com\/avatar\/42263f39aa27ac04c43cab85c280eb2e?s=96&d=mm&r=pg\",\"contentUrl\":\"https:\/\/secure.gravatar.com\/avatar\/42263f39aa27ac04c43cab85c280eb2e?s=96&d=mm&r=pg\",\"caption\":\"Kul\"},\"logo\":{\"@id\":\"https:\/\/sandzakpress.net\/arhiva\/#\/schema\/person\/image\/\"}},{\"@type\":\"Person\",\"@id\":\"\",\"url\":\"https:\/\/sandzakpress.net\/arhiva\/author\/\"}]}<\/script>\n<!-- \/ Yoast SEO Premium plugin. -->","yoast_head_json":{"title":"Edukacijom i ibadetom do preporoda bo\u0161nja\u010dke zajednice u Luksemburgu","robots":{"index":"index","follow":"follow","max-snippet":"max-snippet:-1","max-image-preview":"max-image-preview:large","max-video-preview":"max-video-preview:-1"},"canonical":"https:\/\/sandzakpress.net\/arhiva\/edukacijom-i-ibadetom-do-preporoda-bosnjacke-zajednice-u-luksemburgu\/","og_locale":"bs_BA","og_type":"article","og_title":"Edukacijom i ibadetom do preporoda bo\u0161nja\u010dke zajednice u Luksemburgu","og_description":"Luksemburg &#8211; U subotu (26\/03), iz luksembur\u0161kog grada Escha, uputiti \u0107e se autobus ka Briselskom aerodromu. Njegovi putnici, njih 50-ak, prete\u017eno su mladi Bo\u0161njaci i Bo\u0161njakinje, ve\u0107inom bra\u010dni parovi, koji su nanijetili obavljanje umre. Predvi\u0111eno je da istog dana pomenuta hairli skupina stigne u sveti muslimanski grad Medinu, gdje \u0107e se zadr\u017eati oko 5 dana, [&hellip;]","og_url":"https:\/\/sandzakpress.net\/arhiva\/edukacijom-i-ibadetom-do-preporoda-bosnjacke-zajednice-u-luksemburgu\/","og_site_name":"Sand\u017eak PRESS","article_published_time":"2013-03-26T09:30:54+00:00","article_modified_time":"2013-03-26T15:12:10+00:00","og_image":[{"width":608,"height":354,"url":"https:\/\/sandzakpress.net\/arhiva\/wp-content\/uploads\/2013\/03\/muftijaluk.jpg","type":"image\/jpeg"}],"twitter_card":"summary_large_image","twitter_misc":{"Written by":"","Est. reading time":"2 minute"},"schema":{"@context":"https:\/\/schema.org","@graph":[{"@type":"Article","@id":"https:\/\/sandzakpress.net\/arhiva\/edukacijom-i-ibadetom-do-preporoda-bosnjacke-zajednice-u-luksemburgu\/#article","isPartOf":{"@id":"https:\/\/sandzakpress.net\/arhiva\/edukacijom-i-ibadetom-do-preporoda-bosnjacke-zajednice-u-luksemburgu\/"},"author":{"name":"","@id":""},"headline":"Edukacijom i ibadetom do preporoda bo\u0161nja\u010dke zajednice u Luksemburgu","datePublished":"2013-03-26T09:30:54+00:00","dateModified":"2013-03-26T15:12:10+00:00","mainEntityOfPage":{"@id":"https:\/\/sandzakpress.net\/arhiva\/edukacijom-i-ibadetom-do-preporoda-bosnjacke-zajednice-u-luksemburgu\/"},"wordCount":376,"commentCount":0,"publisher":{"@id":"https:\/\/sandzakpress.net\/arhiva\/#\/schema\/person\/6e72b67d6e51910a1117b3b483ba20bd"},"image":{"@id":"https:\/\/sandzakpress.net\/arhiva\/edukacijom-i-ibadetom-do-preporoda-bosnjacke-zajednice-u-luksemburgu\/#primaryimage"},"thumbnailUrl":"https:\/\/sandzakpress.net\/arhiva\/wp-content\/uploads\/2013\/03\/muftijaluk.jpg","articleSection":["Islamska zajednica","Luksemburg","VIJESTI DANA"],"inLanguage":"bs-BA","potentialAction":[{"@type":"CommentAction","name":"Comment","target":["https:\/\/sandzakpress.net\/arhiva\/edukacijom-i-ibadetom-do-preporoda-bosnjacke-zajednice-u-luksemburgu\/#respond"]}]},{"@type":"WebPage","@id":"https:\/\/sandzakpress.net\/arhiva\/edukacijom-i-ibadetom-do-preporoda-bosnjacke-zajednice-u-luksemburgu\/","url":"https:\/\/sandzakpress.net\/arhiva\/edukacijom-i-ibadetom-do-preporoda-bosnjacke-zajednice-u-luksemburgu\/","name":"Edukacijom i ibadetom do preporoda bo\u0161nja\u010dke zajednice u Luksemburgu","isPartOf":{"@id":"https:\/\/sandzakpress.net\/arhiva\/#website"},"primaryImageOfPage":{"@id":"https:\/\/sandzakpress.net\/arhiva\/edukacijom-i-ibadetom-do-preporoda-bosnjacke-zajednice-u-luksemburgu\/#primaryimage"},"image":{"@id":"https:\/\/sandzakpress.net\/arhiva\/edukacijom-i-ibadetom-do-preporoda-bosnjacke-zajednice-u-luksemburgu\/#primaryimage"},"thumbnailUrl":"https:\/\/sandzakpress.net\/arhiva\/wp-content\/uploads\/2013\/03\/muftijaluk.jpg","datePublished":"2013-03-26T09:30:54+00:00","dateModified":"2013-03-26T15:12:10+00:00","breadcrumb":{"@id":"https:\/\/sandzakpress.net\/arhiva\/edukacijom-i-ibadetom-do-preporoda-bosnjacke-zajednice-u-luksemburgu\/#breadcrumb"},"inLanguage":"bs-BA","potentialAction":[{"@type":"ReadAction","target":["https:\/\/sandzakpress.net\/arhiva\/edukacijom-i-ibadetom-do-preporoda-bosnjacke-zajednice-u-luksemburgu\/"]}]},{"@type":"ImageObject","inLanguage":"bs-BA","@id":"https:\/\/sandzakpress.net\/arhiva\/edukacijom-i-ibadetom-do-preporoda-bosnjacke-zajednice-u-luksemburgu\/#primaryimage","url":"https:\/\/sandzakpress.net\/arhiva\/wp-content\/uploads\/2013\/03\/muftijaluk.jpg","contentUrl":"https:\/\/sandzakpress.net\/arhiva\/wp-content\/uploads\/2013\/03\/muftijaluk.jpg","width":608,"height":354},{"@type":"BreadcrumbList","@id":"https:\/\/sandzakpress.net\/arhiva\/edukacijom-i-ibadetom-do-preporoda-bosnjacke-zajednice-u-luksemburgu\/#breadcrumb","itemListElement":[{"@type":"ListItem","position":1,"name":"Home","item":"https:\/\/sandzakpress.net\/arhiva\/"},{"@type":"ListItem","position":2,"name":"Edukacijom i ibadetom do preporoda bo\u0161nja\u010dke zajednice u Luksemburgu"}]},{"@type":"WebSite","@id":"https:\/\/sandzakpress.net\/arhiva\/#website","url":"https:\/\/sandzakpress.net\/arhiva\/","name":"Sand\u017eak PRESS","description":"Prve elektronske novine u Sand\u017eaku","publisher":{"@id":"https:\/\/sandzakpress.net\/arhiva\/#\/schema\/person\/6e72b67d6e51910a1117b3b483ba20bd"},"potentialAction":[{"@type":"SearchAction","target":{"@type":"EntryPoint","urlTemplate":"https:\/\/sandzakpress.net\/arhiva\/?s={search_term_string}"},"query-input":{"@type":"PropertyValueSpecification","valueRequired":true,"valueName":"search_term_string"}}],"inLanguage":"bs-BA"},{"@type":["Person","Organization"],"@id":"https:\/\/sandzakpress.net\/arhiva\/#\/schema\/person\/6e72b67d6e51910a1117b3b483ba20bd","name":"Kul","image":{"@type":"ImageObject","inLanguage":"bs-BA","@id":"https:\/\/sandzakpress.net\/arhiva\/#\/schema\/person\/image\/","url":"https:\/\/secure.gravatar.com\/avatar\/42263f39aa27ac04c43cab85c280eb2e?s=96&d=mm&r=pg","contentUrl":"https:\/\/secure.gravatar.com\/avatar\/42263f39aa27ac04c43cab85c280eb2e?s=96&d=mm&r=pg","caption":"Kul"},"logo":{"@id":"https:\/\/sandzakpress.net\/arhiva\/#\/schema\/person\/image\/"}},{"@type":"Person","@id":"","url":"https:\/\/sandzakpress.net\/arhiva\/author\/"}]}},"_links":{"self":[{"href":"https:\/\/sandzakpress.net\/arhiva\/wp-json\/wp\/v2\/posts\/70976"}],"collection":[{"href":"https:\/\/sandzakpress.net\/arhiva\/wp-json\/wp\/v2\/posts"}],"about":[{"href":"https:\/\/sandzakpress.net\/arhiva\/wp-json\/wp\/v2\/types\/post"}],"author":[{"embeddable":true,"href":"https:\/\/sandzakpress.net\/arhiva\/wp-json\/wp\/v2\/users\/16"}],"replies":[{"embeddable":true,"href":"https:\/\/sandzakpress.net\/arhiva\/wp-json\/wp\/v2\/comments?post=70976"}],"version-history":[{"count":0,"href":"https:\/\/sandzakpress.net\/arhiva\/wp-json\/wp\/v2\/posts\/70976\/revisions"}],"wp:featuredmedia":[{"embeddable":true,"href":"https:\/\/sandzakpress.net\/arhiva\/wp-json\/wp\/v2\/media\/70977"}],"wp:attachment":[{"href":"https:\/\/sandzakpress.net\/arhiva\/wp-json\/wp\/v2\/media?parent=70976"}],"wp:term":[{"taxonomy":"category","embeddable":true,"href":"https:\/\/sandzakpress.net\/arhiva\/wp-json\/wp\/v2\/categories?post=70976"},{"taxonomy":"post_tag","embeddable":true,"href":"https:\/\/sandzakpress.net\/arhiva\/wp-json\/wp\/v2\/tags?post=70976"}],"curies":[{"name":"wp","href":"https:\/\/api.w.org\/{rel}","templated":true}]}}