{"id":7084,"date":"2010-08-27T16:50:54","date_gmt":"2010-08-27T16:50:54","guid":{"rendered":"https:\/\/sandzakpress.net\/arhiva\/?p=7084"},"modified":"2010-08-27T16:50:55","modified_gmt":"2010-08-27T16:50:55","slug":"treci-pokusaj-za-prvu-pobjedu-%e2%80%9cplavih%e2%80%99%e2%80%99","status":"publish","type":"post","link":"https:\/\/sandzakpress.net\/arhiva\/treci-pokusaj-za-prvu-pobjedu-%e2%80%9cplavih%e2%80%99%e2%80%99\/","title":{"rendered":"Tre\u0107i poku\u0161aj za prvu pobjedu \u201cplavih\u2019\u2019"},"content":{"rendered":"<p><strong><a href=\"https:\/\/sandzakpress.net\/arhiva\/wp-content\/uploads\/2010\/08\/4875324194b741c0b47750009036113_big.jpg\"><img loading=\"lazy\" decoding=\"async\" class=\"alignleft size-full wp-image-7085\" title=\"4875324194b741c0b47750009036113_big\" src=\"https:\/\/sandzakpress.net\/arhiva\/wp-content\/uploads\/2010\/08\/4875324194b741c0b47750009036113_big.jpg\" alt=\"\" width=\"246\" height=\"246\" srcset=\"https:\/\/sandzakpress.net\/arhiva\/wp-content\/uploads\/2010\/08\/4875324194b741c0b47750009036113_big.jpg 246w, https:\/\/sandzakpress.net\/arhiva\/wp-content\/uploads\/2010\/08\/4875324194b741c0b47750009036113_big-150x150.jpg 150w, https:\/\/sandzakpress.net\/arhiva\/wp-content\/uploads\/2010\/08\/4875324194b741c0b47750009036113_big-90x90.jpg 90w, https:\/\/sandzakpress.net\/arhiva\/wp-content\/uploads\/2010\/08\/4875324194b741c0b47750009036113_big-125x125.jpg 125w\" sizes=\"(max-width: 246px) 100vw, 246px\" \/><\/a>Novi Pazar &#8211; Fudbaleri Novog Pazara do\u010dekuju sutra kru\u0161eva\u010dki Napredak, u me\u010du tre\u0107eg kola Prve lige Srbije.<\/strong><\/p>\n<p>Ekipa Sa\u0161e \u0160trpca poku\u0161at \u0107e da ostvari prvu prvenstvenu pobjedu protiv pro\u0161logodi\u0161njeg superliga\u0161a koji je porazima otvorio sezonu.<\/p>\n<p>\u201cImam na raspolaganju sve igra\u010de, a igra\u0107e samo najspremniji. I novajlija Vukoji\u010di\u0107 je u kombinaciji, ali nije dovoljno spreman pa \u0107e po\u010deti sutra\u0161nju utakmicu sa klupe\u201d, rekao je \u0160trbac radiju Sto plus.<\/p>\n<p>\u0160trbac najavljuje ofanzivnu igru protiv Kru\u0161evljana, pa \u0107e u odnosu na sastav iz Zrenjanina biti odre\u0111enih promjena.<\/p>\n<p>\u201cMilo\u0161 \u0110alac \u0107e na teren od starta i bi\u0107e, uz Igora Grkajca, najisturniji u ne\u0161em napadu\u2019\u2019, kazao je \u0160trbac.<\/p>\n<p>Za ekipu Novog Pazara nastupit \u0107e vezni igra\u010d Predrag Vujovi\u0107 i \u0161toper Ivan Babi\u0107, fudbaleri koji su svoje najbolje partije pru\u017eili upravo u dresu Napretka.<\/p>\n<p>\u201cJa sam profesionalac i moj klub je Novi Pazar. \u017dao mi je \u0161to je Napredak u problemima, ali na terenu emocija nema. Da\u0107u sve od sebe da uknji\u017eimo prva tri boda i krenemo polako ka vrhu tabele\u2019\u2019, rekao je Vujovi\u0107 na\u0161em radiju.<\/p>\n<blockquote><p><strong>Raspored ostalih susreta tre\u0107eg kola:<\/strong><\/p>\n<p>Teleoptik \u2013 Kolubara<\/p>\n<p>Big bul Radni\u010dki \u2013 Proleter<\/p>\n<p>Mladi radnik \u2013 Sin\u0111eli\u0107<\/p>\n<p>Mladost \u2013 Dinamo<\/p>\n<p>Radni\u010dki Sombor \u2013 Banat<\/p>\n<p>Radni\u010dki 1923 \u2013 Srem<\/p>\n<p>Be\u017eanija \u2013 Zemun<\/p>\n<p>BASK \u2013 Novi Sad<\/p><\/blockquote>\n<p>Maksimalan u\u010dinak i \u0161est bodova posle dva kola imaju Teleoptik, Big bul Radni\u010dki i Banat, a slede Radni\u010dki 1923 i Zemun sa po \u010detiri boda. Novi Pazar je na \u010detrnaestoj poziciji sa jednim bodom, dok je Napredak \u0161esnaesti bez bodova.<\/p>\n<p>Fudbalska utakmica Novi Pazar \u2013 Napredak igra se u subotu, na Gradskom stadionu, sa po\u010detkom od 17 \u010dasova.<\/p>\n<p>Izvor:<strong> RadioStoPlus.com<\/strong><\/p>\n","protected":false},"excerpt":{"rendered":"<p>Novi Pazar &#8211; Fudbaleri Novog Pazara do\u010dekuju sutra kru\u0161eva\u010dki Napredak, u me\u010du tre\u0107eg kola Prve lige Srbije. Ekipa Sa\u0161e \u0160trpca poku\u0161at \u0107e da ostvari prvu prvenstvenu pobjedu protiv pro\u0161logodi\u0161njeg superliga\u0161a koji je porazima otvorio sezonu. \u201cImam na raspolaganju sve igra\u010de, a igra\u0107e samo najspremniji. I novajlija Vukoji\u010di\u0107 je u kombinaciji, ali nije dovoljno spreman pa [&hellip;]<\/p>\n","protected":false},"author":83,"featured_media":7085,"comment_status":"open","ping_status":"open","sticky":false,"template":"","format":"standard","meta":{"footnotes":""},"categories":[72,13],"tags":[],"class_list":{"0":"post-7084","1":"post","2":"type-post","3":"status-publish","4":"format-standard","5":"has-post-thumbnail","7":"category-novi-pazar","8":"category-sport"},"yoast_head":"<!-- This site is optimized with the Yoast SEO Premium plugin v23.1 (Yoast SEO v24.9) - https:\/\/yoast.com\/wordpress\/plugins\/seo\/ -->\n<title>Tre\u0107i poku\u0161aj za prvu pobjedu \u201cplavih\u2019\u2019<\/title>\n<meta name=\"robots\" content=\"index, follow, max-snippet:-1, max-image-preview:large, max-video-preview:-1\" \/>\n<link rel=\"canonical\" href=\"https:\/\/sandzakpress.net\/arhiva\/treci-pokusaj-za-prvu-pobjedu-\u201cplavih\u2019\u2019\/\" \/>\n<meta property=\"og:locale\" content=\"bs_BA\" \/>\n<meta property=\"og:type\" content=\"article\" \/>\n<meta property=\"og:title\" content=\"Tre\u0107i poku\u0161aj za prvu pobjedu \u201cplavih\u2019\u2019\" \/>\n<meta property=\"og:description\" content=\"Novi Pazar &#8211; Fudbaleri Novog Pazara do\u010dekuju sutra kru\u0161eva\u010dki Napredak, u me\u010du tre\u0107eg kola Prve lige Srbije. Ekipa Sa\u0161e \u0160trpca poku\u0161at \u0107e da ostvari prvu prvenstvenu pobjedu protiv pro\u0161logodi\u0161njeg superliga\u0161a koji je porazima otvorio sezonu. \u201cImam na raspolaganju sve igra\u010de, a igra\u0107e samo najspremniji. I novajlija Vukoji\u010di\u0107 je u kombinaciji, ali nije dovoljno spreman pa [&hellip;]\" \/>\n<meta property=\"og:url\" content=\"https:\/\/sandzakpress.net\/arhiva\/treci-pokusaj-za-prvu-pobjedu-\u201cplavih\u2019\u2019\/\" \/>\n<meta property=\"og:site_name\" content=\"Sand\u017eak PRESS\" \/>\n<meta property=\"article:published_time\" content=\"2010-08-27T16:50:54+00:00\" \/>\n<meta property=\"article:modified_time\" content=\"2010-08-27T16:50:55+00:00\" \/>\n<meta property=\"og:image\" content=\"https:\/\/sandzakpress.net\/arhiva\/wp-content\/uploads\/2010\/08\/4875324194b741c0b47750009036113_big.jpg\" \/>\n\t<meta property=\"og:image:width\" content=\"246\" \/>\n\t<meta property=\"og:image:height\" content=\"246\" \/>\n\t<meta property=\"og:image:type\" content=\"image\/jpeg\" \/>\n<meta name=\"author\" content=\"bosniak\" \/>\n<meta name=\"twitter:card\" content=\"summary_large_image\" \/>\n<meta name=\"twitter:label1\" content=\"Written by\" \/>\n\t<meta name=\"twitter:data1\" content=\"bosniak\" \/>\n\t<meta name=\"twitter:label2\" content=\"Est. reading time\" \/>\n\t<meta name=\"twitter:data2\" content=\"1 minuta\" \/>\n<script type=\"application\/ld+json\" class=\"yoast-schema-graph\">{\"@context\":\"https:\/\/schema.org\",\"@graph\":[{\"@type\":\"Article\",\"@id\":\"https:\/\/sandzakpress.net\/arhiva\/treci-pokusaj-za-prvu-pobjedu-%e2%80%9cplavih%e2%80%99%e2%80%99\/#article\",\"isPartOf\":{\"@id\":\"https:\/\/sandzakpress.net\/arhiva\/treci-pokusaj-za-prvu-pobjedu-%e2%80%9cplavih%e2%80%99%e2%80%99\/\"},\"author\":{\"name\":\"bosniak\",\"@id\":\"https:\/\/sandzakpress.net\/arhiva\/#\/schema\/person\/c8baee722073534b583ea7bdb2e36c02\"},\"headline\":\"Tre\u0107i poku\u0161aj za prvu pobjedu \u201cplavih\u2019\u2019\",\"datePublished\":\"2010-08-27T16:50:54+00:00\",\"dateModified\":\"2010-08-27T16:50:55+00:00\",\"mainEntityOfPage\":{\"@id\":\"https:\/\/sandzakpress.net\/arhiva\/treci-pokusaj-za-prvu-pobjedu-%e2%80%9cplavih%e2%80%99%e2%80%99\/\"},\"wordCount\":295,\"commentCount\":0,\"publisher\":{\"@id\":\"https:\/\/sandzakpress.net\/arhiva\/#\/schema\/person\/6e72b67d6e51910a1117b3b483ba20bd\"},\"image\":{\"@id\":\"https:\/\/sandzakpress.net\/arhiva\/treci-pokusaj-za-prvu-pobjedu-%e2%80%9cplavih%e2%80%99%e2%80%99\/#primaryimage\"},\"thumbnailUrl\":\"https:\/\/sandzakpress.net\/arhiva\/wp-content\/uploads\/2010\/08\/4875324194b741c0b47750009036113_big.jpg\",\"articleSection\":[\"Novi Pazar\",\"Sport\"],\"inLanguage\":\"bs-BA\",\"potentialAction\":[{\"@type\":\"CommentAction\",\"name\":\"Comment\",\"target\":[\"https:\/\/sandzakpress.net\/arhiva\/treci-pokusaj-za-prvu-pobjedu-%e2%80%9cplavih%e2%80%99%e2%80%99\/#respond\"]}]},{\"@type\":\"WebPage\",\"@id\":\"https:\/\/sandzakpress.net\/arhiva\/treci-pokusaj-za-prvu-pobjedu-%e2%80%9cplavih%e2%80%99%e2%80%99\/\",\"url\":\"https:\/\/sandzakpress.net\/arhiva\/treci-pokusaj-za-prvu-pobjedu-%e2%80%9cplavih%e2%80%99%e2%80%99\/\",\"name\":\"Tre\u0107i poku\u0161aj za prvu pobjedu \u201cplavih\u2019\u2019\",\"isPartOf\":{\"@id\":\"https:\/\/sandzakpress.net\/arhiva\/#website\"},\"primaryImageOfPage\":{\"@id\":\"https:\/\/sandzakpress.net\/arhiva\/treci-pokusaj-za-prvu-pobjedu-%e2%80%9cplavih%e2%80%99%e2%80%99\/#primaryimage\"},\"image\":{\"@id\":\"https:\/\/sandzakpress.net\/arhiva\/treci-pokusaj-za-prvu-pobjedu-%e2%80%9cplavih%e2%80%99%e2%80%99\/#primaryimage\"},\"thumbnailUrl\":\"https:\/\/sandzakpress.net\/arhiva\/wp-content\/uploads\/2010\/08\/4875324194b741c0b47750009036113_big.jpg\",\"datePublished\":\"2010-08-27T16:50:54+00:00\",\"dateModified\":\"2010-08-27T16:50:55+00:00\",\"breadcrumb\":{\"@id\":\"https:\/\/sandzakpress.net\/arhiva\/treci-pokusaj-za-prvu-pobjedu-%e2%80%9cplavih%e2%80%99%e2%80%99\/#breadcrumb\"},\"inLanguage\":\"bs-BA\",\"potentialAction\":[{\"@type\":\"ReadAction\",\"target\":[\"https:\/\/sandzakpress.net\/arhiva\/treci-pokusaj-za-prvu-pobjedu-%e2%80%9cplavih%e2%80%99%e2%80%99\/\"]}]},{\"@type\":\"ImageObject\",\"inLanguage\":\"bs-BA\",\"@id\":\"https:\/\/sandzakpress.net\/arhiva\/treci-pokusaj-za-prvu-pobjedu-%e2%80%9cplavih%e2%80%99%e2%80%99\/#primaryimage\",\"url\":\"https:\/\/sandzakpress.net\/arhiva\/wp-content\/uploads\/2010\/08\/4875324194b741c0b47750009036113_big.jpg\",\"contentUrl\":\"https:\/\/sandzakpress.net\/arhiva\/wp-content\/uploads\/2010\/08\/4875324194b741c0b47750009036113_big.jpg\",\"width\":246,\"height\":246},{\"@type\":\"BreadcrumbList\",\"@id\":\"https:\/\/sandzakpress.net\/arhiva\/treci-pokusaj-za-prvu-pobjedu-%e2%80%9cplavih%e2%80%99%e2%80%99\/#breadcrumb\",\"itemListElement\":[{\"@type\":\"ListItem\",\"position\":1,\"name\":\"Home\",\"item\":\"https:\/\/sandzakpress.net\/arhiva\/\"},{\"@type\":\"ListItem\",\"position\":2,\"name\":\"Tre\u0107i poku\u0161aj za prvu pobjedu \u201cplavih\u2019\u2019\"}]},{\"@type\":\"WebSite\",\"@id\":\"https:\/\/sandzakpress.net\/arhiva\/#website\",\"url\":\"https:\/\/sandzakpress.net\/arhiva\/\",\"name\":\"Sand\u017eak PRESS\",\"description\":\"Prve elektronske novine u Sand\u017eaku\",\"publisher\":{\"@id\":\"https:\/\/sandzakpress.net\/arhiva\/#\/schema\/person\/6e72b67d6e51910a1117b3b483ba20bd\"},\"potentialAction\":[{\"@type\":\"SearchAction\",\"target\":{\"@type\":\"EntryPoint\",\"urlTemplate\":\"https:\/\/sandzakpress.net\/arhiva\/?s={search_term_string}\"},\"query-input\":{\"@type\":\"PropertyValueSpecification\",\"valueRequired\":true,\"valueName\":\"search_term_string\"}}],\"inLanguage\":\"bs-BA\"},{\"@type\":[\"Person\",\"Organization\"],\"@id\":\"https:\/\/sandzakpress.net\/arhiva\/#\/schema\/person\/6e72b67d6e51910a1117b3b483ba20bd\",\"name\":\"Kul\",\"image\":{\"@type\":\"ImageObject\",\"inLanguage\":\"bs-BA\",\"@id\":\"https:\/\/sandzakpress.net\/arhiva\/#\/schema\/person\/image\/\",\"url\":\"https:\/\/secure.gravatar.com\/avatar\/42263f39aa27ac04c43cab85c280eb2e?s=96&d=mm&r=pg\",\"contentUrl\":\"https:\/\/secure.gravatar.com\/avatar\/42263f39aa27ac04c43cab85c280eb2e?s=96&d=mm&r=pg\",\"caption\":\"Kul\"},\"logo\":{\"@id\":\"https:\/\/sandzakpress.net\/arhiva\/#\/schema\/person\/image\/\"}},{\"@type\":\"Person\",\"@id\":\"https:\/\/sandzakpress.net\/arhiva\/#\/schema\/person\/c8baee722073534b583ea7bdb2e36c02\",\"name\":\"bosniak\",\"image\":{\"@type\":\"ImageObject\",\"inLanguage\":\"bs-BA\",\"@id\":\"https:\/\/sandzakpress.net\/arhiva\/#\/schema\/person\/image\/\",\"url\":\"https:\/\/secure.gravatar.com\/avatar\/a04fd330bfe3a36a72a0ad4a6d89fca7?s=96&d=mm&r=pg\",\"contentUrl\":\"https:\/\/secure.gravatar.com\/avatar\/a04fd330bfe3a36a72a0ad4a6d89fca7?s=96&d=mm&r=pg\",\"caption\":\"bosniak\"},\"url\":\"https:\/\/sandzakpress.net\/arhiva\/author\/bosniak\/\"}]}<\/script>\n<!-- \/ Yoast SEO Premium plugin. -->","yoast_head_json":{"title":"Tre\u0107i poku\u0161aj za prvu pobjedu \u201cplavih\u2019\u2019","robots":{"index":"index","follow":"follow","max-snippet":"max-snippet:-1","max-image-preview":"max-image-preview:large","max-video-preview":"max-video-preview:-1"},"canonical":"https:\/\/sandzakpress.net\/arhiva\/treci-pokusaj-za-prvu-pobjedu-\u201cplavih\u2019\u2019\/","og_locale":"bs_BA","og_type":"article","og_title":"Tre\u0107i poku\u0161aj za prvu pobjedu \u201cplavih\u2019\u2019","og_description":"Novi Pazar &#8211; Fudbaleri Novog Pazara do\u010dekuju sutra kru\u0161eva\u010dki Napredak, u me\u010du tre\u0107eg kola Prve lige Srbije. Ekipa Sa\u0161e \u0160trpca poku\u0161at \u0107e da ostvari prvu prvenstvenu pobjedu protiv pro\u0161logodi\u0161njeg superliga\u0161a koji je porazima otvorio sezonu. \u201cImam na raspolaganju sve igra\u010de, a igra\u0107e samo najspremniji. I novajlija Vukoji\u010di\u0107 je u kombinaciji, ali nije dovoljno spreman pa [&hellip;]","og_url":"https:\/\/sandzakpress.net\/arhiva\/treci-pokusaj-za-prvu-pobjedu-\u201cplavih\u2019\u2019\/","og_site_name":"Sand\u017eak PRESS","article_published_time":"2010-08-27T16:50:54+00:00","article_modified_time":"2010-08-27T16:50:55+00:00","og_image":[{"width":246,"height":246,"url":"https:\/\/sandzakpress.net\/arhiva\/wp-content\/uploads\/2010\/08\/4875324194b741c0b47750009036113_big.jpg","type":"image\/jpeg"}],"author":"bosniak","twitter_card":"summary_large_image","twitter_misc":{"Written by":"bosniak","Est. reading time":"1 minuta"},"schema":{"@context":"https:\/\/schema.org","@graph":[{"@type":"Article","@id":"https:\/\/sandzakpress.net\/arhiva\/treci-pokusaj-za-prvu-pobjedu-%e2%80%9cplavih%e2%80%99%e2%80%99\/#article","isPartOf":{"@id":"https:\/\/sandzakpress.net\/arhiva\/treci-pokusaj-za-prvu-pobjedu-%e2%80%9cplavih%e2%80%99%e2%80%99\/"},"author":{"name":"bosniak","@id":"https:\/\/sandzakpress.net\/arhiva\/#\/schema\/person\/c8baee722073534b583ea7bdb2e36c02"},"headline":"Tre\u0107i poku\u0161aj za prvu pobjedu \u201cplavih\u2019\u2019","datePublished":"2010-08-27T16:50:54+00:00","dateModified":"2010-08-27T16:50:55+00:00","mainEntityOfPage":{"@id":"https:\/\/sandzakpress.net\/arhiva\/treci-pokusaj-za-prvu-pobjedu-%e2%80%9cplavih%e2%80%99%e2%80%99\/"},"wordCount":295,"commentCount":0,"publisher":{"@id":"https:\/\/sandzakpress.net\/arhiva\/#\/schema\/person\/6e72b67d6e51910a1117b3b483ba20bd"},"image":{"@id":"https:\/\/sandzakpress.net\/arhiva\/treci-pokusaj-za-prvu-pobjedu-%e2%80%9cplavih%e2%80%99%e2%80%99\/#primaryimage"},"thumbnailUrl":"https:\/\/sandzakpress.net\/arhiva\/wp-content\/uploads\/2010\/08\/4875324194b741c0b47750009036113_big.jpg","articleSection":["Novi Pazar","Sport"],"inLanguage":"bs-BA","potentialAction":[{"@type":"CommentAction","name":"Comment","target":["https:\/\/sandzakpress.net\/arhiva\/treci-pokusaj-za-prvu-pobjedu-%e2%80%9cplavih%e2%80%99%e2%80%99\/#respond"]}]},{"@type":"WebPage","@id":"https:\/\/sandzakpress.net\/arhiva\/treci-pokusaj-za-prvu-pobjedu-%e2%80%9cplavih%e2%80%99%e2%80%99\/","url":"https:\/\/sandzakpress.net\/arhiva\/treci-pokusaj-za-prvu-pobjedu-%e2%80%9cplavih%e2%80%99%e2%80%99\/","name":"Tre\u0107i poku\u0161aj za prvu pobjedu \u201cplavih\u2019\u2019","isPartOf":{"@id":"https:\/\/sandzakpress.net\/arhiva\/#website"},"primaryImageOfPage":{"@id":"https:\/\/sandzakpress.net\/arhiva\/treci-pokusaj-za-prvu-pobjedu-%e2%80%9cplavih%e2%80%99%e2%80%99\/#primaryimage"},"image":{"@id":"https:\/\/sandzakpress.net\/arhiva\/treci-pokusaj-za-prvu-pobjedu-%e2%80%9cplavih%e2%80%99%e2%80%99\/#primaryimage"},"thumbnailUrl":"https:\/\/sandzakpress.net\/arhiva\/wp-content\/uploads\/2010\/08\/4875324194b741c0b47750009036113_big.jpg","datePublished":"2010-08-27T16:50:54+00:00","dateModified":"2010-08-27T16:50:55+00:00","breadcrumb":{"@id":"https:\/\/sandzakpress.net\/arhiva\/treci-pokusaj-za-prvu-pobjedu-%e2%80%9cplavih%e2%80%99%e2%80%99\/#breadcrumb"},"inLanguage":"bs-BA","potentialAction":[{"@type":"ReadAction","target":["https:\/\/sandzakpress.net\/arhiva\/treci-pokusaj-za-prvu-pobjedu-%e2%80%9cplavih%e2%80%99%e2%80%99\/"]}]},{"@type":"ImageObject","inLanguage":"bs-BA","@id":"https:\/\/sandzakpress.net\/arhiva\/treci-pokusaj-za-prvu-pobjedu-%e2%80%9cplavih%e2%80%99%e2%80%99\/#primaryimage","url":"https:\/\/sandzakpress.net\/arhiva\/wp-content\/uploads\/2010\/08\/4875324194b741c0b47750009036113_big.jpg","contentUrl":"https:\/\/sandzakpress.net\/arhiva\/wp-content\/uploads\/2010\/08\/4875324194b741c0b47750009036113_big.jpg","width":246,"height":246},{"@type":"BreadcrumbList","@id":"https:\/\/sandzakpress.net\/arhiva\/treci-pokusaj-za-prvu-pobjedu-%e2%80%9cplavih%e2%80%99%e2%80%99\/#breadcrumb","itemListElement":[{"@type":"ListItem","position":1,"name":"Home","item":"https:\/\/sandzakpress.net\/arhiva\/"},{"@type":"ListItem","position":2,"name":"Tre\u0107i poku\u0161aj za prvu pobjedu \u201cplavih\u2019\u2019"}]},{"@type":"WebSite","@id":"https:\/\/sandzakpress.net\/arhiva\/#website","url":"https:\/\/sandzakpress.net\/arhiva\/","name":"Sand\u017eak PRESS","description":"Prve elektronske novine u Sand\u017eaku","publisher":{"@id":"https:\/\/sandzakpress.net\/arhiva\/#\/schema\/person\/6e72b67d6e51910a1117b3b483ba20bd"},"potentialAction":[{"@type":"SearchAction","target":{"@type":"EntryPoint","urlTemplate":"https:\/\/sandzakpress.net\/arhiva\/?s={search_term_string}"},"query-input":{"@type":"PropertyValueSpecification","valueRequired":true,"valueName":"search_term_string"}}],"inLanguage":"bs-BA"},{"@type":["Person","Organization"],"@id":"https:\/\/sandzakpress.net\/arhiva\/#\/schema\/person\/6e72b67d6e51910a1117b3b483ba20bd","name":"Kul","image":{"@type":"ImageObject","inLanguage":"bs-BA","@id":"https:\/\/sandzakpress.net\/arhiva\/#\/schema\/person\/image\/","url":"https:\/\/secure.gravatar.com\/avatar\/42263f39aa27ac04c43cab85c280eb2e?s=96&d=mm&r=pg","contentUrl":"https:\/\/secure.gravatar.com\/avatar\/42263f39aa27ac04c43cab85c280eb2e?s=96&d=mm&r=pg","caption":"Kul"},"logo":{"@id":"https:\/\/sandzakpress.net\/arhiva\/#\/schema\/person\/image\/"}},{"@type":"Person","@id":"https:\/\/sandzakpress.net\/arhiva\/#\/schema\/person\/c8baee722073534b583ea7bdb2e36c02","name":"bosniak","image":{"@type":"ImageObject","inLanguage":"bs-BA","@id":"https:\/\/sandzakpress.net\/arhiva\/#\/schema\/person\/image\/","url":"https:\/\/secure.gravatar.com\/avatar\/a04fd330bfe3a36a72a0ad4a6d89fca7?s=96&d=mm&r=pg","contentUrl":"https:\/\/secure.gravatar.com\/avatar\/a04fd330bfe3a36a72a0ad4a6d89fca7?s=96&d=mm&r=pg","caption":"bosniak"},"url":"https:\/\/sandzakpress.net\/arhiva\/author\/bosniak\/"}]}},"_links":{"self":[{"href":"https:\/\/sandzakpress.net\/arhiva\/wp-json\/wp\/v2\/posts\/7084"}],"collection":[{"href":"https:\/\/sandzakpress.net\/arhiva\/wp-json\/wp\/v2\/posts"}],"about":[{"href":"https:\/\/sandzakpress.net\/arhiva\/wp-json\/wp\/v2\/types\/post"}],"author":[{"embeddable":true,"href":"https:\/\/sandzakpress.net\/arhiva\/wp-json\/wp\/v2\/users\/83"}],"replies":[{"embeddable":true,"href":"https:\/\/sandzakpress.net\/arhiva\/wp-json\/wp\/v2\/comments?post=7084"}],"version-history":[{"count":0,"href":"https:\/\/sandzakpress.net\/arhiva\/wp-json\/wp\/v2\/posts\/7084\/revisions"}],"wp:featuredmedia":[{"embeddable":true,"href":"https:\/\/sandzakpress.net\/arhiva\/wp-json\/wp\/v2\/media\/7085"}],"wp:attachment":[{"href":"https:\/\/sandzakpress.net\/arhiva\/wp-json\/wp\/v2\/media?parent=7084"}],"wp:term":[{"taxonomy":"category","embeddable":true,"href":"https:\/\/sandzakpress.net\/arhiva\/wp-json\/wp\/v2\/categories?post=7084"},{"taxonomy":"post_tag","embeddable":true,"href":"https:\/\/sandzakpress.net\/arhiva\/wp-json\/wp\/v2\/tags?post=7084"}],"curies":[{"name":"wp","href":"https:\/\/api.w.org\/{rel}","templated":true}]}}