{"id":70606,"date":"2013-03-22T16:34:40","date_gmt":"2013-03-22T15:34:40","guid":{"rendered":"https:\/\/sandzakpress.net\/arhiva\/?p=70606"},"modified":"2013-03-22T16:34:40","modified_gmt":"2013-03-22T15:34:40","slug":"katastrofalni-demografski-podaci-za-opstinu-pljevlja","status":"publish","type":"post","link":"https:\/\/sandzakpress.net\/arhiva\/katastrofalni-demografski-podaci-za-opstinu-pljevlja\/","title":{"rendered":"Katastrofalni demografski podaci za op\u0161tinu Pljevlja"},"content":{"rendered":"<p><strong><a href=\"https:\/\/sandzakpress.net\/arhiva\/wp-content\/uploads\/2013\/03\/thumb-11.jpg\"><img loading=\"lazy\" decoding=\"async\" class=\"alignleft size-medium wp-image-70607\" title=\"thumb (1)\" src=\"https:\/\/sandzakpress.net\/arhiva\/wp-content\/uploads\/2013\/03\/thumb-11-300x203.jpg\" alt=\"\" width=\"300\" height=\"203\" \/><\/a>Pljevlja &#8211; Pre\u00adma pre\u00adli\u00admi\u00adnar\u00adnim po\u00adda\u00adci\u00adma Za\u00advo\u00adda za sta\u00adti\u00adsti\u00adku Cr\u00adne Go\u00adre, koje prenosi \u201cDan\u201d u Pljevljima je zabilje\u017een negativan prirodni prira\u0161taj od \u010dak \u2013 227, \u0161to je za sedam manje nego u 2011. godini kada je iznosio -234. <\/strong><\/p>\n<p>Ako se ovim tempom nastavi negativni prirodni prira\u0161taj, skoro je izvejsno da \u0107e na slede\u0107em popisu stanovni\u0161tva 2021. godine, u Pljevljima biti oko 3.000 stanovnika manje, nego u 2011. godini kada je popisano 30 769 stanovnika.<\/p>\n<p>To zna\u010di da \u0107e u energetskom srcu dr\u017eave broj stanovnika biti na nivou 1921. godine. Prema popisu od 31. januara 1921. godine u Okrugu Pljevlja \u017eivjelo je ukupno 26.798 stanovnika.<\/p>\n<p>Predsjednik op\u0161tine \u00a0Plje\u00adva\u00adlja Mi\u00adlo\u00adje Pu\u00adpo\u00advi\u0107, kao glavni razlog kostantnog negativnog prirodnog prira\u0161taja poslednjih tri decenije naveo mi\u00adgra\u00adci\u00adju sta\u00adnov\u00adni\u00ad\u0161tva u sre\u00addi\u00ad\u0161nje gra\u00addo\u00adve Cr\u00adne Go\u00adre, zbog kri\u00adze ko\u00adja se naj\u00advi\u00ad\u0161e osje\u00ad\u0107a na sje\u00adve\u00adru.<br \/>\n\u2013 Za mla\u00adde lju\u00adde ne\u00adma per\u00adspek\u00adti\u00adve u Plje\u00advlji\u00adma, sto\u00adga od\u00adla\u00adze u ve\u00ad\u0107e gra\u00addo\u00adve ka\u00adko bi se\u00adbi omo\u00adgu\u00ad\u0107i\u00adli bo\u00adlji \u017ei\u00advot \u2013 ka\u00adzao je Pu\u00adpo\u00advi\u0107 \u201eDa\u00adnu\u201d.<br \/>\nU 2012. go\u00addi\u00adni u op\u00ad\u0161ti\u00adni Pljevlja sklo\u00adplje\u00adno je 145 bra\u00adko\u00adva, a pra\u00advo\u00adsna\u00ad\u017eno se ra\u00adstao 21 bra\u010d\u00adni par.<br \/>\nPu\u00adpo\u00advi\u0107 na\u00advo\u00addi da je \u017eivot na selu sve te\u017ei i zbog toga mladi ne \u017eele da \u017eive na seoskom podru\u010dju.<br \/>\n\u2013 U da\u00adna\u00ad\u0161nje vri\u00adje\u00adme \u017ee\u00adne ne \u017ee\u00adle da osta\u00adnu na se\u00adlu i bu\u00addu do\u00adma\u00ad\u0107i\u00adce, ve\u0107 \u017ee\u00adle mno\u00adgo vi\u00ad\u0161e, a to mo\u00adgu do\u00adbi\u00adti sa\u00admo u ve\u00ad\u0107im gra\u00addo\u00advi\u00adma. U Plje\u00advlji\u00adma je ve\u00adli\u00adki broj mla\u00addi\u00ad\u0107a na se\u00adli\u00adma ostao neo\u00ad\u017ee\u00adnjen, iz raz\u00adlo\u00adga \u0161to dje\u00advoj\u00adke ne \u017ee\u00adle da stva\u00adra\u00adju po\u00adtom\u00adstvo na se\u00adlu \u2013 rekao predsjednik Op\u0161tine i istakao da \u00a0je ne\u00adza\u00adpo\u00adsle\u00adnost ve\u00adli\u00adki pro\u00adblem omla\u00addi\u00adne na sje\u00adve\u00adru Cr\u00adne Go\u00adre, jer ne\u00adma \u0161ta da im se po\u00adnu\u00addi.<\/p>\n<p>Ina\u010de u pro\u0161loj godini u Cr\u00adnoj Go\u00adri ro\u00ad\u0111e\u00adno je 6.713 be\u00adba, dok je umr\u00adla 5.871 oso\u00adba, \u0161to pred\u00adsta\u00advlja po\u00adzi\u00adti\u00advan pri\u00adrod\u00adni pri\u00adra\u00ad\u0161taj od sve\u00adga 842, ko\u00adji je ujed\u00adno i naj\u00adni\u00ad\u017ei od 1950. go\u00addi\u00adne do sa\u00adda. U od\u00adno\u00adsu na 2011. go\u00addi\u00adnu, ka\u00adda je iz\u00adno\u00adsio 1.368, u 2012, ni\u00ad\u017ei je za 526.<br \/>\nNe\u00adga\u00adti\u00advan pri\u00adrod\u00adni pri\u00adra\u00ad\u0161taj za\u00adbi\u00adlje\u00ad\u017een je u \u010dak 13 op\u00ad\u0161ti\u00adna, \u0161to zna\u00ad\u010di da je sa\u00admo osam ima\u00adlo po\u00adzi\u00adtiv\u00adnu raz\u00adli\u00adku u ko\u00adrist no\u00advo\u00adro\u00ad\u0111en\u00ad\u010da\u00addi.<br \/>\nNakon Pljevalja najni\u017ei prorodni prira\u0161taj ima, sli\u00adje\u00adde Ko\u00adla\u00ad\u0161in \u2013 66, Da\u00adni\u00adlov\u00adgrad \u2013 52, Plu\u00ad\u017ei\u00adne -43, Her\u00adceg No\u00advi -38, An\u00addri\u00adje\u00advi\u00adca -29, \u017da\u00adbljak -26, Ce\u00adti\u00adnje -23, Moj\u00adko\u00advac -20, \u0160av\u00adnik -14, Plav -13, Ul\u00adcin- 6 i Be\u00adra\u00adne -2.<br \/>\nNa Sjeveru je u Ro\u00ad\u017ea\u00adja\u00adma i u Bi\u00adje\u00adlom Po\u00adlju za\u00adbi\u00adlje\u00ad\u017een po\u00adzi\u00adti\u00advan pri\u00adrod\u00adni pri\u00adra\u00ad\u0161taj. U Pod\u00adgo\u00adri\u00adci je pro\u00ad\u0161le go\u00addi\u00adne ro\u00ad\u0111e\u00adno 2.370 be\u00adba, dok je umr\u00adlo 1.406 lju\u00addi.<\/p>\n<p>(Pvportal)<\/p>\n","protected":false},"excerpt":{"rendered":"<p>Pljevlja &#8211; Pre\u00adma pre\u00adli\u00admi\u00adnar\u00adnim po\u00adda\u00adci\u00adma Za\u00advo\u00adda za sta\u00adti\u00adsti\u00adku Cr\u00adne Go\u00adre, koje prenosi \u201cDan\u201d u Pljevljima je zabilje\u017een negativan prirodni prira\u0161taj od \u010dak \u2013 227, \u0161to je za sedam manje nego u 2011. godini kada je iznosio -234. Ako se ovim tempom nastavi negativni prirodni prira\u0161taj, skoro je izvejsno da \u0107e na slede\u0107em popisu stanovni\u0161tva 2021. [&hellip;]<\/p>\n","protected":false},"author":16,"featured_media":70607,"comment_status":"open","ping_status":"open","sticky":false,"template":"","format":"standard","meta":{"footnotes":""},"categories":[395,5],"tags":[],"class_list":{"0":"post-70606","1":"post","2":"type-post","3":"status-publish","4":"format-standard","5":"has-post-thumbnail","7":"category-pljevlja_","8":"category-drustvo"},"yoast_head":"<!-- This site is optimized with the Yoast SEO Premium plugin v23.1 (Yoast SEO v24.9) - https:\/\/yoast.com\/wordpress\/plugins\/seo\/ -->\n<title>Katastrofalni demografski podaci za op\u0161tinu Pljevlja<\/title>\n<meta name=\"robots\" content=\"index, follow, max-snippet:-1, max-image-preview:large, max-video-preview:-1\" \/>\n<link rel=\"canonical\" href=\"https:\/\/sandzakpress.net\/arhiva\/katastrofalni-demografski-podaci-za-opstinu-pljevlja\/\" \/>\n<meta property=\"og:locale\" content=\"bs_BA\" \/>\n<meta property=\"og:type\" content=\"article\" \/>\n<meta property=\"og:title\" content=\"Katastrofalni demografski podaci za op\u0161tinu Pljevlja\" \/>\n<meta property=\"og:description\" content=\"Pljevlja &#8211; Pre\u00adma pre\u00adli\u00admi\u00adnar\u00adnim po\u00adda\u00adci\u00adma Za\u00advo\u00adda za sta\u00adti\u00adsti\u00adku Cr\u00adne Go\u00adre, koje prenosi \u201cDan\u201d u Pljevljima je zabilje\u017een negativan prirodni prira\u0161taj od \u010dak \u2013 227, \u0161to je za sedam manje nego u 2011. godini kada je iznosio -234. Ako se ovim tempom nastavi negativni prirodni prira\u0161taj, skoro je izvejsno da \u0107e na slede\u0107em popisu stanovni\u0161tva 2021. [&hellip;]\" \/>\n<meta property=\"og:url\" content=\"https:\/\/sandzakpress.net\/arhiva\/katastrofalni-demografski-podaci-za-opstinu-pljevlja\/\" \/>\n<meta property=\"og:site_name\" content=\"Sand\u017eak PRESS\" \/>\n<meta property=\"article:published_time\" content=\"2013-03-22T15:34:40+00:00\" \/>\n<meta property=\"og:image\" content=\"https:\/\/sandzakpress.net\/arhiva\/wp-content\/uploads\/2013\/03\/thumb-11.jpg\" \/>\n\t<meta property=\"og:image:width\" content=\"616\" \/>\n\t<meta property=\"og:image:height\" content=\"417\" \/>\n\t<meta property=\"og:image:type\" content=\"image\/jpeg\" \/>\n<meta name=\"twitter:card\" content=\"summary_large_image\" \/>\n<meta name=\"twitter:label1\" content=\"Written by\" \/>\n\t<meta name=\"twitter:data1\" content=\"\" \/>\n\t<meta name=\"twitter:label2\" content=\"Est. reading time\" \/>\n\t<meta name=\"twitter:data2\" content=\"3 minute\" \/>\n<script type=\"application\/ld+json\" class=\"yoast-schema-graph\">{\"@context\":\"https:\/\/schema.org\",\"@graph\":[{\"@type\":\"Article\",\"@id\":\"https:\/\/sandzakpress.net\/arhiva\/katastrofalni-demografski-podaci-za-opstinu-pljevlja\/#article\",\"isPartOf\":{\"@id\":\"https:\/\/sandzakpress.net\/arhiva\/katastrofalni-demografski-podaci-za-opstinu-pljevlja\/\"},\"author\":{\"name\":\"\",\"@id\":\"\"},\"headline\":\"Katastrofalni demografski podaci za op\u0161tinu Pljevlja\",\"datePublished\":\"2013-03-22T15:34:40+00:00\",\"mainEntityOfPage\":{\"@id\":\"https:\/\/sandzakpress.net\/arhiva\/katastrofalni-demografski-podaci-za-opstinu-pljevlja\/\"},\"wordCount\":635,\"commentCount\":0,\"publisher\":{\"@id\":\"https:\/\/sandzakpress.net\/arhiva\/#\/schema\/person\/6e72b67d6e51910a1117b3b483ba20bd\"},\"image\":{\"@id\":\"https:\/\/sandzakpress.net\/arhiva\/katastrofalni-demografski-podaci-za-opstinu-pljevlja\/#primaryimage\"},\"thumbnailUrl\":\"https:\/\/sandzakpress.net\/arhiva\/wp-content\/uploads\/2013\/03\/thumb-11.jpg\",\"articleSection\":[\"Pljevlja\",\"Dru\u0161tvo\"],\"inLanguage\":\"bs-BA\",\"potentialAction\":[{\"@type\":\"CommentAction\",\"name\":\"Comment\",\"target\":[\"https:\/\/sandzakpress.net\/arhiva\/katastrofalni-demografski-podaci-za-opstinu-pljevlja\/#respond\"]}]},{\"@type\":\"WebPage\",\"@id\":\"https:\/\/sandzakpress.net\/arhiva\/katastrofalni-demografski-podaci-za-opstinu-pljevlja\/\",\"url\":\"https:\/\/sandzakpress.net\/arhiva\/katastrofalni-demografski-podaci-za-opstinu-pljevlja\/\",\"name\":\"Katastrofalni demografski podaci za op\u0161tinu Pljevlja\",\"isPartOf\":{\"@id\":\"https:\/\/sandzakpress.net\/arhiva\/#website\"},\"primaryImageOfPage\":{\"@id\":\"https:\/\/sandzakpress.net\/arhiva\/katastrofalni-demografski-podaci-za-opstinu-pljevlja\/#primaryimage\"},\"image\":{\"@id\":\"https:\/\/sandzakpress.net\/arhiva\/katastrofalni-demografski-podaci-za-opstinu-pljevlja\/#primaryimage\"},\"thumbnailUrl\":\"https:\/\/sandzakpress.net\/arhiva\/wp-content\/uploads\/2013\/03\/thumb-11.jpg\",\"datePublished\":\"2013-03-22T15:34:40+00:00\",\"breadcrumb\":{\"@id\":\"https:\/\/sandzakpress.net\/arhiva\/katastrofalni-demografski-podaci-za-opstinu-pljevlja\/#breadcrumb\"},\"inLanguage\":\"bs-BA\",\"potentialAction\":[{\"@type\":\"ReadAction\",\"target\":[\"https:\/\/sandzakpress.net\/arhiva\/katastrofalni-demografski-podaci-za-opstinu-pljevlja\/\"]}]},{\"@type\":\"ImageObject\",\"inLanguage\":\"bs-BA\",\"@id\":\"https:\/\/sandzakpress.net\/arhiva\/katastrofalni-demografski-podaci-za-opstinu-pljevlja\/#primaryimage\",\"url\":\"https:\/\/sandzakpress.net\/arhiva\/wp-content\/uploads\/2013\/03\/thumb-11.jpg\",\"contentUrl\":\"https:\/\/sandzakpress.net\/arhiva\/wp-content\/uploads\/2013\/03\/thumb-11.jpg\",\"width\":616,\"height\":417},{\"@type\":\"BreadcrumbList\",\"@id\":\"https:\/\/sandzakpress.net\/arhiva\/katastrofalni-demografski-podaci-za-opstinu-pljevlja\/#breadcrumb\",\"itemListElement\":[{\"@type\":\"ListItem\",\"position\":1,\"name\":\"Home\",\"item\":\"https:\/\/sandzakpress.net\/arhiva\/\"},{\"@type\":\"ListItem\",\"position\":2,\"name\":\"Katastrofalni demografski podaci za op\u0161tinu Pljevlja\"}]},{\"@type\":\"WebSite\",\"@id\":\"https:\/\/sandzakpress.net\/arhiva\/#website\",\"url\":\"https:\/\/sandzakpress.net\/arhiva\/\",\"name\":\"Sand\u017eak PRESS\",\"description\":\"Prve elektronske novine u Sand\u017eaku\",\"publisher\":{\"@id\":\"https:\/\/sandzakpress.net\/arhiva\/#\/schema\/person\/6e72b67d6e51910a1117b3b483ba20bd\"},\"potentialAction\":[{\"@type\":\"SearchAction\",\"target\":{\"@type\":\"EntryPoint\",\"urlTemplate\":\"https:\/\/sandzakpress.net\/arhiva\/?s={search_term_string}\"},\"query-input\":{\"@type\":\"PropertyValueSpecification\",\"valueRequired\":true,\"valueName\":\"search_term_string\"}}],\"inLanguage\":\"bs-BA\"},{\"@type\":[\"Person\",\"Organization\"],\"@id\":\"https:\/\/sandzakpress.net\/arhiva\/#\/schema\/person\/6e72b67d6e51910a1117b3b483ba20bd\",\"name\":\"Kul\",\"image\":{\"@type\":\"ImageObject\",\"inLanguage\":\"bs-BA\",\"@id\":\"https:\/\/sandzakpress.net\/arhiva\/#\/schema\/person\/image\/\",\"url\":\"https:\/\/secure.gravatar.com\/avatar\/42263f39aa27ac04c43cab85c280eb2e?s=96&d=mm&r=pg\",\"contentUrl\":\"https:\/\/secure.gravatar.com\/avatar\/42263f39aa27ac04c43cab85c280eb2e?s=96&d=mm&r=pg\",\"caption\":\"Kul\"},\"logo\":{\"@id\":\"https:\/\/sandzakpress.net\/arhiva\/#\/schema\/person\/image\/\"}},{\"@type\":\"Person\",\"@id\":\"\",\"url\":\"https:\/\/sandzakpress.net\/arhiva\/author\/\"}]}<\/script>\n<!-- \/ Yoast SEO Premium plugin. -->","yoast_head_json":{"title":"Katastrofalni demografski podaci za op\u0161tinu Pljevlja","robots":{"index":"index","follow":"follow","max-snippet":"max-snippet:-1","max-image-preview":"max-image-preview:large","max-video-preview":"max-video-preview:-1"},"canonical":"https:\/\/sandzakpress.net\/arhiva\/katastrofalni-demografski-podaci-za-opstinu-pljevlja\/","og_locale":"bs_BA","og_type":"article","og_title":"Katastrofalni demografski podaci za op\u0161tinu Pljevlja","og_description":"Pljevlja &#8211; Pre\u00adma pre\u00adli\u00admi\u00adnar\u00adnim po\u00adda\u00adci\u00adma Za\u00advo\u00adda za sta\u00adti\u00adsti\u00adku Cr\u00adne Go\u00adre, koje prenosi \u201cDan\u201d u Pljevljima je zabilje\u017een negativan prirodni prira\u0161taj od \u010dak \u2013 227, \u0161to je za sedam manje nego u 2011. godini kada je iznosio -234. Ako se ovim tempom nastavi negativni prirodni prira\u0161taj, skoro je izvejsno da \u0107e na slede\u0107em popisu stanovni\u0161tva 2021. [&hellip;]","og_url":"https:\/\/sandzakpress.net\/arhiva\/katastrofalni-demografski-podaci-za-opstinu-pljevlja\/","og_site_name":"Sand\u017eak PRESS","article_published_time":"2013-03-22T15:34:40+00:00","og_image":[{"width":616,"height":417,"url":"https:\/\/sandzakpress.net\/arhiva\/wp-content\/uploads\/2013\/03\/thumb-11.jpg","type":"image\/jpeg"}],"twitter_card":"summary_large_image","twitter_misc":{"Written by":"","Est. reading time":"3 minute"},"schema":{"@context":"https:\/\/schema.org","@graph":[{"@type":"Article","@id":"https:\/\/sandzakpress.net\/arhiva\/katastrofalni-demografski-podaci-za-opstinu-pljevlja\/#article","isPartOf":{"@id":"https:\/\/sandzakpress.net\/arhiva\/katastrofalni-demografski-podaci-za-opstinu-pljevlja\/"},"author":{"name":"","@id":""},"headline":"Katastrofalni demografski podaci za op\u0161tinu Pljevlja","datePublished":"2013-03-22T15:34:40+00:00","mainEntityOfPage":{"@id":"https:\/\/sandzakpress.net\/arhiva\/katastrofalni-demografski-podaci-za-opstinu-pljevlja\/"},"wordCount":635,"commentCount":0,"publisher":{"@id":"https:\/\/sandzakpress.net\/arhiva\/#\/schema\/person\/6e72b67d6e51910a1117b3b483ba20bd"},"image":{"@id":"https:\/\/sandzakpress.net\/arhiva\/katastrofalni-demografski-podaci-za-opstinu-pljevlja\/#primaryimage"},"thumbnailUrl":"https:\/\/sandzakpress.net\/arhiva\/wp-content\/uploads\/2013\/03\/thumb-11.jpg","articleSection":["Pljevlja","Dru\u0161tvo"],"inLanguage":"bs-BA","potentialAction":[{"@type":"CommentAction","name":"Comment","target":["https:\/\/sandzakpress.net\/arhiva\/katastrofalni-demografski-podaci-za-opstinu-pljevlja\/#respond"]}]},{"@type":"WebPage","@id":"https:\/\/sandzakpress.net\/arhiva\/katastrofalni-demografski-podaci-za-opstinu-pljevlja\/","url":"https:\/\/sandzakpress.net\/arhiva\/katastrofalni-demografski-podaci-za-opstinu-pljevlja\/","name":"Katastrofalni demografski podaci za op\u0161tinu Pljevlja","isPartOf":{"@id":"https:\/\/sandzakpress.net\/arhiva\/#website"},"primaryImageOfPage":{"@id":"https:\/\/sandzakpress.net\/arhiva\/katastrofalni-demografski-podaci-za-opstinu-pljevlja\/#primaryimage"},"image":{"@id":"https:\/\/sandzakpress.net\/arhiva\/katastrofalni-demografski-podaci-za-opstinu-pljevlja\/#primaryimage"},"thumbnailUrl":"https:\/\/sandzakpress.net\/arhiva\/wp-content\/uploads\/2013\/03\/thumb-11.jpg","datePublished":"2013-03-22T15:34:40+00:00","breadcrumb":{"@id":"https:\/\/sandzakpress.net\/arhiva\/katastrofalni-demografski-podaci-za-opstinu-pljevlja\/#breadcrumb"},"inLanguage":"bs-BA","potentialAction":[{"@type":"ReadAction","target":["https:\/\/sandzakpress.net\/arhiva\/katastrofalni-demografski-podaci-za-opstinu-pljevlja\/"]}]},{"@type":"ImageObject","inLanguage":"bs-BA","@id":"https:\/\/sandzakpress.net\/arhiva\/katastrofalni-demografski-podaci-za-opstinu-pljevlja\/#primaryimage","url":"https:\/\/sandzakpress.net\/arhiva\/wp-content\/uploads\/2013\/03\/thumb-11.jpg","contentUrl":"https:\/\/sandzakpress.net\/arhiva\/wp-content\/uploads\/2013\/03\/thumb-11.jpg","width":616,"height":417},{"@type":"BreadcrumbList","@id":"https:\/\/sandzakpress.net\/arhiva\/katastrofalni-demografski-podaci-za-opstinu-pljevlja\/#breadcrumb","itemListElement":[{"@type":"ListItem","position":1,"name":"Home","item":"https:\/\/sandzakpress.net\/arhiva\/"},{"@type":"ListItem","position":2,"name":"Katastrofalni demografski podaci za op\u0161tinu Pljevlja"}]},{"@type":"WebSite","@id":"https:\/\/sandzakpress.net\/arhiva\/#website","url":"https:\/\/sandzakpress.net\/arhiva\/","name":"Sand\u017eak PRESS","description":"Prve elektronske novine u Sand\u017eaku","publisher":{"@id":"https:\/\/sandzakpress.net\/arhiva\/#\/schema\/person\/6e72b67d6e51910a1117b3b483ba20bd"},"potentialAction":[{"@type":"SearchAction","target":{"@type":"EntryPoint","urlTemplate":"https:\/\/sandzakpress.net\/arhiva\/?s={search_term_string}"},"query-input":{"@type":"PropertyValueSpecification","valueRequired":true,"valueName":"search_term_string"}}],"inLanguage":"bs-BA"},{"@type":["Person","Organization"],"@id":"https:\/\/sandzakpress.net\/arhiva\/#\/schema\/person\/6e72b67d6e51910a1117b3b483ba20bd","name":"Kul","image":{"@type":"ImageObject","inLanguage":"bs-BA","@id":"https:\/\/sandzakpress.net\/arhiva\/#\/schema\/person\/image\/","url":"https:\/\/secure.gravatar.com\/avatar\/42263f39aa27ac04c43cab85c280eb2e?s=96&d=mm&r=pg","contentUrl":"https:\/\/secure.gravatar.com\/avatar\/42263f39aa27ac04c43cab85c280eb2e?s=96&d=mm&r=pg","caption":"Kul"},"logo":{"@id":"https:\/\/sandzakpress.net\/arhiva\/#\/schema\/person\/image\/"}},{"@type":"Person","@id":"","url":"https:\/\/sandzakpress.net\/arhiva\/author\/"}]}},"_links":{"self":[{"href":"https:\/\/sandzakpress.net\/arhiva\/wp-json\/wp\/v2\/posts\/70606"}],"collection":[{"href":"https:\/\/sandzakpress.net\/arhiva\/wp-json\/wp\/v2\/posts"}],"about":[{"href":"https:\/\/sandzakpress.net\/arhiva\/wp-json\/wp\/v2\/types\/post"}],"author":[{"embeddable":true,"href":"https:\/\/sandzakpress.net\/arhiva\/wp-json\/wp\/v2\/users\/16"}],"replies":[{"embeddable":true,"href":"https:\/\/sandzakpress.net\/arhiva\/wp-json\/wp\/v2\/comments?post=70606"}],"version-history":[{"count":0,"href":"https:\/\/sandzakpress.net\/arhiva\/wp-json\/wp\/v2\/posts\/70606\/revisions"}],"wp:featuredmedia":[{"embeddable":true,"href":"https:\/\/sandzakpress.net\/arhiva\/wp-json\/wp\/v2\/media\/70607"}],"wp:attachment":[{"href":"https:\/\/sandzakpress.net\/arhiva\/wp-json\/wp\/v2\/media?parent=70606"}],"wp:term":[{"taxonomy":"category","embeddable":true,"href":"https:\/\/sandzakpress.net\/arhiva\/wp-json\/wp\/v2\/categories?post=70606"},{"taxonomy":"post_tag","embeddable":true,"href":"https:\/\/sandzakpress.net\/arhiva\/wp-json\/wp\/v2\/tags?post=70606"}],"curies":[{"name":"wp","href":"https:\/\/api.w.org\/{rel}","templated":true}]}}