{"id":7049,"date":"2010-08-27T15:00:05","date_gmt":"2010-08-27T15:00:05","guid":{"rendered":"https:\/\/sandzakpress.net\/arhiva\/?p=7049"},"modified":"2010-08-27T15:00:05","modified_gmt":"2010-08-27T15:00:05","slug":"kljucevi-u-septembru-2011","status":"publish","type":"post","link":"https:\/\/sandzakpress.net\/arhiva\/kljucevi-u-septembru-2011\/","title":{"rendered":"Klju\u010devi u septembru 2011."},"content":{"rendered":"<p><strong><a href=\"https:\/\/sandzakpress.net\/arhiva\/wp-content\/uploads\/2010\/08\/1282692760.jpg\"><img loading=\"lazy\" decoding=\"async\" class=\"alignleft size-full wp-image-7050\" title=\"1282692760\" src=\"https:\/\/sandzakpress.net\/arhiva\/wp-content\/uploads\/2010\/08\/1282692760.jpg\" alt=\"\" width=\"220\" height=\"226\" \/><\/a>Ro\u017eaje &#8211; Po\u010detak izgradnje 54 radni\u010dka stana na lokalitetu Carine na Band\u017eovom Brdu ozna\u010dili su ju\u010der postavljanjem kamena temeljca direktor Fonda za solidarnu stambenu izgradnju Danilo Popovi\u0107 i predsjednik op\u0107ine Nusret Kala\u010d. <\/strong><\/p>\n<p>Objekat \u0107e biti izgra\u0111en u okviru projekta \u201e1000 stanova solidarnosti\u2019\u2019, koji se realizuje u saradnji Fonda solidarnosti, Unije poslodavaca i sindikata.<\/p>\n<p>Kala\u010d je kazao da ima dosta zaposlenih u dr\u017eavnim organima koji jo\u0161 nemaju rije\u0161eno to va\u017eno \u017eivotno pitanje, budu\u0107i da odavno nije ra\u0111eno na rje\u0161avanju njihovih stambenih potreba.<\/p>\n<p>Predsjednik op\u0107ine najavio je da \u0107e klju\u010deve od novih stanova budu\u0107i vlasnici dobiti na dan op\u0161tine 30. septembra 2011. godine.<\/p>\n<p>\u010cestitaju\u0107i po\u010detak izgradnje stambenog objekta Danilo Popovi\u0107 je posebno istakao anga\u017eovanje lokalne uprave i OSP.<\/p>\n<p>&#8211; Na\u0161 cilj je ne samo da radimo na jugu i u Podgorici ve\u0107 i na sjeveru. \u017delimo da pomognemo razvoju sjevera, da zadr\u017eimo kadrove, da stvorimo uslove onima koji rade da \u017eive u mnogo kvalitetnijim uslovima. Nadam se da \u0107e se stvoriti uslovi za izgradnju jo\u0161 ovakvih projekata, jer je interesovanje gra\u0111ana Ro\u017eaja veliko pa ima potrebe za mo\u017eda jo\u0161 nekoliko ovakvih objekata \u2013 kazao je Popovi\u0107.<\/p>\n<p>On je najavio da \u0107e biti kori\u0161\u0107ena neka sredstva iz inostranstva u ovu svrhu, kao i rentiranje ili kupovinu na lizing. Erste banka je iskazala veliko interesovanje da svakom budu\u0107em vlasniku obezbijedi vi\u0161egodi\u0161nje kredite \u2013 kazao je Popovi\u0107.<\/p>\n<p>Izvo\u0111a\u010d radova je firma D.O.O \u201eMomo\u2019\u2019 iz Berana, vlasnika Moma Dragovi\u0107a.<\/p>\n<p>Tri lamele i \u010detiri sprata<\/p>\n<p>Budu\u0107i stambeni objekat \u0107e se prostirati na zemlji\u0161tu povr\u0161ine od 5.380 kvadrata, koje je lokalna uprava ustupila bez nadoknade i investitora oslobodila komunalnih obaveza. Objekat \u0107e biti povezan u tri lamele na \u010detiri sprata. Stanovi \u0107e biti od 32 do 56 kvadrata.<\/p>\n<p>Izvor: <strong>Pobjeda.co.me<\/strong><\/p>\n","protected":false},"excerpt":{"rendered":"<p>Ro\u017eaje &#8211; Po\u010detak izgradnje 54 radni\u010dka stana na lokalitetu Carine na Band\u017eovom Brdu ozna\u010dili su ju\u010der postavljanjem kamena temeljca direktor Fonda za solidarnu stambenu izgradnju Danilo Popovi\u0107 i predsjednik op\u0107ine Nusret Kala\u010d. Objekat \u0107e biti izgra\u0111en u okviru projekta \u201e1000 stanova solidarnosti\u2019\u2019, koji se realizuje u saradnji Fonda solidarnosti, Unije poslodavaca i sindikata. Kala\u010d je [&hellip;]<\/p>\n","protected":false},"author":83,"featured_media":7050,"comment_status":"open","ping_status":"open","sticky":false,"template":"","format":"standard","meta":{"footnotes":""},"categories":[398,5],"tags":[],"class_list":{"0":"post-7049","1":"post","2":"type-post","3":"status-publish","4":"format-standard","5":"has-post-thumbnail","7":"category-rozaje","8":"category-drustvo"},"yoast_head":"<!-- This site is optimized with the Yoast SEO Premium plugin v23.1 (Yoast SEO v24.9) - https:\/\/yoast.com\/wordpress\/plugins\/seo\/ -->\n<title>Klju\u010devi u septembru 2011.<\/title>\n<meta name=\"robots\" content=\"index, follow, max-snippet:-1, max-image-preview:large, max-video-preview:-1\" \/>\n<link rel=\"canonical\" href=\"https:\/\/sandzakpress.net\/arhiva\/kljucevi-u-septembru-2011\/\" \/>\n<meta property=\"og:locale\" content=\"bs_BA\" \/>\n<meta property=\"og:type\" content=\"article\" \/>\n<meta property=\"og:title\" content=\"Klju\u010devi u septembru 2011.\" \/>\n<meta property=\"og:description\" content=\"Ro\u017eaje &#8211; Po\u010detak izgradnje 54 radni\u010dka stana na lokalitetu Carine na Band\u017eovom Brdu ozna\u010dili su ju\u010der postavljanjem kamena temeljca direktor Fonda za solidarnu stambenu izgradnju Danilo Popovi\u0107 i predsjednik op\u0107ine Nusret Kala\u010d. Objekat \u0107e biti izgra\u0111en u okviru projekta \u201e1000 stanova solidarnosti\u2019\u2019, koji se realizuje u saradnji Fonda solidarnosti, Unije poslodavaca i sindikata. Kala\u010d je [&hellip;]\" \/>\n<meta property=\"og:url\" content=\"https:\/\/sandzakpress.net\/arhiva\/kljucevi-u-septembru-2011\/\" \/>\n<meta property=\"og:site_name\" content=\"Sand\u017eak PRESS\" \/>\n<meta property=\"article:published_time\" content=\"2010-08-27T15:00:05+00:00\" \/>\n<meta property=\"og:image\" content=\"https:\/\/sandzakpress.net\/arhiva\/wp-content\/uploads\/2010\/08\/1282692760.jpg\" \/>\n\t<meta property=\"og:image:width\" content=\"220\" \/>\n\t<meta property=\"og:image:height\" content=\"226\" \/>\n\t<meta property=\"og:image:type\" content=\"image\/jpeg\" \/>\n<meta name=\"author\" content=\"bosniak\" \/>\n<meta name=\"twitter:card\" content=\"summary_large_image\" \/>\n<meta name=\"twitter:label1\" content=\"Written by\" \/>\n\t<meta name=\"twitter:data1\" content=\"bosniak\" \/>\n\t<meta name=\"twitter:label2\" content=\"Est. reading time\" \/>\n\t<meta name=\"twitter:data2\" content=\"2 minute\" \/>\n<script type=\"application\/ld+json\" class=\"yoast-schema-graph\">{\"@context\":\"https:\/\/schema.org\",\"@graph\":[{\"@type\":\"Article\",\"@id\":\"https:\/\/sandzakpress.net\/arhiva\/kljucevi-u-septembru-2011\/#article\",\"isPartOf\":{\"@id\":\"https:\/\/sandzakpress.net\/arhiva\/kljucevi-u-septembru-2011\/\"},\"author\":{\"name\":\"bosniak\",\"@id\":\"https:\/\/sandzakpress.net\/arhiva\/#\/schema\/person\/c8baee722073534b583ea7bdb2e36c02\"},\"headline\":\"Klju\u010devi u septembru 2011.\",\"datePublished\":\"2010-08-27T15:00:05+00:00\",\"mainEntityOfPage\":{\"@id\":\"https:\/\/sandzakpress.net\/arhiva\/kljucevi-u-septembru-2011\/\"},\"wordCount\":315,\"commentCount\":0,\"publisher\":{\"@id\":\"https:\/\/sandzakpress.net\/arhiva\/#\/schema\/person\/6e72b67d6e51910a1117b3b483ba20bd\"},\"image\":{\"@id\":\"https:\/\/sandzakpress.net\/arhiva\/kljucevi-u-septembru-2011\/#primaryimage\"},\"thumbnailUrl\":\"https:\/\/sandzakpress.net\/arhiva\/wp-content\/uploads\/2010\/08\/1282692760.jpg\",\"articleSection\":[\"Ro\u017eaje\",\"Dru\u0161tvo\"],\"inLanguage\":\"bs-BA\",\"potentialAction\":[{\"@type\":\"CommentAction\",\"name\":\"Comment\",\"target\":[\"https:\/\/sandzakpress.net\/arhiva\/kljucevi-u-septembru-2011\/#respond\"]}]},{\"@type\":\"WebPage\",\"@id\":\"https:\/\/sandzakpress.net\/arhiva\/kljucevi-u-septembru-2011\/\",\"url\":\"https:\/\/sandzakpress.net\/arhiva\/kljucevi-u-septembru-2011\/\",\"name\":\"Klju\u010devi u septembru 2011.\",\"isPartOf\":{\"@id\":\"https:\/\/sandzakpress.net\/arhiva\/#website\"},\"primaryImageOfPage\":{\"@id\":\"https:\/\/sandzakpress.net\/arhiva\/kljucevi-u-septembru-2011\/#primaryimage\"},\"image\":{\"@id\":\"https:\/\/sandzakpress.net\/arhiva\/kljucevi-u-septembru-2011\/#primaryimage\"},\"thumbnailUrl\":\"https:\/\/sandzakpress.net\/arhiva\/wp-content\/uploads\/2010\/08\/1282692760.jpg\",\"datePublished\":\"2010-08-27T15:00:05+00:00\",\"breadcrumb\":{\"@id\":\"https:\/\/sandzakpress.net\/arhiva\/kljucevi-u-septembru-2011\/#breadcrumb\"},\"inLanguage\":\"bs-BA\",\"potentialAction\":[{\"@type\":\"ReadAction\",\"target\":[\"https:\/\/sandzakpress.net\/arhiva\/kljucevi-u-septembru-2011\/\"]}]},{\"@type\":\"ImageObject\",\"inLanguage\":\"bs-BA\",\"@id\":\"https:\/\/sandzakpress.net\/arhiva\/kljucevi-u-septembru-2011\/#primaryimage\",\"url\":\"https:\/\/sandzakpress.net\/arhiva\/wp-content\/uploads\/2010\/08\/1282692760.jpg\",\"contentUrl\":\"https:\/\/sandzakpress.net\/arhiva\/wp-content\/uploads\/2010\/08\/1282692760.jpg\",\"width\":220,\"height\":226},{\"@type\":\"BreadcrumbList\",\"@id\":\"https:\/\/sandzakpress.net\/arhiva\/kljucevi-u-septembru-2011\/#breadcrumb\",\"itemListElement\":[{\"@type\":\"ListItem\",\"position\":1,\"name\":\"Home\",\"item\":\"https:\/\/sandzakpress.net\/arhiva\/\"},{\"@type\":\"ListItem\",\"position\":2,\"name\":\"Klju\u010devi u septembru 2011.\"}]},{\"@type\":\"WebSite\",\"@id\":\"https:\/\/sandzakpress.net\/arhiva\/#website\",\"url\":\"https:\/\/sandzakpress.net\/arhiva\/\",\"name\":\"Sand\u017eak PRESS\",\"description\":\"Prve elektronske novine u Sand\u017eaku\",\"publisher\":{\"@id\":\"https:\/\/sandzakpress.net\/arhiva\/#\/schema\/person\/6e72b67d6e51910a1117b3b483ba20bd\"},\"potentialAction\":[{\"@type\":\"SearchAction\",\"target\":{\"@type\":\"EntryPoint\",\"urlTemplate\":\"https:\/\/sandzakpress.net\/arhiva\/?s={search_term_string}\"},\"query-input\":{\"@type\":\"PropertyValueSpecification\",\"valueRequired\":true,\"valueName\":\"search_term_string\"}}],\"inLanguage\":\"bs-BA\"},{\"@type\":[\"Person\",\"Organization\"],\"@id\":\"https:\/\/sandzakpress.net\/arhiva\/#\/schema\/person\/6e72b67d6e51910a1117b3b483ba20bd\",\"name\":\"Kul\",\"image\":{\"@type\":\"ImageObject\",\"inLanguage\":\"bs-BA\",\"@id\":\"https:\/\/sandzakpress.net\/arhiva\/#\/schema\/person\/image\/\",\"url\":\"https:\/\/secure.gravatar.com\/avatar\/42263f39aa27ac04c43cab85c280eb2e?s=96&d=mm&r=pg\",\"contentUrl\":\"https:\/\/secure.gravatar.com\/avatar\/42263f39aa27ac04c43cab85c280eb2e?s=96&d=mm&r=pg\",\"caption\":\"Kul\"},\"logo\":{\"@id\":\"https:\/\/sandzakpress.net\/arhiva\/#\/schema\/person\/image\/\"}},{\"@type\":\"Person\",\"@id\":\"https:\/\/sandzakpress.net\/arhiva\/#\/schema\/person\/c8baee722073534b583ea7bdb2e36c02\",\"name\":\"bosniak\",\"image\":{\"@type\":\"ImageObject\",\"inLanguage\":\"bs-BA\",\"@id\":\"https:\/\/sandzakpress.net\/arhiva\/#\/schema\/person\/image\/\",\"url\":\"https:\/\/secure.gravatar.com\/avatar\/a04fd330bfe3a36a72a0ad4a6d89fca7?s=96&d=mm&r=pg\",\"contentUrl\":\"https:\/\/secure.gravatar.com\/avatar\/a04fd330bfe3a36a72a0ad4a6d89fca7?s=96&d=mm&r=pg\",\"caption\":\"bosniak\"},\"url\":\"https:\/\/sandzakpress.net\/arhiva\/author\/bosniak\/\"}]}<\/script>\n<!-- \/ Yoast SEO Premium plugin. -->","yoast_head_json":{"title":"Klju\u010devi u septembru 2011.","robots":{"index":"index","follow":"follow","max-snippet":"max-snippet:-1","max-image-preview":"max-image-preview:large","max-video-preview":"max-video-preview:-1"},"canonical":"https:\/\/sandzakpress.net\/arhiva\/kljucevi-u-septembru-2011\/","og_locale":"bs_BA","og_type":"article","og_title":"Klju\u010devi u septembru 2011.","og_description":"Ro\u017eaje &#8211; Po\u010detak izgradnje 54 radni\u010dka stana na lokalitetu Carine na Band\u017eovom Brdu ozna\u010dili su ju\u010der postavljanjem kamena temeljca direktor Fonda za solidarnu stambenu izgradnju Danilo Popovi\u0107 i predsjednik op\u0107ine Nusret Kala\u010d. Objekat \u0107e biti izgra\u0111en u okviru projekta \u201e1000 stanova solidarnosti\u2019\u2019, koji se realizuje u saradnji Fonda solidarnosti, Unije poslodavaca i sindikata. Kala\u010d je [&hellip;]","og_url":"https:\/\/sandzakpress.net\/arhiva\/kljucevi-u-septembru-2011\/","og_site_name":"Sand\u017eak PRESS","article_published_time":"2010-08-27T15:00:05+00:00","og_image":[{"width":220,"height":226,"url":"https:\/\/sandzakpress.net\/arhiva\/wp-content\/uploads\/2010\/08\/1282692760.jpg","type":"image\/jpeg"}],"author":"bosniak","twitter_card":"summary_large_image","twitter_misc":{"Written by":"bosniak","Est. reading time":"2 minute"},"schema":{"@context":"https:\/\/schema.org","@graph":[{"@type":"Article","@id":"https:\/\/sandzakpress.net\/arhiva\/kljucevi-u-septembru-2011\/#article","isPartOf":{"@id":"https:\/\/sandzakpress.net\/arhiva\/kljucevi-u-septembru-2011\/"},"author":{"name":"bosniak","@id":"https:\/\/sandzakpress.net\/arhiva\/#\/schema\/person\/c8baee722073534b583ea7bdb2e36c02"},"headline":"Klju\u010devi u septembru 2011.","datePublished":"2010-08-27T15:00:05+00:00","mainEntityOfPage":{"@id":"https:\/\/sandzakpress.net\/arhiva\/kljucevi-u-septembru-2011\/"},"wordCount":315,"commentCount":0,"publisher":{"@id":"https:\/\/sandzakpress.net\/arhiva\/#\/schema\/person\/6e72b67d6e51910a1117b3b483ba20bd"},"image":{"@id":"https:\/\/sandzakpress.net\/arhiva\/kljucevi-u-septembru-2011\/#primaryimage"},"thumbnailUrl":"https:\/\/sandzakpress.net\/arhiva\/wp-content\/uploads\/2010\/08\/1282692760.jpg","articleSection":["Ro\u017eaje","Dru\u0161tvo"],"inLanguage":"bs-BA","potentialAction":[{"@type":"CommentAction","name":"Comment","target":["https:\/\/sandzakpress.net\/arhiva\/kljucevi-u-septembru-2011\/#respond"]}]},{"@type":"WebPage","@id":"https:\/\/sandzakpress.net\/arhiva\/kljucevi-u-septembru-2011\/","url":"https:\/\/sandzakpress.net\/arhiva\/kljucevi-u-septembru-2011\/","name":"Klju\u010devi u septembru 2011.","isPartOf":{"@id":"https:\/\/sandzakpress.net\/arhiva\/#website"},"primaryImageOfPage":{"@id":"https:\/\/sandzakpress.net\/arhiva\/kljucevi-u-septembru-2011\/#primaryimage"},"image":{"@id":"https:\/\/sandzakpress.net\/arhiva\/kljucevi-u-septembru-2011\/#primaryimage"},"thumbnailUrl":"https:\/\/sandzakpress.net\/arhiva\/wp-content\/uploads\/2010\/08\/1282692760.jpg","datePublished":"2010-08-27T15:00:05+00:00","breadcrumb":{"@id":"https:\/\/sandzakpress.net\/arhiva\/kljucevi-u-septembru-2011\/#breadcrumb"},"inLanguage":"bs-BA","potentialAction":[{"@type":"ReadAction","target":["https:\/\/sandzakpress.net\/arhiva\/kljucevi-u-septembru-2011\/"]}]},{"@type":"ImageObject","inLanguage":"bs-BA","@id":"https:\/\/sandzakpress.net\/arhiva\/kljucevi-u-septembru-2011\/#primaryimage","url":"https:\/\/sandzakpress.net\/arhiva\/wp-content\/uploads\/2010\/08\/1282692760.jpg","contentUrl":"https:\/\/sandzakpress.net\/arhiva\/wp-content\/uploads\/2010\/08\/1282692760.jpg","width":220,"height":226},{"@type":"BreadcrumbList","@id":"https:\/\/sandzakpress.net\/arhiva\/kljucevi-u-septembru-2011\/#breadcrumb","itemListElement":[{"@type":"ListItem","position":1,"name":"Home","item":"https:\/\/sandzakpress.net\/arhiva\/"},{"@type":"ListItem","position":2,"name":"Klju\u010devi u septembru 2011."}]},{"@type":"WebSite","@id":"https:\/\/sandzakpress.net\/arhiva\/#website","url":"https:\/\/sandzakpress.net\/arhiva\/","name":"Sand\u017eak PRESS","description":"Prve elektronske novine u Sand\u017eaku","publisher":{"@id":"https:\/\/sandzakpress.net\/arhiva\/#\/schema\/person\/6e72b67d6e51910a1117b3b483ba20bd"},"potentialAction":[{"@type":"SearchAction","target":{"@type":"EntryPoint","urlTemplate":"https:\/\/sandzakpress.net\/arhiva\/?s={search_term_string}"},"query-input":{"@type":"PropertyValueSpecification","valueRequired":true,"valueName":"search_term_string"}}],"inLanguage":"bs-BA"},{"@type":["Person","Organization"],"@id":"https:\/\/sandzakpress.net\/arhiva\/#\/schema\/person\/6e72b67d6e51910a1117b3b483ba20bd","name":"Kul","image":{"@type":"ImageObject","inLanguage":"bs-BA","@id":"https:\/\/sandzakpress.net\/arhiva\/#\/schema\/person\/image\/","url":"https:\/\/secure.gravatar.com\/avatar\/42263f39aa27ac04c43cab85c280eb2e?s=96&d=mm&r=pg","contentUrl":"https:\/\/secure.gravatar.com\/avatar\/42263f39aa27ac04c43cab85c280eb2e?s=96&d=mm&r=pg","caption":"Kul"},"logo":{"@id":"https:\/\/sandzakpress.net\/arhiva\/#\/schema\/person\/image\/"}},{"@type":"Person","@id":"https:\/\/sandzakpress.net\/arhiva\/#\/schema\/person\/c8baee722073534b583ea7bdb2e36c02","name":"bosniak","image":{"@type":"ImageObject","inLanguage":"bs-BA","@id":"https:\/\/sandzakpress.net\/arhiva\/#\/schema\/person\/image\/","url":"https:\/\/secure.gravatar.com\/avatar\/a04fd330bfe3a36a72a0ad4a6d89fca7?s=96&d=mm&r=pg","contentUrl":"https:\/\/secure.gravatar.com\/avatar\/a04fd330bfe3a36a72a0ad4a6d89fca7?s=96&d=mm&r=pg","caption":"bosniak"},"url":"https:\/\/sandzakpress.net\/arhiva\/author\/bosniak\/"}]}},"_links":{"self":[{"href":"https:\/\/sandzakpress.net\/arhiva\/wp-json\/wp\/v2\/posts\/7049"}],"collection":[{"href":"https:\/\/sandzakpress.net\/arhiva\/wp-json\/wp\/v2\/posts"}],"about":[{"href":"https:\/\/sandzakpress.net\/arhiva\/wp-json\/wp\/v2\/types\/post"}],"author":[{"embeddable":true,"href":"https:\/\/sandzakpress.net\/arhiva\/wp-json\/wp\/v2\/users\/83"}],"replies":[{"embeddable":true,"href":"https:\/\/sandzakpress.net\/arhiva\/wp-json\/wp\/v2\/comments?post=7049"}],"version-history":[{"count":0,"href":"https:\/\/sandzakpress.net\/arhiva\/wp-json\/wp\/v2\/posts\/7049\/revisions"}],"wp:featuredmedia":[{"embeddable":true,"href":"https:\/\/sandzakpress.net\/arhiva\/wp-json\/wp\/v2\/media\/7050"}],"wp:attachment":[{"href":"https:\/\/sandzakpress.net\/arhiva\/wp-json\/wp\/v2\/media?parent=7049"}],"wp:term":[{"taxonomy":"category","embeddable":true,"href":"https:\/\/sandzakpress.net\/arhiva\/wp-json\/wp\/v2\/categories?post=7049"},{"taxonomy":"post_tag","embeddable":true,"href":"https:\/\/sandzakpress.net\/arhiva\/wp-json\/wp\/v2\/tags?post=7049"}],"curies":[{"name":"wp","href":"https:\/\/api.w.org\/{rel}","templated":true}]}}