{"id":70440,"date":"2013-03-21T16:37:24","date_gmt":"2013-03-21T15:37:24","guid":{"rendered":"https:\/\/sandzakpress.net\/arhiva\/?p=70440"},"modified":"2013-03-21T16:37:24","modified_gmt":"2013-03-21T15:37:24","slug":"u-izbnj-odrzana-javna-rasprava-o-nacrtu-platforme-za-promjenu-ustava-iz-u-bih","status":"publish","type":"post","link":"https:\/\/sandzakpress.net\/arhiva\/u-izbnj-odrzana-javna-rasprava-o-nacrtu-platforme-za-promjenu-ustava-iz-u-bih\/","title":{"rendered":"U IZBNJ odr\u017eana javna rasprava o Nacrtu platforme za promjenu Ustava IZ u BiH"},"content":{"rendered":"<p><strong><a href=\"https:\/\/sandzakpress.net\/arhiva\/wp-content\/uploads\/2013\/03\/011.jpg\"><img loading=\"lazy\" decoding=\"async\" class=\"alignleft size-medium wp-image-70441\" title=\"011\" src=\"https:\/\/sandzakpress.net\/arhiva\/wp-content\/uploads\/2013\/03\/011-300x225.jpg\" alt=\"\" width=\"300\" height=\"225\" \/><\/a>Njema\u010dka &#8211; Nakon dono\u0161enja zaklju\u010dka da se rasprave o nacrtu platforme za izmjenu ustava IZ u BiH sprovedu i van matice u Me\u0161ihatima Srbije, Hrvatske i Slovenije tako\u0111e je odlu\u010deno da se ovaj nacrt ponudi na raspravu i IZBNJ. <\/strong><\/p>\n<p>Iako je poziv na raspravu stigao dosta kasno i pored toga \u0161to je bio radni dan, njemu su se odazvali kako imami tako i predsjednici na\u0161ih d\u017eemata i \u010dlanovi Me\u0161ihata.<\/p>\n<p>Sastanku u Sindelfingenu su ispred Rijaseta prisustvovali prof. Rifet Feti\u0107 kao i prof. dr. Hilmo Neimarlija. Uvodno obra\u0107anje je iznio muftija Pa\u0161o ef. Feti\u0107 koji se zahvalio gostima na njihovom dolasku te ukratko predstavio ulogu i zna\u010daj dono\u0161enja novog ustava. Predav\u0161i rije\u010d prof. Rifetu Feti\u0107u on se obratio ovom skupu kojeg su \u010dinili imami iz Njema\u010dke: Enver ef. Pa\u0161ali\u0107, Salem ef. Huri\u0107, Fahrudin ef. D\u017eini\u0107, Red\u017eo ef. \u0160eki\u0107, Mirhet ef. Joldi\u0107, \u0160ahin ef. Efendi\u0107, Muhamed ef. Alihod\u017ei\u0107, Bilal ef. Hod\u017ei\u0107, te imami iz \u0160vajcarske: dr. Muris ef. Puri\u0107, Jasmin ef. Demi\u0107, kao i \u010dlanovi Me\u0161ihata predsjednik Edin Atlagi\u0107, \u010dlan Me\u0161ihata \u0160evket Zuki\u0107, i predsjednik IG Stuttgart dr. Ferid Kugi\u0107.<\/p>\n<p>Profesor Feti\u0107 je istakao da je dr. Hilmo Neimarlija ujedno autor trenutno va\u017ee\u0107eg ustava iz 1997. Uvidjev\u0161i potrebu za njegovom izmjenom IZ u BiH je odlu\u010dila da sa\u010dini ekspertni tim koji \u0107e ponuditi nacrt platforme za izmjenu ustava. Ustav je pro\u0161ao konsultacije ustavne komisije te se sada nudi na razmatranje kako u matici tako i u me\u0161ihatima van domovine.<\/p>\n<p>U svojoj prezentaciji Feti\u0107 je govorio prije svega o ustavu iz 1997 godine ukazuju\u0107i na promjene koje nudi novi ustav.<\/p>\n<p>Dr. Hilmo Neimarlija je na po\u010detku svog izlaganja izrazio svoje zadovoljstvo kao i odu\u0161evljenost onim \u0161to su d\u017eemati u dijaspori za ovako kratko vrijeme postigli. U svom obra\u0107anju dr. Neimarlija je izme\u0111u ostalog kazao da IZ nije civilno dru\u0161tvo, i\u00a0 ne mo\u017ee biti ustrojena poput sportskog dru\u0161tva, niti poput crkve\u00a0 niti mo\u017ee biti isklju\u010divo zajednica imama. Cilj dolaska u Njema\u010dku je da se upravo ovom dijelu IZ u dijaspori uka\u017ee na njen zna\u010daj i va\u017enost u svim ovim promjenama, jer iako IZBNJ nije najbrojnija ona zasigurno ima najdu\u017eu tradiciju organizovanog djelovanja. Veoma je bitno ustavom regulisati status d\u017eemata u dijaspori kao i njenu organiziranost. Trenutno,\u00a0 muftijstvo u dijaspori kao vid organizovanja nije ustavno definisano stoga pitanje dijaspore se mora rije\u0161iti na najobolji mogu\u0107i na\u010din, jer je vi\u0161e od 1\/3 na\u0161ih gra\u0111ana u dijaspori.\u00a0 Tako\u0111e je istakao \u010dinjenicu da smo mi jedina u potpunosti autotohna zajednica koja je na najbolji na\u010din ustavno konstituisana. Ustav iz 1997 godine je donesen bez ikakvog pritiska, ali se uvi\u0111aju njegove manjkavosti i nedefinisanosti tako da se krenulo ka promjenama koje su na tragu programa reisu-l-uleme mr. Husein ef. Kavazovi\u0107a. Posebno je naglasio da nam nedostaje ustavna i normativna kultura, a vi \u017eivite u zemljama koje to veoma dobro poznaju i koje imaju dugu tradiciju stvarne demokratije-rekao je dr. Neimarlija.<\/p>\n<p>Muftija Pa\u0161o ef. Feti\u0107 se zahvalio na obra\u0107anju na\u0161ih gostiju ponudiv\u0161i prisutnima mogu\u0107nost da se uklju\u010de u raspravu.<\/p>\n<p>Bilal ef. Hod\u017ei\u0107 je postavio pitanje kakav \u0107e biti budu\u0107i status IZBNJ, da li \u0107emo biti tretirani kao muftijstvo ili \u0107emo biti vra\u0107eni na nivo med\u017elisa.<\/p>\n<p>\u0160ahin ef. Efendi\u0107 je zatra\u017eio da se rje\u0161avanje statusa dijaspore ne ostavlja za kasnije, ako se mo\u017ee odmah rije\u0161iti.<\/p>\n<p>Edin Atlagi\u0107, predsjednik zajednice, se osvrnuo na sam nacrt platforme istakav\u0161i da je njezin cilj unaprije\u0111enje organa IZ. Ocijenio je predvi\u0111eno ustrojstvo i pristup kvalitetnim i funkcionalnim. Uvo\u0111enje srednjeg nivoa organizovanja tj., muftijstava je sa njegove strane tako\u0111er ocijenjeno funkcionalnim. Istakao je dalje, da muslimani kao individualci u\u017eivaju velika prava u Njema\u010dkoj, \u0161to se me\u0111utim trenutno jo\u0161 ne odnosi na muslimanske institucije, po\u0161to su zajednice muslimana jo\u0161 organizirane kao udru\u017eenja gra\u0111ana, koja obavljaju odre\u0111ene vjerske aktivnosti. Cilj muslimanskih zajednica stoga mora biti da steknu kvalitetniji tj. javno-pravni status na ovim podru\u010djima, a IZ u BiH bi trebala stvoriti za svoje zajednice u dijaspori jedan takav ambijent i insistirati da se zajednice u dijaspori usmjere ka tom cilju. Dalje je istakao da IZBNJ ima odre\u0111eni kvantitet i da mora ostati funkcionalna, stoga ne smije spasti na ni\u017ei nivo tj. nivo med\u017elisa.<\/p>\n<p>Muftija Feti\u0107 se osvrnuo na resor za vanjske odnose i dijasporu rekav\u0161i kako je nu\u017eno da se odnosi redefini\u0161u. Smatram, rekao je muftija da je ured za dijasporu ispunio svoju ulogu i da se treba transformisati shodno dana\u0161njem stanju na terenu. Moramo se posebno posvetiti:<\/p>\n<p>a)O\u010duvanju na\u0161ih veza sa IZ u BiH.<\/p>\n<p>b)Oja\u010dati ulogu dekreta.<\/p>\n<p>Prof. Rifet Feti\u0107 je nakon ovih pitanja odgovorio da kada je govoreno o naknadnom rje\u0161avanju pitanja dijaspore time se mislilo odmah nakon rasprava. Mi nismo htjeli ni\u0161ta da defini\u0161emo prije nego \u010dujemo mi\u0161ljenja iz dijaspore. Kako organizovati islamske zajednice u dijaspori? Da li po principu teritorijalne zastupljenosti? Koje standarde postaviti da bi neko mogao biti muftijstvo? Da li svaka zemlja mo\u017ee imati muftijstvo, jer neke imaju samo par d\u017eemata. Da li odvojeno tretirati Evropu, Australiju i SAD gdje \u017eivi najve\u0107i broj Bo\u0161njaka? Pitanje dijaspore je kompleksno, ali ono mora biti rije\u0161eno i dijaspora mora imati svoj status.<\/p>\n<p>\u010clan Me\u0161ihata IZBNJ \u0160evket Zuki\u0107 je na po\u010detku svog obra\u0107anja izrazio zadovoljstvo da je do\u0161lo do razgovora o ovim promjenama istakav\u0161i da je nu\u017eno da do\u0111e do redefiniranja odnosa. Mi smo mo\u017eda posljednja generacija koja \u017eeli da uredi odnose sa IZ u BiH- rekao je Zuki\u0107-, da li \u0107e to na\u0161a djeca ili unu\u010dad htjeti, da li \u0107e se i dalje vezivati za domovinu ostaje pod znakom pitanja.<\/p>\n<p>Rifet Feti\u0107 je prenio da je dijaspora veoma va\u017ena za BiH jer se pored doma\u0107e proizvodnje i priliva materijalnih sredstava iznutra veliki dio sredstava priliva i iz dijaspore bez koje bi ekonomija BiH bila zasigurno siroma\u0161nija. Nekada smo se vezivali za dijasporu zbog materijalnih sredstava koja iz nje dolaze, me\u0111utim to je vrijeme pro\u0161lo, jer je IZ u BiH postala dovoljno jaka da se mo\u017ee osloniti na vlastite resorse.<\/p>\n<p>Jasmin ef. Demi\u0107 imam u Zugu (CH), je ponovio konstataciju Zuki\u0107a da smo mi mo\u017eda posljednja generacija koja \u017eeli da uredi odnose sa Rijasetom. Demi\u0107 je govorio kako smo mi organizovani kao udru\u017eenja gra\u0111ana i da na\u0161 status nije isti kao status d\u017eemata u BiH. Prilikom problema u d\u017eematima reis li\u010dno sobom u\u010destvuje u rje\u0161avanju problema, dok su kod nas imami prepu\u0161teni sami sebi i nema nikoga da imame za\u0161titi.<\/p>\n<p>Dr. Muris Puri\u0107 imam u Argau (CH), je tako\u0111e se osvrnuo na odre\u0111ene izazove s kojima se suo\u010davamo istakav\u0161i da nam trebaju jaki i dobro organizovani d\u017eemati. Moramo prona\u0107i sistem menad\u017ementa i osmisliti ga- rekao je izme\u0111u ostalog Puri\u0107.<\/p>\n<p>Dr. Neimarlija se osvrnuo na spomenute dileme i pitanja rekav\u0161i da mi imamo jedno dragocjeno iskustvo organizovanja islama van matice. D\u017eemat na\u0161e djece je virtuelni d\u017eemat, \u0161ta \u0107e ih vezivati za IZ? Oni koji su li\u0161eni svojih korijena gube svoj identitet. Mi ne mo\u017eemo islam nacionalizirati, islam je nadnacionalan. Vezano za pristup dijaspori moramo imati na umu- rekao je dr. Neimarlija- da je stanje islama na zapadu razli\u010dito. Jedino je u Austriji i Belgiji islam priznat kao vjera \u0161to automatski tra\u017ei druga\u010diji pristup.<\/p>\n<p>Dr. Kugi\u0107 se tako\u0111e obratio skupu rekav\u0161i da moramo nastojati \u0161to du\u017ee da odr\u017eimo vezu sa maticom a tako\u0111e i matica sa dijasporom. Dr. Kugi\u0107 je govorio i o fakultetima za islamsku teologiju koji \u0107e u budu\u0107nosti da obrazuju na\u0161e imame te da se i o tom segmentu treba povesti ra\u010duna.<\/p>\n<p>Na kraju rasprave je done\u0161en sljede\u0107i zaklju\u010dak:<\/p>\n<p>IZBNJ podr\u017eava nacrt plana za imjene ustava IZ u BiH uz prijedlog da IZ u dijaspori imaju srednji nivo organizovanja tj. muftijstvo, i da se uspostave standardi po kojima \u0107e se mo\u0107i odre\u0111enoj zajednici priznati nivo muftijstva. IZBNJ treba da zadr\u017ei nivo Me\u0161ihata\/Muftiluka i da bude ravnopravno tretirana kao i ostala muftijstva van domovine.<\/p>\n<p><strong>(IGBD)<\/strong><\/p>\n","protected":false},"excerpt":{"rendered":"<p>Njema\u010dka &#8211; Nakon dono\u0161enja zaklju\u010dka da se rasprave o nacrtu platforme za izmjenu ustava IZ u BiH sprovedu i van matice u Me\u0161ihatima Srbije, Hrvatske i Slovenije tako\u0111e je odlu\u010deno da se ovaj nacrt ponudi na raspravu i IZBNJ. Iako je poziv na raspravu stigao dosta kasno i pored toga \u0161to je bio radni dan, [&hellip;]<\/p>\n","protected":false},"author":16,"featured_media":70441,"comment_status":"open","ping_status":"open","sticky":false,"template":"","format":"standard","meta":{"footnotes":""},"categories":[9538,802],"tags":[],"class_list":{"0":"post-70440","1":"post","2":"type-post","3":"status-publish","4":"format-standard","5":"has-post-thumbnail","7":"category-njemacka-dijaspora-gradovi-vase-vijesti","8":"category-islamska_zajednica"},"yoast_head":"<!-- This site is optimized with the Yoast SEO Premium plugin v23.1 (Yoast SEO v24.9) - https:\/\/yoast.com\/wordpress\/plugins\/seo\/ -->\n<title>U IZBNJ odr\u017eana javna rasprava o Nacrtu platforme za promjenu Ustava IZ u BiH<\/title>\n<meta name=\"robots\" content=\"index, follow, max-snippet:-1, max-image-preview:large, max-video-preview:-1\" \/>\n<link rel=\"canonical\" href=\"https:\/\/sandzakpress.net\/arhiva\/u-izbnj-odrzana-javna-rasprava-o-nacrtu-platforme-za-promjenu-ustava-iz-u-bih\/\" \/>\n<meta property=\"og:locale\" content=\"bs_BA\" \/>\n<meta property=\"og:type\" content=\"article\" \/>\n<meta property=\"og:title\" content=\"U IZBNJ odr\u017eana javna rasprava o Nacrtu platforme za promjenu Ustava IZ u BiH\" \/>\n<meta property=\"og:description\" content=\"Njema\u010dka &#8211; Nakon dono\u0161enja zaklju\u010dka da se rasprave o nacrtu platforme za izmjenu ustava IZ u BiH sprovedu i van matice u Me\u0161ihatima Srbije, Hrvatske i Slovenije tako\u0111e je odlu\u010deno da se ovaj nacrt ponudi na raspravu i IZBNJ. Iako je poziv na raspravu stigao dosta kasno i pored toga \u0161to je bio radni dan, [&hellip;]\" \/>\n<meta property=\"og:url\" content=\"https:\/\/sandzakpress.net\/arhiva\/u-izbnj-odrzana-javna-rasprava-o-nacrtu-platforme-za-promjenu-ustava-iz-u-bih\/\" \/>\n<meta property=\"og:site_name\" content=\"Sand\u017eak PRESS\" \/>\n<meta property=\"article:published_time\" content=\"2013-03-21T15:37:24+00:00\" \/>\n<meta property=\"og:image\" content=\"https:\/\/sandzakpress.net\/arhiva\/wp-content\/uploads\/2013\/03\/011.jpg\" \/>\n\t<meta property=\"og:image:width\" content=\"600\" \/>\n\t<meta property=\"og:image:height\" content=\"450\" \/>\n\t<meta property=\"og:image:type\" content=\"image\/jpeg\" \/>\n<meta name=\"twitter:card\" content=\"summary_large_image\" \/>\n<meta name=\"twitter:label1\" content=\"Written by\" \/>\n\t<meta name=\"twitter:data1\" content=\"\" \/>\n\t<meta name=\"twitter:label2\" content=\"Est. reading time\" \/>\n\t<meta name=\"twitter:data2\" content=\"7 minuta\" \/>\n<script type=\"application\/ld+json\" class=\"yoast-schema-graph\">{\"@context\":\"https:\/\/schema.org\",\"@graph\":[{\"@type\":\"Article\",\"@id\":\"https:\/\/sandzakpress.net\/arhiva\/u-izbnj-odrzana-javna-rasprava-o-nacrtu-platforme-za-promjenu-ustava-iz-u-bih\/#article\",\"isPartOf\":{\"@id\":\"https:\/\/sandzakpress.net\/arhiva\/u-izbnj-odrzana-javna-rasprava-o-nacrtu-platforme-za-promjenu-ustava-iz-u-bih\/\"},\"author\":{\"name\":\"\",\"@id\":\"\"},\"headline\":\"U IZBNJ odr\u017eana javna rasprava o Nacrtu platforme za promjenu Ustava IZ u BiH\",\"datePublished\":\"2013-03-21T15:37:24+00:00\",\"mainEntityOfPage\":{\"@id\":\"https:\/\/sandzakpress.net\/arhiva\/u-izbnj-odrzana-javna-rasprava-o-nacrtu-platforme-za-promjenu-ustava-iz-u-bih\/\"},\"wordCount\":1446,\"commentCount\":0,\"publisher\":{\"@id\":\"https:\/\/sandzakpress.net\/arhiva\/#\/schema\/person\/6e72b67d6e51910a1117b3b483ba20bd\"},\"image\":{\"@id\":\"https:\/\/sandzakpress.net\/arhiva\/u-izbnj-odrzana-javna-rasprava-o-nacrtu-platforme-za-promjenu-ustava-iz-u-bih\/#primaryimage\"},\"thumbnailUrl\":\"https:\/\/sandzakpress.net\/arhiva\/wp-content\/uploads\/2013\/03\/011.jpg\",\"articleSection\":[\"Njema\u010dka\",\"Islamska zajednica\"],\"inLanguage\":\"bs-BA\",\"potentialAction\":[{\"@type\":\"CommentAction\",\"name\":\"Comment\",\"target\":[\"https:\/\/sandzakpress.net\/arhiva\/u-izbnj-odrzana-javna-rasprava-o-nacrtu-platforme-za-promjenu-ustava-iz-u-bih\/#respond\"]}]},{\"@type\":\"WebPage\",\"@id\":\"https:\/\/sandzakpress.net\/arhiva\/u-izbnj-odrzana-javna-rasprava-o-nacrtu-platforme-za-promjenu-ustava-iz-u-bih\/\",\"url\":\"https:\/\/sandzakpress.net\/arhiva\/u-izbnj-odrzana-javna-rasprava-o-nacrtu-platforme-za-promjenu-ustava-iz-u-bih\/\",\"name\":\"U IZBNJ odr\u017eana javna rasprava o Nacrtu platforme za promjenu Ustava IZ u BiH\",\"isPartOf\":{\"@id\":\"https:\/\/sandzakpress.net\/arhiva\/#website\"},\"primaryImageOfPage\":{\"@id\":\"https:\/\/sandzakpress.net\/arhiva\/u-izbnj-odrzana-javna-rasprava-o-nacrtu-platforme-za-promjenu-ustava-iz-u-bih\/#primaryimage\"},\"image\":{\"@id\":\"https:\/\/sandzakpress.net\/arhiva\/u-izbnj-odrzana-javna-rasprava-o-nacrtu-platforme-za-promjenu-ustava-iz-u-bih\/#primaryimage\"},\"thumbnailUrl\":\"https:\/\/sandzakpress.net\/arhiva\/wp-content\/uploads\/2013\/03\/011.jpg\",\"datePublished\":\"2013-03-21T15:37:24+00:00\",\"breadcrumb\":{\"@id\":\"https:\/\/sandzakpress.net\/arhiva\/u-izbnj-odrzana-javna-rasprava-o-nacrtu-platforme-za-promjenu-ustava-iz-u-bih\/#breadcrumb\"},\"inLanguage\":\"bs-BA\",\"potentialAction\":[{\"@type\":\"ReadAction\",\"target\":[\"https:\/\/sandzakpress.net\/arhiva\/u-izbnj-odrzana-javna-rasprava-o-nacrtu-platforme-za-promjenu-ustava-iz-u-bih\/\"]}]},{\"@type\":\"ImageObject\",\"inLanguage\":\"bs-BA\",\"@id\":\"https:\/\/sandzakpress.net\/arhiva\/u-izbnj-odrzana-javna-rasprava-o-nacrtu-platforme-za-promjenu-ustava-iz-u-bih\/#primaryimage\",\"url\":\"https:\/\/sandzakpress.net\/arhiva\/wp-content\/uploads\/2013\/03\/011.jpg\",\"contentUrl\":\"https:\/\/sandzakpress.net\/arhiva\/wp-content\/uploads\/2013\/03\/011.jpg\",\"width\":600,\"height\":450},{\"@type\":\"BreadcrumbList\",\"@id\":\"https:\/\/sandzakpress.net\/arhiva\/u-izbnj-odrzana-javna-rasprava-o-nacrtu-platforme-za-promjenu-ustava-iz-u-bih\/#breadcrumb\",\"itemListElement\":[{\"@type\":\"ListItem\",\"position\":1,\"name\":\"Home\",\"item\":\"https:\/\/sandzakpress.net\/arhiva\/\"},{\"@type\":\"ListItem\",\"position\":2,\"name\":\"U IZBNJ odr\u017eana javna rasprava o Nacrtu platforme za promjenu Ustava IZ u BiH\"}]},{\"@type\":\"WebSite\",\"@id\":\"https:\/\/sandzakpress.net\/arhiva\/#website\",\"url\":\"https:\/\/sandzakpress.net\/arhiva\/\",\"name\":\"Sand\u017eak PRESS\",\"description\":\"Prve elektronske novine u Sand\u017eaku\",\"publisher\":{\"@id\":\"https:\/\/sandzakpress.net\/arhiva\/#\/schema\/person\/6e72b67d6e51910a1117b3b483ba20bd\"},\"potentialAction\":[{\"@type\":\"SearchAction\",\"target\":{\"@type\":\"EntryPoint\",\"urlTemplate\":\"https:\/\/sandzakpress.net\/arhiva\/?s={search_term_string}\"},\"query-input\":{\"@type\":\"PropertyValueSpecification\",\"valueRequired\":true,\"valueName\":\"search_term_string\"}}],\"inLanguage\":\"bs-BA\"},{\"@type\":[\"Person\",\"Organization\"],\"@id\":\"https:\/\/sandzakpress.net\/arhiva\/#\/schema\/person\/6e72b67d6e51910a1117b3b483ba20bd\",\"name\":\"Kul\",\"image\":{\"@type\":\"ImageObject\",\"inLanguage\":\"bs-BA\",\"@id\":\"https:\/\/sandzakpress.net\/arhiva\/#\/schema\/person\/image\/\",\"url\":\"https:\/\/secure.gravatar.com\/avatar\/42263f39aa27ac04c43cab85c280eb2e?s=96&d=mm&r=pg\",\"contentUrl\":\"https:\/\/secure.gravatar.com\/avatar\/42263f39aa27ac04c43cab85c280eb2e?s=96&d=mm&r=pg\",\"caption\":\"Kul\"},\"logo\":{\"@id\":\"https:\/\/sandzakpress.net\/arhiva\/#\/schema\/person\/image\/\"}},{\"@type\":\"Person\",\"@id\":\"\",\"url\":\"https:\/\/sandzakpress.net\/arhiva\/author\/\"}]}<\/script>\n<!-- \/ Yoast SEO Premium plugin. -->","yoast_head_json":{"title":"U IZBNJ odr\u017eana javna rasprava o Nacrtu platforme za promjenu Ustava IZ u BiH","robots":{"index":"index","follow":"follow","max-snippet":"max-snippet:-1","max-image-preview":"max-image-preview:large","max-video-preview":"max-video-preview:-1"},"canonical":"https:\/\/sandzakpress.net\/arhiva\/u-izbnj-odrzana-javna-rasprava-o-nacrtu-platforme-za-promjenu-ustava-iz-u-bih\/","og_locale":"bs_BA","og_type":"article","og_title":"U IZBNJ odr\u017eana javna rasprava o Nacrtu platforme za promjenu Ustava IZ u BiH","og_description":"Njema\u010dka &#8211; Nakon dono\u0161enja zaklju\u010dka da se rasprave o nacrtu platforme za izmjenu ustava IZ u BiH sprovedu i van matice u Me\u0161ihatima Srbije, Hrvatske i Slovenije tako\u0111e je odlu\u010deno da se ovaj nacrt ponudi na raspravu i IZBNJ. Iako je poziv na raspravu stigao dosta kasno i pored toga \u0161to je bio radni dan, [&hellip;]","og_url":"https:\/\/sandzakpress.net\/arhiva\/u-izbnj-odrzana-javna-rasprava-o-nacrtu-platforme-za-promjenu-ustava-iz-u-bih\/","og_site_name":"Sand\u017eak PRESS","article_published_time":"2013-03-21T15:37:24+00:00","og_image":[{"width":600,"height":450,"url":"https:\/\/sandzakpress.net\/arhiva\/wp-content\/uploads\/2013\/03\/011.jpg","type":"image\/jpeg"}],"twitter_card":"summary_large_image","twitter_misc":{"Written by":"","Est. reading time":"7 minuta"},"schema":{"@context":"https:\/\/schema.org","@graph":[{"@type":"Article","@id":"https:\/\/sandzakpress.net\/arhiva\/u-izbnj-odrzana-javna-rasprava-o-nacrtu-platforme-za-promjenu-ustava-iz-u-bih\/#article","isPartOf":{"@id":"https:\/\/sandzakpress.net\/arhiva\/u-izbnj-odrzana-javna-rasprava-o-nacrtu-platforme-za-promjenu-ustava-iz-u-bih\/"},"author":{"name":"","@id":""},"headline":"U IZBNJ odr\u017eana javna rasprava o Nacrtu platforme za promjenu Ustava IZ u BiH","datePublished":"2013-03-21T15:37:24+00:00","mainEntityOfPage":{"@id":"https:\/\/sandzakpress.net\/arhiva\/u-izbnj-odrzana-javna-rasprava-o-nacrtu-platforme-za-promjenu-ustava-iz-u-bih\/"},"wordCount":1446,"commentCount":0,"publisher":{"@id":"https:\/\/sandzakpress.net\/arhiva\/#\/schema\/person\/6e72b67d6e51910a1117b3b483ba20bd"},"image":{"@id":"https:\/\/sandzakpress.net\/arhiva\/u-izbnj-odrzana-javna-rasprava-o-nacrtu-platforme-za-promjenu-ustava-iz-u-bih\/#primaryimage"},"thumbnailUrl":"https:\/\/sandzakpress.net\/arhiva\/wp-content\/uploads\/2013\/03\/011.jpg","articleSection":["Njema\u010dka","Islamska zajednica"],"inLanguage":"bs-BA","potentialAction":[{"@type":"CommentAction","name":"Comment","target":["https:\/\/sandzakpress.net\/arhiva\/u-izbnj-odrzana-javna-rasprava-o-nacrtu-platforme-za-promjenu-ustava-iz-u-bih\/#respond"]}]},{"@type":"WebPage","@id":"https:\/\/sandzakpress.net\/arhiva\/u-izbnj-odrzana-javna-rasprava-o-nacrtu-platforme-za-promjenu-ustava-iz-u-bih\/","url":"https:\/\/sandzakpress.net\/arhiva\/u-izbnj-odrzana-javna-rasprava-o-nacrtu-platforme-za-promjenu-ustava-iz-u-bih\/","name":"U IZBNJ odr\u017eana javna rasprava o Nacrtu platforme za promjenu Ustava IZ u BiH","isPartOf":{"@id":"https:\/\/sandzakpress.net\/arhiva\/#website"},"primaryImageOfPage":{"@id":"https:\/\/sandzakpress.net\/arhiva\/u-izbnj-odrzana-javna-rasprava-o-nacrtu-platforme-za-promjenu-ustava-iz-u-bih\/#primaryimage"},"image":{"@id":"https:\/\/sandzakpress.net\/arhiva\/u-izbnj-odrzana-javna-rasprava-o-nacrtu-platforme-za-promjenu-ustava-iz-u-bih\/#primaryimage"},"thumbnailUrl":"https:\/\/sandzakpress.net\/arhiva\/wp-content\/uploads\/2013\/03\/011.jpg","datePublished":"2013-03-21T15:37:24+00:00","breadcrumb":{"@id":"https:\/\/sandzakpress.net\/arhiva\/u-izbnj-odrzana-javna-rasprava-o-nacrtu-platforme-za-promjenu-ustava-iz-u-bih\/#breadcrumb"},"inLanguage":"bs-BA","potentialAction":[{"@type":"ReadAction","target":["https:\/\/sandzakpress.net\/arhiva\/u-izbnj-odrzana-javna-rasprava-o-nacrtu-platforme-za-promjenu-ustava-iz-u-bih\/"]}]},{"@type":"ImageObject","inLanguage":"bs-BA","@id":"https:\/\/sandzakpress.net\/arhiva\/u-izbnj-odrzana-javna-rasprava-o-nacrtu-platforme-za-promjenu-ustava-iz-u-bih\/#primaryimage","url":"https:\/\/sandzakpress.net\/arhiva\/wp-content\/uploads\/2013\/03\/011.jpg","contentUrl":"https:\/\/sandzakpress.net\/arhiva\/wp-content\/uploads\/2013\/03\/011.jpg","width":600,"height":450},{"@type":"BreadcrumbList","@id":"https:\/\/sandzakpress.net\/arhiva\/u-izbnj-odrzana-javna-rasprava-o-nacrtu-platforme-za-promjenu-ustava-iz-u-bih\/#breadcrumb","itemListElement":[{"@type":"ListItem","position":1,"name":"Home","item":"https:\/\/sandzakpress.net\/arhiva\/"},{"@type":"ListItem","position":2,"name":"U IZBNJ odr\u017eana javna rasprava o Nacrtu platforme za promjenu Ustava IZ u BiH"}]},{"@type":"WebSite","@id":"https:\/\/sandzakpress.net\/arhiva\/#website","url":"https:\/\/sandzakpress.net\/arhiva\/","name":"Sand\u017eak PRESS","description":"Prve elektronske novine u Sand\u017eaku","publisher":{"@id":"https:\/\/sandzakpress.net\/arhiva\/#\/schema\/person\/6e72b67d6e51910a1117b3b483ba20bd"},"potentialAction":[{"@type":"SearchAction","target":{"@type":"EntryPoint","urlTemplate":"https:\/\/sandzakpress.net\/arhiva\/?s={search_term_string}"},"query-input":{"@type":"PropertyValueSpecification","valueRequired":true,"valueName":"search_term_string"}}],"inLanguage":"bs-BA"},{"@type":["Person","Organization"],"@id":"https:\/\/sandzakpress.net\/arhiva\/#\/schema\/person\/6e72b67d6e51910a1117b3b483ba20bd","name":"Kul","image":{"@type":"ImageObject","inLanguage":"bs-BA","@id":"https:\/\/sandzakpress.net\/arhiva\/#\/schema\/person\/image\/","url":"https:\/\/secure.gravatar.com\/avatar\/42263f39aa27ac04c43cab85c280eb2e?s=96&d=mm&r=pg","contentUrl":"https:\/\/secure.gravatar.com\/avatar\/42263f39aa27ac04c43cab85c280eb2e?s=96&d=mm&r=pg","caption":"Kul"},"logo":{"@id":"https:\/\/sandzakpress.net\/arhiva\/#\/schema\/person\/image\/"}},{"@type":"Person","@id":"","url":"https:\/\/sandzakpress.net\/arhiva\/author\/"}]}},"_links":{"self":[{"href":"https:\/\/sandzakpress.net\/arhiva\/wp-json\/wp\/v2\/posts\/70440"}],"collection":[{"href":"https:\/\/sandzakpress.net\/arhiva\/wp-json\/wp\/v2\/posts"}],"about":[{"href":"https:\/\/sandzakpress.net\/arhiva\/wp-json\/wp\/v2\/types\/post"}],"author":[{"embeddable":true,"href":"https:\/\/sandzakpress.net\/arhiva\/wp-json\/wp\/v2\/users\/16"}],"replies":[{"embeddable":true,"href":"https:\/\/sandzakpress.net\/arhiva\/wp-json\/wp\/v2\/comments?post=70440"}],"version-history":[{"count":0,"href":"https:\/\/sandzakpress.net\/arhiva\/wp-json\/wp\/v2\/posts\/70440\/revisions"}],"wp:featuredmedia":[{"embeddable":true,"href":"https:\/\/sandzakpress.net\/arhiva\/wp-json\/wp\/v2\/media\/70441"}],"wp:attachment":[{"href":"https:\/\/sandzakpress.net\/arhiva\/wp-json\/wp\/v2\/media?parent=70440"}],"wp:term":[{"taxonomy":"category","embeddable":true,"href":"https:\/\/sandzakpress.net\/arhiva\/wp-json\/wp\/v2\/categories?post=70440"},{"taxonomy":"post_tag","embeddable":true,"href":"https:\/\/sandzakpress.net\/arhiva\/wp-json\/wp\/v2\/tags?post=70440"}],"curies":[{"name":"wp","href":"https:\/\/api.w.org\/{rel}","templated":true}]}}