{"id":70324,"date":"2013-03-20T17:19:40","date_gmt":"2013-03-20T16:19:40","guid":{"rendered":"https:\/\/sandzakpress.net\/arhiva\/?p=70324"},"modified":"2013-03-20T17:19:40","modified_gmt":"2013-03-20T16:19:40","slug":"mesihat-izbnj-napravljen-korak-ka-uvezivanju-bosnjackih-udruzenja","status":"publish","type":"post","link":"https:\/\/sandzakpress.net\/arhiva\/mesihat-izbnj-napravljen-korak-ka-uvezivanju-bosnjackih-udruzenja\/","title":{"rendered":"Me\u0161ihat IZBNj: Napravljen korak ka uvezivanju bo\u0161nja\u010dkih udru\u017eenja"},"content":{"rendered":"<p><strong><a href=\"https:\/\/sandzakpress.net\/arhiva\/wp-content\/uploads\/2013\/03\/krk.jpg\"><img loading=\"lazy\" decoding=\"async\" class=\"alignleft size-medium wp-image-70325\" title=\"krk\" src=\"https:\/\/sandzakpress.net\/arhiva\/wp-content\/uploads\/2013\/03\/krk-300x199.jpg\" alt=\"\" width=\"300\" height=\"199\" \/><\/a>Njema\u010dka &#8211; Na sastanku visokoobrazovanih Bo\u0161njaka u Njema\u010dkoj koji je uprili\u010den u nedjelju u prostorijama Me\u0161ihata IZBNj u Visbadenu inicirana je ideja da se formira jedno Vrhovno vije\u0107e Bo\u0161njaka (Kongres Bo\u0161njaka ili centralni savjet Bo\u0161njaka \u2013 ta\u010dan naziv jo\u0161 nije definiran) \u010diji bi zadatak bio okupljanje cjelokupne bo\u0161nja\u010dke dijaspore u Njema\u010dkoj pa i \u0161ire.<\/strong><\/p>\n<p>Potrebu za ovakvim jednim tijelom koje bi okupljalo sve Bo\u0161njake u Njema\u010dkoj podstaknuta je \u010dinjenicom da d\u017eemati u Njema\u010dkoj kojih ima oko 70 nisu u stanju da odgovore svim izazovima i potrebama koje se postavljaju pred bo\u0161nja\u010dku populaciju. \u010cinjenice koje govore ovome u prilog je da se d\u017eematima obuhva\u0107a tek oko 30- tak hiljada Bo\u0161njaka \u0161irom Njema\u010dke, dok ih je u ovoj zemlji negdje oko 150 hiljada, uklju\u010duju\u0107i Bo\u0161njake iz Bosne i Hercegovine i Sand\u017eaka. Podatak da je od ovih preostalih 120 hiljada Bo\u0161njaka vrlo mali broj uklju\u010deno u neke klubove koji djeluju preko folklornih, sportskih i drugih sekcija \u0161to je opet zanemarljivo mala cifra dok onaj najve\u0107i dio njih nije uklju\u010den niti u bilo koje tokove, pa time ni bilo kakva zbivanja koja se odvijaju na prostorima SR Njema\u010dke, a ti\u010du se Bo\u0161nja\u0107kih interesa i na\u010dela.<\/p>\n","protected":false},"excerpt":{"rendered":"<p>Njema\u010dka &#8211; Na sastanku visokoobrazovanih Bo\u0161njaka u Njema\u010dkoj koji je uprili\u010den u nedjelju u prostorijama Me\u0161ihata IZBNj u Visbadenu inicirana je ideja da se formira jedno Vrhovno vije\u0107e Bo\u0161njaka (Kongres Bo\u0161njaka ili centralni savjet Bo\u0161njaka \u2013 ta\u010dan naziv jo\u0161 nije definiran) \u010diji bi zadatak bio okupljanje cjelokupne bo\u0161nja\u010dke dijaspore u Njema\u010dkoj pa i \u0161ire. Potrebu [&hellip;]<\/p>\n","protected":false},"author":16,"featured_media":70325,"comment_status":"open","ping_status":"open","sticky":false,"template":"","format":"standard","meta":{"footnotes":""},"categories":[9538,802],"tags":[],"class_list":{"0":"post-70324","1":"post","2":"type-post","3":"status-publish","4":"format-standard","5":"has-post-thumbnail","7":"category-njemacka-dijaspora-gradovi-vase-vijesti","8":"category-islamska_zajednica"},"yoast_head":"<!-- This site is optimized with the Yoast SEO Premium plugin v23.1 (Yoast SEO v24.9) - https:\/\/yoast.com\/wordpress\/plugins\/seo\/ -->\n<title>Me\u0161ihat IZBNj: Napravljen korak ka uvezivanju bo\u0161nja\u010dkih udru\u017eenja<\/title>\n<meta name=\"robots\" content=\"index, follow, max-snippet:-1, max-image-preview:large, max-video-preview:-1\" \/>\n<link rel=\"canonical\" href=\"https:\/\/sandzakpress.net\/arhiva\/mesihat-izbnj-napravljen-korak-ka-uvezivanju-bosnjackih-udruzenja\/\" \/>\n<meta property=\"og:locale\" content=\"bs_BA\" \/>\n<meta property=\"og:type\" content=\"article\" \/>\n<meta property=\"og:title\" content=\"Me\u0161ihat IZBNj: Napravljen korak ka uvezivanju bo\u0161nja\u010dkih udru\u017eenja\" \/>\n<meta property=\"og:description\" content=\"Njema\u010dka &#8211; Na sastanku visokoobrazovanih Bo\u0161njaka u Njema\u010dkoj koji je uprili\u010den u nedjelju u prostorijama Me\u0161ihata IZBNj u Visbadenu inicirana je ideja da se formira jedno Vrhovno vije\u0107e Bo\u0161njaka (Kongres Bo\u0161njaka ili centralni savjet Bo\u0161njaka \u2013 ta\u010dan naziv jo\u0161 nije definiran) \u010diji bi zadatak bio okupljanje cjelokupne bo\u0161nja\u010dke dijaspore u Njema\u010dkoj pa i \u0161ire. Potrebu [&hellip;]\" \/>\n<meta property=\"og:url\" content=\"https:\/\/sandzakpress.net\/arhiva\/mesihat-izbnj-napravljen-korak-ka-uvezivanju-bosnjackih-udruzenja\/\" \/>\n<meta property=\"og:site_name\" content=\"Sand\u017eak PRESS\" \/>\n<meta property=\"article:published_time\" content=\"2013-03-20T16:19:40+00:00\" \/>\n<meta property=\"og:image\" content=\"https:\/\/sandzakpress.net\/arhiva\/wp-content\/uploads\/2013\/03\/krk.jpg\" \/>\n\t<meta property=\"og:image:width\" content=\"600\" \/>\n\t<meta property=\"og:image:height\" content=\"399\" \/>\n\t<meta property=\"og:image:type\" content=\"image\/jpeg\" \/>\n<meta name=\"twitter:card\" content=\"summary_large_image\" \/>\n<meta name=\"twitter:label1\" content=\"Written by\" \/>\n\t<meta name=\"twitter:data1\" content=\"\" \/>\n\t<meta name=\"twitter:label2\" content=\"Est. reading time\" \/>\n\t<meta name=\"twitter:data2\" content=\"1 minuta\" \/>\n<script type=\"application\/ld+json\" class=\"yoast-schema-graph\">{\"@context\":\"https:\/\/schema.org\",\"@graph\":[{\"@type\":\"Article\",\"@id\":\"https:\/\/sandzakpress.net\/arhiva\/mesihat-izbnj-napravljen-korak-ka-uvezivanju-bosnjackih-udruzenja\/#article\",\"isPartOf\":{\"@id\":\"https:\/\/sandzakpress.net\/arhiva\/mesihat-izbnj-napravljen-korak-ka-uvezivanju-bosnjackih-udruzenja\/\"},\"author\":{\"name\":\"\",\"@id\":\"\"},\"headline\":\"Me\u0161ihat IZBNj: Napravljen korak ka uvezivanju bo\u0161nja\u010dkih udru\u017eenja\",\"datePublished\":\"2013-03-20T16:19:40+00:00\",\"mainEntityOfPage\":{\"@id\":\"https:\/\/sandzakpress.net\/arhiva\/mesihat-izbnj-napravljen-korak-ka-uvezivanju-bosnjackih-udruzenja\/\"},\"wordCount\":235,\"commentCount\":0,\"publisher\":{\"@id\":\"https:\/\/sandzakpress.net\/arhiva\/#\/schema\/person\/6e72b67d6e51910a1117b3b483ba20bd\"},\"image\":{\"@id\":\"https:\/\/sandzakpress.net\/arhiva\/mesihat-izbnj-napravljen-korak-ka-uvezivanju-bosnjackih-udruzenja\/#primaryimage\"},\"thumbnailUrl\":\"https:\/\/sandzakpress.net\/arhiva\/wp-content\/uploads\/2013\/03\/krk.jpg\",\"articleSection\":[\"Njema\u010dka\",\"Islamska zajednica\"],\"inLanguage\":\"bs-BA\",\"potentialAction\":[{\"@type\":\"CommentAction\",\"name\":\"Comment\",\"target\":[\"https:\/\/sandzakpress.net\/arhiva\/mesihat-izbnj-napravljen-korak-ka-uvezivanju-bosnjackih-udruzenja\/#respond\"]}]},{\"@type\":\"WebPage\",\"@id\":\"https:\/\/sandzakpress.net\/arhiva\/mesihat-izbnj-napravljen-korak-ka-uvezivanju-bosnjackih-udruzenja\/\",\"url\":\"https:\/\/sandzakpress.net\/arhiva\/mesihat-izbnj-napravljen-korak-ka-uvezivanju-bosnjackih-udruzenja\/\",\"name\":\"Me\u0161ihat IZBNj: Napravljen korak ka uvezivanju bo\u0161nja\u010dkih udru\u017eenja\",\"isPartOf\":{\"@id\":\"https:\/\/sandzakpress.net\/arhiva\/#website\"},\"primaryImageOfPage\":{\"@id\":\"https:\/\/sandzakpress.net\/arhiva\/mesihat-izbnj-napravljen-korak-ka-uvezivanju-bosnjackih-udruzenja\/#primaryimage\"},\"image\":{\"@id\":\"https:\/\/sandzakpress.net\/arhiva\/mesihat-izbnj-napravljen-korak-ka-uvezivanju-bosnjackih-udruzenja\/#primaryimage\"},\"thumbnailUrl\":\"https:\/\/sandzakpress.net\/arhiva\/wp-content\/uploads\/2013\/03\/krk.jpg\",\"datePublished\":\"2013-03-20T16:19:40+00:00\",\"breadcrumb\":{\"@id\":\"https:\/\/sandzakpress.net\/arhiva\/mesihat-izbnj-napravljen-korak-ka-uvezivanju-bosnjackih-udruzenja\/#breadcrumb\"},\"inLanguage\":\"bs-BA\",\"potentialAction\":[{\"@type\":\"ReadAction\",\"target\":[\"https:\/\/sandzakpress.net\/arhiva\/mesihat-izbnj-napravljen-korak-ka-uvezivanju-bosnjackih-udruzenja\/\"]}]},{\"@type\":\"ImageObject\",\"inLanguage\":\"bs-BA\",\"@id\":\"https:\/\/sandzakpress.net\/arhiva\/mesihat-izbnj-napravljen-korak-ka-uvezivanju-bosnjackih-udruzenja\/#primaryimage\",\"url\":\"https:\/\/sandzakpress.net\/arhiva\/wp-content\/uploads\/2013\/03\/krk.jpg\",\"contentUrl\":\"https:\/\/sandzakpress.net\/arhiva\/wp-content\/uploads\/2013\/03\/krk.jpg\",\"width\":600,\"height\":399},{\"@type\":\"BreadcrumbList\",\"@id\":\"https:\/\/sandzakpress.net\/arhiva\/mesihat-izbnj-napravljen-korak-ka-uvezivanju-bosnjackih-udruzenja\/#breadcrumb\",\"itemListElement\":[{\"@type\":\"ListItem\",\"position\":1,\"name\":\"Home\",\"item\":\"https:\/\/sandzakpress.net\/arhiva\/\"},{\"@type\":\"ListItem\",\"position\":2,\"name\":\"Me\u0161ihat IZBNj: Napravljen korak ka uvezivanju bo\u0161nja\u010dkih udru\u017eenja\"}]},{\"@type\":\"WebSite\",\"@id\":\"https:\/\/sandzakpress.net\/arhiva\/#website\",\"url\":\"https:\/\/sandzakpress.net\/arhiva\/\",\"name\":\"Sand\u017eak PRESS\",\"description\":\"Prve elektronske novine u Sand\u017eaku\",\"publisher\":{\"@id\":\"https:\/\/sandzakpress.net\/arhiva\/#\/schema\/person\/6e72b67d6e51910a1117b3b483ba20bd\"},\"potentialAction\":[{\"@type\":\"SearchAction\",\"target\":{\"@type\":\"EntryPoint\",\"urlTemplate\":\"https:\/\/sandzakpress.net\/arhiva\/?s={search_term_string}\"},\"query-input\":{\"@type\":\"PropertyValueSpecification\",\"valueRequired\":true,\"valueName\":\"search_term_string\"}}],\"inLanguage\":\"bs-BA\"},{\"@type\":[\"Person\",\"Organization\"],\"@id\":\"https:\/\/sandzakpress.net\/arhiva\/#\/schema\/person\/6e72b67d6e51910a1117b3b483ba20bd\",\"name\":\"Kul\",\"image\":{\"@type\":\"ImageObject\",\"inLanguage\":\"bs-BA\",\"@id\":\"https:\/\/sandzakpress.net\/arhiva\/#\/schema\/person\/image\/\",\"url\":\"https:\/\/secure.gravatar.com\/avatar\/42263f39aa27ac04c43cab85c280eb2e?s=96&d=mm&r=pg\",\"contentUrl\":\"https:\/\/secure.gravatar.com\/avatar\/42263f39aa27ac04c43cab85c280eb2e?s=96&d=mm&r=pg\",\"caption\":\"Kul\"},\"logo\":{\"@id\":\"https:\/\/sandzakpress.net\/arhiva\/#\/schema\/person\/image\/\"}},{\"@type\":\"Person\",\"@id\":\"\",\"url\":\"https:\/\/sandzakpress.net\/arhiva\/author\/\"}]}<\/script>\n<!-- \/ Yoast SEO Premium plugin. -->","yoast_head_json":{"title":"Me\u0161ihat IZBNj: Napravljen korak ka uvezivanju bo\u0161nja\u010dkih udru\u017eenja","robots":{"index":"index","follow":"follow","max-snippet":"max-snippet:-1","max-image-preview":"max-image-preview:large","max-video-preview":"max-video-preview:-1"},"canonical":"https:\/\/sandzakpress.net\/arhiva\/mesihat-izbnj-napravljen-korak-ka-uvezivanju-bosnjackih-udruzenja\/","og_locale":"bs_BA","og_type":"article","og_title":"Me\u0161ihat IZBNj: Napravljen korak ka uvezivanju bo\u0161nja\u010dkih udru\u017eenja","og_description":"Njema\u010dka &#8211; Na sastanku visokoobrazovanih Bo\u0161njaka u Njema\u010dkoj koji je uprili\u010den u nedjelju u prostorijama Me\u0161ihata IZBNj u Visbadenu inicirana je ideja da se formira jedno Vrhovno vije\u0107e Bo\u0161njaka (Kongres Bo\u0161njaka ili centralni savjet Bo\u0161njaka \u2013 ta\u010dan naziv jo\u0161 nije definiran) \u010diji bi zadatak bio okupljanje cjelokupne bo\u0161nja\u010dke dijaspore u Njema\u010dkoj pa i \u0161ire. Potrebu [&hellip;]","og_url":"https:\/\/sandzakpress.net\/arhiva\/mesihat-izbnj-napravljen-korak-ka-uvezivanju-bosnjackih-udruzenja\/","og_site_name":"Sand\u017eak PRESS","article_published_time":"2013-03-20T16:19:40+00:00","og_image":[{"width":600,"height":399,"url":"https:\/\/sandzakpress.net\/arhiva\/wp-content\/uploads\/2013\/03\/krk.jpg","type":"image\/jpeg"}],"twitter_card":"summary_large_image","twitter_misc":{"Written by":"","Est. reading time":"1 minuta"},"schema":{"@context":"https:\/\/schema.org","@graph":[{"@type":"Article","@id":"https:\/\/sandzakpress.net\/arhiva\/mesihat-izbnj-napravljen-korak-ka-uvezivanju-bosnjackih-udruzenja\/#article","isPartOf":{"@id":"https:\/\/sandzakpress.net\/arhiva\/mesihat-izbnj-napravljen-korak-ka-uvezivanju-bosnjackih-udruzenja\/"},"author":{"name":"","@id":""},"headline":"Me\u0161ihat IZBNj: Napravljen korak ka uvezivanju bo\u0161nja\u010dkih udru\u017eenja","datePublished":"2013-03-20T16:19:40+00:00","mainEntityOfPage":{"@id":"https:\/\/sandzakpress.net\/arhiva\/mesihat-izbnj-napravljen-korak-ka-uvezivanju-bosnjackih-udruzenja\/"},"wordCount":235,"commentCount":0,"publisher":{"@id":"https:\/\/sandzakpress.net\/arhiva\/#\/schema\/person\/6e72b67d6e51910a1117b3b483ba20bd"},"image":{"@id":"https:\/\/sandzakpress.net\/arhiva\/mesihat-izbnj-napravljen-korak-ka-uvezivanju-bosnjackih-udruzenja\/#primaryimage"},"thumbnailUrl":"https:\/\/sandzakpress.net\/arhiva\/wp-content\/uploads\/2013\/03\/krk.jpg","articleSection":["Njema\u010dka","Islamska zajednica"],"inLanguage":"bs-BA","potentialAction":[{"@type":"CommentAction","name":"Comment","target":["https:\/\/sandzakpress.net\/arhiva\/mesihat-izbnj-napravljen-korak-ka-uvezivanju-bosnjackih-udruzenja\/#respond"]}]},{"@type":"WebPage","@id":"https:\/\/sandzakpress.net\/arhiva\/mesihat-izbnj-napravljen-korak-ka-uvezivanju-bosnjackih-udruzenja\/","url":"https:\/\/sandzakpress.net\/arhiva\/mesihat-izbnj-napravljen-korak-ka-uvezivanju-bosnjackih-udruzenja\/","name":"Me\u0161ihat IZBNj: Napravljen korak ka uvezivanju bo\u0161nja\u010dkih udru\u017eenja","isPartOf":{"@id":"https:\/\/sandzakpress.net\/arhiva\/#website"},"primaryImageOfPage":{"@id":"https:\/\/sandzakpress.net\/arhiva\/mesihat-izbnj-napravljen-korak-ka-uvezivanju-bosnjackih-udruzenja\/#primaryimage"},"image":{"@id":"https:\/\/sandzakpress.net\/arhiva\/mesihat-izbnj-napravljen-korak-ka-uvezivanju-bosnjackih-udruzenja\/#primaryimage"},"thumbnailUrl":"https:\/\/sandzakpress.net\/arhiva\/wp-content\/uploads\/2013\/03\/krk.jpg","datePublished":"2013-03-20T16:19:40+00:00","breadcrumb":{"@id":"https:\/\/sandzakpress.net\/arhiva\/mesihat-izbnj-napravljen-korak-ka-uvezivanju-bosnjackih-udruzenja\/#breadcrumb"},"inLanguage":"bs-BA","potentialAction":[{"@type":"ReadAction","target":["https:\/\/sandzakpress.net\/arhiva\/mesihat-izbnj-napravljen-korak-ka-uvezivanju-bosnjackih-udruzenja\/"]}]},{"@type":"ImageObject","inLanguage":"bs-BA","@id":"https:\/\/sandzakpress.net\/arhiva\/mesihat-izbnj-napravljen-korak-ka-uvezivanju-bosnjackih-udruzenja\/#primaryimage","url":"https:\/\/sandzakpress.net\/arhiva\/wp-content\/uploads\/2013\/03\/krk.jpg","contentUrl":"https:\/\/sandzakpress.net\/arhiva\/wp-content\/uploads\/2013\/03\/krk.jpg","width":600,"height":399},{"@type":"BreadcrumbList","@id":"https:\/\/sandzakpress.net\/arhiva\/mesihat-izbnj-napravljen-korak-ka-uvezivanju-bosnjackih-udruzenja\/#breadcrumb","itemListElement":[{"@type":"ListItem","position":1,"name":"Home","item":"https:\/\/sandzakpress.net\/arhiva\/"},{"@type":"ListItem","position":2,"name":"Me\u0161ihat IZBNj: Napravljen korak ka uvezivanju bo\u0161nja\u010dkih udru\u017eenja"}]},{"@type":"WebSite","@id":"https:\/\/sandzakpress.net\/arhiva\/#website","url":"https:\/\/sandzakpress.net\/arhiva\/","name":"Sand\u017eak PRESS","description":"Prve elektronske novine u Sand\u017eaku","publisher":{"@id":"https:\/\/sandzakpress.net\/arhiva\/#\/schema\/person\/6e72b67d6e51910a1117b3b483ba20bd"},"potentialAction":[{"@type":"SearchAction","target":{"@type":"EntryPoint","urlTemplate":"https:\/\/sandzakpress.net\/arhiva\/?s={search_term_string}"},"query-input":{"@type":"PropertyValueSpecification","valueRequired":true,"valueName":"search_term_string"}}],"inLanguage":"bs-BA"},{"@type":["Person","Organization"],"@id":"https:\/\/sandzakpress.net\/arhiva\/#\/schema\/person\/6e72b67d6e51910a1117b3b483ba20bd","name":"Kul","image":{"@type":"ImageObject","inLanguage":"bs-BA","@id":"https:\/\/sandzakpress.net\/arhiva\/#\/schema\/person\/image\/","url":"https:\/\/secure.gravatar.com\/avatar\/42263f39aa27ac04c43cab85c280eb2e?s=96&d=mm&r=pg","contentUrl":"https:\/\/secure.gravatar.com\/avatar\/42263f39aa27ac04c43cab85c280eb2e?s=96&d=mm&r=pg","caption":"Kul"},"logo":{"@id":"https:\/\/sandzakpress.net\/arhiva\/#\/schema\/person\/image\/"}},{"@type":"Person","@id":"","url":"https:\/\/sandzakpress.net\/arhiva\/author\/"}]}},"_links":{"self":[{"href":"https:\/\/sandzakpress.net\/arhiva\/wp-json\/wp\/v2\/posts\/70324"}],"collection":[{"href":"https:\/\/sandzakpress.net\/arhiva\/wp-json\/wp\/v2\/posts"}],"about":[{"href":"https:\/\/sandzakpress.net\/arhiva\/wp-json\/wp\/v2\/types\/post"}],"author":[{"embeddable":true,"href":"https:\/\/sandzakpress.net\/arhiva\/wp-json\/wp\/v2\/users\/16"}],"replies":[{"embeddable":true,"href":"https:\/\/sandzakpress.net\/arhiva\/wp-json\/wp\/v2\/comments?post=70324"}],"version-history":[{"count":0,"href":"https:\/\/sandzakpress.net\/arhiva\/wp-json\/wp\/v2\/posts\/70324\/revisions"}],"wp:featuredmedia":[{"embeddable":true,"href":"https:\/\/sandzakpress.net\/arhiva\/wp-json\/wp\/v2\/media\/70325"}],"wp:attachment":[{"href":"https:\/\/sandzakpress.net\/arhiva\/wp-json\/wp\/v2\/media?parent=70324"}],"wp:term":[{"taxonomy":"category","embeddable":true,"href":"https:\/\/sandzakpress.net\/arhiva\/wp-json\/wp\/v2\/categories?post=70324"},{"taxonomy":"post_tag","embeddable":true,"href":"https:\/\/sandzakpress.net\/arhiva\/wp-json\/wp\/v2\/tags?post=70324"}],"curies":[{"name":"wp","href":"https:\/\/api.w.org\/{rel}","templated":true}]}}