{"id":69690,"date":"2013-03-14T15:57:21","date_gmt":"2013-03-14T14:57:21","guid":{"rendered":"https:\/\/sandzakpress.net\/arhiva\/?p=69690"},"modified":"2013-03-14T15:57:21","modified_gmt":"2013-03-14T14:57:21","slug":"njemacka-racija-nad-selefijama","status":"publish","type":"post","link":"https:\/\/sandzakpress.net\/arhiva\/njemacka-racija-nad-selefijama\/","title":{"rendered":"Njema\u010dka: Racija nad selefijama"},"content":{"rendered":"<p><strong><a href=\"https:\/\/sandzakpress.net\/arhiva\/wp-content\/uploads\/2013\/03\/d3346f7f97880d0110eba6357f2c6c1e.jpg\"><img loading=\"lazy\" decoding=\"async\" class=\"alignleft size-full wp-image-69691\" title=\"d3346f7f97880d0110eba6357f2c6c1e\" src=\"https:\/\/sandzakpress.net\/arhiva\/wp-content\/uploads\/2013\/03\/d3346f7f97880d0110eba6357f2c6c1e.jpg\" alt=\"\" width=\"180\" height=\"220\" \/><\/a>Njema\u010dka &#8211; Radikalne selefije ve\u0107 du\u017ee vremena zadaju brige njema\u010dkim sigurnosnim snagama,oni odbijaju Zapadnu demokratiju i \u017eele sprovoditi islamsko pravo, pi\u0161u njema\u010dki mediji.<\/strong><\/p>\n<p>Ministar unutra\u0161njih poslova Njema\u010dke Hans-Peter Friedrich pokrenuo je konkretnu akciju: racije i zabrane okupljanja.<\/p>\n<p>U srijedu je policija izr\u0161ila raciju ultrakonzervativnih islamskih udru\u017eenja u Nordrhein-Westfalenu i Hessenu, izjavilo je ministarstvo unutra\u0161njih poslova u Berlinu i to zbog navodne uklju\u010denosti u aktivnosti koje kr\u0161e Ustav ove zemlje. Ministar Hans-Peter Friedrich (CSU), zabranio je udru\u017eenja &#8220;DawaFFM&#8221; i &#8220;Islamski Audio&#8221; pro\u0161iriv\u0161i i ograni\u010denja iz 2012. godine nad udru\u017eenjem &#8220;Millatu Ibrahim&#8221;. Izvr\u0161en je pretres nad 20 osoba. Slu\u017ebenici su zaplijenili imovinu organizacija kao i dokumenta.<\/p>\n<p>Jo\u0161 u junu 2012. godine policija i tu\u017eila\u0161tvo su izvr\u0161ili racije radikalnih selefija \u0161irom dr\u017eave. Slu\u017ebenici su tada na 80 mjesta u sedam saveznih dr\u017eava pretra\u017eili stanove, prostorije udru\u017eenja i jednu d\u017eamiju. \u010cak i u ranijim racijama u fukusu su bili Nordrhein-Westfalen i Hessen. Fridrich je tada zabranio udru\u017eenje \u201eMillatu Ibrahim&#8221; i pokrenuo pravni postupak protiv \u201eDawaFFM&#8221;.<\/p>\n<p>Dokumenti i dokazi zaplijenjeni u junu pro\u0161le godine poslu\u017eili su istra\u017eiteljima za dalju istragu i pra\u0107enje.<\/p>\n<p>&#8220;Selefizam, kako je predstavljen od sada zabranjenih udru\u017eenja, je nespojiv sa na\u0161im liberalnim demokratskim poretkom&#8221;, kazao je Friedrich. On navodi da su ta tri udru\u017eenja nastojala da na agresivno-ratoboran na\u010din promjene dru\u0161tvo te da demokratski sistem zamjene selefijskim sistemom i \u0161erijatskim zakonom. Zabrana slu\u017ei i da se za\u0161titi ogroman broj miroljubivih muslimana.<\/p>\n<p>&#8220;Oni ne smiju patiti zbog sukoba koji su planski izazvani od strane ekstremista&#8221;, zaklju\u010dio je on.<\/p>\n<p>Ova udru\u017eenja su bila uklju\u010dena u regrutiranje, prikupljanje sredstava i propagandu,uklju\u010duju\u0107i video snimke i druge vidove objavljivanja na internetu pozivaju\u0107i ljude da se bore protiv onih koji ne vjeruju u njihovu verziju islama, kazao je Hans-Georg Maassen, \u0161ef njema\u010dke obavje\u0161tajne slu\u017ebe, Ured za za\u0161titu Ustava.<\/p>\n<p>&#8220;Ova udru\u017eenja su se usmjerila na osnovna prava slobode ispovjedanja vjere, protiv kr\u0161\u0107ana i drugih vjera uklju\u010duju\u0107i i \u0161iije&#8221;, kazao je Maassen.<\/p>\n<p>On kao primjer navodi jedan od video snimaka koje je na YouTube objavila DawaFFM,gdje jedan od arapskih propovjednika ka\u017ee za \u0161iije: &#8220;Da Poslanik Muhammed \u010duje \u0161to govorite odsjekao bi vam i ruke i noge a vas protjerao iz zemlje&#8221;.<\/p>\n<p>Selefisti\u010dki pokret ubrzano raste u Njema\u010dkoj privla\u010de\u0107i kako muslimane tako i konvertite,ve\u0107inom mu\u0161karce izme\u0111u 20 i 30 godina.U 2011. godini oko 3.800 selefija bilo je poznato vlastima dok ih sad ima oko 4.500. Od ovog broja oko 70 odsto su Nijemci, a 30 odsto dolazi iz razli\u010ditih zemalja,uklju\u010duju\u0107i Tursku,Maroko i Bosnu i Hercegovinu, prema neimenovanom sigurnosnom zvani\u010dniku. On navodi da oko \u010detvrtinu od ovog broja \u010dine konvertiti.<\/p>\n<p>(islambosna)<\/p>\n","protected":false},"excerpt":{"rendered":"<p>Njema\u010dka &#8211; Radikalne selefije ve\u0107 du\u017ee vremena zadaju brige njema\u010dkim sigurnosnim snagama,oni odbijaju Zapadnu demokratiju i \u017eele sprovoditi islamsko pravo, pi\u0161u njema\u010dki mediji. Ministar unutra\u0161njih poslova Njema\u010dke Hans-Peter Friedrich pokrenuo je konkretnu akciju: racije i zabrane okupljanja. U srijedu je policija izr\u0161ila raciju ultrakonzervativnih islamskih udru\u017eenja u Nordrhein-Westfalenu i Hessenu, izjavilo je ministarstvo unutra\u0161njih poslova [&hellip;]<\/p>\n","protected":false},"author":16,"featured_media":69691,"comment_status":"open","ping_status":"open","sticky":false,"template":"","format":"standard","meta":{"footnotes":""},"categories":[9538,9],"tags":[],"class_list":{"0":"post-69690","1":"post","2":"type-post","3":"status-publish","4":"format-standard","5":"has-post-thumbnail","7":"category-njemacka-dijaspora-gradovi-vase-vijesti","8":"category-svijet"},"yoast_head":"<!-- This site is optimized with the Yoast SEO Premium plugin v23.1 (Yoast SEO v24.9) - https:\/\/yoast.com\/wordpress\/plugins\/seo\/ -->\n<title>Njema\u010dka: Racija nad selefijama<\/title>\n<meta name=\"robots\" content=\"index, follow, max-snippet:-1, max-image-preview:large, max-video-preview:-1\" \/>\n<link rel=\"canonical\" href=\"https:\/\/sandzakpress.net\/arhiva\/njemacka-racija-nad-selefijama\/\" \/>\n<meta property=\"og:locale\" content=\"bs_BA\" \/>\n<meta property=\"og:type\" content=\"article\" \/>\n<meta property=\"og:title\" content=\"Njema\u010dka: Racija nad selefijama\" \/>\n<meta property=\"og:description\" content=\"Njema\u010dka &#8211; Radikalne selefije ve\u0107 du\u017ee vremena zadaju brige njema\u010dkim sigurnosnim snagama,oni odbijaju Zapadnu demokratiju i \u017eele sprovoditi islamsko pravo, pi\u0161u njema\u010dki mediji. Ministar unutra\u0161njih poslova Njema\u010dke Hans-Peter Friedrich pokrenuo je konkretnu akciju: racije i zabrane okupljanja. U srijedu je policija izr\u0161ila raciju ultrakonzervativnih islamskih udru\u017eenja u Nordrhein-Westfalenu i Hessenu, izjavilo je ministarstvo unutra\u0161njih poslova [&hellip;]\" \/>\n<meta property=\"og:url\" content=\"https:\/\/sandzakpress.net\/arhiva\/njemacka-racija-nad-selefijama\/\" \/>\n<meta property=\"og:site_name\" content=\"Sand\u017eak PRESS\" \/>\n<meta property=\"article:published_time\" content=\"2013-03-14T14:57:21+00:00\" \/>\n<meta property=\"og:image\" content=\"https:\/\/sandzakpress.net\/arhiva\/wp-content\/uploads\/2013\/03\/d3346f7f97880d0110eba6357f2c6c1e.jpg\" \/>\n\t<meta property=\"og:image:width\" content=\"180\" \/>\n\t<meta property=\"og:image:height\" content=\"220\" \/>\n\t<meta property=\"og:image:type\" content=\"image\/jpeg\" \/>\n<meta name=\"twitter:card\" content=\"summary_large_image\" \/>\n<meta name=\"twitter:label1\" content=\"Written by\" \/>\n\t<meta name=\"twitter:data1\" content=\"\" \/>\n\t<meta name=\"twitter:label2\" content=\"Est. reading time\" \/>\n\t<meta name=\"twitter:data2\" content=\"2 minute\" \/>\n<script type=\"application\/ld+json\" class=\"yoast-schema-graph\">{\"@context\":\"https:\/\/schema.org\",\"@graph\":[{\"@type\":\"Article\",\"@id\":\"https:\/\/sandzakpress.net\/arhiva\/njemacka-racija-nad-selefijama\/#article\",\"isPartOf\":{\"@id\":\"https:\/\/sandzakpress.net\/arhiva\/njemacka-racija-nad-selefijama\/\"},\"author\":{\"name\":\"\",\"@id\":\"\"},\"headline\":\"Njema\u010dka: Racija nad selefijama\",\"datePublished\":\"2013-03-14T14:57:21+00:00\",\"mainEntityOfPage\":{\"@id\":\"https:\/\/sandzakpress.net\/arhiva\/njemacka-racija-nad-selefijama\/\"},\"wordCount\":486,\"commentCount\":0,\"publisher\":{\"@id\":\"https:\/\/sandzakpress.net\/arhiva\/#\/schema\/person\/6e72b67d6e51910a1117b3b483ba20bd\"},\"image\":{\"@id\":\"https:\/\/sandzakpress.net\/arhiva\/njemacka-racija-nad-selefijama\/#primaryimage\"},\"thumbnailUrl\":\"https:\/\/sandzakpress.net\/arhiva\/wp-content\/uploads\/2013\/03\/d3346f7f97880d0110eba6357f2c6c1e.jpg\",\"articleSection\":[\"Njema\u010dka\",\"Svijet\"],\"inLanguage\":\"bs-BA\",\"potentialAction\":[{\"@type\":\"CommentAction\",\"name\":\"Comment\",\"target\":[\"https:\/\/sandzakpress.net\/arhiva\/njemacka-racija-nad-selefijama\/#respond\"]}]},{\"@type\":\"WebPage\",\"@id\":\"https:\/\/sandzakpress.net\/arhiva\/njemacka-racija-nad-selefijama\/\",\"url\":\"https:\/\/sandzakpress.net\/arhiva\/njemacka-racija-nad-selefijama\/\",\"name\":\"Njema\u010dka: Racija nad selefijama\",\"isPartOf\":{\"@id\":\"https:\/\/sandzakpress.net\/arhiva\/#website\"},\"primaryImageOfPage\":{\"@id\":\"https:\/\/sandzakpress.net\/arhiva\/njemacka-racija-nad-selefijama\/#primaryimage\"},\"image\":{\"@id\":\"https:\/\/sandzakpress.net\/arhiva\/njemacka-racija-nad-selefijama\/#primaryimage\"},\"thumbnailUrl\":\"https:\/\/sandzakpress.net\/arhiva\/wp-content\/uploads\/2013\/03\/d3346f7f97880d0110eba6357f2c6c1e.jpg\",\"datePublished\":\"2013-03-14T14:57:21+00:00\",\"breadcrumb\":{\"@id\":\"https:\/\/sandzakpress.net\/arhiva\/njemacka-racija-nad-selefijama\/#breadcrumb\"},\"inLanguage\":\"bs-BA\",\"potentialAction\":[{\"@type\":\"ReadAction\",\"target\":[\"https:\/\/sandzakpress.net\/arhiva\/njemacka-racija-nad-selefijama\/\"]}]},{\"@type\":\"ImageObject\",\"inLanguage\":\"bs-BA\",\"@id\":\"https:\/\/sandzakpress.net\/arhiva\/njemacka-racija-nad-selefijama\/#primaryimage\",\"url\":\"https:\/\/sandzakpress.net\/arhiva\/wp-content\/uploads\/2013\/03\/d3346f7f97880d0110eba6357f2c6c1e.jpg\",\"contentUrl\":\"https:\/\/sandzakpress.net\/arhiva\/wp-content\/uploads\/2013\/03\/d3346f7f97880d0110eba6357f2c6c1e.jpg\",\"width\":180,\"height\":220},{\"@type\":\"BreadcrumbList\",\"@id\":\"https:\/\/sandzakpress.net\/arhiva\/njemacka-racija-nad-selefijama\/#breadcrumb\",\"itemListElement\":[{\"@type\":\"ListItem\",\"position\":1,\"name\":\"Home\",\"item\":\"https:\/\/sandzakpress.net\/arhiva\/\"},{\"@type\":\"ListItem\",\"position\":2,\"name\":\"Njema\u010dka: Racija nad selefijama\"}]},{\"@type\":\"WebSite\",\"@id\":\"https:\/\/sandzakpress.net\/arhiva\/#website\",\"url\":\"https:\/\/sandzakpress.net\/arhiva\/\",\"name\":\"Sand\u017eak PRESS\",\"description\":\"Prve elektronske novine u Sand\u017eaku\",\"publisher\":{\"@id\":\"https:\/\/sandzakpress.net\/arhiva\/#\/schema\/person\/6e72b67d6e51910a1117b3b483ba20bd\"},\"potentialAction\":[{\"@type\":\"SearchAction\",\"target\":{\"@type\":\"EntryPoint\",\"urlTemplate\":\"https:\/\/sandzakpress.net\/arhiva\/?s={search_term_string}\"},\"query-input\":{\"@type\":\"PropertyValueSpecification\",\"valueRequired\":true,\"valueName\":\"search_term_string\"}}],\"inLanguage\":\"bs-BA\"},{\"@type\":[\"Person\",\"Organization\"],\"@id\":\"https:\/\/sandzakpress.net\/arhiva\/#\/schema\/person\/6e72b67d6e51910a1117b3b483ba20bd\",\"name\":\"Kul\",\"image\":{\"@type\":\"ImageObject\",\"inLanguage\":\"bs-BA\",\"@id\":\"https:\/\/sandzakpress.net\/arhiva\/#\/schema\/person\/image\/\",\"url\":\"https:\/\/secure.gravatar.com\/avatar\/42263f39aa27ac04c43cab85c280eb2e?s=96&d=mm&r=pg\",\"contentUrl\":\"https:\/\/secure.gravatar.com\/avatar\/42263f39aa27ac04c43cab85c280eb2e?s=96&d=mm&r=pg\",\"caption\":\"Kul\"},\"logo\":{\"@id\":\"https:\/\/sandzakpress.net\/arhiva\/#\/schema\/person\/image\/\"}},{\"@type\":\"Person\",\"@id\":\"\",\"url\":\"https:\/\/sandzakpress.net\/arhiva\/author\/\"}]}<\/script>\n<!-- \/ Yoast SEO Premium plugin. -->","yoast_head_json":{"title":"Njema\u010dka: Racija nad selefijama","robots":{"index":"index","follow":"follow","max-snippet":"max-snippet:-1","max-image-preview":"max-image-preview:large","max-video-preview":"max-video-preview:-1"},"canonical":"https:\/\/sandzakpress.net\/arhiva\/njemacka-racija-nad-selefijama\/","og_locale":"bs_BA","og_type":"article","og_title":"Njema\u010dka: Racija nad selefijama","og_description":"Njema\u010dka &#8211; Radikalne selefije ve\u0107 du\u017ee vremena zadaju brige njema\u010dkim sigurnosnim snagama,oni odbijaju Zapadnu demokratiju i \u017eele sprovoditi islamsko pravo, pi\u0161u njema\u010dki mediji. Ministar unutra\u0161njih poslova Njema\u010dke Hans-Peter Friedrich pokrenuo je konkretnu akciju: racije i zabrane okupljanja. U srijedu je policija izr\u0161ila raciju ultrakonzervativnih islamskih udru\u017eenja u Nordrhein-Westfalenu i Hessenu, izjavilo je ministarstvo unutra\u0161njih poslova [&hellip;]","og_url":"https:\/\/sandzakpress.net\/arhiva\/njemacka-racija-nad-selefijama\/","og_site_name":"Sand\u017eak PRESS","article_published_time":"2013-03-14T14:57:21+00:00","og_image":[{"width":180,"height":220,"url":"https:\/\/sandzakpress.net\/arhiva\/wp-content\/uploads\/2013\/03\/d3346f7f97880d0110eba6357f2c6c1e.jpg","type":"image\/jpeg"}],"twitter_card":"summary_large_image","twitter_misc":{"Written by":"","Est. reading time":"2 minute"},"schema":{"@context":"https:\/\/schema.org","@graph":[{"@type":"Article","@id":"https:\/\/sandzakpress.net\/arhiva\/njemacka-racija-nad-selefijama\/#article","isPartOf":{"@id":"https:\/\/sandzakpress.net\/arhiva\/njemacka-racija-nad-selefijama\/"},"author":{"name":"","@id":""},"headline":"Njema\u010dka: Racija nad selefijama","datePublished":"2013-03-14T14:57:21+00:00","mainEntityOfPage":{"@id":"https:\/\/sandzakpress.net\/arhiva\/njemacka-racija-nad-selefijama\/"},"wordCount":486,"commentCount":0,"publisher":{"@id":"https:\/\/sandzakpress.net\/arhiva\/#\/schema\/person\/6e72b67d6e51910a1117b3b483ba20bd"},"image":{"@id":"https:\/\/sandzakpress.net\/arhiva\/njemacka-racija-nad-selefijama\/#primaryimage"},"thumbnailUrl":"https:\/\/sandzakpress.net\/arhiva\/wp-content\/uploads\/2013\/03\/d3346f7f97880d0110eba6357f2c6c1e.jpg","articleSection":["Njema\u010dka","Svijet"],"inLanguage":"bs-BA","potentialAction":[{"@type":"CommentAction","name":"Comment","target":["https:\/\/sandzakpress.net\/arhiva\/njemacka-racija-nad-selefijama\/#respond"]}]},{"@type":"WebPage","@id":"https:\/\/sandzakpress.net\/arhiva\/njemacka-racija-nad-selefijama\/","url":"https:\/\/sandzakpress.net\/arhiva\/njemacka-racija-nad-selefijama\/","name":"Njema\u010dka: Racija nad selefijama","isPartOf":{"@id":"https:\/\/sandzakpress.net\/arhiva\/#website"},"primaryImageOfPage":{"@id":"https:\/\/sandzakpress.net\/arhiva\/njemacka-racija-nad-selefijama\/#primaryimage"},"image":{"@id":"https:\/\/sandzakpress.net\/arhiva\/njemacka-racija-nad-selefijama\/#primaryimage"},"thumbnailUrl":"https:\/\/sandzakpress.net\/arhiva\/wp-content\/uploads\/2013\/03\/d3346f7f97880d0110eba6357f2c6c1e.jpg","datePublished":"2013-03-14T14:57:21+00:00","breadcrumb":{"@id":"https:\/\/sandzakpress.net\/arhiva\/njemacka-racija-nad-selefijama\/#breadcrumb"},"inLanguage":"bs-BA","potentialAction":[{"@type":"ReadAction","target":["https:\/\/sandzakpress.net\/arhiva\/njemacka-racija-nad-selefijama\/"]}]},{"@type":"ImageObject","inLanguage":"bs-BA","@id":"https:\/\/sandzakpress.net\/arhiva\/njemacka-racija-nad-selefijama\/#primaryimage","url":"https:\/\/sandzakpress.net\/arhiva\/wp-content\/uploads\/2013\/03\/d3346f7f97880d0110eba6357f2c6c1e.jpg","contentUrl":"https:\/\/sandzakpress.net\/arhiva\/wp-content\/uploads\/2013\/03\/d3346f7f97880d0110eba6357f2c6c1e.jpg","width":180,"height":220},{"@type":"BreadcrumbList","@id":"https:\/\/sandzakpress.net\/arhiva\/njemacka-racija-nad-selefijama\/#breadcrumb","itemListElement":[{"@type":"ListItem","position":1,"name":"Home","item":"https:\/\/sandzakpress.net\/arhiva\/"},{"@type":"ListItem","position":2,"name":"Njema\u010dka: Racija nad selefijama"}]},{"@type":"WebSite","@id":"https:\/\/sandzakpress.net\/arhiva\/#website","url":"https:\/\/sandzakpress.net\/arhiva\/","name":"Sand\u017eak PRESS","description":"Prve elektronske novine u Sand\u017eaku","publisher":{"@id":"https:\/\/sandzakpress.net\/arhiva\/#\/schema\/person\/6e72b67d6e51910a1117b3b483ba20bd"},"potentialAction":[{"@type":"SearchAction","target":{"@type":"EntryPoint","urlTemplate":"https:\/\/sandzakpress.net\/arhiva\/?s={search_term_string}"},"query-input":{"@type":"PropertyValueSpecification","valueRequired":true,"valueName":"search_term_string"}}],"inLanguage":"bs-BA"},{"@type":["Person","Organization"],"@id":"https:\/\/sandzakpress.net\/arhiva\/#\/schema\/person\/6e72b67d6e51910a1117b3b483ba20bd","name":"Kul","image":{"@type":"ImageObject","inLanguage":"bs-BA","@id":"https:\/\/sandzakpress.net\/arhiva\/#\/schema\/person\/image\/","url":"https:\/\/secure.gravatar.com\/avatar\/42263f39aa27ac04c43cab85c280eb2e?s=96&d=mm&r=pg","contentUrl":"https:\/\/secure.gravatar.com\/avatar\/42263f39aa27ac04c43cab85c280eb2e?s=96&d=mm&r=pg","caption":"Kul"},"logo":{"@id":"https:\/\/sandzakpress.net\/arhiva\/#\/schema\/person\/image\/"}},{"@type":"Person","@id":"","url":"https:\/\/sandzakpress.net\/arhiva\/author\/"}]}},"_links":{"self":[{"href":"https:\/\/sandzakpress.net\/arhiva\/wp-json\/wp\/v2\/posts\/69690"}],"collection":[{"href":"https:\/\/sandzakpress.net\/arhiva\/wp-json\/wp\/v2\/posts"}],"about":[{"href":"https:\/\/sandzakpress.net\/arhiva\/wp-json\/wp\/v2\/types\/post"}],"author":[{"embeddable":true,"href":"https:\/\/sandzakpress.net\/arhiva\/wp-json\/wp\/v2\/users\/16"}],"replies":[{"embeddable":true,"href":"https:\/\/sandzakpress.net\/arhiva\/wp-json\/wp\/v2\/comments?post=69690"}],"version-history":[{"count":0,"href":"https:\/\/sandzakpress.net\/arhiva\/wp-json\/wp\/v2\/posts\/69690\/revisions"}],"wp:featuredmedia":[{"embeddable":true,"href":"https:\/\/sandzakpress.net\/arhiva\/wp-json\/wp\/v2\/media\/69691"}],"wp:attachment":[{"href":"https:\/\/sandzakpress.net\/arhiva\/wp-json\/wp\/v2\/media?parent=69690"}],"wp:term":[{"taxonomy":"category","embeddable":true,"href":"https:\/\/sandzakpress.net\/arhiva\/wp-json\/wp\/v2\/categories?post=69690"},{"taxonomy":"post_tag","embeddable":true,"href":"https:\/\/sandzakpress.net\/arhiva\/wp-json\/wp\/v2\/tags?post=69690"}],"curies":[{"name":"wp","href":"https:\/\/api.w.org\/{rel}","templated":true}]}}