{"id":69657,"date":"2013-03-14T15:40:52","date_gmt":"2013-03-14T14:40:52","guid":{"rendered":"https:\/\/sandzakpress.net\/arhiva\/?p=69657"},"modified":"2013-03-14T15:40:52","modified_gmt":"2013-03-14T14:40:52","slug":"izvjestaj-sa-saveznog-seminara-imama-izbnj-u-wiesbadenu","status":"publish","type":"post","link":"https:\/\/sandzakpress.net\/arhiva\/izvjestaj-sa-saveznog-seminara-imama-izbnj-u-wiesbadenu\/","title":{"rendered":"Izvje\u0161taj sa saveznog seminara imama IZBNJ u Wiesbadenu"},"content":{"rendered":"<p><strong><a href=\"https:\/\/sandzakpress.net\/arhiva\/wp-content\/uploads\/2013\/03\/IMG_5522-1024x683.jpg\"><img loading=\"lazy\" decoding=\"async\" class=\"alignleft size-medium wp-image-69658\" title=\"IMG_5522-1024x683\" src=\"https:\/\/sandzakpress.net\/arhiva\/wp-content\/uploads\/2013\/03\/IMG_5522-1024x683-300x200.jpg\" alt=\"\" width=\"300\" height=\"200\" \/><\/a>Njema\u010dka &#8211; Na pomenutom seminaru pored 50 imama IZBNJ, u\u010destvovali su \u0161ef ureda za dijasporu mr. Mirsad ef. Kalajd\u017ei\u0107, rukovodilac ureda za zekat i sadekatul-fitr mr. Elnur Salihovi\u0107, direktor vakufske direkcije mr. hfz. Senaid Zaimovi\u0107 te urednik El-Kalema i Glasnika mr. Mustafa ef. Prlja\u010da.<\/strong><\/p>\n<p>Uvodno izlaganje imao je muftija IZBNJ Pa\u0161o ef. Feti\u0107 iskazav\u0161i dobrodo\u0161licu delegaciji Rijaseta IZ u BiH i svim u\u010desnicima seminara. Prvog dana seminara kao prva tema dnevnog reda bila je osniva\u010dka skup\u0161tina Ilmije IZBNJ gdje su sprovedeni izbori za okru\u017eni odbor. Nakon diskusija na pomenutu temu za predsjednika Ilmije je izabran Halim ef. Aliba\u0161i\u0107. Za sekretara Durmi\u0161 ef. Sedin, a za blagajnika Red\u017eo ef. \u0160eki\u0107. Poslije\u00a0 sprovedenog glasanja po med\u017elisima \/ regijama odlu\u010deno da sljede\u0107i imami budu \u010dlanovi okru\u017enog odbora Ilmije za Njema\u0107ku:<\/p>\n<p>Ahmed ef. Kajo\u0161evi\u0107- regija Frankfurt.<\/p>\n<p>Muhamed ef. Alihod\u017ei\u0107- regija Stuttgart.<\/p>\n<p>Kemal ef. Crnac- regija D\u00fcsseldorf.<\/p>\n<p>Kemal ef. Salihovi\u0107- regija Hamburg-Berlin.<\/p>\n<p>Izet ef. Bibi\u0107- M\u00fcnchen.<\/p>\n<p>Bakir ef. Halilovi\u0107- Zemlje Beneluxa.<\/p>\n<p>Nakon izbora uslijedio je blok predavanja na razli\u010dite teme:<\/p>\n<p>Mustafa ef. Klanco je govorio na temu: 30 godina imamskog iskustva u dijaspori. Mustafa ef. se u svom obra\u0107anju shodno svom dugogodi\u0161njme iskustvu osvrnuo prije svega na osobine kakav treba da bude jedan imam te o njegovom odnosu spram imamskog posla istaknuv\u0161i da je svaki imam u stvari sluga, hizme\u0107ar svog naroda. U svom radu treba odrediti dan za posjete bolesnika. Podjednako se pona\u0161ati prema svim d\u017eematlijama. Imam mora znati svoje mjesto u odboru. Formirati radne grupe pored odbora od kojih \u0107e svako imati svoje zadu\u017eenje poru\u010dio je u svom obra\u0107anju izme\u0111u ostalog Mustafa ef. Klanco.<\/p>\n<p>Bekir ef. \u0160u\u0161ko je govorio o imamima koji su radili u IZBNJ a koji to vi\u0161e nisu. Svoje obra\u0107anje je zapo\u010deo rije\u010dima: \u201eOno \u0161to sam ja danas i ti \u0107e\u0161 jednog dana, odjednom i iznenada biti brate.\u201c Putem istra\u017eivanja do\u0161ao je do saznanja da je 28 imama napustilo IZBNJ, neki dobrovoljni zbog povratka u domovinu ili promjene radnog mjesta, neki zbog neslaganja u d\u017eematima a neki zbog materijalne situacije.<\/p>\n<p>O polo\u017eaju i statusu imama u IZBNJ je govorio Ishak ef. Ale\u0161evi\u0107. Ishak ef. kao dugogodi\u0161nji radnik u IZ govori o pozivu imama izdi\u017eu\u0107i ga iznad uobi\u010dajenog shvatanja profesionalnog zanimanja. On govori o imamu o njegovoj vanjskoj kao i o unutarnjoj poziciji koju imam zauzima. Od imama se uvijek o\u010dekuje i zahtjeva vi\u0161e nego \u0161to mu se nudi- istakao je Ishak ef. Osim toga ovaj poziv prati i visok stepen nerazumijevanja od strane dru\u0161tva i sredine, strane d\u017eemata kao i od najbli\u017eih srodnika.<\/p>\n<p>Nakon veoma interesantnih predavanja uslijedilo je klanjanje ak\u0161am-namaza, ve\u010dera i sportske aktivnosti i dru\u017eenje.<\/p>\n<p>Drugog dana seminara kao gost predava\u010d se prvi obratio mr. Mustafa ef. Prlja\u010da urednik El-Kalema i Glasnika govore\u0107i o publikacijama El-Kalema kao i o Glasniku pru\u010div\u0161i da \u0107e nastojati da koncepcija Glasnika bude jo\u0161 bogatija i atraktivnija. Ujedno je dao prijedlog Me\u0161ihatu IZBNJ da razmotre mogu\u0107nosti njegovog distribuisanja u dijaspori kao i El-Kalemovih publikacija.<\/p>\n<p>Nakon njega se obratio mr. Senaid ef. Zaimovi\u0107 direktor vakufske direkcije govore\u0107i o historijatu vakufa kao i sada\u0161njem stanju vakufa te o vakufama koji se nalaze u dijaspori. Razmatrane su mogu\u0107nosti uvakufljenja na\u0161ih vakufa koji prema\u0161uju vrijednost od vi\u0161e desetina miliona eura.<\/p>\n<p>Zatra\u017eeno je od Me\u0161ihata da se odredi spram na\u010dina uvakufljavanja svojih vakufa u Njema\u010dkoj. Zaimovi\u0107 je tako\u0111e upozorio na dono\u0161enje zakona o premjeru katastra u RS. Ovaj zakon podrazumijeva brisanje trenutnog katastra tj. da bude samo jedan vlasnik uknji\u017een kao posjednik. Ovo zna\u010di da onaj ko je trenutni vlasnik ostaje trajni vlasnik bez obzira ko je uknji\u017een u gruntu. \u00a0To je dobra strana, jer smo mi kao IZ posjednici zemlji\u0161ta koje se vodi na imenima nemuslimana. Lo\u0161a strana ovog zakona je ta \u0161to su srbi uzurpirali u toku rata jedan dio na\u0161e imovine koju posjeduju i ako se Bo\u0161njaci ne jave kao stvarni vlasnici ona po zakonu automatizma prelazi u ruke srba- rekao je Zaimovi\u0107.<\/p>\n<p>Nakon mr. Zaimovi\u0107a na ovu temu se nadovezao Mehmed ef. Jakubovi\u0107 koji je govorio o vakufima ili bolje re\u010deno o objektima koji su u posjedu IZBNJ. Na podru\u010dju na\u0161ih 5 regija djeluje oko 70 d\u017eemata. 80% su aktivni d\u017eemati a ostali su vikend d\u017eemati. Od interesantnih podataka izdvajamo da je 1991 godine prvi kupljeni objekat bio u Kamplintfortu zatim u D\u00fcsseldorfu. Najve\u0107i broj objekata je kupljen nakon rata. 1997 godine je izgra\u0111ena prva d\u017eamija u Kamplintfortu.<\/p>\n<p>Prema jo\u0161 nepotpunim podacima IZBNJ posjeduje oko 25 000 m\u00b2 prostora koji se koristi u na\u0161im centrima \u0161to iznosi otprilike oko 28 fudbalskih stadiona. Kompletna vrijednost shodno dostupnim podacima se procjenjuje na oko 28 miliona \u20ac.<\/p>\n<p>Prezentacija o zekatu i sadekatul-fitru je odr\u017eao mr. Elnur Salihovi\u0107. Spomenuo je da je organizovano prikupljanje zekata i sadekatul-fitra zapo\u010delo 1970 godine. Predstavio je tako\u0111e strukturu odbora direkcije za zekat kao i metode i sredstva promovisanja akcija zekata\u00a0 i sadekatul-fitra.<\/p>\n<p>Hamid ef. Pintol se obratio na seminaru govore\u0107i o prikupljanju zekata i sadekatul-fitr na podru\u010dju Njema\u010dke. Spomenuto je izme\u0111u ostalog i problemi sa kojima se susre\u0107emo prilikom prikupljanja zekata i sadekatul-fitra kao \u0161to su pojava blokova raznih humanitarnih organizacija ili Islamskih zajednica mimo IZ BiH.<\/p>\n<p>Muftija Pa\u0161o ef. Feti\u0107 se obratio imamima i na\u0161im gostima govore\u0107i o imamskom radu u d\u017eematu osvr\u0107u\u0107i se na aktuelnu situaciju i izazove sa kojima se suo\u010davamo.<\/p>\n<p>U posljednjem bloku obra\u0107anja o mektebskoj nastavi kao i propozicijama takmi\u010denja prisutnima se obratio Bilal ef. Hod\u017ei\u0107 istaknuv\u0161i najzna\u010dajnije izazove sa kojima se imami susre\u0107u u svom radu kao \u0161to su ud\u017ebenici, plan i program rada, raspored grupa, neredovnost i ka\u0161njenje, slaba vanmektebska aktivnost, nemotivisanost muallima i nepripremanje za nastavu. Na kraju je zaklju\u010dio da mektebska nastava treba da bude najprioritetniji dio rada svakog d\u017eemata bilo to u matici bilo u dijaspori, ka njemu treba usmjeriti sve svoje snage i potencijale, moramo nastojati da izgradimo na\u0161e u\u010denike kao prakti\u010dne vjernike, jer ako to ne uspijemo ne\u0107emo imati kome da vazimo niti u namazima da predvodimo.<\/p>\n<p>Zaklju\u010deno je da termin za savezno takmi\u010denje bude 11. maj, a mjesto odr\u017eavanja takmi\u010denja \u0107e biti naknadno dogovoreno.<\/p>\n<p>Nakon njegovog obra\u0107anja na njegovu temu se nadovezao Ruvejd ef. Jahi\u0107 iznijev\u0161i prijedlog plana i programa mektebske nastave. Nakon \u0161to je prvi prijedlog kojeg je ponudio Ruvejd ef. ocijenjen kao preobiman sa\u010dinjena je druga skra\u0107ena verzija prilago\u0111ena na\u0161im uvjetima rada na mektebskoj nastavi. Ovaj prijedlog je dat na razmatranje, radi dopuna, prijedloga i kritika. Do mjeseca ramazana ovaj plan i program bi nakon pristiglih sugestija trebao da bude usvojen.<\/p>\n<p>Kao posljednji predava\u010d obratio se skupu Mirhet ef. Joldi\u0107 koji je govorio o pravilniku o radu imama. Pravilnik bi regulisao du\u017enosti i prava imama u Njema\u010dkoj koji bi pomogao jasnijem definisanju polo\u017eaja imama u IZBNJ. Pravilnik je tako\u0111e dat na razmatranje kako bi se dalo mogu\u0107nosti da se pravilnik adekvatno pripremi, te da se uputi Me\u0161ihatu i Saboru IZBNJ na razmatranje i usvajanje. Dat je prijedlog da se ovaj pravilnik uskladi sa njema\u010dkim zakonom i da se registruje u sudu.<\/p>\n<p>Na kraju prisutnima se obratio mr. Mirsad ef. Kalajd\u017ei\u0107\u00a0 koji je izrazio svoju spremnost da se stavi na raspolaganje za bilo kakav kontakt ili saradnju. Mirsad ef. je istakao da svaki od nas ima svoju vrijednost, kao i da na\u0161a misija tra\u017ei od nas maksimalan anga\u017eman kako bi stigli do \u017eeljenog cilja. Ne smijemo biti posva\u0111ani niti rezervisani prema zajedni\u010dkim vrijednostima. Treba nam znanje ali i vi\u0161e od znanja, a to je primjena tog znanja. Narodi koji ne vode ra\u010duna o djeci propadaju. Oni koji prepu\u0161taju strancima odgoj djece gube svoj identitet. Glavna preokupacija trebaju biti na\u0161a djeca i omladina- poru\u010dio je Mirsad ef.<\/p>\n<p>Pored toga upozorio je na izazov pred kojim se nalazimo a to je popis stanovni\u0161tva u BiH. U dijaspori imamo oko 1\/3 Bo\u0161njaka. Budu\u0107i popis \u0107e uveliko ovisiti od dijaspore, jer je veliki dio na\u0161eg naroda protjeran iz manjeg entiteta i ako se ne javimo na popis bi\u0107emo jednostavno izbrisani.<\/p>\n<p>Na kraju je Munir ef. Hod\u017ei\u0107 pro\u010ditao zaklju\u010dke koji su jednoglasno usvojeni, a\u00a0 muftija Pa\u0161o ef. Feti\u0107 u\u010denjem dove priveo je kraju ovaj seminar.<\/p>\n<p>(IGBD)<\/p>\n","protected":false},"excerpt":{"rendered":"<p>Njema\u010dka &#8211; Na pomenutom seminaru pored 50 imama IZBNJ, u\u010destvovali su \u0161ef ureda za dijasporu mr. Mirsad ef. Kalajd\u017ei\u0107, rukovodilac ureda za zekat i sadekatul-fitr mr. Elnur Salihovi\u0107, direktor vakufske direkcije mr. hfz. Senaid Zaimovi\u0107 te urednik El-Kalema i Glasnika mr. Mustafa ef. Prlja\u010da. Uvodno izlaganje imao je muftija IZBNJ Pa\u0161o ef. Feti\u0107 iskazav\u0161i dobrodo\u0161licu [&hellip;]<\/p>\n","protected":false},"author":16,"featured_media":69658,"comment_status":"open","ping_status":"open","sticky":false,"template":"","format":"standard","meta":{"footnotes":""},"categories":[9538,802],"tags":[],"class_list":{"0":"post-69657","1":"post","2":"type-post","3":"status-publish","4":"format-standard","5":"has-post-thumbnail","7":"category-njemacka-dijaspora-gradovi-vase-vijesti","8":"category-islamska_zajednica"},"yoast_head":"<!-- This site is optimized with the Yoast SEO Premium plugin v23.1 (Yoast SEO v24.9) - https:\/\/yoast.com\/wordpress\/plugins\/seo\/ -->\n<title>Izvje\u0161taj sa saveznog seminara imama IZBNJ u Wiesbadenu<\/title>\n<meta name=\"robots\" content=\"index, follow, max-snippet:-1, max-image-preview:large, max-video-preview:-1\" \/>\n<link rel=\"canonical\" href=\"https:\/\/sandzakpress.net\/arhiva\/izvjestaj-sa-saveznog-seminara-imama-izbnj-u-wiesbadenu\/\" \/>\n<meta property=\"og:locale\" content=\"bs_BA\" \/>\n<meta property=\"og:type\" content=\"article\" \/>\n<meta property=\"og:title\" content=\"Izvje\u0161taj sa saveznog seminara imama IZBNJ u Wiesbadenu\" \/>\n<meta property=\"og:description\" content=\"Njema\u010dka &#8211; Na pomenutom seminaru pored 50 imama IZBNJ, u\u010destvovali su \u0161ef ureda za dijasporu mr. Mirsad ef. Kalajd\u017ei\u0107, rukovodilac ureda za zekat i sadekatul-fitr mr. Elnur Salihovi\u0107, direktor vakufske direkcije mr. hfz. Senaid Zaimovi\u0107 te urednik El-Kalema i Glasnika mr. Mustafa ef. Prlja\u010da. Uvodno izlaganje imao je muftija IZBNJ Pa\u0161o ef. Feti\u0107 iskazav\u0161i dobrodo\u0161licu [&hellip;]\" \/>\n<meta property=\"og:url\" content=\"https:\/\/sandzakpress.net\/arhiva\/izvjestaj-sa-saveznog-seminara-imama-izbnj-u-wiesbadenu\/\" \/>\n<meta property=\"og:site_name\" content=\"Sand\u017eak PRESS\" \/>\n<meta property=\"article:published_time\" content=\"2013-03-14T14:40:52+00:00\" \/>\n<meta property=\"og:image\" content=\"https:\/\/sandzakpress.net\/arhiva\/wp-content\/uploads\/2013\/03\/IMG_5522-1024x683.jpg\" \/>\n\t<meta property=\"og:image:width\" content=\"616\" \/>\n\t<meta property=\"og:image:height\" content=\"411\" \/>\n\t<meta property=\"og:image:type\" content=\"image\/jpeg\" \/>\n<meta name=\"twitter:card\" content=\"summary_large_image\" \/>\n<meta name=\"twitter:label1\" content=\"Written by\" \/>\n\t<meta name=\"twitter:data1\" content=\"\" \/>\n\t<meta name=\"twitter:label2\" content=\"Est. reading time\" \/>\n\t<meta name=\"twitter:data2\" content=\"7 minuta\" \/>\n<script type=\"application\/ld+json\" class=\"yoast-schema-graph\">{\"@context\":\"https:\/\/schema.org\",\"@graph\":[{\"@type\":\"Article\",\"@id\":\"https:\/\/sandzakpress.net\/arhiva\/izvjestaj-sa-saveznog-seminara-imama-izbnj-u-wiesbadenu\/#article\",\"isPartOf\":{\"@id\":\"https:\/\/sandzakpress.net\/arhiva\/izvjestaj-sa-saveznog-seminara-imama-izbnj-u-wiesbadenu\/\"},\"author\":{\"name\":\"\",\"@id\":\"\"},\"headline\":\"Izvje\u0161taj sa saveznog seminara imama IZBNJ u Wiesbadenu\",\"datePublished\":\"2013-03-14T14:40:52+00:00\",\"mainEntityOfPage\":{\"@id\":\"https:\/\/sandzakpress.net\/arhiva\/izvjestaj-sa-saveznog-seminara-imama-izbnj-u-wiesbadenu\/\"},\"wordCount\":1469,\"commentCount\":0,\"publisher\":{\"@id\":\"https:\/\/sandzakpress.net\/arhiva\/#\/schema\/person\/6e72b67d6e51910a1117b3b483ba20bd\"},\"image\":{\"@id\":\"https:\/\/sandzakpress.net\/arhiva\/izvjestaj-sa-saveznog-seminara-imama-izbnj-u-wiesbadenu\/#primaryimage\"},\"thumbnailUrl\":\"https:\/\/sandzakpress.net\/arhiva\/wp-content\/uploads\/2013\/03\/IMG_5522-1024x683.jpg\",\"articleSection\":[\"Njema\u010dka\",\"Islamska zajednica\"],\"inLanguage\":\"bs-BA\",\"potentialAction\":[{\"@type\":\"CommentAction\",\"name\":\"Comment\",\"target\":[\"https:\/\/sandzakpress.net\/arhiva\/izvjestaj-sa-saveznog-seminara-imama-izbnj-u-wiesbadenu\/#respond\"]}]},{\"@type\":\"WebPage\",\"@id\":\"https:\/\/sandzakpress.net\/arhiva\/izvjestaj-sa-saveznog-seminara-imama-izbnj-u-wiesbadenu\/\",\"url\":\"https:\/\/sandzakpress.net\/arhiva\/izvjestaj-sa-saveznog-seminara-imama-izbnj-u-wiesbadenu\/\",\"name\":\"Izvje\u0161taj sa saveznog seminara imama IZBNJ u Wiesbadenu\",\"isPartOf\":{\"@id\":\"https:\/\/sandzakpress.net\/arhiva\/#website\"},\"primaryImageOfPage\":{\"@id\":\"https:\/\/sandzakpress.net\/arhiva\/izvjestaj-sa-saveznog-seminara-imama-izbnj-u-wiesbadenu\/#primaryimage\"},\"image\":{\"@id\":\"https:\/\/sandzakpress.net\/arhiva\/izvjestaj-sa-saveznog-seminara-imama-izbnj-u-wiesbadenu\/#primaryimage\"},\"thumbnailUrl\":\"https:\/\/sandzakpress.net\/arhiva\/wp-content\/uploads\/2013\/03\/IMG_5522-1024x683.jpg\",\"datePublished\":\"2013-03-14T14:40:52+00:00\",\"breadcrumb\":{\"@id\":\"https:\/\/sandzakpress.net\/arhiva\/izvjestaj-sa-saveznog-seminara-imama-izbnj-u-wiesbadenu\/#breadcrumb\"},\"inLanguage\":\"bs-BA\",\"potentialAction\":[{\"@type\":\"ReadAction\",\"target\":[\"https:\/\/sandzakpress.net\/arhiva\/izvjestaj-sa-saveznog-seminara-imama-izbnj-u-wiesbadenu\/\"]}]},{\"@type\":\"ImageObject\",\"inLanguage\":\"bs-BA\",\"@id\":\"https:\/\/sandzakpress.net\/arhiva\/izvjestaj-sa-saveznog-seminara-imama-izbnj-u-wiesbadenu\/#primaryimage\",\"url\":\"https:\/\/sandzakpress.net\/arhiva\/wp-content\/uploads\/2013\/03\/IMG_5522-1024x683.jpg\",\"contentUrl\":\"https:\/\/sandzakpress.net\/arhiva\/wp-content\/uploads\/2013\/03\/IMG_5522-1024x683.jpg\",\"width\":616,\"height\":411},{\"@type\":\"BreadcrumbList\",\"@id\":\"https:\/\/sandzakpress.net\/arhiva\/izvjestaj-sa-saveznog-seminara-imama-izbnj-u-wiesbadenu\/#breadcrumb\",\"itemListElement\":[{\"@type\":\"ListItem\",\"position\":1,\"name\":\"Home\",\"item\":\"https:\/\/sandzakpress.net\/arhiva\/\"},{\"@type\":\"ListItem\",\"position\":2,\"name\":\"Izvje\u0161taj sa saveznog seminara imama IZBNJ u Wiesbadenu\"}]},{\"@type\":\"WebSite\",\"@id\":\"https:\/\/sandzakpress.net\/arhiva\/#website\",\"url\":\"https:\/\/sandzakpress.net\/arhiva\/\",\"name\":\"Sand\u017eak PRESS\",\"description\":\"Prve elektronske novine u Sand\u017eaku\",\"publisher\":{\"@id\":\"https:\/\/sandzakpress.net\/arhiva\/#\/schema\/person\/6e72b67d6e51910a1117b3b483ba20bd\"},\"potentialAction\":[{\"@type\":\"SearchAction\",\"target\":{\"@type\":\"EntryPoint\",\"urlTemplate\":\"https:\/\/sandzakpress.net\/arhiva\/?s={search_term_string}\"},\"query-input\":{\"@type\":\"PropertyValueSpecification\",\"valueRequired\":true,\"valueName\":\"search_term_string\"}}],\"inLanguage\":\"bs-BA\"},{\"@type\":[\"Person\",\"Organization\"],\"@id\":\"https:\/\/sandzakpress.net\/arhiva\/#\/schema\/person\/6e72b67d6e51910a1117b3b483ba20bd\",\"name\":\"Kul\",\"image\":{\"@type\":\"ImageObject\",\"inLanguage\":\"bs-BA\",\"@id\":\"https:\/\/sandzakpress.net\/arhiva\/#\/schema\/person\/image\/\",\"url\":\"https:\/\/secure.gravatar.com\/avatar\/42263f39aa27ac04c43cab85c280eb2e?s=96&d=mm&r=pg\",\"contentUrl\":\"https:\/\/secure.gravatar.com\/avatar\/42263f39aa27ac04c43cab85c280eb2e?s=96&d=mm&r=pg\",\"caption\":\"Kul\"},\"logo\":{\"@id\":\"https:\/\/sandzakpress.net\/arhiva\/#\/schema\/person\/image\/\"}},{\"@type\":\"Person\",\"@id\":\"\",\"url\":\"https:\/\/sandzakpress.net\/arhiva\/author\/\"}]}<\/script>\n<!-- \/ Yoast SEO Premium plugin. -->","yoast_head_json":{"title":"Izvje\u0161taj sa saveznog seminara imama IZBNJ u Wiesbadenu","robots":{"index":"index","follow":"follow","max-snippet":"max-snippet:-1","max-image-preview":"max-image-preview:large","max-video-preview":"max-video-preview:-1"},"canonical":"https:\/\/sandzakpress.net\/arhiva\/izvjestaj-sa-saveznog-seminara-imama-izbnj-u-wiesbadenu\/","og_locale":"bs_BA","og_type":"article","og_title":"Izvje\u0161taj sa saveznog seminara imama IZBNJ u Wiesbadenu","og_description":"Njema\u010dka &#8211; Na pomenutom seminaru pored 50 imama IZBNJ, u\u010destvovali su \u0161ef ureda za dijasporu mr. Mirsad ef. Kalajd\u017ei\u0107, rukovodilac ureda za zekat i sadekatul-fitr mr. Elnur Salihovi\u0107, direktor vakufske direkcije mr. hfz. Senaid Zaimovi\u0107 te urednik El-Kalema i Glasnika mr. Mustafa ef. Prlja\u010da. Uvodno izlaganje imao je muftija IZBNJ Pa\u0161o ef. Feti\u0107 iskazav\u0161i dobrodo\u0161licu [&hellip;]","og_url":"https:\/\/sandzakpress.net\/arhiva\/izvjestaj-sa-saveznog-seminara-imama-izbnj-u-wiesbadenu\/","og_site_name":"Sand\u017eak PRESS","article_published_time":"2013-03-14T14:40:52+00:00","og_image":[{"width":616,"height":411,"url":"https:\/\/sandzakpress.net\/arhiva\/wp-content\/uploads\/2013\/03\/IMG_5522-1024x683.jpg","type":"image\/jpeg"}],"twitter_card":"summary_large_image","twitter_misc":{"Written by":"","Est. reading time":"7 minuta"},"schema":{"@context":"https:\/\/schema.org","@graph":[{"@type":"Article","@id":"https:\/\/sandzakpress.net\/arhiva\/izvjestaj-sa-saveznog-seminara-imama-izbnj-u-wiesbadenu\/#article","isPartOf":{"@id":"https:\/\/sandzakpress.net\/arhiva\/izvjestaj-sa-saveznog-seminara-imama-izbnj-u-wiesbadenu\/"},"author":{"name":"","@id":""},"headline":"Izvje\u0161taj sa saveznog seminara imama IZBNJ u Wiesbadenu","datePublished":"2013-03-14T14:40:52+00:00","mainEntityOfPage":{"@id":"https:\/\/sandzakpress.net\/arhiva\/izvjestaj-sa-saveznog-seminara-imama-izbnj-u-wiesbadenu\/"},"wordCount":1469,"commentCount":0,"publisher":{"@id":"https:\/\/sandzakpress.net\/arhiva\/#\/schema\/person\/6e72b67d6e51910a1117b3b483ba20bd"},"image":{"@id":"https:\/\/sandzakpress.net\/arhiva\/izvjestaj-sa-saveznog-seminara-imama-izbnj-u-wiesbadenu\/#primaryimage"},"thumbnailUrl":"https:\/\/sandzakpress.net\/arhiva\/wp-content\/uploads\/2013\/03\/IMG_5522-1024x683.jpg","articleSection":["Njema\u010dka","Islamska zajednica"],"inLanguage":"bs-BA","potentialAction":[{"@type":"CommentAction","name":"Comment","target":["https:\/\/sandzakpress.net\/arhiva\/izvjestaj-sa-saveznog-seminara-imama-izbnj-u-wiesbadenu\/#respond"]}]},{"@type":"WebPage","@id":"https:\/\/sandzakpress.net\/arhiva\/izvjestaj-sa-saveznog-seminara-imama-izbnj-u-wiesbadenu\/","url":"https:\/\/sandzakpress.net\/arhiva\/izvjestaj-sa-saveznog-seminara-imama-izbnj-u-wiesbadenu\/","name":"Izvje\u0161taj sa saveznog seminara imama IZBNJ u Wiesbadenu","isPartOf":{"@id":"https:\/\/sandzakpress.net\/arhiva\/#website"},"primaryImageOfPage":{"@id":"https:\/\/sandzakpress.net\/arhiva\/izvjestaj-sa-saveznog-seminara-imama-izbnj-u-wiesbadenu\/#primaryimage"},"image":{"@id":"https:\/\/sandzakpress.net\/arhiva\/izvjestaj-sa-saveznog-seminara-imama-izbnj-u-wiesbadenu\/#primaryimage"},"thumbnailUrl":"https:\/\/sandzakpress.net\/arhiva\/wp-content\/uploads\/2013\/03\/IMG_5522-1024x683.jpg","datePublished":"2013-03-14T14:40:52+00:00","breadcrumb":{"@id":"https:\/\/sandzakpress.net\/arhiva\/izvjestaj-sa-saveznog-seminara-imama-izbnj-u-wiesbadenu\/#breadcrumb"},"inLanguage":"bs-BA","potentialAction":[{"@type":"ReadAction","target":["https:\/\/sandzakpress.net\/arhiva\/izvjestaj-sa-saveznog-seminara-imama-izbnj-u-wiesbadenu\/"]}]},{"@type":"ImageObject","inLanguage":"bs-BA","@id":"https:\/\/sandzakpress.net\/arhiva\/izvjestaj-sa-saveznog-seminara-imama-izbnj-u-wiesbadenu\/#primaryimage","url":"https:\/\/sandzakpress.net\/arhiva\/wp-content\/uploads\/2013\/03\/IMG_5522-1024x683.jpg","contentUrl":"https:\/\/sandzakpress.net\/arhiva\/wp-content\/uploads\/2013\/03\/IMG_5522-1024x683.jpg","width":616,"height":411},{"@type":"BreadcrumbList","@id":"https:\/\/sandzakpress.net\/arhiva\/izvjestaj-sa-saveznog-seminara-imama-izbnj-u-wiesbadenu\/#breadcrumb","itemListElement":[{"@type":"ListItem","position":1,"name":"Home","item":"https:\/\/sandzakpress.net\/arhiva\/"},{"@type":"ListItem","position":2,"name":"Izvje\u0161taj sa saveznog seminara imama IZBNJ u Wiesbadenu"}]},{"@type":"WebSite","@id":"https:\/\/sandzakpress.net\/arhiva\/#website","url":"https:\/\/sandzakpress.net\/arhiva\/","name":"Sand\u017eak PRESS","description":"Prve elektronske novine u Sand\u017eaku","publisher":{"@id":"https:\/\/sandzakpress.net\/arhiva\/#\/schema\/person\/6e72b67d6e51910a1117b3b483ba20bd"},"potentialAction":[{"@type":"SearchAction","target":{"@type":"EntryPoint","urlTemplate":"https:\/\/sandzakpress.net\/arhiva\/?s={search_term_string}"},"query-input":{"@type":"PropertyValueSpecification","valueRequired":true,"valueName":"search_term_string"}}],"inLanguage":"bs-BA"},{"@type":["Person","Organization"],"@id":"https:\/\/sandzakpress.net\/arhiva\/#\/schema\/person\/6e72b67d6e51910a1117b3b483ba20bd","name":"Kul","image":{"@type":"ImageObject","inLanguage":"bs-BA","@id":"https:\/\/sandzakpress.net\/arhiva\/#\/schema\/person\/image\/","url":"https:\/\/secure.gravatar.com\/avatar\/42263f39aa27ac04c43cab85c280eb2e?s=96&d=mm&r=pg","contentUrl":"https:\/\/secure.gravatar.com\/avatar\/42263f39aa27ac04c43cab85c280eb2e?s=96&d=mm&r=pg","caption":"Kul"},"logo":{"@id":"https:\/\/sandzakpress.net\/arhiva\/#\/schema\/person\/image\/"}},{"@type":"Person","@id":"","url":"https:\/\/sandzakpress.net\/arhiva\/author\/"}]}},"_links":{"self":[{"href":"https:\/\/sandzakpress.net\/arhiva\/wp-json\/wp\/v2\/posts\/69657"}],"collection":[{"href":"https:\/\/sandzakpress.net\/arhiva\/wp-json\/wp\/v2\/posts"}],"about":[{"href":"https:\/\/sandzakpress.net\/arhiva\/wp-json\/wp\/v2\/types\/post"}],"author":[{"embeddable":true,"href":"https:\/\/sandzakpress.net\/arhiva\/wp-json\/wp\/v2\/users\/16"}],"replies":[{"embeddable":true,"href":"https:\/\/sandzakpress.net\/arhiva\/wp-json\/wp\/v2\/comments?post=69657"}],"version-history":[{"count":0,"href":"https:\/\/sandzakpress.net\/arhiva\/wp-json\/wp\/v2\/posts\/69657\/revisions"}],"wp:featuredmedia":[{"embeddable":true,"href":"https:\/\/sandzakpress.net\/arhiva\/wp-json\/wp\/v2\/media\/69658"}],"wp:attachment":[{"href":"https:\/\/sandzakpress.net\/arhiva\/wp-json\/wp\/v2\/media?parent=69657"}],"wp:term":[{"taxonomy":"category","embeddable":true,"href":"https:\/\/sandzakpress.net\/arhiva\/wp-json\/wp\/v2\/categories?post=69657"},{"taxonomy":"post_tag","embeddable":true,"href":"https:\/\/sandzakpress.net\/arhiva\/wp-json\/wp\/v2\/tags?post=69657"}],"curies":[{"name":"wp","href":"https:\/\/api.w.org\/{rel}","templated":true}]}}