{"id":69647,"date":"2013-03-14T15:33:43","date_gmt":"2013-03-14T14:33:43","guid":{"rendered":"https:\/\/sandzakpress.net\/arhiva\/?p=69647"},"modified":"2013-03-14T15:33:43","modified_gmt":"2013-03-14T14:33:43","slug":"svicarska-promocija-knjige-u-dzematu-uhingen","status":"publish","type":"post","link":"https:\/\/sandzakpress.net\/arhiva\/svicarska-promocija-knjige-u-dzematu-uhingen\/","title":{"rendered":"\u0160vicarska: Promocija knjige u d\u017eematu Uhingen"},"content":{"rendered":"<p><strong><a href=\"https:\/\/sandzakpress.net\/arhiva\/wp-content\/uploads\/2013\/03\/uhingen.jpg\"><img loading=\"lazy\" decoding=\"async\" class=\"alignleft size-medium wp-image-69648\" title=\"uhingen\" src=\"https:\/\/sandzakpress.net\/arhiva\/wp-content\/uploads\/2013\/03\/uhingen-300x191.jpg\" alt=\"\" width=\"300\" height=\"191\" \/><\/a>\u0160vicarska &#8211; U d\u017eematu I.Z. Uhingen, G\u00f6ppingen i Geislingen, u nedjelju 10.03.2013. godine poslije\u00a0 podne-namaza odr\u017eana je promocija knjige\u00a0<em>\u201eSuze moje majke\u201c<\/em>, autora\u00a0 Elhada Karad\u017ei\u0107a.<\/strong><\/p>\n<p>\u201cSuze moje majke\u201d je autenti\u010dno svjedo\u010denje autora o jednom vremenu, vremenu pakla iz koga je Elhad Karad\u017ei\u0107, uz Bo\u017eiju pomo\u0107 i Me\u0111unarodnog crvenog kri\u017ea uspio sti\u0107i do slobode.<\/p>\n<p>Promocija ovakvih knjiga jeste jako svjedo\u010denje o zlodjelima koja su se desila na na\u0161im prostorima od 92. do 95. i ja\u010danje svjesti i vjere kod mladjih generacija.<\/p>\n<p>(IGBD)<\/p>\n","protected":false},"excerpt":{"rendered":"<p>\u0160vicarska &#8211; U d\u017eematu I.Z. Uhingen, G\u00f6ppingen i Geislingen, u nedjelju 10.03.2013. godine poslije\u00a0 podne-namaza odr\u017eana je promocija knjige\u00a0\u201eSuze moje majke\u201c, autora\u00a0 Elhada Karad\u017ei\u0107a. \u201cSuze moje majke\u201d je autenti\u010dno svjedo\u010denje autora o jednom vremenu, vremenu pakla iz koga je Elhad Karad\u017ei\u0107, uz Bo\u017eiju pomo\u0107 i Me\u0111unarodnog crvenog kri\u017ea uspio sti\u0107i do slobode. Promocija ovakvih knjiga [&hellip;]<\/p>\n","protected":false},"author":16,"featured_media":69648,"comment_status":"open","ping_status":"open","sticky":false,"template":"","format":"standard","meta":{"footnotes":""},"categories":[9544,802],"tags":[],"class_list":{"0":"post-69647","1":"post","2":"type-post","3":"status-publish","4":"format-standard","5":"has-post-thumbnail","7":"category-svicarska-dijaspora-gradovi-vase-vijesti","8":"category-islamska_zajednica"},"yoast_head":"<!-- This site is optimized with the Yoast SEO Premium plugin v23.1 (Yoast SEO v24.9) - https:\/\/yoast.com\/wordpress\/plugins\/seo\/ -->\n<title>\u0160vicarska: Promocija knjige u d\u017eematu Uhingen<\/title>\n<meta name=\"robots\" content=\"index, follow, max-snippet:-1, max-image-preview:large, max-video-preview:-1\" \/>\n<link rel=\"canonical\" href=\"https:\/\/sandzakpress.net\/arhiva\/svicarska-promocija-knjige-u-dzematu-uhingen\/\" \/>\n<meta property=\"og:locale\" content=\"bs_BA\" \/>\n<meta property=\"og:type\" content=\"article\" \/>\n<meta property=\"og:title\" content=\"\u0160vicarska: Promocija knjige u d\u017eematu Uhingen\" \/>\n<meta property=\"og:description\" content=\"\u0160vicarska &#8211; U d\u017eematu I.Z. Uhingen, G\u00f6ppingen i Geislingen, u nedjelju 10.03.2013. godine poslije\u00a0 podne-namaza odr\u017eana je promocija knjige\u00a0\u201eSuze moje majke\u201c, autora\u00a0 Elhada Karad\u017ei\u0107a. \u201cSuze moje majke\u201d je autenti\u010dno svjedo\u010denje autora o jednom vremenu, vremenu pakla iz koga je Elhad Karad\u017ei\u0107, uz Bo\u017eiju pomo\u0107 i Me\u0111unarodnog crvenog kri\u017ea uspio sti\u0107i do slobode. Promocija ovakvih knjiga [&hellip;]\" \/>\n<meta property=\"og:url\" content=\"https:\/\/sandzakpress.net\/arhiva\/svicarska-promocija-knjige-u-dzematu-uhingen\/\" \/>\n<meta property=\"og:site_name\" content=\"Sand\u017eak PRESS\" \/>\n<meta property=\"article:published_time\" content=\"2013-03-14T14:33:43+00:00\" \/>\n<meta property=\"og:image\" content=\"https:\/\/sandzakpress.net\/arhiva\/wp-content\/uploads\/2013\/03\/uhingen.jpg\" \/>\n\t<meta property=\"og:image:width\" content=\"600\" \/>\n\t<meta property=\"og:image:height\" content=\"383\" \/>\n\t<meta property=\"og:image:type\" content=\"image\/jpeg\" \/>\n<meta name=\"twitter:card\" content=\"summary_large_image\" \/>\n<meta name=\"twitter:label1\" content=\"Written by\" \/>\n\t<meta name=\"twitter:data1\" content=\"\" \/>\n<script type=\"application\/ld+json\" class=\"yoast-schema-graph\">{\"@context\":\"https:\/\/schema.org\",\"@graph\":[{\"@type\":\"Article\",\"@id\":\"https:\/\/sandzakpress.net\/arhiva\/svicarska-promocija-knjige-u-dzematu-uhingen\/#article\",\"isPartOf\":{\"@id\":\"https:\/\/sandzakpress.net\/arhiva\/svicarska-promocija-knjige-u-dzematu-uhingen\/\"},\"author\":{\"name\":\"\",\"@id\":\"\"},\"headline\":\"\u0160vicarska: Promocija knjige u d\u017eematu Uhingen\",\"datePublished\":\"2013-03-14T14:33:43+00:00\",\"mainEntityOfPage\":{\"@id\":\"https:\/\/sandzakpress.net\/arhiva\/svicarska-promocija-knjige-u-dzematu-uhingen\/\"},\"wordCount\":101,\"commentCount\":0,\"publisher\":{\"@id\":\"https:\/\/sandzakpress.net\/arhiva\/#\/schema\/person\/6e72b67d6e51910a1117b3b483ba20bd\"},\"image\":{\"@id\":\"https:\/\/sandzakpress.net\/arhiva\/svicarska-promocija-knjige-u-dzematu-uhingen\/#primaryimage\"},\"thumbnailUrl\":\"https:\/\/sandzakpress.net\/arhiva\/wp-content\/uploads\/2013\/03\/uhingen.jpg\",\"articleSection\":[\"\u0160vicarska\",\"Islamska zajednica\"],\"inLanguage\":\"bs-BA\",\"potentialAction\":[{\"@type\":\"CommentAction\",\"name\":\"Comment\",\"target\":[\"https:\/\/sandzakpress.net\/arhiva\/svicarska-promocija-knjige-u-dzematu-uhingen\/#respond\"]}]},{\"@type\":\"WebPage\",\"@id\":\"https:\/\/sandzakpress.net\/arhiva\/svicarska-promocija-knjige-u-dzematu-uhingen\/\",\"url\":\"https:\/\/sandzakpress.net\/arhiva\/svicarska-promocija-knjige-u-dzematu-uhingen\/\",\"name\":\"\u0160vicarska: Promocija knjige u d\u017eematu Uhingen\",\"isPartOf\":{\"@id\":\"https:\/\/sandzakpress.net\/arhiva\/#website\"},\"primaryImageOfPage\":{\"@id\":\"https:\/\/sandzakpress.net\/arhiva\/svicarska-promocija-knjige-u-dzematu-uhingen\/#primaryimage\"},\"image\":{\"@id\":\"https:\/\/sandzakpress.net\/arhiva\/svicarska-promocija-knjige-u-dzematu-uhingen\/#primaryimage\"},\"thumbnailUrl\":\"https:\/\/sandzakpress.net\/arhiva\/wp-content\/uploads\/2013\/03\/uhingen.jpg\",\"datePublished\":\"2013-03-14T14:33:43+00:00\",\"breadcrumb\":{\"@id\":\"https:\/\/sandzakpress.net\/arhiva\/svicarska-promocija-knjige-u-dzematu-uhingen\/#breadcrumb\"},\"inLanguage\":\"bs-BA\",\"potentialAction\":[{\"@type\":\"ReadAction\",\"target\":[\"https:\/\/sandzakpress.net\/arhiva\/svicarska-promocija-knjige-u-dzematu-uhingen\/\"]}]},{\"@type\":\"ImageObject\",\"inLanguage\":\"bs-BA\",\"@id\":\"https:\/\/sandzakpress.net\/arhiva\/svicarska-promocija-knjige-u-dzematu-uhingen\/#primaryimage\",\"url\":\"https:\/\/sandzakpress.net\/arhiva\/wp-content\/uploads\/2013\/03\/uhingen.jpg\",\"contentUrl\":\"https:\/\/sandzakpress.net\/arhiva\/wp-content\/uploads\/2013\/03\/uhingen.jpg\",\"width\":600,\"height\":383},{\"@type\":\"BreadcrumbList\",\"@id\":\"https:\/\/sandzakpress.net\/arhiva\/svicarska-promocija-knjige-u-dzematu-uhingen\/#breadcrumb\",\"itemListElement\":[{\"@type\":\"ListItem\",\"position\":1,\"name\":\"Home\",\"item\":\"https:\/\/sandzakpress.net\/arhiva\/\"},{\"@type\":\"ListItem\",\"position\":2,\"name\":\"\u0160vicarska: Promocija knjige u d\u017eematu Uhingen\"}]},{\"@type\":\"WebSite\",\"@id\":\"https:\/\/sandzakpress.net\/arhiva\/#website\",\"url\":\"https:\/\/sandzakpress.net\/arhiva\/\",\"name\":\"Sand\u017eak PRESS\",\"description\":\"Prve elektronske novine u Sand\u017eaku\",\"publisher\":{\"@id\":\"https:\/\/sandzakpress.net\/arhiva\/#\/schema\/person\/6e72b67d6e51910a1117b3b483ba20bd\"},\"potentialAction\":[{\"@type\":\"SearchAction\",\"target\":{\"@type\":\"EntryPoint\",\"urlTemplate\":\"https:\/\/sandzakpress.net\/arhiva\/?s={search_term_string}\"},\"query-input\":{\"@type\":\"PropertyValueSpecification\",\"valueRequired\":true,\"valueName\":\"search_term_string\"}}],\"inLanguage\":\"bs-BA\"},{\"@type\":[\"Person\",\"Organization\"],\"@id\":\"https:\/\/sandzakpress.net\/arhiva\/#\/schema\/person\/6e72b67d6e51910a1117b3b483ba20bd\",\"name\":\"Kul\",\"image\":{\"@type\":\"ImageObject\",\"inLanguage\":\"bs-BA\",\"@id\":\"https:\/\/sandzakpress.net\/arhiva\/#\/schema\/person\/image\/\",\"url\":\"https:\/\/secure.gravatar.com\/avatar\/42263f39aa27ac04c43cab85c280eb2e?s=96&d=mm&r=pg\",\"contentUrl\":\"https:\/\/secure.gravatar.com\/avatar\/42263f39aa27ac04c43cab85c280eb2e?s=96&d=mm&r=pg\",\"caption\":\"Kul\"},\"logo\":{\"@id\":\"https:\/\/sandzakpress.net\/arhiva\/#\/schema\/person\/image\/\"}},{\"@type\":\"Person\",\"@id\":\"\",\"url\":\"https:\/\/sandzakpress.net\/arhiva\/author\/\"}]}<\/script>\n<!-- \/ Yoast SEO Premium plugin. -->","yoast_head_json":{"title":"\u0160vicarska: Promocija knjige u d\u017eematu Uhingen","robots":{"index":"index","follow":"follow","max-snippet":"max-snippet:-1","max-image-preview":"max-image-preview:large","max-video-preview":"max-video-preview:-1"},"canonical":"https:\/\/sandzakpress.net\/arhiva\/svicarska-promocija-knjige-u-dzematu-uhingen\/","og_locale":"bs_BA","og_type":"article","og_title":"\u0160vicarska: Promocija knjige u d\u017eematu Uhingen","og_description":"\u0160vicarska &#8211; U d\u017eematu I.Z. Uhingen, G\u00f6ppingen i Geislingen, u nedjelju 10.03.2013. godine poslije\u00a0 podne-namaza odr\u017eana je promocija knjige\u00a0\u201eSuze moje majke\u201c, autora\u00a0 Elhada Karad\u017ei\u0107a. \u201cSuze moje majke\u201d je autenti\u010dno svjedo\u010denje autora o jednom vremenu, vremenu pakla iz koga je Elhad Karad\u017ei\u0107, uz Bo\u017eiju pomo\u0107 i Me\u0111unarodnog crvenog kri\u017ea uspio sti\u0107i do slobode. Promocija ovakvih knjiga [&hellip;]","og_url":"https:\/\/sandzakpress.net\/arhiva\/svicarska-promocija-knjige-u-dzematu-uhingen\/","og_site_name":"Sand\u017eak PRESS","article_published_time":"2013-03-14T14:33:43+00:00","og_image":[{"width":600,"height":383,"url":"https:\/\/sandzakpress.net\/arhiva\/wp-content\/uploads\/2013\/03\/uhingen.jpg","type":"image\/jpeg"}],"twitter_card":"summary_large_image","twitter_misc":{"Written by":""},"schema":{"@context":"https:\/\/schema.org","@graph":[{"@type":"Article","@id":"https:\/\/sandzakpress.net\/arhiva\/svicarska-promocija-knjige-u-dzematu-uhingen\/#article","isPartOf":{"@id":"https:\/\/sandzakpress.net\/arhiva\/svicarska-promocija-knjige-u-dzematu-uhingen\/"},"author":{"name":"","@id":""},"headline":"\u0160vicarska: Promocija knjige u d\u017eematu Uhingen","datePublished":"2013-03-14T14:33:43+00:00","mainEntityOfPage":{"@id":"https:\/\/sandzakpress.net\/arhiva\/svicarska-promocija-knjige-u-dzematu-uhingen\/"},"wordCount":101,"commentCount":0,"publisher":{"@id":"https:\/\/sandzakpress.net\/arhiva\/#\/schema\/person\/6e72b67d6e51910a1117b3b483ba20bd"},"image":{"@id":"https:\/\/sandzakpress.net\/arhiva\/svicarska-promocija-knjige-u-dzematu-uhingen\/#primaryimage"},"thumbnailUrl":"https:\/\/sandzakpress.net\/arhiva\/wp-content\/uploads\/2013\/03\/uhingen.jpg","articleSection":["\u0160vicarska","Islamska zajednica"],"inLanguage":"bs-BA","potentialAction":[{"@type":"CommentAction","name":"Comment","target":["https:\/\/sandzakpress.net\/arhiva\/svicarska-promocija-knjige-u-dzematu-uhingen\/#respond"]}]},{"@type":"WebPage","@id":"https:\/\/sandzakpress.net\/arhiva\/svicarska-promocija-knjige-u-dzematu-uhingen\/","url":"https:\/\/sandzakpress.net\/arhiva\/svicarska-promocija-knjige-u-dzematu-uhingen\/","name":"\u0160vicarska: Promocija knjige u d\u017eematu Uhingen","isPartOf":{"@id":"https:\/\/sandzakpress.net\/arhiva\/#website"},"primaryImageOfPage":{"@id":"https:\/\/sandzakpress.net\/arhiva\/svicarska-promocija-knjige-u-dzematu-uhingen\/#primaryimage"},"image":{"@id":"https:\/\/sandzakpress.net\/arhiva\/svicarska-promocija-knjige-u-dzematu-uhingen\/#primaryimage"},"thumbnailUrl":"https:\/\/sandzakpress.net\/arhiva\/wp-content\/uploads\/2013\/03\/uhingen.jpg","datePublished":"2013-03-14T14:33:43+00:00","breadcrumb":{"@id":"https:\/\/sandzakpress.net\/arhiva\/svicarska-promocija-knjige-u-dzematu-uhingen\/#breadcrumb"},"inLanguage":"bs-BA","potentialAction":[{"@type":"ReadAction","target":["https:\/\/sandzakpress.net\/arhiva\/svicarska-promocija-knjige-u-dzematu-uhingen\/"]}]},{"@type":"ImageObject","inLanguage":"bs-BA","@id":"https:\/\/sandzakpress.net\/arhiva\/svicarska-promocija-knjige-u-dzematu-uhingen\/#primaryimage","url":"https:\/\/sandzakpress.net\/arhiva\/wp-content\/uploads\/2013\/03\/uhingen.jpg","contentUrl":"https:\/\/sandzakpress.net\/arhiva\/wp-content\/uploads\/2013\/03\/uhingen.jpg","width":600,"height":383},{"@type":"BreadcrumbList","@id":"https:\/\/sandzakpress.net\/arhiva\/svicarska-promocija-knjige-u-dzematu-uhingen\/#breadcrumb","itemListElement":[{"@type":"ListItem","position":1,"name":"Home","item":"https:\/\/sandzakpress.net\/arhiva\/"},{"@type":"ListItem","position":2,"name":"\u0160vicarska: Promocija knjige u d\u017eematu Uhingen"}]},{"@type":"WebSite","@id":"https:\/\/sandzakpress.net\/arhiva\/#website","url":"https:\/\/sandzakpress.net\/arhiva\/","name":"Sand\u017eak PRESS","description":"Prve elektronske novine u Sand\u017eaku","publisher":{"@id":"https:\/\/sandzakpress.net\/arhiva\/#\/schema\/person\/6e72b67d6e51910a1117b3b483ba20bd"},"potentialAction":[{"@type":"SearchAction","target":{"@type":"EntryPoint","urlTemplate":"https:\/\/sandzakpress.net\/arhiva\/?s={search_term_string}"},"query-input":{"@type":"PropertyValueSpecification","valueRequired":true,"valueName":"search_term_string"}}],"inLanguage":"bs-BA"},{"@type":["Person","Organization"],"@id":"https:\/\/sandzakpress.net\/arhiva\/#\/schema\/person\/6e72b67d6e51910a1117b3b483ba20bd","name":"Kul","image":{"@type":"ImageObject","inLanguage":"bs-BA","@id":"https:\/\/sandzakpress.net\/arhiva\/#\/schema\/person\/image\/","url":"https:\/\/secure.gravatar.com\/avatar\/42263f39aa27ac04c43cab85c280eb2e?s=96&d=mm&r=pg","contentUrl":"https:\/\/secure.gravatar.com\/avatar\/42263f39aa27ac04c43cab85c280eb2e?s=96&d=mm&r=pg","caption":"Kul"},"logo":{"@id":"https:\/\/sandzakpress.net\/arhiva\/#\/schema\/person\/image\/"}},{"@type":"Person","@id":"","url":"https:\/\/sandzakpress.net\/arhiva\/author\/"}]}},"_links":{"self":[{"href":"https:\/\/sandzakpress.net\/arhiva\/wp-json\/wp\/v2\/posts\/69647"}],"collection":[{"href":"https:\/\/sandzakpress.net\/arhiva\/wp-json\/wp\/v2\/posts"}],"about":[{"href":"https:\/\/sandzakpress.net\/arhiva\/wp-json\/wp\/v2\/types\/post"}],"author":[{"embeddable":true,"href":"https:\/\/sandzakpress.net\/arhiva\/wp-json\/wp\/v2\/users\/16"}],"replies":[{"embeddable":true,"href":"https:\/\/sandzakpress.net\/arhiva\/wp-json\/wp\/v2\/comments?post=69647"}],"version-history":[{"count":0,"href":"https:\/\/sandzakpress.net\/arhiva\/wp-json\/wp\/v2\/posts\/69647\/revisions"}],"wp:featuredmedia":[{"embeddable":true,"href":"https:\/\/sandzakpress.net\/arhiva\/wp-json\/wp\/v2\/media\/69648"}],"wp:attachment":[{"href":"https:\/\/sandzakpress.net\/arhiva\/wp-json\/wp\/v2\/media?parent=69647"}],"wp:term":[{"taxonomy":"category","embeddable":true,"href":"https:\/\/sandzakpress.net\/arhiva\/wp-json\/wp\/v2\/categories?post=69647"},{"taxonomy":"post_tag","embeddable":true,"href":"https:\/\/sandzakpress.net\/arhiva\/wp-json\/wp\/v2\/tags?post=69647"}],"curies":[{"name":"wp","href":"https:\/\/api.w.org\/{rel}","templated":true}]}}