{"id":69359,"date":"2013-03-12T15:39:33","date_gmt":"2013-03-12T14:39:33","guid":{"rendered":"https:\/\/sandzakpress.net\/arhiva\/?p=69359"},"modified":"2013-03-12T15:39:33","modified_gmt":"2013-03-12T14:39:33","slug":"porodice-ubijenih-iz-mostara-traze-odgovornost-dijane-culjak","status":"publish","type":"post","link":"https:\/\/sandzakpress.net\/arhiva\/porodice-ubijenih-iz-mostara-traze-odgovornost-dijane-culjak\/","title":{"rendered":"Porodice ubijenih iz Mostara tra\u017ee odgovornost Dijane \u010culjak"},"content":{"rendered":"<p><strong><a href=\"https:\/\/sandzakpress.net\/arhiva\/wp-content\/uploads\/2013\/03\/Zajednicka_dzenaza_Mostar.jpg\"><img loading=\"lazy\" decoding=\"async\" class=\"alignleft size-medium wp-image-69360\" title=\"Zajednicka_dzenaza_Mostar\" src=\"https:\/\/sandzakpress.net\/arhiva\/wp-content\/uploads\/2013\/03\/Zajednicka_dzenaza_Mostar-300x200.jpg\" alt=\"\" width=\"300\" height=\"200\" \/><\/a>BIH &#8211; Predstavnici porodica zarobljenih i ubijenih boraca Armije Republike Bosne i Hercegovine iz komande \u010cetvrtog korpusa Armije RBiH u mostarskoj zgradi &#8221;Vranica&#8221; u maju 1993. godine najavili su da \u0107e preko najvi\u0161ih instanci u Bosni i Hercegovini tra\u017eiti da se u Hrvatskoj ispita odgovornost biv\u0161e urednice i novinarke Hrvatske-radio televizije (HRT) Dijane \u010culjak za ovaj zlo\u010din, saznaje novinar agencije Anadolija (AA).<br \/>\n<\/strong><\/p>\n<p>\u010culjkova je uhap\u0161ena u petak u Zagrebu i odre\u0111en joj je jednomjese\u010dni pritvor u zatvoru Remetinac zbog afere &#8220;CORE Media&#8221; u kojoj je krajem februara ozna\u010dena kao osumnji\u010dena.<\/p>\n<p>Zarobljavanje boraca Armije BiH iz &#8221;Vranice&#8221;, a koje su izveli pripadnici Hrvatskog vije\u0107a obrane (HVO), prikazano je u prilogu novinarke Dijane \u010culjak u emisiji &#8221;Slikom na sliku&#8221; HRT-a u maju 1993. godine, nakon \u010dega im se bio izgubio svaki trag.<\/p>\n<p>Posmrtni ostaci deset od ukupno 13 nestalih pripadnika Arije RBiH, ina\u010de nositelja najve\u0107eg ratnog priznanja &#8221;Zlatnog ljiljana&#8221;, prona\u0111eno je u maju 2007. godine na lokalitetu Rimski bunar u Goranacima, zapadno od Mostara prema \u0160irokom Brijegu. Oni su uz najvi\u0161e po\u010dasti u maju 2008. godine ukopani na \u0160ehitlucima u Mostaru, dok se za preostalom trojicom boraca jo\u0161 traga.<\/p>\n<p>Predsjednica odbora roditelja i porodica zarobljenih i nestalih iz zgrade &#8221;Vranica&#8221; Azra Penava kazala je za agenciju Anadolija da &#8221;moraju odgovarati svi koji su krivi za zlo\u010dine i koji su mislili da im niko i nikada ni\u0161ta ne\u0107e mo\u0107i&#8221;.<\/p>\n<p>&#8221;A takva je i Dijana \u010culjak! \u010culjak snosi odgovornost za ovaj zlo\u010din. Ona je suu\u010desnik u zlostavljanju i ubijanju na\u0161ih najmilijih, ali i proganjanju porodica nestalih. Jer, poslije prikazivanja snimka na HRT-u svi smo mi imali dosta problema. Na\u0161i i \u017eivoti na\u0161e djece su bili jako ugro\u017eeni. Bojovnici su nosili fotografije sa snimka iz priloga Dijane \u010culjak i tra\u017eili na\u0161e porodice po stanove i ku\u0107ama. Snimak je jako doprinio smrti na\u0161ih najmilijih. To dokazuju svjedo\u010denja i sa logora na Ma\u0161inskom fakultetu u Mostaru. Naime, poslije objavljivanja snimka mnogi su bojovnici dolazili u to mu\u010dili\u0161te i pitali gdje su oni \u0161to su snimljeni kod &#8221;Vranice&#8221;? Istina je da je hu\u0161ka\u010dka atmosfera koju je stvorila \u010culjak doprinijela zlo\u010dinu&#8221;, tvrdi Penava za agenciju Anadolija.<\/p>\n<p>Podsje\u0107a kako je \u010culjak u svom prilogu borce Armije RBiH nazivala &#8221;ekstremistima&#8221; koji su u zgradi &#8221;Vranice&#8221; &#8221;dr\u017eali hrvatske civile&#8221;, \u0161to je, kako tvrdi Penava, zape\u010datilo sudbinu njihovih najmilijih.<\/p>\n<p>&#8221;Ona je govorila da su to mud\u017eahedini. Ne, to nisu bili mud\u017eahedini, to su bili borci Armije BiH. Moj mu\u017e, kao i ostali poginuli, bili su \u010dasni ljudi i patriote ove dr\u017eave. U zgradi su bili, zapravo, bo\u0161nja\u010dki civili. Mnogi su ubijeni ili su zatvoreni u logore. Potvr\u0111uje to i proces koji se vodi od 2002. godine za zlo\u010dine nad civilima i ratnim zarobljenicima&#8221;, isti\u010de Penava.<\/p>\n<p>Nadalje, Penava je najavila nastavak borbe za istinu.<\/p>\n<p>&#8221;Razgovarat \u0107u sa roditeljima i na\u0161im advokatom da se obratimo najvi\u0161im instancama u dr\u017eavi BiH da bi nam pomogli da se od Dijane \u010culjak tra\u017ei kompletna istina. Ona ima mnoge dokaze koje je prikupila prilikom zarobljavanja na\u0161ih najmilijih. \u017delimo aktuelne vlasti u dr\u017eavi BiH potaknuti da nam pomognu u komunikaciji s vlastima Hrvatske&#8221;, napomenula je ona.<\/p>\n<p>Porodice ubijenih i nestalih iz zgrade &#8221;Vranica&#8221; ogor\u010dene su na \u010dinjenicu da odgovorni za zlo\u010din nad njihovim najmilijim do danas nisu procesuirani, iako je postupak zapo\u010deo jo\u0161 2002. godine.<\/p>\n<p>&#8221;Problem je u sistemu kadija te tu\u017ei, kadija ti sudi. Kantonalni sud u Mostaru sve \u010dini da se ne do\u0111e do istine i pravde. Vrlo je bolno spoznati da jedna sudska instanca nije uspjela rije\u0161iti ovaj slu\u010daj, iako ima toliko dokaza, snimaka i izjava. \u010cinjenica da oni rade suprotno istini i pravdi jesu i presude Vrhovnog suda FBiH koji je do sada u vi\u0161e navrata vra\u0107ao predmet na ponovno su\u0111enje, \u010dak ka\u017enjavao taj sud zbog odluka u na\u0161em slu\u010daju, tra\u017eili su i nova sudska vije\u0107a&#8230; Ali, \u0161ta o\u010dekivati kada je na \u010delu Kantonalnog suda Mostar Mladen Juri\u0161i\u0107, \u010dovjek koji je bio vojni tu\u017eilac HVO-a, onog istog koji je odgovoran za smrt na\u0161ih najmilijih&#8221;, istakla je Penava, ponovo apeliraju\u0107i na sve one koji i\u0161ta znaju o zlo\u010dinima nad borcima iz &#8221;Vranice&#8221; da kona\u010dno progovore u javnosti.<\/p>\n<p>Napominje kako bi morala postojati ve\u0107a politi\u010dka volja kako bi Tu\u017eila\u0161tvo i Sud BiH preuzeli slu\u010daj &#8221;Vranica&#8221; ili da se makar u Kantonalnom sudu Mostar imenuju ljudi &#8221;koje \u0107e samo interesirati samo istina i pravda&#8221;.<\/p>\n<p>Biv\u0161i zapovjednik vojne policije HVO-a Mosta \u017deljko D\u017eidi\u0107, prvooptu\u017eeni za ratni zlo\u010din nad civilima i ratnim zarobljenicima iz mostarske zgrade &#8220;Vranica&#8221;, pobjegao je u oktobru 2011. godine. D\u017eidi\u0107 je pobjegao uo\u010di glavnog pretresa koji je na Kantonalnom sudu u Mostaru bio zakazan za 25. oktobra 2011. godine.<\/p>\n<p>Ko su nestali iz &#8221;Vranice&#8221;<br \/>\nNa mezarju \u0160ehitluci 9. maja 2008. godine ukopani su: Alija (Osmana) \u010camo (1965), Senad (Omera) \u010cehi\u0107 (1964), D\u017eevad (Osmana) \u010coli\u0107 (1970), Mimo (Mehe) Grizovi\u0107 (1971); Vahidin (Ilijasa) Hasi\u0107 (1972), D\u017eevad (Omera) Husi\u0107 (1975), Zlatko (Safeta) Mehi\u0107 (1974), Nenad (Slobodana) Milojevi\u0107 (1968), Fahir (Halila) Penava (1954) i Nazif (Hamida) \u0160aran\u010di\u0107 (1965), svi iz grupe Vranica. Esad (Mehe) Husi\u0107, nakon d\u017eenaze ukopan je u malom haremu u Feji\u0107evoj ulici (Husi\u0107), dok je u Blagaju ukopan Sabit (Mehe) A\u0161kraba. Jo\u0161 uvijek se traga za posmrtnim ostacima Hasana Bali\u0107a, Fe\u0111e Huskovi\u0107a i \u0160efika Pobri\u0107a.<\/p>\n<p>(Bosnjaci)<\/p>\n","protected":false},"excerpt":{"rendered":"<p>BIH &#8211; Predstavnici porodica zarobljenih i ubijenih boraca Armije Republike Bosne i Hercegovine iz komande \u010cetvrtog korpusa Armije RBiH u mostarskoj zgradi &#8221;Vranica&#8221; u maju 1993. godine najavili su da \u0107e preko najvi\u0161ih instanci u Bosni i Hercegovini tra\u017eiti da se u Hrvatskoj ispita odgovornost biv\u0161e urednice i novinarke Hrvatske-radio televizije (HRT) Dijane \u010culjak za [&hellip;]<\/p>\n","protected":false},"author":16,"featured_media":69360,"comment_status":"open","ping_status":"open","sticky":false,"template":"","format":"standard","meta":{"footnotes":""},"categories":[800,2860],"tags":[],"class_list":{"0":"post-69359","1":"post","2":"type-post","3":"status-publish","4":"format-standard","5":"has-post-thumbnail","7":"category-nacija","8":"category-bosna-i-hercegovina-gradovi"},"yoast_head":"<!-- This site is optimized with the Yoast SEO Premium plugin v23.1 (Yoast SEO v24.9) - https:\/\/yoast.com\/wordpress\/plugins\/seo\/ -->\n<title>Porodice ubijenih iz Mostara tra\u017ee odgovornost Dijane \u010culjak<\/title>\n<meta name=\"robots\" content=\"index, follow, max-snippet:-1, max-image-preview:large, max-video-preview:-1\" \/>\n<link rel=\"canonical\" href=\"https:\/\/sandzakpress.net\/arhiva\/porodice-ubijenih-iz-mostara-traze-odgovornost-dijane-culjak\/\" \/>\n<meta property=\"og:locale\" content=\"bs_BA\" \/>\n<meta property=\"og:type\" content=\"article\" \/>\n<meta property=\"og:title\" content=\"Porodice ubijenih iz Mostara tra\u017ee odgovornost Dijane \u010culjak\" \/>\n<meta property=\"og:description\" content=\"BIH &#8211; Predstavnici porodica zarobljenih i ubijenih boraca Armije Republike Bosne i Hercegovine iz komande \u010cetvrtog korpusa Armije RBiH u mostarskoj zgradi &#8221;Vranica&#8221; u maju 1993. godine najavili su da \u0107e preko najvi\u0161ih instanci u Bosni i Hercegovini tra\u017eiti da se u Hrvatskoj ispita odgovornost biv\u0161e urednice i novinarke Hrvatske-radio televizije (HRT) Dijane \u010culjak za [&hellip;]\" \/>\n<meta property=\"og:url\" content=\"https:\/\/sandzakpress.net\/arhiva\/porodice-ubijenih-iz-mostara-traze-odgovornost-dijane-culjak\/\" \/>\n<meta property=\"og:site_name\" content=\"Sand\u017eak PRESS\" \/>\n<meta property=\"article:published_time\" content=\"2013-03-12T14:39:33+00:00\" \/>\n<meta property=\"og:image\" content=\"https:\/\/sandzakpress.net\/arhiva\/wp-content\/uploads\/2013\/03\/Zajednicka_dzenaza_Mostar.jpg\" \/>\n\t<meta property=\"og:image:width\" content=\"616\" \/>\n\t<meta property=\"og:image:height\" content=\"411\" \/>\n\t<meta property=\"og:image:type\" content=\"image\/jpeg\" \/>\n<meta name=\"twitter:card\" content=\"summary_large_image\" \/>\n<meta name=\"twitter:label1\" content=\"Written by\" \/>\n\t<meta name=\"twitter:data1\" content=\"\" \/>\n\t<meta name=\"twitter:label2\" content=\"Est. reading time\" \/>\n\t<meta name=\"twitter:data2\" content=\"5 minuta\" \/>\n<script type=\"application\/ld+json\" class=\"yoast-schema-graph\">{\"@context\":\"https:\/\/schema.org\",\"@graph\":[{\"@type\":\"Article\",\"@id\":\"https:\/\/sandzakpress.net\/arhiva\/porodice-ubijenih-iz-mostara-traze-odgovornost-dijane-culjak\/#article\",\"isPartOf\":{\"@id\":\"https:\/\/sandzakpress.net\/arhiva\/porodice-ubijenih-iz-mostara-traze-odgovornost-dijane-culjak\/\"},\"author\":{\"name\":\"\",\"@id\":\"\"},\"headline\":\"Porodice ubijenih iz Mostara tra\u017ee odgovornost Dijane \u010culjak\",\"datePublished\":\"2013-03-12T14:39:33+00:00\",\"mainEntityOfPage\":{\"@id\":\"https:\/\/sandzakpress.net\/arhiva\/porodice-ubijenih-iz-mostara-traze-odgovornost-dijane-culjak\/\"},\"wordCount\":932,\"commentCount\":0,\"publisher\":{\"@id\":\"https:\/\/sandzakpress.net\/arhiva\/#\/schema\/person\/6e72b67d6e51910a1117b3b483ba20bd\"},\"image\":{\"@id\":\"https:\/\/sandzakpress.net\/arhiva\/porodice-ubijenih-iz-mostara-traze-odgovornost-dijane-culjak\/#primaryimage\"},\"thumbnailUrl\":\"https:\/\/sandzakpress.net\/arhiva\/wp-content\/uploads\/2013\/03\/Zajednicka_dzenaza_Mostar.jpg\",\"articleSection\":[\"Nacija\",\"Bosna i Hercegovina\"],\"inLanguage\":\"bs-BA\",\"potentialAction\":[{\"@type\":\"CommentAction\",\"name\":\"Comment\",\"target\":[\"https:\/\/sandzakpress.net\/arhiva\/porodice-ubijenih-iz-mostara-traze-odgovornost-dijane-culjak\/#respond\"]}]},{\"@type\":\"WebPage\",\"@id\":\"https:\/\/sandzakpress.net\/arhiva\/porodice-ubijenih-iz-mostara-traze-odgovornost-dijane-culjak\/\",\"url\":\"https:\/\/sandzakpress.net\/arhiva\/porodice-ubijenih-iz-mostara-traze-odgovornost-dijane-culjak\/\",\"name\":\"Porodice ubijenih iz Mostara tra\u017ee odgovornost Dijane \u010culjak\",\"isPartOf\":{\"@id\":\"https:\/\/sandzakpress.net\/arhiva\/#website\"},\"primaryImageOfPage\":{\"@id\":\"https:\/\/sandzakpress.net\/arhiva\/porodice-ubijenih-iz-mostara-traze-odgovornost-dijane-culjak\/#primaryimage\"},\"image\":{\"@id\":\"https:\/\/sandzakpress.net\/arhiva\/porodice-ubijenih-iz-mostara-traze-odgovornost-dijane-culjak\/#primaryimage\"},\"thumbnailUrl\":\"https:\/\/sandzakpress.net\/arhiva\/wp-content\/uploads\/2013\/03\/Zajednicka_dzenaza_Mostar.jpg\",\"datePublished\":\"2013-03-12T14:39:33+00:00\",\"breadcrumb\":{\"@id\":\"https:\/\/sandzakpress.net\/arhiva\/porodice-ubijenih-iz-mostara-traze-odgovornost-dijane-culjak\/#breadcrumb\"},\"inLanguage\":\"bs-BA\",\"potentialAction\":[{\"@type\":\"ReadAction\",\"target\":[\"https:\/\/sandzakpress.net\/arhiva\/porodice-ubijenih-iz-mostara-traze-odgovornost-dijane-culjak\/\"]}]},{\"@type\":\"ImageObject\",\"inLanguage\":\"bs-BA\",\"@id\":\"https:\/\/sandzakpress.net\/arhiva\/porodice-ubijenih-iz-mostara-traze-odgovornost-dijane-culjak\/#primaryimage\",\"url\":\"https:\/\/sandzakpress.net\/arhiva\/wp-content\/uploads\/2013\/03\/Zajednicka_dzenaza_Mostar.jpg\",\"contentUrl\":\"https:\/\/sandzakpress.net\/arhiva\/wp-content\/uploads\/2013\/03\/Zajednicka_dzenaza_Mostar.jpg\",\"width\":616,\"height\":411},{\"@type\":\"BreadcrumbList\",\"@id\":\"https:\/\/sandzakpress.net\/arhiva\/porodice-ubijenih-iz-mostara-traze-odgovornost-dijane-culjak\/#breadcrumb\",\"itemListElement\":[{\"@type\":\"ListItem\",\"position\":1,\"name\":\"Home\",\"item\":\"https:\/\/sandzakpress.net\/arhiva\/\"},{\"@type\":\"ListItem\",\"position\":2,\"name\":\"Porodice ubijenih iz Mostara tra\u017ee odgovornost Dijane \u010culjak\"}]},{\"@type\":\"WebSite\",\"@id\":\"https:\/\/sandzakpress.net\/arhiva\/#website\",\"url\":\"https:\/\/sandzakpress.net\/arhiva\/\",\"name\":\"Sand\u017eak PRESS\",\"description\":\"Prve elektronske novine u Sand\u017eaku\",\"publisher\":{\"@id\":\"https:\/\/sandzakpress.net\/arhiva\/#\/schema\/person\/6e72b67d6e51910a1117b3b483ba20bd\"},\"potentialAction\":[{\"@type\":\"SearchAction\",\"target\":{\"@type\":\"EntryPoint\",\"urlTemplate\":\"https:\/\/sandzakpress.net\/arhiva\/?s={search_term_string}\"},\"query-input\":{\"@type\":\"PropertyValueSpecification\",\"valueRequired\":true,\"valueName\":\"search_term_string\"}}],\"inLanguage\":\"bs-BA\"},{\"@type\":[\"Person\",\"Organization\"],\"@id\":\"https:\/\/sandzakpress.net\/arhiva\/#\/schema\/person\/6e72b67d6e51910a1117b3b483ba20bd\",\"name\":\"Kul\",\"image\":{\"@type\":\"ImageObject\",\"inLanguage\":\"bs-BA\",\"@id\":\"https:\/\/sandzakpress.net\/arhiva\/#\/schema\/person\/image\/\",\"url\":\"https:\/\/secure.gravatar.com\/avatar\/42263f39aa27ac04c43cab85c280eb2e?s=96&d=mm&r=pg\",\"contentUrl\":\"https:\/\/secure.gravatar.com\/avatar\/42263f39aa27ac04c43cab85c280eb2e?s=96&d=mm&r=pg\",\"caption\":\"Kul\"},\"logo\":{\"@id\":\"https:\/\/sandzakpress.net\/arhiva\/#\/schema\/person\/image\/\"}},{\"@type\":\"Person\",\"@id\":\"\",\"url\":\"https:\/\/sandzakpress.net\/arhiva\/author\/\"}]}<\/script>\n<!-- \/ Yoast SEO Premium plugin. -->","yoast_head_json":{"title":"Porodice ubijenih iz Mostara tra\u017ee odgovornost Dijane \u010culjak","robots":{"index":"index","follow":"follow","max-snippet":"max-snippet:-1","max-image-preview":"max-image-preview:large","max-video-preview":"max-video-preview:-1"},"canonical":"https:\/\/sandzakpress.net\/arhiva\/porodice-ubijenih-iz-mostara-traze-odgovornost-dijane-culjak\/","og_locale":"bs_BA","og_type":"article","og_title":"Porodice ubijenih iz Mostara tra\u017ee odgovornost Dijane \u010culjak","og_description":"BIH &#8211; Predstavnici porodica zarobljenih i ubijenih boraca Armije Republike Bosne i Hercegovine iz komande \u010cetvrtog korpusa Armije RBiH u mostarskoj zgradi &#8221;Vranica&#8221; u maju 1993. godine najavili su da \u0107e preko najvi\u0161ih instanci u Bosni i Hercegovini tra\u017eiti da se u Hrvatskoj ispita odgovornost biv\u0161e urednice i novinarke Hrvatske-radio televizije (HRT) Dijane \u010culjak za [&hellip;]","og_url":"https:\/\/sandzakpress.net\/arhiva\/porodice-ubijenih-iz-mostara-traze-odgovornost-dijane-culjak\/","og_site_name":"Sand\u017eak PRESS","article_published_time":"2013-03-12T14:39:33+00:00","og_image":[{"width":616,"height":411,"url":"https:\/\/sandzakpress.net\/arhiva\/wp-content\/uploads\/2013\/03\/Zajednicka_dzenaza_Mostar.jpg","type":"image\/jpeg"}],"twitter_card":"summary_large_image","twitter_misc":{"Written by":"","Est. reading time":"5 minuta"},"schema":{"@context":"https:\/\/schema.org","@graph":[{"@type":"Article","@id":"https:\/\/sandzakpress.net\/arhiva\/porodice-ubijenih-iz-mostara-traze-odgovornost-dijane-culjak\/#article","isPartOf":{"@id":"https:\/\/sandzakpress.net\/arhiva\/porodice-ubijenih-iz-mostara-traze-odgovornost-dijane-culjak\/"},"author":{"name":"","@id":""},"headline":"Porodice ubijenih iz Mostara tra\u017ee odgovornost Dijane \u010culjak","datePublished":"2013-03-12T14:39:33+00:00","mainEntityOfPage":{"@id":"https:\/\/sandzakpress.net\/arhiva\/porodice-ubijenih-iz-mostara-traze-odgovornost-dijane-culjak\/"},"wordCount":932,"commentCount":0,"publisher":{"@id":"https:\/\/sandzakpress.net\/arhiva\/#\/schema\/person\/6e72b67d6e51910a1117b3b483ba20bd"},"image":{"@id":"https:\/\/sandzakpress.net\/arhiva\/porodice-ubijenih-iz-mostara-traze-odgovornost-dijane-culjak\/#primaryimage"},"thumbnailUrl":"https:\/\/sandzakpress.net\/arhiva\/wp-content\/uploads\/2013\/03\/Zajednicka_dzenaza_Mostar.jpg","articleSection":["Nacija","Bosna i Hercegovina"],"inLanguage":"bs-BA","potentialAction":[{"@type":"CommentAction","name":"Comment","target":["https:\/\/sandzakpress.net\/arhiva\/porodice-ubijenih-iz-mostara-traze-odgovornost-dijane-culjak\/#respond"]}]},{"@type":"WebPage","@id":"https:\/\/sandzakpress.net\/arhiva\/porodice-ubijenih-iz-mostara-traze-odgovornost-dijane-culjak\/","url":"https:\/\/sandzakpress.net\/arhiva\/porodice-ubijenih-iz-mostara-traze-odgovornost-dijane-culjak\/","name":"Porodice ubijenih iz Mostara tra\u017ee odgovornost Dijane \u010culjak","isPartOf":{"@id":"https:\/\/sandzakpress.net\/arhiva\/#website"},"primaryImageOfPage":{"@id":"https:\/\/sandzakpress.net\/arhiva\/porodice-ubijenih-iz-mostara-traze-odgovornost-dijane-culjak\/#primaryimage"},"image":{"@id":"https:\/\/sandzakpress.net\/arhiva\/porodice-ubijenih-iz-mostara-traze-odgovornost-dijane-culjak\/#primaryimage"},"thumbnailUrl":"https:\/\/sandzakpress.net\/arhiva\/wp-content\/uploads\/2013\/03\/Zajednicka_dzenaza_Mostar.jpg","datePublished":"2013-03-12T14:39:33+00:00","breadcrumb":{"@id":"https:\/\/sandzakpress.net\/arhiva\/porodice-ubijenih-iz-mostara-traze-odgovornost-dijane-culjak\/#breadcrumb"},"inLanguage":"bs-BA","potentialAction":[{"@type":"ReadAction","target":["https:\/\/sandzakpress.net\/arhiva\/porodice-ubijenih-iz-mostara-traze-odgovornost-dijane-culjak\/"]}]},{"@type":"ImageObject","inLanguage":"bs-BA","@id":"https:\/\/sandzakpress.net\/arhiva\/porodice-ubijenih-iz-mostara-traze-odgovornost-dijane-culjak\/#primaryimage","url":"https:\/\/sandzakpress.net\/arhiva\/wp-content\/uploads\/2013\/03\/Zajednicka_dzenaza_Mostar.jpg","contentUrl":"https:\/\/sandzakpress.net\/arhiva\/wp-content\/uploads\/2013\/03\/Zajednicka_dzenaza_Mostar.jpg","width":616,"height":411},{"@type":"BreadcrumbList","@id":"https:\/\/sandzakpress.net\/arhiva\/porodice-ubijenih-iz-mostara-traze-odgovornost-dijane-culjak\/#breadcrumb","itemListElement":[{"@type":"ListItem","position":1,"name":"Home","item":"https:\/\/sandzakpress.net\/arhiva\/"},{"@type":"ListItem","position":2,"name":"Porodice ubijenih iz Mostara tra\u017ee odgovornost Dijane \u010culjak"}]},{"@type":"WebSite","@id":"https:\/\/sandzakpress.net\/arhiva\/#website","url":"https:\/\/sandzakpress.net\/arhiva\/","name":"Sand\u017eak PRESS","description":"Prve elektronske novine u Sand\u017eaku","publisher":{"@id":"https:\/\/sandzakpress.net\/arhiva\/#\/schema\/person\/6e72b67d6e51910a1117b3b483ba20bd"},"potentialAction":[{"@type":"SearchAction","target":{"@type":"EntryPoint","urlTemplate":"https:\/\/sandzakpress.net\/arhiva\/?s={search_term_string}"},"query-input":{"@type":"PropertyValueSpecification","valueRequired":true,"valueName":"search_term_string"}}],"inLanguage":"bs-BA"},{"@type":["Person","Organization"],"@id":"https:\/\/sandzakpress.net\/arhiva\/#\/schema\/person\/6e72b67d6e51910a1117b3b483ba20bd","name":"Kul","image":{"@type":"ImageObject","inLanguage":"bs-BA","@id":"https:\/\/sandzakpress.net\/arhiva\/#\/schema\/person\/image\/","url":"https:\/\/secure.gravatar.com\/avatar\/42263f39aa27ac04c43cab85c280eb2e?s=96&d=mm&r=pg","contentUrl":"https:\/\/secure.gravatar.com\/avatar\/42263f39aa27ac04c43cab85c280eb2e?s=96&d=mm&r=pg","caption":"Kul"},"logo":{"@id":"https:\/\/sandzakpress.net\/arhiva\/#\/schema\/person\/image\/"}},{"@type":"Person","@id":"","url":"https:\/\/sandzakpress.net\/arhiva\/author\/"}]}},"_links":{"self":[{"href":"https:\/\/sandzakpress.net\/arhiva\/wp-json\/wp\/v2\/posts\/69359"}],"collection":[{"href":"https:\/\/sandzakpress.net\/arhiva\/wp-json\/wp\/v2\/posts"}],"about":[{"href":"https:\/\/sandzakpress.net\/arhiva\/wp-json\/wp\/v2\/types\/post"}],"author":[{"embeddable":true,"href":"https:\/\/sandzakpress.net\/arhiva\/wp-json\/wp\/v2\/users\/16"}],"replies":[{"embeddable":true,"href":"https:\/\/sandzakpress.net\/arhiva\/wp-json\/wp\/v2\/comments?post=69359"}],"version-history":[{"count":0,"href":"https:\/\/sandzakpress.net\/arhiva\/wp-json\/wp\/v2\/posts\/69359\/revisions"}],"wp:featuredmedia":[{"embeddable":true,"href":"https:\/\/sandzakpress.net\/arhiva\/wp-json\/wp\/v2\/media\/69360"}],"wp:attachment":[{"href":"https:\/\/sandzakpress.net\/arhiva\/wp-json\/wp\/v2\/media?parent=69359"}],"wp:term":[{"taxonomy":"category","embeddable":true,"href":"https:\/\/sandzakpress.net\/arhiva\/wp-json\/wp\/v2\/categories?post=69359"},{"taxonomy":"post_tag","embeddable":true,"href":"https:\/\/sandzakpress.net\/arhiva\/wp-json\/wp\/v2\/tags?post=69359"}],"curies":[{"name":"wp","href":"https:\/\/api.w.org\/{rel}","templated":true}]}}