{"id":69289,"date":"2013-03-11T17:22:43","date_gmt":"2013-03-11T16:22:43","guid":{"rendered":"https:\/\/sandzakpress.net\/arhiva\/?p=69289"},"modified":"2013-03-11T17:22:43","modified_gmt":"2013-03-11T16:22:43","slug":"pozari-u-turskim-cetvrtima-u-njemackoj","status":"publish","type":"post","link":"https:\/\/sandzakpress.net\/arhiva\/pozari-u-turskim-cetvrtima-u-njemackoj\/","title":{"rendered":"Po\u017eari u turskim \u010detvrtima u Njema\u010dkoj"},"content":{"rendered":"<p><strong><a href=\"https:\/\/sandzakpress.net\/arhiva\/wp-content\/uploads\/2013\/03\/news_2013_Mart_njemacka_pozar_anadolija_309661084.jpg\"><img loading=\"lazy\" decoding=\"async\" class=\"alignleft size-full wp-image-69290\" title=\"news_2013_Mart_njemacka_pozar_anadolija_309661084\" src=\"https:\/\/sandzakpress.net\/arhiva\/wp-content\/uploads\/2013\/03\/news_2013_Mart_njemacka_pozar_anadolija_309661084.jpg\" alt=\"\" width=\"300\" height=\"225\" \/><\/a>Njema\u010dka &#8211; Dana\u0161nji po\u017ear u njema\u010dkom gradu Backnangu, nedaleko od Stuttgarta, u kojem su stradali majka i sedmoro djece, nije prvi po\u017ear koji je zadesio porodice Turaka koji \u017eive u Njema\u010dkoj. Radi se o \u010detvrtom po\u017earu \u010dije \u017ertve su bili Turci koji \u017eive u Njema\u010dkoj.<br \/>\n<\/strong><br \/>\nU \u010detiri po\u017eara od 1992. do danas, smrtno je stradalo 25 njema\u010dkih Turaka, a nekoliko desetina ih je povrije\u0111eno.<\/p>\n<p>Divlja\u0161tvo u Mollnu<br \/>\nPrvi po\u017ear u zgradi u kojoj su bili nastanjeni turski dr\u017eavljani, poznat kao &#8220;Divlja\u0161tvo u M\u00f6llnu&#8221;, dogodio se 22. novembra 1992. godine u gradu M\u00f6llnu na sjeveru Njema\u010dke. Tada su Michael Peters (25) i Lars Christiansen (19), baciv\u0161i molotovljev koktel, zapalili zgradu u ulici Ratzeburger, u kojoj su \u017eivjeli prete\u017eno Turci. Dok je vatrogasna slu\u017eba bila u pokretu ka ulici Razeburger, dvojica neonacista zapalili su i ku\u0107u u ulici Muhlen, gdje je bila nastanjena turska porodica Aslan. U po\u017earu u ulici Razeburger ozlije\u0111eno je 30 osoba, dok su u ulici M\u00fchlen, Bahide Arslan (51), Yeliz Arslan (10) i Ayse Yilmaz (14) izgorjele. Ayten Arslan, Havva Arslan, Emrah Arslan i Ibrahim Arslan spasili su se sko\u010div\u0161i kroz prozor i zadobv\u0161i ozlijede od \u010dijih posljedica se i danas lije\u010de. Dvojica napada\u010da uhap\u0161eni su tri sedmice nakon po\u017eara. Christiansen, koji je osu\u0111en na 10 godina zatvora, prije \u010detiri godine uvjetno je oslobo\u0111en, dok se Peters, osu\u0111en na do\u017eivotnu kaznu, nalazi u zatvoru L\u00fcbeck, u Njema\u010dkoj.<\/p>\n<p>Po\u017ear u Solingenu<br \/>\nDrugi katastrofalan po\u017ear dogodio se 29. maja 1993. u gradu Solingenu, u saveznoj dr\u017eavi Sjeverna Rajna &#8211; Vestfalija. Tada su \u010detvorica neonacista zapalili zgradu u ulici Unterewerner, i tom prilikom smrtno su stradali Gulsun Ince (28), Hatice Genc (18), Hulya Gence (9), Saime Genc (5) i Gulistan Ozturk (12). Bekir Gence (15) i Gultane Ince (3) pre\u017eivjeli su i zadobili te\u0161ke tjelesne ozlijede. Porodica Genc, ipak, nije napustila Solingen. Napada\u010d Markus Gartmann osu\u0111en je na 15 godina, a ostala trojica napada\u010da Elix K\u00f6hnen, Christian Reher, Christina Bucholz dobili su po 10 godina zatvora.<\/p>\n<p>Devet \u017ertava po\u017eara u Ludwigshafenu<br \/>\nU gradu Ludwigshafenu, na jugozapadu Njema\u010dke, tre\u0107eg februra 2008. godine do\u0161lo je do po\u017eara u zgradi u kojoj su \u017eivjeli turski dr\u017eavljani. Do po\u017eara je do\u0161lo u 16.30 sati, nakon tradicionalnog karnevala koji se odr\u017eava u ovom gradu. Po\u017ear je izbio na prvom spratu \u010detverospratne zgrade i za vrlo kratko vrijeme zahvatio je \u010ditav objekat. Na mjesto doga\u0111aja stigla je policija koja je suspjela spasiti ve\u0107i broj stanara. Vatrogasna je slu\u017eba po\u017ear je uspjela ugasiti tek narednog dana. Tu\u017eilastvo u Ludwigshafenu utvrdilo je da je po\u017ear planuo u prizemlju zgrade, a zbog nemogu\u0107nosti utvr\u0111ivanja uzroka po\u017eara, slu\u010daj je zatvoren. U po\u017earu je stradalo devet osoba, me\u0111u kojima i \u010detvero djece. Belma Ozkaplan (22), Done Kaplan (21), Hulya Kaplan (31), Medine Kaplan (48), Kamil Kaplan (3), Dilara Kaplan (11), \u0130lyas Caglar (3), Kenan Kaplan (2), Karanfil Kaplan (4) bili su \u017ertve ovog po\u017eara i svi su bili turski dr\u017eavljani.<\/p>\n<p>(Bosnjaci)<\/p>\n","protected":false},"excerpt":{"rendered":"<p>Njema\u010dka &#8211; Dana\u0161nji po\u017ear u njema\u010dkom gradu Backnangu, nedaleko od Stuttgarta, u kojem su stradali majka i sedmoro djece, nije prvi po\u017ear koji je zadesio porodice Turaka koji \u017eive u Njema\u010dkoj. Radi se o \u010detvrtom po\u017earu \u010dije \u017ertve su bili Turci koji \u017eive u Njema\u010dkoj. U \u010detiri po\u017eara od 1992. do danas, smrtno je stradalo [&hellip;]<\/p>\n","protected":false},"author":16,"featured_media":69290,"comment_status":"open","ping_status":"open","sticky":false,"template":"","format":"standard","meta":{"footnotes":""},"categories":[9538,9],"tags":[],"class_list":{"0":"post-69289","1":"post","2":"type-post","3":"status-publish","4":"format-standard","5":"has-post-thumbnail","7":"category-njemacka-dijaspora-gradovi-vase-vijesti","8":"category-svijet"},"yoast_head":"<!-- This site is optimized with the Yoast SEO Premium plugin v23.1 (Yoast SEO v24.9) - https:\/\/yoast.com\/wordpress\/plugins\/seo\/ -->\n<title>Po\u017eari u turskim \u010detvrtima u Njema\u010dkoj<\/title>\n<meta name=\"robots\" content=\"index, follow, max-snippet:-1, max-image-preview:large, max-video-preview:-1\" \/>\n<link rel=\"canonical\" href=\"https:\/\/sandzakpress.net\/arhiva\/pozari-u-turskim-cetvrtima-u-njemackoj\/\" \/>\n<meta property=\"og:locale\" content=\"bs_BA\" \/>\n<meta property=\"og:type\" content=\"article\" \/>\n<meta property=\"og:title\" content=\"Po\u017eari u turskim \u010detvrtima u Njema\u010dkoj\" \/>\n<meta property=\"og:description\" content=\"Njema\u010dka &#8211; Dana\u0161nji po\u017ear u njema\u010dkom gradu Backnangu, nedaleko od Stuttgarta, u kojem su stradali majka i sedmoro djece, nije prvi po\u017ear koji je zadesio porodice Turaka koji \u017eive u Njema\u010dkoj. Radi se o \u010detvrtom po\u017earu \u010dije \u017ertve su bili Turci koji \u017eive u Njema\u010dkoj. U \u010detiri po\u017eara od 1992. do danas, smrtno je stradalo [&hellip;]\" \/>\n<meta property=\"og:url\" content=\"https:\/\/sandzakpress.net\/arhiva\/pozari-u-turskim-cetvrtima-u-njemackoj\/\" \/>\n<meta property=\"og:site_name\" content=\"Sand\u017eak PRESS\" \/>\n<meta property=\"article:published_time\" content=\"2013-03-11T16:22:43+00:00\" \/>\n<meta property=\"og:image\" content=\"https:\/\/sandzakpress.net\/arhiva\/wp-content\/uploads\/2013\/03\/news_2013_Mart_njemacka_pozar_anadolija_309661084.jpg\" \/>\n\t<meta property=\"og:image:width\" content=\"300\" \/>\n\t<meta property=\"og:image:height\" content=\"225\" \/>\n\t<meta property=\"og:image:type\" content=\"image\/jpeg\" \/>\n<meta name=\"twitter:card\" content=\"summary_large_image\" \/>\n<meta name=\"twitter:label1\" content=\"Written by\" \/>\n\t<meta name=\"twitter:data1\" content=\"\" \/>\n\t<meta name=\"twitter:label2\" content=\"Est. reading time\" \/>\n\t<meta name=\"twitter:data2\" content=\"3 minute\" \/>\n<script type=\"application\/ld+json\" class=\"yoast-schema-graph\">{\"@context\":\"https:\/\/schema.org\",\"@graph\":[{\"@type\":\"Article\",\"@id\":\"https:\/\/sandzakpress.net\/arhiva\/pozari-u-turskim-cetvrtima-u-njemackoj\/#article\",\"isPartOf\":{\"@id\":\"https:\/\/sandzakpress.net\/arhiva\/pozari-u-turskim-cetvrtima-u-njemackoj\/\"},\"author\":{\"name\":\"\",\"@id\":\"\"},\"headline\":\"Po\u017eari u turskim \u010detvrtima u Njema\u010dkoj\",\"datePublished\":\"2013-03-11T16:22:43+00:00\",\"mainEntityOfPage\":{\"@id\":\"https:\/\/sandzakpress.net\/arhiva\/pozari-u-turskim-cetvrtima-u-njemackoj\/\"},\"wordCount\":524,\"commentCount\":0,\"publisher\":{\"@id\":\"https:\/\/sandzakpress.net\/arhiva\/#\/schema\/person\/6e72b67d6e51910a1117b3b483ba20bd\"},\"image\":{\"@id\":\"https:\/\/sandzakpress.net\/arhiva\/pozari-u-turskim-cetvrtima-u-njemackoj\/#primaryimage\"},\"thumbnailUrl\":\"https:\/\/sandzakpress.net\/arhiva\/wp-content\/uploads\/2013\/03\/news_2013_Mart_njemacka_pozar_anadolija_309661084.jpg\",\"articleSection\":[\"Njema\u010dka\",\"Svijet\"],\"inLanguage\":\"bs-BA\",\"potentialAction\":[{\"@type\":\"CommentAction\",\"name\":\"Comment\",\"target\":[\"https:\/\/sandzakpress.net\/arhiva\/pozari-u-turskim-cetvrtima-u-njemackoj\/#respond\"]}]},{\"@type\":\"WebPage\",\"@id\":\"https:\/\/sandzakpress.net\/arhiva\/pozari-u-turskim-cetvrtima-u-njemackoj\/\",\"url\":\"https:\/\/sandzakpress.net\/arhiva\/pozari-u-turskim-cetvrtima-u-njemackoj\/\",\"name\":\"Po\u017eari u turskim \u010detvrtima u Njema\u010dkoj\",\"isPartOf\":{\"@id\":\"https:\/\/sandzakpress.net\/arhiva\/#website\"},\"primaryImageOfPage\":{\"@id\":\"https:\/\/sandzakpress.net\/arhiva\/pozari-u-turskim-cetvrtima-u-njemackoj\/#primaryimage\"},\"image\":{\"@id\":\"https:\/\/sandzakpress.net\/arhiva\/pozari-u-turskim-cetvrtima-u-njemackoj\/#primaryimage\"},\"thumbnailUrl\":\"https:\/\/sandzakpress.net\/arhiva\/wp-content\/uploads\/2013\/03\/news_2013_Mart_njemacka_pozar_anadolija_309661084.jpg\",\"datePublished\":\"2013-03-11T16:22:43+00:00\",\"breadcrumb\":{\"@id\":\"https:\/\/sandzakpress.net\/arhiva\/pozari-u-turskim-cetvrtima-u-njemackoj\/#breadcrumb\"},\"inLanguage\":\"bs-BA\",\"potentialAction\":[{\"@type\":\"ReadAction\",\"target\":[\"https:\/\/sandzakpress.net\/arhiva\/pozari-u-turskim-cetvrtima-u-njemackoj\/\"]}]},{\"@type\":\"ImageObject\",\"inLanguage\":\"bs-BA\",\"@id\":\"https:\/\/sandzakpress.net\/arhiva\/pozari-u-turskim-cetvrtima-u-njemackoj\/#primaryimage\",\"url\":\"https:\/\/sandzakpress.net\/arhiva\/wp-content\/uploads\/2013\/03\/news_2013_Mart_njemacka_pozar_anadolija_309661084.jpg\",\"contentUrl\":\"https:\/\/sandzakpress.net\/arhiva\/wp-content\/uploads\/2013\/03\/news_2013_Mart_njemacka_pozar_anadolija_309661084.jpg\",\"width\":300,\"height\":225},{\"@type\":\"BreadcrumbList\",\"@id\":\"https:\/\/sandzakpress.net\/arhiva\/pozari-u-turskim-cetvrtima-u-njemackoj\/#breadcrumb\",\"itemListElement\":[{\"@type\":\"ListItem\",\"position\":1,\"name\":\"Home\",\"item\":\"https:\/\/sandzakpress.net\/arhiva\/\"},{\"@type\":\"ListItem\",\"position\":2,\"name\":\"Po\u017eari u turskim \u010detvrtima u Njema\u010dkoj\"}]},{\"@type\":\"WebSite\",\"@id\":\"https:\/\/sandzakpress.net\/arhiva\/#website\",\"url\":\"https:\/\/sandzakpress.net\/arhiva\/\",\"name\":\"Sand\u017eak PRESS\",\"description\":\"Prve elektronske novine u Sand\u017eaku\",\"publisher\":{\"@id\":\"https:\/\/sandzakpress.net\/arhiva\/#\/schema\/person\/6e72b67d6e51910a1117b3b483ba20bd\"},\"potentialAction\":[{\"@type\":\"SearchAction\",\"target\":{\"@type\":\"EntryPoint\",\"urlTemplate\":\"https:\/\/sandzakpress.net\/arhiva\/?s={search_term_string}\"},\"query-input\":{\"@type\":\"PropertyValueSpecification\",\"valueRequired\":true,\"valueName\":\"search_term_string\"}}],\"inLanguage\":\"bs-BA\"},{\"@type\":[\"Person\",\"Organization\"],\"@id\":\"https:\/\/sandzakpress.net\/arhiva\/#\/schema\/person\/6e72b67d6e51910a1117b3b483ba20bd\",\"name\":\"Kul\",\"image\":{\"@type\":\"ImageObject\",\"inLanguage\":\"bs-BA\",\"@id\":\"https:\/\/sandzakpress.net\/arhiva\/#\/schema\/person\/image\/\",\"url\":\"https:\/\/secure.gravatar.com\/avatar\/42263f39aa27ac04c43cab85c280eb2e?s=96&d=mm&r=pg\",\"contentUrl\":\"https:\/\/secure.gravatar.com\/avatar\/42263f39aa27ac04c43cab85c280eb2e?s=96&d=mm&r=pg\",\"caption\":\"Kul\"},\"logo\":{\"@id\":\"https:\/\/sandzakpress.net\/arhiva\/#\/schema\/person\/image\/\"}},{\"@type\":\"Person\",\"@id\":\"\",\"url\":\"https:\/\/sandzakpress.net\/arhiva\/author\/\"}]}<\/script>\n<!-- \/ Yoast SEO Premium plugin. -->","yoast_head_json":{"title":"Po\u017eari u turskim \u010detvrtima u Njema\u010dkoj","robots":{"index":"index","follow":"follow","max-snippet":"max-snippet:-1","max-image-preview":"max-image-preview:large","max-video-preview":"max-video-preview:-1"},"canonical":"https:\/\/sandzakpress.net\/arhiva\/pozari-u-turskim-cetvrtima-u-njemackoj\/","og_locale":"bs_BA","og_type":"article","og_title":"Po\u017eari u turskim \u010detvrtima u Njema\u010dkoj","og_description":"Njema\u010dka &#8211; Dana\u0161nji po\u017ear u njema\u010dkom gradu Backnangu, nedaleko od Stuttgarta, u kojem su stradali majka i sedmoro djece, nije prvi po\u017ear koji je zadesio porodice Turaka koji \u017eive u Njema\u010dkoj. Radi se o \u010detvrtom po\u017earu \u010dije \u017ertve su bili Turci koji \u017eive u Njema\u010dkoj. U \u010detiri po\u017eara od 1992. do danas, smrtno je stradalo [&hellip;]","og_url":"https:\/\/sandzakpress.net\/arhiva\/pozari-u-turskim-cetvrtima-u-njemackoj\/","og_site_name":"Sand\u017eak PRESS","article_published_time":"2013-03-11T16:22:43+00:00","og_image":[{"width":300,"height":225,"url":"https:\/\/sandzakpress.net\/arhiva\/wp-content\/uploads\/2013\/03\/news_2013_Mart_njemacka_pozar_anadolija_309661084.jpg","type":"image\/jpeg"}],"twitter_card":"summary_large_image","twitter_misc":{"Written by":"","Est. reading time":"3 minute"},"schema":{"@context":"https:\/\/schema.org","@graph":[{"@type":"Article","@id":"https:\/\/sandzakpress.net\/arhiva\/pozari-u-turskim-cetvrtima-u-njemackoj\/#article","isPartOf":{"@id":"https:\/\/sandzakpress.net\/arhiva\/pozari-u-turskim-cetvrtima-u-njemackoj\/"},"author":{"name":"","@id":""},"headline":"Po\u017eari u turskim \u010detvrtima u Njema\u010dkoj","datePublished":"2013-03-11T16:22:43+00:00","mainEntityOfPage":{"@id":"https:\/\/sandzakpress.net\/arhiva\/pozari-u-turskim-cetvrtima-u-njemackoj\/"},"wordCount":524,"commentCount":0,"publisher":{"@id":"https:\/\/sandzakpress.net\/arhiva\/#\/schema\/person\/6e72b67d6e51910a1117b3b483ba20bd"},"image":{"@id":"https:\/\/sandzakpress.net\/arhiva\/pozari-u-turskim-cetvrtima-u-njemackoj\/#primaryimage"},"thumbnailUrl":"https:\/\/sandzakpress.net\/arhiva\/wp-content\/uploads\/2013\/03\/news_2013_Mart_njemacka_pozar_anadolija_309661084.jpg","articleSection":["Njema\u010dka","Svijet"],"inLanguage":"bs-BA","potentialAction":[{"@type":"CommentAction","name":"Comment","target":["https:\/\/sandzakpress.net\/arhiva\/pozari-u-turskim-cetvrtima-u-njemackoj\/#respond"]}]},{"@type":"WebPage","@id":"https:\/\/sandzakpress.net\/arhiva\/pozari-u-turskim-cetvrtima-u-njemackoj\/","url":"https:\/\/sandzakpress.net\/arhiva\/pozari-u-turskim-cetvrtima-u-njemackoj\/","name":"Po\u017eari u turskim \u010detvrtima u Njema\u010dkoj","isPartOf":{"@id":"https:\/\/sandzakpress.net\/arhiva\/#website"},"primaryImageOfPage":{"@id":"https:\/\/sandzakpress.net\/arhiva\/pozari-u-turskim-cetvrtima-u-njemackoj\/#primaryimage"},"image":{"@id":"https:\/\/sandzakpress.net\/arhiva\/pozari-u-turskim-cetvrtima-u-njemackoj\/#primaryimage"},"thumbnailUrl":"https:\/\/sandzakpress.net\/arhiva\/wp-content\/uploads\/2013\/03\/news_2013_Mart_njemacka_pozar_anadolija_309661084.jpg","datePublished":"2013-03-11T16:22:43+00:00","breadcrumb":{"@id":"https:\/\/sandzakpress.net\/arhiva\/pozari-u-turskim-cetvrtima-u-njemackoj\/#breadcrumb"},"inLanguage":"bs-BA","potentialAction":[{"@type":"ReadAction","target":["https:\/\/sandzakpress.net\/arhiva\/pozari-u-turskim-cetvrtima-u-njemackoj\/"]}]},{"@type":"ImageObject","inLanguage":"bs-BA","@id":"https:\/\/sandzakpress.net\/arhiva\/pozari-u-turskim-cetvrtima-u-njemackoj\/#primaryimage","url":"https:\/\/sandzakpress.net\/arhiva\/wp-content\/uploads\/2013\/03\/news_2013_Mart_njemacka_pozar_anadolija_309661084.jpg","contentUrl":"https:\/\/sandzakpress.net\/arhiva\/wp-content\/uploads\/2013\/03\/news_2013_Mart_njemacka_pozar_anadolija_309661084.jpg","width":300,"height":225},{"@type":"BreadcrumbList","@id":"https:\/\/sandzakpress.net\/arhiva\/pozari-u-turskim-cetvrtima-u-njemackoj\/#breadcrumb","itemListElement":[{"@type":"ListItem","position":1,"name":"Home","item":"https:\/\/sandzakpress.net\/arhiva\/"},{"@type":"ListItem","position":2,"name":"Po\u017eari u turskim \u010detvrtima u Njema\u010dkoj"}]},{"@type":"WebSite","@id":"https:\/\/sandzakpress.net\/arhiva\/#website","url":"https:\/\/sandzakpress.net\/arhiva\/","name":"Sand\u017eak PRESS","description":"Prve elektronske novine u Sand\u017eaku","publisher":{"@id":"https:\/\/sandzakpress.net\/arhiva\/#\/schema\/person\/6e72b67d6e51910a1117b3b483ba20bd"},"potentialAction":[{"@type":"SearchAction","target":{"@type":"EntryPoint","urlTemplate":"https:\/\/sandzakpress.net\/arhiva\/?s={search_term_string}"},"query-input":{"@type":"PropertyValueSpecification","valueRequired":true,"valueName":"search_term_string"}}],"inLanguage":"bs-BA"},{"@type":["Person","Organization"],"@id":"https:\/\/sandzakpress.net\/arhiva\/#\/schema\/person\/6e72b67d6e51910a1117b3b483ba20bd","name":"Kul","image":{"@type":"ImageObject","inLanguage":"bs-BA","@id":"https:\/\/sandzakpress.net\/arhiva\/#\/schema\/person\/image\/","url":"https:\/\/secure.gravatar.com\/avatar\/42263f39aa27ac04c43cab85c280eb2e?s=96&d=mm&r=pg","contentUrl":"https:\/\/secure.gravatar.com\/avatar\/42263f39aa27ac04c43cab85c280eb2e?s=96&d=mm&r=pg","caption":"Kul"},"logo":{"@id":"https:\/\/sandzakpress.net\/arhiva\/#\/schema\/person\/image\/"}},{"@type":"Person","@id":"","url":"https:\/\/sandzakpress.net\/arhiva\/author\/"}]}},"_links":{"self":[{"href":"https:\/\/sandzakpress.net\/arhiva\/wp-json\/wp\/v2\/posts\/69289"}],"collection":[{"href":"https:\/\/sandzakpress.net\/arhiva\/wp-json\/wp\/v2\/posts"}],"about":[{"href":"https:\/\/sandzakpress.net\/arhiva\/wp-json\/wp\/v2\/types\/post"}],"author":[{"embeddable":true,"href":"https:\/\/sandzakpress.net\/arhiva\/wp-json\/wp\/v2\/users\/16"}],"replies":[{"embeddable":true,"href":"https:\/\/sandzakpress.net\/arhiva\/wp-json\/wp\/v2\/comments?post=69289"}],"version-history":[{"count":0,"href":"https:\/\/sandzakpress.net\/arhiva\/wp-json\/wp\/v2\/posts\/69289\/revisions"}],"wp:featuredmedia":[{"embeddable":true,"href":"https:\/\/sandzakpress.net\/arhiva\/wp-json\/wp\/v2\/media\/69290"}],"wp:attachment":[{"href":"https:\/\/sandzakpress.net\/arhiva\/wp-json\/wp\/v2\/media?parent=69289"}],"wp:term":[{"taxonomy":"category","embeddable":true,"href":"https:\/\/sandzakpress.net\/arhiva\/wp-json\/wp\/v2\/categories?post=69289"},{"taxonomy":"post_tag","embeddable":true,"href":"https:\/\/sandzakpress.net\/arhiva\/wp-json\/wp\/v2\/tags?post=69289"}],"curies":[{"name":"wp","href":"https:\/\/api.w.org\/{rel}","templated":true}]}}