{"id":69270,"date":"2013-03-11T17:05:07","date_gmt":"2013-03-11T16:05:07","guid":{"rendered":"https:\/\/sandzakpress.net\/arhiva\/?p=69270"},"modified":"2013-03-12T13:34:24","modified_gmt":"2013-03-12T12:34:24","slug":"pobjednica-%e2%80%9ezlatne-pahulje%e2%80%9c-anja-jovanovic-iz-bih","status":"publish","type":"post","link":"https:\/\/sandzakpress.net\/arhiva\/pobjednica-%e2%80%9ezlatne-pahulje%e2%80%9c-anja-jovanovic-iz-bih\/","title":{"rendered":"Pobjednica \u201eZlatne pahulje\u201c Anja Jovan\u010di\u0107 iz BiH"},"content":{"rendered":"<p><strong><a href=\"https:\/\/sandzakpress.net\/arhiva\/wp-content\/uploads\/2013\/03\/DSC07663.jpg\"><img loading=\"lazy\" decoding=\"async\" class=\"alignleft size-medium wp-image-69271\" title=\"DSC07663\" src=\"https:\/\/sandzakpress.net\/arhiva\/wp-content\/uploads\/2013\/03\/DSC07663-300x143.jpg\" alt=\"\" width=\"300\" height=\"143\" \/><\/a>Ro\u017eaje &#8211; Dodjelom nagrada i priznanja zavr\u0161en je dvadeseti me\u0111unarodni Festival dje\u010dije pjesme \u201eZlatna pahulja\u201c. <\/strong><\/p>\n<p>Prema ocjeni stru\u010dnjaka, prikazan je visok nivo muzi\u010dkog stvarala\u0161tva, a u organizacionom smislu sve je funkcionisalo besprekorno.<\/p>\n<p>Stru\u010dni \u017eiri na \u010delu sa Vesnom Ivanovi\u0107 imao je te\u017eak zadatak da odabere najbolje. Ipak, prema njihovoj odluci, pobjednica \u00a0\u201eZlatne pahulje\u201c je Ana Jovan\u010di\u0107 iz Isto\u010dnog Sarajeva. Ona je interpretirala numeru \u201eGro\u017enjanske ma\u010dije \u0161torije\u201c, tekstopisca i kompozitora Besima Spahi\u0107a, a aran\u017eman je uradio Adnan Mu\u0161anovi\u0107.<\/p>\n<p>Stru\u010dni \u017eiri na \u010delu sa Vesnom Ivanovi\u0107 dodijelio je drugu nagradu za najboljeg solistu\u00a0 Teodori Stankovi\u0107 iz Novog Sada, za pjesmu \u201ePosle ki\u0161e pojavi se duga\u201c, za koju je tekst napisao Sa\u0161a Bo\u017eovi\u0107, a muziku i aran\u017eman Lado Le\u0161.\u00a0 Tre\u0107enagra\u0111ena je predstavnica Slovenije Zala Kantu\u017ear iz Trbovlja sa numerom \u201eMoja glazba\u201c Vlada Poredo\u0161a za koju je muziku i aran\u017eman uradio Marjan Hvala.<\/p>\n<p>Specijalnu nagradu \u017eirija dobila je Makedonka \u00a0Nadica Stojanova iz Kavadaraca, koja je otpjevala pjesmu \u201eKakav dan, dan prekrasan\u201c Zorana Stanoeva, za koju je aran\u017eman uradio Pepi Angelov. Pobjednicima je nagrade uru\u010dila Aida Omeranovi\u0107, direktorica festivala.<\/p>\n<p>Dje\u010dji \u017eiri u sastavu \u2013 Almira Agovi\u0107, Bajram Demi\u0107, Ru\u017eica Bulatovi\u0107, Admir Hadrovi\u0107 i Amina \u0160krijelj \u2013 odlu\u010dio je da nagradi numeru \u201eSan\u201c, koju je izvela Sne\u017eanka Penova iz Bugarske.<\/p>\n<p>Na zavr\u0161noj ve\u010deri nastupila su i tri predstavnika na\u0161e zemlje koja su na prethodnoj ve\u010deri festivala osvojili nagrade za interpretaciju: Milutin Radulovi\u0107 iz Podgorice je sa numerom \u201eManja je zvek\u201c, za koju je tekst napisala Sanja Peri\u0107 a muziku i aran\u017eman uradio Predrag Nedeljkovi\u0107, potom Jovan Aleksi\u0107 iz Podgorice sa kompozicijom \u201ePitali se\u201c, tekstopisca Sa\u0161e Bo\u017eovi\u0107a, za koju je muziku uradila Dijana Roganovi\u0107-Bogi\u0107evi\u0107 a \u00a0aran\u017eman Veselin Frenki Bogi\u0107evi\u0107 i Podgori\u010danka\u00a0 Selma Hrapovi\u0107, koja je interpretirala numeru \u201eLjubav\u201c, koju je sama napisala i komponovala, dok je aran\u017eman djelo Veselina Frenkija Bogi\u0107evi\u0107a.<\/p>\n<p>Festivalom su uspje\u0161no kormilarili Dejan \u0110onovi\u0107 i Masja Kapetanovi\u0107, a sve izvo\u0111a\u010de kompozicija je pratila plesna grupa Centra za kulturu Pahulje.<\/p>\n<p>Organizatori i ovogodi\u0161njeg festivala su bili op\u0161tina Ro\u017eaje i Centar za kulturu, generalni pokrovitelj Ministarstvo kulture, a medijski sponzor RTVCG.<\/p>\n<p>(Rozajac)<\/p>\n","protected":false},"excerpt":{"rendered":"<p>Ro\u017eaje &#8211; Dodjelom nagrada i priznanja zavr\u0161en je dvadeseti me\u0111unarodni Festival dje\u010dije pjesme \u201eZlatna pahulja\u201c. Prema ocjeni stru\u010dnjaka, prikazan je visok nivo muzi\u010dkog stvarala\u0161tva, a u organizacionom smislu sve je funkcionisalo besprekorno. Stru\u010dni \u017eiri na \u010delu sa Vesnom Ivanovi\u0107 imao je te\u017eak zadatak da odabere najbolje. Ipak, prema njihovoj odluci, pobjednica \u00a0\u201eZlatne pahulje\u201c je Ana [&hellip;]<\/p>\n","protected":false},"author":16,"featured_media":69271,"comment_status":"open","ping_status":"open","sticky":false,"template":"","format":"standard","meta":{"footnotes":""},"categories":[398],"tags":[],"class_list":{"0":"post-69270","1":"post","2":"type-post","3":"status-publish","4":"format-standard","5":"has-post-thumbnail","7":"category-rozaje"},"yoast_head":"<!-- This site is optimized with the Yoast SEO Premium plugin v23.1 (Yoast SEO v24.9) - https:\/\/yoast.com\/wordpress\/plugins\/seo\/ -->\n<title>Pobjednica \u201eZlatne pahulje\u201c Anja Jovan\u010di\u0107 iz BiH<\/title>\n<meta name=\"robots\" content=\"index, follow, max-snippet:-1, max-image-preview:large, max-video-preview:-1\" \/>\n<link rel=\"canonical\" href=\"https:\/\/sandzakpress.net\/arhiva\/pobjednica-\u201ezlatne-pahulje\u201c-anja-jovanovic-iz-bih\/\" \/>\n<meta property=\"og:locale\" content=\"bs_BA\" \/>\n<meta property=\"og:type\" content=\"article\" \/>\n<meta property=\"og:title\" content=\"Pobjednica \u201eZlatne pahulje\u201c Anja Jovan\u010di\u0107 iz BiH\" \/>\n<meta property=\"og:description\" content=\"Ro\u017eaje &#8211; Dodjelom nagrada i priznanja zavr\u0161en je dvadeseti me\u0111unarodni Festival dje\u010dije pjesme \u201eZlatna pahulja\u201c. Prema ocjeni stru\u010dnjaka, prikazan je visok nivo muzi\u010dkog stvarala\u0161tva, a u organizacionom smislu sve je funkcionisalo besprekorno. Stru\u010dni \u017eiri na \u010delu sa Vesnom Ivanovi\u0107 imao je te\u017eak zadatak da odabere najbolje. Ipak, prema njihovoj odluci, pobjednica \u00a0\u201eZlatne pahulje\u201c je Ana [&hellip;]\" \/>\n<meta property=\"og:url\" content=\"https:\/\/sandzakpress.net\/arhiva\/pobjednica-\u201ezlatne-pahulje\u201c-anja-jovanovic-iz-bih\/\" \/>\n<meta property=\"og:site_name\" content=\"Sand\u017eak PRESS\" \/>\n<meta property=\"article:published_time\" content=\"2013-03-11T16:05:07+00:00\" \/>\n<meta property=\"article:modified_time\" content=\"2013-03-12T12:34:24+00:00\" \/>\n<meta property=\"og:image\" content=\"https:\/\/sandzakpress.net\/arhiva\/wp-content\/uploads\/2013\/03\/DSC07663.jpg\" \/>\n\t<meta property=\"og:image:width\" content=\"616\" \/>\n\t<meta property=\"og:image:height\" content=\"295\" \/>\n\t<meta property=\"og:image:type\" content=\"image\/jpeg\" \/>\n<meta name=\"twitter:card\" content=\"summary_large_image\" \/>\n<meta name=\"twitter:label1\" content=\"Written by\" \/>\n\t<meta name=\"twitter:data1\" content=\"\" \/>\n\t<meta name=\"twitter:label2\" content=\"Est. reading time\" \/>\n\t<meta name=\"twitter:data2\" content=\"2 minute\" \/>\n<script type=\"application\/ld+json\" class=\"yoast-schema-graph\">{\"@context\":\"https:\/\/schema.org\",\"@graph\":[{\"@type\":\"Article\",\"@id\":\"https:\/\/sandzakpress.net\/arhiva\/pobjednica-%e2%80%9ezlatne-pahulje%e2%80%9c-anja-jovanovic-iz-bih\/#article\",\"isPartOf\":{\"@id\":\"https:\/\/sandzakpress.net\/arhiva\/pobjednica-%e2%80%9ezlatne-pahulje%e2%80%9c-anja-jovanovic-iz-bih\/\"},\"author\":{\"name\":\"\",\"@id\":\"\"},\"headline\":\"Pobjednica \u201eZlatne pahulje\u201c Anja Jovan\u010di\u0107 iz BiH\",\"datePublished\":\"2013-03-11T16:05:07+00:00\",\"dateModified\":\"2013-03-12T12:34:24+00:00\",\"mainEntityOfPage\":{\"@id\":\"https:\/\/sandzakpress.net\/arhiva\/pobjednica-%e2%80%9ezlatne-pahulje%e2%80%9c-anja-jovanovic-iz-bih\/\"},\"wordCount\":396,\"commentCount\":0,\"publisher\":{\"@id\":\"https:\/\/sandzakpress.net\/arhiva\/#\/schema\/person\/6e72b67d6e51910a1117b3b483ba20bd\"},\"image\":{\"@id\":\"https:\/\/sandzakpress.net\/arhiva\/pobjednica-%e2%80%9ezlatne-pahulje%e2%80%9c-anja-jovanovic-iz-bih\/#primaryimage\"},\"thumbnailUrl\":\"https:\/\/sandzakpress.net\/arhiva\/wp-content\/uploads\/2013\/03\/DSC07663.jpg\",\"articleSection\":[\"Ro\u017eaje\"],\"inLanguage\":\"bs-BA\",\"potentialAction\":[{\"@type\":\"CommentAction\",\"name\":\"Comment\",\"target\":[\"https:\/\/sandzakpress.net\/arhiva\/pobjednica-%e2%80%9ezlatne-pahulje%e2%80%9c-anja-jovanovic-iz-bih\/#respond\"]}]},{\"@type\":\"WebPage\",\"@id\":\"https:\/\/sandzakpress.net\/arhiva\/pobjednica-%e2%80%9ezlatne-pahulje%e2%80%9c-anja-jovanovic-iz-bih\/\",\"url\":\"https:\/\/sandzakpress.net\/arhiva\/pobjednica-%e2%80%9ezlatne-pahulje%e2%80%9c-anja-jovanovic-iz-bih\/\",\"name\":\"Pobjednica \u201eZlatne pahulje\u201c Anja Jovan\u010di\u0107 iz BiH\",\"isPartOf\":{\"@id\":\"https:\/\/sandzakpress.net\/arhiva\/#website\"},\"primaryImageOfPage\":{\"@id\":\"https:\/\/sandzakpress.net\/arhiva\/pobjednica-%e2%80%9ezlatne-pahulje%e2%80%9c-anja-jovanovic-iz-bih\/#primaryimage\"},\"image\":{\"@id\":\"https:\/\/sandzakpress.net\/arhiva\/pobjednica-%e2%80%9ezlatne-pahulje%e2%80%9c-anja-jovanovic-iz-bih\/#primaryimage\"},\"thumbnailUrl\":\"https:\/\/sandzakpress.net\/arhiva\/wp-content\/uploads\/2013\/03\/DSC07663.jpg\",\"datePublished\":\"2013-03-11T16:05:07+00:00\",\"dateModified\":\"2013-03-12T12:34:24+00:00\",\"breadcrumb\":{\"@id\":\"https:\/\/sandzakpress.net\/arhiva\/pobjednica-%e2%80%9ezlatne-pahulje%e2%80%9c-anja-jovanovic-iz-bih\/#breadcrumb\"},\"inLanguage\":\"bs-BA\",\"potentialAction\":[{\"@type\":\"ReadAction\",\"target\":[\"https:\/\/sandzakpress.net\/arhiva\/pobjednica-%e2%80%9ezlatne-pahulje%e2%80%9c-anja-jovanovic-iz-bih\/\"]}]},{\"@type\":\"ImageObject\",\"inLanguage\":\"bs-BA\",\"@id\":\"https:\/\/sandzakpress.net\/arhiva\/pobjednica-%e2%80%9ezlatne-pahulje%e2%80%9c-anja-jovanovic-iz-bih\/#primaryimage\",\"url\":\"https:\/\/sandzakpress.net\/arhiva\/wp-content\/uploads\/2013\/03\/DSC07663.jpg\",\"contentUrl\":\"https:\/\/sandzakpress.net\/arhiva\/wp-content\/uploads\/2013\/03\/DSC07663.jpg\",\"width\":616,\"height\":295},{\"@type\":\"BreadcrumbList\",\"@id\":\"https:\/\/sandzakpress.net\/arhiva\/pobjednica-%e2%80%9ezlatne-pahulje%e2%80%9c-anja-jovanovic-iz-bih\/#breadcrumb\",\"itemListElement\":[{\"@type\":\"ListItem\",\"position\":1,\"name\":\"Home\",\"item\":\"https:\/\/sandzakpress.net\/arhiva\/\"},{\"@type\":\"ListItem\",\"position\":2,\"name\":\"Pobjednica \u201eZlatne pahulje\u201c Anja Jovan\u010di\u0107 iz BiH\"}]},{\"@type\":\"WebSite\",\"@id\":\"https:\/\/sandzakpress.net\/arhiva\/#website\",\"url\":\"https:\/\/sandzakpress.net\/arhiva\/\",\"name\":\"Sand\u017eak PRESS\",\"description\":\"Prve elektronske novine u Sand\u017eaku\",\"publisher\":{\"@id\":\"https:\/\/sandzakpress.net\/arhiva\/#\/schema\/person\/6e72b67d6e51910a1117b3b483ba20bd\"},\"potentialAction\":[{\"@type\":\"SearchAction\",\"target\":{\"@type\":\"EntryPoint\",\"urlTemplate\":\"https:\/\/sandzakpress.net\/arhiva\/?s={search_term_string}\"},\"query-input\":{\"@type\":\"PropertyValueSpecification\",\"valueRequired\":true,\"valueName\":\"search_term_string\"}}],\"inLanguage\":\"bs-BA\"},{\"@type\":[\"Person\",\"Organization\"],\"@id\":\"https:\/\/sandzakpress.net\/arhiva\/#\/schema\/person\/6e72b67d6e51910a1117b3b483ba20bd\",\"name\":\"Kul\",\"image\":{\"@type\":\"ImageObject\",\"inLanguage\":\"bs-BA\",\"@id\":\"https:\/\/sandzakpress.net\/arhiva\/#\/schema\/person\/image\/\",\"url\":\"https:\/\/secure.gravatar.com\/avatar\/42263f39aa27ac04c43cab85c280eb2e?s=96&d=mm&r=pg\",\"contentUrl\":\"https:\/\/secure.gravatar.com\/avatar\/42263f39aa27ac04c43cab85c280eb2e?s=96&d=mm&r=pg\",\"caption\":\"Kul\"},\"logo\":{\"@id\":\"https:\/\/sandzakpress.net\/arhiva\/#\/schema\/person\/image\/\"}},{\"@type\":\"Person\",\"@id\":\"\",\"url\":\"https:\/\/sandzakpress.net\/arhiva\/author\/\"}]}<\/script>\n<!-- \/ Yoast SEO Premium plugin. -->","yoast_head_json":{"title":"Pobjednica \u201eZlatne pahulje\u201c Anja Jovan\u010di\u0107 iz BiH","robots":{"index":"index","follow":"follow","max-snippet":"max-snippet:-1","max-image-preview":"max-image-preview:large","max-video-preview":"max-video-preview:-1"},"canonical":"https:\/\/sandzakpress.net\/arhiva\/pobjednica-\u201ezlatne-pahulje\u201c-anja-jovanovic-iz-bih\/","og_locale":"bs_BA","og_type":"article","og_title":"Pobjednica \u201eZlatne pahulje\u201c Anja Jovan\u010di\u0107 iz BiH","og_description":"Ro\u017eaje &#8211; Dodjelom nagrada i priznanja zavr\u0161en je dvadeseti me\u0111unarodni Festival dje\u010dije pjesme \u201eZlatna pahulja\u201c. Prema ocjeni stru\u010dnjaka, prikazan je visok nivo muzi\u010dkog stvarala\u0161tva, a u organizacionom smislu sve je funkcionisalo besprekorno. Stru\u010dni \u017eiri na \u010delu sa Vesnom Ivanovi\u0107 imao je te\u017eak zadatak da odabere najbolje. Ipak, prema njihovoj odluci, pobjednica \u00a0\u201eZlatne pahulje\u201c je Ana [&hellip;]","og_url":"https:\/\/sandzakpress.net\/arhiva\/pobjednica-\u201ezlatne-pahulje\u201c-anja-jovanovic-iz-bih\/","og_site_name":"Sand\u017eak PRESS","article_published_time":"2013-03-11T16:05:07+00:00","article_modified_time":"2013-03-12T12:34:24+00:00","og_image":[{"width":616,"height":295,"url":"https:\/\/sandzakpress.net\/arhiva\/wp-content\/uploads\/2013\/03\/DSC07663.jpg","type":"image\/jpeg"}],"twitter_card":"summary_large_image","twitter_misc":{"Written by":"","Est. reading time":"2 minute"},"schema":{"@context":"https:\/\/schema.org","@graph":[{"@type":"Article","@id":"https:\/\/sandzakpress.net\/arhiva\/pobjednica-%e2%80%9ezlatne-pahulje%e2%80%9c-anja-jovanovic-iz-bih\/#article","isPartOf":{"@id":"https:\/\/sandzakpress.net\/arhiva\/pobjednica-%e2%80%9ezlatne-pahulje%e2%80%9c-anja-jovanovic-iz-bih\/"},"author":{"name":"","@id":""},"headline":"Pobjednica \u201eZlatne pahulje\u201c Anja Jovan\u010di\u0107 iz BiH","datePublished":"2013-03-11T16:05:07+00:00","dateModified":"2013-03-12T12:34:24+00:00","mainEntityOfPage":{"@id":"https:\/\/sandzakpress.net\/arhiva\/pobjednica-%e2%80%9ezlatne-pahulje%e2%80%9c-anja-jovanovic-iz-bih\/"},"wordCount":396,"commentCount":0,"publisher":{"@id":"https:\/\/sandzakpress.net\/arhiva\/#\/schema\/person\/6e72b67d6e51910a1117b3b483ba20bd"},"image":{"@id":"https:\/\/sandzakpress.net\/arhiva\/pobjednica-%e2%80%9ezlatne-pahulje%e2%80%9c-anja-jovanovic-iz-bih\/#primaryimage"},"thumbnailUrl":"https:\/\/sandzakpress.net\/arhiva\/wp-content\/uploads\/2013\/03\/DSC07663.jpg","articleSection":["Ro\u017eaje"],"inLanguage":"bs-BA","potentialAction":[{"@type":"CommentAction","name":"Comment","target":["https:\/\/sandzakpress.net\/arhiva\/pobjednica-%e2%80%9ezlatne-pahulje%e2%80%9c-anja-jovanovic-iz-bih\/#respond"]}]},{"@type":"WebPage","@id":"https:\/\/sandzakpress.net\/arhiva\/pobjednica-%e2%80%9ezlatne-pahulje%e2%80%9c-anja-jovanovic-iz-bih\/","url":"https:\/\/sandzakpress.net\/arhiva\/pobjednica-%e2%80%9ezlatne-pahulje%e2%80%9c-anja-jovanovic-iz-bih\/","name":"Pobjednica \u201eZlatne pahulje\u201c Anja Jovan\u010di\u0107 iz BiH","isPartOf":{"@id":"https:\/\/sandzakpress.net\/arhiva\/#website"},"primaryImageOfPage":{"@id":"https:\/\/sandzakpress.net\/arhiva\/pobjednica-%e2%80%9ezlatne-pahulje%e2%80%9c-anja-jovanovic-iz-bih\/#primaryimage"},"image":{"@id":"https:\/\/sandzakpress.net\/arhiva\/pobjednica-%e2%80%9ezlatne-pahulje%e2%80%9c-anja-jovanovic-iz-bih\/#primaryimage"},"thumbnailUrl":"https:\/\/sandzakpress.net\/arhiva\/wp-content\/uploads\/2013\/03\/DSC07663.jpg","datePublished":"2013-03-11T16:05:07+00:00","dateModified":"2013-03-12T12:34:24+00:00","breadcrumb":{"@id":"https:\/\/sandzakpress.net\/arhiva\/pobjednica-%e2%80%9ezlatne-pahulje%e2%80%9c-anja-jovanovic-iz-bih\/#breadcrumb"},"inLanguage":"bs-BA","potentialAction":[{"@type":"ReadAction","target":["https:\/\/sandzakpress.net\/arhiva\/pobjednica-%e2%80%9ezlatne-pahulje%e2%80%9c-anja-jovanovic-iz-bih\/"]}]},{"@type":"ImageObject","inLanguage":"bs-BA","@id":"https:\/\/sandzakpress.net\/arhiva\/pobjednica-%e2%80%9ezlatne-pahulje%e2%80%9c-anja-jovanovic-iz-bih\/#primaryimage","url":"https:\/\/sandzakpress.net\/arhiva\/wp-content\/uploads\/2013\/03\/DSC07663.jpg","contentUrl":"https:\/\/sandzakpress.net\/arhiva\/wp-content\/uploads\/2013\/03\/DSC07663.jpg","width":616,"height":295},{"@type":"BreadcrumbList","@id":"https:\/\/sandzakpress.net\/arhiva\/pobjednica-%e2%80%9ezlatne-pahulje%e2%80%9c-anja-jovanovic-iz-bih\/#breadcrumb","itemListElement":[{"@type":"ListItem","position":1,"name":"Home","item":"https:\/\/sandzakpress.net\/arhiva\/"},{"@type":"ListItem","position":2,"name":"Pobjednica \u201eZlatne pahulje\u201c Anja Jovan\u010di\u0107 iz BiH"}]},{"@type":"WebSite","@id":"https:\/\/sandzakpress.net\/arhiva\/#website","url":"https:\/\/sandzakpress.net\/arhiva\/","name":"Sand\u017eak PRESS","description":"Prve elektronske novine u Sand\u017eaku","publisher":{"@id":"https:\/\/sandzakpress.net\/arhiva\/#\/schema\/person\/6e72b67d6e51910a1117b3b483ba20bd"},"potentialAction":[{"@type":"SearchAction","target":{"@type":"EntryPoint","urlTemplate":"https:\/\/sandzakpress.net\/arhiva\/?s={search_term_string}"},"query-input":{"@type":"PropertyValueSpecification","valueRequired":true,"valueName":"search_term_string"}}],"inLanguage":"bs-BA"},{"@type":["Person","Organization"],"@id":"https:\/\/sandzakpress.net\/arhiva\/#\/schema\/person\/6e72b67d6e51910a1117b3b483ba20bd","name":"Kul","image":{"@type":"ImageObject","inLanguage":"bs-BA","@id":"https:\/\/sandzakpress.net\/arhiva\/#\/schema\/person\/image\/","url":"https:\/\/secure.gravatar.com\/avatar\/42263f39aa27ac04c43cab85c280eb2e?s=96&d=mm&r=pg","contentUrl":"https:\/\/secure.gravatar.com\/avatar\/42263f39aa27ac04c43cab85c280eb2e?s=96&d=mm&r=pg","caption":"Kul"},"logo":{"@id":"https:\/\/sandzakpress.net\/arhiva\/#\/schema\/person\/image\/"}},{"@type":"Person","@id":"","url":"https:\/\/sandzakpress.net\/arhiva\/author\/"}]}},"_links":{"self":[{"href":"https:\/\/sandzakpress.net\/arhiva\/wp-json\/wp\/v2\/posts\/69270"}],"collection":[{"href":"https:\/\/sandzakpress.net\/arhiva\/wp-json\/wp\/v2\/posts"}],"about":[{"href":"https:\/\/sandzakpress.net\/arhiva\/wp-json\/wp\/v2\/types\/post"}],"author":[{"embeddable":true,"href":"https:\/\/sandzakpress.net\/arhiva\/wp-json\/wp\/v2\/users\/16"}],"replies":[{"embeddable":true,"href":"https:\/\/sandzakpress.net\/arhiva\/wp-json\/wp\/v2\/comments?post=69270"}],"version-history":[{"count":0,"href":"https:\/\/sandzakpress.net\/arhiva\/wp-json\/wp\/v2\/posts\/69270\/revisions"}],"wp:featuredmedia":[{"embeddable":true,"href":"https:\/\/sandzakpress.net\/arhiva\/wp-json\/wp\/v2\/media\/69271"}],"wp:attachment":[{"href":"https:\/\/sandzakpress.net\/arhiva\/wp-json\/wp\/v2\/media?parent=69270"}],"wp:term":[{"taxonomy":"category","embeddable":true,"href":"https:\/\/sandzakpress.net\/arhiva\/wp-json\/wp\/v2\/categories?post=69270"},{"taxonomy":"post_tag","embeddable":true,"href":"https:\/\/sandzakpress.net\/arhiva\/wp-json\/wp\/v2\/tags?post=69270"}],"curies":[{"name":"wp","href":"https:\/\/api.w.org\/{rel}","templated":true}]}}