{"id":6924,"date":"2010-08-23T16:40:45","date_gmt":"2010-08-23T16:40:45","guid":{"rendered":"https:\/\/sandzakpress.net\/arhiva\/?p=6924"},"modified":"2010-08-23T22:01:17","modified_gmt":"2010-08-23T22:01:17","slug":"vjeroucitelji-najavljuju-masovne-proteste","status":"publish","type":"post","link":"https:\/\/sandzakpress.net\/arhiva\/vjeroucitelji-najavljuju-masovne-proteste\/","title":{"rendered":"Vjerou\u010ditelji najavljuju masovne proteste"},"content":{"rendered":"<p><strong><a href=\"https:\/\/sandzakpress.net\/arhiva\/wp-content\/uploads\/2010\/08\/21dr-veroucitelji.jpg\"><img loading=\"lazy\" decoding=\"async\" class=\"alignleft size-medium wp-image-6925\" title=\"21dr-veroucitelji\" src=\"https:\/\/sandzakpress.net\/arhiva\/wp-content\/uploads\/2010\/08\/21dr-veroucitelji-300x214.jpg\" alt=\"\" width=\"300\" height=\"214\" \/><\/a>Sjeverni Sand\u017eak &#8211; Novoformirano Udru\u017eenje nastavnika islamske vjeronauke osudilo je odluku Vlade Srbije o smjenjivanju predstavnika Islamske zajednice (IZ) Mevluda Dudi\u0107a iz Vladine komisije za vjersku nastavu i najavilo proteste ako se ne povu\u010de ta odluka.<\/strong><\/p>\n<p>Kako se navodi u saop\u0107enju, to udru\u017eenje je na svojoj konstitutivnoj sjednici u Novom Pazaru zatra\u017eilo od predsjednika Srbije Borisa Tadi\u0107a da &#8220;hitno nalo\u017ei&#8221; vladi promjenu te, kako su ocjenili, &#8220;nezakonite odluke kojom se brutalno kr\u0161i Ustavom zagarantovana ravnopravnost IZ&#8221;.<br \/>\nUdru\u017eenje je zatra\u017eilo prijem u Ministarstvu prosvjete u ponedjeljak, 23. avgusta.<\/p>\n<p>&#8220;Ukoliko ne bude razumijevanja za ove zahtjeve, udru\u017eenje \u0107e organizovati masovni protest imama i vjerou\u010ditelja ispred zgrade Vlade Srbije u Beogradu, kao i druge masovne proteste&#8221;, pi\u0161e u saop\u0107enju.<\/p>\n<p>Udru\u017eenje nastavnika islamske vjeronauke je, kako navodi u saop\u0107enju, ukazalo da nastavak diskriminatorskog odnosa vlasti i sve brutalnijeg kr\u0161enja prava muslimana prijeti da ugrozi stabilnost Sand\u017eaka i Srbije.<\/p>\n<p>Kako se navodi u saop\u0107enju, u slu\u010daju da vlada ne povu\u010de svoju odluku udru\u017eenje \u0107e pozvati roditelje i u\u010denike na op\u0107i bojkot nastave i pripadnike IZ na gra\u0111ansku neposlu\u0161nost, a organizovat \u0107e i sve druge vrste mirnih protestnih akcija.<\/p>\n<p>Vjerou\u010ditelji IZ formirali su Udru\u017eenje nastavnika islamske vjeronauke u Novom Pazaru zbog, kako navode, &#8220;diskriminatorskog odnosa Vlade Srbije prema nastavi islamske vjeronauke&#8221;.<\/p>\n<p>Na pomenutom skupu za predsjednika udru\u017eenja izabran je Hajrudin Bali\u0107, a formiran je i upravni odbor udru\u017eenja koga \u010dine predstavnici svih med\u017elisa Sand\u017ea\u010dkog, Pre\u0161evskog, beogradskog i Novosadskog muftijstva, pi\u0161e u saop\u0107enju.<\/p>\n<p>Cilj udru\u017eenja je, kako se navodi, za\u0161tita ustavnih i zakonskih prava nastavnika i u\u010denika islamske vjerske nastave u osnovnim i srednjim \u0161kolama.<\/p>\n<p>Izvor: <strong>Glas-Javnosti.rs, SandzakPRESS.net<\/strong><\/p>\n","protected":false},"excerpt":{"rendered":"<p>Sjeverni Sand\u017eak &#8211; Novoformirano Udru\u017eenje nastavnika islamske vjeronauke osudilo je odluku Vlade Srbije o smjenjivanju predstavnika Islamske zajednice (IZ) Mevluda Dudi\u0107a iz Vladine komisije za vjersku nastavu i najavilo proteste ako se ne povu\u010de ta odluka. Kako se navodi u saop\u0107enju, to udru\u017eenje je na svojoj konstitutivnoj sjednici u Novom Pazaru zatra\u017eilo od predsjednika Srbije [&hellip;]<\/p>\n","protected":false},"author":83,"featured_media":6925,"comment_status":"open","ping_status":"open","sticky":false,"template":"","format":"standard","meta":{"footnotes":""},"categories":[72,800,52,327,392,393,394],"tags":[],"class_list":{"0":"post-6924","1":"post","2":"type-post","3":"status-publish","4":"format-standard","5":"has-post-thumbnail","7":"category-novi-pazar","8":"category-nacija","9":"category-sjenica","10":"category-tutin","11":"category-prijepolje_","12":"category-priboj","13":"category-nova-varos"},"yoast_head":"<!-- This site is optimized with the Yoast SEO Premium plugin v23.1 (Yoast SEO v24.9) - https:\/\/yoast.com\/wordpress\/plugins\/seo\/ -->\n<title>Vjerou\u010ditelji najavljuju masovne proteste<\/title>\n<meta name=\"robots\" content=\"index, follow, max-snippet:-1, max-image-preview:large, max-video-preview:-1\" \/>\n<link rel=\"canonical\" href=\"https:\/\/sandzakpress.net\/arhiva\/vjeroucitelji-najavljuju-masovne-proteste\/\" \/>\n<meta property=\"og:locale\" content=\"bs_BA\" \/>\n<meta property=\"og:type\" content=\"article\" \/>\n<meta property=\"og:title\" content=\"Vjerou\u010ditelji najavljuju masovne proteste\" \/>\n<meta property=\"og:description\" content=\"Sjeverni Sand\u017eak &#8211; Novoformirano Udru\u017eenje nastavnika islamske vjeronauke osudilo je odluku Vlade Srbije o smjenjivanju predstavnika Islamske zajednice (IZ) Mevluda Dudi\u0107a iz Vladine komisije za vjersku nastavu i najavilo proteste ako se ne povu\u010de ta odluka. Kako se navodi u saop\u0107enju, to udru\u017eenje je na svojoj konstitutivnoj sjednici u Novom Pazaru zatra\u017eilo od predsjednika Srbije [&hellip;]\" \/>\n<meta property=\"og:url\" content=\"https:\/\/sandzakpress.net\/arhiva\/vjeroucitelji-najavljuju-masovne-proteste\/\" \/>\n<meta property=\"og:site_name\" content=\"Sand\u017eak PRESS\" \/>\n<meta property=\"article:published_time\" content=\"2010-08-23T16:40:45+00:00\" \/>\n<meta property=\"article:modified_time\" content=\"2010-08-23T22:01:17+00:00\" \/>\n<meta property=\"og:image\" content=\"https:\/\/sandzakpress.net\/arhiva\/wp-content\/uploads\/2010\/08\/21dr-veroucitelji.jpg\" \/>\n\t<meta property=\"og:image:width\" content=\"350\" \/>\n\t<meta property=\"og:image:height\" content=\"250\" \/>\n\t<meta property=\"og:image:type\" content=\"image\/jpeg\" \/>\n<meta name=\"author\" content=\"bosniak\" \/>\n<meta name=\"twitter:card\" content=\"summary_large_image\" \/>\n<meta name=\"twitter:label1\" content=\"Written by\" \/>\n\t<meta name=\"twitter:data1\" content=\"bosniak\" \/>\n\t<meta name=\"twitter:label2\" content=\"Est. reading time\" \/>\n\t<meta name=\"twitter:data2\" content=\"2 minute\" \/>\n<script type=\"application\/ld+json\" class=\"yoast-schema-graph\">{\"@context\":\"https:\/\/schema.org\",\"@graph\":[{\"@type\":\"Article\",\"@id\":\"https:\/\/sandzakpress.net\/arhiva\/vjeroucitelji-najavljuju-masovne-proteste\/#article\",\"isPartOf\":{\"@id\":\"https:\/\/sandzakpress.net\/arhiva\/vjeroucitelji-najavljuju-masovne-proteste\/\"},\"author\":{\"name\":\"bosniak\",\"@id\":\"https:\/\/sandzakpress.net\/arhiva\/#\/schema\/person\/c8baee722073534b583ea7bdb2e36c02\"},\"headline\":\"Vjerou\u010ditelji najavljuju masovne proteste\",\"datePublished\":\"2010-08-23T16:40:45+00:00\",\"dateModified\":\"2010-08-23T22:01:17+00:00\",\"mainEntityOfPage\":{\"@id\":\"https:\/\/sandzakpress.net\/arhiva\/vjeroucitelji-najavljuju-masovne-proteste\/\"},\"wordCount\":308,\"commentCount\":6,\"publisher\":{\"@id\":\"https:\/\/sandzakpress.net\/arhiva\/#\/schema\/person\/6e72b67d6e51910a1117b3b483ba20bd\"},\"image\":{\"@id\":\"https:\/\/sandzakpress.net\/arhiva\/vjeroucitelji-najavljuju-masovne-proteste\/#primaryimage\"},\"thumbnailUrl\":\"https:\/\/sandzakpress.net\/arhiva\/wp-content\/uploads\/2010\/08\/21dr-veroucitelji.jpg\",\"articleSection\":[\"Novi Pazar\",\"Nacija\",\"Sjenica\",\"Tutin\",\"Prijepolje\",\"Priboj\",\"Nova Varo\u0161\"],\"inLanguage\":\"bs-BA\",\"potentialAction\":[{\"@type\":\"CommentAction\",\"name\":\"Comment\",\"target\":[\"https:\/\/sandzakpress.net\/arhiva\/vjeroucitelji-najavljuju-masovne-proteste\/#respond\"]}]},{\"@type\":\"WebPage\",\"@id\":\"https:\/\/sandzakpress.net\/arhiva\/vjeroucitelji-najavljuju-masovne-proteste\/\",\"url\":\"https:\/\/sandzakpress.net\/arhiva\/vjeroucitelji-najavljuju-masovne-proteste\/\",\"name\":\"Vjerou\u010ditelji najavljuju masovne proteste\",\"isPartOf\":{\"@id\":\"https:\/\/sandzakpress.net\/arhiva\/#website\"},\"primaryImageOfPage\":{\"@id\":\"https:\/\/sandzakpress.net\/arhiva\/vjeroucitelji-najavljuju-masovne-proteste\/#primaryimage\"},\"image\":{\"@id\":\"https:\/\/sandzakpress.net\/arhiva\/vjeroucitelji-najavljuju-masovne-proteste\/#primaryimage\"},\"thumbnailUrl\":\"https:\/\/sandzakpress.net\/arhiva\/wp-content\/uploads\/2010\/08\/21dr-veroucitelji.jpg\",\"datePublished\":\"2010-08-23T16:40:45+00:00\",\"dateModified\":\"2010-08-23T22:01:17+00:00\",\"breadcrumb\":{\"@id\":\"https:\/\/sandzakpress.net\/arhiva\/vjeroucitelji-najavljuju-masovne-proteste\/#breadcrumb\"},\"inLanguage\":\"bs-BA\",\"potentialAction\":[{\"@type\":\"ReadAction\",\"target\":[\"https:\/\/sandzakpress.net\/arhiva\/vjeroucitelji-najavljuju-masovne-proteste\/\"]}]},{\"@type\":\"ImageObject\",\"inLanguage\":\"bs-BA\",\"@id\":\"https:\/\/sandzakpress.net\/arhiva\/vjeroucitelji-najavljuju-masovne-proteste\/#primaryimage\",\"url\":\"https:\/\/sandzakpress.net\/arhiva\/wp-content\/uploads\/2010\/08\/21dr-veroucitelji.jpg\",\"contentUrl\":\"https:\/\/sandzakpress.net\/arhiva\/wp-content\/uploads\/2010\/08\/21dr-veroucitelji.jpg\",\"width\":350,\"height\":250},{\"@type\":\"BreadcrumbList\",\"@id\":\"https:\/\/sandzakpress.net\/arhiva\/vjeroucitelji-najavljuju-masovne-proteste\/#breadcrumb\",\"itemListElement\":[{\"@type\":\"ListItem\",\"position\":1,\"name\":\"Home\",\"item\":\"https:\/\/sandzakpress.net\/arhiva\/\"},{\"@type\":\"ListItem\",\"position\":2,\"name\":\"Vjerou\u010ditelji najavljuju masovne proteste\"}]},{\"@type\":\"WebSite\",\"@id\":\"https:\/\/sandzakpress.net\/arhiva\/#website\",\"url\":\"https:\/\/sandzakpress.net\/arhiva\/\",\"name\":\"Sand\u017eak PRESS\",\"description\":\"Prve elektronske novine u Sand\u017eaku\",\"publisher\":{\"@id\":\"https:\/\/sandzakpress.net\/arhiva\/#\/schema\/person\/6e72b67d6e51910a1117b3b483ba20bd\"},\"potentialAction\":[{\"@type\":\"SearchAction\",\"target\":{\"@type\":\"EntryPoint\",\"urlTemplate\":\"https:\/\/sandzakpress.net\/arhiva\/?s={search_term_string}\"},\"query-input\":{\"@type\":\"PropertyValueSpecification\",\"valueRequired\":true,\"valueName\":\"search_term_string\"}}],\"inLanguage\":\"bs-BA\"},{\"@type\":[\"Person\",\"Organization\"],\"@id\":\"https:\/\/sandzakpress.net\/arhiva\/#\/schema\/person\/6e72b67d6e51910a1117b3b483ba20bd\",\"name\":\"Kul\",\"image\":{\"@type\":\"ImageObject\",\"inLanguage\":\"bs-BA\",\"@id\":\"https:\/\/sandzakpress.net\/arhiva\/#\/schema\/person\/image\/\",\"url\":\"https:\/\/secure.gravatar.com\/avatar\/42263f39aa27ac04c43cab85c280eb2e?s=96&d=mm&r=pg\",\"contentUrl\":\"https:\/\/secure.gravatar.com\/avatar\/42263f39aa27ac04c43cab85c280eb2e?s=96&d=mm&r=pg\",\"caption\":\"Kul\"},\"logo\":{\"@id\":\"https:\/\/sandzakpress.net\/arhiva\/#\/schema\/person\/image\/\"}},{\"@type\":\"Person\",\"@id\":\"https:\/\/sandzakpress.net\/arhiva\/#\/schema\/person\/c8baee722073534b583ea7bdb2e36c02\",\"name\":\"bosniak\",\"image\":{\"@type\":\"ImageObject\",\"inLanguage\":\"bs-BA\",\"@id\":\"https:\/\/sandzakpress.net\/arhiva\/#\/schema\/person\/image\/\",\"url\":\"https:\/\/secure.gravatar.com\/avatar\/a04fd330bfe3a36a72a0ad4a6d89fca7?s=96&d=mm&r=pg\",\"contentUrl\":\"https:\/\/secure.gravatar.com\/avatar\/a04fd330bfe3a36a72a0ad4a6d89fca7?s=96&d=mm&r=pg\",\"caption\":\"bosniak\"},\"url\":\"https:\/\/sandzakpress.net\/arhiva\/author\/bosniak\/\"}]}<\/script>\n<!-- \/ Yoast SEO Premium plugin. -->","yoast_head_json":{"title":"Vjerou\u010ditelji najavljuju masovne proteste","robots":{"index":"index","follow":"follow","max-snippet":"max-snippet:-1","max-image-preview":"max-image-preview:large","max-video-preview":"max-video-preview:-1"},"canonical":"https:\/\/sandzakpress.net\/arhiva\/vjeroucitelji-najavljuju-masovne-proteste\/","og_locale":"bs_BA","og_type":"article","og_title":"Vjerou\u010ditelji najavljuju masovne proteste","og_description":"Sjeverni Sand\u017eak &#8211; Novoformirano Udru\u017eenje nastavnika islamske vjeronauke osudilo je odluku Vlade Srbije o smjenjivanju predstavnika Islamske zajednice (IZ) Mevluda Dudi\u0107a iz Vladine komisije za vjersku nastavu i najavilo proteste ako se ne povu\u010de ta odluka. Kako se navodi u saop\u0107enju, to udru\u017eenje je na svojoj konstitutivnoj sjednici u Novom Pazaru zatra\u017eilo od predsjednika Srbije [&hellip;]","og_url":"https:\/\/sandzakpress.net\/arhiva\/vjeroucitelji-najavljuju-masovne-proteste\/","og_site_name":"Sand\u017eak PRESS","article_published_time":"2010-08-23T16:40:45+00:00","article_modified_time":"2010-08-23T22:01:17+00:00","og_image":[{"width":350,"height":250,"url":"https:\/\/sandzakpress.net\/arhiva\/wp-content\/uploads\/2010\/08\/21dr-veroucitelji.jpg","type":"image\/jpeg"}],"author":"bosniak","twitter_card":"summary_large_image","twitter_misc":{"Written by":"bosniak","Est. reading time":"2 minute"},"schema":{"@context":"https:\/\/schema.org","@graph":[{"@type":"Article","@id":"https:\/\/sandzakpress.net\/arhiva\/vjeroucitelji-najavljuju-masovne-proteste\/#article","isPartOf":{"@id":"https:\/\/sandzakpress.net\/arhiva\/vjeroucitelji-najavljuju-masovne-proteste\/"},"author":{"name":"bosniak","@id":"https:\/\/sandzakpress.net\/arhiva\/#\/schema\/person\/c8baee722073534b583ea7bdb2e36c02"},"headline":"Vjerou\u010ditelji najavljuju masovne proteste","datePublished":"2010-08-23T16:40:45+00:00","dateModified":"2010-08-23T22:01:17+00:00","mainEntityOfPage":{"@id":"https:\/\/sandzakpress.net\/arhiva\/vjeroucitelji-najavljuju-masovne-proteste\/"},"wordCount":308,"commentCount":6,"publisher":{"@id":"https:\/\/sandzakpress.net\/arhiva\/#\/schema\/person\/6e72b67d6e51910a1117b3b483ba20bd"},"image":{"@id":"https:\/\/sandzakpress.net\/arhiva\/vjeroucitelji-najavljuju-masovne-proteste\/#primaryimage"},"thumbnailUrl":"https:\/\/sandzakpress.net\/arhiva\/wp-content\/uploads\/2010\/08\/21dr-veroucitelji.jpg","articleSection":["Novi Pazar","Nacija","Sjenica","Tutin","Prijepolje","Priboj","Nova Varo\u0161"],"inLanguage":"bs-BA","potentialAction":[{"@type":"CommentAction","name":"Comment","target":["https:\/\/sandzakpress.net\/arhiva\/vjeroucitelji-najavljuju-masovne-proteste\/#respond"]}]},{"@type":"WebPage","@id":"https:\/\/sandzakpress.net\/arhiva\/vjeroucitelji-najavljuju-masovne-proteste\/","url":"https:\/\/sandzakpress.net\/arhiva\/vjeroucitelji-najavljuju-masovne-proteste\/","name":"Vjerou\u010ditelji najavljuju masovne proteste","isPartOf":{"@id":"https:\/\/sandzakpress.net\/arhiva\/#website"},"primaryImageOfPage":{"@id":"https:\/\/sandzakpress.net\/arhiva\/vjeroucitelji-najavljuju-masovne-proteste\/#primaryimage"},"image":{"@id":"https:\/\/sandzakpress.net\/arhiva\/vjeroucitelji-najavljuju-masovne-proteste\/#primaryimage"},"thumbnailUrl":"https:\/\/sandzakpress.net\/arhiva\/wp-content\/uploads\/2010\/08\/21dr-veroucitelji.jpg","datePublished":"2010-08-23T16:40:45+00:00","dateModified":"2010-08-23T22:01:17+00:00","breadcrumb":{"@id":"https:\/\/sandzakpress.net\/arhiva\/vjeroucitelji-najavljuju-masovne-proteste\/#breadcrumb"},"inLanguage":"bs-BA","potentialAction":[{"@type":"ReadAction","target":["https:\/\/sandzakpress.net\/arhiva\/vjeroucitelji-najavljuju-masovne-proteste\/"]}]},{"@type":"ImageObject","inLanguage":"bs-BA","@id":"https:\/\/sandzakpress.net\/arhiva\/vjeroucitelji-najavljuju-masovne-proteste\/#primaryimage","url":"https:\/\/sandzakpress.net\/arhiva\/wp-content\/uploads\/2010\/08\/21dr-veroucitelji.jpg","contentUrl":"https:\/\/sandzakpress.net\/arhiva\/wp-content\/uploads\/2010\/08\/21dr-veroucitelji.jpg","width":350,"height":250},{"@type":"BreadcrumbList","@id":"https:\/\/sandzakpress.net\/arhiva\/vjeroucitelji-najavljuju-masovne-proteste\/#breadcrumb","itemListElement":[{"@type":"ListItem","position":1,"name":"Home","item":"https:\/\/sandzakpress.net\/arhiva\/"},{"@type":"ListItem","position":2,"name":"Vjerou\u010ditelji najavljuju masovne proteste"}]},{"@type":"WebSite","@id":"https:\/\/sandzakpress.net\/arhiva\/#website","url":"https:\/\/sandzakpress.net\/arhiva\/","name":"Sand\u017eak PRESS","description":"Prve elektronske novine u Sand\u017eaku","publisher":{"@id":"https:\/\/sandzakpress.net\/arhiva\/#\/schema\/person\/6e72b67d6e51910a1117b3b483ba20bd"},"potentialAction":[{"@type":"SearchAction","target":{"@type":"EntryPoint","urlTemplate":"https:\/\/sandzakpress.net\/arhiva\/?s={search_term_string}"},"query-input":{"@type":"PropertyValueSpecification","valueRequired":true,"valueName":"search_term_string"}}],"inLanguage":"bs-BA"},{"@type":["Person","Organization"],"@id":"https:\/\/sandzakpress.net\/arhiva\/#\/schema\/person\/6e72b67d6e51910a1117b3b483ba20bd","name":"Kul","image":{"@type":"ImageObject","inLanguage":"bs-BA","@id":"https:\/\/sandzakpress.net\/arhiva\/#\/schema\/person\/image\/","url":"https:\/\/secure.gravatar.com\/avatar\/42263f39aa27ac04c43cab85c280eb2e?s=96&d=mm&r=pg","contentUrl":"https:\/\/secure.gravatar.com\/avatar\/42263f39aa27ac04c43cab85c280eb2e?s=96&d=mm&r=pg","caption":"Kul"},"logo":{"@id":"https:\/\/sandzakpress.net\/arhiva\/#\/schema\/person\/image\/"}},{"@type":"Person","@id":"https:\/\/sandzakpress.net\/arhiva\/#\/schema\/person\/c8baee722073534b583ea7bdb2e36c02","name":"bosniak","image":{"@type":"ImageObject","inLanguage":"bs-BA","@id":"https:\/\/sandzakpress.net\/arhiva\/#\/schema\/person\/image\/","url":"https:\/\/secure.gravatar.com\/avatar\/a04fd330bfe3a36a72a0ad4a6d89fca7?s=96&d=mm&r=pg","contentUrl":"https:\/\/secure.gravatar.com\/avatar\/a04fd330bfe3a36a72a0ad4a6d89fca7?s=96&d=mm&r=pg","caption":"bosniak"},"url":"https:\/\/sandzakpress.net\/arhiva\/author\/bosniak\/"}]}},"_links":{"self":[{"href":"https:\/\/sandzakpress.net\/arhiva\/wp-json\/wp\/v2\/posts\/6924"}],"collection":[{"href":"https:\/\/sandzakpress.net\/arhiva\/wp-json\/wp\/v2\/posts"}],"about":[{"href":"https:\/\/sandzakpress.net\/arhiva\/wp-json\/wp\/v2\/types\/post"}],"author":[{"embeddable":true,"href":"https:\/\/sandzakpress.net\/arhiva\/wp-json\/wp\/v2\/users\/83"}],"replies":[{"embeddable":true,"href":"https:\/\/sandzakpress.net\/arhiva\/wp-json\/wp\/v2\/comments?post=6924"}],"version-history":[{"count":0,"href":"https:\/\/sandzakpress.net\/arhiva\/wp-json\/wp\/v2\/posts\/6924\/revisions"}],"wp:featuredmedia":[{"embeddable":true,"href":"https:\/\/sandzakpress.net\/arhiva\/wp-json\/wp\/v2\/media\/6925"}],"wp:attachment":[{"href":"https:\/\/sandzakpress.net\/arhiva\/wp-json\/wp\/v2\/media?parent=6924"}],"wp:term":[{"taxonomy":"category","embeddable":true,"href":"https:\/\/sandzakpress.net\/arhiva\/wp-json\/wp\/v2\/categories?post=6924"},{"taxonomy":"post_tag","embeddable":true,"href":"https:\/\/sandzakpress.net\/arhiva\/wp-json\/wp\/v2\/tags?post=6924"}],"curies":[{"name":"wp","href":"https:\/\/api.w.org\/{rel}","templated":true}]}}