{"id":69160,"date":"2013-03-10T10:46:32","date_gmt":"2013-03-10T09:46:32","guid":{"rendered":"https:\/\/sandzakpress.net\/arhiva\/?p=69160"},"modified":"2013-03-11T16:25:51","modified_gmt":"2013-03-11T15:25:51","slug":"muftija-u-parizu-da-vam-dzamije-budu-ljepse-od-vasih-kuca","status":"publish","type":"post","link":"https:\/\/sandzakpress.net\/arhiva\/muftija-u-parizu-da-vam-dzamije-budu-ljepse-od-vasih-kuca\/","title":{"rendered":"Glavni muftija na donatorskoj ve\u010deri u Parizu &#8211; ZA D\u017dAMIJU U PARIZU PRIKUPLJENO 156.000 EURA"},"content":{"rendered":"<p style=\"text-align: center;\"><img decoding=\"async\" class=\"aligncenter\" src=\"https:\/\/sandzakpress.net\/arhiva\/wp-content\/uploads\/2013\/03\/bosnjacko-sijelo-pariz-03.2013-13.jpg\" alt=\"\" \/><\/p>\n<p><strong>Francuska &#8211; Sino\u0107 je u Parizu, u organizaciji Bo\u0161nja\u010dkog vjersko-kulturnog centra odr\u017eano dugo najavljivano Donatorsko sijelo za d\u017eamiju u Parizu. Sijelu je u okviru vi\u0161ednevne posjete Bo\u0161njacima Pariza prisustovao glavni muftija Muamer-ef. Zukorl\u0107. Ove ve\u010deri za ovu hairli akciju prikupljeno je 156.000 eura.<!--more--><\/strong><\/p>\n<p>Sijelo je odr\u017eano u velikoj sali Galile, a veliki broj prisutnih skup je u\u010dinio impozantnim.<\/p>\n<p>Ovo sijelo odr\u017eano je duhu donatorkse akcije za d\u017eamiju u Parizu.<\/p>\n<p>Ina\u010de Bo\u0161nja\u010dko sijelo se kontinuirano odr\u017eava u ovom d\u017eematu, na kojem se okupljaju Bo\u0161njaci Bosne i Hercegovine, Sand\u017eaka, Gore, Kosova, Albanije i drugih mjesta, ali i Albanci, Makedonci, i dr. radi me\u0111usobnog upoznavanja i odr\u017eavanja dobrih prijateljskih odnosa.<\/p>\n<p>U\u010denjem odlomka iz Kur'ana \u010dasnog otpo\u010deo je program, nakon kojeg se obratio imam bo\u0161nja\u010dkog d\u017eemata u Parizu Abduselam ef. Feti\u0107.<\/p>\n<p>On je izrazio dobrodo\u0161licu svima, a posebnu dobrodolicu i zahvalnost uputio je Glavnom muftiji. Ukratko je predstavio d\u017eemat i pokrenutu akciju prikupljanja sredstava za kupovinu d\u017eamije u Parizu.<\/p>\n<p>Potom se obratio predsjednik d\u017eemata, had\u017ei \u0160efadil Li\u010dina, ina\u010de potpredsjednik Zajednice sand\u017ea\u010dke dijaspore i potpredsjednik Bo\u0161nja\u010dke kulturne zajednice, koji je podsjetio prisutne vrijeme i okolnosti u kojima su oni davnih godina morali napustiti svoj rodni kraj, te te\u017eak period kroz koji su pro\u0161li kako bi opstali u tu\u0111oj dr\u017eavi, isti\u010du\u0107i va\u017enost d\u017eamije u o\u010duvanju vjerskog i nacionalnog identiteta u tim okolnostima.<\/p>\n<p>Tako\u0111er se obratio i predsjednik BKZ-a u Belgiji Ned\u017ead \u0106eman, koji je mahsus do\u0161ao iz Belgije sijeliti sa bra\u0107om iz Pariza. On je kratko poselamio skup i dao podr\u0161ku akciji kupovine d\u017eamijskih prostorija u centru svjetske kulture \u2013 Parizu.<\/p>\n<p>Potom je ef. Feti\u0107 najavio obra\u0107anje Glavnog muftije, prethodno pro\u010ditav\u0161i njegovu kra\u0107u biografiju i dvadesetogodi\u0161nji anga\u017eman na institucionalnom u\u010dvr\u0161\u0107ivanju Bo\u0161njaka.<\/p>\n<p style=\"text-align: center;\"><img decoding=\"async\" class=\"aligncenter\" src=\"https:\/\/sandzakpress.net\/arhiva\/wp-content\/uploads\/2013\/03\/bosnjacko-sijelo-pariz-03.2013-19.jpg\" alt=\"\" \/><\/p>\n<h2>DA D\u017dAMIJE BUDU LJEP\u0160E OD VA\u0160IH KU\u0106A<\/h2>\n<p>Glavni muftija svoj govor posvetio va\u017enosti Bo\u0161nja\u010dkog d\u017eemata u Parizu, kao i va\u017enosti akcije koju je pokrenulo rukovodstvo d\u017eemata za d\u017eamiju u Parizu.<\/p>\n<p>\u201eKada sam prvi put boravio u Parizu vidio sam vrlo sku\u010den d\u017eamijski prostor u kojoj se ljudi okupljaju, obavljaju namaz, u kojoj se djeca podu\u010davaju svojoj vjeri, svojoj kulturi, svom identitetu. Nije mi se svidio taj prostor i mislio sam da je to samo privremeno stanje. To privremeno stanje je malo vi\u0161e potrajalo. I sada kada sam \u010duo da su predvodnici ovog d\u017eemata pokrenuli akciju za kupovinu d\u017eamijskih prostorija, jako sam se obradovao.\u201c \u2013 kazao je Glavni muftija na po\u010detku svog obra\u0107anja i citirao hadis u kojem Poslanik s.a.v.s. ka\u017ee: \u201eNe\u0107ete biti pravi vjernici dok va\u0161e d\u017eamije ne budu ljep\u0161e od va\u0161ih ku\u0107a\u201c.<\/p>\n<p>Muftija je govorio o fenomenu sre\u0107e, kazav\u0161i da na ovom svijetu postoji relativna sre\u0107a, a da apsolutna sre\u0107a stanuje kod Uzvi\u0161enog Gospodara na Vje\u010dnom svijetu, a na dunjaluku, sre\u0107a stanuje u du\u0161i, jer je du\u0161a najkvalitetniji dio \u010dovjeka.<\/p>\n<p>\u201eZa\u0161to je \u010dovjek koji se obogati novcem nesre\u0107an? Zato \u0161to je najkvalitetniji dio tijela u kojem stanuje sre\u0107a ostavio i gladnim i \u017eednim. Za\u0161to onda on ne nahrani svoju du\u0161u? Uglavnom poku\u0161ava nahraniti je pogre\u0161nom hranom. Ne\u0107e du\u0161a jela i pi\u0107a razna, ne\u0107e ona evre i automobile. U zabludi je taj koji tako misli. I zato je du\u0161a gladna.<\/p>\n<p>A \u0161ta je hrana za du\u0161u. To su ibadeti koje je Uzvi\u0161eni Allah propisao. To je namaz, to je zekat, to je post, to je had\u017ed\u017e, to je zekat. To su dobra djela. Udijeli siromahu, desnom da lijeva ne zna.\u201c<\/p>\n<p>Muftija je govorio o emanetu odgoja djece, kojim nas je Allah d\u017e.\u0161. obavezao onoga trenutka kada nam ih je podario, te stalnim gre\u0161kama koje ljudi prave pri odgoju.<\/p>\n<p>\u201eAko misli\u0161 da ako ti dijete bude najljep\u0161e obu\u010deno, ako bude imao najljep\u0161e patike, ako mu kupi\u0161 najljep\u0161e auto i ako mu ostavi\u0161 najljep\u0161i du\u0107an, da je to dovoljno i da si ispunio emanet. Nisi babo i majko ispunio emanet prema svom djetetu ako ga nahrani\u0161 materijom. Nisi, u koliko to dijete ne podigne\u0161 da bude \u010dovjek, od obraza, istine, da bude \u010dovjek od karaktera. Nisi ispunio emante pre djeci ako ih ne vaspita\u0161 u svojoj vjeri. Ako to ne ispuni\u0161 imat \u0107e\u0161 pahaluk na ovom i muku na budu\u0107em svijetu.<\/p>\n<p>Postoji li \u0161ansa da bez ozbiljnog pristupa rije\u0161ite odgoj svoje djece. Vjerujte ne, ni u Sand\u017eaku ni u Parizu. Vi znate kakve su ponude ovdje va\u0161oj djeci. Jedni na\u010din da ga o\u010duvate jeste da ga ve\u017eete za d\u017eamiju. Da bar petkom ili vikendom do\u0111e u d\u017eamiju i probude mu se osje\u0107aji koji \u0107e nestati u koliko ga prepustite diskotekama i drugim ponudama ovdje.<\/p>\n<p>Zar mo\u017eete biti neprijatelj svoje djece?\u201c<\/p>\n<p>Na kraju obra\u0107anja Muftija je poru\u010dio Bo\u0161njacima u Parizu da ne propuste priliku da u\u010destvuju u donatorskoj akciji za d\u017eamiju u Parizu koja im se ukazala, jer se takva pitanja ne rje\u0161avaju svaki dan ve\u0107 jednom u \u017eivotu.<\/p>\n<p>\u201eOvu akciju nemojte shvatiti kao bilo koju drugu akciju. Ovo stavite u rang rje\u0161avanja va\u0161eg stambenog pitanja. Sada ste\u00a0 prilici rije\u0161iti stambeno pitanje va\u0161ega dru\u0161tva. Znajte da na ovome mo\u017eete da zaradite d\u017eenet i d\u017eehenem.<\/p>\n<p>Investicija koja se od vas sada tra\u017ei je ne za vas, nego za va\u0161u djecu. Ovo je zalog za budu\u0107nost va\u0161e djece. Onaj koji voli svoje dijete ne\u0107e propustiti ovu \u0161ansu.\u201c \u2013 zaklju\u010dio je Muftija.<\/p>\n<p>Nakon svih poruka koje je Muftija uputio te pozivima da podr\u017ee ovu akciju, ljudi su se pojedina\u010dno javljali sa sumama koje su izdvojili za u\u010de\u0161\u0107e u donatorksoj akciji za d\u017eamiju u Parizu.<\/p>\n<p>Za d\u017eamiju u Parizu ove ve\u010deri prikupljeno je 156.000 eura.<\/p>\n<p>Nakon zvani\u010dnog programa, uz sevdalinke i ve\u010deru nastavljeno je sijelo.<\/p>\n<p>Glavni muftija \u0107e se ve\u010deras u Parizu sastati sa najuglednijim Bo\u0161njacima koji \u017eive u ovoj dr\u017eavi, a narednih dana, nastavlja posjetu Bo\u0161njacima Njema\u010dke i Belgije.<\/p>\n<p>(Mesihat.org)<\/p>\n<div id='gallery-1' class='gallery galleryid-69160 gallery-columns-4 gallery-size-thumbnail'><figure class='gallery-item'>\n\t\t\t<div class='gallery-icon landscape'>\n\t\t\t\t<a href='https:\/\/sandzakpress.net\/arhiva\/wp-content\/uploads\/2013\/03\/bosnjacko-sijelo-pariz-03.2013-1.jpg'><img loading=\"lazy\" decoding=\"async\" width=\"150\" height=\"150\" src=\"https:\/\/sandzakpress.net\/arhiva\/wp-content\/uploads\/2013\/03\/bosnjacko-sijelo-pariz-03.2013-1-150x150.jpg\" class=\"attachment-thumbnail size-thumbnail\" alt=\"\" srcset=\"https:\/\/sandzakpress.net\/arhiva\/wp-content\/uploads\/2013\/03\/bosnjacko-sijelo-pariz-03.2013-1-150x150.jpg 150w, https:\/\/sandzakpress.net\/arhiva\/wp-content\/uploads\/2013\/03\/bosnjacko-sijelo-pariz-03.2013-1-90x90.jpg 90w, https:\/\/sandzakpress.net\/arhiva\/wp-content\/uploads\/2013\/03\/bosnjacko-sijelo-pariz-03.2013-1-380x380.jpg 380w, https:\/\/sandzakpress.net\/arhiva\/wp-content\/uploads\/2013\/03\/bosnjacko-sijelo-pariz-03.2013-1-125x125.jpg 125w\" sizes=\"(max-width: 150px) 100vw, 150px\" \/><\/a>\n\t\t\t<\/div><\/figure><figure class='gallery-item'>\n\t\t\t<div class='gallery-icon landscape'>\n\t\t\t\t<a href='https:\/\/sandzakpress.net\/arhiva\/wp-content\/uploads\/2013\/03\/bosnjacko-sijelo-pariz-03.2013-2.jpg'><img loading=\"lazy\" decoding=\"async\" width=\"150\" height=\"150\" src=\"https:\/\/sandzakpress.net\/arhiva\/wp-content\/uploads\/2013\/03\/bosnjacko-sijelo-pariz-03.2013-2-150x150.jpg\" class=\"attachment-thumbnail size-thumbnail\" alt=\"\" srcset=\"https:\/\/sandzakpress.net\/arhiva\/wp-content\/uploads\/2013\/03\/bosnjacko-sijelo-pariz-03.2013-2-150x150.jpg 150w, https:\/\/sandzakpress.net\/arhiva\/wp-content\/uploads\/2013\/03\/bosnjacko-sijelo-pariz-03.2013-2-90x90.jpg 90w, https:\/\/sandzakpress.net\/arhiva\/wp-content\/uploads\/2013\/03\/bosnjacko-sijelo-pariz-03.2013-2-380x380.jpg 380w, https:\/\/sandzakpress.net\/arhiva\/wp-content\/uploads\/2013\/03\/bosnjacko-sijelo-pariz-03.2013-2-125x125.jpg 125w\" sizes=\"(max-width: 150px) 100vw, 150px\" \/><\/a>\n\t\t\t<\/div><\/figure><figure class='gallery-item'>\n\t\t\t<div class='gallery-icon landscape'>\n\t\t\t\t<a href='https:\/\/sandzakpress.net\/arhiva\/wp-content\/uploads\/2013\/03\/bosnjacko-sijelo-pariz-03.2013-3.jpg'><img loading=\"lazy\" decoding=\"async\" width=\"150\" height=\"150\" src=\"https:\/\/sandzakpress.net\/arhiva\/wp-content\/uploads\/2013\/03\/bosnjacko-sijelo-pariz-03.2013-3-150x150.jpg\" class=\"attachment-thumbnail size-thumbnail\" alt=\"\" srcset=\"https:\/\/sandzakpress.net\/arhiva\/wp-content\/uploads\/2013\/03\/bosnjacko-sijelo-pariz-03.2013-3-150x150.jpg 150w, https:\/\/sandzakpress.net\/arhiva\/wp-content\/uploads\/2013\/03\/bosnjacko-sijelo-pariz-03.2013-3-90x90.jpg 90w, https:\/\/sandzakpress.net\/arhiva\/wp-content\/uploads\/2013\/03\/bosnjacko-sijelo-pariz-03.2013-3-380x380.jpg 380w, https:\/\/sandzakpress.net\/arhiva\/wp-content\/uploads\/2013\/03\/bosnjacko-sijelo-pariz-03.2013-3-125x125.jpg 125w\" sizes=\"(max-width: 150px) 100vw, 150px\" \/><\/a>\n\t\t\t<\/div><\/figure><figure class='gallery-item'>\n\t\t\t<div class='gallery-icon landscape'>\n\t\t\t\t<a href='https:\/\/sandzakpress.net\/arhiva\/wp-content\/uploads\/2013\/03\/bosnjacko-sijelo-pariz-03.2013-4.jpg'><img loading=\"lazy\" decoding=\"async\" width=\"150\" height=\"150\" src=\"https:\/\/sandzakpress.net\/arhiva\/wp-content\/uploads\/2013\/03\/bosnjacko-sijelo-pariz-03.2013-4-150x150.jpg\" class=\"attachment-thumbnail size-thumbnail\" alt=\"\" srcset=\"https:\/\/sandzakpress.net\/arhiva\/wp-content\/uploads\/2013\/03\/bosnjacko-sijelo-pariz-03.2013-4-150x150.jpg 150w, https:\/\/sandzakpress.net\/arhiva\/wp-content\/uploads\/2013\/03\/bosnjacko-sijelo-pariz-03.2013-4-90x90.jpg 90w, https:\/\/sandzakpress.net\/arhiva\/wp-content\/uploads\/2013\/03\/bosnjacko-sijelo-pariz-03.2013-4-380x380.jpg 380w, https:\/\/sandzakpress.net\/arhiva\/wp-content\/uploads\/2013\/03\/bosnjacko-sijelo-pariz-03.2013-4-125x125.jpg 125w\" sizes=\"(max-width: 150px) 100vw, 150px\" \/><\/a>\n\t\t\t<\/div><\/figure><figure class='gallery-item'>\n\t\t\t<div class='gallery-icon landscape'>\n\t\t\t\t<a href='https:\/\/sandzakpress.net\/arhiva\/wp-content\/uploads\/2013\/03\/bosnjacko-sijelo-pariz-03.2013-5.jpg'><img loading=\"lazy\" decoding=\"async\" width=\"150\" height=\"150\" src=\"https:\/\/sandzakpress.net\/arhiva\/wp-content\/uploads\/2013\/03\/bosnjacko-sijelo-pariz-03.2013-5-150x150.jpg\" class=\"attachment-thumbnail size-thumbnail\" alt=\"\" srcset=\"https:\/\/sandzakpress.net\/arhiva\/wp-content\/uploads\/2013\/03\/bosnjacko-sijelo-pariz-03.2013-5-150x150.jpg 150w, https:\/\/sandzakpress.net\/arhiva\/wp-content\/uploads\/2013\/03\/bosnjacko-sijelo-pariz-03.2013-5-90x90.jpg 90w, https:\/\/sandzakpress.net\/arhiva\/wp-content\/uploads\/2013\/03\/bosnjacko-sijelo-pariz-03.2013-5-380x380.jpg 380w, https:\/\/sandzakpress.net\/arhiva\/wp-content\/uploads\/2013\/03\/bosnjacko-sijelo-pariz-03.2013-5-125x125.jpg 125w\" sizes=\"(max-width: 150px) 100vw, 150px\" \/><\/a>\n\t\t\t<\/div><\/figure><figure class='gallery-item'>\n\t\t\t<div class='gallery-icon landscape'>\n\t\t\t\t<a href='https:\/\/sandzakpress.net\/arhiva\/wp-content\/uploads\/2013\/03\/bosnjacko-sijelo-pariz-03.2013-6.jpg'><img loading=\"lazy\" decoding=\"async\" width=\"150\" height=\"150\" src=\"https:\/\/sandzakpress.net\/arhiva\/wp-content\/uploads\/2013\/03\/bosnjacko-sijelo-pariz-03.2013-6-150x150.jpg\" class=\"attachment-thumbnail size-thumbnail\" alt=\"\" srcset=\"https:\/\/sandzakpress.net\/arhiva\/wp-content\/uploads\/2013\/03\/bosnjacko-sijelo-pariz-03.2013-6-150x150.jpg 150w, https:\/\/sandzakpress.net\/arhiva\/wp-content\/uploads\/2013\/03\/bosnjacko-sijelo-pariz-03.2013-6-90x90.jpg 90w, https:\/\/sandzakpress.net\/arhiva\/wp-content\/uploads\/2013\/03\/bosnjacko-sijelo-pariz-03.2013-6-380x380.jpg 380w, https:\/\/sandzakpress.net\/arhiva\/wp-content\/uploads\/2013\/03\/bosnjacko-sijelo-pariz-03.2013-6-125x125.jpg 125w\" sizes=\"(max-width: 150px) 100vw, 150px\" \/><\/a>\n\t\t\t<\/div><\/figure><figure class='gallery-item'>\n\t\t\t<div class='gallery-icon landscape'>\n\t\t\t\t<a href='https:\/\/sandzakpress.net\/arhiva\/wp-content\/uploads\/2013\/03\/bosnjacko-sijelo-pariz-03.2013-7.jpg'><img loading=\"lazy\" decoding=\"async\" width=\"150\" height=\"150\" src=\"https:\/\/sandzakpress.net\/arhiva\/wp-content\/uploads\/2013\/03\/bosnjacko-sijelo-pariz-03.2013-7-150x150.jpg\" class=\"attachment-thumbnail size-thumbnail\" alt=\"\" srcset=\"https:\/\/sandzakpress.net\/arhiva\/wp-content\/uploads\/2013\/03\/bosnjacko-sijelo-pariz-03.2013-7-150x150.jpg 150w, https:\/\/sandzakpress.net\/arhiva\/wp-content\/uploads\/2013\/03\/bosnjacko-sijelo-pariz-03.2013-7-90x90.jpg 90w, https:\/\/sandzakpress.net\/arhiva\/wp-content\/uploads\/2013\/03\/bosnjacko-sijelo-pariz-03.2013-7-380x380.jpg 380w, https:\/\/sandzakpress.net\/arhiva\/wp-content\/uploads\/2013\/03\/bosnjacko-sijelo-pariz-03.2013-7-125x125.jpg 125w\" sizes=\"(max-width: 150px) 100vw, 150px\" \/><\/a>\n\t\t\t<\/div><\/figure><figure class='gallery-item'>\n\t\t\t<div class='gallery-icon landscape'>\n\t\t\t\t<a href='https:\/\/sandzakpress.net\/arhiva\/wp-content\/uploads\/2013\/03\/bosnjacko-sijelo-pariz-03.2013-8.jpg'><img loading=\"lazy\" decoding=\"async\" width=\"150\" height=\"150\" src=\"https:\/\/sandzakpress.net\/arhiva\/wp-content\/uploads\/2013\/03\/bosnjacko-sijelo-pariz-03.2013-8-150x150.jpg\" class=\"attachment-thumbnail size-thumbnail\" alt=\"\" srcset=\"https:\/\/sandzakpress.net\/arhiva\/wp-content\/uploads\/2013\/03\/bosnjacko-sijelo-pariz-03.2013-8-150x150.jpg 150w, https:\/\/sandzakpress.net\/arhiva\/wp-content\/uploads\/2013\/03\/bosnjacko-sijelo-pariz-03.2013-8-90x90.jpg 90w, https:\/\/sandzakpress.net\/arhiva\/wp-content\/uploads\/2013\/03\/bosnjacko-sijelo-pariz-03.2013-8-380x380.jpg 380w, https:\/\/sandzakpress.net\/arhiva\/wp-content\/uploads\/2013\/03\/bosnjacko-sijelo-pariz-03.2013-8-125x125.jpg 125w\" sizes=\"(max-width: 150px) 100vw, 150px\" \/><\/a>\n\t\t\t<\/div><\/figure><figure class='gallery-item'>\n\t\t\t<div class='gallery-icon landscape'>\n\t\t\t\t<a href='https:\/\/sandzakpress.net\/arhiva\/wp-content\/uploads\/2013\/03\/bosnjacko-sijelo-pariz-03.2013-9.jpg'><img loading=\"lazy\" decoding=\"async\" width=\"150\" height=\"150\" src=\"https:\/\/sandzakpress.net\/arhiva\/wp-content\/uploads\/2013\/03\/bosnjacko-sijelo-pariz-03.2013-9-150x150.jpg\" class=\"attachment-thumbnail size-thumbnail\" alt=\"\" srcset=\"https:\/\/sandzakpress.net\/arhiva\/wp-content\/uploads\/2013\/03\/bosnjacko-sijelo-pariz-03.2013-9-150x150.jpg 150w, https:\/\/sandzakpress.net\/arhiva\/wp-content\/uploads\/2013\/03\/bosnjacko-sijelo-pariz-03.2013-9-90x90.jpg 90w, https:\/\/sandzakpress.net\/arhiva\/wp-content\/uploads\/2013\/03\/bosnjacko-sijelo-pariz-03.2013-9-380x380.jpg 380w, https:\/\/sandzakpress.net\/arhiva\/wp-content\/uploads\/2013\/03\/bosnjacko-sijelo-pariz-03.2013-9-125x125.jpg 125w\" sizes=\"(max-width: 150px) 100vw, 150px\" \/><\/a>\n\t\t\t<\/div><\/figure><figure class='gallery-item'>\n\t\t\t<div class='gallery-icon landscape'>\n\t\t\t\t<a href='https:\/\/sandzakpress.net\/arhiva\/wp-content\/uploads\/2013\/03\/bosnjacko-sijelo-pariz-03.2013-10.jpg'><img loading=\"lazy\" decoding=\"async\" width=\"150\" height=\"150\" src=\"https:\/\/sandzakpress.net\/arhiva\/wp-content\/uploads\/2013\/03\/bosnjacko-sijelo-pariz-03.2013-10-150x150.jpg\" class=\"attachment-thumbnail size-thumbnail\" alt=\"\" srcset=\"https:\/\/sandzakpress.net\/arhiva\/wp-content\/uploads\/2013\/03\/bosnjacko-sijelo-pariz-03.2013-10-150x150.jpg 150w, https:\/\/sandzakpress.net\/arhiva\/wp-content\/uploads\/2013\/03\/bosnjacko-sijelo-pariz-03.2013-10-90x90.jpg 90w, https:\/\/sandzakpress.net\/arhiva\/wp-content\/uploads\/2013\/03\/bosnjacko-sijelo-pariz-03.2013-10-380x380.jpg 380w, https:\/\/sandzakpress.net\/arhiva\/wp-content\/uploads\/2013\/03\/bosnjacko-sijelo-pariz-03.2013-10-125x125.jpg 125w\" sizes=\"(max-width: 150px) 100vw, 150px\" \/><\/a>\n\t\t\t<\/div><\/figure><figure class='gallery-item'>\n\t\t\t<div class='gallery-icon landscape'>\n\t\t\t\t<a href='https:\/\/sandzakpress.net\/arhiva\/wp-content\/uploads\/2013\/03\/bosnjacko-sijelo-pariz-03.2013-11.jpg'><img loading=\"lazy\" decoding=\"async\" width=\"150\" height=\"150\" src=\"https:\/\/sandzakpress.net\/arhiva\/wp-content\/uploads\/2013\/03\/bosnjacko-sijelo-pariz-03.2013-11-150x150.jpg\" class=\"attachment-thumbnail size-thumbnail\" alt=\"\" srcset=\"https:\/\/sandzakpress.net\/arhiva\/wp-content\/uploads\/2013\/03\/bosnjacko-sijelo-pariz-03.2013-11-150x150.jpg 150w, https:\/\/sandzakpress.net\/arhiva\/wp-content\/uploads\/2013\/03\/bosnjacko-sijelo-pariz-03.2013-11-90x90.jpg 90w, https:\/\/sandzakpress.net\/arhiva\/wp-content\/uploads\/2013\/03\/bosnjacko-sijelo-pariz-03.2013-11-380x380.jpg 380w, https:\/\/sandzakpress.net\/arhiva\/wp-content\/uploads\/2013\/03\/bosnjacko-sijelo-pariz-03.2013-11-125x125.jpg 125w\" sizes=\"(max-width: 150px) 100vw, 150px\" \/><\/a>\n\t\t\t<\/div><\/figure><figure class='gallery-item'>\n\t\t\t<div class='gallery-icon landscape'>\n\t\t\t\t<a href='https:\/\/sandzakpress.net\/arhiva\/wp-content\/uploads\/2013\/03\/bosnjacko-sijelo-pariz-03.2013-12.jpg'><img loading=\"lazy\" decoding=\"async\" width=\"150\" height=\"150\" src=\"https:\/\/sandzakpress.net\/arhiva\/wp-content\/uploads\/2013\/03\/bosnjacko-sijelo-pariz-03.2013-12-150x150.jpg\" class=\"attachment-thumbnail size-thumbnail\" alt=\"\" srcset=\"https:\/\/sandzakpress.net\/arhiva\/wp-content\/uploads\/2013\/03\/bosnjacko-sijelo-pariz-03.2013-12-150x150.jpg 150w, https:\/\/sandzakpress.net\/arhiva\/wp-content\/uploads\/2013\/03\/bosnjacko-sijelo-pariz-03.2013-12-90x90.jpg 90w, https:\/\/sandzakpress.net\/arhiva\/wp-content\/uploads\/2013\/03\/bosnjacko-sijelo-pariz-03.2013-12-380x380.jpg 380w, https:\/\/sandzakpress.net\/arhiva\/wp-content\/uploads\/2013\/03\/bosnjacko-sijelo-pariz-03.2013-12-125x125.jpg 125w\" sizes=\"(max-width: 150px) 100vw, 150px\" \/><\/a>\n\t\t\t<\/div><\/figure><figure class='gallery-item'>\n\t\t\t<div class='gallery-icon landscape'>\n\t\t\t\t<a href='https:\/\/sandzakpress.net\/arhiva\/wp-content\/uploads\/2013\/03\/bosnjacko-sijelo-pariz-03.2013-13.jpg'><img loading=\"lazy\" decoding=\"async\" width=\"150\" height=\"150\" src=\"https:\/\/sandzakpress.net\/arhiva\/wp-content\/uploads\/2013\/03\/bosnjacko-sijelo-pariz-03.2013-13-150x150.jpg\" class=\"attachment-thumbnail size-thumbnail\" alt=\"\" srcset=\"https:\/\/sandzakpress.net\/arhiva\/wp-content\/uploads\/2013\/03\/bosnjacko-sijelo-pariz-03.2013-13-150x150.jpg 150w, https:\/\/sandzakpress.net\/arhiva\/wp-content\/uploads\/2013\/03\/bosnjacko-sijelo-pariz-03.2013-13-90x90.jpg 90w, https:\/\/sandzakpress.net\/arhiva\/wp-content\/uploads\/2013\/03\/bosnjacko-sijelo-pariz-03.2013-13-380x380.jpg 380w, https:\/\/sandzakpress.net\/arhiva\/wp-content\/uploads\/2013\/03\/bosnjacko-sijelo-pariz-03.2013-13-125x125.jpg 125w\" sizes=\"(max-width: 150px) 100vw, 150px\" \/><\/a>\n\t\t\t<\/div><\/figure><figure class='gallery-item'>\n\t\t\t<div class='gallery-icon landscape'>\n\t\t\t\t<a href='https:\/\/sandzakpress.net\/arhiva\/wp-content\/uploads\/2013\/03\/bosnjacko-sijelo-pariz-03.2013-14.jpg'><img loading=\"lazy\" decoding=\"async\" width=\"150\" height=\"150\" src=\"https:\/\/sandzakpress.net\/arhiva\/wp-content\/uploads\/2013\/03\/bosnjacko-sijelo-pariz-03.2013-14-150x150.jpg\" class=\"attachment-thumbnail size-thumbnail\" alt=\"\" srcset=\"https:\/\/sandzakpress.net\/arhiva\/wp-content\/uploads\/2013\/03\/bosnjacko-sijelo-pariz-03.2013-14-150x150.jpg 150w, https:\/\/sandzakpress.net\/arhiva\/wp-content\/uploads\/2013\/03\/bosnjacko-sijelo-pariz-03.2013-14-90x90.jpg 90w, https:\/\/sandzakpress.net\/arhiva\/wp-content\/uploads\/2013\/03\/bosnjacko-sijelo-pariz-03.2013-14-380x380.jpg 380w, https:\/\/sandzakpress.net\/arhiva\/wp-content\/uploads\/2013\/03\/bosnjacko-sijelo-pariz-03.2013-14-125x125.jpg 125w\" sizes=\"(max-width: 150px) 100vw, 150px\" \/><\/a>\n\t\t\t<\/div><\/figure><figure class='gallery-item'>\n\t\t\t<div class='gallery-icon landscape'>\n\t\t\t\t<a href='https:\/\/sandzakpress.net\/arhiva\/wp-content\/uploads\/2013\/03\/bosnjacko-sijelo-pariz-03.2013-15.jpg'><img loading=\"lazy\" decoding=\"async\" width=\"150\" height=\"150\" src=\"https:\/\/sandzakpress.net\/arhiva\/wp-content\/uploads\/2013\/03\/bosnjacko-sijelo-pariz-03.2013-15-150x150.jpg\" class=\"attachment-thumbnail size-thumbnail\" alt=\"\" srcset=\"https:\/\/sandzakpress.net\/arhiva\/wp-content\/uploads\/2013\/03\/bosnjacko-sijelo-pariz-03.2013-15-150x150.jpg 150w, https:\/\/sandzakpress.net\/arhiva\/wp-content\/uploads\/2013\/03\/bosnjacko-sijelo-pariz-03.2013-15-90x90.jpg 90w, https:\/\/sandzakpress.net\/arhiva\/wp-content\/uploads\/2013\/03\/bosnjacko-sijelo-pariz-03.2013-15-380x380.jpg 380w, https:\/\/sandzakpress.net\/arhiva\/wp-content\/uploads\/2013\/03\/bosnjacko-sijelo-pariz-03.2013-15-125x125.jpg 125w\" sizes=\"(max-width: 150px) 100vw, 150px\" \/><\/a>\n\t\t\t<\/div><\/figure><figure class='gallery-item'>\n\t\t\t<div class='gallery-icon landscape'>\n\t\t\t\t<a href='https:\/\/sandzakpress.net\/arhiva\/wp-content\/uploads\/2013\/03\/bosnjacko-sijelo-pariz-03.2013-16.jpg'><img loading=\"lazy\" decoding=\"async\" width=\"150\" height=\"150\" src=\"https:\/\/sandzakpress.net\/arhiva\/wp-content\/uploads\/2013\/03\/bosnjacko-sijelo-pariz-03.2013-16-150x150.jpg\" class=\"attachment-thumbnail size-thumbnail\" alt=\"\" srcset=\"https:\/\/sandzakpress.net\/arhiva\/wp-content\/uploads\/2013\/03\/bosnjacko-sijelo-pariz-03.2013-16-150x150.jpg 150w, https:\/\/sandzakpress.net\/arhiva\/wp-content\/uploads\/2013\/03\/bosnjacko-sijelo-pariz-03.2013-16-90x90.jpg 90w, https:\/\/sandzakpress.net\/arhiva\/wp-content\/uploads\/2013\/03\/bosnjacko-sijelo-pariz-03.2013-16-380x380.jpg 380w, https:\/\/sandzakpress.net\/arhiva\/wp-content\/uploads\/2013\/03\/bosnjacko-sijelo-pariz-03.2013-16-125x125.jpg 125w\" sizes=\"(max-width: 150px) 100vw, 150px\" \/><\/a>\n\t\t\t<\/div><\/figure><figure class='gallery-item'>\n\t\t\t<div class='gallery-icon landscape'>\n\t\t\t\t<a href='https:\/\/sandzakpress.net\/arhiva\/wp-content\/uploads\/2013\/03\/bosnjacko-sijelo-pariz-03.2013-17.jpg'><img loading=\"lazy\" decoding=\"async\" width=\"150\" height=\"150\" src=\"https:\/\/sandzakpress.net\/arhiva\/wp-content\/uploads\/2013\/03\/bosnjacko-sijelo-pariz-03.2013-17-150x150.jpg\" class=\"attachment-thumbnail size-thumbnail\" alt=\"\" srcset=\"https:\/\/sandzakpress.net\/arhiva\/wp-content\/uploads\/2013\/03\/bosnjacko-sijelo-pariz-03.2013-17-150x150.jpg 150w, https:\/\/sandzakpress.net\/arhiva\/wp-content\/uploads\/2013\/03\/bosnjacko-sijelo-pariz-03.2013-17-90x90.jpg 90w, https:\/\/sandzakpress.net\/arhiva\/wp-content\/uploads\/2013\/03\/bosnjacko-sijelo-pariz-03.2013-17-380x380.jpg 380w, https:\/\/sandzakpress.net\/arhiva\/wp-content\/uploads\/2013\/03\/bosnjacko-sijelo-pariz-03.2013-17-125x125.jpg 125w\" sizes=\"(max-width: 150px) 100vw, 150px\" \/><\/a>\n\t\t\t<\/div><\/figure><figure class='gallery-item'>\n\t\t\t<div class='gallery-icon landscape'>\n\t\t\t\t<a href='https:\/\/sandzakpress.net\/arhiva\/wp-content\/uploads\/2013\/03\/bosnjacko-sijelo-pariz-03.2013-18.jpg'><img loading=\"lazy\" decoding=\"async\" width=\"150\" height=\"150\" src=\"https:\/\/sandzakpress.net\/arhiva\/wp-content\/uploads\/2013\/03\/bosnjacko-sijelo-pariz-03.2013-18-150x150.jpg\" class=\"attachment-thumbnail size-thumbnail\" alt=\"\" srcset=\"https:\/\/sandzakpress.net\/arhiva\/wp-content\/uploads\/2013\/03\/bosnjacko-sijelo-pariz-03.2013-18-150x150.jpg 150w, https:\/\/sandzakpress.net\/arhiva\/wp-content\/uploads\/2013\/03\/bosnjacko-sijelo-pariz-03.2013-18-90x90.jpg 90w, https:\/\/sandzakpress.net\/arhiva\/wp-content\/uploads\/2013\/03\/bosnjacko-sijelo-pariz-03.2013-18-380x380.jpg 380w, https:\/\/sandzakpress.net\/arhiva\/wp-content\/uploads\/2013\/03\/bosnjacko-sijelo-pariz-03.2013-18-125x125.jpg 125w\" sizes=\"(max-width: 150px) 100vw, 150px\" \/><\/a>\n\t\t\t<\/div><\/figure><figure class='gallery-item'>\n\t\t\t<div class='gallery-icon landscape'>\n\t\t\t\t<a href='https:\/\/sandzakpress.net\/arhiva\/wp-content\/uploads\/2013\/03\/bosnjacko-sijelo-pariz-03.2013-19.jpg'><img loading=\"lazy\" decoding=\"async\" width=\"150\" height=\"150\" src=\"https:\/\/sandzakpress.net\/arhiva\/wp-content\/uploads\/2013\/03\/bosnjacko-sijelo-pariz-03.2013-19-150x150.jpg\" class=\"attachment-thumbnail size-thumbnail\" alt=\"\" srcset=\"https:\/\/sandzakpress.net\/arhiva\/wp-content\/uploads\/2013\/03\/bosnjacko-sijelo-pariz-03.2013-19-150x150.jpg 150w, https:\/\/sandzakpress.net\/arhiva\/wp-content\/uploads\/2013\/03\/bosnjacko-sijelo-pariz-03.2013-19-90x90.jpg 90w, https:\/\/sandzakpress.net\/arhiva\/wp-content\/uploads\/2013\/03\/bosnjacko-sijelo-pariz-03.2013-19-380x380.jpg 380w, https:\/\/sandzakpress.net\/arhiva\/wp-content\/uploads\/2013\/03\/bosnjacko-sijelo-pariz-03.2013-19-125x125.jpg 125w\" sizes=\"(max-width: 150px) 100vw, 150px\" \/><\/a>\n\t\t\t<\/div><\/figure><figure class='gallery-item'>\n\t\t\t<div class='gallery-icon landscape'>\n\t\t\t\t<a href='https:\/\/sandzakpress.net\/arhiva\/wp-content\/uploads\/2013\/03\/bosnjacko-sijelo-pariz-03.2013-20.jpg'><img loading=\"lazy\" decoding=\"async\" width=\"150\" height=\"150\" src=\"https:\/\/sandzakpress.net\/arhiva\/wp-content\/uploads\/2013\/03\/bosnjacko-sijelo-pariz-03.2013-20-150x150.jpg\" class=\"attachment-thumbnail size-thumbnail\" alt=\"\" srcset=\"https:\/\/sandzakpress.net\/arhiva\/wp-content\/uploads\/2013\/03\/bosnjacko-sijelo-pariz-03.2013-20-150x150.jpg 150w, https:\/\/sandzakpress.net\/arhiva\/wp-content\/uploads\/2013\/03\/bosnjacko-sijelo-pariz-03.2013-20-90x90.jpg 90w, https:\/\/sandzakpress.net\/arhiva\/wp-content\/uploads\/2013\/03\/bosnjacko-sijelo-pariz-03.2013-20-380x380.jpg 380w, https:\/\/sandzakpress.net\/arhiva\/wp-content\/uploads\/2013\/03\/bosnjacko-sijelo-pariz-03.2013-20-125x125.jpg 125w\" sizes=\"(max-width: 150px) 100vw, 150px\" \/><\/a>\n\t\t\t<\/div><\/figure><figure class='gallery-item'>\n\t\t\t<div class='gallery-icon landscape'>\n\t\t\t\t<a href='https:\/\/sandzakpress.net\/arhiva\/wp-content\/uploads\/2013\/03\/bosnjacko-sijelo-pariz-03.2013-21.jpg'><img loading=\"lazy\" decoding=\"async\" width=\"150\" height=\"150\" src=\"https:\/\/sandzakpress.net\/arhiva\/wp-content\/uploads\/2013\/03\/bosnjacko-sijelo-pariz-03.2013-21-150x150.jpg\" class=\"attachment-thumbnail size-thumbnail\" alt=\"\" srcset=\"https:\/\/sandzakpress.net\/arhiva\/wp-content\/uploads\/2013\/03\/bosnjacko-sijelo-pariz-03.2013-21-150x150.jpg 150w, https:\/\/sandzakpress.net\/arhiva\/wp-content\/uploads\/2013\/03\/bosnjacko-sijelo-pariz-03.2013-21-90x90.jpg 90w, https:\/\/sandzakpress.net\/arhiva\/wp-content\/uploads\/2013\/03\/bosnjacko-sijelo-pariz-03.2013-21-380x380.jpg 380w, https:\/\/sandzakpress.net\/arhiva\/wp-content\/uploads\/2013\/03\/bosnjacko-sijelo-pariz-03.2013-21-125x125.jpg 125w\" sizes=\"(max-width: 150px) 100vw, 150px\" \/><\/a>\n\t\t\t<\/div><\/figure><figure class='gallery-item'>\n\t\t\t<div class='gallery-icon landscape'>\n\t\t\t\t<a href='https:\/\/sandzakpress.net\/arhiva\/wp-content\/uploads\/2013\/07\/bosnjacko-sijelo-pariz-03.2013-13.jpg'><img loading=\"lazy\" decoding=\"async\" width=\"150\" height=\"150\" src=\"https:\/\/sandzakpress.net\/arhiva\/wp-content\/uploads\/2013\/07\/bosnjacko-sijelo-pariz-03.2013-13-150x150.jpg\" class=\"attachment-thumbnail size-thumbnail\" alt=\"\" srcset=\"https:\/\/sandzakpress.net\/arhiva\/wp-content\/uploads\/2013\/07\/bosnjacko-sijelo-pariz-03.2013-13-150x150.jpg 150w, https:\/\/sandzakpress.net\/arhiva\/wp-content\/uploads\/2013\/07\/bosnjacko-sijelo-pariz-03.2013-13-90x90.jpg 90w, https:\/\/sandzakpress.net\/arhiva\/wp-content\/uploads\/2013\/07\/bosnjacko-sijelo-pariz-03.2013-13-380x380.jpg 380w, https:\/\/sandzakpress.net\/arhiva\/wp-content\/uploads\/2013\/07\/bosnjacko-sijelo-pariz-03.2013-13-125x125.jpg 125w\" sizes=\"(max-width: 150px) 100vw, 150px\" \/><\/a>\n\t\t\t<\/div><\/figure>\n\t\t<\/div>\n\n","protected":false},"excerpt":{"rendered":"<p>Francuska &#8211; Sino\u0107 je u Parizu, u organizaciji Bo\u0161nja\u010dkog vjersko-kulturnog centra odr\u017eano dugo najavljivano Donatorsko sijelo za d\u017eamiju u Parizu. Sijelu je u okviru vi\u0161ednevne posjete Bo\u0161njacima Pariza prisustovao glavni muftija Muamer-ef. Zukorl\u0107. Ove ve\u010deri za ovu hairli akciju prikupljeno je 156.000 eura.<\/p>\n","protected":false},"author":83,"featured_media":81972,"comment_status":"open","ping_status":"open","sticky":false,"template":"","format":"standard","meta":{"footnotes":""},"categories":[72,800,9550,8957],"tags":[],"class_list":{"0":"post-69160","1":"post","2":"type-post","3":"status-publish","4":"format-standard","5":"has-post-thumbnail","7":"category-novi-pazar","8":"category-nacija","9":"category-francuska-dijaspora-gradovi-vase-vijesti","10":"category-vijesti-dana"},"yoast_head":"<!-- This site is optimized with the Yoast SEO Premium plugin v23.1 (Yoast SEO v24.9) - https:\/\/yoast.com\/wordpress\/plugins\/seo\/ -->\n<title>Glavni muftija na donatorskoj ve\u010deri u Parizu - ZA D\u017dAMIJU U PARIZU PRIKUPLJENO 156.000 EURA<\/title>\n<meta name=\"robots\" content=\"index, follow, max-snippet:-1, max-image-preview:large, max-video-preview:-1\" \/>\n<link rel=\"canonical\" href=\"https:\/\/sandzakpress.net\/arhiva\/muftija-u-parizu-da-vam-dzamije-budu-ljepse-od-vasih-kuca\/\" \/>\n<meta property=\"og:locale\" content=\"bs_BA\" \/>\n<meta property=\"og:type\" content=\"article\" \/>\n<meta property=\"og:title\" content=\"Glavni muftija na donatorskoj ve\u010deri u Parizu - ZA D\u017dAMIJU U PARIZU PRIKUPLJENO 156.000 EURA\" \/>\n<meta property=\"og:description\" content=\"Francuska &#8211; Sino\u0107 je u Parizu, u organizaciji Bo\u0161nja\u010dkog vjersko-kulturnog centra odr\u017eano dugo najavljivano Donatorsko sijelo za d\u017eamiju u Parizu. Sijelu je u okviru vi\u0161ednevne posjete Bo\u0161njacima Pariza prisustovao glavni muftija Muamer-ef. Zukorl\u0107. Ove ve\u010deri za ovu hairli akciju prikupljeno je 156.000 eura.\" \/>\n<meta property=\"og:url\" content=\"https:\/\/sandzakpress.net\/arhiva\/muftija-u-parizu-da-vam-dzamije-budu-ljepse-od-vasih-kuca\/\" \/>\n<meta property=\"og:site_name\" content=\"Sand\u017eak PRESS\" \/>\n<meta property=\"article:published_time\" content=\"2013-03-10T09:46:32+00:00\" \/>\n<meta property=\"article:modified_time\" content=\"2013-03-11T15:25:51+00:00\" \/>\n<meta property=\"og:image\" content=\"https:\/\/sandzakpress.net\/arhiva\/wp-content\/uploads\/2013\/07\/bosnjacko-sijelo-pariz-03.2013-13.jpg\" \/>\n\t<meta property=\"og:image:width\" content=\"616\" \/>\n\t<meta property=\"og:image:height\" content=\"409\" \/>\n\t<meta property=\"og:image:type\" content=\"image\/jpeg\" \/>\n<meta name=\"author\" content=\"bosniak\" \/>\n<meta name=\"twitter:card\" content=\"summary_large_image\" \/>\n<meta name=\"twitter:label1\" content=\"Written by\" \/>\n\t<meta name=\"twitter:data1\" content=\"bosniak\" \/>\n\t<meta name=\"twitter:label2\" content=\"Est. reading time\" \/>\n\t<meta name=\"twitter:data2\" content=\"5 minuta\" \/>\n<script type=\"application\/ld+json\" class=\"yoast-schema-graph\">{\"@context\":\"https:\/\/schema.org\",\"@graph\":[{\"@type\":\"Article\",\"@id\":\"https:\/\/sandzakpress.net\/arhiva\/muftija-u-parizu-da-vam-dzamije-budu-ljepse-od-vasih-kuca\/#article\",\"isPartOf\":{\"@id\":\"https:\/\/sandzakpress.net\/arhiva\/muftija-u-parizu-da-vam-dzamije-budu-ljepse-od-vasih-kuca\/\"},\"author\":{\"name\":\"bosniak\",\"@id\":\"https:\/\/sandzakpress.net\/arhiva\/#\/schema\/person\/c8baee722073534b583ea7bdb2e36c02\"},\"headline\":\"Glavni muftija na donatorskoj ve\u010deri u Parizu &#8211; ZA D\u017dAMIJU U PARIZU PRIKUPLJENO 156.000 EURA\",\"datePublished\":\"2013-03-10T09:46:32+00:00\",\"dateModified\":\"2013-03-11T15:25:51+00:00\",\"mainEntityOfPage\":{\"@id\":\"https:\/\/sandzakpress.net\/arhiva\/muftija-u-parizu-da-vam-dzamije-budu-ljepse-od-vasih-kuca\/\"},\"wordCount\":1102,\"commentCount\":9,\"publisher\":{\"@id\":\"https:\/\/sandzakpress.net\/arhiva\/#\/schema\/person\/6e72b67d6e51910a1117b3b483ba20bd\"},\"image\":{\"@id\":\"https:\/\/sandzakpress.net\/arhiva\/muftija-u-parizu-da-vam-dzamije-budu-ljepse-od-vasih-kuca\/#primaryimage\"},\"thumbnailUrl\":\"https:\/\/sandzakpress.net\/arhiva\/wp-content\/uploads\/2013\/07\/bosnjacko-sijelo-pariz-03.2013-13.jpg\",\"articleSection\":[\"Novi Pazar\",\"Nacija\",\"Francuska\",\"VIJESTI DANA\"],\"inLanguage\":\"bs-BA\",\"potentialAction\":[{\"@type\":\"CommentAction\",\"name\":\"Comment\",\"target\":[\"https:\/\/sandzakpress.net\/arhiva\/muftija-u-parizu-da-vam-dzamije-budu-ljepse-od-vasih-kuca\/#respond\"]}]},{\"@type\":\"WebPage\",\"@id\":\"https:\/\/sandzakpress.net\/arhiva\/muftija-u-parizu-da-vam-dzamije-budu-ljepse-od-vasih-kuca\/\",\"url\":\"https:\/\/sandzakpress.net\/arhiva\/muftija-u-parizu-da-vam-dzamije-budu-ljepse-od-vasih-kuca\/\",\"name\":\"Glavni muftija na donatorskoj ve\u010deri u Parizu - ZA D\u017dAMIJU U PARIZU PRIKUPLJENO 156.000 EURA\",\"isPartOf\":{\"@id\":\"https:\/\/sandzakpress.net\/arhiva\/#website\"},\"primaryImageOfPage\":{\"@id\":\"https:\/\/sandzakpress.net\/arhiva\/muftija-u-parizu-da-vam-dzamije-budu-ljepse-od-vasih-kuca\/#primaryimage\"},\"image\":{\"@id\":\"https:\/\/sandzakpress.net\/arhiva\/muftija-u-parizu-da-vam-dzamije-budu-ljepse-od-vasih-kuca\/#primaryimage\"},\"thumbnailUrl\":\"https:\/\/sandzakpress.net\/arhiva\/wp-content\/uploads\/2013\/07\/bosnjacko-sijelo-pariz-03.2013-13.jpg\",\"datePublished\":\"2013-03-10T09:46:32+00:00\",\"dateModified\":\"2013-03-11T15:25:51+00:00\",\"breadcrumb\":{\"@id\":\"https:\/\/sandzakpress.net\/arhiva\/muftija-u-parizu-da-vam-dzamije-budu-ljepse-od-vasih-kuca\/#breadcrumb\"},\"inLanguage\":\"bs-BA\",\"potentialAction\":[{\"@type\":\"ReadAction\",\"target\":[\"https:\/\/sandzakpress.net\/arhiva\/muftija-u-parizu-da-vam-dzamije-budu-ljepse-od-vasih-kuca\/\"]}]},{\"@type\":\"ImageObject\",\"inLanguage\":\"bs-BA\",\"@id\":\"https:\/\/sandzakpress.net\/arhiva\/muftija-u-parizu-da-vam-dzamije-budu-ljepse-od-vasih-kuca\/#primaryimage\",\"url\":\"https:\/\/sandzakpress.net\/arhiva\/wp-content\/uploads\/2013\/07\/bosnjacko-sijelo-pariz-03.2013-13.jpg\",\"contentUrl\":\"https:\/\/sandzakpress.net\/arhiva\/wp-content\/uploads\/2013\/07\/bosnjacko-sijelo-pariz-03.2013-13.jpg\",\"width\":616,\"height\":409},{\"@type\":\"BreadcrumbList\",\"@id\":\"https:\/\/sandzakpress.net\/arhiva\/muftija-u-parizu-da-vam-dzamije-budu-ljepse-od-vasih-kuca\/#breadcrumb\",\"itemListElement\":[{\"@type\":\"ListItem\",\"position\":1,\"name\":\"Home\",\"item\":\"https:\/\/sandzakpress.net\/arhiva\/\"},{\"@type\":\"ListItem\",\"position\":2,\"name\":\"Glavni muftija na donatorskoj ve\u010deri u Parizu &#8211; ZA D\u017dAMIJU U PARIZU PRIKUPLJENO 156.000 EURA\"}]},{\"@type\":\"WebSite\",\"@id\":\"https:\/\/sandzakpress.net\/arhiva\/#website\",\"url\":\"https:\/\/sandzakpress.net\/arhiva\/\",\"name\":\"Sand\u017eak PRESS\",\"description\":\"Prve elektronske novine u Sand\u017eaku\",\"publisher\":{\"@id\":\"https:\/\/sandzakpress.net\/arhiva\/#\/schema\/person\/6e72b67d6e51910a1117b3b483ba20bd\"},\"potentialAction\":[{\"@type\":\"SearchAction\",\"target\":{\"@type\":\"EntryPoint\",\"urlTemplate\":\"https:\/\/sandzakpress.net\/arhiva\/?s={search_term_string}\"},\"query-input\":{\"@type\":\"PropertyValueSpecification\",\"valueRequired\":true,\"valueName\":\"search_term_string\"}}],\"inLanguage\":\"bs-BA\"},{\"@type\":[\"Person\",\"Organization\"],\"@id\":\"https:\/\/sandzakpress.net\/arhiva\/#\/schema\/person\/6e72b67d6e51910a1117b3b483ba20bd\",\"name\":\"Kul\",\"image\":{\"@type\":\"ImageObject\",\"inLanguage\":\"bs-BA\",\"@id\":\"https:\/\/sandzakpress.net\/arhiva\/#\/schema\/person\/image\/\",\"url\":\"https:\/\/secure.gravatar.com\/avatar\/42263f39aa27ac04c43cab85c280eb2e?s=96&d=mm&r=pg\",\"contentUrl\":\"https:\/\/secure.gravatar.com\/avatar\/42263f39aa27ac04c43cab85c280eb2e?s=96&d=mm&r=pg\",\"caption\":\"Kul\"},\"logo\":{\"@id\":\"https:\/\/sandzakpress.net\/arhiva\/#\/schema\/person\/image\/\"}},{\"@type\":\"Person\",\"@id\":\"https:\/\/sandzakpress.net\/arhiva\/#\/schema\/person\/c8baee722073534b583ea7bdb2e36c02\",\"name\":\"bosniak\",\"image\":{\"@type\":\"ImageObject\",\"inLanguage\":\"bs-BA\",\"@id\":\"https:\/\/sandzakpress.net\/arhiva\/#\/schema\/person\/image\/\",\"url\":\"https:\/\/secure.gravatar.com\/avatar\/a04fd330bfe3a36a72a0ad4a6d89fca7?s=96&d=mm&r=pg\",\"contentUrl\":\"https:\/\/secure.gravatar.com\/avatar\/a04fd330bfe3a36a72a0ad4a6d89fca7?s=96&d=mm&r=pg\",\"caption\":\"bosniak\"},\"url\":\"https:\/\/sandzakpress.net\/arhiva\/author\/bosniak\/\"}]}<\/script>\n<!-- \/ Yoast SEO Premium plugin. -->","yoast_head_json":{"title":"Glavni muftija na donatorskoj ve\u010deri u Parizu - ZA D\u017dAMIJU U PARIZU PRIKUPLJENO 156.000 EURA","robots":{"index":"index","follow":"follow","max-snippet":"max-snippet:-1","max-image-preview":"max-image-preview:large","max-video-preview":"max-video-preview:-1"},"canonical":"https:\/\/sandzakpress.net\/arhiva\/muftija-u-parizu-da-vam-dzamije-budu-ljepse-od-vasih-kuca\/","og_locale":"bs_BA","og_type":"article","og_title":"Glavni muftija na donatorskoj ve\u010deri u Parizu - ZA D\u017dAMIJU U PARIZU PRIKUPLJENO 156.000 EURA","og_description":"Francuska &#8211; Sino\u0107 je u Parizu, u organizaciji Bo\u0161nja\u010dkog vjersko-kulturnog centra odr\u017eano dugo najavljivano Donatorsko sijelo za d\u017eamiju u Parizu. Sijelu je u okviru vi\u0161ednevne posjete Bo\u0161njacima Pariza prisustovao glavni muftija Muamer-ef. Zukorl\u0107. Ove ve\u010deri za ovu hairli akciju prikupljeno je 156.000 eura.","og_url":"https:\/\/sandzakpress.net\/arhiva\/muftija-u-parizu-da-vam-dzamije-budu-ljepse-od-vasih-kuca\/","og_site_name":"Sand\u017eak PRESS","article_published_time":"2013-03-10T09:46:32+00:00","article_modified_time":"2013-03-11T15:25:51+00:00","og_image":[{"width":616,"height":409,"url":"https:\/\/sandzakpress.net\/arhiva\/wp-content\/uploads\/2013\/07\/bosnjacko-sijelo-pariz-03.2013-13.jpg","type":"image\/jpeg"}],"author":"bosniak","twitter_card":"summary_large_image","twitter_misc":{"Written by":"bosniak","Est. reading time":"5 minuta"},"schema":{"@context":"https:\/\/schema.org","@graph":[{"@type":"Article","@id":"https:\/\/sandzakpress.net\/arhiva\/muftija-u-parizu-da-vam-dzamije-budu-ljepse-od-vasih-kuca\/#article","isPartOf":{"@id":"https:\/\/sandzakpress.net\/arhiva\/muftija-u-parizu-da-vam-dzamije-budu-ljepse-od-vasih-kuca\/"},"author":{"name":"bosniak","@id":"https:\/\/sandzakpress.net\/arhiva\/#\/schema\/person\/c8baee722073534b583ea7bdb2e36c02"},"headline":"Glavni muftija na donatorskoj ve\u010deri u Parizu &#8211; ZA D\u017dAMIJU U PARIZU PRIKUPLJENO 156.000 EURA","datePublished":"2013-03-10T09:46:32+00:00","dateModified":"2013-03-11T15:25:51+00:00","mainEntityOfPage":{"@id":"https:\/\/sandzakpress.net\/arhiva\/muftija-u-parizu-da-vam-dzamije-budu-ljepse-od-vasih-kuca\/"},"wordCount":1102,"commentCount":9,"publisher":{"@id":"https:\/\/sandzakpress.net\/arhiva\/#\/schema\/person\/6e72b67d6e51910a1117b3b483ba20bd"},"image":{"@id":"https:\/\/sandzakpress.net\/arhiva\/muftija-u-parizu-da-vam-dzamije-budu-ljepse-od-vasih-kuca\/#primaryimage"},"thumbnailUrl":"https:\/\/sandzakpress.net\/arhiva\/wp-content\/uploads\/2013\/07\/bosnjacko-sijelo-pariz-03.2013-13.jpg","articleSection":["Novi Pazar","Nacija","Francuska","VIJESTI DANA"],"inLanguage":"bs-BA","potentialAction":[{"@type":"CommentAction","name":"Comment","target":["https:\/\/sandzakpress.net\/arhiva\/muftija-u-parizu-da-vam-dzamije-budu-ljepse-od-vasih-kuca\/#respond"]}]},{"@type":"WebPage","@id":"https:\/\/sandzakpress.net\/arhiva\/muftija-u-parizu-da-vam-dzamije-budu-ljepse-od-vasih-kuca\/","url":"https:\/\/sandzakpress.net\/arhiva\/muftija-u-parizu-da-vam-dzamije-budu-ljepse-od-vasih-kuca\/","name":"Glavni muftija na donatorskoj ve\u010deri u Parizu - ZA D\u017dAMIJU U PARIZU PRIKUPLJENO 156.000 EURA","isPartOf":{"@id":"https:\/\/sandzakpress.net\/arhiva\/#website"},"primaryImageOfPage":{"@id":"https:\/\/sandzakpress.net\/arhiva\/muftija-u-parizu-da-vam-dzamije-budu-ljepse-od-vasih-kuca\/#primaryimage"},"image":{"@id":"https:\/\/sandzakpress.net\/arhiva\/muftija-u-parizu-da-vam-dzamije-budu-ljepse-od-vasih-kuca\/#primaryimage"},"thumbnailUrl":"https:\/\/sandzakpress.net\/arhiva\/wp-content\/uploads\/2013\/07\/bosnjacko-sijelo-pariz-03.2013-13.jpg","datePublished":"2013-03-10T09:46:32+00:00","dateModified":"2013-03-11T15:25:51+00:00","breadcrumb":{"@id":"https:\/\/sandzakpress.net\/arhiva\/muftija-u-parizu-da-vam-dzamije-budu-ljepse-od-vasih-kuca\/#breadcrumb"},"inLanguage":"bs-BA","potentialAction":[{"@type":"ReadAction","target":["https:\/\/sandzakpress.net\/arhiva\/muftija-u-parizu-da-vam-dzamije-budu-ljepse-od-vasih-kuca\/"]}]},{"@type":"ImageObject","inLanguage":"bs-BA","@id":"https:\/\/sandzakpress.net\/arhiva\/muftija-u-parizu-da-vam-dzamije-budu-ljepse-od-vasih-kuca\/#primaryimage","url":"https:\/\/sandzakpress.net\/arhiva\/wp-content\/uploads\/2013\/07\/bosnjacko-sijelo-pariz-03.2013-13.jpg","contentUrl":"https:\/\/sandzakpress.net\/arhiva\/wp-content\/uploads\/2013\/07\/bosnjacko-sijelo-pariz-03.2013-13.jpg","width":616,"height":409},{"@type":"BreadcrumbList","@id":"https:\/\/sandzakpress.net\/arhiva\/muftija-u-parizu-da-vam-dzamije-budu-ljepse-od-vasih-kuca\/#breadcrumb","itemListElement":[{"@type":"ListItem","position":1,"name":"Home","item":"https:\/\/sandzakpress.net\/arhiva\/"},{"@type":"ListItem","position":2,"name":"Glavni muftija na donatorskoj ve\u010deri u Parizu &#8211; ZA D\u017dAMIJU U PARIZU PRIKUPLJENO 156.000 EURA"}]},{"@type":"WebSite","@id":"https:\/\/sandzakpress.net\/arhiva\/#website","url":"https:\/\/sandzakpress.net\/arhiva\/","name":"Sand\u017eak PRESS","description":"Prve elektronske novine u Sand\u017eaku","publisher":{"@id":"https:\/\/sandzakpress.net\/arhiva\/#\/schema\/person\/6e72b67d6e51910a1117b3b483ba20bd"},"potentialAction":[{"@type":"SearchAction","target":{"@type":"EntryPoint","urlTemplate":"https:\/\/sandzakpress.net\/arhiva\/?s={search_term_string}"},"query-input":{"@type":"PropertyValueSpecification","valueRequired":true,"valueName":"search_term_string"}}],"inLanguage":"bs-BA"},{"@type":["Person","Organization"],"@id":"https:\/\/sandzakpress.net\/arhiva\/#\/schema\/person\/6e72b67d6e51910a1117b3b483ba20bd","name":"Kul","image":{"@type":"ImageObject","inLanguage":"bs-BA","@id":"https:\/\/sandzakpress.net\/arhiva\/#\/schema\/person\/image\/","url":"https:\/\/secure.gravatar.com\/avatar\/42263f39aa27ac04c43cab85c280eb2e?s=96&d=mm&r=pg","contentUrl":"https:\/\/secure.gravatar.com\/avatar\/42263f39aa27ac04c43cab85c280eb2e?s=96&d=mm&r=pg","caption":"Kul"},"logo":{"@id":"https:\/\/sandzakpress.net\/arhiva\/#\/schema\/person\/image\/"}},{"@type":"Person","@id":"https:\/\/sandzakpress.net\/arhiva\/#\/schema\/person\/c8baee722073534b583ea7bdb2e36c02","name":"bosniak","image":{"@type":"ImageObject","inLanguage":"bs-BA","@id":"https:\/\/sandzakpress.net\/arhiva\/#\/schema\/person\/image\/","url":"https:\/\/secure.gravatar.com\/avatar\/a04fd330bfe3a36a72a0ad4a6d89fca7?s=96&d=mm&r=pg","contentUrl":"https:\/\/secure.gravatar.com\/avatar\/a04fd330bfe3a36a72a0ad4a6d89fca7?s=96&d=mm&r=pg","caption":"bosniak"},"url":"https:\/\/sandzakpress.net\/arhiva\/author\/bosniak\/"}]}},"_links":{"self":[{"href":"https:\/\/sandzakpress.net\/arhiva\/wp-json\/wp\/v2\/posts\/69160"}],"collection":[{"href":"https:\/\/sandzakpress.net\/arhiva\/wp-json\/wp\/v2\/posts"}],"about":[{"href":"https:\/\/sandzakpress.net\/arhiva\/wp-json\/wp\/v2\/types\/post"}],"author":[{"embeddable":true,"href":"https:\/\/sandzakpress.net\/arhiva\/wp-json\/wp\/v2\/users\/83"}],"replies":[{"embeddable":true,"href":"https:\/\/sandzakpress.net\/arhiva\/wp-json\/wp\/v2\/comments?post=69160"}],"version-history":[{"count":0,"href":"https:\/\/sandzakpress.net\/arhiva\/wp-json\/wp\/v2\/posts\/69160\/revisions"}],"wp:featuredmedia":[{"embeddable":true,"href":"https:\/\/sandzakpress.net\/arhiva\/wp-json\/wp\/v2\/media\/81972"}],"wp:attachment":[{"href":"https:\/\/sandzakpress.net\/arhiva\/wp-json\/wp\/v2\/media?parent=69160"}],"wp:term":[{"taxonomy":"category","embeddable":true,"href":"https:\/\/sandzakpress.net\/arhiva\/wp-json\/wp\/v2\/categories?post=69160"},{"taxonomy":"post_tag","embeddable":true,"href":"https:\/\/sandzakpress.net\/arhiva\/wp-json\/wp\/v2\/tags?post=69160"}],"curies":[{"name":"wp","href":"https:\/\/api.w.org\/{rel}","templated":true}]}}