{"id":6896,"date":"2010-08-23T16:01:29","date_gmt":"2010-08-23T16:01:29","guid":{"rendered":"https:\/\/sandzakpress.net\/arhiva\/?p=6896"},"modified":"2010-08-23T16:01:29","modified_gmt":"2010-08-23T16:01:29","slug":"150-irskih-umjetnika-najavilo-bojkot-izraela","status":"publish","type":"post","link":"https:\/\/sandzakpress.net\/arhiva\/150-irskih-umjetnika-najavilo-bojkot-izraela\/","title":{"rendered":"150 irskih umjetnika najavilo bojkot Izraela"},"content":{"rendered":"<p><strong><a href=\"https:\/\/sandzakpress.net\/arhiva\/wp-content\/uploads\/2010\/08\/bojkot_izrael.jpg\"><img loading=\"lazy\" decoding=\"async\" class=\"alignleft size-medium wp-image-6897\" title=\"bojkot_izrael\" src=\"https:\/\/sandzakpress.net\/arhiva\/wp-content\/uploads\/2010\/08\/bojkot_izrael-228x300.jpg\" alt=\"\" width=\"228\" height=\"300\" \/><\/a>Irska &#8211; 150 irskih intelektualaca proglasilo je svoj kulturni bojkot Izraela kao akt solidarnosti s Palestincima, izjaviv\u0161i da ne\u0107e u\u010destvovati niti izlagati u Izraelu, sve dok Izrael ne bude po\u0161tovao me\u0111unarodno pravo.<br \/>\n<\/strong><br \/>\nKulturni bojkot uklju\u010duje nesprovo\u0111enje u djelo aktivnosti i doga\u0111aja u kojima Izrael u\u010destvuje, ili \u010dak prihva\u0107anje bilo kakvog finansiranja za bilo koji kulturni doga\u0111aj od izraelskih institucija.<\/p>\n<p>Palestinsko-irska kampanja kulturnog bojkota Izraela (IPSC) pozvala je na ovaj bojkot. Iz organizacije su izjavili da je bojkot do\u0161ao kao protest na izraelski tretman palestinskog naroda, te da dolazi kao reakcija na izjavu izraelskog ministra vanjskih poslova 2005. godine da je kultura sredstvo propagande.<\/p>\n<p>Umjetnici su potpisali izjavu obe\u0107av\u0161i da \u0107e se suzdr\u017eati od u\u010destvovanja u kulturnim aktivnostima s Izraelom \u201esve dok se Izrael ne povinuje me\u0111unarnom pravu i univerzalnim na\u010delima ljudskih prava\u201c.<\/p>\n<p>U svojoj izjavi za &#8220;Irish Times&#8221;, direktor IPSC-a Raymond Dean je izjavio da \u0107e umjetnici koji nastupaju u Izraelu otkazati svoje gostovanje, svidjelo se to njima ili ne.<\/p>\n<p>\u201eOvo se ne mo\u017ee prekinuti ni zaustaviti, sve do kraja okupacije Palestine, demontiranja ili barem zaustavljanja izgradnje naselja, i sve dok Izrael ne bude pregovarao dobre volje s Palestincima\u201c, izjavio je Dean.<\/p>\n<p>Izjava dolazi nakon toga \u0161to je sve ve\u0107i broj umjetnika otkazao svoje gostovanje u Izraelu poput Elvisa Costelloa, Jilla Scotta Herona, Santane, The Pixies, The Klaxons i Gorillaz Sound System.<\/p>\n<p>Pro\u0161log mjeseca britanski duo elektonske muzike Leftfield najavio je otkazivanje svog koncerta 31. augusta uslijed onog \u0161to su oni nazvali produkcijskim problemima.<\/p>\n<p>&#8220;Na\u017ealost, Leftfield ne\u0107e biti u mogu\u0107nosti nastupiti na Heineken Music konferenciji 31. augusta zbog nepredvi\u0111enih produkcijskih problema&#8221;, napisao je dvojac na Facebook stranici koja je posve\u0107ena njihovoj trenutnoj turneji.<\/p>\n<p>U me\u0111uvremenu, na zvani\u010dnoj Facebook stranici dueta objavili su pismo koje im je organizacija &#8220;Bojkotujte Izrael&#8221; poslala pozivaju\u0107i ih da &#8216;odgode svoj planirani koncert u Izraelu ovog ljeta, &#8220;na neodre\u0111eno vrijeme.\u201c<\/p>\n<p>U pismu, skeniranom i postavljenom na njihovoj stranici, stoji da u svjetlu izraelskog smrtonosnog napada na flotilu za Gazu u maju, oni pozivaju muzi\u010dare da se izjasne i protestvuju protiv izraelskih akcija otkazivanjem koncerta.<\/p>\n<p>&#8220;Va\u0161a posjeta ovdje \u0107e se tuma\u010diti kao povjerenje u opresivnu politiku Izraela.\u201c<\/p>\n<p>Leftfiled se pridru\u017eio sve ve\u0107em popisu umjetnika i muzi\u010dara koji su nedavno otkazali njihove predstave i koncerte u Izraelu zbog politi\u010dkih razloga.<\/p>\n<p>Izvor:<strong> IslamBosna.ba<\/strong><\/p>\n","protected":false},"excerpt":{"rendered":"<p>Irska &#8211; 150 irskih intelektualaca proglasilo je svoj kulturni bojkot Izraela kao akt solidarnosti s Palestincima, izjaviv\u0161i da ne\u0107e u\u010destvovati niti izlagati u Izraelu, sve dok Izrael ne bude po\u0161tovao me\u0111unarodno pravo. Kulturni bojkot uklju\u010duje nesprovo\u0111enje u djelo aktivnosti i doga\u0111aja u kojima Izrael u\u010destvuje, ili \u010dak prihva\u0107anje bilo kakvog finansiranja za bilo koji kulturni [&hellip;]<\/p>\n","protected":false},"author":83,"featured_media":6897,"comment_status":"open","ping_status":"open","sticky":false,"template":"","format":"standard","meta":{"footnotes":""},"categories":[9],"tags":[],"class_list":{"0":"post-6896","1":"post","2":"type-post","3":"status-publish","4":"format-standard","5":"has-post-thumbnail","7":"category-svijet"},"yoast_head":"<!-- This site is optimized with the Yoast SEO Premium plugin v23.1 (Yoast SEO v24.9) - https:\/\/yoast.com\/wordpress\/plugins\/seo\/ -->\n<title>150 irskih umjetnika najavilo bojkot Izraela<\/title>\n<meta name=\"robots\" content=\"index, follow, max-snippet:-1, max-image-preview:large, max-video-preview:-1\" \/>\n<link rel=\"canonical\" href=\"https:\/\/sandzakpress.net\/arhiva\/150-irskih-umjetnika-najavilo-bojkot-izraela\/\" \/>\n<meta property=\"og:locale\" content=\"bs_BA\" \/>\n<meta property=\"og:type\" content=\"article\" \/>\n<meta property=\"og:title\" content=\"150 irskih umjetnika najavilo bojkot Izraela\" \/>\n<meta property=\"og:description\" content=\"Irska &#8211; 150 irskih intelektualaca proglasilo je svoj kulturni bojkot Izraela kao akt solidarnosti s Palestincima, izjaviv\u0161i da ne\u0107e u\u010destvovati niti izlagati u Izraelu, sve dok Izrael ne bude po\u0161tovao me\u0111unarodno pravo. Kulturni bojkot uklju\u010duje nesprovo\u0111enje u djelo aktivnosti i doga\u0111aja u kojima Izrael u\u010destvuje, ili \u010dak prihva\u0107anje bilo kakvog finansiranja za bilo koji kulturni [&hellip;]\" \/>\n<meta property=\"og:url\" content=\"https:\/\/sandzakpress.net\/arhiva\/150-irskih-umjetnika-najavilo-bojkot-izraela\/\" \/>\n<meta property=\"og:site_name\" content=\"Sand\u017eak PRESS\" \/>\n<meta property=\"article:published_time\" content=\"2010-08-23T16:01:29+00:00\" \/>\n<meta property=\"og:image\" content=\"https:\/\/sandzakpress.net\/arhiva\/wp-content\/uploads\/2010\/08\/bojkot_izrael.jpg\" \/>\n\t<meta property=\"og:image:width\" content=\"416\" \/>\n\t<meta property=\"og:image:height\" content=\"545\" \/>\n\t<meta property=\"og:image:type\" content=\"image\/jpeg\" \/>\n<meta name=\"author\" content=\"bosniak\" \/>\n<meta name=\"twitter:card\" content=\"summary_large_image\" \/>\n<meta name=\"twitter:label1\" content=\"Written by\" \/>\n\t<meta name=\"twitter:data1\" content=\"bosniak\" \/>\n\t<meta name=\"twitter:label2\" content=\"Est. reading time\" \/>\n\t<meta name=\"twitter:data2\" content=\"2 minute\" \/>\n<script type=\"application\/ld+json\" class=\"yoast-schema-graph\">{\"@context\":\"https:\/\/schema.org\",\"@graph\":[{\"@type\":\"Article\",\"@id\":\"https:\/\/sandzakpress.net\/arhiva\/150-irskih-umjetnika-najavilo-bojkot-izraela\/#article\",\"isPartOf\":{\"@id\":\"https:\/\/sandzakpress.net\/arhiva\/150-irskih-umjetnika-najavilo-bojkot-izraela\/\"},\"author\":{\"name\":\"bosniak\",\"@id\":\"https:\/\/sandzakpress.net\/arhiva\/#\/schema\/person\/c8baee722073534b583ea7bdb2e36c02\"},\"headline\":\"150 irskih umjetnika najavilo bojkot Izraela\",\"datePublished\":\"2010-08-23T16:01:29+00:00\",\"mainEntityOfPage\":{\"@id\":\"https:\/\/sandzakpress.net\/arhiva\/150-irskih-umjetnika-najavilo-bojkot-izraela\/\"},\"wordCount\":413,\"commentCount\":0,\"publisher\":{\"@id\":\"https:\/\/sandzakpress.net\/arhiva\/#\/schema\/person\/6e72b67d6e51910a1117b3b483ba20bd\"},\"image\":{\"@id\":\"https:\/\/sandzakpress.net\/arhiva\/150-irskih-umjetnika-najavilo-bojkot-izraela\/#primaryimage\"},\"thumbnailUrl\":\"https:\/\/sandzakpress.net\/arhiva\/wp-content\/uploads\/2010\/08\/bojkot_izrael.jpg\",\"articleSection\":[\"Svijet\"],\"inLanguage\":\"bs-BA\",\"potentialAction\":[{\"@type\":\"CommentAction\",\"name\":\"Comment\",\"target\":[\"https:\/\/sandzakpress.net\/arhiva\/150-irskih-umjetnika-najavilo-bojkot-izraela\/#respond\"]}]},{\"@type\":\"WebPage\",\"@id\":\"https:\/\/sandzakpress.net\/arhiva\/150-irskih-umjetnika-najavilo-bojkot-izraela\/\",\"url\":\"https:\/\/sandzakpress.net\/arhiva\/150-irskih-umjetnika-najavilo-bojkot-izraela\/\",\"name\":\"150 irskih umjetnika najavilo bojkot Izraela\",\"isPartOf\":{\"@id\":\"https:\/\/sandzakpress.net\/arhiva\/#website\"},\"primaryImageOfPage\":{\"@id\":\"https:\/\/sandzakpress.net\/arhiva\/150-irskih-umjetnika-najavilo-bojkot-izraela\/#primaryimage\"},\"image\":{\"@id\":\"https:\/\/sandzakpress.net\/arhiva\/150-irskih-umjetnika-najavilo-bojkot-izraela\/#primaryimage\"},\"thumbnailUrl\":\"https:\/\/sandzakpress.net\/arhiva\/wp-content\/uploads\/2010\/08\/bojkot_izrael.jpg\",\"datePublished\":\"2010-08-23T16:01:29+00:00\",\"breadcrumb\":{\"@id\":\"https:\/\/sandzakpress.net\/arhiva\/150-irskih-umjetnika-najavilo-bojkot-izraela\/#breadcrumb\"},\"inLanguage\":\"bs-BA\",\"potentialAction\":[{\"@type\":\"ReadAction\",\"target\":[\"https:\/\/sandzakpress.net\/arhiva\/150-irskih-umjetnika-najavilo-bojkot-izraela\/\"]}]},{\"@type\":\"ImageObject\",\"inLanguage\":\"bs-BA\",\"@id\":\"https:\/\/sandzakpress.net\/arhiva\/150-irskih-umjetnika-najavilo-bojkot-izraela\/#primaryimage\",\"url\":\"https:\/\/sandzakpress.net\/arhiva\/wp-content\/uploads\/2010\/08\/bojkot_izrael.jpg\",\"contentUrl\":\"https:\/\/sandzakpress.net\/arhiva\/wp-content\/uploads\/2010\/08\/bojkot_izrael.jpg\",\"width\":416,\"height\":545},{\"@type\":\"BreadcrumbList\",\"@id\":\"https:\/\/sandzakpress.net\/arhiva\/150-irskih-umjetnika-najavilo-bojkot-izraela\/#breadcrumb\",\"itemListElement\":[{\"@type\":\"ListItem\",\"position\":1,\"name\":\"Home\",\"item\":\"https:\/\/sandzakpress.net\/arhiva\/\"},{\"@type\":\"ListItem\",\"position\":2,\"name\":\"150 irskih umjetnika najavilo bojkot Izraela\"}]},{\"@type\":\"WebSite\",\"@id\":\"https:\/\/sandzakpress.net\/arhiva\/#website\",\"url\":\"https:\/\/sandzakpress.net\/arhiva\/\",\"name\":\"Sand\u017eak PRESS\",\"description\":\"Prve elektronske novine u Sand\u017eaku\",\"publisher\":{\"@id\":\"https:\/\/sandzakpress.net\/arhiva\/#\/schema\/person\/6e72b67d6e51910a1117b3b483ba20bd\"},\"potentialAction\":[{\"@type\":\"SearchAction\",\"target\":{\"@type\":\"EntryPoint\",\"urlTemplate\":\"https:\/\/sandzakpress.net\/arhiva\/?s={search_term_string}\"},\"query-input\":{\"@type\":\"PropertyValueSpecification\",\"valueRequired\":true,\"valueName\":\"search_term_string\"}}],\"inLanguage\":\"bs-BA\"},{\"@type\":[\"Person\",\"Organization\"],\"@id\":\"https:\/\/sandzakpress.net\/arhiva\/#\/schema\/person\/6e72b67d6e51910a1117b3b483ba20bd\",\"name\":\"Kul\",\"image\":{\"@type\":\"ImageObject\",\"inLanguage\":\"bs-BA\",\"@id\":\"https:\/\/sandzakpress.net\/arhiva\/#\/schema\/person\/image\/\",\"url\":\"https:\/\/secure.gravatar.com\/avatar\/42263f39aa27ac04c43cab85c280eb2e?s=96&d=mm&r=pg\",\"contentUrl\":\"https:\/\/secure.gravatar.com\/avatar\/42263f39aa27ac04c43cab85c280eb2e?s=96&d=mm&r=pg\",\"caption\":\"Kul\"},\"logo\":{\"@id\":\"https:\/\/sandzakpress.net\/arhiva\/#\/schema\/person\/image\/\"}},{\"@type\":\"Person\",\"@id\":\"https:\/\/sandzakpress.net\/arhiva\/#\/schema\/person\/c8baee722073534b583ea7bdb2e36c02\",\"name\":\"bosniak\",\"image\":{\"@type\":\"ImageObject\",\"inLanguage\":\"bs-BA\",\"@id\":\"https:\/\/sandzakpress.net\/arhiva\/#\/schema\/person\/image\/\",\"url\":\"https:\/\/secure.gravatar.com\/avatar\/a04fd330bfe3a36a72a0ad4a6d89fca7?s=96&d=mm&r=pg\",\"contentUrl\":\"https:\/\/secure.gravatar.com\/avatar\/a04fd330bfe3a36a72a0ad4a6d89fca7?s=96&d=mm&r=pg\",\"caption\":\"bosniak\"},\"url\":\"https:\/\/sandzakpress.net\/arhiva\/author\/bosniak\/\"}]}<\/script>\n<!-- \/ Yoast SEO Premium plugin. -->","yoast_head_json":{"title":"150 irskih umjetnika najavilo bojkot Izraela","robots":{"index":"index","follow":"follow","max-snippet":"max-snippet:-1","max-image-preview":"max-image-preview:large","max-video-preview":"max-video-preview:-1"},"canonical":"https:\/\/sandzakpress.net\/arhiva\/150-irskih-umjetnika-najavilo-bojkot-izraela\/","og_locale":"bs_BA","og_type":"article","og_title":"150 irskih umjetnika najavilo bojkot Izraela","og_description":"Irska &#8211; 150 irskih intelektualaca proglasilo je svoj kulturni bojkot Izraela kao akt solidarnosti s Palestincima, izjaviv\u0161i da ne\u0107e u\u010destvovati niti izlagati u Izraelu, sve dok Izrael ne bude po\u0161tovao me\u0111unarodno pravo. Kulturni bojkot uklju\u010duje nesprovo\u0111enje u djelo aktivnosti i doga\u0111aja u kojima Izrael u\u010destvuje, ili \u010dak prihva\u0107anje bilo kakvog finansiranja za bilo koji kulturni [&hellip;]","og_url":"https:\/\/sandzakpress.net\/arhiva\/150-irskih-umjetnika-najavilo-bojkot-izraela\/","og_site_name":"Sand\u017eak PRESS","article_published_time":"2010-08-23T16:01:29+00:00","og_image":[{"width":416,"height":545,"url":"https:\/\/sandzakpress.net\/arhiva\/wp-content\/uploads\/2010\/08\/bojkot_izrael.jpg","type":"image\/jpeg"}],"author":"bosniak","twitter_card":"summary_large_image","twitter_misc":{"Written by":"bosniak","Est. reading time":"2 minute"},"schema":{"@context":"https:\/\/schema.org","@graph":[{"@type":"Article","@id":"https:\/\/sandzakpress.net\/arhiva\/150-irskih-umjetnika-najavilo-bojkot-izraela\/#article","isPartOf":{"@id":"https:\/\/sandzakpress.net\/arhiva\/150-irskih-umjetnika-najavilo-bojkot-izraela\/"},"author":{"name":"bosniak","@id":"https:\/\/sandzakpress.net\/arhiva\/#\/schema\/person\/c8baee722073534b583ea7bdb2e36c02"},"headline":"150 irskih umjetnika najavilo bojkot Izraela","datePublished":"2010-08-23T16:01:29+00:00","mainEntityOfPage":{"@id":"https:\/\/sandzakpress.net\/arhiva\/150-irskih-umjetnika-najavilo-bojkot-izraela\/"},"wordCount":413,"commentCount":0,"publisher":{"@id":"https:\/\/sandzakpress.net\/arhiva\/#\/schema\/person\/6e72b67d6e51910a1117b3b483ba20bd"},"image":{"@id":"https:\/\/sandzakpress.net\/arhiva\/150-irskih-umjetnika-najavilo-bojkot-izraela\/#primaryimage"},"thumbnailUrl":"https:\/\/sandzakpress.net\/arhiva\/wp-content\/uploads\/2010\/08\/bojkot_izrael.jpg","articleSection":["Svijet"],"inLanguage":"bs-BA","potentialAction":[{"@type":"CommentAction","name":"Comment","target":["https:\/\/sandzakpress.net\/arhiva\/150-irskih-umjetnika-najavilo-bojkot-izraela\/#respond"]}]},{"@type":"WebPage","@id":"https:\/\/sandzakpress.net\/arhiva\/150-irskih-umjetnika-najavilo-bojkot-izraela\/","url":"https:\/\/sandzakpress.net\/arhiva\/150-irskih-umjetnika-najavilo-bojkot-izraela\/","name":"150 irskih umjetnika najavilo bojkot Izraela","isPartOf":{"@id":"https:\/\/sandzakpress.net\/arhiva\/#website"},"primaryImageOfPage":{"@id":"https:\/\/sandzakpress.net\/arhiva\/150-irskih-umjetnika-najavilo-bojkot-izraela\/#primaryimage"},"image":{"@id":"https:\/\/sandzakpress.net\/arhiva\/150-irskih-umjetnika-najavilo-bojkot-izraela\/#primaryimage"},"thumbnailUrl":"https:\/\/sandzakpress.net\/arhiva\/wp-content\/uploads\/2010\/08\/bojkot_izrael.jpg","datePublished":"2010-08-23T16:01:29+00:00","breadcrumb":{"@id":"https:\/\/sandzakpress.net\/arhiva\/150-irskih-umjetnika-najavilo-bojkot-izraela\/#breadcrumb"},"inLanguage":"bs-BA","potentialAction":[{"@type":"ReadAction","target":["https:\/\/sandzakpress.net\/arhiva\/150-irskih-umjetnika-najavilo-bojkot-izraela\/"]}]},{"@type":"ImageObject","inLanguage":"bs-BA","@id":"https:\/\/sandzakpress.net\/arhiva\/150-irskih-umjetnika-najavilo-bojkot-izraela\/#primaryimage","url":"https:\/\/sandzakpress.net\/arhiva\/wp-content\/uploads\/2010\/08\/bojkot_izrael.jpg","contentUrl":"https:\/\/sandzakpress.net\/arhiva\/wp-content\/uploads\/2010\/08\/bojkot_izrael.jpg","width":416,"height":545},{"@type":"BreadcrumbList","@id":"https:\/\/sandzakpress.net\/arhiva\/150-irskih-umjetnika-najavilo-bojkot-izraela\/#breadcrumb","itemListElement":[{"@type":"ListItem","position":1,"name":"Home","item":"https:\/\/sandzakpress.net\/arhiva\/"},{"@type":"ListItem","position":2,"name":"150 irskih umjetnika najavilo bojkot Izraela"}]},{"@type":"WebSite","@id":"https:\/\/sandzakpress.net\/arhiva\/#website","url":"https:\/\/sandzakpress.net\/arhiva\/","name":"Sand\u017eak PRESS","description":"Prve elektronske novine u Sand\u017eaku","publisher":{"@id":"https:\/\/sandzakpress.net\/arhiva\/#\/schema\/person\/6e72b67d6e51910a1117b3b483ba20bd"},"potentialAction":[{"@type":"SearchAction","target":{"@type":"EntryPoint","urlTemplate":"https:\/\/sandzakpress.net\/arhiva\/?s={search_term_string}"},"query-input":{"@type":"PropertyValueSpecification","valueRequired":true,"valueName":"search_term_string"}}],"inLanguage":"bs-BA"},{"@type":["Person","Organization"],"@id":"https:\/\/sandzakpress.net\/arhiva\/#\/schema\/person\/6e72b67d6e51910a1117b3b483ba20bd","name":"Kul","image":{"@type":"ImageObject","inLanguage":"bs-BA","@id":"https:\/\/sandzakpress.net\/arhiva\/#\/schema\/person\/image\/","url":"https:\/\/secure.gravatar.com\/avatar\/42263f39aa27ac04c43cab85c280eb2e?s=96&d=mm&r=pg","contentUrl":"https:\/\/secure.gravatar.com\/avatar\/42263f39aa27ac04c43cab85c280eb2e?s=96&d=mm&r=pg","caption":"Kul"},"logo":{"@id":"https:\/\/sandzakpress.net\/arhiva\/#\/schema\/person\/image\/"}},{"@type":"Person","@id":"https:\/\/sandzakpress.net\/arhiva\/#\/schema\/person\/c8baee722073534b583ea7bdb2e36c02","name":"bosniak","image":{"@type":"ImageObject","inLanguage":"bs-BA","@id":"https:\/\/sandzakpress.net\/arhiva\/#\/schema\/person\/image\/","url":"https:\/\/secure.gravatar.com\/avatar\/a04fd330bfe3a36a72a0ad4a6d89fca7?s=96&d=mm&r=pg","contentUrl":"https:\/\/secure.gravatar.com\/avatar\/a04fd330bfe3a36a72a0ad4a6d89fca7?s=96&d=mm&r=pg","caption":"bosniak"},"url":"https:\/\/sandzakpress.net\/arhiva\/author\/bosniak\/"}]}},"_links":{"self":[{"href":"https:\/\/sandzakpress.net\/arhiva\/wp-json\/wp\/v2\/posts\/6896"}],"collection":[{"href":"https:\/\/sandzakpress.net\/arhiva\/wp-json\/wp\/v2\/posts"}],"about":[{"href":"https:\/\/sandzakpress.net\/arhiva\/wp-json\/wp\/v2\/types\/post"}],"author":[{"embeddable":true,"href":"https:\/\/sandzakpress.net\/arhiva\/wp-json\/wp\/v2\/users\/83"}],"replies":[{"embeddable":true,"href":"https:\/\/sandzakpress.net\/arhiva\/wp-json\/wp\/v2\/comments?post=6896"}],"version-history":[{"count":0,"href":"https:\/\/sandzakpress.net\/arhiva\/wp-json\/wp\/v2\/posts\/6896\/revisions"}],"wp:featuredmedia":[{"embeddable":true,"href":"https:\/\/sandzakpress.net\/arhiva\/wp-json\/wp\/v2\/media\/6897"}],"wp:attachment":[{"href":"https:\/\/sandzakpress.net\/arhiva\/wp-json\/wp\/v2\/media?parent=6896"}],"wp:term":[{"taxonomy":"category","embeddable":true,"href":"https:\/\/sandzakpress.net\/arhiva\/wp-json\/wp\/v2\/categories?post=6896"},{"taxonomy":"post_tag","embeddable":true,"href":"https:\/\/sandzakpress.net\/arhiva\/wp-json\/wp\/v2\/tags?post=6896"}],"curies":[{"name":"wp","href":"https:\/\/api.w.org\/{rel}","templated":true}]}}