{"id":68819,"date":"2013-03-06T19:58:04","date_gmt":"2013-03-06T18:58:04","guid":{"rendered":"https:\/\/sandzakpress.net\/arhiva\/?p=68819"},"modified":"2013-03-06T19:58:04","modified_gmt":"2013-03-06T18:58:04","slug":"3-susret-zena-njemacke-holandije-i-luxenburga-odrzan-u-kamp-lintfortu","status":"publish","type":"post","link":"https:\/\/sandzakpress.net\/arhiva\/3-susret-zena-njemacke-holandije-i-luxenburga-odrzan-u-kamp-lintfortu\/","title":{"rendered":"3. Susret \u017eena Njema\u010dke, Holandije i Luxenburga odr\u017ean u Kamp-Lintfortu"},"content":{"rendered":"<p style=\"margin: 0.5em 0px; padding: 0px; border: 0px; outline: 0px; font-size: 14.44444465637207px; vertical-align: baseline; background-color: #ffffff; line-height: 22px; color: #444444; font-family: Arial, Helvetica, sans-serif; font-style: normal; font-variant: normal; font-weight: normal; letter-spacing: normal; orphans: auto; text-indent: 0px; text-transform: none; white-space: normal; widows: auto; word-spacing: 0px; -webkit-text-size-adjust: auto; -webkit-text-stroke-width: 0px; text-align: justify; background-position: initial initial; background-repeat: initial initial;\"><span style=\"margin: 0px; padding: 0px; border: 0px; outline: 0px; font-size: 14.44444465637207px; vertical-align: baseline; background-color: transparent; background-position: initial initial; background-repeat: initial initial;\"><strong><a href=\"https:\/\/sandzakpress.net\/arhiva\/wp-content\/uploads\/2013\/03\/3-sus-bos-njem-03-2013-1.jpg\"><img loading=\"lazy\" decoding=\"async\" class=\"alignleft size-medium wp-image-68820\" title=\"3-sus-bos-njem-03-2013-1\" src=\"https:\/\/sandzakpress.net\/arhiva\/wp-content\/uploads\/2013\/03\/3-sus-bos-njem-03-2013-1-300x199.jpg\" alt=\"\" width=\"231\" height=\"153\" \/><\/a>Njema\u010dka, Luxemburg &#8211; U subotu, 23. februara, u organizaciji\u00a0 d\u017eemata Kamp-Lintforta i njihove \u017eenske sekcije,\u00a0 u gradu Kamp-Lintfortu odr\u017ean je\u00a0 3. Susret \u017eena Bo\u0161njakinja Njema\u010dke, Holandije i Luxenburga<\/strong>.\u00a0 Vi\u0161e od\u00a0 600 \u017eena iz \u010ditave regije, zatim iz Bona, Hamma, Saarbrukena, Duisburga, Kelna, Essena, Luksemburga, Holandije stiglo je organizovano autobusima na ovu ve\u0107 tradicionalnu manifestaciju Zena. Ovo je ujedno bila i prilika da se pocne obiljezavati\u00a0 30 godina postojanja d\u017eemata u Kamp-Lintfortu. \u017dene, Bo\u0161njakinje koje su poznate kao izvanredne u organizaciji porodice, ovoga su puta pokazale da su izvanredne i u organizaciji Manifestacija, poput ove koja \u0107e ostati upam\u0107ena po mnogo \u010demu.<\/span><\/p>\n<p style=\"margin: 0.5em 0px; padding: 0px; border: 0px; outline: 0px; font-size: 14.44444465637207px; vertical-align: baseline; background-color: #ffffff; line-height: 22px; color: #444444; font-family: Arial, Helvetica, sans-serif; font-style: normal; font-variant: normal; font-weight: normal; letter-spacing: normal; orphans: auto; text-indent: 0px; text-transform: none; white-space: normal; widows: auto; word-spacing: 0px; -webkit-text-size-adjust: auto; -webkit-text-stroke-width: 0px; text-align: center; background-position: initial initial; background-repeat: initial initial;\"><span style=\"margin: 0px; padding: 0px; border: 0px; outline: 0px; font-size: 14.44444465637207px; vertical-align: baseline; background-color: transparent; background-position: initial initial; background-repeat: initial initial;\"><br \/>\n<\/span><\/p>\n<p style=\"margin: 0.5em 0px; padding: 0px; border: 0px; outline: 0px; font-size: 14.44444465637207px; vertical-align: baseline; background-color: #ffffff; line-height: 22px; color: #444444; font-family: Arial, Helvetica, sans-serif; font-style: normal; font-variant: normal; font-weight: normal; letter-spacing: normal; orphans: auto; text-indent: 0px; text-transform: none; white-space: normal; widows: auto; word-spacing: 0px; -webkit-text-size-adjust: auto; -webkit-text-stroke-width: 0px; text-align: justify; background-position: initial initial; background-repeat: initial initial;\"><span style=\"margin: 0px; padding: 0px; border: 0px; outline: 0px; font-size: 14.44444465637207px; vertical-align: baseline; background-color: transparent; background-position: initial initial; background-repeat: initial initial;\">U \u0161arenolikom\u00a0 programu koji je osmislio imam d\u017eemata Mustafa Klanco, prvi muftija za Njema\u010dku, sa \u017eenskom sekcijom d\u017eemata moglo se na\u0107i mnogo lijepog za sva\u010diju du\u0161u.<\/span><\/p>\n<p style=\"margin: 0.5em 0px; padding: 0px; border: 0px; outline: 0px; font-size: 14.44444465637207px; vertical-align: baseline; background-color: #ffffff; line-height: 22px; color: #444444; font-family: Arial, Helvetica, sans-serif; font-style: normal; font-variant: normal; font-weight: normal; letter-spacing: normal; orphans: auto; text-indent: 0px; text-transform: none; white-space: normal; widows: auto; word-spacing: 0px; -webkit-text-size-adjust: auto; -webkit-text-stroke-width: 0px; text-align: justify; background-position: initial initial; background-repeat: initial initial;\"><span style=\"margin: 0px; padding: 0px; border: 0px; outline: 0px; font-size: 14.44444465637207px; vertical-align: baseline; background-color: transparent; background-position: initial initial; background-repeat: initial initial;\">Ve\u010de koje je po\u010delo u\u010denjem Kur'ana Selmine Ma\u0161i\u0107 u prevodu na bosanski Jasminke Muminovi\u0107 nastavljeno je pozdravnim govorom gospo\u0111e Klanco, supruge imama, koja je za svaku pohvalu svojom aktivno\u0161\u0107u uop\u0161teno u d\u017eematu, pa i za ovu priliku gdje je bila koordinator vrijednih aktivistica ovog d\u017eemata. Me\u0111u mnogobrojnim go\u0161\u0107ama i u\u010desnicama ovog programa nalazila se i gospo\u0111a Urlike Plitt koja je ispred grada zadu\u017eena za integraciju i koja je kratko sa odu\u0161evljenjem pozdravila na po\u010detku Bo\u0161njakinje i uputila im sve komplimente.<\/span><\/p>\n<p style=\"margin: 0.5em 0px; padding: 0px; border: 0px; outline: 0px; font-size: 14.44444465637207px; vertical-align: baseline; background-color: #ffffff; line-height: 22px; color: #444444; font-family: Arial, Helvetica, sans-serif; font-style: normal; font-variant: normal; font-weight: normal; letter-spacing: normal; orphans: auto; text-indent: 0px; text-transform: none; white-space: normal; widows: auto; word-spacing: 0px; -webkit-text-size-adjust: auto; -webkit-text-stroke-width: 0px; text-align: justify; background-position: initial initial; background-repeat: initial initial;\"><span style=\"margin: 0px; padding: 0px; border: 0px; outline: 0px; font-size: 14.44444465637207px; vertical-align: baseline; background-color: transparent; background-position: initial initial; background-repeat: initial initial;\">Odu\u0161evljenje programom nije mogla da sakrije ni \u00a0direktorica \u0161kole gospo\u0111a Angelika Hulswitt, \u0161kole koju poha\u0111aju mnogobrojna djeca porijeklom iz Bosne. Nastavnica bosanskog jezika Enisa Jakupovi\u0107 je sa djecom pripremila raznovrsni program i ovom prilikom ga prezentirala. Bilo je tu od recitala, ske\u010deva, folklora, sviranja na violini i dr. i\u00a0 oni su za svoja izvo\u0111enja nagra\u0111ivani i bodreni\u00a0 aplauzima. Izme\u0111u dje\u010dijih recitala nastupio je i hor &#8220;Ilahija&#8221; d\u017eemata Kamp-Lintfotrd\u00a0 koji je tako\u0111er za svoju izvedbu nagra\u0111en aplauzima.<\/span><\/p>\n<p style=\"margin: 0.5em 0px; padding: 0px; border: 0px; outline: 0px; font-size: 14.44444465637207px; vertical-align: baseline; background-color: #ffffff; line-height: 22px; color: #444444; font-family: Arial, Helvetica, sans-serif; font-style: normal; font-variant: normal; font-weight: normal; letter-spacing: normal; orphans: auto; text-indent: 0px; text-transform: none; white-space: normal; widows: auto; word-spacing: 0px; -webkit-text-size-adjust: auto; -webkit-text-stroke-width: 0px; text-align: justify; background-position: initial initial; background-repeat: initial initial;\"><span style=\"margin: 0px; padding: 0px; border: 0px; outline: 0px; font-size: 14.44444465637207px; vertical-align: baseline; background-color: transparent; background-position: initial initial; background-repeat: initial initial;\">Da se go\u0161\u0107e dobro nasmiju i zabave pobrinule su se Nadira Klanco i Enisa Kartal koje su svojim ske\u010devima &#8220;Otira\u010d, probira\u010d&#8221; navukle\u00a0 smijeh do suza ve\u0107ini prisutnih.<\/span><\/p>\n<p style=\"margin: 0.5em 0px; padding: 0px; border: 0px; outline: 0px; font-size: 14.44444465637207px; vertical-align: baseline; background-color: #ffffff; line-height: 22px; color: #444444; font-family: Arial, Helvetica, sans-serif; font-style: normal; font-variant: normal; font-weight: normal; letter-spacing: normal; orphans: auto; text-indent: 0px; text-transform: none; white-space: normal; widows: auto; word-spacing: 0px; -webkit-text-size-adjust: auto; -webkit-text-stroke-width: 0px; text-align: justify; background-position: initial initial; background-repeat: initial initial;\"><span style=\"margin: 0px; padding: 0px; border: 0px; outline: 0px; font-size: 14.44444465637207px; vertical-align: baseline; background-color: transparent; background-position: initial initial; background-repeat: initial initial;\">Rrecitalom Samre Me\u0161i\u0107 ulazilo se u radni dio programa. Svoja \u017eivotna iskustva u svijetu iznijela je pedagog\u00a0\u00a0 Mihrija Had\u017eimusti\u0107-\u010cani\u0107 iz Roterdama. Ona je ukazala na bitnost integracije Bo\u0161njakinje i njena snagu kroz svoju temu &#8220;Iskustvo integracija&#8221;, dok\u00a0 je Dr. Bisera Sulji\u0107-Bo\u0161kailo\u00a0 govorila o zna\u010daju\u00a0 organiziranosti \u017eena\u00a0 kako za porodicu tako i za dru\u0161tvo,\u00a0 istaknuv\u0161i da je do\u0161lo vrijeme koje zahtijeva da se Bo\u0161njakinje po\u010dinju baviti malo vi\u0161e i dru\u0161tvom i dru\u0161tvenim aktivnostima. Ako se Bo\u0161njakinje u dijaspori organizuju i krenu, onda \u0107e se mnogo u\u010diniti i za svoju domovinu. Na temu &#8220;D\u017eemat kao \u010duvar islamskog identiteta&#8221; govorila Ajka \u010colovi\u0107- Salman, prof.\u00a0 islamske pedagogije iz Bonna kazav\u0161i kako\u00a0 d\u017eemat igra va\u017enu ulogu kako za porodicu tako i za dru\u0161tvo.<\/span><\/p>\n<p style=\"margin: 0.5em 0px; padding: 0px; border: 0px; outline: 0px; font-size: 14.44444465637207px; vertical-align: baseline; background-color: #ffffff; line-height: 22px; color: #444444; font-family: Arial, Helvetica, sans-serif; font-style: normal; font-variant: normal; font-weight: normal; letter-spacing: normal; orphans: auto; text-indent: 0px; text-transform: none; white-space: normal; widows: auto; word-spacing: 0px; -webkit-text-size-adjust: auto; -webkit-text-stroke-width: 0px; text-align: justify; background-position: initial initial; background-repeat: initial initial;\"><span style=\"margin: 0px; padding: 0px; border: 0px; outline: 0px; font-size: 14.44444465637207px; vertical-align: baseline; background-color: transparent; background-position: initial initial; background-repeat: initial initial;\">Nakon radno-kulturnog dijela programa ponovo su nastupili Hor\u00a0 D\u017eemata &#8220;Ilahija&#8221;, te folklornom grupom koreografa Jasmina D\u017eafi\u0107a.<\/span><\/p>\n<p style=\"margin: 0.5em 0px; padding: 0px; border: 0px; outline: 0px; font-size: 14.44444465637207px; vertical-align: baseline; background-color: #ffffff; line-height: 22px; color: #444444; font-family: Arial, Helvetica, sans-serif; font-style: normal; font-variant: normal; font-weight: normal; letter-spacing: normal; orphans: auto; text-indent: 0px; text-transform: none; white-space: normal; widows: auto; word-spacing: 0px; -webkit-text-size-adjust: auto; -webkit-text-stroke-width: 0px; text-align: justify; background-position: initial initial; background-repeat: initial initial;\"><span style=\"margin: 0px; padding: 0px; border: 0px; outline: 0px; font-size: 14.44444465637207px; vertical-align: baseline; background-color: transparent; background-position: initial initial; background-repeat: initial initial;\">Atmosferu prije muzi\u010dkog dijela\u00a0 programa Ske\u010dem &#8220;Svekrva i snaha&#8221;\u00a0 Sabine \u010cau\u0161evi\u0107, Hajre Burni\u0107 \u00a0te Nadira Klanco jo\u0161 jednom su\u00a0 nasmijale \u010ditavu salu.\u00a0 Lijepim igrama koje je ponudio folklor d\u017eemata najavljivao se polako i muzi\u010dki dio programa. Nastup Hanke Paldum propra\u0107en je velikim aplauzom a bila je to ujedno i prilika da se\u00a0 \u017eene sve odreda ustanu, zaigraju i zapjevaju. Puna dva sata Hanka je pjevala,\u00a0 a sa njom se \u010ditava sala igrala i pjevala.<\/span><\/p>\n<p style=\"margin: 0.5em 0px; padding: 0px; border: 0px; outline: 0px; font-size: 14.44444465637207px; vertical-align: baseline; background-color: #ffffff; line-height: 22px; color: #444444; font-family: Arial, Helvetica, sans-serif; font-style: normal; font-variant: normal; font-weight: normal; letter-spacing: normal; orphans: auto; text-indent: 0px; text-transform: none; white-space: normal; widows: auto; word-spacing: 0px; -webkit-text-size-adjust: auto; -webkit-text-stroke-width: 0px; text-align: justify; background-position: initial initial; background-repeat: initial initial;\"><span style=\"margin: 0px; padding: 0px; border: 0px; outline: 0px; font-size: 14.44444465637207px; vertical-align: baseline; background-color: transparent; background-position: initial initial; background-repeat: initial initial;\"> Voditeljica programa\u00a0 Zinaida Karde\u0161evi\u0107 istakla je podr\u0161ku Bo\u0161njakinja na\u0161oj divi sevdaha Hanki Paldum u odbrani svoje li\u010dnosti koji ovih dana poku\u0161avaju da okaljaju.<\/span><\/p>\n<p style=\"margin: 0.5em 0px; padding: 0px; border: 0px; outline: 0px; font-size: 14.44444465637207px; vertical-align: baseline; background-color: #ffffff; line-height: 22px; color: #444444; font-family: Arial, Helvetica, sans-serif; font-style: normal; font-variant: normal; font-weight: normal; letter-spacing: normal; orphans: auto; text-indent: 0px; text-transform: none; white-space: normal; widows: auto; word-spacing: 0px; -webkit-text-size-adjust: auto; -webkit-text-stroke-width: 0px; text-align: justify; background-position: initial initial; background-repeat: initial initial;\"><span style=\"margin: 0px; padding: 0px; border: 0px; outline: 0px; font-size: 14.44444465637207px; vertical-align: baseline; background-color: transparent; background-position: initial initial; background-repeat: initial initial;\">Na kraju se istaklo kako je bitno da se dijaspora organizuje i pripremi za popis stanovni\u0161tva.<\/span><\/p>\n<p style=\"margin: 0.5em 0px; padding: 0px; border: 0px; outline: 0px; font-size: 14.44444465637207px; vertical-align: baseline; background-color: #ffffff; line-height: 22px; color: #444444; font-family: Arial, Helvetica, sans-serif; font-style: normal; font-variant: normal; font-weight: normal; letter-spacing: normal; orphans: auto; text-indent: 0px; text-transform: none; white-space: normal; widows: auto; word-spacing: 0px; -webkit-text-size-adjust: auto; -webkit-text-stroke-width: 0px; text-align: justify; background-position: initial initial; background-repeat: initial initial;\"><span style=\"margin: 0px; padding: 0px; border: 0px; outline: 0px; font-size: 14.44444465637207px; vertical-align: baseline; background-color: transparent; background-position: initial initial; background-repeat: initial initial;\">Organizator je go\u0161\u0107ama i ove prilike ponudio razna bosanska jela i pi\u0107a.<\/span><\/p>\n<p style=\"margin: 0.5em 0px; padding: 0px; border: 0px; outline: 0px; font-size: 14.44444465637207px; vertical-align: baseline; background-color: #ffffff; line-height: 22px; color: #444444; font-family: Arial, Helvetica, sans-serif; font-style: normal; font-variant: normal; font-weight: normal; letter-spacing: normal; orphans: auto; text-indent: 0px; text-transform: none; white-space: normal; widows: auto; word-spacing: 0px; -webkit-text-size-adjust: auto; -webkit-text-stroke-width: 0px; text-align: justify; background-position: initial initial; background-repeat: initial initial;\"><span style=\"margin: 0px; padding: 0px; border: 0px; outline: 0px; font-size: 14.44444465637207px; vertical-align: baseline; background-color: transparent; background-position: initial initial; background-repeat: initial initial;\">Za sigurnost Bo\u0161njakinja pobrinuli su se de\u017eurom 4 mladi\u0107a Sedin Be\u0161lija, Edis Karajkovi\u0107, Edin Klanco i Zahid Kozar.<\/span><\/p>\n<p style=\"margin: 0.5em 0px; padding: 0px; border: 0px; outline: 0px; font-size: 14.44444465637207px; vertical-align: baseline; background-color: #ffffff; line-height: 22px; color: #444444; font-family: Arial, Helvetica, sans-serif; font-style: normal; font-variant: normal; font-weight: normal; letter-spacing: normal; orphans: auto; text-indent: 0px; text-transform: none; white-space: normal; widows: auto; word-spacing: 0px; -webkit-text-size-adjust: auto; -webkit-text-stroke-width: 0px; text-align: justify; background-position: initial initial; background-repeat: initial initial;\"><span style=\"margin: 0px; padding: 0px; border: 0px; outline: 0px; font-size: 14.44444465637207px; vertical-align: baseline; background-color: transparent; background-position: initial initial; background-repeat: initial initial;\">Na skupu su Bo\u0161njakinje sakupile 2110 Eura za lije\u010denje oboljele djevojke iz Kalesije Aldine Sarajli\u0107.<\/span><\/p>\n<p style=\"margin: 0.5em 0px; padding: 0px; border: 0px; outline: 0px; font-size: 14.44444465637207px; vertical-align: baseline; background-color: #ffffff; line-height: 22px; color: #444444; font-family: Arial, Helvetica, sans-serif; font-style: normal; font-variant: normal; font-weight: normal; letter-spacing: normal; orphans: auto; text-indent: 0px; text-transform: none; white-space: normal; widows: auto; word-spacing: 0px; -webkit-text-size-adjust: auto; -webkit-text-stroke-width: 0px; text-align: justify; background-position: initial initial; background-repeat: initial initial;\"><span style=\"margin: 0px; padding: 0px; border: 0px; outline: 0px; font-size: 14.44444465637207px; vertical-align: baseline; background-color: transparent; background-position: initial initial; background-repeat: initial initial;\">(Izbnj)<br \/>\n<\/span><\/p>\n","protected":false},"excerpt":{"rendered":"<p>Njema\u010dka, Luxemburg &#8211; U subotu, 23. februara, u organizaciji\u00a0 d\u017eemata Kamp-Lintforta i njihove \u017eenske sekcije,\u00a0 u gradu Kamp-Lintfortu odr\u017ean je\u00a0 3. Susret \u017eena Bo\u0161njakinja Njema\u010dke, Holandije i Luxenburga.\u00a0 Vi\u0161e od\u00a0 600 \u017eena iz \u010ditave regije, zatim iz Bona, Hamma, Saarbrukena, Duisburga, Kelna, Essena, Luksemburga, Holandije stiglo je organizovano autobusima na ovu ve\u0107 tradicionalnu manifestaciju Zena. [&hellip;]<\/p>\n","protected":false},"author":33,"featured_media":68820,"comment_status":"open","ping_status":"open","sticky":false,"template":"","format":"standard","meta":{"footnotes":""},"categories":[9538,802,9549],"tags":[],"class_list":{"0":"post-68819","1":"post","2":"type-post","3":"status-publish","4":"format-standard","5":"has-post-thumbnail","7":"category-njemacka-dijaspora-gradovi-vase-vijesti","8":"category-islamska_zajednica","9":"category-luxemburg"},"yoast_head":"<!-- This site is optimized with the Yoast SEO Premium plugin v23.1 (Yoast SEO v24.9) - https:\/\/yoast.com\/wordpress\/plugins\/seo\/ -->\n<title>3. Susret \u017eena Njema\u010dke, Holandije i Luxenburga odr\u017ean u Kamp-Lintfortu<\/title>\n<meta name=\"robots\" content=\"index, follow, max-snippet:-1, max-image-preview:large, max-video-preview:-1\" \/>\n<link rel=\"canonical\" href=\"https:\/\/sandzakpress.net\/arhiva\/3-susret-zena-njemacke-holandije-i-luxenburga-odrzan-u-kamp-lintfortu\/\" \/>\n<meta property=\"og:locale\" content=\"bs_BA\" \/>\n<meta property=\"og:type\" content=\"article\" \/>\n<meta property=\"og:title\" content=\"3. Susret \u017eena Njema\u010dke, Holandije i Luxenburga odr\u017ean u Kamp-Lintfortu\" \/>\n<meta property=\"og:description\" content=\"Njema\u010dka, Luxemburg &#8211; U subotu, 23. februara, u organizaciji\u00a0 d\u017eemata Kamp-Lintforta i njihove \u017eenske sekcije,\u00a0 u gradu Kamp-Lintfortu odr\u017ean je\u00a0 3. Susret \u017eena Bo\u0161njakinja Njema\u010dke, Holandije i Luxenburga.\u00a0 Vi\u0161e od\u00a0 600 \u017eena iz \u010ditave regije, zatim iz Bona, Hamma, Saarbrukena, Duisburga, Kelna, Essena, Luksemburga, Holandije stiglo je organizovano autobusima na ovu ve\u0107 tradicionalnu manifestaciju Zena. [&hellip;]\" \/>\n<meta property=\"og:url\" content=\"https:\/\/sandzakpress.net\/arhiva\/3-susret-zena-njemacke-holandije-i-luxenburga-odrzan-u-kamp-lintfortu\/\" \/>\n<meta property=\"og:site_name\" content=\"Sand\u017eak PRESS\" \/>\n<meta property=\"article:published_time\" content=\"2013-03-06T18:58:04+00:00\" \/>\n<meta property=\"og:image\" content=\"https:\/\/sandzakpress.net\/arhiva\/wp-content\/uploads\/2013\/03\/3-sus-bos-njem-03-2013-1.jpg\" \/>\n\t<meta property=\"og:image:width\" content=\"616\" \/>\n\t<meta property=\"og:image:height\" content=\"410\" \/>\n\t<meta property=\"og:image:type\" content=\"image\/jpeg\" \/>\n<meta name=\"twitter:card\" content=\"summary_large_image\" \/>\n<meta name=\"twitter:label1\" content=\"Written by\" \/>\n\t<meta name=\"twitter:data1\" content=\"\" \/>\n\t<meta name=\"twitter:label2\" content=\"Est. reading time\" \/>\n\t<meta name=\"twitter:data2\" content=\"3 minute\" \/>\n<script type=\"application\/ld+json\" class=\"yoast-schema-graph\">{\"@context\":\"https:\/\/schema.org\",\"@graph\":[{\"@type\":\"Article\",\"@id\":\"https:\/\/sandzakpress.net\/arhiva\/3-susret-zena-njemacke-holandije-i-luxenburga-odrzan-u-kamp-lintfortu\/#article\",\"isPartOf\":{\"@id\":\"https:\/\/sandzakpress.net\/arhiva\/3-susret-zena-njemacke-holandije-i-luxenburga-odrzan-u-kamp-lintfortu\/\"},\"author\":{\"name\":\"\",\"@id\":\"\"},\"headline\":\"3. Susret \u017eena Njema\u010dke, Holandije i Luxenburga odr\u017ean u Kamp-Lintfortu\",\"datePublished\":\"2013-03-06T18:58:04+00:00\",\"mainEntityOfPage\":{\"@id\":\"https:\/\/sandzakpress.net\/arhiva\/3-susret-zena-njemacke-holandije-i-luxenburga-odrzan-u-kamp-lintfortu\/\"},\"wordCount\":703,\"commentCount\":0,\"publisher\":{\"@id\":\"https:\/\/sandzakpress.net\/arhiva\/#\/schema\/person\/6e72b67d6e51910a1117b3b483ba20bd\"},\"image\":{\"@id\":\"https:\/\/sandzakpress.net\/arhiva\/3-susret-zena-njemacke-holandije-i-luxenburga-odrzan-u-kamp-lintfortu\/#primaryimage\"},\"thumbnailUrl\":\"https:\/\/sandzakpress.net\/arhiva\/wp-content\/uploads\/2013\/03\/3-sus-bos-njem-03-2013-1.jpg\",\"articleSection\":[\"Njema\u010dka\",\"Islamska zajednica\",\"Luksemburg\"],\"inLanguage\":\"bs-BA\",\"potentialAction\":[{\"@type\":\"CommentAction\",\"name\":\"Comment\",\"target\":[\"https:\/\/sandzakpress.net\/arhiva\/3-susret-zena-njemacke-holandije-i-luxenburga-odrzan-u-kamp-lintfortu\/#respond\"]}]},{\"@type\":\"WebPage\",\"@id\":\"https:\/\/sandzakpress.net\/arhiva\/3-susret-zena-njemacke-holandije-i-luxenburga-odrzan-u-kamp-lintfortu\/\",\"url\":\"https:\/\/sandzakpress.net\/arhiva\/3-susret-zena-njemacke-holandije-i-luxenburga-odrzan-u-kamp-lintfortu\/\",\"name\":\"3. Susret \u017eena Njema\u010dke, Holandije i Luxenburga odr\u017ean u Kamp-Lintfortu\",\"isPartOf\":{\"@id\":\"https:\/\/sandzakpress.net\/arhiva\/#website\"},\"primaryImageOfPage\":{\"@id\":\"https:\/\/sandzakpress.net\/arhiva\/3-susret-zena-njemacke-holandije-i-luxenburga-odrzan-u-kamp-lintfortu\/#primaryimage\"},\"image\":{\"@id\":\"https:\/\/sandzakpress.net\/arhiva\/3-susret-zena-njemacke-holandije-i-luxenburga-odrzan-u-kamp-lintfortu\/#primaryimage\"},\"thumbnailUrl\":\"https:\/\/sandzakpress.net\/arhiva\/wp-content\/uploads\/2013\/03\/3-sus-bos-njem-03-2013-1.jpg\",\"datePublished\":\"2013-03-06T18:58:04+00:00\",\"breadcrumb\":{\"@id\":\"https:\/\/sandzakpress.net\/arhiva\/3-susret-zena-njemacke-holandije-i-luxenburga-odrzan-u-kamp-lintfortu\/#breadcrumb\"},\"inLanguage\":\"bs-BA\",\"potentialAction\":[{\"@type\":\"ReadAction\",\"target\":[\"https:\/\/sandzakpress.net\/arhiva\/3-susret-zena-njemacke-holandije-i-luxenburga-odrzan-u-kamp-lintfortu\/\"]}]},{\"@type\":\"ImageObject\",\"inLanguage\":\"bs-BA\",\"@id\":\"https:\/\/sandzakpress.net\/arhiva\/3-susret-zena-njemacke-holandije-i-luxenburga-odrzan-u-kamp-lintfortu\/#primaryimage\",\"url\":\"https:\/\/sandzakpress.net\/arhiva\/wp-content\/uploads\/2013\/03\/3-sus-bos-njem-03-2013-1.jpg\",\"contentUrl\":\"https:\/\/sandzakpress.net\/arhiva\/wp-content\/uploads\/2013\/03\/3-sus-bos-njem-03-2013-1.jpg\",\"width\":616,\"height\":410},{\"@type\":\"BreadcrumbList\",\"@id\":\"https:\/\/sandzakpress.net\/arhiva\/3-susret-zena-njemacke-holandije-i-luxenburga-odrzan-u-kamp-lintfortu\/#breadcrumb\",\"itemListElement\":[{\"@type\":\"ListItem\",\"position\":1,\"name\":\"Home\",\"item\":\"https:\/\/sandzakpress.net\/arhiva\/\"},{\"@type\":\"ListItem\",\"position\":2,\"name\":\"3. Susret \u017eena Njema\u010dke, Holandije i Luxenburga odr\u017ean u Kamp-Lintfortu\"}]},{\"@type\":\"WebSite\",\"@id\":\"https:\/\/sandzakpress.net\/arhiva\/#website\",\"url\":\"https:\/\/sandzakpress.net\/arhiva\/\",\"name\":\"Sand\u017eak PRESS\",\"description\":\"Prve elektronske novine u Sand\u017eaku\",\"publisher\":{\"@id\":\"https:\/\/sandzakpress.net\/arhiva\/#\/schema\/person\/6e72b67d6e51910a1117b3b483ba20bd\"},\"potentialAction\":[{\"@type\":\"SearchAction\",\"target\":{\"@type\":\"EntryPoint\",\"urlTemplate\":\"https:\/\/sandzakpress.net\/arhiva\/?s={search_term_string}\"},\"query-input\":{\"@type\":\"PropertyValueSpecification\",\"valueRequired\":true,\"valueName\":\"search_term_string\"}}],\"inLanguage\":\"bs-BA\"},{\"@type\":[\"Person\",\"Organization\"],\"@id\":\"https:\/\/sandzakpress.net\/arhiva\/#\/schema\/person\/6e72b67d6e51910a1117b3b483ba20bd\",\"name\":\"Kul\",\"image\":{\"@type\":\"ImageObject\",\"inLanguage\":\"bs-BA\",\"@id\":\"https:\/\/sandzakpress.net\/arhiva\/#\/schema\/person\/image\/\",\"url\":\"https:\/\/secure.gravatar.com\/avatar\/42263f39aa27ac04c43cab85c280eb2e?s=96&d=mm&r=pg\",\"contentUrl\":\"https:\/\/secure.gravatar.com\/avatar\/42263f39aa27ac04c43cab85c280eb2e?s=96&d=mm&r=pg\",\"caption\":\"Kul\"},\"logo\":{\"@id\":\"https:\/\/sandzakpress.net\/arhiva\/#\/schema\/person\/image\/\"}},{\"@type\":\"Person\",\"@id\":\"\",\"url\":\"https:\/\/sandzakpress.net\/arhiva\/author\/\"}]}<\/script>\n<!-- \/ Yoast SEO Premium plugin. -->","yoast_head_json":{"title":"3. Susret \u017eena Njema\u010dke, Holandije i Luxenburga odr\u017ean u Kamp-Lintfortu","robots":{"index":"index","follow":"follow","max-snippet":"max-snippet:-1","max-image-preview":"max-image-preview:large","max-video-preview":"max-video-preview:-1"},"canonical":"https:\/\/sandzakpress.net\/arhiva\/3-susret-zena-njemacke-holandije-i-luxenburga-odrzan-u-kamp-lintfortu\/","og_locale":"bs_BA","og_type":"article","og_title":"3. Susret \u017eena Njema\u010dke, Holandije i Luxenburga odr\u017ean u Kamp-Lintfortu","og_description":"Njema\u010dka, Luxemburg &#8211; U subotu, 23. februara, u organizaciji\u00a0 d\u017eemata Kamp-Lintforta i njihove \u017eenske sekcije,\u00a0 u gradu Kamp-Lintfortu odr\u017ean je\u00a0 3. Susret \u017eena Bo\u0161njakinja Njema\u010dke, Holandije i Luxenburga.\u00a0 Vi\u0161e od\u00a0 600 \u017eena iz \u010ditave regije, zatim iz Bona, Hamma, Saarbrukena, Duisburga, Kelna, Essena, Luksemburga, Holandije stiglo je organizovano autobusima na ovu ve\u0107 tradicionalnu manifestaciju Zena. [&hellip;]","og_url":"https:\/\/sandzakpress.net\/arhiva\/3-susret-zena-njemacke-holandije-i-luxenburga-odrzan-u-kamp-lintfortu\/","og_site_name":"Sand\u017eak PRESS","article_published_time":"2013-03-06T18:58:04+00:00","og_image":[{"width":616,"height":410,"url":"https:\/\/sandzakpress.net\/arhiva\/wp-content\/uploads\/2013\/03\/3-sus-bos-njem-03-2013-1.jpg","type":"image\/jpeg"}],"twitter_card":"summary_large_image","twitter_misc":{"Written by":"","Est. reading time":"3 minute"},"schema":{"@context":"https:\/\/schema.org","@graph":[{"@type":"Article","@id":"https:\/\/sandzakpress.net\/arhiva\/3-susret-zena-njemacke-holandije-i-luxenburga-odrzan-u-kamp-lintfortu\/#article","isPartOf":{"@id":"https:\/\/sandzakpress.net\/arhiva\/3-susret-zena-njemacke-holandije-i-luxenburga-odrzan-u-kamp-lintfortu\/"},"author":{"name":"","@id":""},"headline":"3. Susret \u017eena Njema\u010dke, Holandije i Luxenburga odr\u017ean u Kamp-Lintfortu","datePublished":"2013-03-06T18:58:04+00:00","mainEntityOfPage":{"@id":"https:\/\/sandzakpress.net\/arhiva\/3-susret-zena-njemacke-holandije-i-luxenburga-odrzan-u-kamp-lintfortu\/"},"wordCount":703,"commentCount":0,"publisher":{"@id":"https:\/\/sandzakpress.net\/arhiva\/#\/schema\/person\/6e72b67d6e51910a1117b3b483ba20bd"},"image":{"@id":"https:\/\/sandzakpress.net\/arhiva\/3-susret-zena-njemacke-holandije-i-luxenburga-odrzan-u-kamp-lintfortu\/#primaryimage"},"thumbnailUrl":"https:\/\/sandzakpress.net\/arhiva\/wp-content\/uploads\/2013\/03\/3-sus-bos-njem-03-2013-1.jpg","articleSection":["Njema\u010dka","Islamska zajednica","Luksemburg"],"inLanguage":"bs-BA","potentialAction":[{"@type":"CommentAction","name":"Comment","target":["https:\/\/sandzakpress.net\/arhiva\/3-susret-zena-njemacke-holandije-i-luxenburga-odrzan-u-kamp-lintfortu\/#respond"]}]},{"@type":"WebPage","@id":"https:\/\/sandzakpress.net\/arhiva\/3-susret-zena-njemacke-holandije-i-luxenburga-odrzan-u-kamp-lintfortu\/","url":"https:\/\/sandzakpress.net\/arhiva\/3-susret-zena-njemacke-holandije-i-luxenburga-odrzan-u-kamp-lintfortu\/","name":"3. Susret \u017eena Njema\u010dke, Holandije i Luxenburga odr\u017ean u Kamp-Lintfortu","isPartOf":{"@id":"https:\/\/sandzakpress.net\/arhiva\/#website"},"primaryImageOfPage":{"@id":"https:\/\/sandzakpress.net\/arhiva\/3-susret-zena-njemacke-holandije-i-luxenburga-odrzan-u-kamp-lintfortu\/#primaryimage"},"image":{"@id":"https:\/\/sandzakpress.net\/arhiva\/3-susret-zena-njemacke-holandije-i-luxenburga-odrzan-u-kamp-lintfortu\/#primaryimage"},"thumbnailUrl":"https:\/\/sandzakpress.net\/arhiva\/wp-content\/uploads\/2013\/03\/3-sus-bos-njem-03-2013-1.jpg","datePublished":"2013-03-06T18:58:04+00:00","breadcrumb":{"@id":"https:\/\/sandzakpress.net\/arhiva\/3-susret-zena-njemacke-holandije-i-luxenburga-odrzan-u-kamp-lintfortu\/#breadcrumb"},"inLanguage":"bs-BA","potentialAction":[{"@type":"ReadAction","target":["https:\/\/sandzakpress.net\/arhiva\/3-susret-zena-njemacke-holandije-i-luxenburga-odrzan-u-kamp-lintfortu\/"]}]},{"@type":"ImageObject","inLanguage":"bs-BA","@id":"https:\/\/sandzakpress.net\/arhiva\/3-susret-zena-njemacke-holandije-i-luxenburga-odrzan-u-kamp-lintfortu\/#primaryimage","url":"https:\/\/sandzakpress.net\/arhiva\/wp-content\/uploads\/2013\/03\/3-sus-bos-njem-03-2013-1.jpg","contentUrl":"https:\/\/sandzakpress.net\/arhiva\/wp-content\/uploads\/2013\/03\/3-sus-bos-njem-03-2013-1.jpg","width":616,"height":410},{"@type":"BreadcrumbList","@id":"https:\/\/sandzakpress.net\/arhiva\/3-susret-zena-njemacke-holandije-i-luxenburga-odrzan-u-kamp-lintfortu\/#breadcrumb","itemListElement":[{"@type":"ListItem","position":1,"name":"Home","item":"https:\/\/sandzakpress.net\/arhiva\/"},{"@type":"ListItem","position":2,"name":"3. Susret \u017eena Njema\u010dke, Holandije i Luxenburga odr\u017ean u Kamp-Lintfortu"}]},{"@type":"WebSite","@id":"https:\/\/sandzakpress.net\/arhiva\/#website","url":"https:\/\/sandzakpress.net\/arhiva\/","name":"Sand\u017eak PRESS","description":"Prve elektronske novine u Sand\u017eaku","publisher":{"@id":"https:\/\/sandzakpress.net\/arhiva\/#\/schema\/person\/6e72b67d6e51910a1117b3b483ba20bd"},"potentialAction":[{"@type":"SearchAction","target":{"@type":"EntryPoint","urlTemplate":"https:\/\/sandzakpress.net\/arhiva\/?s={search_term_string}"},"query-input":{"@type":"PropertyValueSpecification","valueRequired":true,"valueName":"search_term_string"}}],"inLanguage":"bs-BA"},{"@type":["Person","Organization"],"@id":"https:\/\/sandzakpress.net\/arhiva\/#\/schema\/person\/6e72b67d6e51910a1117b3b483ba20bd","name":"Kul","image":{"@type":"ImageObject","inLanguage":"bs-BA","@id":"https:\/\/sandzakpress.net\/arhiva\/#\/schema\/person\/image\/","url":"https:\/\/secure.gravatar.com\/avatar\/42263f39aa27ac04c43cab85c280eb2e?s=96&d=mm&r=pg","contentUrl":"https:\/\/secure.gravatar.com\/avatar\/42263f39aa27ac04c43cab85c280eb2e?s=96&d=mm&r=pg","caption":"Kul"},"logo":{"@id":"https:\/\/sandzakpress.net\/arhiva\/#\/schema\/person\/image\/"}},{"@type":"Person","@id":"","url":"https:\/\/sandzakpress.net\/arhiva\/author\/"}]}},"_links":{"self":[{"href":"https:\/\/sandzakpress.net\/arhiva\/wp-json\/wp\/v2\/posts\/68819"}],"collection":[{"href":"https:\/\/sandzakpress.net\/arhiva\/wp-json\/wp\/v2\/posts"}],"about":[{"href":"https:\/\/sandzakpress.net\/arhiva\/wp-json\/wp\/v2\/types\/post"}],"author":[{"embeddable":true,"href":"https:\/\/sandzakpress.net\/arhiva\/wp-json\/wp\/v2\/users\/33"}],"replies":[{"embeddable":true,"href":"https:\/\/sandzakpress.net\/arhiva\/wp-json\/wp\/v2\/comments?post=68819"}],"version-history":[{"count":0,"href":"https:\/\/sandzakpress.net\/arhiva\/wp-json\/wp\/v2\/posts\/68819\/revisions"}],"wp:featuredmedia":[{"embeddable":true,"href":"https:\/\/sandzakpress.net\/arhiva\/wp-json\/wp\/v2\/media\/68820"}],"wp:attachment":[{"href":"https:\/\/sandzakpress.net\/arhiva\/wp-json\/wp\/v2\/media?parent=68819"}],"wp:term":[{"taxonomy":"category","embeddable":true,"href":"https:\/\/sandzakpress.net\/arhiva\/wp-json\/wp\/v2\/categories?post=68819"},{"taxonomy":"post_tag","embeddable":true,"href":"https:\/\/sandzakpress.net\/arhiva\/wp-json\/wp\/v2\/tags?post=68819"}],"curies":[{"name":"wp","href":"https:\/\/api.w.org\/{rel}","templated":true}]}}