{"id":6881,"date":"2010-08-22T14:22:58","date_gmt":"2010-08-22T14:22:58","guid":{"rendered":"https:\/\/sandzakpress.net\/arhiva\/?p=6881"},"modified":"2010-08-22T14:22:58","modified_gmt":"2010-08-22T14:22:58","slug":"srbija-muslimanima-otima-vjeronauku","status":"publish","type":"post","link":"https:\/\/sandzakpress.net\/arhiva\/srbija-muslimanima-otima-vjeronauku\/","title":{"rendered":"Srbija muslimanima otima vjeronauku!"},"content":{"rendered":"<p><strong><a href=\"https:\/\/sandzakpress.net\/arhiva\/wp-content\/uploads\/2010\/08\/konferencija-vjeroucitelji-19.08.2010..jpg\"><img loading=\"lazy\" decoding=\"async\" class=\"alignleft size-medium wp-image-6882\" title=\"konferencija-vjeroucitelji-19.08.2010.\" src=\"https:\/\/sandzakpress.net\/arhiva\/wp-content\/uploads\/2010\/08\/konferencija-vjeroucitelji-19.08.2010.-300x190.jpg\" alt=\"\" width=\"300\" height=\"190\" \/><\/a>Sjeverni Sand\u017eak &#8211; Povodom odluke Vlade Republike Srbije, koja je donijeta 29. jula, po kojoj je dosada\u0161nja vladina Komisija za vjeronauku smijenjena i imenovana nova, i gdje je sa mjesta \u010dlana Komisije smijenjen prof.dr Mevlud Dudi\u0107, a na njegovo mjesto postavljen Adem Zilki\u0107, glavni muftija Islamske zajednice u Srbiji Muamer-ef. Zukorli\u0107 odr\u017eao je u Velikoj sali me\u0161ihata konferenciju za \u0161tampu.<\/strong><\/p>\n<p>Na po\u010detku svojeg izlaganja Glavni muftija je rekao:<\/p>\n<p>\u201eSasvim je jasno da se ovim potvr\u0111uje ono \u0161to govorimo u protekle tri godine, a to je da je Adem Zilki\u0107 sa njegovom grupom proizveden od strane dr\u017eavnog aparata sa ciljem da se ugrozi i omete u radu legalna, legitimna, tradicionalna Islamska zajednica. Do sada su predstavnici re\u017eima i njihove slu\u017ebe to \u010dinili u zavijenoj formi, me\u0111utim o\u010dito u panici zbog propasti svog projekta izgubili su osje\u0107aj za eleganciju i odlu\u010dili da to urade tako \u0161to \u0107e potvrditi svojom odlukom.\u201c<\/p>\n<p>Muftija je dalje govorio o slojevitosti ove poruke, a kao prvo je naveo da se ovom odlukom ka\u017enjava prof.dr. Mevlud Dudi\u0107 za to \u0161to je prihvatio da bude predsjednik Bo\u0161nja\u010dkog nacionalnog vije\u0107a. Poja\u0161njavaju\u0107i dalje \u0161ta je re\u017eim ovom odlukom \u017eeleo posti\u0107i Glavni muftija je rekao:<br \/>\n\u201eRe\u017eim na ovaj na\u010din \u017eeli zadati udarac muslimanima koji su se drznuli tra\u017eiti i svoja nacionalna i kulturna prava, kako bi ih zabavio problemom Islamske zajednice. Savr\u0161eno je jasno da Bo\u0161njaci nemaju izbora, i da vi\u0161e nikada ne smiju dozvoliti, a ja vjerujem da vi\u0161e nikada ne\u0107e dozvoliti, da se odluke o bo\u0161nja\u010dkoj duhovnosti i nacionalnom identitetu donose u Beogradu. Savr\u0161eno je jasno za\u0161to su sve glasniji zahtjevi za autonomijom Sand\u017eaka. Ukoliko postoje\u0107i ustavni i pravni sistem, a prije svega re\u017eimske manipulacije, zloupotrebe i pravno nasilje, ne ostavljaju ni iole prostora da bi ste o\u010duvali svoju \u010dast i svoje dostojanstvo i ostvarili minimum slobode i prava u tim okvirima, onda o\u010dito da se moraju tra\u017eiti autonomna rije\u0161enja. Jasno je da ne postoji ni\u0161ta vi\u0161e u slu\u010daju Bo\u0161njaka i u slu\u010daju muslimana, \u0161to sa pozicije re\u017eima u\u017eiva respekt i \u0161to se nebi smjelo dirati. Bez ikakve obavjesti, i bez ikakve konsultacije, prosto su sjeli gospoda Ljaji\u0107, Ugljanin, \u0160ijakovi\u0107 i Tadi\u0107 i odlu\u010divali ko \u0107e predstavljati vjeronauku u vladinoj Komisiji.\u201c<\/p>\n<p>Muftija je dalje objasnio da je islamska vjeronauka svo vrijeme od kada je uvedena vjeronauka u \u0161kolama najbolje organizirana vjeronauka i da to nekome smeta. \u201ePosebno smeta kreatorima projekta pokr\u0161tavanja muslimana posredstvom \u0161kola kroz projekte i akcije o kojima smo ranije govorili. Ovaj projekat pokr\u0161tavanja je o\u010dito nai\u0161ao na prepreku koja se zove dobro organizovana islamska vjeronauka i sada je potrebno razbiti islamsku vjeronauku i posredstvom dokazanih prore\u017eimskih ljudi ugroziti je i uvesti \u201ekao islamsku vjeronauku\u201c koja bi bila u slu\u017ebi re\u017eima, njegovih asimilatorskih i svih drugih prema Bo\u0161njacima-muslimanima neprijateljskih projekata, rekao je Glavni muftija.<\/p>\n<p>Muftija je dalje podsjetio da su svi pozivi na dijalog upu\u0107eni re\u017eimu od strane Islamske zajednice, a i od drugih nacionalnih tijela i institucija nai\u0161li na nerazumijevanje:<\/p>\n<p>\u201eZato se mi moramo okrenuti sebi, rekao je Muftija i dodao, Nisam zabrinut za duhovnost muslimana zato \u0161to su oni pokazali da imaju snage izdr\u017eati, kao \u0161to su izdr\u017eali proteklih stotinu godina. Ja vjerujem da \u0107e ovo doprinijeti homogenizaciji, i vjerskoj i nacionalnoj. Vjerujem da \u0107e ovo skinuti i poslednje zastore sa demago\u0161kih poruka koje nam \u0161alju beogradski saradnici u ime Bo\u0161njaka. Mislim da u ovoj formi sa ovim re\u017eimom ne\u0107e biti mogu\u0107e na\u0107i rje\u0161enja bez definisanja\u00a0 novih odnosa. Sve se ovo doga\u0111a istovremeno sa ovom mu\u010dnom pri\u010dom oko Bo\u0161nja\u010dkog nacionalnog vije\u0107a, i taman se ponadate da je onaj ko je u\u010dinio diskriminaciju spreman da to ispravi, me\u0111utim suo\u010dite se sa namjerom i ambicijom da oni koji su \u010dinili diskriminaciju i taj \u010din diskriminacije \u017eele da pretvore u novi manevarski prostor za nove manipulacije. Diskriminacija je jedno od najte\u017eih krivi\u010dnih djela, i kada se utvrdi da je neko u\u010dinio diskriminaciju, u ovom slu\u010daju po etni\u010dkoj osnovi, taj mora krivi\u010dno da odgovara, a ne da ka\u017ee ministar da \u010dinili smo diskriminaciju i evo zakaza\u0107emo novu konstitutivnu sjednicu, da pravimo ponovo neke nove malverzacije. Onaj ko je u\u010dinio diskriminaciju treba da ide u zatvor, i nije logi\u010dno da ministar i njegovi pomo\u0107nici, koji su po\u010dinili diskriminaciju, dalje budu u ministarstvu za ljudska prava i da oni zakazuju i verifikuju mandate i konstitutivne sjednice sjednice. Nemaju na to pravo a mi smo uvjereni da \u0107e ta nepravda morati da se raskrinka do kraja. Onaj ko je \u010dinio diskriminaciju i time poku\u0161avao sprije\u010diti legalno konstituisanje Bo\u0161nja\u010dkog nacionalnog vije\u0107a, a BNV je konstituisano po onom poslovniku koji je va\u017eio za sve druge Nacionalne savjete. Prema tome \u010demu pri\u010da o novoj konstitutivnoj sjednici u koliko je Bo\u0161nja\u010dko nacionalno vije\u0107e konstituisano po pravilniku koji nije diskriminatorski. Pri\u010da o novoj konstitutivnoj sjednici je pri\u010da o novom prostoru za manipulacije, opstrukcije, ili za eventualno stvaranje prostora za formiranje paralelnog Bo\u0161nja\u010dkog nacionalnog vije\u0107a, \u0161to bi i bilo u maniru ovoga re\u017eima. Ovi potezi koje re\u017eim povla\u010di jesu na \u0161tetu Bo\u0161njaka-muslimana, ali su i na \u0161tetu ove vlasti i ove dr\u017eave. O\u010dito da ovaj re\u017eim nema dr\u017eavni\u010dkog kapaciteta da za\u0161titi interese dr\u017eave koju vodi. Svi projekti koji su do\u0161li sa pozicije Bo\u0161njaka i sa pozicije muslimana, a imali su ambiciju zajedni\u0161tva i integracija opstruisani su.\u201c<\/p>\n<p>Muftija je dalje nabrojao tri projekta koji su bili integristi\u010dki, i koji su bili od interesa za dr\u017eavu Srbiju, a to su objedinjavanje Islamske zajednice, Uspostava Internacionalnog univerziteta i otvaranje odeljenja \u0161irom Srbije, i tre\u0107i projekat, u\u010de\u0161\u0107e Bo\u0161njaka kroz Bo\u0161nja\u010dku kulturnu zajednicu na izborima za formiranje Bo\u0161nja\u010dkog nacionalnog vije\u0107a u Srbiji, sa jasnom ambicijom da se poku\u0161a u okviru postoje\u0107eg pravnog sistema ostvariti prava Bo\u0161njaka. prema Muftijinim rije\u010dima sve ove unitaristi\u010dke projekte predstavnici re\u017eima su opstruirali i svim silama se borili da ih zaustave ili prekinu i uni\u0161te. Poku\u0161ali su otimanje Islamske zajednice formiranjem paravjerske tvorevine. Otvorili su dr\u017eavni univerzitet sa jasnim ciljem da se ugu\u0161i Internacionalni univerzitet, a da bi sprije\u010dio formiranje Bo\u0161nja\u010dkog nacionalnog vije\u0107a re\u017eim je pribjegao direktnoj diskriminaciji koja je i dokazana.<\/p>\n<p>\u201eE gospodo, po\u0161to ne \u017eelite jedinstvenu Islamsku zajednicu na teritoriji cijele Srbije. Po\u0161to opstruirate univerzitetsku mre\u017eu Internacionalnog univerziteta, na teritoriji cijele Srbije. Po\u0161to ne dozvoljavate Bo\u0161nja\u010dko nacionalno vije\u0107e u Srbiji. \u0160ta nam je preostalo? Zar mislite da \u0107emo vas u nedogled ubje\u0111ivati i boriti se za integristi\u010dke projekte, i stalno se dokazivati kako smo lojalni gra\u0111ani ove dr\u017eave. Naravno da ne\u0107emo. Ne pada nam vi\u0161e na pamet. To svakako ne zna\u010di neprijateljstvo prema Srbiji. Mi nemamo ni ideolo\u0161kih ni duhovnih resursa neprijateljstva prema Srbiji, niti prema kome, \u010dak, A pogotovo podvla\u010dim prema srpskom narodu. Jedna od podvala ovog re\u017eima sa \u017eeljom da se sakrije od odgovornosti za svoju diskriminaciju, rasizam i sve druge nepravde prema Bo\u0161njacima jeste kada smo ih god optu\u017eili za to oni su poku\u0161ali da uzvrate kako mi prijetimo da ugrozimo me\u0111unacionalne odnose i da mi imamo ne\u0161to protiv srpskog naroda. Oni \u017eele da se mi stalno pravdamo i da se na\u0161a cjelokupna misija pretvori u dugoro\u010dno pravdanje. Ja i to stalno pravdanje do\u017eivljavam kao diskriminaciju. Na\u0161e djelovanje u proteklih 17 godina je bilo dovoljno da srpski narod shvati, i zadovoljan sam \u0161to je apsolutna ve\u0107ina srpskog naroda to shvatila, a posebno na\u0161i kom\u0161ije ovdje u Novom Pazaru i Sand\u017eaku znaju \u0161ta su na\u0161e poruke srpskome narodu, a \u0161ta su na\u0161e poruke srpskome re\u017eimu. To \u0161to potenciram Bo\u0161njake u ovom trenutku ne zna\u010di da smo promijenili na\u0161 civilizacijski pristup. Nisam pozvan da branim srpske interese i zato ne govorim o srpskim interesima, ali duboko vjerujem da ovo \u0161to \u010dini re\u017eim je veliko zlo za ovu dr\u017eavu, i to ne samo na podru\u010dju Sand\u017eaka, ve\u0107 veliko zlo za ostale dijelove Srbije\u201c rekao je Glavni muftija.<\/p>\n<p>Izvor: <strong>IslamskaZajednica.org<\/strong><\/p>\n","protected":false},"excerpt":{"rendered":"<p>Sjeverni Sand\u017eak &#8211; Povodom odluke Vlade Republike Srbije, koja je donijeta 29. jula, po kojoj je dosada\u0161nja vladina Komisija za vjeronauku smijenjena i imenovana nova, i gdje je sa mjesta \u010dlana Komisije smijenjen prof.dr Mevlud Dudi\u0107, a na njegovo mjesto postavljen Adem Zilki\u0107, glavni muftija Islamske zajednice u Srbiji Muamer-ef. Zukorli\u0107 odr\u017eao je u Velikoj [&hellip;]<\/p>\n","protected":false},"author":83,"featured_media":6882,"comment_status":"open","ping_status":"open","sticky":false,"template":"","format":"standard","meta":{"footnotes":""},"categories":[72,800,52,327,392,393,394],"tags":[],"class_list":{"0":"post-6881","1":"post","2":"type-post","3":"status-publish","4":"format-standard","5":"has-post-thumbnail","7":"category-novi-pazar","8":"category-nacija","9":"category-sjenica","10":"category-tutin","11":"category-prijepolje_","12":"category-priboj","13":"category-nova-varos"},"yoast_head":"<!-- This site is optimized with the Yoast SEO Premium plugin v23.1 (Yoast SEO v24.9) - https:\/\/yoast.com\/wordpress\/plugins\/seo\/ -->\n<title>Srbija muslimanima otima vjeronauku!<\/title>\n<meta name=\"robots\" content=\"index, follow, max-snippet:-1, max-image-preview:large, max-video-preview:-1\" \/>\n<link rel=\"canonical\" href=\"https:\/\/sandzakpress.net\/arhiva\/srbija-muslimanima-otima-vjeronauku\/\" \/>\n<meta property=\"og:locale\" content=\"bs_BA\" \/>\n<meta property=\"og:type\" content=\"article\" \/>\n<meta property=\"og:title\" content=\"Srbija muslimanima otima vjeronauku!\" \/>\n<meta property=\"og:description\" content=\"Sjeverni Sand\u017eak &#8211; Povodom odluke Vlade Republike Srbije, koja je donijeta 29. jula, po kojoj je dosada\u0161nja vladina Komisija za vjeronauku smijenjena i imenovana nova, i gdje je sa mjesta \u010dlana Komisije smijenjen prof.dr Mevlud Dudi\u0107, a na njegovo mjesto postavljen Adem Zilki\u0107, glavni muftija Islamske zajednice u Srbiji Muamer-ef. Zukorli\u0107 odr\u017eao je u Velikoj [&hellip;]\" \/>\n<meta property=\"og:url\" content=\"https:\/\/sandzakpress.net\/arhiva\/srbija-muslimanima-otima-vjeronauku\/\" \/>\n<meta property=\"og:site_name\" content=\"Sand\u017eak PRESS\" \/>\n<meta property=\"article:published_time\" content=\"2010-08-22T14:22:58+00:00\" \/>\n<meta property=\"og:image\" content=\"https:\/\/sandzakpress.net\/arhiva\/wp-content\/uploads\/2010\/08\/konferencija-vjeroucitelji-19.08.2010..jpg\" \/>\n\t<meta property=\"og:image:width\" content=\"500\" \/>\n\t<meta property=\"og:image:height\" content=\"317\" \/>\n\t<meta property=\"og:image:type\" content=\"image\/jpeg\" \/>\n<meta name=\"author\" content=\"bosniak\" \/>\n<meta name=\"twitter:card\" content=\"summary_large_image\" \/>\n<meta name=\"twitter:label1\" content=\"Written by\" \/>\n\t<meta name=\"twitter:data1\" content=\"bosniak\" \/>\n\t<meta name=\"twitter:label2\" content=\"Est. reading time\" \/>\n\t<meta name=\"twitter:data2\" content=\"7 minuta\" \/>\n<script type=\"application\/ld+json\" class=\"yoast-schema-graph\">{\"@context\":\"https:\/\/schema.org\",\"@graph\":[{\"@type\":\"Article\",\"@id\":\"https:\/\/sandzakpress.net\/arhiva\/srbija-muslimanima-otima-vjeronauku\/#article\",\"isPartOf\":{\"@id\":\"https:\/\/sandzakpress.net\/arhiva\/srbija-muslimanima-otima-vjeronauku\/\"},\"author\":{\"name\":\"bosniak\",\"@id\":\"https:\/\/sandzakpress.net\/arhiva\/#\/schema\/person\/c8baee722073534b583ea7bdb2e36c02\"},\"headline\":\"Srbija muslimanima otima vjeronauku!\",\"datePublished\":\"2010-08-22T14:22:58+00:00\",\"mainEntityOfPage\":{\"@id\":\"https:\/\/sandzakpress.net\/arhiva\/srbija-muslimanima-otima-vjeronauku\/\"},\"wordCount\":1449,\"commentCount\":7,\"publisher\":{\"@id\":\"https:\/\/sandzakpress.net\/arhiva\/#\/schema\/person\/6e72b67d6e51910a1117b3b483ba20bd\"},\"image\":{\"@id\":\"https:\/\/sandzakpress.net\/arhiva\/srbija-muslimanima-otima-vjeronauku\/#primaryimage\"},\"thumbnailUrl\":\"https:\/\/sandzakpress.net\/arhiva\/wp-content\/uploads\/2010\/08\/konferencija-vjeroucitelji-19.08.2010..jpg\",\"articleSection\":[\"Novi Pazar\",\"Nacija\",\"Sjenica\",\"Tutin\",\"Prijepolje\",\"Priboj\",\"Nova Varo\u0161\"],\"inLanguage\":\"bs-BA\",\"potentialAction\":[{\"@type\":\"CommentAction\",\"name\":\"Comment\",\"target\":[\"https:\/\/sandzakpress.net\/arhiva\/srbija-muslimanima-otima-vjeronauku\/#respond\"]}]},{\"@type\":\"WebPage\",\"@id\":\"https:\/\/sandzakpress.net\/arhiva\/srbija-muslimanima-otima-vjeronauku\/\",\"url\":\"https:\/\/sandzakpress.net\/arhiva\/srbija-muslimanima-otima-vjeronauku\/\",\"name\":\"Srbija muslimanima otima vjeronauku!\",\"isPartOf\":{\"@id\":\"https:\/\/sandzakpress.net\/arhiva\/#website\"},\"primaryImageOfPage\":{\"@id\":\"https:\/\/sandzakpress.net\/arhiva\/srbija-muslimanima-otima-vjeronauku\/#primaryimage\"},\"image\":{\"@id\":\"https:\/\/sandzakpress.net\/arhiva\/srbija-muslimanima-otima-vjeronauku\/#primaryimage\"},\"thumbnailUrl\":\"https:\/\/sandzakpress.net\/arhiva\/wp-content\/uploads\/2010\/08\/konferencija-vjeroucitelji-19.08.2010..jpg\",\"datePublished\":\"2010-08-22T14:22:58+00:00\",\"breadcrumb\":{\"@id\":\"https:\/\/sandzakpress.net\/arhiva\/srbija-muslimanima-otima-vjeronauku\/#breadcrumb\"},\"inLanguage\":\"bs-BA\",\"potentialAction\":[{\"@type\":\"ReadAction\",\"target\":[\"https:\/\/sandzakpress.net\/arhiva\/srbija-muslimanima-otima-vjeronauku\/\"]}]},{\"@type\":\"ImageObject\",\"inLanguage\":\"bs-BA\",\"@id\":\"https:\/\/sandzakpress.net\/arhiva\/srbija-muslimanima-otima-vjeronauku\/#primaryimage\",\"url\":\"https:\/\/sandzakpress.net\/arhiva\/wp-content\/uploads\/2010\/08\/konferencija-vjeroucitelji-19.08.2010..jpg\",\"contentUrl\":\"https:\/\/sandzakpress.net\/arhiva\/wp-content\/uploads\/2010\/08\/konferencija-vjeroucitelji-19.08.2010..jpg\",\"width\":500,\"height\":317},{\"@type\":\"BreadcrumbList\",\"@id\":\"https:\/\/sandzakpress.net\/arhiva\/srbija-muslimanima-otima-vjeronauku\/#breadcrumb\",\"itemListElement\":[{\"@type\":\"ListItem\",\"position\":1,\"name\":\"Home\",\"item\":\"https:\/\/sandzakpress.net\/arhiva\/\"},{\"@type\":\"ListItem\",\"position\":2,\"name\":\"Srbija muslimanima otima vjeronauku!\"}]},{\"@type\":\"WebSite\",\"@id\":\"https:\/\/sandzakpress.net\/arhiva\/#website\",\"url\":\"https:\/\/sandzakpress.net\/arhiva\/\",\"name\":\"Sand\u017eak PRESS\",\"description\":\"Prve elektronske novine u Sand\u017eaku\",\"publisher\":{\"@id\":\"https:\/\/sandzakpress.net\/arhiva\/#\/schema\/person\/6e72b67d6e51910a1117b3b483ba20bd\"},\"potentialAction\":[{\"@type\":\"SearchAction\",\"target\":{\"@type\":\"EntryPoint\",\"urlTemplate\":\"https:\/\/sandzakpress.net\/arhiva\/?s={search_term_string}\"},\"query-input\":{\"@type\":\"PropertyValueSpecification\",\"valueRequired\":true,\"valueName\":\"search_term_string\"}}],\"inLanguage\":\"bs-BA\"},{\"@type\":[\"Person\",\"Organization\"],\"@id\":\"https:\/\/sandzakpress.net\/arhiva\/#\/schema\/person\/6e72b67d6e51910a1117b3b483ba20bd\",\"name\":\"Kul\",\"image\":{\"@type\":\"ImageObject\",\"inLanguage\":\"bs-BA\",\"@id\":\"https:\/\/sandzakpress.net\/arhiva\/#\/schema\/person\/image\/\",\"url\":\"https:\/\/secure.gravatar.com\/avatar\/42263f39aa27ac04c43cab85c280eb2e?s=96&d=mm&r=pg\",\"contentUrl\":\"https:\/\/secure.gravatar.com\/avatar\/42263f39aa27ac04c43cab85c280eb2e?s=96&d=mm&r=pg\",\"caption\":\"Kul\"},\"logo\":{\"@id\":\"https:\/\/sandzakpress.net\/arhiva\/#\/schema\/person\/image\/\"}},{\"@type\":\"Person\",\"@id\":\"https:\/\/sandzakpress.net\/arhiva\/#\/schema\/person\/c8baee722073534b583ea7bdb2e36c02\",\"name\":\"bosniak\",\"image\":{\"@type\":\"ImageObject\",\"inLanguage\":\"bs-BA\",\"@id\":\"https:\/\/sandzakpress.net\/arhiva\/#\/schema\/person\/image\/\",\"url\":\"https:\/\/secure.gravatar.com\/avatar\/a04fd330bfe3a36a72a0ad4a6d89fca7?s=96&d=mm&r=pg\",\"contentUrl\":\"https:\/\/secure.gravatar.com\/avatar\/a04fd330bfe3a36a72a0ad4a6d89fca7?s=96&d=mm&r=pg\",\"caption\":\"bosniak\"},\"url\":\"https:\/\/sandzakpress.net\/arhiva\/author\/bosniak\/\"}]}<\/script>\n<!-- \/ Yoast SEO Premium plugin. -->","yoast_head_json":{"title":"Srbija muslimanima otima vjeronauku!","robots":{"index":"index","follow":"follow","max-snippet":"max-snippet:-1","max-image-preview":"max-image-preview:large","max-video-preview":"max-video-preview:-1"},"canonical":"https:\/\/sandzakpress.net\/arhiva\/srbija-muslimanima-otima-vjeronauku\/","og_locale":"bs_BA","og_type":"article","og_title":"Srbija muslimanima otima vjeronauku!","og_description":"Sjeverni Sand\u017eak &#8211; Povodom odluke Vlade Republike Srbije, koja je donijeta 29. jula, po kojoj je dosada\u0161nja vladina Komisija za vjeronauku smijenjena i imenovana nova, i gdje je sa mjesta \u010dlana Komisije smijenjen prof.dr Mevlud Dudi\u0107, a na njegovo mjesto postavljen Adem Zilki\u0107, glavni muftija Islamske zajednice u Srbiji Muamer-ef. Zukorli\u0107 odr\u017eao je u Velikoj [&hellip;]","og_url":"https:\/\/sandzakpress.net\/arhiva\/srbija-muslimanima-otima-vjeronauku\/","og_site_name":"Sand\u017eak PRESS","article_published_time":"2010-08-22T14:22:58+00:00","og_image":[{"width":500,"height":317,"url":"https:\/\/sandzakpress.net\/arhiva\/wp-content\/uploads\/2010\/08\/konferencija-vjeroucitelji-19.08.2010..jpg","type":"image\/jpeg"}],"author":"bosniak","twitter_card":"summary_large_image","twitter_misc":{"Written by":"bosniak","Est. reading time":"7 minuta"},"schema":{"@context":"https:\/\/schema.org","@graph":[{"@type":"Article","@id":"https:\/\/sandzakpress.net\/arhiva\/srbija-muslimanima-otima-vjeronauku\/#article","isPartOf":{"@id":"https:\/\/sandzakpress.net\/arhiva\/srbija-muslimanima-otima-vjeronauku\/"},"author":{"name":"bosniak","@id":"https:\/\/sandzakpress.net\/arhiva\/#\/schema\/person\/c8baee722073534b583ea7bdb2e36c02"},"headline":"Srbija muslimanima otima vjeronauku!","datePublished":"2010-08-22T14:22:58+00:00","mainEntityOfPage":{"@id":"https:\/\/sandzakpress.net\/arhiva\/srbija-muslimanima-otima-vjeronauku\/"},"wordCount":1449,"commentCount":7,"publisher":{"@id":"https:\/\/sandzakpress.net\/arhiva\/#\/schema\/person\/6e72b67d6e51910a1117b3b483ba20bd"},"image":{"@id":"https:\/\/sandzakpress.net\/arhiva\/srbija-muslimanima-otima-vjeronauku\/#primaryimage"},"thumbnailUrl":"https:\/\/sandzakpress.net\/arhiva\/wp-content\/uploads\/2010\/08\/konferencija-vjeroucitelji-19.08.2010..jpg","articleSection":["Novi Pazar","Nacija","Sjenica","Tutin","Prijepolje","Priboj","Nova Varo\u0161"],"inLanguage":"bs-BA","potentialAction":[{"@type":"CommentAction","name":"Comment","target":["https:\/\/sandzakpress.net\/arhiva\/srbija-muslimanima-otima-vjeronauku\/#respond"]}]},{"@type":"WebPage","@id":"https:\/\/sandzakpress.net\/arhiva\/srbija-muslimanima-otima-vjeronauku\/","url":"https:\/\/sandzakpress.net\/arhiva\/srbija-muslimanima-otima-vjeronauku\/","name":"Srbija muslimanima otima vjeronauku!","isPartOf":{"@id":"https:\/\/sandzakpress.net\/arhiva\/#website"},"primaryImageOfPage":{"@id":"https:\/\/sandzakpress.net\/arhiva\/srbija-muslimanima-otima-vjeronauku\/#primaryimage"},"image":{"@id":"https:\/\/sandzakpress.net\/arhiva\/srbija-muslimanima-otima-vjeronauku\/#primaryimage"},"thumbnailUrl":"https:\/\/sandzakpress.net\/arhiva\/wp-content\/uploads\/2010\/08\/konferencija-vjeroucitelji-19.08.2010..jpg","datePublished":"2010-08-22T14:22:58+00:00","breadcrumb":{"@id":"https:\/\/sandzakpress.net\/arhiva\/srbija-muslimanima-otima-vjeronauku\/#breadcrumb"},"inLanguage":"bs-BA","potentialAction":[{"@type":"ReadAction","target":["https:\/\/sandzakpress.net\/arhiva\/srbija-muslimanima-otima-vjeronauku\/"]}]},{"@type":"ImageObject","inLanguage":"bs-BA","@id":"https:\/\/sandzakpress.net\/arhiva\/srbija-muslimanima-otima-vjeronauku\/#primaryimage","url":"https:\/\/sandzakpress.net\/arhiva\/wp-content\/uploads\/2010\/08\/konferencija-vjeroucitelji-19.08.2010..jpg","contentUrl":"https:\/\/sandzakpress.net\/arhiva\/wp-content\/uploads\/2010\/08\/konferencija-vjeroucitelji-19.08.2010..jpg","width":500,"height":317},{"@type":"BreadcrumbList","@id":"https:\/\/sandzakpress.net\/arhiva\/srbija-muslimanima-otima-vjeronauku\/#breadcrumb","itemListElement":[{"@type":"ListItem","position":1,"name":"Home","item":"https:\/\/sandzakpress.net\/arhiva\/"},{"@type":"ListItem","position":2,"name":"Srbija muslimanima otima vjeronauku!"}]},{"@type":"WebSite","@id":"https:\/\/sandzakpress.net\/arhiva\/#website","url":"https:\/\/sandzakpress.net\/arhiva\/","name":"Sand\u017eak PRESS","description":"Prve elektronske novine u Sand\u017eaku","publisher":{"@id":"https:\/\/sandzakpress.net\/arhiva\/#\/schema\/person\/6e72b67d6e51910a1117b3b483ba20bd"},"potentialAction":[{"@type":"SearchAction","target":{"@type":"EntryPoint","urlTemplate":"https:\/\/sandzakpress.net\/arhiva\/?s={search_term_string}"},"query-input":{"@type":"PropertyValueSpecification","valueRequired":true,"valueName":"search_term_string"}}],"inLanguage":"bs-BA"},{"@type":["Person","Organization"],"@id":"https:\/\/sandzakpress.net\/arhiva\/#\/schema\/person\/6e72b67d6e51910a1117b3b483ba20bd","name":"Kul","image":{"@type":"ImageObject","inLanguage":"bs-BA","@id":"https:\/\/sandzakpress.net\/arhiva\/#\/schema\/person\/image\/","url":"https:\/\/secure.gravatar.com\/avatar\/42263f39aa27ac04c43cab85c280eb2e?s=96&d=mm&r=pg","contentUrl":"https:\/\/secure.gravatar.com\/avatar\/42263f39aa27ac04c43cab85c280eb2e?s=96&d=mm&r=pg","caption":"Kul"},"logo":{"@id":"https:\/\/sandzakpress.net\/arhiva\/#\/schema\/person\/image\/"}},{"@type":"Person","@id":"https:\/\/sandzakpress.net\/arhiva\/#\/schema\/person\/c8baee722073534b583ea7bdb2e36c02","name":"bosniak","image":{"@type":"ImageObject","inLanguage":"bs-BA","@id":"https:\/\/sandzakpress.net\/arhiva\/#\/schema\/person\/image\/","url":"https:\/\/secure.gravatar.com\/avatar\/a04fd330bfe3a36a72a0ad4a6d89fca7?s=96&d=mm&r=pg","contentUrl":"https:\/\/secure.gravatar.com\/avatar\/a04fd330bfe3a36a72a0ad4a6d89fca7?s=96&d=mm&r=pg","caption":"bosniak"},"url":"https:\/\/sandzakpress.net\/arhiva\/author\/bosniak\/"}]}},"_links":{"self":[{"href":"https:\/\/sandzakpress.net\/arhiva\/wp-json\/wp\/v2\/posts\/6881"}],"collection":[{"href":"https:\/\/sandzakpress.net\/arhiva\/wp-json\/wp\/v2\/posts"}],"about":[{"href":"https:\/\/sandzakpress.net\/arhiva\/wp-json\/wp\/v2\/types\/post"}],"author":[{"embeddable":true,"href":"https:\/\/sandzakpress.net\/arhiva\/wp-json\/wp\/v2\/users\/83"}],"replies":[{"embeddable":true,"href":"https:\/\/sandzakpress.net\/arhiva\/wp-json\/wp\/v2\/comments?post=6881"}],"version-history":[{"count":0,"href":"https:\/\/sandzakpress.net\/arhiva\/wp-json\/wp\/v2\/posts\/6881\/revisions"}],"wp:featuredmedia":[{"embeddable":true,"href":"https:\/\/sandzakpress.net\/arhiva\/wp-json\/wp\/v2\/media\/6882"}],"wp:attachment":[{"href":"https:\/\/sandzakpress.net\/arhiva\/wp-json\/wp\/v2\/media?parent=6881"}],"wp:term":[{"taxonomy":"category","embeddable":true,"href":"https:\/\/sandzakpress.net\/arhiva\/wp-json\/wp\/v2\/categories?post=6881"},{"taxonomy":"post_tag","embeddable":true,"href":"https:\/\/sandzakpress.net\/arhiva\/wp-json\/wp\/v2\/tags?post=6881"}],"curies":[{"name":"wp","href":"https:\/\/api.w.org\/{rel}","templated":true}]}}